{"id":10076,"date":"2021-08-16T14:52:28","date_gmt":"2021-08-16T14:52:28","guid":{"rendered":"https:\/\/www.africa-press.net\/niger\/?p=10076"},"modified":"2021-08-16T21:27:01","modified_gmt":"2021-08-16T21:27:01","slug":"le-president-de-lassemblee-nationale-du-niger-recoit-une-delegation-du-haut-conseil-des-nigeriens-au-togo","status":"publish","type":"post","link":"https:\/\/www.africa-press.net\/niger\/politique\/le-president-de-lassemblee-nationale-du-niger-recoit-une-delegation-du-haut-conseil-des-nigeriens-au-togo","title":{"rendered":"Le Pr\u00e9sident de l\u2019Assembl\u00e9e Nationale du Niger re\u00e7oit une d\u00e9l\u00e9gation du Haut Conseil des Nig\u00e9riens au Togo"},"content":{"rendered":"<p><span style=\"color: #ff6600\"><strong><a href=\"https:\/\/www.africa-press.net\/\">Africa-Press<\/a> &#8211; <a href=\"https:\/\/www.africa-press.net\/niger\">Niger<\/a>. <\/strong><\/span>Le Pr\u00e9sident de l\u2019Assembl\u00e9e Nationale du Niger, M. SEINI OUMAROU, a re\u00e7u, ce lundi 16 Ao\u00fbt 2021 \u00e0 son Cabinet en fin de matin\u00e9e, une d\u00e9l\u00e9gation du Haut Conseil des Nig\u00e9riens au Togo, conduite par son Secr\u00e9taire G\u00e9n\u00e9ral, M. Nouhou Aboubacar.<\/p>\n<p>A leur sortie d\u2019audience, M. Nouhou Aboubacar a d\u00e9clar\u00e9 \u00e0 la presse qu\u2019ils sont venus \u00ab r\u00e9it\u00e9rer au Pr\u00e9sident de l\u2019Assembl\u00e9e Nationale toute notre disponibilit\u00e9 \u00e0 accompagner les autorit\u00e9s du Niger dans leurs actions salvatrices de faire de notre pays le Niger, un pays de paix et de s\u00e9curit\u00e9 \u00bb.<\/p>\n<p>\u00ab Nous avons aussi \u00e9voqu\u00e9 le motif de notre d\u00e9placement \u00e0 Niamey qui est le don de 105 tonnes de riz d\u2019une valeur de plus de 40 millions de FCFA \u00e0 repartir dans les zones d\u2019ins\u00e9curit\u00e9, notamment dans les r\u00e9gions de Diffa, Tillab\u00e9ry et Tahoua, victimes des barbaries des terroristes sans foi ni loi \u00bb, a ajout\u00e9 M. Nouhou.<\/p>\n<p>Le SG du Haut Conseil des Nig\u00e9riens au Togo a enfin expliqu\u00e9 qu\u2019ils ont \u00e9galement discut\u00e9 avec M. SEINI OUMAROU de la situation de leurs activit\u00e9s et de la scolarit\u00e9 de leurs enfants n\u00e9es au Togo.<\/p>\n<p>&nbsp;<\/p>\n","protected":false},"excerpt":{"rendered":"<p>Africa-Press &#8211; Niger. Le Pr\u00e9sident de l\u2019Assembl\u00e9e Nationale du Niger, M. SEINI OUMAROU, a re\u00e7u, ce lundi 16 Ao\u00fbt 2021 \u00e0 son Cabinet en fin de matin\u00e9e, une d\u00e9l\u00e9gation du Haut Conseil des Nig\u00e9riens au Togo, conduite par son Secr\u00e9taire G\u00e9n\u00e9ral, M. Nouhou Aboubacar. A leur sortie d\u2019audience, M. Nouhou Aboubacar a d\u00e9clar\u00e9 \u00e0 la [&hellip;]<\/p>\n","protected":false},"author":82,"featured_media":10075,"comment_status":"open","ping_status":"closed","sticky":false,"template":"","format":"standard","meta":{"footnotes":""},"categories":[11,2,20,10],"tags":[55,60,29],"class_list":["post-10076","post","type-post","status-publish","format-standard","has-post-thumbnail","hentry","category-homepage-french","category-politique","category-top-nouvelles","category-toutes-les-actualites","tag-africa-press","tag-africa-press-niger","tag-niger"],"yoast_head":"<!-- This site is optimized with the Yoast SEO Premium plugin v26.1 (Yoast SEO v27.0) - https:\/\/yoast.com\/product\/yoast-seo-premium-wordpress\/ -->\n<title>Le Pr\u00e9sident de l\u2019Assembl\u00e9e Nationale du Niger re\u00e7oit une d\u00e9l\u00e9gation du Haut Conseil des Nig\u00e9riens au Togo - niger<\/title>\n<meta name=\"description\" content=\", 16 Ao\u00fbt (ANP) - Le Pr\u00e9sident de l\u2019Assembl\u00e9e Nationale du Niger, M. SEINI OUMAROU, a re\u00e7u, ce lundi 16 Ao\u00fbt 2021 \u00e0 son ...\" \/>\n<meta name=\"robots\" content=\"index, follow, max-snippet:-1, max-image-preview:large, max-video-preview:-1\" \/>\n<link rel=\"canonical\" href=\"https:\/\/www.africa-press.net\/niger\/politique\/le-president-de-lassemblee-nationale-du-niger-recoit-une-delegation-du-haut-conseil-des-nigeriens-au-togo\" \/>\n<meta property=\"og:locale\" content=\"fr_FR\" \/>\n<meta property=\"og:type\" content=\"article\" \/>\n<meta property=\"og:title\" content=\"Le Pr\u00e9sident de l\u2019Assembl\u00e9e Nationale du Niger re\u00e7oit une d\u00e9l\u00e9gation du Haut Conseil des Nig\u00e9riens au Togo\" \/>\n<meta property=\"og:description\" content=\", 16 Ao\u00fbt (ANP) - Le Pr\u00e9sident de l\u2019Assembl\u00e9e Nationale du Niger, M. SEINI OUMAROU, a re\u00e7u, ce lundi 16 Ao\u00fbt 2021 \u00e0 son ...\" \/>\n<meta property=\"og:url\" content=\"https:\/\/www.africa-press.net\/niger\/politique\/le-president-de-lassemblee-nationale-du-niger-recoit-une-delegation-du-haut-conseil-des-nigeriens-au-togo\" \/>\n<meta property=\"og:site_name\" content=\"niger\" \/>\n<meta property=\"article:published_time\" content=\"2021-08-16T14:52:28+00:00\" \/>\n<meta property=\"article:modified_time\" content=\"2021-08-16T21:27:01+00:00\" \/>\n<meta property=\"og:image\" content=\"https:\/\/static.africa-press.net\/niger\/sites\/40\/2021\/08\/img-611a70d68a1bf.jpg\" \/>\n\t<meta property=\"og:image:width\" content=\"1000\" \/>\n\t<meta property=\"og:image:height\" content=\"666\" \/>\n\t<meta property=\"og:image:type\" content=\"image\/jpeg\" \/>\n<meta name=\"author\" content=\"cfeditorfr\" \/>\n<meta name=\"twitter:card\" content=\"summary_large_image\" \/>\n<meta name=\"twitter:label1\" content=\"\u00c9crit par\" \/>\n\t<meta name=\"twitter:data1\" content=\"cfeditorfr\" \/>\n\t<meta name=\"twitter:label2\" content=\"Dur\u00e9e de lecture estim\u00e9e\" \/>\n\t<meta name=\"twitter:data2\" content=\"1 minute\" \/>\n<script type=\"application\/ld+json\" class=\"yoast-schema-graph\">{\"@context\":\"https:\/\/schema.org\",\"@graph\":[{\"@type\":\"Article\",\"@id\":\"https:\/\/www.africa-press.net\/niger\/politique\/le-president-de-lassemblee-nationale-du-niger-recoit-une-delegation-du-haut-conseil-des-nigeriens-au-togo#article\",\"isPartOf\":{\"@id\":\"https:\/\/www.africa-press.net\/niger\/politique\/le-president-de-lassemblee-nationale-du-niger-recoit-une-delegation-du-haut-conseil-des-nigeriens-au-togo\"},\"author\":{\"name\":\"cfeditorfr\",\"@id\":\"https:\/\/www.africa-press.net\/niger\/#\/schema\/person\/2b1cf3cd81a31e3cd26889ca66d677f1\"},\"headline\":\"Le Pr\u00e9sident de l\u2019Assembl\u00e9e Nationale du Niger re\u00e7oit une d\u00e9l\u00e9gation du Haut Conseil des Nig\u00e9riens au Togo\",\"datePublished\":\"2021-08-16T14:52:28+00:00\",\"dateModified\":\"2021-08-16T21:27:01+00:00\",\"mainEntityOfPage\":{\"@id\":\"https:\/\/www.africa-press.net\/niger\/politique\/le-president-de-lassemblee-nationale-du-niger-recoit-une-delegation-du-haut-conseil-des-nigeriens-au-togo\"},\"wordCount\":233,\"commentCount\":0,\"image\":{\"@id\":\"https:\/\/www.africa-press.net\/niger\/politique\/le-president-de-lassemblee-nationale-du-niger-recoit-une-delegation-du-haut-conseil-des-nigeriens-au-togo#primaryimage\"},\"thumbnailUrl\":\"https:\/\/static.africa-press.net\/niger\/sites\/40\/2021\/08\/img-611a70d68a1bf.jpg\",\"keywords\":[\"Africa Press\",\"Africa Press-Niger\",\"Niger\"],\"articleSection\":[\"homepage-french\",\"Politique\",\"Top Nouvelles\",\"Toutes les actualit\u00e9s\"],\"inLanguage\":\"fr-FR\",\"potentialAction\":[{\"@type\":\"CommentAction\",\"name\":\"Comment\",\"target\":[\"https:\/\/www.africa-press.net\/niger\/politique\/le-president-de-lassemblee-nationale-du-niger-recoit-une-delegation-du-haut-conseil-des-nigeriens-au-togo#respond\"]}]},{\"@type\":\"WebPage\",\"@id\":\"https:\/\/www.africa-press.net\/niger\/politique\/le-president-de-lassemblee-nationale-du-niger-recoit-une-delegation-du-haut-conseil-des-nigeriens-au-togo\",\"url\":\"https:\/\/www.africa-press.net\/niger\/politique\/le-president-de-lassemblee-nationale-du-niger-recoit-une-delegation-du-haut-conseil-des-nigeriens-au-togo\",\"name\":\"Le Pr\u00e9sident de l\u2019Assembl\u00e9e Nationale du Niger re\u00e7oit une d\u00e9l\u00e9gation du Haut Conseil des Nig\u00e9riens au Togo - niger\",\"isPartOf\":{\"@id\":\"https:\/\/www.africa-press.net\/niger\/#website\"},\"primaryImageOfPage\":{\"@id\":\"https:\/\/www.africa-press.net\/niger\/politique\/le-president-de-lassemblee-nationale-du-niger-recoit-une-delegation-du-haut-conseil-des-nigeriens-au-togo#primaryimage\"},\"image\":{\"@id\":\"https:\/\/www.africa-press.net\/niger\/politique\/le-president-de-lassemblee-nationale-du-niger-recoit-une-delegation-du-haut-conseil-des-nigeriens-au-togo#primaryimage\"},\"thumbnailUrl\":\"https:\/\/static.africa-press.net\/niger\/sites\/40\/2021\/08\/img-611a70d68a1bf.jpg\",\"datePublished\":\"2021-08-16T14:52:28+00:00\",\"dateModified\":\"2021-08-16T21:27:01+00:00\",\"author\":{\"@id\":\"https:\/\/www.africa-press.net\/niger\/#\/schema\/person\/2b1cf3cd81a31e3cd26889ca66d677f1\"},\"description\":\", 16 Ao\u00fbt (ANP) - Le Pr\u00e9sident de l\u2019Assembl\u00e9e Nationale du Niger, M. SEINI OUMAROU, a re\u00e7u, ce lundi 16 Ao\u00fbt 2021 \u00e0 son ...\",\"breadcrumb\":{\"@id\":\"https:\/\/www.africa-press.net\/niger\/politique\/le-president-de-lassemblee-nationale-du-niger-recoit-une-delegation-du-haut-conseil-des-nigeriens-au-togo#breadcrumb\"},\"inLanguage\":\"fr-FR\",\"potentialAction\":[{\"@type\":\"ReadAction\",\"target\":[\"https:\/\/www.africa-press.net\/niger\/politique\/le-president-de-lassemblee-nationale-du-niger-recoit-une-delegation-du-haut-conseil-des-nigeriens-au-togo\"]}]},{\"@type\":\"ImageObject\",\"inLanguage\":\"fr-FR\",\"@id\":\"https:\/\/www.africa-press.net\/niger\/politique\/le-president-de-lassemblee-nationale-du-niger-recoit-une-delegation-du-haut-conseil-des-nigeriens-au-togo#primaryimage\",\"url\":\"https:\/\/static.africa-press.net\/niger\/sites\/40\/2021\/08\/img-611a70d68a1bf.jpg\",\"contentUrl\":\"https:\/\/static.africa-press.net\/niger\/sites\/40\/2021\/08\/img-611a70d68a1bf.jpg\",\"width\":1000,\"height\":666,\"caption\":\"Le Pr\u00e9sident de l\u2019Assembl\u00e9e Nationale du Niger re\u00e7oit une d\u00e9l\u00e9gation du Haut Conseil des Nig\u00e9riens au Togo\"},{\"@type\":\"BreadcrumbList\",\"@id\":\"https:\/\/www.africa-press.net\/niger\/politique\/le-president-de-lassemblee-nationale-du-niger-recoit-une-delegation-du-haut-conseil-des-nigeriens-au-togo#breadcrumb\",\"itemListElement\":[{\"@type\":\"ListItem\",\"position\":1,\"name\":\"Accueil\",\"item\":\"https:\/\/www.africa-press.net\/niger\/\"},{\"@type\":\"ListItem\",\"position\":2,\"name\":\"Le Pr\u00e9sident de l\u2019Assembl\u00e9e Nationale du Niger re\u00e7oit une d\u00e9l\u00e9gation du Haut Conseil des Nig\u00e9riens au Togo\"}]},{\"@type\":\"WebSite\",\"@id\":\"https:\/\/www.africa-press.net\/niger\/#website\",\"url\":\"https:\/\/www.africa-press.net\/niger\/\",\"name\":\"niger\",\"description\":\"Just another Africa News Agency Sites site\",\"potentialAction\":[{\"@type\":\"SearchAction\",\"target\":{\"@type\":\"EntryPoint\",\"urlTemplate\":\"https:\/\/www.africa-press.net\/niger\/?s={search_term_string}\"},\"query-input\":{\"@type\":\"PropertyValueSpecification\",\"valueRequired\":true,\"valueName\":\"search_term_string\"}}],\"inLanguage\":\"fr-FR\"},{\"@type\":\"Person\",\"@id\":\"https:\/\/www.africa-press.net\/niger\/#\/schema\/person\/2b1cf3cd81a31e3cd26889ca66d677f1\",\"name\":\"cfeditorfr\"}]}<\/script>\n<!-- \/ Yoast SEO Premium plugin. -->","yoast_head_json":{"title":"Le Pr\u00e9sident de l\u2019Assembl\u00e9e Nationale du Niger re\u00e7oit une d\u00e9l\u00e9gation du Haut Conseil des Nig\u00e9riens au Togo - niger","description":", 16 Ao\u00fbt (ANP) - Le Pr\u00e9sident de l\u2019Assembl\u00e9e Nationale du Niger, M. SEINI OUMAROU, a re\u00e7u, ce lundi 16 Ao\u00fbt 2021 \u00e0 son ...","robots":{"index":"index","follow":"follow","max-snippet":"max-snippet:-1","max-image-preview":"max-image-preview:large","max-video-preview":"max-video-preview:-1"},"canonical":"https:\/\/www.africa-press.net\/niger\/politique\/le-president-de-lassemblee-nationale-du-niger-recoit-une-delegation-du-haut-conseil-des-nigeriens-au-togo","og_locale":"fr_FR","og_type":"article","og_title":"Le Pr\u00e9sident de l\u2019Assembl\u00e9e Nationale du Niger re\u00e7oit une d\u00e9l\u00e9gation du Haut Conseil des Nig\u00e9riens au Togo","og_description":", 16 Ao\u00fbt (ANP) - Le Pr\u00e9sident de l\u2019Assembl\u00e9e Nationale du Niger, M. SEINI OUMAROU, a re\u00e7u, ce lundi 16 Ao\u00fbt 2021 \u00e0 son ...","og_url":"https:\/\/www.africa-press.net\/niger\/politique\/le-president-de-lassemblee-nationale-du-niger-recoit-une-delegation-du-haut-conseil-des-nigeriens-au-togo","og_site_name":"niger","article_published_time":"2021-08-16T14:52:28+00:00","article_modified_time":"2021-08-16T21:27:01+00:00","og_image":[{"width":1000,"height":666,"url":"https:\/\/static.africa-press.net\/niger\/sites\/40\/2021\/08\/img-611a70d68a1bf.jpg","type":"image\/jpeg"}],"author":"cfeditorfr","twitter_card":"summary_large_image","twitter_misc":{"\u00c9crit par":"cfeditorfr","Dur\u00e9e de lecture estim\u00e9e":"1 minute"},"schema":{"@context":"https:\/\/schema.org","@graph":[{"@type":"Article","@id":"https:\/\/www.africa-press.net\/niger\/politique\/le-president-de-lassemblee-nationale-du-niger-recoit-une-delegation-du-haut-conseil-des-nigeriens-au-togo#article","isPartOf":{"@id":"https:\/\/www.africa-press.net\/niger\/politique\/le-president-de-lassemblee-nationale-du-niger-recoit-une-delegation-du-haut-conseil-des-nigeriens-au-togo"},"author":{"name":"cfeditorfr","@id":"https:\/\/www.africa-press.net\/niger\/#\/schema\/person\/2b1cf3cd81a31e3cd26889ca66d677f1"},"headline":"Le Pr\u00e9sident de l\u2019Assembl\u00e9e Nationale du Niger re\u00e7oit une d\u00e9l\u00e9gation du Haut Conseil des Nig\u00e9riens au Togo","datePublished":"2021-08-16T14:52:28+00:00","dateModified":"2021-08-16T21:27:01+00:00","mainEntityOfPage":{"@id":"https:\/\/www.africa-press.net\/niger\/politique\/le-president-de-lassemblee-nationale-du-niger-recoit-une-delegation-du-haut-conseil-des-nigeriens-au-togo"},"wordCount":233,"commentCount":0,"image":{"@id":"https:\/\/www.africa-press.net\/niger\/politique\/le-president-de-lassemblee-nationale-du-niger-recoit-une-delegation-du-haut-conseil-des-nigeriens-au-togo#primaryimage"},"thumbnailUrl":"https:\/\/static.africa-press.net\/niger\/sites\/40\/2021\/08\/img-611a70d68a1bf.jpg","keywords":["Africa Press","Africa Press-Niger","Niger"],"articleSection":["homepage-french","Politique","Top Nouvelles","Toutes les actualit\u00e9s"],"inLanguage":"fr-FR","potentialAction":[{"@type":"CommentAction","name":"Comment","target":["https:\/\/www.africa-press.net\/niger\/politique\/le-president-de-lassemblee-nationale-du-niger-recoit-une-delegation-du-haut-conseil-des-nigeriens-au-togo#respond"]}]},{"@type":"WebPage","@id":"https:\/\/www.africa-press.net\/niger\/politique\/le-president-de-lassemblee-nationale-du-niger-recoit-une-delegation-du-haut-conseil-des-nigeriens-au-togo","url":"https:\/\/www.africa-press.net\/niger\/politique\/le-president-de-lassemblee-nationale-du-niger-recoit-une-delegation-du-haut-conseil-des-nigeriens-au-togo","name":"Le Pr\u00e9sident de l\u2019Assembl\u00e9e Nationale du Niger re\u00e7oit une d\u00e9l\u00e9gation du Haut Conseil des Nig\u00e9riens au Togo - niger","isPartOf":{"@id":"https:\/\/www.africa-press.net\/niger\/#website"},"primaryImageOfPage":{"@id":"https:\/\/www.africa-press.net\/niger\/politique\/le-president-de-lassemblee-nationale-du-niger-recoit-une-delegation-du-haut-conseil-des-nigeriens-au-togo#primaryimage"},"image":{"@id":"https:\/\/www.africa-press.net\/niger\/politique\/le-president-de-lassemblee-nationale-du-niger-recoit-une-delegation-du-haut-conseil-des-nigeriens-au-togo#primaryimage"},"thumbnailUrl":"https:\/\/static.africa-press.net\/niger\/sites\/40\/2021\/08\/img-611a70d68a1bf.jpg","datePublished":"2021-08-16T14:52:28+00:00","dateModified":"2021-08-16T21:27:01+00:00","author":{"@id":"https:\/\/www.africa-press.net\/niger\/#\/schema\/person\/2b1cf3cd81a31e3cd26889ca66d677f1"},"description":", 16 Ao\u00fbt (ANP) - Le Pr\u00e9sident de l\u2019Assembl\u00e9e Nationale du Niger, M. SEINI OUMAROU, a re\u00e7u, ce lundi 16 Ao\u00fbt 2021 \u00e0 son ...","breadcrumb":{"@id":"https:\/\/www.africa-press.net\/niger\/politique\/le-president-de-lassemblee-nationale-du-niger-recoit-une-delegation-du-haut-conseil-des-nigeriens-au-togo#breadcrumb"},"inLanguage":"fr-FR","potentialAction":[{"@type":"ReadAction","target":["https:\/\/www.africa-press.net\/niger\/politique\/le-president-de-lassemblee-nationale-du-niger-recoit-une-delegation-du-haut-conseil-des-nigeriens-au-togo"]}]},{"@type":"ImageObject","inLanguage":"fr-FR","@id":"https:\/\/www.africa-press.net\/niger\/politique\/le-president-de-lassemblee-nationale-du-niger-recoit-une-delegation-du-haut-conseil-des-nigeriens-au-togo#primaryimage","url":"https:\/\/static.africa-press.net\/niger\/sites\/40\/2021\/08\/img-611a70d68a1bf.jpg","contentUrl":"https:\/\/static.africa-press.net\/niger\/sites\/40\/2021\/08\/img-611a70d68a1bf.jpg","width":1000,"height":666,"caption":"Le Pr\u00e9sident de l\u2019Assembl\u00e9e Nationale du Niger re\u00e7oit une d\u00e9l\u00e9gation du Haut Conseil des Nig\u00e9riens au Togo"},{"@type":"BreadcrumbList","@id":"https:\/\/www.africa-press.net\/niger\/politique\/le-president-de-lassemblee-nationale-du-niger-recoit-une-delegation-du-haut-conseil-des-nigeriens-au-togo#breadcrumb","itemListElement":[{"@type":"ListItem","position":1,"name":"Accueil","item":"https:\/\/www.africa-press.net\/niger\/"},{"@type":"ListItem","position":2,"name":"Le Pr\u00e9sident de l\u2019Assembl\u00e9e Nationale du Niger re\u00e7oit une d\u00e9l\u00e9gation du Haut Conseil des Nig\u00e9riens au Togo"}]},{"@type":"WebSite","@id":"https:\/\/www.africa-press.net\/niger\/#website","url":"https:\/\/www.africa-press.net\/niger\/","name":"niger","description":"Just another Africa News Agency Sites site","potentialAction":[{"@type":"SearchAction","target":{"@type":"EntryPoint","urlTemplate":"https:\/\/www.africa-press.net\/niger\/?s={search_term_string}"},"query-input":{"@type":"PropertyValueSpecification","valueRequired":true,"valueName":"search_term_string"}}],"inLanguage":"fr-FR"},{"@type":"Person","@id":"https:\/\/www.africa-press.net\/niger\/#\/schema\/person\/2b1cf3cd81a31e3cd26889ca66d677f1","name":"cfeditorfr"}]}},"_links":{"self":[{"href":"https:\/\/www.africa-press.net\/niger\/wp-json\/wp\/v2\/posts\/10076","targetHints":{"allow":["GET"]}}],"collection":[{"href":"https:\/\/www.africa-press.net\/niger\/wp-json\/wp\/v2\/posts"}],"about":[{"href":"https:\/\/www.africa-press.net\/niger\/wp-json\/wp\/v2\/types\/post"}],"author":[{"embeddable":true,"href":"https:\/\/www.africa-press.net\/niger\/wp-json\/wp\/v2\/users\/82"}],"replies":[{"embeddable":true,"href":"https:\/\/www.africa-press.net\/niger\/wp-json\/wp\/v2\/comments?post=10076"}],"version-history":[{"count":0,"href":"https:\/\/www.africa-press.net\/niger\/wp-json\/wp\/v2\/posts\/10076\/revisions"}],"wp:featuredmedia":[{"embeddable":true,"href":"https:\/\/www.africa-press.net\/niger\/wp-json\/wp\/v2\/media\/10075"}],"wp:attachment":[{"href":"https:\/\/www.africa-press.net\/niger\/wp-json\/wp\/v2\/media?parent=10076"}],"wp:term":[{"taxonomy":"category","embeddable":true,"href":"https:\/\/www.africa-press.net\/niger\/wp-json\/wp\/v2\/categories?post=10076"},{"taxonomy":"post_tag","embeddable":true,"href":"https:\/\/www.africa-press.net\/niger\/wp-json\/wp\/v2\/tags?post=10076"}],"curies":[{"name":"wp","href":"https:\/\/api.w.org\/{rel}","templated":true}]}}