{"id":10088,"date":"2021-08-16T16:22:22","date_gmt":"2021-08-16T16:22:22","guid":{"rendered":"https:\/\/www.africa-press.net\/niger\/?p=10088"},"modified":"2021-08-16T21:27:42","modified_gmt":"2021-08-16T21:27:42","slug":"27eme-congres-postal-universel-a-abidjan-en-cote-divoire-une-delegation-du-niger-conduite-par-le-ministre-hassane-baraze-moussa-y-prend-part","status":"publish","type":"post","link":"https:\/\/www.africa-press.net\/niger\/culture-et-art\/27eme-congres-postal-universel-a-abidjan-en-cote-divoire-une-delegation-du-niger-conduite-par-le-ministre-hassane-baraze-moussa-y-prend-part","title":{"rendered":"27\u00e8me Congr\u00e8s Postal Universel \u00e0 Abidjan, en C\u00f4te d\u2019Ivoire : Une d\u00e9l\u00e9gation du Niger conduite par le ministre Hassane Baraz\u00e9 Moussa y prend part"},"content":{"rendered":"<p><span style=\"color: #ff6600\"><strong><a href=\"https:\/\/www.africa-press.net\/\">Africa-Press<\/a> &#8211; <a href=\"https:\/\/www.africa-press.net\/niger\">Niger<\/a>. <\/strong><\/span>Le ministre de la Poste et des Nouvelles Technologies de l\u2019Information, M. Moussa Hassane Baraz\u00e9, prend part depuis lundi au 27\u00e8me Congr\u00e8s Postal Universel qui se tient \u00e0 Abidjan, en C\u00f4te d\u2019Ivoire, du 9 au 27 Ao\u00fbt 2021. Il est accompagn\u00e9 dans ce d\u00e9placement de la pr\u00e9sidente du Conseil de R\u00e9gulation des Communications Electroniques Madame Bety Aichatou Habibou Oumani, du Directeur G\u00e9n\u00e9ral de l\u2019ARCEP, M. Hachimou Hassane, du Directeur G\u00e9n\u00e9ral de Niger Poste, M. Idrissa Kan\u00e9 et du Conseiller Techniquedu Ministre de la Poste et des Nouvelles technologies de l\u2019Information, M. Abdoul Karim Soumaila. Ce congr\u00e8s qui est plac\u00e9 sous le th\u00e8me \u00abDigitalisation des services postaux et le d\u00e9veloppement de l\u2019e-commerce\u00bb a pour objectif de d\u00e9battre de l\u2019avenir du secteur postal.<\/p>\n<p>Cet \u00e9v\u00e9nement majeur pour la communaut\u00e9 postale mondiale r\u00e9unit des repr\u00e9sentants de gouvernements, op\u00e9rateurs d\u00e9sign\u00e9s, r\u00e9gulateurs et unions restreintes des Pays-membres de l\u2019Union Postale Universelle, ainsi que des responsables d\u2019organisations onusiennes et internationales.Par la tenue de ce congr\u00e8s en Afrique, c\u2019est une grande marque de confiance que la communaut\u00e9 postale mondiale place en la C\u00f4te d\u2019Ivoire, et au-del\u00e0 en toute l\u2019Afrique, qui accueille ainsi son deuxi\u00e8me congr\u00e8s, apr\u00e8s celui tenu en Egypte, au Caire, en 1934.<\/p>\n<p>En marge de ce congr\u00e8s, le ministre de la Poste et des Nouvelles Technologies de l\u2019Information, M. Hassane Baraz\u00e9 Moussa, a pr\u00e9sid\u00e9, le mercredi 11 Ao\u00fbt 2021, la Conf\u00e9rence des ministres des Postes des Etats de l\u2019Afrique de l\u2019Ouest (CPEAO) en sa qualit\u00e9 de pr\u00e9sident de ladite conf\u00e9rence.Plusieurs points \u00e9taient inscrits \u00e0 l\u2019ordre du jour de la conf\u00e9rence de la CPEAO \u00e0 savoir la situation financi\u00e8re de l\u2019institution, l\u2019accord du si\u00e8ge avec le Nigeria, l\u2019adoption du r\u00e8glement int\u00e9rieur du Conseil des ministres de la CPEAO et certains textes r\u00e9gissant le fonctionnement de la CPEAO, et enfin l\u2019\u00e9lection du Secr\u00e9taire Ex\u00e9cutif de la CPEAO.<\/p>\n<p>Apr\u00e8s le mot de bienvenue du ministre ivoirien de l\u2019Economie Num\u00e9rique, des T\u00e9l\u00e9communications et de l\u2019Innovation, M. Roger F\u00e9lix Adom, le ministre HassaneBaraz\u00e9 Moussa a pris la parole pour rappeler les r\u00e9alisations de la CPEAO depuis sa cr\u00e9ation le 13 avril 2012 en C\u00f4te d\u2019Ivoire. On peut retenir entre autres la signature de la convention de partenariatentre le Pr\u00e9sident de la commission de la CEDEAO et le Secr\u00e9taire Ex\u00e9cutifde la CPEAO, l\u2019int\u00e9gration du secteur postal dans les politiques de d\u00e9veloppement de la CEDEAO, la coordination de l\u2019\u00e9mission du timbre comm\u00e9moratif du 40\u00e8me anniversaire de la CEDEAO,qui a r\u00e9uni les postes des 15 Etats membres et ce en pr\u00e9sence des Chefs Etats \u00e0 Abuja.<\/p>\n<p>Il a ensuite soulign\u00e9 le caract\u00e8re primordial de la rencontre : \u00ab La pr\u00e9sente session a pour but d\u2019\u00e9lire le nouveau Secr\u00e9taire Ex\u00e9cutif et d\u2019effectuer un examen approfondi de la situation financi\u00e8re tr\u00e8s pr\u00e9occupante que vit notre organisation et certains probl\u00e8mes qui se posent \u00e0 elle, notamment la remise en cause certaines clauses de l\u2019accord de si\u00e8ge par le Nig\u00e9ria. Ces difficult\u00e9s r\u00e9sultent du fait que, plusieurs pays ne s\u2019acquittent pas toujours de leurs contributions financi\u00e8res \u00bb.<\/p>\n<p>Il a ajout\u00e9 que le d\u00e9veloppement de la poste constitue l\u2019une des priorit\u00e9s des Programmes politiques de tous les gouvernements, qui visent \u00e0 faire du secteur postal un levier de croissance \u00e9conomique despays respectifs et de l\u2019Afrique de l\u2019Ouest.<\/p>\n<p>Le Ministre Hassane Baraz\u00e9 Moussa devait enfin dire que: \u00abla CPEAO doit, accompagner ses pays membresdans les processus de r\u00e9forme engag\u00e9, pour doter la poste de mod\u00e8le \u00e9conomique diversifi\u00e9 et faire de celle-ci un leader des services de proximit\u00e9 humaine\u00bb.<\/p>\n<p>Notons que deux candidats \u00e9taient en liste pour le poste de Secr\u00e9taire Ex\u00e9cutif. Apr\u00e8s un consensus, la Guin\u00e9e a retir\u00e9 sa candidature pour laisser la place \u00e0 Monsieur Adama Diouf du S\u00e9n\u00e9gal, qui fut \u00e9lu par acclamation Secr\u00e9taire Ex\u00e9cutif de la CPEAO pour un mandat de quatre ans renouvelable une fois. Le Ministre Hassane Baraz\u00e9 Moussa \u00e9tant enfin de mandant au poste de Pr\u00e9sident de la CPEAO, passe le t\u00e9moin auMinistre Guin\u00e9en en charge de la Poste et des Nouvelles Technologies.<\/p>\n<p><b>\u00a0<\/b><\/p>\n","protected":false},"excerpt":{"rendered":"<p>Africa-Press &#8211; Niger. Le ministre de la Poste et des Nouvelles Technologies de l\u2019Information, M. Moussa Hassane Baraz\u00e9, prend part depuis lundi au 27\u00e8me Congr\u00e8s Postal Universel qui se tient \u00e0 Abidjan, en C\u00f4te d\u2019Ivoire, du 9 au 27 Ao\u00fbt 2021. Il est accompagn\u00e9 dans ce d\u00e9placement de la pr\u00e9sidente du Conseil de R\u00e9gulation des [&hellip;]<\/p>\n","protected":false},"author":82,"featured_media":10087,"comment_status":"open","ping_status":"closed","sticky":false,"template":"","format":"standard","meta":{"footnotes":""},"categories":[5,11,10],"tags":[55,60,29],"class_list":["post-10088","post","type-post","status-publish","format-standard","has-post-thumbnail","hentry","category-culture-et-art","category-homepage-french","category-toutes-les-actualites","tag-africa-press","tag-africa-press-niger","tag-niger"],"yoast_head":"<!-- This site is optimized with the Yoast SEO Premium plugin v26.1 (Yoast SEO v27.0) - https:\/\/yoast.com\/product\/yoast-seo-premium-wordpress\/ -->\n<title>27\u00e8me Congr\u00e8s Postal Universel \u00e0 Abidjan, en C\u00f4te d\u2019Ivoire : Une d\u00e9l\u00e9gation du Niger conduite par le ministre Hassane Baraz\u00e9 Moussa y prend part - niger<\/title>\n<meta name=\"description\" content=\"\ufeffLe ministre de la Poste et des Nouvelles Technologies de l\u2019Information, M. Moussa Hassane Baraz\u00e9, prend part depuis lun ...\" \/>\n<meta name=\"robots\" content=\"index, follow, max-snippet:-1, max-image-preview:large, max-video-preview:-1\" \/>\n<link rel=\"canonical\" href=\"https:\/\/www.africa-press.net\/niger\/culture-et-art\/27eme-congres-postal-universel-a-abidjan-en-cote-divoire-une-delegation-du-niger-conduite-par-le-ministre-hassane-baraze-moussa-y-prend-part\" \/>\n<meta property=\"og:locale\" content=\"fr_FR\" \/>\n<meta property=\"og:type\" content=\"article\" \/>\n<meta property=\"og:title\" content=\"27\u00e8me Congr\u00e8s Postal Universel \u00e0 Abidjan, en C\u00f4te d\u2019Ivoire : Une d\u00e9l\u00e9gation du Niger conduite par le ministre Hassane Baraz\u00e9 Moussa y prend part\" \/>\n<meta property=\"og:description\" content=\"\ufeffLe ministre de la Poste et des Nouvelles Technologies de l\u2019Information, M. Moussa Hassane Baraz\u00e9, prend part depuis lun ...\" \/>\n<meta property=\"og:url\" content=\"https:\/\/www.africa-press.net\/niger\/culture-et-art\/27eme-congres-postal-universel-a-abidjan-en-cote-divoire-une-delegation-du-niger-conduite-par-le-ministre-hassane-baraze-moussa-y-prend-part\" \/>\n<meta property=\"og:site_name\" content=\"niger\" \/>\n<meta property=\"article:published_time\" content=\"2021-08-16T16:22:22+00:00\" \/>\n<meta property=\"article:modified_time\" content=\"2021-08-16T21:27:42+00:00\" \/>\n<meta property=\"og:image\" content=\"https:\/\/static.africa-press.net\/niger\/sites\/40\/2021\/08\/img-611a8d2e81b78.jpg\" \/>\n\t<meta property=\"og:image:width\" content=\"720\" \/>\n\t<meta property=\"og:image:height\" content=\"398\" \/>\n\t<meta property=\"og:image:type\" content=\"image\/jpeg\" \/>\n<meta name=\"author\" content=\"cfeditorfr\" \/>\n<meta name=\"twitter:card\" content=\"summary_large_image\" \/>\n<meta name=\"twitter:label1\" content=\"\u00c9crit par\" \/>\n\t<meta name=\"twitter:data1\" content=\"cfeditorfr\" \/>\n\t<meta name=\"twitter:label2\" content=\"Dur\u00e9e de lecture estim\u00e9e\" \/>\n\t<meta name=\"twitter:data2\" content=\"4 minutes\" \/>\n<script type=\"application\/ld+json\" class=\"yoast-schema-graph\">{\"@context\":\"https:\/\/schema.org\",\"@graph\":[{\"@type\":\"Article\",\"@id\":\"https:\/\/www.africa-press.net\/niger\/culture-et-art\/27eme-congres-postal-universel-a-abidjan-en-cote-divoire-une-delegation-du-niger-conduite-par-le-ministre-hassane-baraze-moussa-y-prend-part#article\",\"isPartOf\":{\"@id\":\"https:\/\/www.africa-press.net\/niger\/culture-et-art\/27eme-congres-postal-universel-a-abidjan-en-cote-divoire-une-delegation-du-niger-conduite-par-le-ministre-hassane-baraze-moussa-y-prend-part\"},\"author\":{\"name\":\"cfeditorfr\",\"@id\":\"https:\/\/www.africa-press.net\/niger\/#\/schema\/person\/2b1cf3cd81a31e3cd26889ca66d677f1\"},\"headline\":\"27\u00e8me Congr\u00e8s Postal Universel \u00e0 Abidjan, en C\u00f4te d\u2019Ivoire : Une d\u00e9l\u00e9gation du Niger conduite par le ministre Hassane Baraz\u00e9 Moussa y prend part\",\"datePublished\":\"2021-08-16T16:22:22+00:00\",\"dateModified\":\"2021-08-16T21:27:42+00:00\",\"mainEntityOfPage\":{\"@id\":\"https:\/\/www.africa-press.net\/niger\/culture-et-art\/27eme-congres-postal-universel-a-abidjan-en-cote-divoire-une-delegation-du-niger-conduite-par-le-ministre-hassane-baraze-moussa-y-prend-part\"},\"wordCount\":779,\"commentCount\":0,\"image\":{\"@id\":\"https:\/\/www.africa-press.net\/niger\/culture-et-art\/27eme-congres-postal-universel-a-abidjan-en-cote-divoire-une-delegation-du-niger-conduite-par-le-ministre-hassane-baraze-moussa-y-prend-part#primaryimage\"},\"thumbnailUrl\":\"https:\/\/static.africa-press.net\/niger\/sites\/40\/2021\/08\/img-611a8d2e81b78.jpg\",\"keywords\":[\"Africa Press\",\"Africa Press-Niger\",\"Niger\"],\"articleSection\":[\"Culture et Art\",\"homepage-french\",\"Toutes les actualit\u00e9s\"],\"inLanguage\":\"fr-FR\",\"potentialAction\":[{\"@type\":\"CommentAction\",\"name\":\"Comment\",\"target\":[\"https:\/\/www.africa-press.net\/niger\/culture-et-art\/27eme-congres-postal-universel-a-abidjan-en-cote-divoire-une-delegation-du-niger-conduite-par-le-ministre-hassane-baraze-moussa-y-prend-part#respond\"]}]},{\"@type\":\"WebPage\",\"@id\":\"https:\/\/www.africa-press.net\/niger\/culture-et-art\/27eme-congres-postal-universel-a-abidjan-en-cote-divoire-une-delegation-du-niger-conduite-par-le-ministre-hassane-baraze-moussa-y-prend-part\",\"url\":\"https:\/\/www.africa-press.net\/niger\/culture-et-art\/27eme-congres-postal-universel-a-abidjan-en-cote-divoire-une-delegation-du-niger-conduite-par-le-ministre-hassane-baraze-moussa-y-prend-part\",\"name\":\"27\u00e8me Congr\u00e8s Postal Universel \u00e0 Abidjan, en C\u00f4te d\u2019Ivoire : Une d\u00e9l\u00e9gation du Niger conduite par le ministre Hassane Baraz\u00e9 Moussa y prend part - niger\",\"isPartOf\":{\"@id\":\"https:\/\/www.africa-press.net\/niger\/#website\"},\"primaryImageOfPage\":{\"@id\":\"https:\/\/www.africa-press.net\/niger\/culture-et-art\/27eme-congres-postal-universel-a-abidjan-en-cote-divoire-une-delegation-du-niger-conduite-par-le-ministre-hassane-baraze-moussa-y-prend-part#primaryimage\"},\"image\":{\"@id\":\"https:\/\/www.africa-press.net\/niger\/culture-et-art\/27eme-congres-postal-universel-a-abidjan-en-cote-divoire-une-delegation-du-niger-conduite-par-le-ministre-hassane-baraze-moussa-y-prend-part#primaryimage\"},\"thumbnailUrl\":\"https:\/\/static.africa-press.net\/niger\/sites\/40\/2021\/08\/img-611a8d2e81b78.jpg\",\"datePublished\":\"2021-08-16T16:22:22+00:00\",\"dateModified\":\"2021-08-16T21:27:42+00:00\",\"author\":{\"@id\":\"https:\/\/www.africa-press.net\/niger\/#\/schema\/person\/2b1cf3cd81a31e3cd26889ca66d677f1\"},\"description\":\"\ufeffLe ministre de la Poste et des Nouvelles Technologies de l\u2019Information, M. Moussa Hassane Baraz\u00e9, prend part depuis lun ...\",\"breadcrumb\":{\"@id\":\"https:\/\/www.africa-press.net\/niger\/culture-et-art\/27eme-congres-postal-universel-a-abidjan-en-cote-divoire-une-delegation-du-niger-conduite-par-le-ministre-hassane-baraze-moussa-y-prend-part#breadcrumb\"},\"inLanguage\":\"fr-FR\",\"potentialAction\":[{\"@type\":\"ReadAction\",\"target\":[\"https:\/\/www.africa-press.net\/niger\/culture-et-art\/27eme-congres-postal-universel-a-abidjan-en-cote-divoire-une-delegation-du-niger-conduite-par-le-ministre-hassane-baraze-moussa-y-prend-part\"]}]},{\"@type\":\"ImageObject\",\"inLanguage\":\"fr-FR\",\"@id\":\"https:\/\/www.africa-press.net\/niger\/culture-et-art\/27eme-congres-postal-universel-a-abidjan-en-cote-divoire-une-delegation-du-niger-conduite-par-le-ministre-hassane-baraze-moussa-y-prend-part#primaryimage\",\"url\":\"https:\/\/static.africa-press.net\/niger\/sites\/40\/2021\/08\/img-611a8d2e81b78.jpg\",\"contentUrl\":\"https:\/\/static.africa-press.net\/niger\/sites\/40\/2021\/08\/img-611a8d2e81b78.jpg\",\"width\":720,\"height\":398,\"caption\":\"27\u00e8me Congr\u00e8s Postal Universel \u00e0 Abidjan, en C\u00f4te d\u2019Ivoire : Une d\u00e9l\u00e9gation du Niger conduite par le ministre Hassane Baraz\u00e9 Moussa y prend part\"},{\"@type\":\"BreadcrumbList\",\"@id\":\"https:\/\/www.africa-press.net\/niger\/culture-et-art\/27eme-congres-postal-universel-a-abidjan-en-cote-divoire-une-delegation-du-niger-conduite-par-le-ministre-hassane-baraze-moussa-y-prend-part#breadcrumb\",\"itemListElement\":[{\"@type\":\"ListItem\",\"position\":1,\"name\":\"Accueil\",\"item\":\"https:\/\/www.africa-press.net\/niger\/\"},{\"@type\":\"ListItem\",\"position\":2,\"name\":\"27\u00e8me Congr\u00e8s Postal Universel \u00e0 Abidjan, en C\u00f4te d\u2019Ivoire : Une d\u00e9l\u00e9gation du Niger conduite par le ministre Hassane Baraz\u00e9 Moussa y prend part\"}]},{\"@type\":\"WebSite\",\"@id\":\"https:\/\/www.africa-press.net\/niger\/#website\",\"url\":\"https:\/\/www.africa-press.net\/niger\/\",\"name\":\"niger\",\"description\":\"Just another Africa News Agency Sites site\",\"potentialAction\":[{\"@type\":\"SearchAction\",\"target\":{\"@type\":\"EntryPoint\",\"urlTemplate\":\"https:\/\/www.africa-press.net\/niger\/?s={search_term_string}\"},\"query-input\":{\"@type\":\"PropertyValueSpecification\",\"valueRequired\":true,\"valueName\":\"search_term_string\"}}],\"inLanguage\":\"fr-FR\"},{\"@type\":\"Person\",\"@id\":\"https:\/\/www.africa-press.net\/niger\/#\/schema\/person\/2b1cf3cd81a31e3cd26889ca66d677f1\",\"name\":\"cfeditorfr\"}]}<\/script>\n<!-- \/ Yoast SEO Premium plugin. -->","yoast_head_json":{"title":"27\u00e8me Congr\u00e8s Postal Universel \u00e0 Abidjan, en C\u00f4te d\u2019Ivoire : Une d\u00e9l\u00e9gation du Niger conduite par le ministre Hassane Baraz\u00e9 Moussa y prend part - niger","description":"\ufeffLe ministre de la Poste et des Nouvelles Technologies de l\u2019Information, M. Moussa Hassane Baraz\u00e9, prend part depuis lun ...","robots":{"index":"index","follow":"follow","max-snippet":"max-snippet:-1","max-image-preview":"max-image-preview:large","max-video-preview":"max-video-preview:-1"},"canonical":"https:\/\/www.africa-press.net\/niger\/culture-et-art\/27eme-congres-postal-universel-a-abidjan-en-cote-divoire-une-delegation-du-niger-conduite-par-le-ministre-hassane-baraze-moussa-y-prend-part","og_locale":"fr_FR","og_type":"article","og_title":"27\u00e8me Congr\u00e8s Postal Universel \u00e0 Abidjan, en C\u00f4te d\u2019Ivoire : Une d\u00e9l\u00e9gation du Niger conduite par le ministre Hassane Baraz\u00e9 Moussa y prend part","og_description":"\ufeffLe ministre de la Poste et des Nouvelles Technologies de l\u2019Information, M. Moussa Hassane Baraz\u00e9, prend part depuis lun ...","og_url":"https:\/\/www.africa-press.net\/niger\/culture-et-art\/27eme-congres-postal-universel-a-abidjan-en-cote-divoire-une-delegation-du-niger-conduite-par-le-ministre-hassane-baraze-moussa-y-prend-part","og_site_name":"niger","article_published_time":"2021-08-16T16:22:22+00:00","article_modified_time":"2021-08-16T21:27:42+00:00","og_image":[{"width":720,"height":398,"url":"https:\/\/static.africa-press.net\/niger\/sites\/40\/2021\/08\/img-611a8d2e81b78.jpg","type":"image\/jpeg"}],"author":"cfeditorfr","twitter_card":"summary_large_image","twitter_misc":{"\u00c9crit par":"cfeditorfr","Dur\u00e9e de lecture estim\u00e9e":"4 minutes"},"schema":{"@context":"https:\/\/schema.org","@graph":[{"@type":"Article","@id":"https:\/\/www.africa-press.net\/niger\/culture-et-art\/27eme-congres-postal-universel-a-abidjan-en-cote-divoire-une-delegation-du-niger-conduite-par-le-ministre-hassane-baraze-moussa-y-prend-part#article","isPartOf":{"@id":"https:\/\/www.africa-press.net\/niger\/culture-et-art\/27eme-congres-postal-universel-a-abidjan-en-cote-divoire-une-delegation-du-niger-conduite-par-le-ministre-hassane-baraze-moussa-y-prend-part"},"author":{"name":"cfeditorfr","@id":"https:\/\/www.africa-press.net\/niger\/#\/schema\/person\/2b1cf3cd81a31e3cd26889ca66d677f1"},"headline":"27\u00e8me Congr\u00e8s Postal Universel \u00e0 Abidjan, en C\u00f4te d\u2019Ivoire : Une d\u00e9l\u00e9gation du Niger conduite par le ministre Hassane Baraz\u00e9 Moussa y prend part","datePublished":"2021-08-16T16:22:22+00:00","dateModified":"2021-08-16T21:27:42+00:00","mainEntityOfPage":{"@id":"https:\/\/www.africa-press.net\/niger\/culture-et-art\/27eme-congres-postal-universel-a-abidjan-en-cote-divoire-une-delegation-du-niger-conduite-par-le-ministre-hassane-baraze-moussa-y-prend-part"},"wordCount":779,"commentCount":0,"image":{"@id":"https:\/\/www.africa-press.net\/niger\/culture-et-art\/27eme-congres-postal-universel-a-abidjan-en-cote-divoire-une-delegation-du-niger-conduite-par-le-ministre-hassane-baraze-moussa-y-prend-part#primaryimage"},"thumbnailUrl":"https:\/\/static.africa-press.net\/niger\/sites\/40\/2021\/08\/img-611a8d2e81b78.jpg","keywords":["Africa Press","Africa Press-Niger","Niger"],"articleSection":["Culture et Art","homepage-french","Toutes les actualit\u00e9s"],"inLanguage":"fr-FR","potentialAction":[{"@type":"CommentAction","name":"Comment","target":["https:\/\/www.africa-press.net\/niger\/culture-et-art\/27eme-congres-postal-universel-a-abidjan-en-cote-divoire-une-delegation-du-niger-conduite-par-le-ministre-hassane-baraze-moussa-y-prend-part#respond"]}]},{"@type":"WebPage","@id":"https:\/\/www.africa-press.net\/niger\/culture-et-art\/27eme-congres-postal-universel-a-abidjan-en-cote-divoire-une-delegation-du-niger-conduite-par-le-ministre-hassane-baraze-moussa-y-prend-part","url":"https:\/\/www.africa-press.net\/niger\/culture-et-art\/27eme-congres-postal-universel-a-abidjan-en-cote-divoire-une-delegation-du-niger-conduite-par-le-ministre-hassane-baraze-moussa-y-prend-part","name":"27\u00e8me Congr\u00e8s Postal Universel \u00e0 Abidjan, en C\u00f4te d\u2019Ivoire : Une d\u00e9l\u00e9gation du Niger conduite par le ministre Hassane Baraz\u00e9 Moussa y prend part - niger","isPartOf":{"@id":"https:\/\/www.africa-press.net\/niger\/#website"},"primaryImageOfPage":{"@id":"https:\/\/www.africa-press.net\/niger\/culture-et-art\/27eme-congres-postal-universel-a-abidjan-en-cote-divoire-une-delegation-du-niger-conduite-par-le-ministre-hassane-baraze-moussa-y-prend-part#primaryimage"},"image":{"@id":"https:\/\/www.africa-press.net\/niger\/culture-et-art\/27eme-congres-postal-universel-a-abidjan-en-cote-divoire-une-delegation-du-niger-conduite-par-le-ministre-hassane-baraze-moussa-y-prend-part#primaryimage"},"thumbnailUrl":"https:\/\/static.africa-press.net\/niger\/sites\/40\/2021\/08\/img-611a8d2e81b78.jpg","datePublished":"2021-08-16T16:22:22+00:00","dateModified":"2021-08-16T21:27:42+00:00","author":{"@id":"https:\/\/www.africa-press.net\/niger\/#\/schema\/person\/2b1cf3cd81a31e3cd26889ca66d677f1"},"description":"\ufeffLe ministre de la Poste et des Nouvelles Technologies de l\u2019Information, M. Moussa Hassane Baraz\u00e9, prend part depuis lun ...","breadcrumb":{"@id":"https:\/\/www.africa-press.net\/niger\/culture-et-art\/27eme-congres-postal-universel-a-abidjan-en-cote-divoire-une-delegation-du-niger-conduite-par-le-ministre-hassane-baraze-moussa-y-prend-part#breadcrumb"},"inLanguage":"fr-FR","potentialAction":[{"@type":"ReadAction","target":["https:\/\/www.africa-press.net\/niger\/culture-et-art\/27eme-congres-postal-universel-a-abidjan-en-cote-divoire-une-delegation-du-niger-conduite-par-le-ministre-hassane-baraze-moussa-y-prend-part"]}]},{"@type":"ImageObject","inLanguage":"fr-FR","@id":"https:\/\/www.africa-press.net\/niger\/culture-et-art\/27eme-congres-postal-universel-a-abidjan-en-cote-divoire-une-delegation-du-niger-conduite-par-le-ministre-hassane-baraze-moussa-y-prend-part#primaryimage","url":"https:\/\/static.africa-press.net\/niger\/sites\/40\/2021\/08\/img-611a8d2e81b78.jpg","contentUrl":"https:\/\/static.africa-press.net\/niger\/sites\/40\/2021\/08\/img-611a8d2e81b78.jpg","width":720,"height":398,"caption":"27\u00e8me Congr\u00e8s Postal Universel \u00e0 Abidjan, en C\u00f4te d\u2019Ivoire : Une d\u00e9l\u00e9gation du Niger conduite par le ministre Hassane Baraz\u00e9 Moussa y prend part"},{"@type":"BreadcrumbList","@id":"https:\/\/www.africa-press.net\/niger\/culture-et-art\/27eme-congres-postal-universel-a-abidjan-en-cote-divoire-une-delegation-du-niger-conduite-par-le-ministre-hassane-baraze-moussa-y-prend-part#breadcrumb","itemListElement":[{"@type":"ListItem","position":1,"name":"Accueil","item":"https:\/\/www.africa-press.net\/niger\/"},{"@type":"ListItem","position":2,"name":"27\u00e8me Congr\u00e8s Postal Universel \u00e0 Abidjan, en C\u00f4te d\u2019Ivoire : Une d\u00e9l\u00e9gation du Niger conduite par le ministre Hassane Baraz\u00e9 Moussa y prend part"}]},{"@type":"WebSite","@id":"https:\/\/www.africa-press.net\/niger\/#website","url":"https:\/\/www.africa-press.net\/niger\/","name":"niger","description":"Just another Africa News Agency Sites site","potentialAction":[{"@type":"SearchAction","target":{"@type":"EntryPoint","urlTemplate":"https:\/\/www.africa-press.net\/niger\/?s={search_term_string}"},"query-input":{"@type":"PropertyValueSpecification","valueRequired":true,"valueName":"search_term_string"}}],"inLanguage":"fr-FR"},{"@type":"Person","@id":"https:\/\/www.africa-press.net\/niger\/#\/schema\/person\/2b1cf3cd81a31e3cd26889ca66d677f1","name":"cfeditorfr"}]}},"_links":{"self":[{"href":"https:\/\/www.africa-press.net\/niger\/wp-json\/wp\/v2\/posts\/10088","targetHints":{"allow":["GET"]}}],"collection":[{"href":"https:\/\/www.africa-press.net\/niger\/wp-json\/wp\/v2\/posts"}],"about":[{"href":"https:\/\/www.africa-press.net\/niger\/wp-json\/wp\/v2\/types\/post"}],"author":[{"embeddable":true,"href":"https:\/\/www.africa-press.net\/niger\/wp-json\/wp\/v2\/users\/82"}],"replies":[{"embeddable":true,"href":"https:\/\/www.africa-press.net\/niger\/wp-json\/wp\/v2\/comments?post=10088"}],"version-history":[{"count":0,"href":"https:\/\/www.africa-press.net\/niger\/wp-json\/wp\/v2\/posts\/10088\/revisions"}],"wp:featuredmedia":[{"embeddable":true,"href":"https:\/\/www.africa-press.net\/niger\/wp-json\/wp\/v2\/media\/10087"}],"wp:attachment":[{"href":"https:\/\/www.africa-press.net\/niger\/wp-json\/wp\/v2\/media?parent=10088"}],"wp:term":[{"taxonomy":"category","embeddable":true,"href":"https:\/\/www.africa-press.net\/niger\/wp-json\/wp\/v2\/categories?post=10088"},{"taxonomy":"post_tag","embeddable":true,"href":"https:\/\/www.africa-press.net\/niger\/wp-json\/wp\/v2\/tags?post=10088"}],"curies":[{"name":"wp","href":"https:\/\/api.w.org\/{rel}","templated":true}]}}