{"id":10094,"date":"2021-08-16T16:39:43","date_gmt":"2021-08-16T16:39:43","guid":{"rendered":"https:\/\/www.africa-press.net\/niger\/?p=10094"},"modified":"2021-08-16T21:28:02","modified_gmt":"2021-08-16T21:28:02","slug":"ceremonie-de-commemoration-de-la-21eme-edition-de-la-journee-mondiale-de-la-jeunesse-des-innovations-des-jeunes-pour-la-sante-humaine-et-celle-de-notre-planete-primees","status":"publish","type":"post","link":"https:\/\/www.africa-press.net\/niger\/toutes-les-actualites\/ceremonie-de-commemoration-de-la-21eme-edition-de-la-journee-mondiale-de-la-jeunesse-des-innovations-des-jeunes-pour-la-sante-humaine-et-celle-de-notre-planete-primees","title":{"rendered":"C\u00e9r\u00e9monie de comm\u00e9moration de la 21\u00e8me \u00e9dition de la Journ\u00e9e mondiale de la jeunesse. : Des innovations des jeunes pour la sant\u00e9 humaine et celle de notre plan\u00e8te prim\u00e9es"},"content":{"rendered":"<p><span style=\"color: #ff6600\"><strong><a href=\"https:\/\/www.africa-press.net\/\">Africa-Press<\/a> &#8211; <a href=\"https:\/\/www.africa-press.net\/niger\">Niger<\/a>. <\/strong><\/span>La Journ\u00e9e mondiale de la jeunesse, adopt\u00e9e par l\u2019Assembl\u00e9e g\u00e9n\u00e9rale des Nations Unies en 1999, est comm\u00e9mor\u00e9e chaque ann\u00e9e le 12 ao\u00fbt, afin d\u2019attirer l\u2019attention de la communaut\u00e9 internationale sur les probl\u00e8mes de la jeunesse et c\u00e9l\u00e9brer le potentiel des jeunes en tant que partenaires dans la soci\u00e9t\u00e9. Ainsi, \u00e0 l\u2019instar du reste de la communaut\u00e9 internationale, le Niger a c\u00e9l\u00e9br\u00e9 le 12 dernier, cette journ\u00e9e dont th\u00e8me est : \u00abTransformer les syst\u00e8mes alimentaires : les innovations des jeunes pour la sant\u00e9 humaine et plan\u00e9taire\u00bb. En plus du traditionnel message livr\u00e9 par le ministre en charge de la Jeunesse, plusieurs autres activit\u00e9s \u00e9taient au menu de cette \u00e9dition dont un concours de projets novateurs et innovants sur le th\u00e8me retenu, organis\u00e9 par l\u2019UNICEF \u00e0 Niamey.<\/p>\n<p>La pr\u00e9sentation desdits projets s\u2019est d\u00e9roul\u00e9e en pr\u00e9sence du ministre du Commerce, de l\u2019Industrie et de l\u2019Entrepreneuriat des Jeunes, M. Gado Sabo Moctar, de la ministre de l\u2019environnement et de lutte contre la d\u00e9sertification, Mme Garama Saratou Rabiou Inoussa, de l\u2019Inspecteur G\u00e9n\u00e9ral des services, repr\u00e9sentant le ministre de la jeunesse et des sports, des agents techniques des trois Minist\u00e8res, participant au Panel et au jury, ainsi que de nombreux jeunes. Selon les organisateurs, cet \u00e9v\u00e8nement a pour but de mettre en valeur la jeunesse et son r\u00f4le dans la construction du d\u00e9veloppement lors de la c\u00e9l\u00e9bration de la Journ\u00e9e Internationale de la Jeunesse.<\/p>\n<p>Au cours de cette journ\u00e9e, les jeunes ont ainsi profit\u00e9 des panels d\u2019experts pour apprendre de personnes qui \u00e9voluent dans les \u00e9cosyst\u00e8mes techniques relatifs \u00e0 ce th\u00e8me. A l\u2019issue des pr\u00e9sentations des projets novateurs par des jeunes de toutes les r\u00e9gions du Niger, le jury a proclam\u00e9 les r\u00e9sultats. Les meilleurs projets ainsi prim\u00e9s seront accompagn\u00e9s pour faire aboutir les solutions. Les 100 participants sont motiv\u00e9s \u00e0 \u00eatre des jeunes actifs et ont \u00e9t\u00e9 outill\u00e9s pour saisir les futures opportunit\u00e9s. Dans son intervention, la ministre Saratou Rabiou Inoussa a exhort\u00e9 les jeunes ainsi que les g\u00e9n\u00e9rations qui succ\u00e8deront \u00e0 agir pour assainir notre plan\u00e8te. \u00abLe 29 juillet dernier \u00e9tait le jour du d\u00e9passement. Nous avons consomm\u00e9 les ressources annuelles toute nature confondue que la terre pouvait fournir cr\u00e9ant ainsi un d\u00e9ficit, une dette de cinq (5) mois et ce sch\u00e9ma dure des ann\u00e9es\u00bb, a-t-elle averti.<\/p>\n<p>M\u00eame si, une prise de conscience massive se fait ressentir ces derni\u00e8res ann\u00e9es, selon la ministre de l\u2019Environnement, il ne demeure pas moins que les r\u00e9sultats restent en d\u00e9phasage avec les attentes. \u00abAlors, des r\u00e9flexions autour de la sant\u00e9 plan\u00e9taire comme inscrite dans le th\u00e8me de cette journ\u00e9e sont primordiales et cette initiative traduit un noble engagement\u00bb, a-t-elle estim\u00e9. \u00abLe Niger, quasi d\u00e9sertique et enclav\u00e9 dont le principal cours d\u2019eau est menac\u00e9 par l\u2019ensablement est s\u00e9v\u00e8rement frapp\u00e9 par le changement climatique. Il est grand temps de repenser notre modus vivendi, capitaliser les bonnes pratiques en vue de r\u00e9ussir notre transition \u00e9cologique, relever nos ambitions climatiques. Chers jeunes, je sais que vous \u00eates au c\u0153ur de ce combat, qui b\u00e9n\u00e9ficie, comme vous le savez \u00e9galement, du soutien des plus hautes autorit\u00e9s de notre pays, en l\u2019occurrence leurs excellences Messieurs Mohamed Bazoum, Pr\u00e9sident de la R\u00e9publique, Chef de l\u2019Etat et Ouhoumoudou Mahamadou, Premier Ministre, Chef du gouvernement\u00bb, a-t-elle ajout\u00e9.<\/p>\n<p>Heureusement poursuit-elle, la solution n\u2019est pas unique et il n\u2019y a pas qu\u2019une seule mani\u00e8re d\u2019innover. \u00abLa preuve est la multitude de projets propos\u00e9s pour ce th\u00e8me. Chers jeunes, l\u2019esprit vif innove, de m\u00eame l\u2019esprit de comp\u00e9tition sain innove, le souci de qualit\u00e9, de changement innove \u00e9galement et c\u2019est tout ce que vous \u00eates. Prenons soin de nous et de la Terre, elle le rend bien. Faisons vivre l\u2019innovation, parce qu\u2019inventer rime avec exister\u00bb, a lanc\u00e9 Mme Saratou Rabiou Inoussa.<\/p>\n<p>Quant au Repr\u00e9sentant Adjoint a.i. de l\u2019UNICEF Niger, M. Amadou Alassane Ciss\u00e9, il a not\u00e9 qu\u2019avec la majorit\u00e9 de sa population qui est jeune, le Niger est sans aucun doute le pays o\u00f9 la c\u00e9l\u00e9bration de la Journ\u00e9e Internationale de la Jeunesse a le plus de sens. \u00abLe Niger est une terre de perspectives o\u00f9 les m\u00eames \u00e9paules qui portent les d\u00e9fis d\u2019aujourd\u2019hui sont pressenties pour porter l\u2019\u00e9ducation et la pr\u00e9paration de la rel\u00e8ve de demain. Et, ce sont les v\u00f4tres ! Elles sont solides, ce panach\u00e9 de fougue, de force, d\u2019audace et de r\u00eave est un pouvoir. Exploitez-le au maximum\u00bb, a lanc\u00e9 M. Ciss\u00e9. \u00abNous devons analyser, r\u00e9fl\u00e9chir, comparer, prioriser, maintenir \u00e0 foison l\u2019\u00e9mulation intellectuelle pour gagner le pari de l\u2019avenir\u00bb, soulign\u00e9 le Repr\u00e9sentant de l\u2019UNICEF. Selon lui, cette journ\u00e9e s\u2019inscrit dans cette dynamique de produire des solutions qui nous conviennent. \u00abParce qu\u2019il n\u2019y a de r\u00e9elles barri\u00e8res que celles que notre esprit construit et de solutions plus adapt\u00e9es et plus faciles \u00e0 assumer que celle que l\u2019on con\u00e7oit. Ne craignez pas la grandeur, \u00e9pousez-la. L\u2019une des r\u00e9alit\u00e9s \u00e0 laquelle on ne peut plus se soustraire est le changement climatique qui engendre entre autres cons\u00e9quences graves l\u2019ins\u00e9curit\u00e9 alimentaire\u00bb, s\u2019est-t-il inqui\u00e9t\u00e9.<\/p>\n<p>\u00abVotre engagement sans faille pour apporter des solutions \u00e0 ces difficult\u00e9s est un facteur majeur et incontournable. Tous les jeunes d\u2019ici et d\u2019ailleurs, des zones urbaines, rurales, tous sans exception sont attendus\u00bb, a fait savoir M. Ciss\u00e9. \u00abAujourd\u2019hui est votre temps, votre tour et votre avenir. La vie ne marche pas \u00e0 reculon, ni ne s\u2019attarde avec hier. Saisissez cette opportunit\u00e9. Prenez vos responsabilit\u00e9s car, vous \u00eates les dirigeants de demain. Nous ne sommes que ceux qui facilitent votre envol, mais c\u2019est \u00e0 vous de faire le n\u00e9cessaire. N\u2019attendez rien de personne, ayez confiance en vous, c\u2019est en vous que vous trouverez la force, la volont\u00e9 et la passion de changer le Niger pour le meilleur\u00bb, a lanc\u00e9 le Repr\u00e9sentant de l\u2019UNICEF.<\/p>\n<p><b>\u00a0<\/b><\/p>\n","protected":false},"excerpt":{"rendered":"<p>Africa-Press &#8211; Niger. La Journ\u00e9e mondiale de la jeunesse, adopt\u00e9e par l\u2019Assembl\u00e9e g\u00e9n\u00e9rale des Nations Unies en 1999, est comm\u00e9mor\u00e9e chaque ann\u00e9e le 12 ao\u00fbt, afin d\u2019attirer l\u2019attention de la communaut\u00e9 internationale sur les probl\u00e8mes de la jeunesse et c\u00e9l\u00e9brer le potentiel des jeunes en tant que partenaires dans la soci\u00e9t\u00e9. Ainsi, \u00e0 l\u2019instar du [&hellip;]<\/p>\n","protected":false},"author":82,"featured_media":10093,"comment_status":"open","ping_status":"closed","sticky":false,"template":"","format":"standard","meta":{"footnotes":""},"categories":[21,11,10],"tags":[55,60,29],"class_list":["post-10094","post","type-post","status-publish","format-standard","has-post-thumbnail","hentry","category-communaute","category-homepage-french","category-toutes-les-actualites","tag-africa-press","tag-africa-press-niger","tag-niger"],"yoast_head":"<!-- This site is optimized with the Yoast SEO Premium plugin v26.1 (Yoast SEO v27.0) - https:\/\/yoast.com\/product\/yoast-seo-premium-wordpress\/ -->\n<title>C\u00e9r\u00e9monie de comm\u00e9moration de la 21\u00e8me \u00e9dition de la Journ\u00e9e mondiale de la jeunesse. : Des innovations des jeunes pour la sant\u00e9 humaine et celle de notre plan\u00e8te prim\u00e9es - niger<\/title>\n<meta name=\"description\" content=\"\ufeffLa Journ\u00e9e mondiale de la jeunesse, adopt\u00e9e par l\u2019Assembl\u00e9e g\u00e9n\u00e9rale des Nations Unies en 1999, est comm\u00e9mor\u00e9e chaque a ...\" \/>\n<meta name=\"robots\" content=\"index, follow, max-snippet:-1, max-image-preview:large, max-video-preview:-1\" \/>\n<link rel=\"canonical\" href=\"https:\/\/www.africa-press.net\/niger\/toutes-les-actualites\/ceremonie-de-commemoration-de-la-21eme-edition-de-la-journee-mondiale-de-la-jeunesse-des-innovations-des-jeunes-pour-la-sante-humaine-et-celle-de-notre-planete-primees\" \/>\n<meta property=\"og:locale\" content=\"fr_FR\" \/>\n<meta property=\"og:type\" content=\"article\" \/>\n<meta property=\"og:title\" content=\"C\u00e9r\u00e9monie de comm\u00e9moration de la 21\u00e8me \u00e9dition de la Journ\u00e9e mondiale de la jeunesse. : Des innovations des jeunes pour la sant\u00e9 humaine et celle de notre plan\u00e8te prim\u00e9es\" \/>\n<meta property=\"og:description\" content=\"\ufeffLa Journ\u00e9e mondiale de la jeunesse, adopt\u00e9e par l\u2019Assembl\u00e9e g\u00e9n\u00e9rale des Nations Unies en 1999, est comm\u00e9mor\u00e9e chaque a ...\" \/>\n<meta property=\"og:url\" content=\"https:\/\/www.africa-press.net\/niger\/toutes-les-actualites\/ceremonie-de-commemoration-de-la-21eme-edition-de-la-journee-mondiale-de-la-jeunesse-des-innovations-des-jeunes-pour-la-sante-humaine-et-celle-de-notre-planete-primees\" \/>\n<meta property=\"og:site_name\" content=\"niger\" \/>\n<meta property=\"article:published_time\" content=\"2021-08-16T16:39:43+00:00\" \/>\n<meta property=\"article:modified_time\" content=\"2021-08-16T21:28:02+00:00\" \/>\n<meta property=\"og:image\" content=\"https:\/\/static.africa-press.net\/niger\/sites\/40\/2021\/08\/img-611a8d7e0b57c.jpg\" \/>\n\t<meta property=\"og:image:width\" content=\"720\" \/>\n\t<meta property=\"og:image:height\" content=\"462\" \/>\n\t<meta property=\"og:image:type\" content=\"image\/jpeg\" \/>\n<meta name=\"author\" content=\"cfeditorfr\" \/>\n<meta name=\"twitter:card\" content=\"summary_large_image\" \/>\n<meta name=\"twitter:label1\" content=\"\u00c9crit par\" \/>\n\t<meta name=\"twitter:data1\" content=\"cfeditorfr\" \/>\n\t<meta name=\"twitter:label2\" content=\"Dur\u00e9e de lecture estim\u00e9e\" \/>\n\t<meta name=\"twitter:data2\" content=\"5 minutes\" \/>\n<script type=\"application\/ld+json\" class=\"yoast-schema-graph\">{\"@context\":\"https:\/\/schema.org\",\"@graph\":[{\"@type\":\"Article\",\"@id\":\"https:\/\/www.africa-press.net\/niger\/toutes-les-actualites\/ceremonie-de-commemoration-de-la-21eme-edition-de-la-journee-mondiale-de-la-jeunesse-des-innovations-des-jeunes-pour-la-sante-humaine-et-celle-de-notre-planete-primees#article\",\"isPartOf\":{\"@id\":\"https:\/\/www.africa-press.net\/niger\/toutes-les-actualites\/ceremonie-de-commemoration-de-la-21eme-edition-de-la-journee-mondiale-de-la-jeunesse-des-innovations-des-jeunes-pour-la-sante-humaine-et-celle-de-notre-planete-primees\"},\"author\":{\"name\":\"cfeditorfr\",\"@id\":\"https:\/\/www.africa-press.net\/niger\/#\/schema\/person\/2b1cf3cd81a31e3cd26889ca66d677f1\"},\"headline\":\"C\u00e9r\u00e9monie de comm\u00e9moration de la 21\u00e8me \u00e9dition de la Journ\u00e9e mondiale de la jeunesse. : Des innovations des jeunes pour la sant\u00e9 humaine et celle de notre plan\u00e8te prim\u00e9es\",\"datePublished\":\"2021-08-16T16:39:43+00:00\",\"dateModified\":\"2021-08-16T21:28:02+00:00\",\"mainEntityOfPage\":{\"@id\":\"https:\/\/www.africa-press.net\/niger\/toutes-les-actualites\/ceremonie-de-commemoration-de-la-21eme-edition-de-la-journee-mondiale-de-la-jeunesse-des-innovations-des-jeunes-pour-la-sante-humaine-et-celle-de-notre-planete-primees\"},\"wordCount\":1108,\"commentCount\":0,\"image\":{\"@id\":\"https:\/\/www.africa-press.net\/niger\/toutes-les-actualites\/ceremonie-de-commemoration-de-la-21eme-edition-de-la-journee-mondiale-de-la-jeunesse-des-innovations-des-jeunes-pour-la-sante-humaine-et-celle-de-notre-planete-primees#primaryimage\"},\"thumbnailUrl\":\"https:\/\/static.africa-press.net\/niger\/sites\/40\/2021\/08\/img-611a8d7e0b57c.jpg\",\"keywords\":[\"Africa Press\",\"Africa Press-Niger\",\"Niger\"],\"articleSection\":[\"Communaut\u00e9\",\"homepage-french\",\"Toutes les actualit\u00e9s\"],\"inLanguage\":\"fr-FR\",\"potentialAction\":[{\"@type\":\"CommentAction\",\"name\":\"Comment\",\"target\":[\"https:\/\/www.africa-press.net\/niger\/toutes-les-actualites\/ceremonie-de-commemoration-de-la-21eme-edition-de-la-journee-mondiale-de-la-jeunesse-des-innovations-des-jeunes-pour-la-sante-humaine-et-celle-de-notre-planete-primees#respond\"]}]},{\"@type\":\"WebPage\",\"@id\":\"https:\/\/www.africa-press.net\/niger\/toutes-les-actualites\/ceremonie-de-commemoration-de-la-21eme-edition-de-la-journee-mondiale-de-la-jeunesse-des-innovations-des-jeunes-pour-la-sante-humaine-et-celle-de-notre-planete-primees\",\"url\":\"https:\/\/www.africa-press.net\/niger\/toutes-les-actualites\/ceremonie-de-commemoration-de-la-21eme-edition-de-la-journee-mondiale-de-la-jeunesse-des-innovations-des-jeunes-pour-la-sante-humaine-et-celle-de-notre-planete-primees\",\"name\":\"C\u00e9r\u00e9monie de comm\u00e9moration de la 21\u00e8me \u00e9dition de la Journ\u00e9e mondiale de la jeunesse. : Des innovations des jeunes pour la sant\u00e9 humaine et celle de notre plan\u00e8te prim\u00e9es - niger\",\"isPartOf\":{\"@id\":\"https:\/\/www.africa-press.net\/niger\/#website\"},\"primaryImageOfPage\":{\"@id\":\"https:\/\/www.africa-press.net\/niger\/toutes-les-actualites\/ceremonie-de-commemoration-de-la-21eme-edition-de-la-journee-mondiale-de-la-jeunesse-des-innovations-des-jeunes-pour-la-sante-humaine-et-celle-de-notre-planete-primees#primaryimage\"},\"image\":{\"@id\":\"https:\/\/www.africa-press.net\/niger\/toutes-les-actualites\/ceremonie-de-commemoration-de-la-21eme-edition-de-la-journee-mondiale-de-la-jeunesse-des-innovations-des-jeunes-pour-la-sante-humaine-et-celle-de-notre-planete-primees#primaryimage\"},\"thumbnailUrl\":\"https:\/\/static.africa-press.net\/niger\/sites\/40\/2021\/08\/img-611a8d7e0b57c.jpg\",\"datePublished\":\"2021-08-16T16:39:43+00:00\",\"dateModified\":\"2021-08-16T21:28:02+00:00\",\"author\":{\"@id\":\"https:\/\/www.africa-press.net\/niger\/#\/schema\/person\/2b1cf3cd81a31e3cd26889ca66d677f1\"},\"description\":\"\ufeffLa Journ\u00e9e mondiale de la jeunesse, adopt\u00e9e par l\u2019Assembl\u00e9e g\u00e9n\u00e9rale des Nations Unies en 1999, est comm\u00e9mor\u00e9e chaque a ...\",\"breadcrumb\":{\"@id\":\"https:\/\/www.africa-press.net\/niger\/toutes-les-actualites\/ceremonie-de-commemoration-de-la-21eme-edition-de-la-journee-mondiale-de-la-jeunesse-des-innovations-des-jeunes-pour-la-sante-humaine-et-celle-de-notre-planete-primees#breadcrumb\"},\"inLanguage\":\"fr-FR\",\"potentialAction\":[{\"@type\":\"ReadAction\",\"target\":[\"https:\/\/www.africa-press.net\/niger\/toutes-les-actualites\/ceremonie-de-commemoration-de-la-21eme-edition-de-la-journee-mondiale-de-la-jeunesse-des-innovations-des-jeunes-pour-la-sante-humaine-et-celle-de-notre-planete-primees\"]}]},{\"@type\":\"ImageObject\",\"inLanguage\":\"fr-FR\",\"@id\":\"https:\/\/www.africa-press.net\/niger\/toutes-les-actualites\/ceremonie-de-commemoration-de-la-21eme-edition-de-la-journee-mondiale-de-la-jeunesse-des-innovations-des-jeunes-pour-la-sante-humaine-et-celle-de-notre-planete-primees#primaryimage\",\"url\":\"https:\/\/static.africa-press.net\/niger\/sites\/40\/2021\/08\/img-611a8d7e0b57c.jpg\",\"contentUrl\":\"https:\/\/static.africa-press.net\/niger\/sites\/40\/2021\/08\/img-611a8d7e0b57c.jpg\",\"width\":720,\"height\":462,\"caption\":\"C\u00e9r\u00e9monie de comm\u00e9moration de la 21\u00e8me \u00e9dition de la Journ\u00e9e mondiale de la jeunesse. : Des innovations des jeunes pour la sant\u00e9 humaine et celle de notre plan\u00e8te prim\u00e9es\"},{\"@type\":\"BreadcrumbList\",\"@id\":\"https:\/\/www.africa-press.net\/niger\/toutes-les-actualites\/ceremonie-de-commemoration-de-la-21eme-edition-de-la-journee-mondiale-de-la-jeunesse-des-innovations-des-jeunes-pour-la-sante-humaine-et-celle-de-notre-planete-primees#breadcrumb\",\"itemListElement\":[{\"@type\":\"ListItem\",\"position\":1,\"name\":\"Accueil\",\"item\":\"https:\/\/www.africa-press.net\/niger\/\"},{\"@type\":\"ListItem\",\"position\":2,\"name\":\"C\u00e9r\u00e9monie de comm\u00e9moration de la 21\u00e8me \u00e9dition de la Journ\u00e9e mondiale de la jeunesse. : Des innovations des jeunes pour la sant\u00e9 humaine et celle de notre plan\u00e8te prim\u00e9es\"}]},{\"@type\":\"WebSite\",\"@id\":\"https:\/\/www.africa-press.net\/niger\/#website\",\"url\":\"https:\/\/www.africa-press.net\/niger\/\",\"name\":\"niger\",\"description\":\"Just another Africa News Agency Sites site\",\"potentialAction\":[{\"@type\":\"SearchAction\",\"target\":{\"@type\":\"EntryPoint\",\"urlTemplate\":\"https:\/\/www.africa-press.net\/niger\/?s={search_term_string}\"},\"query-input\":{\"@type\":\"PropertyValueSpecification\",\"valueRequired\":true,\"valueName\":\"search_term_string\"}}],\"inLanguage\":\"fr-FR\"},{\"@type\":\"Person\",\"@id\":\"https:\/\/www.africa-press.net\/niger\/#\/schema\/person\/2b1cf3cd81a31e3cd26889ca66d677f1\",\"name\":\"cfeditorfr\"}]}<\/script>\n<!-- \/ Yoast SEO Premium plugin. -->","yoast_head_json":{"title":"C\u00e9r\u00e9monie de comm\u00e9moration de la 21\u00e8me \u00e9dition de la Journ\u00e9e mondiale de la jeunesse. : Des innovations des jeunes pour la sant\u00e9 humaine et celle de notre plan\u00e8te prim\u00e9es - niger","description":"\ufeffLa Journ\u00e9e mondiale de la jeunesse, adopt\u00e9e par l\u2019Assembl\u00e9e g\u00e9n\u00e9rale des Nations Unies en 1999, est comm\u00e9mor\u00e9e chaque a ...","robots":{"index":"index","follow":"follow","max-snippet":"max-snippet:-1","max-image-preview":"max-image-preview:large","max-video-preview":"max-video-preview:-1"},"canonical":"https:\/\/www.africa-press.net\/niger\/toutes-les-actualites\/ceremonie-de-commemoration-de-la-21eme-edition-de-la-journee-mondiale-de-la-jeunesse-des-innovations-des-jeunes-pour-la-sante-humaine-et-celle-de-notre-planete-primees","og_locale":"fr_FR","og_type":"article","og_title":"C\u00e9r\u00e9monie de comm\u00e9moration de la 21\u00e8me \u00e9dition de la Journ\u00e9e mondiale de la jeunesse. : Des innovations des jeunes pour la sant\u00e9 humaine et celle de notre plan\u00e8te prim\u00e9es","og_description":"\ufeffLa Journ\u00e9e mondiale de la jeunesse, adopt\u00e9e par l\u2019Assembl\u00e9e g\u00e9n\u00e9rale des Nations Unies en 1999, est comm\u00e9mor\u00e9e chaque a ...","og_url":"https:\/\/www.africa-press.net\/niger\/toutes-les-actualites\/ceremonie-de-commemoration-de-la-21eme-edition-de-la-journee-mondiale-de-la-jeunesse-des-innovations-des-jeunes-pour-la-sante-humaine-et-celle-de-notre-planete-primees","og_site_name":"niger","article_published_time":"2021-08-16T16:39:43+00:00","article_modified_time":"2021-08-16T21:28:02+00:00","og_image":[{"width":720,"height":462,"url":"https:\/\/static.africa-press.net\/niger\/sites\/40\/2021\/08\/img-611a8d7e0b57c.jpg","type":"image\/jpeg"}],"author":"cfeditorfr","twitter_card":"summary_large_image","twitter_misc":{"\u00c9crit par":"cfeditorfr","Dur\u00e9e de lecture estim\u00e9e":"5 minutes"},"schema":{"@context":"https:\/\/schema.org","@graph":[{"@type":"Article","@id":"https:\/\/www.africa-press.net\/niger\/toutes-les-actualites\/ceremonie-de-commemoration-de-la-21eme-edition-de-la-journee-mondiale-de-la-jeunesse-des-innovations-des-jeunes-pour-la-sante-humaine-et-celle-de-notre-planete-primees#article","isPartOf":{"@id":"https:\/\/www.africa-press.net\/niger\/toutes-les-actualites\/ceremonie-de-commemoration-de-la-21eme-edition-de-la-journee-mondiale-de-la-jeunesse-des-innovations-des-jeunes-pour-la-sante-humaine-et-celle-de-notre-planete-primees"},"author":{"name":"cfeditorfr","@id":"https:\/\/www.africa-press.net\/niger\/#\/schema\/person\/2b1cf3cd81a31e3cd26889ca66d677f1"},"headline":"C\u00e9r\u00e9monie de comm\u00e9moration de la 21\u00e8me \u00e9dition de la Journ\u00e9e mondiale de la jeunesse. : Des innovations des jeunes pour la sant\u00e9 humaine et celle de notre plan\u00e8te prim\u00e9es","datePublished":"2021-08-16T16:39:43+00:00","dateModified":"2021-08-16T21:28:02+00:00","mainEntityOfPage":{"@id":"https:\/\/www.africa-press.net\/niger\/toutes-les-actualites\/ceremonie-de-commemoration-de-la-21eme-edition-de-la-journee-mondiale-de-la-jeunesse-des-innovations-des-jeunes-pour-la-sante-humaine-et-celle-de-notre-planete-primees"},"wordCount":1108,"commentCount":0,"image":{"@id":"https:\/\/www.africa-press.net\/niger\/toutes-les-actualites\/ceremonie-de-commemoration-de-la-21eme-edition-de-la-journee-mondiale-de-la-jeunesse-des-innovations-des-jeunes-pour-la-sante-humaine-et-celle-de-notre-planete-primees#primaryimage"},"thumbnailUrl":"https:\/\/static.africa-press.net\/niger\/sites\/40\/2021\/08\/img-611a8d7e0b57c.jpg","keywords":["Africa Press","Africa Press-Niger","Niger"],"articleSection":["Communaut\u00e9","homepage-french","Toutes les actualit\u00e9s"],"inLanguage":"fr-FR","potentialAction":[{"@type":"CommentAction","name":"Comment","target":["https:\/\/www.africa-press.net\/niger\/toutes-les-actualites\/ceremonie-de-commemoration-de-la-21eme-edition-de-la-journee-mondiale-de-la-jeunesse-des-innovations-des-jeunes-pour-la-sante-humaine-et-celle-de-notre-planete-primees#respond"]}]},{"@type":"WebPage","@id":"https:\/\/www.africa-press.net\/niger\/toutes-les-actualites\/ceremonie-de-commemoration-de-la-21eme-edition-de-la-journee-mondiale-de-la-jeunesse-des-innovations-des-jeunes-pour-la-sante-humaine-et-celle-de-notre-planete-primees","url":"https:\/\/www.africa-press.net\/niger\/toutes-les-actualites\/ceremonie-de-commemoration-de-la-21eme-edition-de-la-journee-mondiale-de-la-jeunesse-des-innovations-des-jeunes-pour-la-sante-humaine-et-celle-de-notre-planete-primees","name":"C\u00e9r\u00e9monie de comm\u00e9moration de la 21\u00e8me \u00e9dition de la Journ\u00e9e mondiale de la jeunesse. : Des innovations des jeunes pour la sant\u00e9 humaine et celle de notre plan\u00e8te prim\u00e9es - niger","isPartOf":{"@id":"https:\/\/www.africa-press.net\/niger\/#website"},"primaryImageOfPage":{"@id":"https:\/\/www.africa-press.net\/niger\/toutes-les-actualites\/ceremonie-de-commemoration-de-la-21eme-edition-de-la-journee-mondiale-de-la-jeunesse-des-innovations-des-jeunes-pour-la-sante-humaine-et-celle-de-notre-planete-primees#primaryimage"},"image":{"@id":"https:\/\/www.africa-press.net\/niger\/toutes-les-actualites\/ceremonie-de-commemoration-de-la-21eme-edition-de-la-journee-mondiale-de-la-jeunesse-des-innovations-des-jeunes-pour-la-sante-humaine-et-celle-de-notre-planete-primees#primaryimage"},"thumbnailUrl":"https:\/\/static.africa-press.net\/niger\/sites\/40\/2021\/08\/img-611a8d7e0b57c.jpg","datePublished":"2021-08-16T16:39:43+00:00","dateModified":"2021-08-16T21:28:02+00:00","author":{"@id":"https:\/\/www.africa-press.net\/niger\/#\/schema\/person\/2b1cf3cd81a31e3cd26889ca66d677f1"},"description":"\ufeffLa Journ\u00e9e mondiale de la jeunesse, adopt\u00e9e par l\u2019Assembl\u00e9e g\u00e9n\u00e9rale des Nations Unies en 1999, est comm\u00e9mor\u00e9e chaque a ...","breadcrumb":{"@id":"https:\/\/www.africa-press.net\/niger\/toutes-les-actualites\/ceremonie-de-commemoration-de-la-21eme-edition-de-la-journee-mondiale-de-la-jeunesse-des-innovations-des-jeunes-pour-la-sante-humaine-et-celle-de-notre-planete-primees#breadcrumb"},"inLanguage":"fr-FR","potentialAction":[{"@type":"ReadAction","target":["https:\/\/www.africa-press.net\/niger\/toutes-les-actualites\/ceremonie-de-commemoration-de-la-21eme-edition-de-la-journee-mondiale-de-la-jeunesse-des-innovations-des-jeunes-pour-la-sante-humaine-et-celle-de-notre-planete-primees"]}]},{"@type":"ImageObject","inLanguage":"fr-FR","@id":"https:\/\/www.africa-press.net\/niger\/toutes-les-actualites\/ceremonie-de-commemoration-de-la-21eme-edition-de-la-journee-mondiale-de-la-jeunesse-des-innovations-des-jeunes-pour-la-sante-humaine-et-celle-de-notre-planete-primees#primaryimage","url":"https:\/\/static.africa-press.net\/niger\/sites\/40\/2021\/08\/img-611a8d7e0b57c.jpg","contentUrl":"https:\/\/static.africa-press.net\/niger\/sites\/40\/2021\/08\/img-611a8d7e0b57c.jpg","width":720,"height":462,"caption":"C\u00e9r\u00e9monie de comm\u00e9moration de la 21\u00e8me \u00e9dition de la Journ\u00e9e mondiale de la jeunesse. : Des innovations des jeunes pour la sant\u00e9 humaine et celle de notre plan\u00e8te prim\u00e9es"},{"@type":"BreadcrumbList","@id":"https:\/\/www.africa-press.net\/niger\/toutes-les-actualites\/ceremonie-de-commemoration-de-la-21eme-edition-de-la-journee-mondiale-de-la-jeunesse-des-innovations-des-jeunes-pour-la-sante-humaine-et-celle-de-notre-planete-primees#breadcrumb","itemListElement":[{"@type":"ListItem","position":1,"name":"Accueil","item":"https:\/\/www.africa-press.net\/niger\/"},{"@type":"ListItem","position":2,"name":"C\u00e9r\u00e9monie de comm\u00e9moration de la 21\u00e8me \u00e9dition de la Journ\u00e9e mondiale de la jeunesse. : Des innovations des jeunes pour la sant\u00e9 humaine et celle de notre plan\u00e8te prim\u00e9es"}]},{"@type":"WebSite","@id":"https:\/\/www.africa-press.net\/niger\/#website","url":"https:\/\/www.africa-press.net\/niger\/","name":"niger","description":"Just another Africa News Agency Sites site","potentialAction":[{"@type":"SearchAction","target":{"@type":"EntryPoint","urlTemplate":"https:\/\/www.africa-press.net\/niger\/?s={search_term_string}"},"query-input":{"@type":"PropertyValueSpecification","valueRequired":true,"valueName":"search_term_string"}}],"inLanguage":"fr-FR"},{"@type":"Person","@id":"https:\/\/www.africa-press.net\/niger\/#\/schema\/person\/2b1cf3cd81a31e3cd26889ca66d677f1","name":"cfeditorfr"}]}},"_links":{"self":[{"href":"https:\/\/www.africa-press.net\/niger\/wp-json\/wp\/v2\/posts\/10094","targetHints":{"allow":["GET"]}}],"collection":[{"href":"https:\/\/www.africa-press.net\/niger\/wp-json\/wp\/v2\/posts"}],"about":[{"href":"https:\/\/www.africa-press.net\/niger\/wp-json\/wp\/v2\/types\/post"}],"author":[{"embeddable":true,"href":"https:\/\/www.africa-press.net\/niger\/wp-json\/wp\/v2\/users\/82"}],"replies":[{"embeddable":true,"href":"https:\/\/www.africa-press.net\/niger\/wp-json\/wp\/v2\/comments?post=10094"}],"version-history":[{"count":0,"href":"https:\/\/www.africa-press.net\/niger\/wp-json\/wp\/v2\/posts\/10094\/revisions"}],"wp:featuredmedia":[{"embeddable":true,"href":"https:\/\/www.africa-press.net\/niger\/wp-json\/wp\/v2\/media\/10093"}],"wp:attachment":[{"href":"https:\/\/www.africa-press.net\/niger\/wp-json\/wp\/v2\/media?parent=10094"}],"wp:term":[{"taxonomy":"category","embeddable":true,"href":"https:\/\/www.africa-press.net\/niger\/wp-json\/wp\/v2\/categories?post=10094"},{"taxonomy":"post_tag","embeddable":true,"href":"https:\/\/www.africa-press.net\/niger\/wp-json\/wp\/v2\/tags?post=10094"}],"curies":[{"name":"wp","href":"https:\/\/api.w.org\/{rel}","templated":true}]}}