{"id":10097,"date":"2021-08-16T16:45:24","date_gmt":"2021-08-16T16:45:24","guid":{"rendered":"https:\/\/www.africa-press.net\/niger\/?p=10097"},"modified":"2021-08-16T21:28:09","modified_gmt":"2021-08-16T21:28:09","slug":"tillaberi-une-mission-parlementaire-dinformation-et-de-sensibilisation-dans-la-region","status":"publish","type":"post","link":"https:\/\/www.africa-press.net\/niger\/politique\/tillaberi-une-mission-parlementaire-dinformation-et-de-sensibilisation-dans-la-region","title":{"rendered":"Tillab\u00e9ri : Une mission parlementaire d\u2019information et de sensibilisation dans la r\u00e9gion"},"content":{"rendered":"<p><span style=\"color: #ff6600\"><strong><a href=\"https:\/\/www.africa-press.net\/\">Africa-Press<\/a> &#8211; <a href=\"https:\/\/www.africa-press.net\/niger\">Niger<\/a>. <\/strong><\/span>Une d\u00e9l\u00e9gation des parlementaires et des techniciens de la Commission des Affaires \u00e9conomiques et du Plan de l\u2019Assembl\u00e9e Nationale a tenu, le jeudi 12 Ao\u00fbt 2021, dans la salle de r\u00e9union du gouvernorat de la r\u00e9gion, une r\u00e9union d\u2019information et de sensibilisation des populations. L\u2019objectif de cette mission, ayant r\u00e9unis autorit\u00e9s administratives et coutumi\u00e8res ainsi que les couches sociales, s\u2019inscrit selon, la pr\u00e9sidente de ladite commission, Mme Ali Mariama Elh Ibrahim, dans le cadre du r\u00f4le r\u00e9galien des parlementaires qui, conform\u00e9ment \u00e0 leurs statuts, doivent effectuer des visites de terrain afin de s\u2019enqu\u00e9rir des situations socio-\u00e9conomique des populations nig\u00e9riennes d\u2019une part et d\u2019autre part de contr\u00f4ler l\u2019action gouvernementale dans l\u2019application des lois et la mise en \u0153uvre des programmes et projets financ\u00e9s par l\u2019Etat et ses partenaires.<\/p>\n<p>Au cours de cette mission, les parlementaires ont \u00e9chang\u00e9 avec les autorit\u00e9s administratives, les cadres techniques, les chefs traditionnels, les leaders religieux, la soci\u00e9t\u00e9 civile et les partenaires techniques et financiers sur les questions d\u2019actualit\u00e9s et les pr\u00e9occupations de la r\u00e9gion. Dans cette optique, la mission a abord\u00e9 des questions relatives \u00e0 la situation de la pand\u00e9mie de la Covid-19, la s\u00e9curit\u00e9 ou d\u2019ins\u00e9curit\u00e9 dans la r\u00e9gion de Tillab\u00e9ri, le d\u00e9roulement de la campagne agro-sylvo-pastorale et hydraulique, les probl\u00e8mes d\u2019inondation et enfin des questions d\u2019infrastructures des transactions \u00e9conomiques entrant dans le cadre du d\u00e9veloppement de la r\u00e9gion en particulier et du pays en g\u00e9n\u00e9rale.<\/p>\n<p>La pr\u00e9sidente de ladite commission d\u2019expliquer que cette visite leur permet de constater de visu les diff\u00e9rentes r\u00e9alisations du gouvernement dans la r\u00e9gion et de v\u00e9rifier l\u2019effectivit\u00e9 de la prise en compte des recommandations des missions de la Commission des affaires \u00e9conomiques et du plan de l\u2019ann\u00e9e pass\u00e9e. \u00abLes \u00e9changes et les visites nous permettront non seulement de rendre compte \u00e0 la repr\u00e9sentation nationale du respect des engagements du gouvernement vis-\u00e0-vis de la population de la r\u00e9gion de Tillab\u00e9ri mais aussi et surtout de l\u2019informer des pr\u00e9occupations du moment afin que les dispositions n\u00e9cessaires soient prises\u00bb, a d\u00e9clar\u00e9 Mme Ali Mariama Elh Ibrahim.<\/p>\n<p>Ainsi, une s\u00e9rie de questions a \u00e9t\u00e9 pos\u00e9e \u00e0 l\u2019assistance notamment sur le respect des mesures barri\u00e8res dans la lutte contre la pand\u00e9mie de la Covid-19, les infrastructures sanitaires, la s\u00e9curit\u00e9, l\u2019\u00e9conomie de la r\u00e9gion.<\/p>\n<p>Concernant la pand\u00e9mie de la Covid-19, le directeur r\u00e9gional de la sant\u00e9 publique, Dr. Doudou Souley a indiqu\u00e9 que, \u00abla sensibilisation de la population continue. Mais, pour ce qui est de la vaccination, il y a un peu de difficult\u00e9s, telles que les intoxications sur les r\u00e9seaux sociaux\u00bb. Le DRSP a par la m\u00eame occasion invit\u00e9 ceux qui ne sont pas vaccin\u00e9s \u00e0 le faire. Dr. Doudou Souley a par ailleurs affirm\u00e9 que \u00ab3 Centres de sant\u00e9 int\u00e9gr\u00e9 (CSI) sont ferm\u00e9s pour cause d\u2019ins\u00e9curit\u00e9 et 24 autres inaccessibles. A Banibangou, la situation est tr\u00e8s critique car, il n\u2019y a aucun moyen pour r\u00e9f\u00e9rer les malades en cas d\u2019attaque\u00bb, ajoutant que \u00abdeux ambulances ont \u00e9t\u00e9 enlev\u00e9es par les bandits arm\u00e9s qui op\u00e8rent dans la zone\u00bb. Concernant les infrastructures, le directeur r\u00e9gional de la sant\u00e9 publique a inform\u00e9 de la disponibilit\u00e9 dans la r\u00e9gion, de 13 districts sanitaires; d\u2019un H\u00f4pital r\u00e9gional et un centre de sant\u00e9 de la m\u00e8re et de l\u2019enfant.<\/p>\n<p>Toujours au plan s\u00e9curitaire, le directeur r\u00e9gional de la police, Commissaire Adamou Kalfa et le Commandant de la 8\u00e8me l\u00e9gion de la Gendarmerie de la r\u00e9gion ont tour \u00e0 tour pris la parole pour \u00e9voquer les exactions commises par les groupes arm\u00e9s qui op\u00e8rent avec de motos. D\u2019apr\u00e8s les deux responsables, les bandits arm\u00e9s ex\u00e9cutent tous ceux qu\u2019ils trouvent sur leur passage, ne faisant pas de distinction entre les femmes et les enfants. Selon les intervenants, l\u2019axe qui pr\u00e9occupe encore, c\u2019est la zone de Torodi. Une tr\u00e8s grande difficult\u00e9 fait sa particularit\u00e9, il s\u2019agit de la pose des mines. Tandis que le d\u00e9partements de T\u00e9ra et de Gothey sont confront\u00e9s \u00e0 des enl\u00e8vements. D\u2019apr\u00e8s l\u2019assistance, le Parc du W constitue aussi une pr\u00e9occupation. Selon toujours les intervenants, l\u2019ins\u00e9curit\u00e9 a d\u2019une mani\u00e8re g\u00e9n\u00e9rale impact\u00e9 tous les secteurs de la vie, toutes les couches socio-\u00e9conomiques de la r\u00e9gion.<\/p>\n<p>Les partenaires ont quant \u00e0 eux expliqu\u00e9 qu\u2019ils veulent aider mais qu\u2019\u00e0 cause de cette ins\u00e9curit\u00e9 ils ont beaucoup de difficult\u00e9 \u00e0 y parvenir.<\/p>\n<p>S\u2019agissant de l\u2019\u00e9conomie de la r\u00e9gion, un plaidoyer a \u00e9t\u00e9 fait pour aider les commer\u00e7ants \u00e0 travers des pr\u00eats bancaires mais surtout d\u2019aider les jeunes d\u00e9s\u0153uvr\u00e9s de la r\u00e9gion afin qu\u2019ils ne soient pas r\u00e9cup\u00e9r\u00e9s par les bandits arm\u00e9s.<\/p>\n<p><b>\u00a0<\/b><\/p>\n","protected":false},"excerpt":{"rendered":"<p>Africa-Press &#8211; Niger. Une d\u00e9l\u00e9gation des parlementaires et des techniciens de la Commission des Affaires \u00e9conomiques et du Plan de l\u2019Assembl\u00e9e Nationale a tenu, le jeudi 12 Ao\u00fbt 2021, dans la salle de r\u00e9union du gouvernorat de la r\u00e9gion, une r\u00e9union d\u2019information et de sensibilisation des populations. L\u2019objectif de cette mission, ayant r\u00e9unis autorit\u00e9s administratives [&hellip;]<\/p>\n","protected":false},"author":82,"featured_media":10096,"comment_status":"open","ping_status":"closed","sticky":false,"template":"","format":"standard","meta":{"footnotes":""},"categories":[11,2,10],"tags":[55,60,29],"class_list":["post-10097","post","type-post","status-publish","format-standard","has-post-thumbnail","hentry","category-homepage-french","category-politique","category-toutes-les-actualites","tag-africa-press","tag-africa-press-niger","tag-niger"],"yoast_head":"<!-- This site is optimized with the Yoast SEO Premium plugin v26.1 (Yoast SEO v27.0) - https:\/\/yoast.com\/product\/yoast-seo-premium-wordpress\/ -->\n<title>Tillab\u00e9ri : Une mission parlementaire d\u2019information et de sensibilisation dans la r\u00e9gion - niger<\/title>\n<meta name=\"description\" content=\"\ufeffUne d\u00e9l\u00e9gation des parlementaires et des techniciens de la Commission des Affaires \u00e9conomiques et du Plan de l\u2019Assembl\u00e9 ...\" \/>\n<meta name=\"robots\" content=\"index, follow, max-snippet:-1, max-image-preview:large, max-video-preview:-1\" \/>\n<link rel=\"canonical\" href=\"https:\/\/www.africa-press.net\/niger\/politique\/tillaberi-une-mission-parlementaire-dinformation-et-de-sensibilisation-dans-la-region\" \/>\n<meta property=\"og:locale\" content=\"fr_FR\" \/>\n<meta property=\"og:type\" content=\"article\" \/>\n<meta property=\"og:title\" content=\"Tillab\u00e9ri : Une mission parlementaire d\u2019information et de sensibilisation dans la r\u00e9gion\" \/>\n<meta property=\"og:description\" content=\"\ufeffUne d\u00e9l\u00e9gation des parlementaires et des techniciens de la Commission des Affaires \u00e9conomiques et du Plan de l\u2019Assembl\u00e9 ...\" \/>\n<meta property=\"og:url\" content=\"https:\/\/www.africa-press.net\/niger\/politique\/tillaberi-une-mission-parlementaire-dinformation-et-de-sensibilisation-dans-la-region\" \/>\n<meta property=\"og:site_name\" content=\"niger\" \/>\n<meta property=\"article:published_time\" content=\"2021-08-16T16:45:24+00:00\" \/>\n<meta property=\"article:modified_time\" content=\"2021-08-16T21:28:09+00:00\" \/>\n<meta property=\"og:image\" content=\"https:\/\/static.africa-press.net\/niger\/sites\/40\/2021\/08\/img-611a8da7e7b56.jpg\" \/>\n\t<meta property=\"og:image:width\" content=\"720\" \/>\n\t<meta property=\"og:image:height\" content=\"467\" \/>\n\t<meta property=\"og:image:type\" content=\"image\/jpeg\" \/>\n<meta name=\"author\" content=\"cfeditorfr\" \/>\n<meta name=\"twitter:card\" content=\"summary_large_image\" \/>\n<meta name=\"twitter:label1\" content=\"\u00c9crit par\" \/>\n\t<meta name=\"twitter:data1\" content=\"cfeditorfr\" \/>\n\t<meta name=\"twitter:label2\" content=\"Dur\u00e9e de lecture estim\u00e9e\" \/>\n\t<meta name=\"twitter:data2\" content=\"4 minutes\" \/>\n<script type=\"application\/ld+json\" class=\"yoast-schema-graph\">{\"@context\":\"https:\/\/schema.org\",\"@graph\":[{\"@type\":\"Article\",\"@id\":\"https:\/\/www.africa-press.net\/niger\/politique\/tillaberi-une-mission-parlementaire-dinformation-et-de-sensibilisation-dans-la-region#article\",\"isPartOf\":{\"@id\":\"https:\/\/www.africa-press.net\/niger\/politique\/tillaberi-une-mission-parlementaire-dinformation-et-de-sensibilisation-dans-la-region\"},\"author\":{\"name\":\"cfeditorfr\",\"@id\":\"https:\/\/www.africa-press.net\/niger\/#\/schema\/person\/2b1cf3cd81a31e3cd26889ca66d677f1\"},\"headline\":\"Tillab\u00e9ri : Une mission parlementaire d\u2019information et de sensibilisation dans la r\u00e9gion\",\"datePublished\":\"2021-08-16T16:45:24+00:00\",\"dateModified\":\"2021-08-16T21:28:09+00:00\",\"mainEntityOfPage\":{\"@id\":\"https:\/\/www.africa-press.net\/niger\/politique\/tillaberi-une-mission-parlementaire-dinformation-et-de-sensibilisation-dans-la-region\"},\"wordCount\":889,\"commentCount\":0,\"image\":{\"@id\":\"https:\/\/www.africa-press.net\/niger\/politique\/tillaberi-une-mission-parlementaire-dinformation-et-de-sensibilisation-dans-la-region#primaryimage\"},\"thumbnailUrl\":\"https:\/\/static.africa-press.net\/niger\/sites\/40\/2021\/08\/img-611a8da7e7b56.jpg\",\"keywords\":[\"Africa Press\",\"Africa Press-Niger\",\"Niger\"],\"articleSection\":[\"homepage-french\",\"Politique\",\"Toutes les actualit\u00e9s\"],\"inLanguage\":\"fr-FR\",\"potentialAction\":[{\"@type\":\"CommentAction\",\"name\":\"Comment\",\"target\":[\"https:\/\/www.africa-press.net\/niger\/politique\/tillaberi-une-mission-parlementaire-dinformation-et-de-sensibilisation-dans-la-region#respond\"]}]},{\"@type\":\"WebPage\",\"@id\":\"https:\/\/www.africa-press.net\/niger\/politique\/tillaberi-une-mission-parlementaire-dinformation-et-de-sensibilisation-dans-la-region\",\"url\":\"https:\/\/www.africa-press.net\/niger\/politique\/tillaberi-une-mission-parlementaire-dinformation-et-de-sensibilisation-dans-la-region\",\"name\":\"Tillab\u00e9ri : Une mission parlementaire d\u2019information et de sensibilisation dans la r\u00e9gion - niger\",\"isPartOf\":{\"@id\":\"https:\/\/www.africa-press.net\/niger\/#website\"},\"primaryImageOfPage\":{\"@id\":\"https:\/\/www.africa-press.net\/niger\/politique\/tillaberi-une-mission-parlementaire-dinformation-et-de-sensibilisation-dans-la-region#primaryimage\"},\"image\":{\"@id\":\"https:\/\/www.africa-press.net\/niger\/politique\/tillaberi-une-mission-parlementaire-dinformation-et-de-sensibilisation-dans-la-region#primaryimage\"},\"thumbnailUrl\":\"https:\/\/static.africa-press.net\/niger\/sites\/40\/2021\/08\/img-611a8da7e7b56.jpg\",\"datePublished\":\"2021-08-16T16:45:24+00:00\",\"dateModified\":\"2021-08-16T21:28:09+00:00\",\"author\":{\"@id\":\"https:\/\/www.africa-press.net\/niger\/#\/schema\/person\/2b1cf3cd81a31e3cd26889ca66d677f1\"},\"description\":\"\ufeffUne d\u00e9l\u00e9gation des parlementaires et des techniciens de la Commission des Affaires \u00e9conomiques et du Plan de l\u2019Assembl\u00e9 ...\",\"breadcrumb\":{\"@id\":\"https:\/\/www.africa-press.net\/niger\/politique\/tillaberi-une-mission-parlementaire-dinformation-et-de-sensibilisation-dans-la-region#breadcrumb\"},\"inLanguage\":\"fr-FR\",\"potentialAction\":[{\"@type\":\"ReadAction\",\"target\":[\"https:\/\/www.africa-press.net\/niger\/politique\/tillaberi-une-mission-parlementaire-dinformation-et-de-sensibilisation-dans-la-region\"]}]},{\"@type\":\"ImageObject\",\"inLanguage\":\"fr-FR\",\"@id\":\"https:\/\/www.africa-press.net\/niger\/politique\/tillaberi-une-mission-parlementaire-dinformation-et-de-sensibilisation-dans-la-region#primaryimage\",\"url\":\"https:\/\/static.africa-press.net\/niger\/sites\/40\/2021\/08\/img-611a8da7e7b56.jpg\",\"contentUrl\":\"https:\/\/static.africa-press.net\/niger\/sites\/40\/2021\/08\/img-611a8da7e7b56.jpg\",\"width\":720,\"height\":467,\"caption\":\"Tillab\u00e9ri : Une mission parlementaire d\u2019information et de sensibilisation dans la r\u00e9gion\"},{\"@type\":\"BreadcrumbList\",\"@id\":\"https:\/\/www.africa-press.net\/niger\/politique\/tillaberi-une-mission-parlementaire-dinformation-et-de-sensibilisation-dans-la-region#breadcrumb\",\"itemListElement\":[{\"@type\":\"ListItem\",\"position\":1,\"name\":\"Accueil\",\"item\":\"https:\/\/www.africa-press.net\/niger\/\"},{\"@type\":\"ListItem\",\"position\":2,\"name\":\"Tillab\u00e9ri : Une mission parlementaire d\u2019information et de sensibilisation dans la r\u00e9gion\"}]},{\"@type\":\"WebSite\",\"@id\":\"https:\/\/www.africa-press.net\/niger\/#website\",\"url\":\"https:\/\/www.africa-press.net\/niger\/\",\"name\":\"niger\",\"description\":\"Just another Africa News Agency Sites site\",\"potentialAction\":[{\"@type\":\"SearchAction\",\"target\":{\"@type\":\"EntryPoint\",\"urlTemplate\":\"https:\/\/www.africa-press.net\/niger\/?s={search_term_string}\"},\"query-input\":{\"@type\":\"PropertyValueSpecification\",\"valueRequired\":true,\"valueName\":\"search_term_string\"}}],\"inLanguage\":\"fr-FR\"},{\"@type\":\"Person\",\"@id\":\"https:\/\/www.africa-press.net\/niger\/#\/schema\/person\/2b1cf3cd81a31e3cd26889ca66d677f1\",\"name\":\"cfeditorfr\"}]}<\/script>\n<!-- \/ Yoast SEO Premium plugin. -->","yoast_head_json":{"title":"Tillab\u00e9ri : Une mission parlementaire d\u2019information et de sensibilisation dans la r\u00e9gion - niger","description":"\ufeffUne d\u00e9l\u00e9gation des parlementaires et des techniciens de la Commission des Affaires \u00e9conomiques et du Plan de l\u2019Assembl\u00e9 ...","robots":{"index":"index","follow":"follow","max-snippet":"max-snippet:-1","max-image-preview":"max-image-preview:large","max-video-preview":"max-video-preview:-1"},"canonical":"https:\/\/www.africa-press.net\/niger\/politique\/tillaberi-une-mission-parlementaire-dinformation-et-de-sensibilisation-dans-la-region","og_locale":"fr_FR","og_type":"article","og_title":"Tillab\u00e9ri : Une mission parlementaire d\u2019information et de sensibilisation dans la r\u00e9gion","og_description":"\ufeffUne d\u00e9l\u00e9gation des parlementaires et des techniciens de la Commission des Affaires \u00e9conomiques et du Plan de l\u2019Assembl\u00e9 ...","og_url":"https:\/\/www.africa-press.net\/niger\/politique\/tillaberi-une-mission-parlementaire-dinformation-et-de-sensibilisation-dans-la-region","og_site_name":"niger","article_published_time":"2021-08-16T16:45:24+00:00","article_modified_time":"2021-08-16T21:28:09+00:00","og_image":[{"width":720,"height":467,"url":"https:\/\/static.africa-press.net\/niger\/sites\/40\/2021\/08\/img-611a8da7e7b56.jpg","type":"image\/jpeg"}],"author":"cfeditorfr","twitter_card":"summary_large_image","twitter_misc":{"\u00c9crit par":"cfeditorfr","Dur\u00e9e de lecture estim\u00e9e":"4 minutes"},"schema":{"@context":"https:\/\/schema.org","@graph":[{"@type":"Article","@id":"https:\/\/www.africa-press.net\/niger\/politique\/tillaberi-une-mission-parlementaire-dinformation-et-de-sensibilisation-dans-la-region#article","isPartOf":{"@id":"https:\/\/www.africa-press.net\/niger\/politique\/tillaberi-une-mission-parlementaire-dinformation-et-de-sensibilisation-dans-la-region"},"author":{"name":"cfeditorfr","@id":"https:\/\/www.africa-press.net\/niger\/#\/schema\/person\/2b1cf3cd81a31e3cd26889ca66d677f1"},"headline":"Tillab\u00e9ri : Une mission parlementaire d\u2019information et de sensibilisation dans la r\u00e9gion","datePublished":"2021-08-16T16:45:24+00:00","dateModified":"2021-08-16T21:28:09+00:00","mainEntityOfPage":{"@id":"https:\/\/www.africa-press.net\/niger\/politique\/tillaberi-une-mission-parlementaire-dinformation-et-de-sensibilisation-dans-la-region"},"wordCount":889,"commentCount":0,"image":{"@id":"https:\/\/www.africa-press.net\/niger\/politique\/tillaberi-une-mission-parlementaire-dinformation-et-de-sensibilisation-dans-la-region#primaryimage"},"thumbnailUrl":"https:\/\/static.africa-press.net\/niger\/sites\/40\/2021\/08\/img-611a8da7e7b56.jpg","keywords":["Africa Press","Africa Press-Niger","Niger"],"articleSection":["homepage-french","Politique","Toutes les actualit\u00e9s"],"inLanguage":"fr-FR","potentialAction":[{"@type":"CommentAction","name":"Comment","target":["https:\/\/www.africa-press.net\/niger\/politique\/tillaberi-une-mission-parlementaire-dinformation-et-de-sensibilisation-dans-la-region#respond"]}]},{"@type":"WebPage","@id":"https:\/\/www.africa-press.net\/niger\/politique\/tillaberi-une-mission-parlementaire-dinformation-et-de-sensibilisation-dans-la-region","url":"https:\/\/www.africa-press.net\/niger\/politique\/tillaberi-une-mission-parlementaire-dinformation-et-de-sensibilisation-dans-la-region","name":"Tillab\u00e9ri : Une mission parlementaire d\u2019information et de sensibilisation dans la r\u00e9gion - niger","isPartOf":{"@id":"https:\/\/www.africa-press.net\/niger\/#website"},"primaryImageOfPage":{"@id":"https:\/\/www.africa-press.net\/niger\/politique\/tillaberi-une-mission-parlementaire-dinformation-et-de-sensibilisation-dans-la-region#primaryimage"},"image":{"@id":"https:\/\/www.africa-press.net\/niger\/politique\/tillaberi-une-mission-parlementaire-dinformation-et-de-sensibilisation-dans-la-region#primaryimage"},"thumbnailUrl":"https:\/\/static.africa-press.net\/niger\/sites\/40\/2021\/08\/img-611a8da7e7b56.jpg","datePublished":"2021-08-16T16:45:24+00:00","dateModified":"2021-08-16T21:28:09+00:00","author":{"@id":"https:\/\/www.africa-press.net\/niger\/#\/schema\/person\/2b1cf3cd81a31e3cd26889ca66d677f1"},"description":"\ufeffUne d\u00e9l\u00e9gation des parlementaires et des techniciens de la Commission des Affaires \u00e9conomiques et du Plan de l\u2019Assembl\u00e9 ...","breadcrumb":{"@id":"https:\/\/www.africa-press.net\/niger\/politique\/tillaberi-une-mission-parlementaire-dinformation-et-de-sensibilisation-dans-la-region#breadcrumb"},"inLanguage":"fr-FR","potentialAction":[{"@type":"ReadAction","target":["https:\/\/www.africa-press.net\/niger\/politique\/tillaberi-une-mission-parlementaire-dinformation-et-de-sensibilisation-dans-la-region"]}]},{"@type":"ImageObject","inLanguage":"fr-FR","@id":"https:\/\/www.africa-press.net\/niger\/politique\/tillaberi-une-mission-parlementaire-dinformation-et-de-sensibilisation-dans-la-region#primaryimage","url":"https:\/\/static.africa-press.net\/niger\/sites\/40\/2021\/08\/img-611a8da7e7b56.jpg","contentUrl":"https:\/\/static.africa-press.net\/niger\/sites\/40\/2021\/08\/img-611a8da7e7b56.jpg","width":720,"height":467,"caption":"Tillab\u00e9ri : Une mission parlementaire d\u2019information et de sensibilisation dans la r\u00e9gion"},{"@type":"BreadcrumbList","@id":"https:\/\/www.africa-press.net\/niger\/politique\/tillaberi-une-mission-parlementaire-dinformation-et-de-sensibilisation-dans-la-region#breadcrumb","itemListElement":[{"@type":"ListItem","position":1,"name":"Accueil","item":"https:\/\/www.africa-press.net\/niger\/"},{"@type":"ListItem","position":2,"name":"Tillab\u00e9ri : Une mission parlementaire d\u2019information et de sensibilisation dans la r\u00e9gion"}]},{"@type":"WebSite","@id":"https:\/\/www.africa-press.net\/niger\/#website","url":"https:\/\/www.africa-press.net\/niger\/","name":"niger","description":"Just another Africa News Agency Sites site","potentialAction":[{"@type":"SearchAction","target":{"@type":"EntryPoint","urlTemplate":"https:\/\/www.africa-press.net\/niger\/?s={search_term_string}"},"query-input":{"@type":"PropertyValueSpecification","valueRequired":true,"valueName":"search_term_string"}}],"inLanguage":"fr-FR"},{"@type":"Person","@id":"https:\/\/www.africa-press.net\/niger\/#\/schema\/person\/2b1cf3cd81a31e3cd26889ca66d677f1","name":"cfeditorfr"}]}},"_links":{"self":[{"href":"https:\/\/www.africa-press.net\/niger\/wp-json\/wp\/v2\/posts\/10097","targetHints":{"allow":["GET"]}}],"collection":[{"href":"https:\/\/www.africa-press.net\/niger\/wp-json\/wp\/v2\/posts"}],"about":[{"href":"https:\/\/www.africa-press.net\/niger\/wp-json\/wp\/v2\/types\/post"}],"author":[{"embeddable":true,"href":"https:\/\/www.africa-press.net\/niger\/wp-json\/wp\/v2\/users\/82"}],"replies":[{"embeddable":true,"href":"https:\/\/www.africa-press.net\/niger\/wp-json\/wp\/v2\/comments?post=10097"}],"version-history":[{"count":0,"href":"https:\/\/www.africa-press.net\/niger\/wp-json\/wp\/v2\/posts\/10097\/revisions"}],"wp:featuredmedia":[{"embeddable":true,"href":"https:\/\/www.africa-press.net\/niger\/wp-json\/wp\/v2\/media\/10096"}],"wp:attachment":[{"href":"https:\/\/www.africa-press.net\/niger\/wp-json\/wp\/v2\/media?parent=10097"}],"wp:term":[{"taxonomy":"category","embeddable":true,"href":"https:\/\/www.africa-press.net\/niger\/wp-json\/wp\/v2\/categories?post=10097"},{"taxonomy":"post_tag","embeddable":true,"href":"https:\/\/www.africa-press.net\/niger\/wp-json\/wp\/v2\/tags?post=10097"}],"curies":[{"name":"wp","href":"https:\/\/api.w.org\/{rel}","templated":true}]}}