{"id":10103,"date":"2021-08-16T17:00:37","date_gmt":"2021-08-16T17:00:37","guid":{"rendered":"https:\/\/www.africa-press.net\/niger\/?p=10103"},"modified":"2021-08-16T21:28:31","modified_gmt":"2021-08-16T21:28:31","slug":"conseil-des-ministres-le-gouvernement-fait-le-bilan-des-inondations-et-degats-causes-a-la-date-du-13-aout","status":"publish","type":"post","link":"https:\/\/www.africa-press.net\/niger\/toutes-les-actualites\/conseil-des-ministres-le-gouvernement-fait-le-bilan-des-inondations-et-degats-causes-a-la-date-du-13-aout","title":{"rendered":"Conseil des ministres : Le gouvernement fait le bilan des inondations et d\u00e9g\u00e2ts caus\u00e9s \u00e0 la date du 13 ao\u00fbt"},"content":{"rendered":"<p><span style=\"color: #ff6600\"><strong><a href=\"https:\/\/www.africa-press.net\/\">Africa-Press<\/a> &#8211; <a href=\"https:\/\/www.africa-press.net\/niger\">Niger<\/a>. <\/strong><\/span>En application de l\u2019article 73 de la Constitution, le Premier Ministre a re\u00e7u du Pr\u00e9sident de la R\u00e9publique, une d\u00e9l\u00e9gation de pouvoirs pour la pr\u00e9sidence d\u2019un Conseil des Ministres. C\u2019est ainsi que, Son Excellence, Monsieur HASSOUMI MASSOUDOU Premier Ministre, Chef du Gouvernement par int\u00e9rim a pr\u00e9sid\u00e9 le vendredi 13 ao\u00fbt 2021, un Conseil des Ministres. Apr\u00e8s examen des points inscrits \u00e0 son ordre du jour, le Conseil a pris les d\u00e9cisions suivantes :<\/p>\n<p>I. AU TITRE DU MINISTERE DE L\u2019INTERIEUR ET DE LA DECENTRALISATION.<\/p>\n<p>Le Conseil des Ministres a adopt\u00e9 les projets de textes ci-apr\u00e8s :<\/p>\n<p>1. 1 Projet de d\u00e9cret portant prorogation de la dur\u00e9e des pouvoirs de la d\u00e9l\u00e9gation sp\u00e9ciale de la Commune rurale de N\u2019Gourti;<\/p>\n<p>Le scrutin n\u2019a pas pu se tenir dans la Commune rurale N\u2019Gourti lors des \u00e9lections locales du 13 d\u00e9cembre 2020 consacrant le renouvellement g\u00e9n\u00e9ral des organes d\u00e9lib\u00e9rants des collectivit\u00e9s territoriales.<\/p>\n<p>Le 12 f\u00e9vrier 2021, il a \u00e9t\u00e9 prorog\u00e9 les mandats des conseils municipaux, de villes et r\u00e9gionaux et la dur\u00e9e des pouvoirs des d\u00e9l\u00e9gations sp\u00e9ciales y compris donc la d\u00e9l\u00e9gation sp\u00e9ciale de N\u2019Gourti. Cette prorogation arrivant \u00e0 terme le 16 ao\u00fbt2021, le pr\u00e9sent projet de d\u00e9cret est pris pour proroger la dur\u00e9e des pouvoirs de la d\u00e9l\u00e9gation sp\u00e9ciale de N\u2019Gourti, \u00e0 compter du 17 ao\u00fbt2021, conform\u00e9ment aux dispositions de l\u2019article 180 (nouveau) du Code G\u00e9n\u00e9ral des Collectivit\u00e9s Territoriales.<\/p>\n<p>1.2 Projet de d\u00e9cret constatant la fin de la prorogation du mandat des conseils municipaux des communes rurales de Ch\u00e9timari et de Kanembakach\u00e9;<\/p>\n<p>Les conseils municipaux des communes rurales de Chetimari (d\u00e9partement de Diffa) et de Kanembakach\u00e9 (d\u00e9partement de Mayahi) n\u2019ont pas pu \u00eatre renouvel\u00e9s et install\u00e9s \u00e0 l\u2019issue des \u00e9lections locales du 13 d\u00e9cembre 2020 pour causes d\u2019annulation de listes de candidats pour le premier cas et d\u2019annulation des r\u00e9sultats pour le second.<\/p>\n<p>Le 12 f\u00e9vrier 2021, il a \u00e9t\u00e9 prorog\u00e9 les mandats des conseils municipaux, de villes et r\u00e9gionaux et la dur\u00e9e des pouvoirs des d\u00e9l\u00e9gations sp\u00e9ciales. Cette prorogation arrivant \u00e0 terme le 16 ao\u00fbt 2021, le pr\u00e9sent projet de d\u00e9cret est pris pour mettre fin \u00e0 la prorogation des mandats des conseils municipaux des communes rurales de Chetimari et de Kanembakach\u00e9, conform\u00e9ment aux dispositions de l\u2019article 178 du Code G\u00e9n\u00e9ral des Collectivit\u00e9s Territoriales.<\/p>\n<p>En attendant la mise en place des d\u00e9l\u00e9gations sp\u00e9ciales, les secr\u00e9taires g\u00e9n\u00e9raux des communes concern\u00e9es, sous le contr\u00f4le des pr\u00e9fets de d\u00e9partements, assurent l\u2019exp\u00e9dition des affaires courantes.<\/p>\n<p>II. COMMUNICATION<\/p>\n<p>Le Conseil des Ministres a entendu une communication du Ministre de l\u2019Action Humanitaire et de la Gestion des Catastrophes relative \u00e0 la situation des inondations. La situation pluviom\u00e9trique, de l\u2019installation de la campagne hivernale au 13 ao\u00fbt 2021, a \u00e9t\u00e9 marqu\u00e9e par des inondations sur l\u2019ensemble des 8 r\u00e9gions du pays aggrav\u00e9es par les derni\u00e8res fortes pluies qui se sont abattues sur l\u2019ensemble du territoire national du 11 au 13 ao\u00fbt.<\/p>\n<p>Le bilan des inondations et d\u00e9g\u00e2ts se pr\u00e9sentent comme suit :<\/p>\n<p>1. R\u00e9gion d\u2019Agadez :<\/p>\n<p>\u2013 D\u00e9partements concern\u00e9s 02 ;<\/p>\n<p>\u2013 Communes concern\u00e9es 02 ;<\/p>\n<p>\u2013 M\u00e9nages sinistr\u00e9s 37 ;<\/p>\n<p>\u2013 Personnes sinistr\u00e9es 229 ;<\/p>\n<p>\u2013 Nombre de d\u00e9c\u00e8s pour effondrements 02 ;<\/p>\n<p>\u2013 Nombre de d\u00e9c\u00e8s par noyade 08 ;<\/p>\n<p>\u2013 Maisons effondr\u00e9es 10 ;<\/p>\n<p>2. R\u00e9gion de Diffa :<\/p>\n<p>\u2013 D\u00e9partements concern\u00e9s 02;<\/p>\n<p>\u2013 Communes concern\u00e9es 03;<\/p>\n<p>\u2013 M\u00e9nages sinistr\u00e9s 145;<\/p>\n<p>\u2013 Personnes sinistr\u00e9es 1 373;<\/p>\n<p>\u2013 Nombre de d\u00e9c\u00e8s par noyade 01;<\/p>\n<p>\u2013 Maisons effondr\u00e9es 272;<\/p>\n<p>\u2013 Cases effondr\u00e9es 49<\/p>\n<p>3. R\u00e9gion de Dosso :<\/p>\n<p>\u2013 D\u00e9partements concern\u00e9s 03;<\/p>\n<p>\u2013 Communes concern\u00e9es 07;<\/p>\n<p>\u2013 M\u00e9nages sinistr\u00e9s 571;<\/p>\n<p>\u2013 Personnes sinistr\u00e9es 4.866;<\/p>\n<p>\u2013 Nombre de d\u00e9c\u00e8s par noyade 01;<\/p>\n<p>\u2013 Maisons effondr\u00e9es 109;<\/p>\n<p>4. R\u00e9gion de Maradi<\/p>\n<p>\u2013 D\u00e9partements concern\u00e9s 09;<\/p>\n<p>\u2013 Communes concern\u00e9es 24;<\/p>\n<p>\u2013 M\u00e9nages sinistr\u00e9s 4.948;<\/p>\n<p>\u2013 Personnes sinistr\u00e9es 44.897;<\/p>\n<p>\u2013 Nombre de d\u00e9c\u00e8s pour effondrements 09;<\/p>\n<p>\u2013 Nombre de d\u00e9c\u00e8s par noyade 09;<\/p>\n<p>\u2013 Maisons effondr\u00e9es 1.944;<\/p>\n<p>\u2013 Cases effondr\u00e9es 225<\/p>\n<p>5. R\u00e9gion de Niamey :<\/p>\n<p>\u2013 Communes concern\u00e9es 05;<\/p>\n<p>\u2013 M\u00e9nages sinistr\u00e9s 106;<\/p>\n<p>\u2013 Personnes sinistr\u00e9es 757;<\/p>\n<p>\u2013 Nombre de d\u00e9c\u00e8s pour effondrements 16;<\/p>\n<p>\u2013 Maisons effondr\u00e9es 255;<\/p>\n<p>6. R\u00e9gion deTahoua :<\/p>\n<p>\u2013 D\u00e9partements concern\u00e9s 04;<\/p>\n<p>\u2013 Communes concern\u00e9es 04;<\/p>\n<p>\u2013 M\u00e9nages sinistr\u00e9s 1. 124;<\/p>\n<p>\u2013 Personnes sinistr\u00e9es 7. 147;<\/p>\n<p>\u2013 Nombre de d\u00e9c\u00e8s pour effondrements 03;<\/p>\n<p>\u2013 Nombre de d\u00e9c\u00e8s par noyade 04;<\/p>\n<p>\u2013 Maisons effondr\u00e9es 324;<\/p>\n<p>\u2013 Cases effondr\u00e9es 02<\/p>\n<p>7. R\u00e9gion de Tillab\u00e9ri :<\/p>\n<p>\u2013 D\u00e9partements concern\u00e9s 03<\/p>\n<p>\u2013 Communes concern\u00e9es 03;<\/p>\n<p>\u2013 M\u00e9nages sinistr\u00e9s 383;<\/p>\n<p>\u2013 Personnes sinistr\u00e9es 3.451;<\/p>\n<p>\u2013 Maisons effondr\u00e9es 79;<\/p>\n<p>\u2013 Cases effondr\u00e9es 04<\/p>\n<p>8. R\u00e9gion de Zinder :<\/p>\n<p>\u2013 D\u00e9partements concern\u00e9s 05;<\/p>\n<p>\u2013 Communes concern\u00e9es 15;<\/p>\n<p>\u2013 M\u00e9nages sinistr\u00e9s 498;<\/p>\n<p>\u2013 Personnes sinistr\u00e9es 6.795;<\/p>\n<p>\u2013 Nombre de d\u00e9c\u00e8s pour effondrements 02;<\/p>\n<p>\u2013 Maisons effondr\u00e9es 1. 599;<\/p>\n<p>\u2013 Cases effondr\u00e9es 02<\/p>\n<p>Ainsi, on d\u00e9nombre 63 communes concern\u00e9es par les inondations, r\u00e9parties dans 29 d\u00e9partements, avec au total :<\/p>\n<p>\u2013 7. 812 m\u00e9nages sinistr\u00e9s;<\/p>\n<p>\u2013 69.515 personnes sinistr\u00e9es ;<\/p>\n<p>\u2013 32 d\u00e9c\u00e8s pour effondrement;<\/p>\n<p>\u2013 23 d\u00e9c\u00e8s par noyade;<\/p>\n<p>\u2013 4.592 maisons effondr\u00e9es;<\/p>\n<p>\u2013 545 cases effondr\u00e9es .<\/p>\n<p><b>L\u2019ordre du jour \u00e9tant \u00e9puis\u00e9, Son Excellence, Monsieur le Premier Ministre, par int\u00e9rim a lev\u00e9 la s\u00e9ance.<\/b><\/p>\n","protected":false},"excerpt":{"rendered":"<p>Africa-Press &#8211; Niger. En application de l\u2019article 73 de la Constitution, le Premier Ministre a re\u00e7u du Pr\u00e9sident de la R\u00e9publique, une d\u00e9l\u00e9gation de pouvoirs pour la pr\u00e9sidence d\u2019un Conseil des Ministres. C\u2019est ainsi que, Son Excellence, Monsieur HASSOUMI MASSOUDOU Premier Ministre, Chef du Gouvernement par int\u00e9rim a pr\u00e9sid\u00e9 le vendredi 13 ao\u00fbt 2021, un [&hellip;]<\/p>\n","protected":false},"author":82,"featured_media":10102,"comment_status":"open","ping_status":"closed","sticky":false,"template":"","format":"standard","meta":{"footnotes":""},"categories":[21,11,20,10],"tags":[55,60,29],"class_list":["post-10103","post","type-post","status-publish","format-standard","has-post-thumbnail","hentry","category-communaute","category-homepage-french","category-top-nouvelles","category-toutes-les-actualites","tag-africa-press","tag-africa-press-niger","tag-niger"],"yoast_head":"<!-- This site is optimized with the Yoast SEO Premium plugin v26.1 (Yoast SEO v27.0) - https:\/\/yoast.com\/product\/yoast-seo-premium-wordpress\/ -->\n<title>Conseil des ministres : Le gouvernement fait le bilan des inondations et d\u00e9g\u00e2ts caus\u00e9s \u00e0 la date du 13 ao\u00fbt - niger<\/title>\n<meta name=\"description\" content=\"\ufeffEn application de l\u2019article 73 de la Constitution, le Premier Ministre a re\u00e7u du Pr\u00e9sident de la R\u00e9publique, une d\u00e9l\u00e9ga ...\" \/>\n<meta name=\"robots\" content=\"index, follow, max-snippet:-1, max-image-preview:large, max-video-preview:-1\" \/>\n<link rel=\"canonical\" href=\"https:\/\/www.africa-press.net\/niger\/toutes-les-actualites\/conseil-des-ministres-le-gouvernement-fait-le-bilan-des-inondations-et-degats-causes-a-la-date-du-13-aout\" \/>\n<meta property=\"og:locale\" content=\"fr_FR\" \/>\n<meta property=\"og:type\" content=\"article\" \/>\n<meta property=\"og:title\" content=\"Conseil des ministres : Le gouvernement fait le bilan des inondations et d\u00e9g\u00e2ts caus\u00e9s \u00e0 la date du 13 ao\u00fbt\" \/>\n<meta property=\"og:description\" content=\"\ufeffEn application de l\u2019article 73 de la Constitution, le Premier Ministre a re\u00e7u du Pr\u00e9sident de la R\u00e9publique, une d\u00e9l\u00e9ga ...\" \/>\n<meta property=\"og:url\" content=\"https:\/\/www.africa-press.net\/niger\/toutes-les-actualites\/conseil-des-ministres-le-gouvernement-fait-le-bilan-des-inondations-et-degats-causes-a-la-date-du-13-aout\" \/>\n<meta property=\"og:site_name\" content=\"niger\" \/>\n<meta property=\"article:published_time\" content=\"2021-08-16T17:00:37+00:00\" \/>\n<meta property=\"article:modified_time\" content=\"2021-08-16T21:28:31+00:00\" \/>\n<meta property=\"og:image\" content=\"https:\/\/static.africa-press.net\/niger\/sites\/40\/2021\/08\/img-611a8df19c6f9.jpg\" \/>\n\t<meta property=\"og:image:width\" content=\"720\" \/>\n\t<meta property=\"og:image:height\" content=\"372\" \/>\n\t<meta property=\"og:image:type\" content=\"image\/jpeg\" \/>\n<meta name=\"author\" content=\"cfeditorfr\" \/>\n<meta name=\"twitter:card\" content=\"summary_large_image\" \/>\n<meta name=\"twitter:label1\" content=\"\u00c9crit par\" \/>\n\t<meta name=\"twitter:data1\" content=\"cfeditorfr\" \/>\n\t<meta name=\"twitter:label2\" content=\"Dur\u00e9e de lecture estim\u00e9e\" \/>\n\t<meta name=\"twitter:data2\" content=\"4 minutes\" \/>\n<script type=\"application\/ld+json\" class=\"yoast-schema-graph\">{\"@context\":\"https:\/\/schema.org\",\"@graph\":[{\"@type\":\"Article\",\"@id\":\"https:\/\/www.africa-press.net\/niger\/toutes-les-actualites\/conseil-des-ministres-le-gouvernement-fait-le-bilan-des-inondations-et-degats-causes-a-la-date-du-13-aout#article\",\"isPartOf\":{\"@id\":\"https:\/\/www.africa-press.net\/niger\/toutes-les-actualites\/conseil-des-ministres-le-gouvernement-fait-le-bilan-des-inondations-et-degats-causes-a-la-date-du-13-aout\"},\"author\":{\"name\":\"cfeditorfr\",\"@id\":\"https:\/\/www.africa-press.net\/niger\/#\/schema\/person\/2b1cf3cd81a31e3cd26889ca66d677f1\"},\"headline\":\"Conseil des ministres : Le gouvernement fait le bilan des inondations et d\u00e9g\u00e2ts caus\u00e9s \u00e0 la date du 13 ao\u00fbt\",\"datePublished\":\"2021-08-16T17:00:37+00:00\",\"dateModified\":\"2021-08-16T21:28:31+00:00\",\"mainEntityOfPage\":{\"@id\":\"https:\/\/www.africa-press.net\/niger\/toutes-les-actualites\/conseil-des-ministres-le-gouvernement-fait-le-bilan-des-inondations-et-degats-causes-a-la-date-du-13-aout\"},\"wordCount\":888,\"commentCount\":0,\"image\":{\"@id\":\"https:\/\/www.africa-press.net\/niger\/toutes-les-actualites\/conseil-des-ministres-le-gouvernement-fait-le-bilan-des-inondations-et-degats-causes-a-la-date-du-13-aout#primaryimage\"},\"thumbnailUrl\":\"https:\/\/static.africa-press.net\/niger\/sites\/40\/2021\/08\/img-611a8df19c6f9.jpg\",\"keywords\":[\"Africa Press\",\"Africa Press-Niger\",\"Niger\"],\"articleSection\":[\"Communaut\u00e9\",\"homepage-french\",\"Top Nouvelles\",\"Toutes les actualit\u00e9s\"],\"inLanguage\":\"fr-FR\",\"potentialAction\":[{\"@type\":\"CommentAction\",\"name\":\"Comment\",\"target\":[\"https:\/\/www.africa-press.net\/niger\/toutes-les-actualites\/conseil-des-ministres-le-gouvernement-fait-le-bilan-des-inondations-et-degats-causes-a-la-date-du-13-aout#respond\"]}]},{\"@type\":\"WebPage\",\"@id\":\"https:\/\/www.africa-press.net\/niger\/toutes-les-actualites\/conseil-des-ministres-le-gouvernement-fait-le-bilan-des-inondations-et-degats-causes-a-la-date-du-13-aout\",\"url\":\"https:\/\/www.africa-press.net\/niger\/toutes-les-actualites\/conseil-des-ministres-le-gouvernement-fait-le-bilan-des-inondations-et-degats-causes-a-la-date-du-13-aout\",\"name\":\"Conseil des ministres : Le gouvernement fait le bilan des inondations et d\u00e9g\u00e2ts caus\u00e9s \u00e0 la date du 13 ao\u00fbt - niger\",\"isPartOf\":{\"@id\":\"https:\/\/www.africa-press.net\/niger\/#website\"},\"primaryImageOfPage\":{\"@id\":\"https:\/\/www.africa-press.net\/niger\/toutes-les-actualites\/conseil-des-ministres-le-gouvernement-fait-le-bilan-des-inondations-et-degats-causes-a-la-date-du-13-aout#primaryimage\"},\"image\":{\"@id\":\"https:\/\/www.africa-press.net\/niger\/toutes-les-actualites\/conseil-des-ministres-le-gouvernement-fait-le-bilan-des-inondations-et-degats-causes-a-la-date-du-13-aout#primaryimage\"},\"thumbnailUrl\":\"https:\/\/static.africa-press.net\/niger\/sites\/40\/2021\/08\/img-611a8df19c6f9.jpg\",\"datePublished\":\"2021-08-16T17:00:37+00:00\",\"dateModified\":\"2021-08-16T21:28:31+00:00\",\"author\":{\"@id\":\"https:\/\/www.africa-press.net\/niger\/#\/schema\/person\/2b1cf3cd81a31e3cd26889ca66d677f1\"},\"description\":\"\ufeffEn application de l\u2019article 73 de la Constitution, le Premier Ministre a re\u00e7u du Pr\u00e9sident de la R\u00e9publique, une d\u00e9l\u00e9ga ...\",\"breadcrumb\":{\"@id\":\"https:\/\/www.africa-press.net\/niger\/toutes-les-actualites\/conseil-des-ministres-le-gouvernement-fait-le-bilan-des-inondations-et-degats-causes-a-la-date-du-13-aout#breadcrumb\"},\"inLanguage\":\"fr-FR\",\"potentialAction\":[{\"@type\":\"ReadAction\",\"target\":[\"https:\/\/www.africa-press.net\/niger\/toutes-les-actualites\/conseil-des-ministres-le-gouvernement-fait-le-bilan-des-inondations-et-degats-causes-a-la-date-du-13-aout\"]}]},{\"@type\":\"ImageObject\",\"inLanguage\":\"fr-FR\",\"@id\":\"https:\/\/www.africa-press.net\/niger\/toutes-les-actualites\/conseil-des-ministres-le-gouvernement-fait-le-bilan-des-inondations-et-degats-causes-a-la-date-du-13-aout#primaryimage\",\"url\":\"https:\/\/static.africa-press.net\/niger\/sites\/40\/2021\/08\/img-611a8df19c6f9.jpg\",\"contentUrl\":\"https:\/\/static.africa-press.net\/niger\/sites\/40\/2021\/08\/img-611a8df19c6f9.jpg\",\"width\":720,\"height\":372,\"caption\":\"Conseil des ministres : Le gouvernement fait le bilan des inondations et d\u00e9g\u00e2ts caus\u00e9s \u00e0 la date du 13 ao\u00fbt\"},{\"@type\":\"BreadcrumbList\",\"@id\":\"https:\/\/www.africa-press.net\/niger\/toutes-les-actualites\/conseil-des-ministres-le-gouvernement-fait-le-bilan-des-inondations-et-degats-causes-a-la-date-du-13-aout#breadcrumb\",\"itemListElement\":[{\"@type\":\"ListItem\",\"position\":1,\"name\":\"Accueil\",\"item\":\"https:\/\/www.africa-press.net\/niger\/\"},{\"@type\":\"ListItem\",\"position\":2,\"name\":\"Conseil des ministres : Le gouvernement fait le bilan des inondations et d\u00e9g\u00e2ts caus\u00e9s \u00e0 la date du 13 ao\u00fbt\"}]},{\"@type\":\"WebSite\",\"@id\":\"https:\/\/www.africa-press.net\/niger\/#website\",\"url\":\"https:\/\/www.africa-press.net\/niger\/\",\"name\":\"niger\",\"description\":\"Just another Africa News Agency Sites site\",\"potentialAction\":[{\"@type\":\"SearchAction\",\"target\":{\"@type\":\"EntryPoint\",\"urlTemplate\":\"https:\/\/www.africa-press.net\/niger\/?s={search_term_string}\"},\"query-input\":{\"@type\":\"PropertyValueSpecification\",\"valueRequired\":true,\"valueName\":\"search_term_string\"}}],\"inLanguage\":\"fr-FR\"},{\"@type\":\"Person\",\"@id\":\"https:\/\/www.africa-press.net\/niger\/#\/schema\/person\/2b1cf3cd81a31e3cd26889ca66d677f1\",\"name\":\"cfeditorfr\"}]}<\/script>\n<!-- \/ Yoast SEO Premium plugin. -->","yoast_head_json":{"title":"Conseil des ministres : Le gouvernement fait le bilan des inondations et d\u00e9g\u00e2ts caus\u00e9s \u00e0 la date du 13 ao\u00fbt - niger","description":"\ufeffEn application de l\u2019article 73 de la Constitution, le Premier Ministre a re\u00e7u du Pr\u00e9sident de la R\u00e9publique, une d\u00e9l\u00e9ga ...","robots":{"index":"index","follow":"follow","max-snippet":"max-snippet:-1","max-image-preview":"max-image-preview:large","max-video-preview":"max-video-preview:-1"},"canonical":"https:\/\/www.africa-press.net\/niger\/toutes-les-actualites\/conseil-des-ministres-le-gouvernement-fait-le-bilan-des-inondations-et-degats-causes-a-la-date-du-13-aout","og_locale":"fr_FR","og_type":"article","og_title":"Conseil des ministres : Le gouvernement fait le bilan des inondations et d\u00e9g\u00e2ts caus\u00e9s \u00e0 la date du 13 ao\u00fbt","og_description":"\ufeffEn application de l\u2019article 73 de la Constitution, le Premier Ministre a re\u00e7u du Pr\u00e9sident de la R\u00e9publique, une d\u00e9l\u00e9ga ...","og_url":"https:\/\/www.africa-press.net\/niger\/toutes-les-actualites\/conseil-des-ministres-le-gouvernement-fait-le-bilan-des-inondations-et-degats-causes-a-la-date-du-13-aout","og_site_name":"niger","article_published_time":"2021-08-16T17:00:37+00:00","article_modified_time":"2021-08-16T21:28:31+00:00","og_image":[{"width":720,"height":372,"url":"https:\/\/static.africa-press.net\/niger\/sites\/40\/2021\/08\/img-611a8df19c6f9.jpg","type":"image\/jpeg"}],"author":"cfeditorfr","twitter_card":"summary_large_image","twitter_misc":{"\u00c9crit par":"cfeditorfr","Dur\u00e9e de lecture estim\u00e9e":"4 minutes"},"schema":{"@context":"https:\/\/schema.org","@graph":[{"@type":"Article","@id":"https:\/\/www.africa-press.net\/niger\/toutes-les-actualites\/conseil-des-ministres-le-gouvernement-fait-le-bilan-des-inondations-et-degats-causes-a-la-date-du-13-aout#article","isPartOf":{"@id":"https:\/\/www.africa-press.net\/niger\/toutes-les-actualites\/conseil-des-ministres-le-gouvernement-fait-le-bilan-des-inondations-et-degats-causes-a-la-date-du-13-aout"},"author":{"name":"cfeditorfr","@id":"https:\/\/www.africa-press.net\/niger\/#\/schema\/person\/2b1cf3cd81a31e3cd26889ca66d677f1"},"headline":"Conseil des ministres : Le gouvernement fait le bilan des inondations et d\u00e9g\u00e2ts caus\u00e9s \u00e0 la date du 13 ao\u00fbt","datePublished":"2021-08-16T17:00:37+00:00","dateModified":"2021-08-16T21:28:31+00:00","mainEntityOfPage":{"@id":"https:\/\/www.africa-press.net\/niger\/toutes-les-actualites\/conseil-des-ministres-le-gouvernement-fait-le-bilan-des-inondations-et-degats-causes-a-la-date-du-13-aout"},"wordCount":888,"commentCount":0,"image":{"@id":"https:\/\/www.africa-press.net\/niger\/toutes-les-actualites\/conseil-des-ministres-le-gouvernement-fait-le-bilan-des-inondations-et-degats-causes-a-la-date-du-13-aout#primaryimage"},"thumbnailUrl":"https:\/\/static.africa-press.net\/niger\/sites\/40\/2021\/08\/img-611a8df19c6f9.jpg","keywords":["Africa Press","Africa Press-Niger","Niger"],"articleSection":["Communaut\u00e9","homepage-french","Top Nouvelles","Toutes les actualit\u00e9s"],"inLanguage":"fr-FR","potentialAction":[{"@type":"CommentAction","name":"Comment","target":["https:\/\/www.africa-press.net\/niger\/toutes-les-actualites\/conseil-des-ministres-le-gouvernement-fait-le-bilan-des-inondations-et-degats-causes-a-la-date-du-13-aout#respond"]}]},{"@type":"WebPage","@id":"https:\/\/www.africa-press.net\/niger\/toutes-les-actualites\/conseil-des-ministres-le-gouvernement-fait-le-bilan-des-inondations-et-degats-causes-a-la-date-du-13-aout","url":"https:\/\/www.africa-press.net\/niger\/toutes-les-actualites\/conseil-des-ministres-le-gouvernement-fait-le-bilan-des-inondations-et-degats-causes-a-la-date-du-13-aout","name":"Conseil des ministres : Le gouvernement fait le bilan des inondations et d\u00e9g\u00e2ts caus\u00e9s \u00e0 la date du 13 ao\u00fbt - niger","isPartOf":{"@id":"https:\/\/www.africa-press.net\/niger\/#website"},"primaryImageOfPage":{"@id":"https:\/\/www.africa-press.net\/niger\/toutes-les-actualites\/conseil-des-ministres-le-gouvernement-fait-le-bilan-des-inondations-et-degats-causes-a-la-date-du-13-aout#primaryimage"},"image":{"@id":"https:\/\/www.africa-press.net\/niger\/toutes-les-actualites\/conseil-des-ministres-le-gouvernement-fait-le-bilan-des-inondations-et-degats-causes-a-la-date-du-13-aout#primaryimage"},"thumbnailUrl":"https:\/\/static.africa-press.net\/niger\/sites\/40\/2021\/08\/img-611a8df19c6f9.jpg","datePublished":"2021-08-16T17:00:37+00:00","dateModified":"2021-08-16T21:28:31+00:00","author":{"@id":"https:\/\/www.africa-press.net\/niger\/#\/schema\/person\/2b1cf3cd81a31e3cd26889ca66d677f1"},"description":"\ufeffEn application de l\u2019article 73 de la Constitution, le Premier Ministre a re\u00e7u du Pr\u00e9sident de la R\u00e9publique, une d\u00e9l\u00e9ga ...","breadcrumb":{"@id":"https:\/\/www.africa-press.net\/niger\/toutes-les-actualites\/conseil-des-ministres-le-gouvernement-fait-le-bilan-des-inondations-et-degats-causes-a-la-date-du-13-aout#breadcrumb"},"inLanguage":"fr-FR","potentialAction":[{"@type":"ReadAction","target":["https:\/\/www.africa-press.net\/niger\/toutes-les-actualites\/conseil-des-ministres-le-gouvernement-fait-le-bilan-des-inondations-et-degats-causes-a-la-date-du-13-aout"]}]},{"@type":"ImageObject","inLanguage":"fr-FR","@id":"https:\/\/www.africa-press.net\/niger\/toutes-les-actualites\/conseil-des-ministres-le-gouvernement-fait-le-bilan-des-inondations-et-degats-causes-a-la-date-du-13-aout#primaryimage","url":"https:\/\/static.africa-press.net\/niger\/sites\/40\/2021\/08\/img-611a8df19c6f9.jpg","contentUrl":"https:\/\/static.africa-press.net\/niger\/sites\/40\/2021\/08\/img-611a8df19c6f9.jpg","width":720,"height":372,"caption":"Conseil des ministres : Le gouvernement fait le bilan des inondations et d\u00e9g\u00e2ts caus\u00e9s \u00e0 la date du 13 ao\u00fbt"},{"@type":"BreadcrumbList","@id":"https:\/\/www.africa-press.net\/niger\/toutes-les-actualites\/conseil-des-ministres-le-gouvernement-fait-le-bilan-des-inondations-et-degats-causes-a-la-date-du-13-aout#breadcrumb","itemListElement":[{"@type":"ListItem","position":1,"name":"Accueil","item":"https:\/\/www.africa-press.net\/niger\/"},{"@type":"ListItem","position":2,"name":"Conseil des ministres : Le gouvernement fait le bilan des inondations et d\u00e9g\u00e2ts caus\u00e9s \u00e0 la date du 13 ao\u00fbt"}]},{"@type":"WebSite","@id":"https:\/\/www.africa-press.net\/niger\/#website","url":"https:\/\/www.africa-press.net\/niger\/","name":"niger","description":"Just another Africa News Agency Sites site","potentialAction":[{"@type":"SearchAction","target":{"@type":"EntryPoint","urlTemplate":"https:\/\/www.africa-press.net\/niger\/?s={search_term_string}"},"query-input":{"@type":"PropertyValueSpecification","valueRequired":true,"valueName":"search_term_string"}}],"inLanguage":"fr-FR"},{"@type":"Person","@id":"https:\/\/www.africa-press.net\/niger\/#\/schema\/person\/2b1cf3cd81a31e3cd26889ca66d677f1","name":"cfeditorfr"}]}},"_links":{"self":[{"href":"https:\/\/www.africa-press.net\/niger\/wp-json\/wp\/v2\/posts\/10103","targetHints":{"allow":["GET"]}}],"collection":[{"href":"https:\/\/www.africa-press.net\/niger\/wp-json\/wp\/v2\/posts"}],"about":[{"href":"https:\/\/www.africa-press.net\/niger\/wp-json\/wp\/v2\/types\/post"}],"author":[{"embeddable":true,"href":"https:\/\/www.africa-press.net\/niger\/wp-json\/wp\/v2\/users\/82"}],"replies":[{"embeddable":true,"href":"https:\/\/www.africa-press.net\/niger\/wp-json\/wp\/v2\/comments?post=10103"}],"version-history":[{"count":0,"href":"https:\/\/www.africa-press.net\/niger\/wp-json\/wp\/v2\/posts\/10103\/revisions"}],"wp:featuredmedia":[{"embeddable":true,"href":"https:\/\/www.africa-press.net\/niger\/wp-json\/wp\/v2\/media\/10102"}],"wp:attachment":[{"href":"https:\/\/www.africa-press.net\/niger\/wp-json\/wp\/v2\/media?parent=10103"}],"wp:term":[{"taxonomy":"category","embeddable":true,"href":"https:\/\/www.africa-press.net\/niger\/wp-json\/wp\/v2\/categories?post=10103"},{"taxonomy":"post_tag","embeddable":true,"href":"https:\/\/www.africa-press.net\/niger\/wp-json\/wp\/v2\/tags?post=10103"}],"curies":[{"name":"wp","href":"https:\/\/api.w.org\/{rel}","templated":true}]}}