{"id":10106,"date":"2021-08-16T17:09:21","date_gmt":"2021-08-16T17:09:21","guid":{"rendered":"https:\/\/www.africa-press.net\/niger\/?p=10106"},"modified":"2021-08-16T21:28:41","modified_gmt":"2021-08-16T21:28:41","slug":"traite-portant-creation-de-lagence-africaine-de-medicaments-ama-lambassadeur-du-niger-a-addis-abeba-depose-le-document-ratifie-a-la-commission-de-lunion-africaine","status":"publish","type":"post","link":"https:\/\/www.africa-press.net\/niger\/toutes-les-actualites\/traite-portant-creation-de-lagence-africaine-de-medicaments-ama-lambassadeur-du-niger-a-addis-abeba-depose-le-document-ratifie-a-la-commission-de-lunion-africaine","title":{"rendered":"Trait\u00e9 portant cr\u00e9ation de l\u2019Agence Africaine de M\u00e9dicaments (AMA) : L\u2019Ambassadeur du Niger \u00e0 Addis-Abeba d\u00e9pose le document ratifi\u00e9 \u00e0 la Commission de l\u2019Union Africaine"},"content":{"rendered":"<p><span style=\"color: #ff6600\"><strong><a href=\"https:\/\/www.africa-press.net\/\">Africa-Press<\/a> &#8211; <a href=\"https:\/\/www.africa-press.net\/niger\">Niger<\/a>. <\/strong><\/span> Le Niger est le 10\u00e8me pays africain \u00e0 honorer son engagement par rapport au Trait\u00e9. En effet, au cours d\u2019une c\u00e9r\u00e9monie qui s\u2019est d\u00e9roul\u00e9e le jeudi 12 ao\u00fbt 2021 au si\u00e8ge de l\u2019Union Africaine \u00e0 Addis-Abeba, l\u2019Ambassadeur du Niger, Repr\u00e9sentant permanent aupr\u00e8s de l\u2019UA et de la CEA, SEM Zakariaou Adam Maiga, a saisi l\u2019occasion pour d\u00e9poser officiellement les documents de ratification du Trait\u00e9 portant cr\u00e9ation de l\u2019Agence Africaine de M\u00e9dicaments \u00e0 l\u2019UA (AMA).<\/p>\n<p>Par ce trait\u00e9 qui a \u00e9t\u00e9 adopt\u00e9 le 11 f\u00e9vrier 2019 \u00e0 Addis-Abeba en \u00c9thiopie, et le Niger s\u2019est engag\u00e9 formellement \u00e0 ratifier le document. C\u2019est donc une promesse qui a \u00e9t\u00e9 tenue le jeudi 12 ao\u00fbt 2021 o\u00f9, apr\u00e8s l\u2019adoption dudit Trait\u00e9 par le Conseil des ministres le 17 juin 2021 suivie de sa ratification par l\u2019Assembl\u00e9e nationale en sa s\u00e9ance pl\u00e9ni\u00e8re du 29 juin 2021, le Niger a officiellement d\u00e9pos\u00e9 les documents portant cr\u00e9ation de l\u2019AMA au si\u00e8ge de l\u2019Union Africaine.<\/p>\n<p>L\u2019objectif principal de ce Trait\u00e9 est de garantir la sant\u00e9 et la s\u00fbret\u00e9 des populations africaines \u00e0 travers des produits m\u00e9dicaux s\u00fbrs et efficaces sur le continent en proie \u00e0 de nombreuses difficult\u00e9s d\u2019approvisionnement en m\u00e9dicaments, et au ph\u00e9nom\u00e8ne des produits pharmaceutiques contrefaits et de mauvaise qualit\u00e9.<\/p>\n<p>En d\u00e9posant les documents de ratification de Trait\u00e9, l\u2019Ambassadeur Zakariaou Adam Maiga, s\u2019est r\u00e9joui du fait que le Niger est le 10\u00e8me pays africain \u00e0 honorer son engagement pour ce Trait\u00e9 d\u2019une importance capitale pour l\u2019Afrique. Un acte hautement salu\u00e9 par le Repr\u00e9sentant du Bureau du Conseil juridique de la Commission de l\u2019Union Africaine, M. Mohamed Salem, qui a r\u00e9ceptionn\u00e9 les documents de ratification de l\u2019AMA.<\/p>\n<p>A noter que le trait\u00e9 portant cr\u00e9ation de l\u2019Agence Africaine du M\u00e9dicament est l\u2019aboutissement d\u2019un long processus initi\u00e9 en Janvier 2005 \u00e0 Abuja au Nigeria, lors du sommet de l\u2019UA qui, par sa cinquante-cinqui\u00e8me d\u00e9cision, avait demand\u00e9 \u00e0 la Commission de l\u2019UA d\u2019\u00e9laborer un plan de fabrication de produits pharmaceutiques pour l\u2019Afrique, en vue d\u2019am\u00e9liorer l\u2019acc\u00e8s des populations africaines \u00e0 des produits m\u00e9dicaux et aux technologies sanitaires de bonne qualit\u00e9, sans risques et tr\u00e8s efficaces.<\/p>\n<p>De par ses objectifs et les dispositifs qu\u2019il pr\u00e9voit, ce Trait\u00e9 correspond parfaitement aux objectifs de la Politique Nationale de Sant\u00e9 et du Plan de D\u00e9veloppement Sanitaire (2017-2021) du de notre pays. Le Niger a, auparavant d\u00e9j\u00e0 sign\u00e9 le pr\u00e9sent trait\u00e9 depuis le 9 f\u00e9vrier 2020. Le Trait\u00e9 portant cr\u00e9ation de l\u2019Agence Africaine de M\u00e9dicaments (AMA), qui est soumis \u00e0 ratification ou l\u2019adh\u00e9sion des \u00c9tats membres de l\u2019UA, entrera en vigueur trente jours apr\u00e8s le d\u00e9p\u00f4t du quinzi\u00e8me instrument de ratification.<\/p>\n<p><b>\u00a0<\/b><\/p>\n","protected":false},"excerpt":{"rendered":"<p>Africa-Press &#8211; Niger. Le Niger est le 10\u00e8me pays africain \u00e0 honorer son engagement par rapport au Trait\u00e9. En effet, au cours d\u2019une c\u00e9r\u00e9monie qui s\u2019est d\u00e9roul\u00e9e le jeudi 12 ao\u00fbt 2021 au si\u00e8ge de l\u2019Union Africaine \u00e0 Addis-Abeba, l\u2019Ambassadeur du Niger, Repr\u00e9sentant permanent aupr\u00e8s de l\u2019UA et de la CEA, SEM Zakariaou Adam Maiga, [&hellip;]<\/p>\n","protected":false},"author":82,"featured_media":10105,"comment_status":"open","ping_status":"closed","sticky":false,"template":"","format":"standard","meta":{"footnotes":""},"categories":[21,11,20,10],"tags":[55,60,29],"class_list":["post-10106","post","type-post","status-publish","format-standard","has-post-thumbnail","hentry","category-communaute","category-homepage-french","category-top-nouvelles","category-toutes-les-actualites","tag-africa-press","tag-africa-press-niger","tag-niger"],"yoast_head":"<!-- This site is optimized with the Yoast SEO Premium plugin v26.1 (Yoast SEO v27.0) - https:\/\/yoast.com\/product\/yoast-seo-premium-wordpress\/ -->\n<title>Trait\u00e9 portant cr\u00e9ation de l\u2019Agence Africaine de M\u00e9dicaments (AMA) : L\u2019Ambassadeur du Niger \u00e0 Addis-Abeba d\u00e9pose le document ratifi\u00e9 \u00e0 la Commission de l\u2019Union Africaine - niger<\/title>\n<meta name=\"description\" content=\"\ufeff Le Niger est le 10\u00e8me pays africain \u00e0 honorer son engagement par rapport au Trait\u00e9. En effet, au cours d\u2019une c\u00e9r\u00e9monie ...\" \/>\n<meta name=\"robots\" content=\"index, follow, max-snippet:-1, max-image-preview:large, max-video-preview:-1\" \/>\n<link rel=\"canonical\" href=\"https:\/\/www.africa-press.net\/niger\/toutes-les-actualites\/traite-portant-creation-de-lagence-africaine-de-medicaments-ama-lambassadeur-du-niger-a-addis-abeba-depose-le-document-ratifie-a-la-commission-de-lunion-africaine\" \/>\n<meta property=\"og:locale\" content=\"fr_FR\" \/>\n<meta property=\"og:type\" content=\"article\" \/>\n<meta property=\"og:title\" content=\"Trait\u00e9 portant cr\u00e9ation de l\u2019Agence Africaine de M\u00e9dicaments (AMA) : L\u2019Ambassadeur du Niger \u00e0 Addis-Abeba d\u00e9pose le document ratifi\u00e9 \u00e0 la Commission de l\u2019Union Africaine\" \/>\n<meta property=\"og:description\" content=\"\ufeff Le Niger est le 10\u00e8me pays africain \u00e0 honorer son engagement par rapport au Trait\u00e9. En effet, au cours d\u2019une c\u00e9r\u00e9monie ...\" \/>\n<meta property=\"og:url\" content=\"https:\/\/www.africa-press.net\/niger\/toutes-les-actualites\/traite-portant-creation-de-lagence-africaine-de-medicaments-ama-lambassadeur-du-niger-a-addis-abeba-depose-le-document-ratifie-a-la-commission-de-lunion-africaine\" \/>\n<meta property=\"og:site_name\" content=\"niger\" \/>\n<meta property=\"article:published_time\" content=\"2021-08-16T17:09:21+00:00\" \/>\n<meta property=\"article:modified_time\" content=\"2021-08-16T21:28:41+00:00\" \/>\n<meta property=\"og:image\" content=\"https:\/\/static.africa-press.net\/niger\/sites\/40\/2021\/08\/img-611a8e183d3de.jpg\" \/>\n\t<meta property=\"og:image:width\" content=\"720\" \/>\n\t<meta property=\"og:image:height\" content=\"459\" \/>\n\t<meta property=\"og:image:type\" content=\"image\/jpeg\" \/>\n<meta name=\"author\" content=\"cfeditorfr\" \/>\n<meta name=\"twitter:card\" content=\"summary_large_image\" \/>\n<meta name=\"twitter:label1\" content=\"\u00c9crit par\" \/>\n\t<meta name=\"twitter:data1\" content=\"cfeditorfr\" \/>\n\t<meta name=\"twitter:label2\" content=\"Dur\u00e9e de lecture estim\u00e9e\" \/>\n\t<meta name=\"twitter:data2\" content=\"2 minutes\" \/>\n<script type=\"application\/ld+json\" class=\"yoast-schema-graph\">{\"@context\":\"https:\/\/schema.org\",\"@graph\":[{\"@type\":\"Article\",\"@id\":\"https:\/\/www.africa-press.net\/niger\/toutes-les-actualites\/traite-portant-creation-de-lagence-africaine-de-medicaments-ama-lambassadeur-du-niger-a-addis-abeba-depose-le-document-ratifie-a-la-commission-de-lunion-africaine#article\",\"isPartOf\":{\"@id\":\"https:\/\/www.africa-press.net\/niger\/toutes-les-actualites\/traite-portant-creation-de-lagence-africaine-de-medicaments-ama-lambassadeur-du-niger-a-addis-abeba-depose-le-document-ratifie-a-la-commission-de-lunion-africaine\"},\"author\":{\"name\":\"cfeditorfr\",\"@id\":\"https:\/\/www.africa-press.net\/niger\/#\/schema\/person\/2b1cf3cd81a31e3cd26889ca66d677f1\"},\"headline\":\"Trait\u00e9 portant cr\u00e9ation de l\u2019Agence Africaine de M\u00e9dicaments (AMA) : L\u2019Ambassadeur du Niger \u00e0 Addis-Abeba d\u00e9pose le document ratifi\u00e9 \u00e0 la Commission de l\u2019Union Africaine\",\"datePublished\":\"2021-08-16T17:09:21+00:00\",\"dateModified\":\"2021-08-16T21:28:41+00:00\",\"mainEntityOfPage\":{\"@id\":\"https:\/\/www.africa-press.net\/niger\/toutes-les-actualites\/traite-portant-creation-de-lagence-africaine-de-medicaments-ama-lambassadeur-du-niger-a-addis-abeba-depose-le-document-ratifie-a-la-commission-de-lunion-africaine\"},\"wordCount\":519,\"commentCount\":0,\"image\":{\"@id\":\"https:\/\/www.africa-press.net\/niger\/toutes-les-actualites\/traite-portant-creation-de-lagence-africaine-de-medicaments-ama-lambassadeur-du-niger-a-addis-abeba-depose-le-document-ratifie-a-la-commission-de-lunion-africaine#primaryimage\"},\"thumbnailUrl\":\"https:\/\/static.africa-press.net\/niger\/sites\/40\/2021\/08\/img-611a8e183d3de.jpg\",\"keywords\":[\"Africa Press\",\"Africa Press-Niger\",\"Niger\"],\"articleSection\":[\"Communaut\u00e9\",\"homepage-french\",\"Top Nouvelles\",\"Toutes les actualit\u00e9s\"],\"inLanguage\":\"fr-FR\",\"potentialAction\":[{\"@type\":\"CommentAction\",\"name\":\"Comment\",\"target\":[\"https:\/\/www.africa-press.net\/niger\/toutes-les-actualites\/traite-portant-creation-de-lagence-africaine-de-medicaments-ama-lambassadeur-du-niger-a-addis-abeba-depose-le-document-ratifie-a-la-commission-de-lunion-africaine#respond\"]}]},{\"@type\":\"WebPage\",\"@id\":\"https:\/\/www.africa-press.net\/niger\/toutes-les-actualites\/traite-portant-creation-de-lagence-africaine-de-medicaments-ama-lambassadeur-du-niger-a-addis-abeba-depose-le-document-ratifie-a-la-commission-de-lunion-africaine\",\"url\":\"https:\/\/www.africa-press.net\/niger\/toutes-les-actualites\/traite-portant-creation-de-lagence-africaine-de-medicaments-ama-lambassadeur-du-niger-a-addis-abeba-depose-le-document-ratifie-a-la-commission-de-lunion-africaine\",\"name\":\"Trait\u00e9 portant cr\u00e9ation de l\u2019Agence Africaine de M\u00e9dicaments (AMA) : L\u2019Ambassadeur du Niger \u00e0 Addis-Abeba d\u00e9pose le document ratifi\u00e9 \u00e0 la Commission de l\u2019Union Africaine - niger\",\"isPartOf\":{\"@id\":\"https:\/\/www.africa-press.net\/niger\/#website\"},\"primaryImageOfPage\":{\"@id\":\"https:\/\/www.africa-press.net\/niger\/toutes-les-actualites\/traite-portant-creation-de-lagence-africaine-de-medicaments-ama-lambassadeur-du-niger-a-addis-abeba-depose-le-document-ratifie-a-la-commission-de-lunion-africaine#primaryimage\"},\"image\":{\"@id\":\"https:\/\/www.africa-press.net\/niger\/toutes-les-actualites\/traite-portant-creation-de-lagence-africaine-de-medicaments-ama-lambassadeur-du-niger-a-addis-abeba-depose-le-document-ratifie-a-la-commission-de-lunion-africaine#primaryimage\"},\"thumbnailUrl\":\"https:\/\/static.africa-press.net\/niger\/sites\/40\/2021\/08\/img-611a8e183d3de.jpg\",\"datePublished\":\"2021-08-16T17:09:21+00:00\",\"dateModified\":\"2021-08-16T21:28:41+00:00\",\"author\":{\"@id\":\"https:\/\/www.africa-press.net\/niger\/#\/schema\/person\/2b1cf3cd81a31e3cd26889ca66d677f1\"},\"description\":\"\ufeff Le Niger est le 10\u00e8me pays africain \u00e0 honorer son engagement par rapport au Trait\u00e9. En effet, au cours d\u2019une c\u00e9r\u00e9monie ...\",\"breadcrumb\":{\"@id\":\"https:\/\/www.africa-press.net\/niger\/toutes-les-actualites\/traite-portant-creation-de-lagence-africaine-de-medicaments-ama-lambassadeur-du-niger-a-addis-abeba-depose-le-document-ratifie-a-la-commission-de-lunion-africaine#breadcrumb\"},\"inLanguage\":\"fr-FR\",\"potentialAction\":[{\"@type\":\"ReadAction\",\"target\":[\"https:\/\/www.africa-press.net\/niger\/toutes-les-actualites\/traite-portant-creation-de-lagence-africaine-de-medicaments-ama-lambassadeur-du-niger-a-addis-abeba-depose-le-document-ratifie-a-la-commission-de-lunion-africaine\"]}]},{\"@type\":\"ImageObject\",\"inLanguage\":\"fr-FR\",\"@id\":\"https:\/\/www.africa-press.net\/niger\/toutes-les-actualites\/traite-portant-creation-de-lagence-africaine-de-medicaments-ama-lambassadeur-du-niger-a-addis-abeba-depose-le-document-ratifie-a-la-commission-de-lunion-africaine#primaryimage\",\"url\":\"https:\/\/static.africa-press.net\/niger\/sites\/40\/2021\/08\/img-611a8e183d3de.jpg\",\"contentUrl\":\"https:\/\/static.africa-press.net\/niger\/sites\/40\/2021\/08\/img-611a8e183d3de.jpg\",\"width\":720,\"height\":459,\"caption\":\"Trait\u00e9 portant cr\u00e9ation de l\u2019Agence Africaine de M\u00e9dicaments (AMA) : L\u2019Ambassadeur du Niger \u00e0 Addis-Abeba d\u00e9pose le document ratifi\u00e9 \u00e0 la Commission de l\u2019Union Africaine\"},{\"@type\":\"BreadcrumbList\",\"@id\":\"https:\/\/www.africa-press.net\/niger\/toutes-les-actualites\/traite-portant-creation-de-lagence-africaine-de-medicaments-ama-lambassadeur-du-niger-a-addis-abeba-depose-le-document-ratifie-a-la-commission-de-lunion-africaine#breadcrumb\",\"itemListElement\":[{\"@type\":\"ListItem\",\"position\":1,\"name\":\"Accueil\",\"item\":\"https:\/\/www.africa-press.net\/niger\/\"},{\"@type\":\"ListItem\",\"position\":2,\"name\":\"Trait\u00e9 portant cr\u00e9ation de l\u2019Agence Africaine de M\u00e9dicaments (AMA) : L\u2019Ambassadeur du Niger \u00e0 Addis-Abeba d\u00e9pose le document ratifi\u00e9 \u00e0 la Commission de l\u2019Union Africaine\"}]},{\"@type\":\"WebSite\",\"@id\":\"https:\/\/www.africa-press.net\/niger\/#website\",\"url\":\"https:\/\/www.africa-press.net\/niger\/\",\"name\":\"niger\",\"description\":\"Just another Africa News Agency Sites site\",\"potentialAction\":[{\"@type\":\"SearchAction\",\"target\":{\"@type\":\"EntryPoint\",\"urlTemplate\":\"https:\/\/www.africa-press.net\/niger\/?s={search_term_string}\"},\"query-input\":{\"@type\":\"PropertyValueSpecification\",\"valueRequired\":true,\"valueName\":\"search_term_string\"}}],\"inLanguage\":\"fr-FR\"},{\"@type\":\"Person\",\"@id\":\"https:\/\/www.africa-press.net\/niger\/#\/schema\/person\/2b1cf3cd81a31e3cd26889ca66d677f1\",\"name\":\"cfeditorfr\"}]}<\/script>\n<!-- \/ Yoast SEO Premium plugin. -->","yoast_head_json":{"title":"Trait\u00e9 portant cr\u00e9ation de l\u2019Agence Africaine de M\u00e9dicaments (AMA) : L\u2019Ambassadeur du Niger \u00e0 Addis-Abeba d\u00e9pose le document ratifi\u00e9 \u00e0 la Commission de l\u2019Union Africaine - niger","description":"\ufeff Le Niger est le 10\u00e8me pays africain \u00e0 honorer son engagement par rapport au Trait\u00e9. En effet, au cours d\u2019une c\u00e9r\u00e9monie ...","robots":{"index":"index","follow":"follow","max-snippet":"max-snippet:-1","max-image-preview":"max-image-preview:large","max-video-preview":"max-video-preview:-1"},"canonical":"https:\/\/www.africa-press.net\/niger\/toutes-les-actualites\/traite-portant-creation-de-lagence-africaine-de-medicaments-ama-lambassadeur-du-niger-a-addis-abeba-depose-le-document-ratifie-a-la-commission-de-lunion-africaine","og_locale":"fr_FR","og_type":"article","og_title":"Trait\u00e9 portant cr\u00e9ation de l\u2019Agence Africaine de M\u00e9dicaments (AMA) : L\u2019Ambassadeur du Niger \u00e0 Addis-Abeba d\u00e9pose le document ratifi\u00e9 \u00e0 la Commission de l\u2019Union Africaine","og_description":"\ufeff Le Niger est le 10\u00e8me pays africain \u00e0 honorer son engagement par rapport au Trait\u00e9. En effet, au cours d\u2019une c\u00e9r\u00e9monie ...","og_url":"https:\/\/www.africa-press.net\/niger\/toutes-les-actualites\/traite-portant-creation-de-lagence-africaine-de-medicaments-ama-lambassadeur-du-niger-a-addis-abeba-depose-le-document-ratifie-a-la-commission-de-lunion-africaine","og_site_name":"niger","article_published_time":"2021-08-16T17:09:21+00:00","article_modified_time":"2021-08-16T21:28:41+00:00","og_image":[{"width":720,"height":459,"url":"https:\/\/static.africa-press.net\/niger\/sites\/40\/2021\/08\/img-611a8e183d3de.jpg","type":"image\/jpeg"}],"author":"cfeditorfr","twitter_card":"summary_large_image","twitter_misc":{"\u00c9crit par":"cfeditorfr","Dur\u00e9e de lecture estim\u00e9e":"2 minutes"},"schema":{"@context":"https:\/\/schema.org","@graph":[{"@type":"Article","@id":"https:\/\/www.africa-press.net\/niger\/toutes-les-actualites\/traite-portant-creation-de-lagence-africaine-de-medicaments-ama-lambassadeur-du-niger-a-addis-abeba-depose-le-document-ratifie-a-la-commission-de-lunion-africaine#article","isPartOf":{"@id":"https:\/\/www.africa-press.net\/niger\/toutes-les-actualites\/traite-portant-creation-de-lagence-africaine-de-medicaments-ama-lambassadeur-du-niger-a-addis-abeba-depose-le-document-ratifie-a-la-commission-de-lunion-africaine"},"author":{"name":"cfeditorfr","@id":"https:\/\/www.africa-press.net\/niger\/#\/schema\/person\/2b1cf3cd81a31e3cd26889ca66d677f1"},"headline":"Trait\u00e9 portant cr\u00e9ation de l\u2019Agence Africaine de M\u00e9dicaments (AMA) : L\u2019Ambassadeur du Niger \u00e0 Addis-Abeba d\u00e9pose le document ratifi\u00e9 \u00e0 la Commission de l\u2019Union Africaine","datePublished":"2021-08-16T17:09:21+00:00","dateModified":"2021-08-16T21:28:41+00:00","mainEntityOfPage":{"@id":"https:\/\/www.africa-press.net\/niger\/toutes-les-actualites\/traite-portant-creation-de-lagence-africaine-de-medicaments-ama-lambassadeur-du-niger-a-addis-abeba-depose-le-document-ratifie-a-la-commission-de-lunion-africaine"},"wordCount":519,"commentCount":0,"image":{"@id":"https:\/\/www.africa-press.net\/niger\/toutes-les-actualites\/traite-portant-creation-de-lagence-africaine-de-medicaments-ama-lambassadeur-du-niger-a-addis-abeba-depose-le-document-ratifie-a-la-commission-de-lunion-africaine#primaryimage"},"thumbnailUrl":"https:\/\/static.africa-press.net\/niger\/sites\/40\/2021\/08\/img-611a8e183d3de.jpg","keywords":["Africa Press","Africa Press-Niger","Niger"],"articleSection":["Communaut\u00e9","homepage-french","Top Nouvelles","Toutes les actualit\u00e9s"],"inLanguage":"fr-FR","potentialAction":[{"@type":"CommentAction","name":"Comment","target":["https:\/\/www.africa-press.net\/niger\/toutes-les-actualites\/traite-portant-creation-de-lagence-africaine-de-medicaments-ama-lambassadeur-du-niger-a-addis-abeba-depose-le-document-ratifie-a-la-commission-de-lunion-africaine#respond"]}]},{"@type":"WebPage","@id":"https:\/\/www.africa-press.net\/niger\/toutes-les-actualites\/traite-portant-creation-de-lagence-africaine-de-medicaments-ama-lambassadeur-du-niger-a-addis-abeba-depose-le-document-ratifie-a-la-commission-de-lunion-africaine","url":"https:\/\/www.africa-press.net\/niger\/toutes-les-actualites\/traite-portant-creation-de-lagence-africaine-de-medicaments-ama-lambassadeur-du-niger-a-addis-abeba-depose-le-document-ratifie-a-la-commission-de-lunion-africaine","name":"Trait\u00e9 portant cr\u00e9ation de l\u2019Agence Africaine de M\u00e9dicaments (AMA) : L\u2019Ambassadeur du Niger \u00e0 Addis-Abeba d\u00e9pose le document ratifi\u00e9 \u00e0 la Commission de l\u2019Union Africaine - niger","isPartOf":{"@id":"https:\/\/www.africa-press.net\/niger\/#website"},"primaryImageOfPage":{"@id":"https:\/\/www.africa-press.net\/niger\/toutes-les-actualites\/traite-portant-creation-de-lagence-africaine-de-medicaments-ama-lambassadeur-du-niger-a-addis-abeba-depose-le-document-ratifie-a-la-commission-de-lunion-africaine#primaryimage"},"image":{"@id":"https:\/\/www.africa-press.net\/niger\/toutes-les-actualites\/traite-portant-creation-de-lagence-africaine-de-medicaments-ama-lambassadeur-du-niger-a-addis-abeba-depose-le-document-ratifie-a-la-commission-de-lunion-africaine#primaryimage"},"thumbnailUrl":"https:\/\/static.africa-press.net\/niger\/sites\/40\/2021\/08\/img-611a8e183d3de.jpg","datePublished":"2021-08-16T17:09:21+00:00","dateModified":"2021-08-16T21:28:41+00:00","author":{"@id":"https:\/\/www.africa-press.net\/niger\/#\/schema\/person\/2b1cf3cd81a31e3cd26889ca66d677f1"},"description":"\ufeff Le Niger est le 10\u00e8me pays africain \u00e0 honorer son engagement par rapport au Trait\u00e9. En effet, au cours d\u2019une c\u00e9r\u00e9monie ...","breadcrumb":{"@id":"https:\/\/www.africa-press.net\/niger\/toutes-les-actualites\/traite-portant-creation-de-lagence-africaine-de-medicaments-ama-lambassadeur-du-niger-a-addis-abeba-depose-le-document-ratifie-a-la-commission-de-lunion-africaine#breadcrumb"},"inLanguage":"fr-FR","potentialAction":[{"@type":"ReadAction","target":["https:\/\/www.africa-press.net\/niger\/toutes-les-actualites\/traite-portant-creation-de-lagence-africaine-de-medicaments-ama-lambassadeur-du-niger-a-addis-abeba-depose-le-document-ratifie-a-la-commission-de-lunion-africaine"]}]},{"@type":"ImageObject","inLanguage":"fr-FR","@id":"https:\/\/www.africa-press.net\/niger\/toutes-les-actualites\/traite-portant-creation-de-lagence-africaine-de-medicaments-ama-lambassadeur-du-niger-a-addis-abeba-depose-le-document-ratifie-a-la-commission-de-lunion-africaine#primaryimage","url":"https:\/\/static.africa-press.net\/niger\/sites\/40\/2021\/08\/img-611a8e183d3de.jpg","contentUrl":"https:\/\/static.africa-press.net\/niger\/sites\/40\/2021\/08\/img-611a8e183d3de.jpg","width":720,"height":459,"caption":"Trait\u00e9 portant cr\u00e9ation de l\u2019Agence Africaine de M\u00e9dicaments (AMA) : L\u2019Ambassadeur du Niger \u00e0 Addis-Abeba d\u00e9pose le document ratifi\u00e9 \u00e0 la Commission de l\u2019Union Africaine"},{"@type":"BreadcrumbList","@id":"https:\/\/www.africa-press.net\/niger\/toutes-les-actualites\/traite-portant-creation-de-lagence-africaine-de-medicaments-ama-lambassadeur-du-niger-a-addis-abeba-depose-le-document-ratifie-a-la-commission-de-lunion-africaine#breadcrumb","itemListElement":[{"@type":"ListItem","position":1,"name":"Accueil","item":"https:\/\/www.africa-press.net\/niger\/"},{"@type":"ListItem","position":2,"name":"Trait\u00e9 portant cr\u00e9ation de l\u2019Agence Africaine de M\u00e9dicaments (AMA) : L\u2019Ambassadeur du Niger \u00e0 Addis-Abeba d\u00e9pose le document ratifi\u00e9 \u00e0 la Commission de l\u2019Union Africaine"}]},{"@type":"WebSite","@id":"https:\/\/www.africa-press.net\/niger\/#website","url":"https:\/\/www.africa-press.net\/niger\/","name":"niger","description":"Just another Africa News Agency Sites site","potentialAction":[{"@type":"SearchAction","target":{"@type":"EntryPoint","urlTemplate":"https:\/\/www.africa-press.net\/niger\/?s={search_term_string}"},"query-input":{"@type":"PropertyValueSpecification","valueRequired":true,"valueName":"search_term_string"}}],"inLanguage":"fr-FR"},{"@type":"Person","@id":"https:\/\/www.africa-press.net\/niger\/#\/schema\/person\/2b1cf3cd81a31e3cd26889ca66d677f1","name":"cfeditorfr"}]}},"_links":{"self":[{"href":"https:\/\/www.africa-press.net\/niger\/wp-json\/wp\/v2\/posts\/10106","targetHints":{"allow":["GET"]}}],"collection":[{"href":"https:\/\/www.africa-press.net\/niger\/wp-json\/wp\/v2\/posts"}],"about":[{"href":"https:\/\/www.africa-press.net\/niger\/wp-json\/wp\/v2\/types\/post"}],"author":[{"embeddable":true,"href":"https:\/\/www.africa-press.net\/niger\/wp-json\/wp\/v2\/users\/82"}],"replies":[{"embeddable":true,"href":"https:\/\/www.africa-press.net\/niger\/wp-json\/wp\/v2\/comments?post=10106"}],"version-history":[{"count":0,"href":"https:\/\/www.africa-press.net\/niger\/wp-json\/wp\/v2\/posts\/10106\/revisions"}],"wp:featuredmedia":[{"embeddable":true,"href":"https:\/\/www.africa-press.net\/niger\/wp-json\/wp\/v2\/media\/10105"}],"wp:attachment":[{"href":"https:\/\/www.africa-press.net\/niger\/wp-json\/wp\/v2\/media?parent=10106"}],"wp:term":[{"taxonomy":"category","embeddable":true,"href":"https:\/\/www.africa-press.net\/niger\/wp-json\/wp\/v2\/categories?post=10106"},{"taxonomy":"post_tag","embeddable":true,"href":"https:\/\/www.africa-press.net\/niger\/wp-json\/wp\/v2\/tags?post=10106"}],"curies":[{"name":"wp","href":"https:\/\/api.w.org\/{rel}","templated":true}]}}