{"id":10112,"date":"2021-08-16T17:27:46","date_gmt":"2021-08-16T17:27:46","guid":{"rendered":"https:\/\/www.africa-press.net\/niger\/?p=10112"},"modified":"2021-08-16T21:29:01","modified_gmt":"2021-08-16T21:29:01","slug":"arrivee-samedi-dernier-du-chef-de-letat-a-zinder-le-president-mohamed-bazoum-y-passe-ses-vacances-annuelles","status":"publish","type":"post","link":"https:\/\/www.africa-press.net\/niger\/politique\/arrivee-samedi-dernier-du-chef-de-letat-a-zinder-le-president-mohamed-bazoum-y-passe-ses-vacances-annuelles","title":{"rendered":"Arriv\u00e9e, samedi dernier, du Chef de l\u2019Etat \u00e0 Zinder : Le Pr\u00e9sident Mohamed Bazoum y passe ses vacances annuelles"},"content":{"rendered":"<p><span style=\"color: #ff6600\"><strong><a href=\"https:\/\/www.africa-press.net\/\">Africa-Press<\/a> &#8211; <a href=\"https:\/\/www.africa-press.net\/niger\">Niger<\/a>. <\/strong><\/span>Le Pr\u00e9sident de la R\u00e9publique, Chef de l\u2019Etat, SE.Mohamed Bazoum est arriv\u00e9 le samedi en fin de matin\u00e9e \u00e0 Zinder o\u00f9 il passe ses vacances annuelles de quelques jours.<\/p>\n<p>A sa descente d\u2019avion \u00e0 l\u2019a\u00e9roport de Zinder, le Chef de l\u2019Etat a \u00e9t\u00e9 accueilli au pied de la passerelle par le gouverneur de la r\u00e9gion M. Issa Moussa, le pr\u00e9sident du Conseil R\u00e9gional, celui du Conseil de Ville de Zinder et l\u2019Honorable Sultan du Damagaram.<\/p>\n<p>Il a ensuite pass\u00e9 en revue un d\u00e9tachement des \u00e9l\u00e9ments des FAN de la Zone de d\u00e9fense N\u00b03 qui lui rendait les honneurs avant de saluer les d\u00e9put\u00e9s nationaux, les chefs traditionnels, les \u00e9lus locaux et les corps constitu\u00e9s et de prendre un bain de foule.<\/p>\n<p>Apr\u00e8s cet accueil chaleureux \u00e0 l\u2019A\u00e9roport de Zinder, le Pr\u00e9sident de la R\u00e9publique s\u2019est rendu \u00e0 la Case de passage pr\u00e9sidentielle o\u00f9 il a re\u00e7u plusieurs personnalit\u00e9s en audience. Le Chef de l\u2019Etat qu\u2019accompagnent la Premi\u00e8re Dame et plusieurs personnalit\u00e9s, entame une visite priv\u00e9e de plusieurs jours dans la r\u00e9gion de Zinder.<\/p>\n<p><b>\u00a0<\/b><\/p>\n","protected":false},"excerpt":{"rendered":"<p>Africa-Press &#8211; Niger. Le Pr\u00e9sident de la R\u00e9publique, Chef de l\u2019Etat, SE.Mohamed Bazoum est arriv\u00e9 le samedi en fin de matin\u00e9e \u00e0 Zinder o\u00f9 il passe ses vacances annuelles de quelques jours. A sa descente d\u2019avion \u00e0 l\u2019a\u00e9roport de Zinder, le Chef de l\u2019Etat a \u00e9t\u00e9 accueilli au pied de la passerelle par le gouverneur [&hellip;]<\/p>\n","protected":false},"author":82,"featured_media":10111,"comment_status":"open","ping_status":"closed","sticky":false,"template":"","format":"standard","meta":{"footnotes":""},"categories":[11,2,10],"tags":[55,60,29],"class_list":["post-10112","post","type-post","status-publish","format-standard","has-post-thumbnail","hentry","category-homepage-french","category-politique","category-toutes-les-actualites","tag-africa-press","tag-africa-press-niger","tag-niger"],"yoast_head":"<!-- This site is optimized with the Yoast SEO Premium plugin v26.1 (Yoast SEO v27.0) - https:\/\/yoast.com\/product\/yoast-seo-premium-wordpress\/ -->\n<title>Arriv\u00e9e, samedi dernier, du Chef de l\u2019Etat \u00e0 Zinder : Le Pr\u00e9sident Mohamed Bazoum y passe ses vacances annuelles - niger<\/title>\n<meta name=\"description\" content=\"\ufeffLe Pr\u00e9sident de la R\u00e9publique, Chef de l\u2019Etat, SE.Mohamed Bazoum est arriv\u00e9 le samedi en fin de matin\u00e9e \u00e0 Zinder o\u00f9 il ...\" \/>\n<meta name=\"robots\" content=\"index, follow, max-snippet:-1, max-image-preview:large, max-video-preview:-1\" \/>\n<link rel=\"canonical\" href=\"https:\/\/www.africa-press.net\/niger\/politique\/arrivee-samedi-dernier-du-chef-de-letat-a-zinder-le-president-mohamed-bazoum-y-passe-ses-vacances-annuelles\" \/>\n<meta property=\"og:locale\" content=\"fr_FR\" \/>\n<meta property=\"og:type\" content=\"article\" \/>\n<meta property=\"og:title\" content=\"Arriv\u00e9e, samedi dernier, du Chef de l\u2019Etat \u00e0 Zinder : Le Pr\u00e9sident Mohamed Bazoum y passe ses vacances annuelles\" \/>\n<meta property=\"og:description\" content=\"\ufeffLe Pr\u00e9sident de la R\u00e9publique, Chef de l\u2019Etat, SE.Mohamed Bazoum est arriv\u00e9 le samedi en fin de matin\u00e9e \u00e0 Zinder o\u00f9 il ...\" \/>\n<meta property=\"og:url\" content=\"https:\/\/www.africa-press.net\/niger\/politique\/arrivee-samedi-dernier-du-chef-de-letat-a-zinder-le-president-mohamed-bazoum-y-passe-ses-vacances-annuelles\" \/>\n<meta property=\"og:site_name\" content=\"niger\" \/>\n<meta property=\"article:published_time\" content=\"2021-08-16T17:27:46+00:00\" \/>\n<meta property=\"article:modified_time\" content=\"2021-08-16T21:29:01+00:00\" \/>\n<meta property=\"og:image\" content=\"https:\/\/static.africa-press.net\/niger\/sites\/40\/2021\/08\/img-611a8e6d9cb06.jpg\" \/>\n\t<meta property=\"og:image:width\" content=\"720\" \/>\n\t<meta property=\"og:image:height\" content=\"406\" \/>\n\t<meta property=\"og:image:type\" content=\"image\/jpeg\" \/>\n<meta name=\"author\" content=\"cfeditorfr\" \/>\n<meta name=\"twitter:card\" content=\"summary_large_image\" \/>\n<meta name=\"twitter:label1\" content=\"\u00c9crit par\" \/>\n\t<meta name=\"twitter:data1\" content=\"cfeditorfr\" \/>\n\t<meta name=\"twitter:label2\" content=\"Dur\u00e9e de lecture estim\u00e9e\" \/>\n\t<meta name=\"twitter:data2\" content=\"1 minute\" \/>\n<script type=\"application\/ld+json\" class=\"yoast-schema-graph\">{\"@context\":\"https:\/\/schema.org\",\"@graph\":[{\"@type\":\"Article\",\"@id\":\"https:\/\/www.africa-press.net\/niger\/politique\/arrivee-samedi-dernier-du-chef-de-letat-a-zinder-le-president-mohamed-bazoum-y-passe-ses-vacances-annuelles#article\",\"isPartOf\":{\"@id\":\"https:\/\/www.africa-press.net\/niger\/politique\/arrivee-samedi-dernier-du-chef-de-letat-a-zinder-le-president-mohamed-bazoum-y-passe-ses-vacances-annuelles\"},\"author\":{\"name\":\"cfeditorfr\",\"@id\":\"https:\/\/www.africa-press.net\/niger\/#\/schema\/person\/2b1cf3cd81a31e3cd26889ca66d677f1\"},\"headline\":\"Arriv\u00e9e, samedi dernier, du Chef de l\u2019Etat \u00e0 Zinder : Le Pr\u00e9sident Mohamed Bazoum y passe ses vacances annuelles\",\"datePublished\":\"2021-08-16T17:27:46+00:00\",\"dateModified\":\"2021-08-16T21:29:01+00:00\",\"mainEntityOfPage\":{\"@id\":\"https:\/\/www.africa-press.net\/niger\/politique\/arrivee-samedi-dernier-du-chef-de-letat-a-zinder-le-president-mohamed-bazoum-y-passe-ses-vacances-annuelles\"},\"wordCount\":226,\"commentCount\":0,\"image\":{\"@id\":\"https:\/\/www.africa-press.net\/niger\/politique\/arrivee-samedi-dernier-du-chef-de-letat-a-zinder-le-president-mohamed-bazoum-y-passe-ses-vacances-annuelles#primaryimage\"},\"thumbnailUrl\":\"https:\/\/static.africa-press.net\/niger\/sites\/40\/2021\/08\/img-611a8e6d9cb06.jpg\",\"keywords\":[\"Africa Press\",\"Africa Press-Niger\",\"Niger\"],\"articleSection\":[\"homepage-french\",\"Politique\",\"Toutes les actualit\u00e9s\"],\"inLanguage\":\"fr-FR\",\"potentialAction\":[{\"@type\":\"CommentAction\",\"name\":\"Comment\",\"target\":[\"https:\/\/www.africa-press.net\/niger\/politique\/arrivee-samedi-dernier-du-chef-de-letat-a-zinder-le-president-mohamed-bazoum-y-passe-ses-vacances-annuelles#respond\"]}]},{\"@type\":\"WebPage\",\"@id\":\"https:\/\/www.africa-press.net\/niger\/politique\/arrivee-samedi-dernier-du-chef-de-letat-a-zinder-le-president-mohamed-bazoum-y-passe-ses-vacances-annuelles\",\"url\":\"https:\/\/www.africa-press.net\/niger\/politique\/arrivee-samedi-dernier-du-chef-de-letat-a-zinder-le-president-mohamed-bazoum-y-passe-ses-vacances-annuelles\",\"name\":\"Arriv\u00e9e, samedi dernier, du Chef de l\u2019Etat \u00e0 Zinder : Le Pr\u00e9sident Mohamed Bazoum y passe ses vacances annuelles - niger\",\"isPartOf\":{\"@id\":\"https:\/\/www.africa-press.net\/niger\/#website\"},\"primaryImageOfPage\":{\"@id\":\"https:\/\/www.africa-press.net\/niger\/politique\/arrivee-samedi-dernier-du-chef-de-letat-a-zinder-le-president-mohamed-bazoum-y-passe-ses-vacances-annuelles#primaryimage\"},\"image\":{\"@id\":\"https:\/\/www.africa-press.net\/niger\/politique\/arrivee-samedi-dernier-du-chef-de-letat-a-zinder-le-president-mohamed-bazoum-y-passe-ses-vacances-annuelles#primaryimage\"},\"thumbnailUrl\":\"https:\/\/static.africa-press.net\/niger\/sites\/40\/2021\/08\/img-611a8e6d9cb06.jpg\",\"datePublished\":\"2021-08-16T17:27:46+00:00\",\"dateModified\":\"2021-08-16T21:29:01+00:00\",\"author\":{\"@id\":\"https:\/\/www.africa-press.net\/niger\/#\/schema\/person\/2b1cf3cd81a31e3cd26889ca66d677f1\"},\"description\":\"\ufeffLe Pr\u00e9sident de la R\u00e9publique, Chef de l\u2019Etat, SE.Mohamed Bazoum est arriv\u00e9 le samedi en fin de matin\u00e9e \u00e0 Zinder o\u00f9 il ...\",\"breadcrumb\":{\"@id\":\"https:\/\/www.africa-press.net\/niger\/politique\/arrivee-samedi-dernier-du-chef-de-letat-a-zinder-le-president-mohamed-bazoum-y-passe-ses-vacances-annuelles#breadcrumb\"},\"inLanguage\":\"fr-FR\",\"potentialAction\":[{\"@type\":\"ReadAction\",\"target\":[\"https:\/\/www.africa-press.net\/niger\/politique\/arrivee-samedi-dernier-du-chef-de-letat-a-zinder-le-president-mohamed-bazoum-y-passe-ses-vacances-annuelles\"]}]},{\"@type\":\"ImageObject\",\"inLanguage\":\"fr-FR\",\"@id\":\"https:\/\/www.africa-press.net\/niger\/politique\/arrivee-samedi-dernier-du-chef-de-letat-a-zinder-le-president-mohamed-bazoum-y-passe-ses-vacances-annuelles#primaryimage\",\"url\":\"https:\/\/static.africa-press.net\/niger\/sites\/40\/2021\/08\/img-611a8e6d9cb06.jpg\",\"contentUrl\":\"https:\/\/static.africa-press.net\/niger\/sites\/40\/2021\/08\/img-611a8e6d9cb06.jpg\",\"width\":720,\"height\":406,\"caption\":\"Arriv\u00e9e, samedi dernier, du Chef de l\u2019Etat \u00e0 Zinder : Le Pr\u00e9sident Mohamed Bazoum y passe ses vacances annuelles\"},{\"@type\":\"BreadcrumbList\",\"@id\":\"https:\/\/www.africa-press.net\/niger\/politique\/arrivee-samedi-dernier-du-chef-de-letat-a-zinder-le-president-mohamed-bazoum-y-passe-ses-vacances-annuelles#breadcrumb\",\"itemListElement\":[{\"@type\":\"ListItem\",\"position\":1,\"name\":\"Accueil\",\"item\":\"https:\/\/www.africa-press.net\/niger\/\"},{\"@type\":\"ListItem\",\"position\":2,\"name\":\"Arriv\u00e9e, samedi dernier, du Chef de l\u2019Etat \u00e0 Zinder : Le Pr\u00e9sident Mohamed Bazoum y passe ses vacances annuelles\"}]},{\"@type\":\"WebSite\",\"@id\":\"https:\/\/www.africa-press.net\/niger\/#website\",\"url\":\"https:\/\/www.africa-press.net\/niger\/\",\"name\":\"niger\",\"description\":\"Just another Africa News Agency Sites site\",\"potentialAction\":[{\"@type\":\"SearchAction\",\"target\":{\"@type\":\"EntryPoint\",\"urlTemplate\":\"https:\/\/www.africa-press.net\/niger\/?s={search_term_string}\"},\"query-input\":{\"@type\":\"PropertyValueSpecification\",\"valueRequired\":true,\"valueName\":\"search_term_string\"}}],\"inLanguage\":\"fr-FR\"},{\"@type\":\"Person\",\"@id\":\"https:\/\/www.africa-press.net\/niger\/#\/schema\/person\/2b1cf3cd81a31e3cd26889ca66d677f1\",\"name\":\"cfeditorfr\"}]}<\/script>\n<!-- \/ Yoast SEO Premium plugin. -->","yoast_head_json":{"title":"Arriv\u00e9e, samedi dernier, du Chef de l\u2019Etat \u00e0 Zinder : Le Pr\u00e9sident Mohamed Bazoum y passe ses vacances annuelles - niger","description":"\ufeffLe Pr\u00e9sident de la R\u00e9publique, Chef de l\u2019Etat, SE.Mohamed Bazoum est arriv\u00e9 le samedi en fin de matin\u00e9e \u00e0 Zinder o\u00f9 il ...","robots":{"index":"index","follow":"follow","max-snippet":"max-snippet:-1","max-image-preview":"max-image-preview:large","max-video-preview":"max-video-preview:-1"},"canonical":"https:\/\/www.africa-press.net\/niger\/politique\/arrivee-samedi-dernier-du-chef-de-letat-a-zinder-le-president-mohamed-bazoum-y-passe-ses-vacances-annuelles","og_locale":"fr_FR","og_type":"article","og_title":"Arriv\u00e9e, samedi dernier, du Chef de l\u2019Etat \u00e0 Zinder : Le Pr\u00e9sident Mohamed Bazoum y passe ses vacances annuelles","og_description":"\ufeffLe Pr\u00e9sident de la R\u00e9publique, Chef de l\u2019Etat, SE.Mohamed Bazoum est arriv\u00e9 le samedi en fin de matin\u00e9e \u00e0 Zinder o\u00f9 il ...","og_url":"https:\/\/www.africa-press.net\/niger\/politique\/arrivee-samedi-dernier-du-chef-de-letat-a-zinder-le-president-mohamed-bazoum-y-passe-ses-vacances-annuelles","og_site_name":"niger","article_published_time":"2021-08-16T17:27:46+00:00","article_modified_time":"2021-08-16T21:29:01+00:00","og_image":[{"width":720,"height":406,"url":"https:\/\/static.africa-press.net\/niger\/sites\/40\/2021\/08\/img-611a8e6d9cb06.jpg","type":"image\/jpeg"}],"author":"cfeditorfr","twitter_card":"summary_large_image","twitter_misc":{"\u00c9crit par":"cfeditorfr","Dur\u00e9e de lecture estim\u00e9e":"1 minute"},"schema":{"@context":"https:\/\/schema.org","@graph":[{"@type":"Article","@id":"https:\/\/www.africa-press.net\/niger\/politique\/arrivee-samedi-dernier-du-chef-de-letat-a-zinder-le-president-mohamed-bazoum-y-passe-ses-vacances-annuelles#article","isPartOf":{"@id":"https:\/\/www.africa-press.net\/niger\/politique\/arrivee-samedi-dernier-du-chef-de-letat-a-zinder-le-president-mohamed-bazoum-y-passe-ses-vacances-annuelles"},"author":{"name":"cfeditorfr","@id":"https:\/\/www.africa-press.net\/niger\/#\/schema\/person\/2b1cf3cd81a31e3cd26889ca66d677f1"},"headline":"Arriv\u00e9e, samedi dernier, du Chef de l\u2019Etat \u00e0 Zinder : Le Pr\u00e9sident Mohamed Bazoum y passe ses vacances annuelles","datePublished":"2021-08-16T17:27:46+00:00","dateModified":"2021-08-16T21:29:01+00:00","mainEntityOfPage":{"@id":"https:\/\/www.africa-press.net\/niger\/politique\/arrivee-samedi-dernier-du-chef-de-letat-a-zinder-le-president-mohamed-bazoum-y-passe-ses-vacances-annuelles"},"wordCount":226,"commentCount":0,"image":{"@id":"https:\/\/www.africa-press.net\/niger\/politique\/arrivee-samedi-dernier-du-chef-de-letat-a-zinder-le-president-mohamed-bazoum-y-passe-ses-vacances-annuelles#primaryimage"},"thumbnailUrl":"https:\/\/static.africa-press.net\/niger\/sites\/40\/2021\/08\/img-611a8e6d9cb06.jpg","keywords":["Africa Press","Africa Press-Niger","Niger"],"articleSection":["homepage-french","Politique","Toutes les actualit\u00e9s"],"inLanguage":"fr-FR","potentialAction":[{"@type":"CommentAction","name":"Comment","target":["https:\/\/www.africa-press.net\/niger\/politique\/arrivee-samedi-dernier-du-chef-de-letat-a-zinder-le-president-mohamed-bazoum-y-passe-ses-vacances-annuelles#respond"]}]},{"@type":"WebPage","@id":"https:\/\/www.africa-press.net\/niger\/politique\/arrivee-samedi-dernier-du-chef-de-letat-a-zinder-le-president-mohamed-bazoum-y-passe-ses-vacances-annuelles","url":"https:\/\/www.africa-press.net\/niger\/politique\/arrivee-samedi-dernier-du-chef-de-letat-a-zinder-le-president-mohamed-bazoum-y-passe-ses-vacances-annuelles","name":"Arriv\u00e9e, samedi dernier, du Chef de l\u2019Etat \u00e0 Zinder : Le Pr\u00e9sident Mohamed Bazoum y passe ses vacances annuelles - niger","isPartOf":{"@id":"https:\/\/www.africa-press.net\/niger\/#website"},"primaryImageOfPage":{"@id":"https:\/\/www.africa-press.net\/niger\/politique\/arrivee-samedi-dernier-du-chef-de-letat-a-zinder-le-president-mohamed-bazoum-y-passe-ses-vacances-annuelles#primaryimage"},"image":{"@id":"https:\/\/www.africa-press.net\/niger\/politique\/arrivee-samedi-dernier-du-chef-de-letat-a-zinder-le-president-mohamed-bazoum-y-passe-ses-vacances-annuelles#primaryimage"},"thumbnailUrl":"https:\/\/static.africa-press.net\/niger\/sites\/40\/2021\/08\/img-611a8e6d9cb06.jpg","datePublished":"2021-08-16T17:27:46+00:00","dateModified":"2021-08-16T21:29:01+00:00","author":{"@id":"https:\/\/www.africa-press.net\/niger\/#\/schema\/person\/2b1cf3cd81a31e3cd26889ca66d677f1"},"description":"\ufeffLe Pr\u00e9sident de la R\u00e9publique, Chef de l\u2019Etat, SE.Mohamed Bazoum est arriv\u00e9 le samedi en fin de matin\u00e9e \u00e0 Zinder o\u00f9 il ...","breadcrumb":{"@id":"https:\/\/www.africa-press.net\/niger\/politique\/arrivee-samedi-dernier-du-chef-de-letat-a-zinder-le-president-mohamed-bazoum-y-passe-ses-vacances-annuelles#breadcrumb"},"inLanguage":"fr-FR","potentialAction":[{"@type":"ReadAction","target":["https:\/\/www.africa-press.net\/niger\/politique\/arrivee-samedi-dernier-du-chef-de-letat-a-zinder-le-president-mohamed-bazoum-y-passe-ses-vacances-annuelles"]}]},{"@type":"ImageObject","inLanguage":"fr-FR","@id":"https:\/\/www.africa-press.net\/niger\/politique\/arrivee-samedi-dernier-du-chef-de-letat-a-zinder-le-president-mohamed-bazoum-y-passe-ses-vacances-annuelles#primaryimage","url":"https:\/\/static.africa-press.net\/niger\/sites\/40\/2021\/08\/img-611a8e6d9cb06.jpg","contentUrl":"https:\/\/static.africa-press.net\/niger\/sites\/40\/2021\/08\/img-611a8e6d9cb06.jpg","width":720,"height":406,"caption":"Arriv\u00e9e, samedi dernier, du Chef de l\u2019Etat \u00e0 Zinder : Le Pr\u00e9sident Mohamed Bazoum y passe ses vacances annuelles"},{"@type":"BreadcrumbList","@id":"https:\/\/www.africa-press.net\/niger\/politique\/arrivee-samedi-dernier-du-chef-de-letat-a-zinder-le-president-mohamed-bazoum-y-passe-ses-vacances-annuelles#breadcrumb","itemListElement":[{"@type":"ListItem","position":1,"name":"Accueil","item":"https:\/\/www.africa-press.net\/niger\/"},{"@type":"ListItem","position":2,"name":"Arriv\u00e9e, samedi dernier, du Chef de l\u2019Etat \u00e0 Zinder : Le Pr\u00e9sident Mohamed Bazoum y passe ses vacances annuelles"}]},{"@type":"WebSite","@id":"https:\/\/www.africa-press.net\/niger\/#website","url":"https:\/\/www.africa-press.net\/niger\/","name":"niger","description":"Just another Africa News Agency Sites site","potentialAction":[{"@type":"SearchAction","target":{"@type":"EntryPoint","urlTemplate":"https:\/\/www.africa-press.net\/niger\/?s={search_term_string}"},"query-input":{"@type":"PropertyValueSpecification","valueRequired":true,"valueName":"search_term_string"}}],"inLanguage":"fr-FR"},{"@type":"Person","@id":"https:\/\/www.africa-press.net\/niger\/#\/schema\/person\/2b1cf3cd81a31e3cd26889ca66d677f1","name":"cfeditorfr"}]}},"_links":{"self":[{"href":"https:\/\/www.africa-press.net\/niger\/wp-json\/wp\/v2\/posts\/10112","targetHints":{"allow":["GET"]}}],"collection":[{"href":"https:\/\/www.africa-press.net\/niger\/wp-json\/wp\/v2\/posts"}],"about":[{"href":"https:\/\/www.africa-press.net\/niger\/wp-json\/wp\/v2\/types\/post"}],"author":[{"embeddable":true,"href":"https:\/\/www.africa-press.net\/niger\/wp-json\/wp\/v2\/users\/82"}],"replies":[{"embeddable":true,"href":"https:\/\/www.africa-press.net\/niger\/wp-json\/wp\/v2\/comments?post=10112"}],"version-history":[{"count":0,"href":"https:\/\/www.africa-press.net\/niger\/wp-json\/wp\/v2\/posts\/10112\/revisions"}],"wp:featuredmedia":[{"embeddable":true,"href":"https:\/\/www.africa-press.net\/niger\/wp-json\/wp\/v2\/media\/10111"}],"wp:attachment":[{"href":"https:\/\/www.africa-press.net\/niger\/wp-json\/wp\/v2\/media?parent=10112"}],"wp:term":[{"taxonomy":"category","embeddable":true,"href":"https:\/\/www.africa-press.net\/niger\/wp-json\/wp\/v2\/categories?post=10112"},{"taxonomy":"post_tag","embeddable":true,"href":"https:\/\/www.africa-press.net\/niger\/wp-json\/wp\/v2\/tags?post=10112"}],"curies":[{"name":"wp","href":"https:\/\/api.w.org\/{rel}","templated":true}]}}