{"id":10200,"date":"2021-08-17T15:18:42","date_gmt":"2021-08-17T15:18:42","guid":{"rendered":"https:\/\/www.africa-press.net\/niger\/?p=10200"},"modified":"2021-08-18T23:14:34","modified_gmt":"2021-08-18T23:14:34","slug":"1ere-edition-du-camp-laitier-a-niamey-le-lait-local-celebre-et-decline-en-plusieurs-produits-et-derives","status":"publish","type":"post","link":"https:\/\/www.africa-press.net\/niger\/toutes-les-actualites\/1ere-edition-du-camp-laitier-a-niamey-le-lait-local-celebre-et-decline-en-plusieurs-produits-et-derives","title":{"rendered":"1\u00e8re \u00e9dition du Camp Laitier \u00e0 Niamey : Le lait local c\u00e9l\u00e9br\u00e9 et d\u00e9clin\u00e9 en plusieurs produits et d\u00e9riv\u00e9s"},"content":{"rendered":"<p><span style=\"color: #ff6600\"><strong><a href=\"https:\/\/www.africa-press.net\/\">Africa-Press<\/a> &#8211; <a href=\"https:\/\/www.africa-press.net\/niger\">Niger<\/a>. <\/strong><\/span>Le Palais des Congr\u00e8s de Niamey a accueilli, du 13 au 15 ao\u00fbt , la 1\u00e8re \u00e9dition du Camp Laitier du Niger. Cet \u00e9v\u00e8nement vise \u00e0 promouvoir la transformation, la commercialisation et la consommation du lait naturel local mais aussi \u00e0 encourager la consommation d\u2019aliments saints. C\u2019est le ministre de l\u2019Elevage, porte-parole du gouvernement, M. Tidjani Idrissa Abdoulakadri et celui du Commerce, de l\u2019Industrie et de l\u2019Entreprenariat des Jeunes, M. Gado Sabo Moctar, qui ont pr\u00e9sid\u00e9 la c\u00e9r\u00e9monie de lancement de l\u2019activit\u00e9, organis\u00e9e par la coop\u00e9rative \u2018\u2018Wouro fulb\u00e9\u2019\u2019; l\u2019entreprise \u2018\u2018La Cr\u00e9mi\u00e8re du Sahel\u2019\u2019 et leurs partenaires.<\/p>\n<p>Des conf\u00e9rences-d\u00e9bats, des projections de documentaires, des d\u00e9gustations des produits laitiers, des dons et distributions de divers produits \u00e0 base du lait local aux orphelinats et des animations culturelles \u00e9taient au menu des festivit\u00e9s de la 1\u00e8re \u00e9dition du Camp Laitier. De nombreux acteurs de la transformation du lait local, majoritairement des femmes ont dress\u00e9 leurs stands, exposant ainsi divers produits et d\u00e9riv\u00e9s de leurs productions. Parmi elles, certaines ont bien voulu t\u00e9moigner mais aussi partager leurs exp\u00e9riences.<\/p>\n<p>Madame Abdoukarim Ma\u00efmouna Sounaye, titulaire d\u2019un Master Management est une des organisatrices de l\u2019\u00e9v\u00e8nement et Directrice de \u2018\u2018La Cr\u00e9mi\u00e8re du Sahel\u2019\u2019, indique que cette initiative a aussi pour objectif de contribuer \u00e0 promouvoir la chaine de valeur lait au Niger. \u00abL\u2019avez-vous remarqu\u00e9 ? Les produits laitiers consomm\u00e9s, globalement, proviennent en grande partie de la poudre de lait import\u00e9 depuis l\u2019Europe ou d\u2019ailleurs. Il s\u2019agit surtout du lait en poudre, d\u2019autres produits chimiques ressemblant au lait naturel. Nous ne savons pas aussi comment ces produits import\u00e9s sont fabriqu\u00e9s, transport\u00e9s et leurs impacts sur la sant\u00e9\u00bb, s\u2019insurge Ma\u00efmouna. Selon elle, ces produits non contr\u00f4l\u00e9s et non fiables inondent les march\u00e9s et les m\u00e9nages nig\u00e9riens, tout en concurren\u00e7ant nos produits locaux. \u00abCertes, ils sont moins chers mais non seulement, ils sont subventionn\u00e9s par leurs Etats, sont de qualit\u00e9 douteuse, ils ne sont pas naturels mais on ignore aussi leur impact sur la sant\u00e9 de nos populations. Surtout qu\u2019il n\u2019y a aucune \u00e9tude qui a \u00e9t\u00e9 faite sur cet aspect\u00bb, se plaint-elle.<\/p>\n<p>C\u2019est donc pour toutes ces raisons, indique-t-elle, qu\u2019avec la coop\u00e9rative \u2018\u2018Wouro fulb\u00e9\u2019\u2019 et en collaboration avec leurs multiples partenaires, elles ont d\u00e9cid\u00e9 d\u2019initier ce Camp Laitier. \u00abIl faut qu\u2019on am\u00e8ne les Nig\u00e9riens \u00e0 consommer Nig\u00e9rien. Cela va cr\u00e9er de l\u2019emploi, booster la production laiti\u00e8re nationale, avoir une meilleure sant\u00e9 et permettre aux nombreuses femmes de s\u2019autonomiser et enfin am\u00e9liorer notre \u00e9conomie nationale\u00bb, explique Abdoukarim Ma\u00efmouna Sounaye. De plus, Ma\u00efmouna veut s\u2019orienter aussi vers une valorisation du \u2018\u2018petit lait\u2019\u2019, partie liquide r\u00e9siduelle de la coagulation du lait. Lors de la fabrication du Tchoukou, pour 10 litres de lait, il peut rester 4 \u00e0 5 litres de petit lait qui n\u2019est pas valoris\u00e9. Elle s\u2019est orient\u00e9e vers la pr\u00e9paration d\u2019une boisson \u00e0 base de petit lait plus du gingembre et de la menthe. \u00abMes produits sont en cours d\u2019\u00e9tude avec des chercheurs\u00bb, nous apprend-elle. Elle dit s\u2019approvisionner en lait aupr\u00e8s du Centre de collecte de ce produit \u00e0 Kollo et Hamadallaye, en raison de 400 FCFA le litre de lait de vache et aussi aupr\u00e8s des \u00e9leveurs aux alentours de son quartier 6 jours par semaine, au prix de 500 FCFA le litre.<\/p>\n<p>Forte disponibilit\u00e9 des produits, mais les consommateurs manquent \u00e0 l\u2019appel<\/p>\n<p>Assise devant une table garnie de divers produits laitiers, Salamou Abdou, qui dirige la soci\u00e9t\u00e9 \u2018\u2018Ollel\u2019\u2019, d\u00e9signant en Fulfud\u00e9 une race de vache tr\u00e8s rare, \u00e0 l\u2019air inqui\u00e8te. \u00abLes visiteurs se font rares au niveau des stands. Nous sommes l\u00e0 depuis deux jours mais nous n\u2019avons m\u00eame pas vendus le tiers de ce que nous avons produit. Je suis vraiment triste et inqui\u00e8te car, j\u2019ai d\u00fb m\u2019endetter pour produire toute cette gamme de produits laitiers. A chaque commande, je prends 100 litres de lait. Ce qui me co\u00fbte 40.000 FCFA au niveau du centre de collecte et 50.000 FCFA si j\u2019ach\u00e8te aupr\u00e8s des \u00e9leveurs. Sans compter les frais de transport, la conservation et les autres frais\u00bb, t\u00e9moigne Salamou, le visage serr\u00e9. Pourtant selon elle, les organisateurs les ont rassur\u00e9s que les gens et m\u00eame les autorit\u00e9s sont au courant car, il y a eu beaucoup de publicit\u00e9 autour de cet \u00e9v\u00e8nement. Des lettres d\u2019invitation ont aussi \u00e9t\u00e9 envoy\u00e9es.<\/p>\n<p>Elle dit ne pas comprendre la r\u00e9ticence des Nig\u00e9riens \u00e0 venir voir et acheter les produits locaux. \u00abJ\u2019ai 4 enfants \u00e0 ma charge et je me suis engag\u00e9e dans ce travail pour pouvoir subvenir \u00e0 leurs besoins et leurs permettre d\u2019aller \u00e0 l\u2019\u00e9cole. Mais avec cette tendance, je crains fort de pouvoir continuer ce travail de transformation et de commercialisation du lait local. Pourtant ce lait est pur, naturel, saint et nutritif. En tout cas, il est mieux que le lait import\u00e9. Donc, je ne comprends vraiment pas pourquoi nos compatriotes rechignent \u00e0 s\u2019en procurer\u00bb, s\u2019interroge-t-elle.<\/p>\n<p>Quant \u00e0 la promotrice de l\u2019entreprise \u2018\u2018Silli\u2019\u2019, qui signifie en Fulfuld\u00e9 le ferment lactique, Mme Bachir A\u00efssatou Salou, une habitante du quartier Saguia (5\u00e8me Arrondissement de Niamey), elle dit s\u2019approvisionner en lait au centre de collecte de Saga Gourma. \u00abNous sommes oblig\u00e9s de nous y rendre tr\u00e8s t\u00f4t car, les industriels viennent tout acheter. Ce qui nous pose un s\u00e9rieux probl\u00e8me d\u2019approvisionnement en mati\u00e8re premi\u00e8re. En plus, il y a aussi le d\u00e9fi de la conservation. Le lait est un produit tr\u00e8s sensible et facilement p\u00e9rissable. Bref, il y a beaucoup de d\u00e9fis autour de ce travail\u00bb, estime Mme Salou. Malheureusement, selon elle, ces efforts ne sont pas r\u00e9compens\u00e9s. \u00abLes gens ne voient pas les efforts et les sacrifices que nous consacrons pour promouvoir notre lait local. Les consommateurs n\u2019ont vraiment pas r\u00e9pondu \u00e0 nos attentes\u00bb, ajoute-t-elle avant de lancer un cri de c\u0153ur aux autorit\u00e9s. \u00abC\u2019est seulement \u00e0 l\u2019ouverture officielle du Camp Laitier, que nous avons vu les autorit\u00e9s faire le tour de stands. Apr\u00e8s plus rien. Ni elles, ni les autres fonctionnaires, encore moins les concitoyens ne sont venus nous visiter, payer ou m\u00eame d\u00e9guster gratuitement nos produits. C\u2019est vraiment d\u00e9courageant et d\u00e9cevant ! Nous lan\u00e7ons donc un vibrant appel \u00e0 nos autorit\u00e9s pour que d\u2019abord, elles montrent l\u2019exemple, en s\u2019int\u00e9ressant \u00e0 nos produits locaux et ensuite en nous aidant \u00e0 faire leur promotion aupr\u00e8s de nos concitoyens. Et cela dans l\u2019int\u00e9r\u00eat de tous\u00bb, lance la productrice A\u00efssatou Salou.<\/p>\n<p><b>\u00a0<\/b><\/p>\n","protected":false},"excerpt":{"rendered":"<p>Africa-Press &#8211; Niger. Le Palais des Congr\u00e8s de Niamey a accueilli, du 13 au 15 ao\u00fbt , la 1\u00e8re \u00e9dition du Camp Laitier du Niger. Cet \u00e9v\u00e8nement vise \u00e0 promouvoir la transformation, la commercialisation et la consommation du lait naturel local mais aussi \u00e0 encourager la consommation d\u2019aliments saints. C\u2019est le ministre de l\u2019Elevage, porte-parole [&hellip;]<\/p>\n","protected":false},"author":82,"featured_media":10199,"comment_status":"open","ping_status":"closed","sticky":false,"template":"","format":"standard","meta":{"footnotes":""},"categories":[21,11,10],"tags":[55,60,29],"class_list":["post-10200","post","type-post","status-publish","format-standard","has-post-thumbnail","hentry","category-communaute","category-homepage-french","category-toutes-les-actualites","tag-africa-press","tag-africa-press-niger","tag-niger"],"yoast_head":"<!-- This site is optimized with the Yoast SEO Premium plugin v26.1 (Yoast SEO v27.0) - https:\/\/yoast.com\/product\/yoast-seo-premium-wordpress\/ -->\n<title>1\u00e8re \u00e9dition du Camp Laitier \u00e0 Niamey : Le lait local c\u00e9l\u00e9br\u00e9 et d\u00e9clin\u00e9 en plusieurs produits et d\u00e9riv\u00e9s - niger<\/title>\n<meta name=\"description\" content=\"\ufeffLe Palais des Congr\u00e8s de Niamey a accueilli, du 13 au 15 ao\u00fbt , la 1\u00e8re \u00e9dition du Camp Laitier du Niger. Cet \u00e9v\u00e8nement ...\" \/>\n<meta name=\"robots\" content=\"index, follow, max-snippet:-1, max-image-preview:large, max-video-preview:-1\" \/>\n<link rel=\"canonical\" href=\"https:\/\/www.africa-press.net\/niger\/toutes-les-actualites\/1ere-edition-du-camp-laitier-a-niamey-le-lait-local-celebre-et-decline-en-plusieurs-produits-et-derives\" \/>\n<meta property=\"og:locale\" content=\"fr_FR\" \/>\n<meta property=\"og:type\" content=\"article\" \/>\n<meta property=\"og:title\" content=\"1\u00e8re \u00e9dition du Camp Laitier \u00e0 Niamey : Le lait local c\u00e9l\u00e9br\u00e9 et d\u00e9clin\u00e9 en plusieurs produits et d\u00e9riv\u00e9s\" \/>\n<meta property=\"og:description\" content=\"\ufeffLe Palais des Congr\u00e8s de Niamey a accueilli, du 13 au 15 ao\u00fbt , la 1\u00e8re \u00e9dition du Camp Laitier du Niger. Cet \u00e9v\u00e8nement ...\" \/>\n<meta property=\"og:url\" content=\"https:\/\/www.africa-press.net\/niger\/toutes-les-actualites\/1ere-edition-du-camp-laitier-a-niamey-le-lait-local-celebre-et-decline-en-plusieurs-produits-et-derives\" \/>\n<meta property=\"og:site_name\" content=\"niger\" \/>\n<meta property=\"article:published_time\" content=\"2021-08-17T15:18:42+00:00\" \/>\n<meta property=\"article:modified_time\" content=\"2021-08-18T23:14:34+00:00\" \/>\n<meta property=\"og:image\" content=\"https:\/\/static.africa-press.net\/niger\/sites\/40\/2021\/08\/img-611bc392e76a3.jpg\" \/>\n\t<meta property=\"og:image:width\" content=\"720\" \/>\n\t<meta property=\"og:image:height\" content=\"419\" \/>\n\t<meta property=\"og:image:type\" content=\"image\/jpeg\" \/>\n<meta name=\"author\" content=\"cfeditorfr\" \/>\n<meta name=\"twitter:card\" content=\"summary_large_image\" \/>\n<meta name=\"twitter:label1\" content=\"\u00c9crit par\" \/>\n\t<meta name=\"twitter:data1\" content=\"cfeditorfr\" \/>\n\t<meta name=\"twitter:label2\" content=\"Dur\u00e9e de lecture estim\u00e9e\" \/>\n\t<meta name=\"twitter:data2\" content=\"6 minutes\" \/>\n<script type=\"application\/ld+json\" class=\"yoast-schema-graph\">{\"@context\":\"https:\/\/schema.org\",\"@graph\":[{\"@type\":\"Article\",\"@id\":\"https:\/\/www.africa-press.net\/niger\/toutes-les-actualites\/1ere-edition-du-camp-laitier-a-niamey-le-lait-local-celebre-et-decline-en-plusieurs-produits-et-derives#article\",\"isPartOf\":{\"@id\":\"https:\/\/www.africa-press.net\/niger\/toutes-les-actualites\/1ere-edition-du-camp-laitier-a-niamey-le-lait-local-celebre-et-decline-en-plusieurs-produits-et-derives\"},\"author\":{\"name\":\"cfeditorfr\",\"@id\":\"https:\/\/www.africa-press.net\/niger\/#\/schema\/person\/2b1cf3cd81a31e3cd26889ca66d677f1\"},\"headline\":\"1\u00e8re \u00e9dition du Camp Laitier \u00e0 Niamey : Le lait local c\u00e9l\u00e9br\u00e9 et d\u00e9clin\u00e9 en plusieurs produits et d\u00e9riv\u00e9s\",\"datePublished\":\"2021-08-17T15:18:42+00:00\",\"dateModified\":\"2021-08-18T23:14:34+00:00\",\"mainEntityOfPage\":{\"@id\":\"https:\/\/www.africa-press.net\/niger\/toutes-les-actualites\/1ere-edition-du-camp-laitier-a-niamey-le-lait-local-celebre-et-decline-en-plusieurs-produits-et-derives\"},\"wordCount\":1176,\"commentCount\":0,\"image\":{\"@id\":\"https:\/\/www.africa-press.net\/niger\/toutes-les-actualites\/1ere-edition-du-camp-laitier-a-niamey-le-lait-local-celebre-et-decline-en-plusieurs-produits-et-derives#primaryimage\"},\"thumbnailUrl\":\"https:\/\/static.africa-press.net\/niger\/sites\/40\/2021\/08\/img-611bc392e76a3.jpg\",\"keywords\":[\"Africa Press\",\"Africa Press-Niger\",\"Niger\"],\"articleSection\":[\"Communaut\u00e9\",\"homepage-french\",\"Toutes les actualit\u00e9s\"],\"inLanguage\":\"fr-FR\",\"potentialAction\":[{\"@type\":\"CommentAction\",\"name\":\"Comment\",\"target\":[\"https:\/\/www.africa-press.net\/niger\/toutes-les-actualites\/1ere-edition-du-camp-laitier-a-niamey-le-lait-local-celebre-et-decline-en-plusieurs-produits-et-derives#respond\"]}]},{\"@type\":\"WebPage\",\"@id\":\"https:\/\/www.africa-press.net\/niger\/toutes-les-actualites\/1ere-edition-du-camp-laitier-a-niamey-le-lait-local-celebre-et-decline-en-plusieurs-produits-et-derives\",\"url\":\"https:\/\/www.africa-press.net\/niger\/toutes-les-actualites\/1ere-edition-du-camp-laitier-a-niamey-le-lait-local-celebre-et-decline-en-plusieurs-produits-et-derives\",\"name\":\"1\u00e8re \u00e9dition du Camp Laitier \u00e0 Niamey : Le lait local c\u00e9l\u00e9br\u00e9 et d\u00e9clin\u00e9 en plusieurs produits et d\u00e9riv\u00e9s - niger\",\"isPartOf\":{\"@id\":\"https:\/\/www.africa-press.net\/niger\/#website\"},\"primaryImageOfPage\":{\"@id\":\"https:\/\/www.africa-press.net\/niger\/toutes-les-actualites\/1ere-edition-du-camp-laitier-a-niamey-le-lait-local-celebre-et-decline-en-plusieurs-produits-et-derives#primaryimage\"},\"image\":{\"@id\":\"https:\/\/www.africa-press.net\/niger\/toutes-les-actualites\/1ere-edition-du-camp-laitier-a-niamey-le-lait-local-celebre-et-decline-en-plusieurs-produits-et-derives#primaryimage\"},\"thumbnailUrl\":\"https:\/\/static.africa-press.net\/niger\/sites\/40\/2021\/08\/img-611bc392e76a3.jpg\",\"datePublished\":\"2021-08-17T15:18:42+00:00\",\"dateModified\":\"2021-08-18T23:14:34+00:00\",\"author\":{\"@id\":\"https:\/\/www.africa-press.net\/niger\/#\/schema\/person\/2b1cf3cd81a31e3cd26889ca66d677f1\"},\"description\":\"\ufeffLe Palais des Congr\u00e8s de Niamey a accueilli, du 13 au 15 ao\u00fbt , la 1\u00e8re \u00e9dition du Camp Laitier du Niger. Cet \u00e9v\u00e8nement ...\",\"breadcrumb\":{\"@id\":\"https:\/\/www.africa-press.net\/niger\/toutes-les-actualites\/1ere-edition-du-camp-laitier-a-niamey-le-lait-local-celebre-et-decline-en-plusieurs-produits-et-derives#breadcrumb\"},\"inLanguage\":\"fr-FR\",\"potentialAction\":[{\"@type\":\"ReadAction\",\"target\":[\"https:\/\/www.africa-press.net\/niger\/toutes-les-actualites\/1ere-edition-du-camp-laitier-a-niamey-le-lait-local-celebre-et-decline-en-plusieurs-produits-et-derives\"]}]},{\"@type\":\"ImageObject\",\"inLanguage\":\"fr-FR\",\"@id\":\"https:\/\/www.africa-press.net\/niger\/toutes-les-actualites\/1ere-edition-du-camp-laitier-a-niamey-le-lait-local-celebre-et-decline-en-plusieurs-produits-et-derives#primaryimage\",\"url\":\"https:\/\/static.africa-press.net\/niger\/sites\/40\/2021\/08\/img-611bc392e76a3.jpg\",\"contentUrl\":\"https:\/\/static.africa-press.net\/niger\/sites\/40\/2021\/08\/img-611bc392e76a3.jpg\",\"width\":720,\"height\":419,\"caption\":\"1\u00e8re \u00e9dition du Camp Laitier \u00e0 Niamey : Le lait local c\u00e9l\u00e9br\u00e9 et d\u00e9clin\u00e9 en plusieurs produits et d\u00e9riv\u00e9s\"},{\"@type\":\"BreadcrumbList\",\"@id\":\"https:\/\/www.africa-press.net\/niger\/toutes-les-actualites\/1ere-edition-du-camp-laitier-a-niamey-le-lait-local-celebre-et-decline-en-plusieurs-produits-et-derives#breadcrumb\",\"itemListElement\":[{\"@type\":\"ListItem\",\"position\":1,\"name\":\"Accueil\",\"item\":\"https:\/\/www.africa-press.net\/niger\/\"},{\"@type\":\"ListItem\",\"position\":2,\"name\":\"1\u00e8re \u00e9dition du Camp Laitier \u00e0 Niamey : Le lait local c\u00e9l\u00e9br\u00e9 et d\u00e9clin\u00e9 en plusieurs produits et d\u00e9riv\u00e9s\"}]},{\"@type\":\"WebSite\",\"@id\":\"https:\/\/www.africa-press.net\/niger\/#website\",\"url\":\"https:\/\/www.africa-press.net\/niger\/\",\"name\":\"niger\",\"description\":\"Just another Africa News Agency Sites site\",\"potentialAction\":[{\"@type\":\"SearchAction\",\"target\":{\"@type\":\"EntryPoint\",\"urlTemplate\":\"https:\/\/www.africa-press.net\/niger\/?s={search_term_string}\"},\"query-input\":{\"@type\":\"PropertyValueSpecification\",\"valueRequired\":true,\"valueName\":\"search_term_string\"}}],\"inLanguage\":\"fr-FR\"},{\"@type\":\"Person\",\"@id\":\"https:\/\/www.africa-press.net\/niger\/#\/schema\/person\/2b1cf3cd81a31e3cd26889ca66d677f1\",\"name\":\"cfeditorfr\"}]}<\/script>\n<!-- \/ Yoast SEO Premium plugin. -->","yoast_head_json":{"title":"1\u00e8re \u00e9dition du Camp Laitier \u00e0 Niamey : Le lait local c\u00e9l\u00e9br\u00e9 et d\u00e9clin\u00e9 en plusieurs produits et d\u00e9riv\u00e9s - niger","description":"\ufeffLe Palais des Congr\u00e8s de Niamey a accueilli, du 13 au 15 ao\u00fbt , la 1\u00e8re \u00e9dition du Camp Laitier du Niger. Cet \u00e9v\u00e8nement ...","robots":{"index":"index","follow":"follow","max-snippet":"max-snippet:-1","max-image-preview":"max-image-preview:large","max-video-preview":"max-video-preview:-1"},"canonical":"https:\/\/www.africa-press.net\/niger\/toutes-les-actualites\/1ere-edition-du-camp-laitier-a-niamey-le-lait-local-celebre-et-decline-en-plusieurs-produits-et-derives","og_locale":"fr_FR","og_type":"article","og_title":"1\u00e8re \u00e9dition du Camp Laitier \u00e0 Niamey : Le lait local c\u00e9l\u00e9br\u00e9 et d\u00e9clin\u00e9 en plusieurs produits et d\u00e9riv\u00e9s","og_description":"\ufeffLe Palais des Congr\u00e8s de Niamey a accueilli, du 13 au 15 ao\u00fbt , la 1\u00e8re \u00e9dition du Camp Laitier du Niger. Cet \u00e9v\u00e8nement ...","og_url":"https:\/\/www.africa-press.net\/niger\/toutes-les-actualites\/1ere-edition-du-camp-laitier-a-niamey-le-lait-local-celebre-et-decline-en-plusieurs-produits-et-derives","og_site_name":"niger","article_published_time":"2021-08-17T15:18:42+00:00","article_modified_time":"2021-08-18T23:14:34+00:00","og_image":[{"width":720,"height":419,"url":"https:\/\/static.africa-press.net\/niger\/sites\/40\/2021\/08\/img-611bc392e76a3.jpg","type":"image\/jpeg"}],"author":"cfeditorfr","twitter_card":"summary_large_image","twitter_misc":{"\u00c9crit par":"cfeditorfr","Dur\u00e9e de lecture estim\u00e9e":"6 minutes"},"schema":{"@context":"https:\/\/schema.org","@graph":[{"@type":"Article","@id":"https:\/\/www.africa-press.net\/niger\/toutes-les-actualites\/1ere-edition-du-camp-laitier-a-niamey-le-lait-local-celebre-et-decline-en-plusieurs-produits-et-derives#article","isPartOf":{"@id":"https:\/\/www.africa-press.net\/niger\/toutes-les-actualites\/1ere-edition-du-camp-laitier-a-niamey-le-lait-local-celebre-et-decline-en-plusieurs-produits-et-derives"},"author":{"name":"cfeditorfr","@id":"https:\/\/www.africa-press.net\/niger\/#\/schema\/person\/2b1cf3cd81a31e3cd26889ca66d677f1"},"headline":"1\u00e8re \u00e9dition du Camp Laitier \u00e0 Niamey : Le lait local c\u00e9l\u00e9br\u00e9 et d\u00e9clin\u00e9 en plusieurs produits et d\u00e9riv\u00e9s","datePublished":"2021-08-17T15:18:42+00:00","dateModified":"2021-08-18T23:14:34+00:00","mainEntityOfPage":{"@id":"https:\/\/www.africa-press.net\/niger\/toutes-les-actualites\/1ere-edition-du-camp-laitier-a-niamey-le-lait-local-celebre-et-decline-en-plusieurs-produits-et-derives"},"wordCount":1176,"commentCount":0,"image":{"@id":"https:\/\/www.africa-press.net\/niger\/toutes-les-actualites\/1ere-edition-du-camp-laitier-a-niamey-le-lait-local-celebre-et-decline-en-plusieurs-produits-et-derives#primaryimage"},"thumbnailUrl":"https:\/\/static.africa-press.net\/niger\/sites\/40\/2021\/08\/img-611bc392e76a3.jpg","keywords":["Africa Press","Africa Press-Niger","Niger"],"articleSection":["Communaut\u00e9","homepage-french","Toutes les actualit\u00e9s"],"inLanguage":"fr-FR","potentialAction":[{"@type":"CommentAction","name":"Comment","target":["https:\/\/www.africa-press.net\/niger\/toutes-les-actualites\/1ere-edition-du-camp-laitier-a-niamey-le-lait-local-celebre-et-decline-en-plusieurs-produits-et-derives#respond"]}]},{"@type":"WebPage","@id":"https:\/\/www.africa-press.net\/niger\/toutes-les-actualites\/1ere-edition-du-camp-laitier-a-niamey-le-lait-local-celebre-et-decline-en-plusieurs-produits-et-derives","url":"https:\/\/www.africa-press.net\/niger\/toutes-les-actualites\/1ere-edition-du-camp-laitier-a-niamey-le-lait-local-celebre-et-decline-en-plusieurs-produits-et-derives","name":"1\u00e8re \u00e9dition du Camp Laitier \u00e0 Niamey : Le lait local c\u00e9l\u00e9br\u00e9 et d\u00e9clin\u00e9 en plusieurs produits et d\u00e9riv\u00e9s - niger","isPartOf":{"@id":"https:\/\/www.africa-press.net\/niger\/#website"},"primaryImageOfPage":{"@id":"https:\/\/www.africa-press.net\/niger\/toutes-les-actualites\/1ere-edition-du-camp-laitier-a-niamey-le-lait-local-celebre-et-decline-en-plusieurs-produits-et-derives#primaryimage"},"image":{"@id":"https:\/\/www.africa-press.net\/niger\/toutes-les-actualites\/1ere-edition-du-camp-laitier-a-niamey-le-lait-local-celebre-et-decline-en-plusieurs-produits-et-derives#primaryimage"},"thumbnailUrl":"https:\/\/static.africa-press.net\/niger\/sites\/40\/2021\/08\/img-611bc392e76a3.jpg","datePublished":"2021-08-17T15:18:42+00:00","dateModified":"2021-08-18T23:14:34+00:00","author":{"@id":"https:\/\/www.africa-press.net\/niger\/#\/schema\/person\/2b1cf3cd81a31e3cd26889ca66d677f1"},"description":"\ufeffLe Palais des Congr\u00e8s de Niamey a accueilli, du 13 au 15 ao\u00fbt , la 1\u00e8re \u00e9dition du Camp Laitier du Niger. Cet \u00e9v\u00e8nement ...","breadcrumb":{"@id":"https:\/\/www.africa-press.net\/niger\/toutes-les-actualites\/1ere-edition-du-camp-laitier-a-niamey-le-lait-local-celebre-et-decline-en-plusieurs-produits-et-derives#breadcrumb"},"inLanguage":"fr-FR","potentialAction":[{"@type":"ReadAction","target":["https:\/\/www.africa-press.net\/niger\/toutes-les-actualites\/1ere-edition-du-camp-laitier-a-niamey-le-lait-local-celebre-et-decline-en-plusieurs-produits-et-derives"]}]},{"@type":"ImageObject","inLanguage":"fr-FR","@id":"https:\/\/www.africa-press.net\/niger\/toutes-les-actualites\/1ere-edition-du-camp-laitier-a-niamey-le-lait-local-celebre-et-decline-en-plusieurs-produits-et-derives#primaryimage","url":"https:\/\/static.africa-press.net\/niger\/sites\/40\/2021\/08\/img-611bc392e76a3.jpg","contentUrl":"https:\/\/static.africa-press.net\/niger\/sites\/40\/2021\/08\/img-611bc392e76a3.jpg","width":720,"height":419,"caption":"1\u00e8re \u00e9dition du Camp Laitier \u00e0 Niamey : Le lait local c\u00e9l\u00e9br\u00e9 et d\u00e9clin\u00e9 en plusieurs produits et d\u00e9riv\u00e9s"},{"@type":"BreadcrumbList","@id":"https:\/\/www.africa-press.net\/niger\/toutes-les-actualites\/1ere-edition-du-camp-laitier-a-niamey-le-lait-local-celebre-et-decline-en-plusieurs-produits-et-derives#breadcrumb","itemListElement":[{"@type":"ListItem","position":1,"name":"Accueil","item":"https:\/\/www.africa-press.net\/niger\/"},{"@type":"ListItem","position":2,"name":"1\u00e8re \u00e9dition du Camp Laitier \u00e0 Niamey : Le lait local c\u00e9l\u00e9br\u00e9 et d\u00e9clin\u00e9 en plusieurs produits et d\u00e9riv\u00e9s"}]},{"@type":"WebSite","@id":"https:\/\/www.africa-press.net\/niger\/#website","url":"https:\/\/www.africa-press.net\/niger\/","name":"niger","description":"Just another Africa News Agency Sites site","potentialAction":[{"@type":"SearchAction","target":{"@type":"EntryPoint","urlTemplate":"https:\/\/www.africa-press.net\/niger\/?s={search_term_string}"},"query-input":{"@type":"PropertyValueSpecification","valueRequired":true,"valueName":"search_term_string"}}],"inLanguage":"fr-FR"},{"@type":"Person","@id":"https:\/\/www.africa-press.net\/niger\/#\/schema\/person\/2b1cf3cd81a31e3cd26889ca66d677f1","name":"cfeditorfr"}]}},"_links":{"self":[{"href":"https:\/\/www.africa-press.net\/niger\/wp-json\/wp\/v2\/posts\/10200","targetHints":{"allow":["GET"]}}],"collection":[{"href":"https:\/\/www.africa-press.net\/niger\/wp-json\/wp\/v2\/posts"}],"about":[{"href":"https:\/\/www.africa-press.net\/niger\/wp-json\/wp\/v2\/types\/post"}],"author":[{"embeddable":true,"href":"https:\/\/www.africa-press.net\/niger\/wp-json\/wp\/v2\/users\/82"}],"replies":[{"embeddable":true,"href":"https:\/\/www.africa-press.net\/niger\/wp-json\/wp\/v2\/comments?post=10200"}],"version-history":[{"count":0,"href":"https:\/\/www.africa-press.net\/niger\/wp-json\/wp\/v2\/posts\/10200\/revisions"}],"wp:featuredmedia":[{"embeddable":true,"href":"https:\/\/www.africa-press.net\/niger\/wp-json\/wp\/v2\/media\/10199"}],"wp:attachment":[{"href":"https:\/\/www.africa-press.net\/niger\/wp-json\/wp\/v2\/media?parent=10200"}],"wp:term":[{"taxonomy":"category","embeddable":true,"href":"https:\/\/www.africa-press.net\/niger\/wp-json\/wp\/v2\/categories?post=10200"},{"taxonomy":"post_tag","embeddable":true,"href":"https:\/\/www.africa-press.net\/niger\/wp-json\/wp\/v2\/tags?post=10200"}],"curies":[{"name":"wp","href":"https:\/\/api.w.org\/{rel}","templated":true}]}}