{"id":10215,"date":"2021-08-17T15:55:34","date_gmt":"2021-08-17T15:55:34","guid":{"rendered":"https:\/\/www.africa-press.net\/niger\/?p=10215"},"modified":"2021-08-18T23:15:10","modified_gmt":"2021-08-18T23:15:10","slug":"a-lassemblee-nationale-se-seini-oumarou-recoit-une-delegation-du-haut-conseil-des-nigeriens-au-togo","status":"publish","type":"post","link":"https:\/\/www.africa-press.net\/niger\/politique\/a-lassemblee-nationale-se-seini-oumarou-recoit-une-delegation-du-haut-conseil-des-nigeriens-au-togo","title":{"rendered":"A l\u2019Assembl\u00e9e Nationale : SE Seini Oumarou re\u00e7oit une d\u00e9l\u00e9gation du Haut Conseil des Nig\u00e9riens au Togo"},"content":{"rendered":"<p><span style=\"color: #ff6600\"><strong><a href=\"https:\/\/www.africa-press.net\/\">Africa-Press<\/a> &#8211; <a href=\"https:\/\/www.africa-press.net\/niger\">Niger<\/a>. <\/strong><\/span>Le pr\u00e9sident de l\u2019Assembl\u00e9e Nationale, SE Seyni Oumarou, a accord\u00e9 hier une audience \u00e0 la d\u00e9l\u00e9gation du Haut Conseil des Nig\u00e9riens au Togo en visite au Niger pour porter assistance aux populations de Diffa, Tahoua et Tillab\u00e9ri touch\u00e9es par l\u2019ins\u00e9curit\u00e9.<\/p>\n<p>Au sortir de l\u2019audience, le Secr\u00e9taire G\u00e9n\u00e9ral du Haut Conseil des Nig\u00e9riens au Togo M. Aboubacar Nouhou a indiqu\u00e9 que la d\u00e9l\u00e9gation a \u00e9chang\u00e9 avec le pr\u00e9sident de l\u2019Assembl\u00e9e Nationale sur des sujets se rapportant au commerce et \u00e0 l\u2019\u00e9ducation des enfants nig\u00e9riens n\u00e9s au Togo. \u00abNous avons aussi transmis aux autorit\u00e9s notre engagement et notre volont\u00e9 d\u2019accompagner le gouvernement dans ses actions salvatrices pour faire du Niger un pays \u00e9mergent, vivant dans la paix et la prosp\u00e9rit\u00e9\u00bb, a-t-il dit.<\/p>\n<p>M. Aboubacar Nouhou a soulign\u00e9 que le don fait aux populations du Niger n\u2019est qu\u2019une premi\u00e8re \u00e9tape d\u2019une s\u00e9rie d\u2019actions que les Nig\u00e9riens vivant au Togo entendent r\u00e9aliser dans le pays. \u00abNous allons partir, r\u00e9fl\u00e9chir et amener d\u2019autres initiatives \u00e0 m\u00eame de soulager nos fr\u00e8res et s\u0153urs ici au pays\u00bb, a conclu le Secr\u00e9taire G\u00e9n\u00e9ral du Haut Conseil des Nig\u00e9riens au Togo.<\/p>\n<p><b>\u00a0<\/b><\/p>\n","protected":false},"excerpt":{"rendered":"<p>Africa-Press &#8211; Niger. Le pr\u00e9sident de l\u2019Assembl\u00e9e Nationale, SE Seyni Oumarou, a accord\u00e9 hier une audience \u00e0 la d\u00e9l\u00e9gation du Haut Conseil des Nig\u00e9riens au Togo en visite au Niger pour porter assistance aux populations de Diffa, Tahoua et Tillab\u00e9ri touch\u00e9es par l\u2019ins\u00e9curit\u00e9. Au sortir de l\u2019audience, le Secr\u00e9taire G\u00e9n\u00e9ral du Haut Conseil des Nig\u00e9riens [&hellip;]<\/p>\n","protected":false},"author":82,"featured_media":10214,"comment_status":"open","ping_status":"closed","sticky":false,"template":"","format":"standard","meta":{"footnotes":""},"categories":[11,2,20,10],"tags":[55,60,29],"class_list":["post-10215","post","type-post","status-publish","format-standard","has-post-thumbnail","hentry","category-homepage-french","category-politique","category-top-nouvelles","category-toutes-les-actualites","tag-africa-press","tag-africa-press-niger","tag-niger"],"yoast_head":"<!-- This site is optimized with the Yoast SEO Premium plugin v26.1 (Yoast SEO v27.0) - https:\/\/yoast.com\/product\/yoast-seo-premium-wordpress\/ -->\n<title>A l\u2019Assembl\u00e9e Nationale : SE Seini Oumarou re\u00e7oit une d\u00e9l\u00e9gation du Haut Conseil des Nig\u00e9riens au Togo - niger<\/title>\n<meta name=\"description\" content=\"\ufeffLe pr\u00e9sident de l\u2019Assembl\u00e9e Nationale, SE Seyni Oumarou, a accord\u00e9 hier une audience \u00e0 la d\u00e9l\u00e9gation du Haut Conseil de ...\" \/>\n<meta name=\"robots\" content=\"index, follow, max-snippet:-1, max-image-preview:large, max-video-preview:-1\" \/>\n<link rel=\"canonical\" href=\"https:\/\/www.africa-press.net\/niger\/politique\/a-lassemblee-nationale-se-seini-oumarou-recoit-une-delegation-du-haut-conseil-des-nigeriens-au-togo\" \/>\n<meta property=\"og:locale\" content=\"fr_FR\" \/>\n<meta property=\"og:type\" content=\"article\" \/>\n<meta property=\"og:title\" content=\"A l\u2019Assembl\u00e9e Nationale : SE Seini Oumarou re\u00e7oit une d\u00e9l\u00e9gation du Haut Conseil des Nig\u00e9riens au Togo\" \/>\n<meta property=\"og:description\" content=\"\ufeffLe pr\u00e9sident de l\u2019Assembl\u00e9e Nationale, SE Seyni Oumarou, a accord\u00e9 hier une audience \u00e0 la d\u00e9l\u00e9gation du Haut Conseil de ...\" \/>\n<meta property=\"og:url\" content=\"https:\/\/www.africa-press.net\/niger\/politique\/a-lassemblee-nationale-se-seini-oumarou-recoit-une-delegation-du-haut-conseil-des-nigeriens-au-togo\" \/>\n<meta property=\"og:site_name\" content=\"niger\" \/>\n<meta property=\"article:published_time\" content=\"2021-08-17T15:55:34+00:00\" \/>\n<meta property=\"article:modified_time\" content=\"2021-08-18T23:15:10+00:00\" \/>\n<meta property=\"og:image\" content=\"https:\/\/static.africa-press.net\/niger\/sites\/40\/2021\/08\/img-611bc44012ccd.jpg\" \/>\n\t<meta property=\"og:image:width\" content=\"720\" \/>\n\t<meta property=\"og:image:height\" content=\"436\" \/>\n\t<meta property=\"og:image:type\" content=\"image\/jpeg\" \/>\n<meta name=\"author\" content=\"cfeditorfr\" \/>\n<meta name=\"twitter:card\" content=\"summary_large_image\" \/>\n<meta name=\"twitter:label1\" content=\"\u00c9crit par\" \/>\n\t<meta name=\"twitter:data1\" content=\"cfeditorfr\" \/>\n\t<meta name=\"twitter:label2\" content=\"Dur\u00e9e de lecture estim\u00e9e\" \/>\n\t<meta name=\"twitter:data2\" content=\"1 minute\" \/>\n<script type=\"application\/ld+json\" class=\"yoast-schema-graph\">{\"@context\":\"https:\/\/schema.org\",\"@graph\":[{\"@type\":\"Article\",\"@id\":\"https:\/\/www.africa-press.net\/niger\/politique\/a-lassemblee-nationale-se-seini-oumarou-recoit-une-delegation-du-haut-conseil-des-nigeriens-au-togo#article\",\"isPartOf\":{\"@id\":\"https:\/\/www.africa-press.net\/niger\/politique\/a-lassemblee-nationale-se-seini-oumarou-recoit-une-delegation-du-haut-conseil-des-nigeriens-au-togo\"},\"author\":{\"name\":\"cfeditorfr\",\"@id\":\"https:\/\/www.africa-press.net\/niger\/#\/schema\/person\/2b1cf3cd81a31e3cd26889ca66d677f1\"},\"headline\":\"A l\u2019Assembl\u00e9e Nationale : SE Seini Oumarou re\u00e7oit une d\u00e9l\u00e9gation du Haut Conseil des Nig\u00e9riens au Togo\",\"datePublished\":\"2021-08-17T15:55:34+00:00\",\"dateModified\":\"2021-08-18T23:15:10+00:00\",\"mainEntityOfPage\":{\"@id\":\"https:\/\/www.africa-press.net\/niger\/politique\/a-lassemblee-nationale-se-seini-oumarou-recoit-une-delegation-du-haut-conseil-des-nigeriens-au-togo\"},\"wordCount\":248,\"commentCount\":0,\"image\":{\"@id\":\"https:\/\/www.africa-press.net\/niger\/politique\/a-lassemblee-nationale-se-seini-oumarou-recoit-une-delegation-du-haut-conseil-des-nigeriens-au-togo#primaryimage\"},\"thumbnailUrl\":\"https:\/\/static.africa-press.net\/niger\/sites\/40\/2021\/08\/img-611bc44012ccd.jpg\",\"keywords\":[\"Africa Press\",\"Africa Press-Niger\",\"Niger\"],\"articleSection\":[\"homepage-french\",\"Politique\",\"Top Nouvelles\",\"Toutes les actualit\u00e9s\"],\"inLanguage\":\"fr-FR\",\"potentialAction\":[{\"@type\":\"CommentAction\",\"name\":\"Comment\",\"target\":[\"https:\/\/www.africa-press.net\/niger\/politique\/a-lassemblee-nationale-se-seini-oumarou-recoit-une-delegation-du-haut-conseil-des-nigeriens-au-togo#respond\"]}]},{\"@type\":\"WebPage\",\"@id\":\"https:\/\/www.africa-press.net\/niger\/politique\/a-lassemblee-nationale-se-seini-oumarou-recoit-une-delegation-du-haut-conseil-des-nigeriens-au-togo\",\"url\":\"https:\/\/www.africa-press.net\/niger\/politique\/a-lassemblee-nationale-se-seini-oumarou-recoit-une-delegation-du-haut-conseil-des-nigeriens-au-togo\",\"name\":\"A l\u2019Assembl\u00e9e Nationale : SE Seini Oumarou re\u00e7oit une d\u00e9l\u00e9gation du Haut Conseil des Nig\u00e9riens au Togo - niger\",\"isPartOf\":{\"@id\":\"https:\/\/www.africa-press.net\/niger\/#website\"},\"primaryImageOfPage\":{\"@id\":\"https:\/\/www.africa-press.net\/niger\/politique\/a-lassemblee-nationale-se-seini-oumarou-recoit-une-delegation-du-haut-conseil-des-nigeriens-au-togo#primaryimage\"},\"image\":{\"@id\":\"https:\/\/www.africa-press.net\/niger\/politique\/a-lassemblee-nationale-se-seini-oumarou-recoit-une-delegation-du-haut-conseil-des-nigeriens-au-togo#primaryimage\"},\"thumbnailUrl\":\"https:\/\/static.africa-press.net\/niger\/sites\/40\/2021\/08\/img-611bc44012ccd.jpg\",\"datePublished\":\"2021-08-17T15:55:34+00:00\",\"dateModified\":\"2021-08-18T23:15:10+00:00\",\"author\":{\"@id\":\"https:\/\/www.africa-press.net\/niger\/#\/schema\/person\/2b1cf3cd81a31e3cd26889ca66d677f1\"},\"description\":\"\ufeffLe pr\u00e9sident de l\u2019Assembl\u00e9e Nationale, SE Seyni Oumarou, a accord\u00e9 hier une audience \u00e0 la d\u00e9l\u00e9gation du Haut Conseil de ...\",\"breadcrumb\":{\"@id\":\"https:\/\/www.africa-press.net\/niger\/politique\/a-lassemblee-nationale-se-seini-oumarou-recoit-une-delegation-du-haut-conseil-des-nigeriens-au-togo#breadcrumb\"},\"inLanguage\":\"fr-FR\",\"potentialAction\":[{\"@type\":\"ReadAction\",\"target\":[\"https:\/\/www.africa-press.net\/niger\/politique\/a-lassemblee-nationale-se-seini-oumarou-recoit-une-delegation-du-haut-conseil-des-nigeriens-au-togo\"]}]},{\"@type\":\"ImageObject\",\"inLanguage\":\"fr-FR\",\"@id\":\"https:\/\/www.africa-press.net\/niger\/politique\/a-lassemblee-nationale-se-seini-oumarou-recoit-une-delegation-du-haut-conseil-des-nigeriens-au-togo#primaryimage\",\"url\":\"https:\/\/static.africa-press.net\/niger\/sites\/40\/2021\/08\/img-611bc44012ccd.jpg\",\"contentUrl\":\"https:\/\/static.africa-press.net\/niger\/sites\/40\/2021\/08\/img-611bc44012ccd.jpg\",\"width\":720,\"height\":436,\"caption\":\"A l\u2019Assembl\u00e9e Nationale : SE Seini Oumarou re\u00e7oit une d\u00e9l\u00e9gation du Haut Conseil des Nig\u00e9riens au Togo\"},{\"@type\":\"BreadcrumbList\",\"@id\":\"https:\/\/www.africa-press.net\/niger\/politique\/a-lassemblee-nationale-se-seini-oumarou-recoit-une-delegation-du-haut-conseil-des-nigeriens-au-togo#breadcrumb\",\"itemListElement\":[{\"@type\":\"ListItem\",\"position\":1,\"name\":\"Accueil\",\"item\":\"https:\/\/www.africa-press.net\/niger\/\"},{\"@type\":\"ListItem\",\"position\":2,\"name\":\"A l\u2019Assembl\u00e9e Nationale : SE Seini Oumarou re\u00e7oit une d\u00e9l\u00e9gation du Haut Conseil des Nig\u00e9riens au Togo\"}]},{\"@type\":\"WebSite\",\"@id\":\"https:\/\/www.africa-press.net\/niger\/#website\",\"url\":\"https:\/\/www.africa-press.net\/niger\/\",\"name\":\"niger\",\"description\":\"Just another Africa News Agency Sites site\",\"potentialAction\":[{\"@type\":\"SearchAction\",\"target\":{\"@type\":\"EntryPoint\",\"urlTemplate\":\"https:\/\/www.africa-press.net\/niger\/?s={search_term_string}\"},\"query-input\":{\"@type\":\"PropertyValueSpecification\",\"valueRequired\":true,\"valueName\":\"search_term_string\"}}],\"inLanguage\":\"fr-FR\"},{\"@type\":\"Person\",\"@id\":\"https:\/\/www.africa-press.net\/niger\/#\/schema\/person\/2b1cf3cd81a31e3cd26889ca66d677f1\",\"name\":\"cfeditorfr\"}]}<\/script>\n<!-- \/ Yoast SEO Premium plugin. -->","yoast_head_json":{"title":"A l\u2019Assembl\u00e9e Nationale : SE Seini Oumarou re\u00e7oit une d\u00e9l\u00e9gation du Haut Conseil des Nig\u00e9riens au Togo - niger","description":"\ufeffLe pr\u00e9sident de l\u2019Assembl\u00e9e Nationale, SE Seyni Oumarou, a accord\u00e9 hier une audience \u00e0 la d\u00e9l\u00e9gation du Haut Conseil de ...","robots":{"index":"index","follow":"follow","max-snippet":"max-snippet:-1","max-image-preview":"max-image-preview:large","max-video-preview":"max-video-preview:-1"},"canonical":"https:\/\/www.africa-press.net\/niger\/politique\/a-lassemblee-nationale-se-seini-oumarou-recoit-une-delegation-du-haut-conseil-des-nigeriens-au-togo","og_locale":"fr_FR","og_type":"article","og_title":"A l\u2019Assembl\u00e9e Nationale : SE Seini Oumarou re\u00e7oit une d\u00e9l\u00e9gation du Haut Conseil des Nig\u00e9riens au Togo","og_description":"\ufeffLe pr\u00e9sident de l\u2019Assembl\u00e9e Nationale, SE Seyni Oumarou, a accord\u00e9 hier une audience \u00e0 la d\u00e9l\u00e9gation du Haut Conseil de ...","og_url":"https:\/\/www.africa-press.net\/niger\/politique\/a-lassemblee-nationale-se-seini-oumarou-recoit-une-delegation-du-haut-conseil-des-nigeriens-au-togo","og_site_name":"niger","article_published_time":"2021-08-17T15:55:34+00:00","article_modified_time":"2021-08-18T23:15:10+00:00","og_image":[{"width":720,"height":436,"url":"https:\/\/static.africa-press.net\/niger\/sites\/40\/2021\/08\/img-611bc44012ccd.jpg","type":"image\/jpeg"}],"author":"cfeditorfr","twitter_card":"summary_large_image","twitter_misc":{"\u00c9crit par":"cfeditorfr","Dur\u00e9e de lecture estim\u00e9e":"1 minute"},"schema":{"@context":"https:\/\/schema.org","@graph":[{"@type":"Article","@id":"https:\/\/www.africa-press.net\/niger\/politique\/a-lassemblee-nationale-se-seini-oumarou-recoit-une-delegation-du-haut-conseil-des-nigeriens-au-togo#article","isPartOf":{"@id":"https:\/\/www.africa-press.net\/niger\/politique\/a-lassemblee-nationale-se-seini-oumarou-recoit-une-delegation-du-haut-conseil-des-nigeriens-au-togo"},"author":{"name":"cfeditorfr","@id":"https:\/\/www.africa-press.net\/niger\/#\/schema\/person\/2b1cf3cd81a31e3cd26889ca66d677f1"},"headline":"A l\u2019Assembl\u00e9e Nationale : SE Seini Oumarou re\u00e7oit une d\u00e9l\u00e9gation du Haut Conseil des Nig\u00e9riens au Togo","datePublished":"2021-08-17T15:55:34+00:00","dateModified":"2021-08-18T23:15:10+00:00","mainEntityOfPage":{"@id":"https:\/\/www.africa-press.net\/niger\/politique\/a-lassemblee-nationale-se-seini-oumarou-recoit-une-delegation-du-haut-conseil-des-nigeriens-au-togo"},"wordCount":248,"commentCount":0,"image":{"@id":"https:\/\/www.africa-press.net\/niger\/politique\/a-lassemblee-nationale-se-seini-oumarou-recoit-une-delegation-du-haut-conseil-des-nigeriens-au-togo#primaryimage"},"thumbnailUrl":"https:\/\/static.africa-press.net\/niger\/sites\/40\/2021\/08\/img-611bc44012ccd.jpg","keywords":["Africa Press","Africa Press-Niger","Niger"],"articleSection":["homepage-french","Politique","Top Nouvelles","Toutes les actualit\u00e9s"],"inLanguage":"fr-FR","potentialAction":[{"@type":"CommentAction","name":"Comment","target":["https:\/\/www.africa-press.net\/niger\/politique\/a-lassemblee-nationale-se-seini-oumarou-recoit-une-delegation-du-haut-conseil-des-nigeriens-au-togo#respond"]}]},{"@type":"WebPage","@id":"https:\/\/www.africa-press.net\/niger\/politique\/a-lassemblee-nationale-se-seini-oumarou-recoit-une-delegation-du-haut-conseil-des-nigeriens-au-togo","url":"https:\/\/www.africa-press.net\/niger\/politique\/a-lassemblee-nationale-se-seini-oumarou-recoit-une-delegation-du-haut-conseil-des-nigeriens-au-togo","name":"A l\u2019Assembl\u00e9e Nationale : SE Seini Oumarou re\u00e7oit une d\u00e9l\u00e9gation du Haut Conseil des Nig\u00e9riens au Togo - niger","isPartOf":{"@id":"https:\/\/www.africa-press.net\/niger\/#website"},"primaryImageOfPage":{"@id":"https:\/\/www.africa-press.net\/niger\/politique\/a-lassemblee-nationale-se-seini-oumarou-recoit-une-delegation-du-haut-conseil-des-nigeriens-au-togo#primaryimage"},"image":{"@id":"https:\/\/www.africa-press.net\/niger\/politique\/a-lassemblee-nationale-se-seini-oumarou-recoit-une-delegation-du-haut-conseil-des-nigeriens-au-togo#primaryimage"},"thumbnailUrl":"https:\/\/static.africa-press.net\/niger\/sites\/40\/2021\/08\/img-611bc44012ccd.jpg","datePublished":"2021-08-17T15:55:34+00:00","dateModified":"2021-08-18T23:15:10+00:00","author":{"@id":"https:\/\/www.africa-press.net\/niger\/#\/schema\/person\/2b1cf3cd81a31e3cd26889ca66d677f1"},"description":"\ufeffLe pr\u00e9sident de l\u2019Assembl\u00e9e Nationale, SE Seyni Oumarou, a accord\u00e9 hier une audience \u00e0 la d\u00e9l\u00e9gation du Haut Conseil de ...","breadcrumb":{"@id":"https:\/\/www.africa-press.net\/niger\/politique\/a-lassemblee-nationale-se-seini-oumarou-recoit-une-delegation-du-haut-conseil-des-nigeriens-au-togo#breadcrumb"},"inLanguage":"fr-FR","potentialAction":[{"@type":"ReadAction","target":["https:\/\/www.africa-press.net\/niger\/politique\/a-lassemblee-nationale-se-seini-oumarou-recoit-une-delegation-du-haut-conseil-des-nigeriens-au-togo"]}]},{"@type":"ImageObject","inLanguage":"fr-FR","@id":"https:\/\/www.africa-press.net\/niger\/politique\/a-lassemblee-nationale-se-seini-oumarou-recoit-une-delegation-du-haut-conseil-des-nigeriens-au-togo#primaryimage","url":"https:\/\/static.africa-press.net\/niger\/sites\/40\/2021\/08\/img-611bc44012ccd.jpg","contentUrl":"https:\/\/static.africa-press.net\/niger\/sites\/40\/2021\/08\/img-611bc44012ccd.jpg","width":720,"height":436,"caption":"A l\u2019Assembl\u00e9e Nationale : SE Seini Oumarou re\u00e7oit une d\u00e9l\u00e9gation du Haut Conseil des Nig\u00e9riens au Togo"},{"@type":"BreadcrumbList","@id":"https:\/\/www.africa-press.net\/niger\/politique\/a-lassemblee-nationale-se-seini-oumarou-recoit-une-delegation-du-haut-conseil-des-nigeriens-au-togo#breadcrumb","itemListElement":[{"@type":"ListItem","position":1,"name":"Accueil","item":"https:\/\/www.africa-press.net\/niger\/"},{"@type":"ListItem","position":2,"name":"A l\u2019Assembl\u00e9e Nationale : SE Seini Oumarou re\u00e7oit une d\u00e9l\u00e9gation du Haut Conseil des Nig\u00e9riens au Togo"}]},{"@type":"WebSite","@id":"https:\/\/www.africa-press.net\/niger\/#website","url":"https:\/\/www.africa-press.net\/niger\/","name":"niger","description":"Just another Africa News Agency Sites site","potentialAction":[{"@type":"SearchAction","target":{"@type":"EntryPoint","urlTemplate":"https:\/\/www.africa-press.net\/niger\/?s={search_term_string}"},"query-input":{"@type":"PropertyValueSpecification","valueRequired":true,"valueName":"search_term_string"}}],"inLanguage":"fr-FR"},{"@type":"Person","@id":"https:\/\/www.africa-press.net\/niger\/#\/schema\/person\/2b1cf3cd81a31e3cd26889ca66d677f1","name":"cfeditorfr"}]}},"_links":{"self":[{"href":"https:\/\/www.africa-press.net\/niger\/wp-json\/wp\/v2\/posts\/10215","targetHints":{"allow":["GET"]}}],"collection":[{"href":"https:\/\/www.africa-press.net\/niger\/wp-json\/wp\/v2\/posts"}],"about":[{"href":"https:\/\/www.africa-press.net\/niger\/wp-json\/wp\/v2\/types\/post"}],"author":[{"embeddable":true,"href":"https:\/\/www.africa-press.net\/niger\/wp-json\/wp\/v2\/users\/82"}],"replies":[{"embeddable":true,"href":"https:\/\/www.africa-press.net\/niger\/wp-json\/wp\/v2\/comments?post=10215"}],"version-history":[{"count":0,"href":"https:\/\/www.africa-press.net\/niger\/wp-json\/wp\/v2\/posts\/10215\/revisions"}],"wp:featuredmedia":[{"embeddable":true,"href":"https:\/\/www.africa-press.net\/niger\/wp-json\/wp\/v2\/media\/10214"}],"wp:attachment":[{"href":"https:\/\/www.africa-press.net\/niger\/wp-json\/wp\/v2\/media?parent=10215"}],"wp:term":[{"taxonomy":"category","embeddable":true,"href":"https:\/\/www.africa-press.net\/niger\/wp-json\/wp\/v2\/categories?post=10215"},{"taxonomy":"post_tag","embeddable":true,"href":"https:\/\/www.africa-press.net\/niger\/wp-json\/wp\/v2\/tags?post=10215"}],"curies":[{"name":"wp","href":"https:\/\/api.w.org\/{rel}","templated":true}]}}