{"id":10221,"date":"2021-08-17T16:13:01","date_gmt":"2021-08-17T16:13:01","guid":{"rendered":"https:\/\/www.africa-press.net\/niger\/?p=10221"},"modified":"2021-08-18T23:15:20","modified_gmt":"2021-08-18T23:15:20","slug":"zinder-le-projet-amplifypf-fait-don-de-materiels-et-equipements-medicaux-a-la-direction-de-la-sante","status":"publish","type":"post","link":"https:\/\/www.africa-press.net\/niger\/toutes-les-actualites\/zinder-le-projet-amplifypf-fait-don-de-materiels-et-equipements-medicaux-a-la-direction-de-la-sante","title":{"rendered":"Zinder\u00a0: Le projet AmplifyPF fait don de mat\u00e9riels et \u00e9quipements m\u00e9dicaux \u00e0 la Direction de la Sant\u00e9"},"content":{"rendered":"<p><span style=\"color: #ff6600\"><strong><a href=\"https:\/\/www.africa-press.net\/\">Africa-Press<\/a> &#8211; <a href=\"https:\/\/www.africa-press.net\/niger\">Niger<\/a>. <\/strong><\/span>Le Projet AmplifyPF, financ\u00e9 par l&rsquo;USAID, a fait don de mat\u00e9riels techniques et \u00e9quipements m\u00e9dicaux \u00e0 la Direction R\u00e9gionale de la Sant\u00e9 Publique, de la Population et des Affaires Sociales de Zinder, un don qui entre dans le cadre de l&rsquo;int\u00e9gration de la planification familiale \u00e0 la politique de nutrition.<\/p>\n<p>La c\u00e9r\u00e9monie de remise de ce don a \u00e9t\u00e9 pr\u00e9sid\u00e9e par le Directeur R\u00e9gional de la Sant\u00e9 Publique, M. Abou Yahaya, en pr\u00e9sence du Coordonnateur technique des programmes de l\u2019ONG Pathfinder International, M. Idrissa Adamou et de plusieurs cadres de la Sant\u00e9 et du personnel de Pathfinder International.<\/p>\n<p>Selon le Coordonnateur Technique des programmes de Pathfinder International, qui a tenu \u00e0 r\u00e9it\u00e9rer l&rsquo;engagement de son Organisation \u00e0 accompagner la r\u00e9gion de Zinder dans ses efforts de d\u00e9veloppement pour am\u00e9liorer la sant\u00e9 des populations, c\u2019est \u00e0 la suite de la mission conjointe USAID-Minist\u00e8re de la Sant\u00e9 en mars 2019, au cours de laquelle le CRENI de l&rsquo;h\u00f4pital de Zinder a \u00e9t\u00e9 visit\u00e9, et au regard du nombre important de femmes et d&rsquo;enfants trouv\u00e9s dans ce service, que son Organisation a d\u00e9cid\u00e9 d&rsquo;accompagner le Minist\u00e8re de la Sant\u00e9 \u00e0 travers la cr\u00e9ation d&rsquo;une unit\u00e9 de planification familiale au sein de cette Unit\u00e9 sp\u00e9cialis\u00e9e.<\/p>\n<p>\u00ab Pour concr\u00e9tiser cette option, un fonds additionnel a \u00e9t\u00e9 mis \u00e0 la disposition d&rsquo;AmplifyPF pour int\u00e9grer la planification \u00e0 la nutrition dans les formations sanitaires des R\u00e9seaux Int\u00e9gr\u00e9s d&rsquo;Apprentissage (RIA) de Zinder \u00bb, a-t-il r\u00e9v\u00e9l\u00e9.<\/p>\n<p>Le Coordonnateur technique des programmes de Pathfinder international a ensuite pr\u00e9cis\u00e9 que cette dotation en mat\u00e9riels techniques et \u00e9quipements m\u00e9dicaux, d&rsquo;une valeur de plus de 17 Millions de FCFA, est destin\u00e9e principalement \u00e0 la maternit\u00e9 de l&rsquo;h\u00f4pital de district de la Ville de Zinder, la maternit\u00e9 du CSI Sabon Gari, le CRENI de l&rsquo;h\u00f4pital, la Case de sant\u00e9 Malam Amar, la maternit\u00e9 et le CRENI de l&rsquo;H\u00f4pital du district sanitaire de Mirriah.<\/p>\n<p>Pour le Directeur R\u00e9gional de la Sant\u00e9 publique de Zinder, \u00ab la remise de ce lot de mat\u00e9riels m\u00e9dicotechniques traduit la volont\u00e9 de l&rsquo;USAID \u00e0 accompagner le Minist\u00e8re de la Sant\u00e9 publique, de la Population et des Affaires Sociales dans la mise en \u0153uvre de son Plan de d\u00e9veloppement sanitaire (PDS) 2017-2021 \u00bb.<\/p>\n<p>\u00ab Ce don, a-t-il dit, vient \u00e0 point nomm\u00e9 car les besoins deviennent grandissants en mati\u00e8re de sant\u00e9 de la m\u00e8re et de l&rsquo;enfant d&rsquo;une fa\u00e7on g\u00e9n\u00e9rale et de la planification familiale en particulier \u00bb, tout en se r\u00e9jouissant du fait que ce don \u00ab vient compl\u00e9ter les efforts que l&rsquo;Etat d\u00e9ploie sur le terrain dans le cadre de la mise en \u0153uvre du Programme de SEM Mohamed Bazoum, Pr\u00e9sident de la R\u00e9publique, Chef de l&rsquo;Etat \u00bb.<\/p>\n<p>Il a enfin rendu un vibrant hommage \u00e0 Pathfinder International et son partenaire l&rsquo;USAID pour tous les efforts qu&rsquo;ils d\u00e9ploient dans le cadre de l&rsquo;am\u00e9lioration de la sant\u00e9 de la m\u00e8re et de l&rsquo;enfant et de la planification familiale dans la r\u00e9gion sanitaire de Zinder.<\/p>\n<p>&nbsp;<\/p>\n","protected":false},"excerpt":{"rendered":"<p>Africa-Press &#8211; Niger. Le Projet AmplifyPF, financ\u00e9 par l&rsquo;USAID, a fait don de mat\u00e9riels techniques et \u00e9quipements m\u00e9dicaux \u00e0 la Direction R\u00e9gionale de la Sant\u00e9 Publique, de la Population et des Affaires Sociales de Zinder, un don qui entre dans le cadre de l&rsquo;int\u00e9gration de la planification familiale \u00e0 la politique de nutrition. La c\u00e9r\u00e9monie [&hellip;]<\/p>\n","protected":false},"author":82,"featured_media":10220,"comment_status":"open","ping_status":"closed","sticky":false,"template":"","format":"standard","meta":{"footnotes":""},"categories":[21,11,10],"tags":[55,60,29],"class_list":["post-10221","post","type-post","status-publish","format-standard","has-post-thumbnail","hentry","category-communaute","category-homepage-french","category-toutes-les-actualites","tag-africa-press","tag-africa-press-niger","tag-niger"],"yoast_head":"<!-- This site is optimized with the Yoast SEO Premium plugin v26.1 (Yoast SEO v27.0) - https:\/\/yoast.com\/product\/yoast-seo-premium-wordpress\/ -->\n<title>Zinder\u00a0: Le projet AmplifyPF fait don de mat\u00e9riels et \u00e9quipements m\u00e9dicaux \u00e0 la Direction de la Sant\u00e9 - niger<\/title>\n<meta name=\"description\" content=\", 16 Ao\u00fbt (ANP) - Le Projet AmplifyPF, financ\u00e9 par l&#039;USAID, a fait don de mat\u00e9riels techniques et \u00e9quipements m\u00e9dicaux \u00e0 ...\" \/>\n<meta name=\"robots\" content=\"index, follow, max-snippet:-1, max-image-preview:large, max-video-preview:-1\" \/>\n<link rel=\"canonical\" href=\"https:\/\/www.africa-press.net\/niger\/toutes-les-actualites\/zinder-le-projet-amplifypf-fait-don-de-materiels-et-equipements-medicaux-a-la-direction-de-la-sante\" \/>\n<meta property=\"og:locale\" content=\"fr_FR\" \/>\n<meta property=\"og:type\" content=\"article\" \/>\n<meta property=\"og:title\" content=\"Zinder\u00a0: Le projet AmplifyPF fait don de mat\u00e9riels et \u00e9quipements m\u00e9dicaux \u00e0 la Direction de la Sant\u00e9\" \/>\n<meta property=\"og:description\" content=\", 16 Ao\u00fbt (ANP) - Le Projet AmplifyPF, financ\u00e9 par l&#039;USAID, a fait don de mat\u00e9riels techniques et \u00e9quipements m\u00e9dicaux \u00e0 ...\" \/>\n<meta property=\"og:url\" content=\"https:\/\/www.africa-press.net\/niger\/toutes-les-actualites\/zinder-le-projet-amplifypf-fait-don-de-materiels-et-equipements-medicaux-a-la-direction-de-la-sante\" \/>\n<meta property=\"og:site_name\" content=\"niger\" \/>\n<meta property=\"article:published_time\" content=\"2021-08-17T16:13:01+00:00\" \/>\n<meta property=\"article:modified_time\" content=\"2021-08-18T23:15:20+00:00\" \/>\n<meta property=\"og:image\" content=\"https:\/\/static.africa-press.net\/niger\/sites\/40\/2021\/08\/img-611bc4927e222.jpg\" \/>\n\t<meta property=\"og:image:width\" content=\"1920\" \/>\n\t<meta property=\"og:image:height\" content=\"1088\" \/>\n\t<meta property=\"og:image:type\" content=\"image\/jpeg\" \/>\n<meta name=\"author\" content=\"cfeditorfr\" \/>\n<meta name=\"twitter:card\" content=\"summary_large_image\" \/>\n<meta name=\"twitter:label1\" content=\"\u00c9crit par\" \/>\n\t<meta name=\"twitter:data1\" content=\"cfeditorfr\" \/>\n\t<meta name=\"twitter:label2\" content=\"Dur\u00e9e de lecture estim\u00e9e\" \/>\n\t<meta name=\"twitter:data2\" content=\"3 minutes\" \/>\n<script type=\"application\/ld+json\" class=\"yoast-schema-graph\">{\"@context\":\"https:\/\/schema.org\",\"@graph\":[{\"@type\":\"Article\",\"@id\":\"https:\/\/www.africa-press.net\/niger\/toutes-les-actualites\/zinder-le-projet-amplifypf-fait-don-de-materiels-et-equipements-medicaux-a-la-direction-de-la-sante#article\",\"isPartOf\":{\"@id\":\"https:\/\/www.africa-press.net\/niger\/toutes-les-actualites\/zinder-le-projet-amplifypf-fait-don-de-materiels-et-equipements-medicaux-a-la-direction-de-la-sante\"},\"author\":{\"name\":\"cfeditorfr\",\"@id\":\"https:\/\/www.africa-press.net\/niger\/#\/schema\/person\/2b1cf3cd81a31e3cd26889ca66d677f1\"},\"headline\":\"Zinder\u00a0: Le projet AmplifyPF fait don de mat\u00e9riels et \u00e9quipements m\u00e9dicaux \u00e0 la Direction de la Sant\u00e9\",\"datePublished\":\"2021-08-17T16:13:01+00:00\",\"dateModified\":\"2021-08-18T23:15:20+00:00\",\"mainEntityOfPage\":{\"@id\":\"https:\/\/www.africa-press.net\/niger\/toutes-les-actualites\/zinder-le-projet-amplifypf-fait-don-de-materiels-et-equipements-medicaux-a-la-direction-de-la-sante\"},\"wordCount\":564,\"commentCount\":0,\"image\":{\"@id\":\"https:\/\/www.africa-press.net\/niger\/toutes-les-actualites\/zinder-le-projet-amplifypf-fait-don-de-materiels-et-equipements-medicaux-a-la-direction-de-la-sante#primaryimage\"},\"thumbnailUrl\":\"https:\/\/static.africa-press.net\/niger\/sites\/40\/2021\/08\/img-611bc4927e222.jpg\",\"keywords\":[\"Africa Press\",\"Africa Press-Niger\",\"Niger\"],\"articleSection\":[\"Communaut\u00e9\",\"homepage-french\",\"Toutes les actualit\u00e9s\"],\"inLanguage\":\"fr-FR\",\"potentialAction\":[{\"@type\":\"CommentAction\",\"name\":\"Comment\",\"target\":[\"https:\/\/www.africa-press.net\/niger\/toutes-les-actualites\/zinder-le-projet-amplifypf-fait-don-de-materiels-et-equipements-medicaux-a-la-direction-de-la-sante#respond\"]}]},{\"@type\":\"WebPage\",\"@id\":\"https:\/\/www.africa-press.net\/niger\/toutes-les-actualites\/zinder-le-projet-amplifypf-fait-don-de-materiels-et-equipements-medicaux-a-la-direction-de-la-sante\",\"url\":\"https:\/\/www.africa-press.net\/niger\/toutes-les-actualites\/zinder-le-projet-amplifypf-fait-don-de-materiels-et-equipements-medicaux-a-la-direction-de-la-sante\",\"name\":\"Zinder\u00a0: Le projet AmplifyPF fait don de mat\u00e9riels et \u00e9quipements m\u00e9dicaux \u00e0 la Direction de la Sant\u00e9 - niger\",\"isPartOf\":{\"@id\":\"https:\/\/www.africa-press.net\/niger\/#website\"},\"primaryImageOfPage\":{\"@id\":\"https:\/\/www.africa-press.net\/niger\/toutes-les-actualites\/zinder-le-projet-amplifypf-fait-don-de-materiels-et-equipements-medicaux-a-la-direction-de-la-sante#primaryimage\"},\"image\":{\"@id\":\"https:\/\/www.africa-press.net\/niger\/toutes-les-actualites\/zinder-le-projet-amplifypf-fait-don-de-materiels-et-equipements-medicaux-a-la-direction-de-la-sante#primaryimage\"},\"thumbnailUrl\":\"https:\/\/static.africa-press.net\/niger\/sites\/40\/2021\/08\/img-611bc4927e222.jpg\",\"datePublished\":\"2021-08-17T16:13:01+00:00\",\"dateModified\":\"2021-08-18T23:15:20+00:00\",\"author\":{\"@id\":\"https:\/\/www.africa-press.net\/niger\/#\/schema\/person\/2b1cf3cd81a31e3cd26889ca66d677f1\"},\"description\":\", 16 Ao\u00fbt (ANP) - Le Projet AmplifyPF, financ\u00e9 par l'USAID, a fait don de mat\u00e9riels techniques et \u00e9quipements m\u00e9dicaux \u00e0 ...\",\"breadcrumb\":{\"@id\":\"https:\/\/www.africa-press.net\/niger\/toutes-les-actualites\/zinder-le-projet-amplifypf-fait-don-de-materiels-et-equipements-medicaux-a-la-direction-de-la-sante#breadcrumb\"},\"inLanguage\":\"fr-FR\",\"potentialAction\":[{\"@type\":\"ReadAction\",\"target\":[\"https:\/\/www.africa-press.net\/niger\/toutes-les-actualites\/zinder-le-projet-amplifypf-fait-don-de-materiels-et-equipements-medicaux-a-la-direction-de-la-sante\"]}]},{\"@type\":\"ImageObject\",\"inLanguage\":\"fr-FR\",\"@id\":\"https:\/\/www.africa-press.net\/niger\/toutes-les-actualites\/zinder-le-projet-amplifypf-fait-don-de-materiels-et-equipements-medicaux-a-la-direction-de-la-sante#primaryimage\",\"url\":\"https:\/\/static.africa-press.net\/niger\/sites\/40\/2021\/08\/img-611bc4927e222.jpg\",\"contentUrl\":\"https:\/\/static.africa-press.net\/niger\/sites\/40\/2021\/08\/img-611bc4927e222.jpg\",\"width\":1920,\"height\":1088,\"caption\":\"Zinder\u00a0: Le projet AmplifyPF fait don de mat\u00e9riels et \u00e9quipements m\u00e9dicaux \u00e0 la Direction de la Sant\u00e9\"},{\"@type\":\"BreadcrumbList\",\"@id\":\"https:\/\/www.africa-press.net\/niger\/toutes-les-actualites\/zinder-le-projet-amplifypf-fait-don-de-materiels-et-equipements-medicaux-a-la-direction-de-la-sante#breadcrumb\",\"itemListElement\":[{\"@type\":\"ListItem\",\"position\":1,\"name\":\"Accueil\",\"item\":\"https:\/\/www.africa-press.net\/niger\/\"},{\"@type\":\"ListItem\",\"position\":2,\"name\":\"Zinder\u00a0: Le projet AmplifyPF fait don de mat\u00e9riels et \u00e9quipements m\u00e9dicaux \u00e0 la Direction de la Sant\u00e9\"}]},{\"@type\":\"WebSite\",\"@id\":\"https:\/\/www.africa-press.net\/niger\/#website\",\"url\":\"https:\/\/www.africa-press.net\/niger\/\",\"name\":\"niger\",\"description\":\"Just another Africa News Agency Sites site\",\"potentialAction\":[{\"@type\":\"SearchAction\",\"target\":{\"@type\":\"EntryPoint\",\"urlTemplate\":\"https:\/\/www.africa-press.net\/niger\/?s={search_term_string}\"},\"query-input\":{\"@type\":\"PropertyValueSpecification\",\"valueRequired\":true,\"valueName\":\"search_term_string\"}}],\"inLanguage\":\"fr-FR\"},{\"@type\":\"Person\",\"@id\":\"https:\/\/www.africa-press.net\/niger\/#\/schema\/person\/2b1cf3cd81a31e3cd26889ca66d677f1\",\"name\":\"cfeditorfr\"}]}<\/script>\n<!-- \/ Yoast SEO Premium plugin. -->","yoast_head_json":{"title":"Zinder\u00a0: Le projet AmplifyPF fait don de mat\u00e9riels et \u00e9quipements m\u00e9dicaux \u00e0 la Direction de la Sant\u00e9 - niger","description":", 16 Ao\u00fbt (ANP) - Le Projet AmplifyPF, financ\u00e9 par l'USAID, a fait don de mat\u00e9riels techniques et \u00e9quipements m\u00e9dicaux \u00e0 ...","robots":{"index":"index","follow":"follow","max-snippet":"max-snippet:-1","max-image-preview":"max-image-preview:large","max-video-preview":"max-video-preview:-1"},"canonical":"https:\/\/www.africa-press.net\/niger\/toutes-les-actualites\/zinder-le-projet-amplifypf-fait-don-de-materiels-et-equipements-medicaux-a-la-direction-de-la-sante","og_locale":"fr_FR","og_type":"article","og_title":"Zinder\u00a0: Le projet AmplifyPF fait don de mat\u00e9riels et \u00e9quipements m\u00e9dicaux \u00e0 la Direction de la Sant\u00e9","og_description":", 16 Ao\u00fbt (ANP) - Le Projet AmplifyPF, financ\u00e9 par l'USAID, a fait don de mat\u00e9riels techniques et \u00e9quipements m\u00e9dicaux \u00e0 ...","og_url":"https:\/\/www.africa-press.net\/niger\/toutes-les-actualites\/zinder-le-projet-amplifypf-fait-don-de-materiels-et-equipements-medicaux-a-la-direction-de-la-sante","og_site_name":"niger","article_published_time":"2021-08-17T16:13:01+00:00","article_modified_time":"2021-08-18T23:15:20+00:00","og_image":[{"width":1920,"height":1088,"url":"https:\/\/static.africa-press.net\/niger\/sites\/40\/2021\/08\/img-611bc4927e222.jpg","type":"image\/jpeg"}],"author":"cfeditorfr","twitter_card":"summary_large_image","twitter_misc":{"\u00c9crit par":"cfeditorfr","Dur\u00e9e de lecture estim\u00e9e":"3 minutes"},"schema":{"@context":"https:\/\/schema.org","@graph":[{"@type":"Article","@id":"https:\/\/www.africa-press.net\/niger\/toutes-les-actualites\/zinder-le-projet-amplifypf-fait-don-de-materiels-et-equipements-medicaux-a-la-direction-de-la-sante#article","isPartOf":{"@id":"https:\/\/www.africa-press.net\/niger\/toutes-les-actualites\/zinder-le-projet-amplifypf-fait-don-de-materiels-et-equipements-medicaux-a-la-direction-de-la-sante"},"author":{"name":"cfeditorfr","@id":"https:\/\/www.africa-press.net\/niger\/#\/schema\/person\/2b1cf3cd81a31e3cd26889ca66d677f1"},"headline":"Zinder\u00a0: Le projet AmplifyPF fait don de mat\u00e9riels et \u00e9quipements m\u00e9dicaux \u00e0 la Direction de la Sant\u00e9","datePublished":"2021-08-17T16:13:01+00:00","dateModified":"2021-08-18T23:15:20+00:00","mainEntityOfPage":{"@id":"https:\/\/www.africa-press.net\/niger\/toutes-les-actualites\/zinder-le-projet-amplifypf-fait-don-de-materiels-et-equipements-medicaux-a-la-direction-de-la-sante"},"wordCount":564,"commentCount":0,"image":{"@id":"https:\/\/www.africa-press.net\/niger\/toutes-les-actualites\/zinder-le-projet-amplifypf-fait-don-de-materiels-et-equipements-medicaux-a-la-direction-de-la-sante#primaryimage"},"thumbnailUrl":"https:\/\/static.africa-press.net\/niger\/sites\/40\/2021\/08\/img-611bc4927e222.jpg","keywords":["Africa Press","Africa Press-Niger","Niger"],"articleSection":["Communaut\u00e9","homepage-french","Toutes les actualit\u00e9s"],"inLanguage":"fr-FR","potentialAction":[{"@type":"CommentAction","name":"Comment","target":["https:\/\/www.africa-press.net\/niger\/toutes-les-actualites\/zinder-le-projet-amplifypf-fait-don-de-materiels-et-equipements-medicaux-a-la-direction-de-la-sante#respond"]}]},{"@type":"WebPage","@id":"https:\/\/www.africa-press.net\/niger\/toutes-les-actualites\/zinder-le-projet-amplifypf-fait-don-de-materiels-et-equipements-medicaux-a-la-direction-de-la-sante","url":"https:\/\/www.africa-press.net\/niger\/toutes-les-actualites\/zinder-le-projet-amplifypf-fait-don-de-materiels-et-equipements-medicaux-a-la-direction-de-la-sante","name":"Zinder\u00a0: Le projet AmplifyPF fait don de mat\u00e9riels et \u00e9quipements m\u00e9dicaux \u00e0 la Direction de la Sant\u00e9 - niger","isPartOf":{"@id":"https:\/\/www.africa-press.net\/niger\/#website"},"primaryImageOfPage":{"@id":"https:\/\/www.africa-press.net\/niger\/toutes-les-actualites\/zinder-le-projet-amplifypf-fait-don-de-materiels-et-equipements-medicaux-a-la-direction-de-la-sante#primaryimage"},"image":{"@id":"https:\/\/www.africa-press.net\/niger\/toutes-les-actualites\/zinder-le-projet-amplifypf-fait-don-de-materiels-et-equipements-medicaux-a-la-direction-de-la-sante#primaryimage"},"thumbnailUrl":"https:\/\/static.africa-press.net\/niger\/sites\/40\/2021\/08\/img-611bc4927e222.jpg","datePublished":"2021-08-17T16:13:01+00:00","dateModified":"2021-08-18T23:15:20+00:00","author":{"@id":"https:\/\/www.africa-press.net\/niger\/#\/schema\/person\/2b1cf3cd81a31e3cd26889ca66d677f1"},"description":", 16 Ao\u00fbt (ANP) - Le Projet AmplifyPF, financ\u00e9 par l'USAID, a fait don de mat\u00e9riels techniques et \u00e9quipements m\u00e9dicaux \u00e0 ...","breadcrumb":{"@id":"https:\/\/www.africa-press.net\/niger\/toutes-les-actualites\/zinder-le-projet-amplifypf-fait-don-de-materiels-et-equipements-medicaux-a-la-direction-de-la-sante#breadcrumb"},"inLanguage":"fr-FR","potentialAction":[{"@type":"ReadAction","target":["https:\/\/www.africa-press.net\/niger\/toutes-les-actualites\/zinder-le-projet-amplifypf-fait-don-de-materiels-et-equipements-medicaux-a-la-direction-de-la-sante"]}]},{"@type":"ImageObject","inLanguage":"fr-FR","@id":"https:\/\/www.africa-press.net\/niger\/toutes-les-actualites\/zinder-le-projet-amplifypf-fait-don-de-materiels-et-equipements-medicaux-a-la-direction-de-la-sante#primaryimage","url":"https:\/\/static.africa-press.net\/niger\/sites\/40\/2021\/08\/img-611bc4927e222.jpg","contentUrl":"https:\/\/static.africa-press.net\/niger\/sites\/40\/2021\/08\/img-611bc4927e222.jpg","width":1920,"height":1088,"caption":"Zinder\u00a0: Le projet AmplifyPF fait don de mat\u00e9riels et \u00e9quipements m\u00e9dicaux \u00e0 la Direction de la Sant\u00e9"},{"@type":"BreadcrumbList","@id":"https:\/\/www.africa-press.net\/niger\/toutes-les-actualites\/zinder-le-projet-amplifypf-fait-don-de-materiels-et-equipements-medicaux-a-la-direction-de-la-sante#breadcrumb","itemListElement":[{"@type":"ListItem","position":1,"name":"Accueil","item":"https:\/\/www.africa-press.net\/niger\/"},{"@type":"ListItem","position":2,"name":"Zinder\u00a0: Le projet AmplifyPF fait don de mat\u00e9riels et \u00e9quipements m\u00e9dicaux \u00e0 la Direction de la Sant\u00e9"}]},{"@type":"WebSite","@id":"https:\/\/www.africa-press.net\/niger\/#website","url":"https:\/\/www.africa-press.net\/niger\/","name":"niger","description":"Just another Africa News Agency Sites site","potentialAction":[{"@type":"SearchAction","target":{"@type":"EntryPoint","urlTemplate":"https:\/\/www.africa-press.net\/niger\/?s={search_term_string}"},"query-input":{"@type":"PropertyValueSpecification","valueRequired":true,"valueName":"search_term_string"}}],"inLanguage":"fr-FR"},{"@type":"Person","@id":"https:\/\/www.africa-press.net\/niger\/#\/schema\/person\/2b1cf3cd81a31e3cd26889ca66d677f1","name":"cfeditorfr"}]}},"_links":{"self":[{"href":"https:\/\/www.africa-press.net\/niger\/wp-json\/wp\/v2\/posts\/10221","targetHints":{"allow":["GET"]}}],"collection":[{"href":"https:\/\/www.africa-press.net\/niger\/wp-json\/wp\/v2\/posts"}],"about":[{"href":"https:\/\/www.africa-press.net\/niger\/wp-json\/wp\/v2\/types\/post"}],"author":[{"embeddable":true,"href":"https:\/\/www.africa-press.net\/niger\/wp-json\/wp\/v2\/users\/82"}],"replies":[{"embeddable":true,"href":"https:\/\/www.africa-press.net\/niger\/wp-json\/wp\/v2\/comments?post=10221"}],"version-history":[{"count":0,"href":"https:\/\/www.africa-press.net\/niger\/wp-json\/wp\/v2\/posts\/10221\/revisions"}],"wp:featuredmedia":[{"embeddable":true,"href":"https:\/\/www.africa-press.net\/niger\/wp-json\/wp\/v2\/media\/10220"}],"wp:attachment":[{"href":"https:\/\/www.africa-press.net\/niger\/wp-json\/wp\/v2\/media?parent=10221"}],"wp:term":[{"taxonomy":"category","embeddable":true,"href":"https:\/\/www.africa-press.net\/niger\/wp-json\/wp\/v2\/categories?post=10221"},{"taxonomy":"post_tag","embeddable":true,"href":"https:\/\/www.africa-press.net\/niger\/wp-json\/wp\/v2\/tags?post=10221"}],"curies":[{"name":"wp","href":"https:\/\/api.w.org\/{rel}","templated":true}]}}