{"id":10227,"date":"2021-08-17T16:24:26","date_gmt":"2021-08-17T16:24:26","guid":{"rendered":"https:\/\/www.africa-press.net\/niger\/?p=10227"},"modified":"2021-08-18T23:03:08","modified_gmt":"2021-08-18T23:03:08","slug":"le-premier-ministre-par-interim-remet-le-drapeau-national-aux-athletes-nigeriens-paralympiques","status":"publish","type":"post","link":"https:\/\/www.africa-press.net\/niger\/sports\/le-premier-ministre-par-interim-remet-le-drapeau-national-aux-athletes-nigeriens-paralympiques","title":{"rendered":"Le Premier Ministre par int\u00e9rim remet le drapeau national aux athl\u00e8tes nig\u00e9riens paralympiques"},"content":{"rendered":"<p><span style=\"color: #ff6600\"><strong><a href=\"https:\/\/www.africa-press.net\/\">Africa-Press<\/a> &#8211; <a href=\"https:\/\/www.africa-press.net\/niger\">Niger<\/a>.\u00a0 <\/strong><\/span>\u00a0Le Premier Ministre par int\u00e9rim, Alkassoum Indatou a pr\u00e9sid\u00e9, ce mardi 17 ao\u00fbt 2021, la c\u00e9r\u00e9monie de pr\u00e9sentation et de remise du drapeau national aux athl\u00e8tes nig\u00e9riens qui participeront aux jeux paralympiques Tokyo 2020, au Japon.<\/p>\n<p>La d\u00e9l\u00e9gation du Niger est compos\u00e9e de 12 personnes dont 4 athl\u00e8tes paralympiques, un attach\u00e9 paralympique, un directeur technique national et 2 m\u00e9decins.<\/p>\n<p>Le Pr\u00e9sident du Comit\u00e9 national paralympique, Harouna Ousmane a rendu un vibrant hommage au minist\u00e8re de tutelle \u2018\u2019qui n\u2019a m\u00e9nag\u00e9 aucun effort pour nous mettre dans les conditions pour nous permettre cette participation que nous souhaitons victorieuse, et hisser plus haut les couleurs de notre cher et beau pays, le Niger\u2019\u2019.<\/p>\n<p>Il a tenu \u00e0 saluer la disponibilit\u00e9 et l\u2019appui constant du Comit\u00e9 International de la Croix rouge, en particulier le Chef de d\u00e9l\u00e9gation et la Responsable du Projet de r\u00e9adaptation physique qui sont \u00e0 \u2018\u2019nos c\u00f4t\u00e9s \u00e0 tout moment et qui contribuent pour cette participation aux Jeux paralympiques de Tokyo\u2019\u2019.<\/p>\n<p>\u2018\u2019Nous souhaitons que le peuple nig\u00e9rien nous accompagne par les pri\u00e8res et avec leur soutien pour que la victoire soit nig\u00e9rienne\u2019\u2019 a-t-il aussi indiqu\u00e9.<\/p>\n<p>En remettant le drapeau du Niger, le Premier Ministre par int\u00e9rim a \u00e9mis tous ses v\u0153ux et souhaits de r\u00e9ussite afin \u2018\u2019que vous ramenez une m\u00e9daille, pour votre pays, au nom duquel vous allez participer aux jeux paralympiques Tokyo 2020\u2019\u2019.<\/p>\n<p>Mais, a-t-il poursuivi, \u2018\u2019le plus important c\u2019est de participer\u2019\u2019.<\/p>\n<p>\u2018\u2019Il est particuli\u00e8rement important que le Niger puisse envoyer une d\u00e9l\u00e9gation \u00e0 ces jeux et que les personnes handicap\u00e9es sachent que le Niger est avec eux et les accompagne dans leur vie de tous les jours\u2019\u2019 a annonc\u00e9 le Ministre Indatou.<\/p>\n<p>Il a, enfin, au nom du Premier Ministre, souhait\u00e9 \u2018\u2019un bon d\u00e9part, un bon jeu\u2019\u2019 aux athl\u00e8tes avant d\u2019esp\u00e9rer que qu\u2019ils apportent \u2018\u2019quelque chose pour le Niger\u2019\u2019.<\/p>\n<p>Cette c\u00e9r\u00e9monie s\u2019est d\u00e9roul\u00e9e en pr\u00e9sence du ministre de la Jeunesse et du Sport, Monsieur S\u00e9kou Doro Amadou.<\/p>\n","protected":false},"excerpt":{"rendered":"<p>Africa-Press &#8211; Niger.\u00a0 \u00a0Le Premier Ministre par int\u00e9rim, Alkassoum Indatou a pr\u00e9sid\u00e9, ce mardi 17 ao\u00fbt 2021, la c\u00e9r\u00e9monie de pr\u00e9sentation et de remise du drapeau national aux athl\u00e8tes nig\u00e9riens qui participeront aux jeux paralympiques Tokyo 2020, au Japon. La d\u00e9l\u00e9gation du Niger est compos\u00e9e de 12 personnes dont 4 athl\u00e8tes paralympiques, un attach\u00e9 paralympique, [&hellip;]<\/p>\n","protected":false},"author":82,"featured_media":10226,"comment_status":"open","ping_status":"closed","sticky":false,"template":"","format":"standard","meta":{"footnotes":""},"categories":[11,6,10],"tags":[55,60,29],"class_list":["post-10227","post","type-post","status-publish","format-standard","has-post-thumbnail","hentry","category-homepage-french","category-sports","category-toutes-les-actualites","tag-africa-press","tag-africa-press-niger","tag-niger"],"yoast_head":"<!-- This site is optimized with the Yoast SEO Premium plugin v26.1 (Yoast SEO v27.0) - https:\/\/yoast.com\/product\/yoast-seo-premium-wordpress\/ -->\n<title>Le Premier Ministre par int\u00e9rim remet le drapeau national aux athl\u00e8tes nig\u00e9riens paralympiques - niger<\/title>\n<meta name=\"description\" content=\", 17 ao\u00fbt (ANP) \u2013 Le Premier Ministre par int\u00e9rim, Alkassoum Indatou a pr\u00e9sid\u00e9, ce mardi 17 ao\u00fbt 2021, la c\u00e9r\u00e9monie de p ...\" \/>\n<meta name=\"robots\" content=\"index, follow, max-snippet:-1, max-image-preview:large, max-video-preview:-1\" \/>\n<link rel=\"canonical\" href=\"https:\/\/www.africa-press.net\/niger\/sports\/le-premier-ministre-par-interim-remet-le-drapeau-national-aux-athletes-nigeriens-paralympiques\" \/>\n<meta property=\"og:locale\" content=\"fr_FR\" \/>\n<meta property=\"og:type\" content=\"article\" \/>\n<meta property=\"og:title\" content=\"Le Premier Ministre par int\u00e9rim remet le drapeau national aux athl\u00e8tes nig\u00e9riens paralympiques\" \/>\n<meta property=\"og:description\" content=\", 17 ao\u00fbt (ANP) \u2013 Le Premier Ministre par int\u00e9rim, Alkassoum Indatou a pr\u00e9sid\u00e9, ce mardi 17 ao\u00fbt 2021, la c\u00e9r\u00e9monie de p ...\" \/>\n<meta property=\"og:url\" content=\"https:\/\/www.africa-press.net\/niger\/sports\/le-premier-ministre-par-interim-remet-le-drapeau-national-aux-athletes-nigeriens-paralympiques\" \/>\n<meta property=\"og:site_name\" content=\"niger\" \/>\n<meta property=\"article:published_time\" content=\"2021-08-17T16:24:26+00:00\" \/>\n<meta property=\"article:modified_time\" content=\"2021-08-18T23:03:08+00:00\" \/>\n<meta property=\"og:image\" content=\"https:\/\/static.africa-press.net\/niger\/sites\/40\/2021\/08\/img-611bc4e7490a6.jpg\" \/>\n\t<meta property=\"og:image:width\" content=\"1920\" \/>\n\t<meta property=\"og:image:height\" content=\"1280\" \/>\n\t<meta property=\"og:image:type\" content=\"image\/jpeg\" \/>\n<meta name=\"author\" content=\"cfeditorfr\" \/>\n<meta name=\"twitter:card\" content=\"summary_large_image\" \/>\n<meta name=\"twitter:label1\" content=\"\u00c9crit par\" \/>\n\t<meta name=\"twitter:data1\" content=\"cfeditorfr\" \/>\n\t<meta name=\"twitter:label2\" content=\"Dur\u00e9e de lecture estim\u00e9e\" \/>\n\t<meta name=\"twitter:data2\" content=\"2 minutes\" \/>\n<script type=\"application\/ld+json\" class=\"yoast-schema-graph\">{\"@context\":\"https:\/\/schema.org\",\"@graph\":[{\"@type\":\"Article\",\"@id\":\"https:\/\/www.africa-press.net\/niger\/sports\/le-premier-ministre-par-interim-remet-le-drapeau-national-aux-athletes-nigeriens-paralympiques#article\",\"isPartOf\":{\"@id\":\"https:\/\/www.africa-press.net\/niger\/sports\/le-premier-ministre-par-interim-remet-le-drapeau-national-aux-athletes-nigeriens-paralympiques\"},\"author\":{\"name\":\"cfeditorfr\",\"@id\":\"https:\/\/www.africa-press.net\/niger\/#\/schema\/person\/2b1cf3cd81a31e3cd26889ca66d677f1\"},\"headline\":\"Le Premier Ministre par int\u00e9rim remet le drapeau national aux athl\u00e8tes nig\u00e9riens paralympiques\",\"datePublished\":\"2021-08-17T16:24:26+00:00\",\"dateModified\":\"2021-08-18T23:03:08+00:00\",\"mainEntityOfPage\":{\"@id\":\"https:\/\/www.africa-press.net\/niger\/sports\/le-premier-ministre-par-interim-remet-le-drapeau-national-aux-athletes-nigeriens-paralympiques\"},\"wordCount\":374,\"commentCount\":0,\"image\":{\"@id\":\"https:\/\/www.africa-press.net\/niger\/sports\/le-premier-ministre-par-interim-remet-le-drapeau-national-aux-athletes-nigeriens-paralympiques#primaryimage\"},\"thumbnailUrl\":\"https:\/\/static.africa-press.net\/niger\/sites\/40\/2021\/08\/img-611bc4e7490a6.jpg\",\"keywords\":[\"Africa Press\",\"Africa Press-Niger\",\"Niger\"],\"articleSection\":[\"homepage-french\",\"Sports\",\"Toutes les actualit\u00e9s\"],\"inLanguage\":\"fr-FR\",\"potentialAction\":[{\"@type\":\"CommentAction\",\"name\":\"Comment\",\"target\":[\"https:\/\/www.africa-press.net\/niger\/sports\/le-premier-ministre-par-interim-remet-le-drapeau-national-aux-athletes-nigeriens-paralympiques#respond\"]}]},{\"@type\":\"WebPage\",\"@id\":\"https:\/\/www.africa-press.net\/niger\/sports\/le-premier-ministre-par-interim-remet-le-drapeau-national-aux-athletes-nigeriens-paralympiques\",\"url\":\"https:\/\/www.africa-press.net\/niger\/sports\/le-premier-ministre-par-interim-remet-le-drapeau-national-aux-athletes-nigeriens-paralympiques\",\"name\":\"Le Premier Ministre par int\u00e9rim remet le drapeau national aux athl\u00e8tes nig\u00e9riens paralympiques - niger\",\"isPartOf\":{\"@id\":\"https:\/\/www.africa-press.net\/niger\/#website\"},\"primaryImageOfPage\":{\"@id\":\"https:\/\/www.africa-press.net\/niger\/sports\/le-premier-ministre-par-interim-remet-le-drapeau-national-aux-athletes-nigeriens-paralympiques#primaryimage\"},\"image\":{\"@id\":\"https:\/\/www.africa-press.net\/niger\/sports\/le-premier-ministre-par-interim-remet-le-drapeau-national-aux-athletes-nigeriens-paralympiques#primaryimage\"},\"thumbnailUrl\":\"https:\/\/static.africa-press.net\/niger\/sites\/40\/2021\/08\/img-611bc4e7490a6.jpg\",\"datePublished\":\"2021-08-17T16:24:26+00:00\",\"dateModified\":\"2021-08-18T23:03:08+00:00\",\"author\":{\"@id\":\"https:\/\/www.africa-press.net\/niger\/#\/schema\/person\/2b1cf3cd81a31e3cd26889ca66d677f1\"},\"description\":\", 17 ao\u00fbt (ANP) \u2013 Le Premier Ministre par int\u00e9rim, Alkassoum Indatou a pr\u00e9sid\u00e9, ce mardi 17 ao\u00fbt 2021, la c\u00e9r\u00e9monie de p ...\",\"breadcrumb\":{\"@id\":\"https:\/\/www.africa-press.net\/niger\/sports\/le-premier-ministre-par-interim-remet-le-drapeau-national-aux-athletes-nigeriens-paralympiques#breadcrumb\"},\"inLanguage\":\"fr-FR\",\"potentialAction\":[{\"@type\":\"ReadAction\",\"target\":[\"https:\/\/www.africa-press.net\/niger\/sports\/le-premier-ministre-par-interim-remet-le-drapeau-national-aux-athletes-nigeriens-paralympiques\"]}]},{\"@type\":\"ImageObject\",\"inLanguage\":\"fr-FR\",\"@id\":\"https:\/\/www.africa-press.net\/niger\/sports\/le-premier-ministre-par-interim-remet-le-drapeau-national-aux-athletes-nigeriens-paralympiques#primaryimage\",\"url\":\"https:\/\/static.africa-press.net\/niger\/sites\/40\/2021\/08\/img-611bc4e7490a6.jpg\",\"contentUrl\":\"https:\/\/static.africa-press.net\/niger\/sites\/40\/2021\/08\/img-611bc4e7490a6.jpg\",\"width\":1920,\"height\":1280,\"caption\":\"Le Premier Ministre par int\u00e9rim remet le drapeau national aux athl\u00e8tes nig\u00e9riens paralympiques\"},{\"@type\":\"BreadcrumbList\",\"@id\":\"https:\/\/www.africa-press.net\/niger\/sports\/le-premier-ministre-par-interim-remet-le-drapeau-national-aux-athletes-nigeriens-paralympiques#breadcrumb\",\"itemListElement\":[{\"@type\":\"ListItem\",\"position\":1,\"name\":\"Accueil\",\"item\":\"https:\/\/www.africa-press.net\/niger\/\"},{\"@type\":\"ListItem\",\"position\":2,\"name\":\"Le Premier Ministre par int\u00e9rim remet le drapeau national aux athl\u00e8tes nig\u00e9riens paralympiques\"}]},{\"@type\":\"WebSite\",\"@id\":\"https:\/\/www.africa-press.net\/niger\/#website\",\"url\":\"https:\/\/www.africa-press.net\/niger\/\",\"name\":\"niger\",\"description\":\"Just another Africa News Agency Sites site\",\"potentialAction\":[{\"@type\":\"SearchAction\",\"target\":{\"@type\":\"EntryPoint\",\"urlTemplate\":\"https:\/\/www.africa-press.net\/niger\/?s={search_term_string}\"},\"query-input\":{\"@type\":\"PropertyValueSpecification\",\"valueRequired\":true,\"valueName\":\"search_term_string\"}}],\"inLanguage\":\"fr-FR\"},{\"@type\":\"Person\",\"@id\":\"https:\/\/www.africa-press.net\/niger\/#\/schema\/person\/2b1cf3cd81a31e3cd26889ca66d677f1\",\"name\":\"cfeditorfr\"}]}<\/script>\n<!-- \/ Yoast SEO Premium plugin. -->","yoast_head_json":{"title":"Le Premier Ministre par int\u00e9rim remet le drapeau national aux athl\u00e8tes nig\u00e9riens paralympiques - niger","description":", 17 ao\u00fbt (ANP) \u2013 Le Premier Ministre par int\u00e9rim, Alkassoum Indatou a pr\u00e9sid\u00e9, ce mardi 17 ao\u00fbt 2021, la c\u00e9r\u00e9monie de p ...","robots":{"index":"index","follow":"follow","max-snippet":"max-snippet:-1","max-image-preview":"max-image-preview:large","max-video-preview":"max-video-preview:-1"},"canonical":"https:\/\/www.africa-press.net\/niger\/sports\/le-premier-ministre-par-interim-remet-le-drapeau-national-aux-athletes-nigeriens-paralympiques","og_locale":"fr_FR","og_type":"article","og_title":"Le Premier Ministre par int\u00e9rim remet le drapeau national aux athl\u00e8tes nig\u00e9riens paralympiques","og_description":", 17 ao\u00fbt (ANP) \u2013 Le Premier Ministre par int\u00e9rim, Alkassoum Indatou a pr\u00e9sid\u00e9, ce mardi 17 ao\u00fbt 2021, la c\u00e9r\u00e9monie de p ...","og_url":"https:\/\/www.africa-press.net\/niger\/sports\/le-premier-ministre-par-interim-remet-le-drapeau-national-aux-athletes-nigeriens-paralympiques","og_site_name":"niger","article_published_time":"2021-08-17T16:24:26+00:00","article_modified_time":"2021-08-18T23:03:08+00:00","og_image":[{"width":1920,"height":1280,"url":"https:\/\/static.africa-press.net\/niger\/sites\/40\/2021\/08\/img-611bc4e7490a6.jpg","type":"image\/jpeg"}],"author":"cfeditorfr","twitter_card":"summary_large_image","twitter_misc":{"\u00c9crit par":"cfeditorfr","Dur\u00e9e de lecture estim\u00e9e":"2 minutes"},"schema":{"@context":"https:\/\/schema.org","@graph":[{"@type":"Article","@id":"https:\/\/www.africa-press.net\/niger\/sports\/le-premier-ministre-par-interim-remet-le-drapeau-national-aux-athletes-nigeriens-paralympiques#article","isPartOf":{"@id":"https:\/\/www.africa-press.net\/niger\/sports\/le-premier-ministre-par-interim-remet-le-drapeau-national-aux-athletes-nigeriens-paralympiques"},"author":{"name":"cfeditorfr","@id":"https:\/\/www.africa-press.net\/niger\/#\/schema\/person\/2b1cf3cd81a31e3cd26889ca66d677f1"},"headline":"Le Premier Ministre par int\u00e9rim remet le drapeau national aux athl\u00e8tes nig\u00e9riens paralympiques","datePublished":"2021-08-17T16:24:26+00:00","dateModified":"2021-08-18T23:03:08+00:00","mainEntityOfPage":{"@id":"https:\/\/www.africa-press.net\/niger\/sports\/le-premier-ministre-par-interim-remet-le-drapeau-national-aux-athletes-nigeriens-paralympiques"},"wordCount":374,"commentCount":0,"image":{"@id":"https:\/\/www.africa-press.net\/niger\/sports\/le-premier-ministre-par-interim-remet-le-drapeau-national-aux-athletes-nigeriens-paralympiques#primaryimage"},"thumbnailUrl":"https:\/\/static.africa-press.net\/niger\/sites\/40\/2021\/08\/img-611bc4e7490a6.jpg","keywords":["Africa Press","Africa Press-Niger","Niger"],"articleSection":["homepage-french","Sports","Toutes les actualit\u00e9s"],"inLanguage":"fr-FR","potentialAction":[{"@type":"CommentAction","name":"Comment","target":["https:\/\/www.africa-press.net\/niger\/sports\/le-premier-ministre-par-interim-remet-le-drapeau-national-aux-athletes-nigeriens-paralympiques#respond"]}]},{"@type":"WebPage","@id":"https:\/\/www.africa-press.net\/niger\/sports\/le-premier-ministre-par-interim-remet-le-drapeau-national-aux-athletes-nigeriens-paralympiques","url":"https:\/\/www.africa-press.net\/niger\/sports\/le-premier-ministre-par-interim-remet-le-drapeau-national-aux-athletes-nigeriens-paralympiques","name":"Le Premier Ministre par int\u00e9rim remet le drapeau national aux athl\u00e8tes nig\u00e9riens paralympiques - niger","isPartOf":{"@id":"https:\/\/www.africa-press.net\/niger\/#website"},"primaryImageOfPage":{"@id":"https:\/\/www.africa-press.net\/niger\/sports\/le-premier-ministre-par-interim-remet-le-drapeau-national-aux-athletes-nigeriens-paralympiques#primaryimage"},"image":{"@id":"https:\/\/www.africa-press.net\/niger\/sports\/le-premier-ministre-par-interim-remet-le-drapeau-national-aux-athletes-nigeriens-paralympiques#primaryimage"},"thumbnailUrl":"https:\/\/static.africa-press.net\/niger\/sites\/40\/2021\/08\/img-611bc4e7490a6.jpg","datePublished":"2021-08-17T16:24:26+00:00","dateModified":"2021-08-18T23:03:08+00:00","author":{"@id":"https:\/\/www.africa-press.net\/niger\/#\/schema\/person\/2b1cf3cd81a31e3cd26889ca66d677f1"},"description":", 17 ao\u00fbt (ANP) \u2013 Le Premier Ministre par int\u00e9rim, Alkassoum Indatou a pr\u00e9sid\u00e9, ce mardi 17 ao\u00fbt 2021, la c\u00e9r\u00e9monie de p ...","breadcrumb":{"@id":"https:\/\/www.africa-press.net\/niger\/sports\/le-premier-ministre-par-interim-remet-le-drapeau-national-aux-athletes-nigeriens-paralympiques#breadcrumb"},"inLanguage":"fr-FR","potentialAction":[{"@type":"ReadAction","target":["https:\/\/www.africa-press.net\/niger\/sports\/le-premier-ministre-par-interim-remet-le-drapeau-national-aux-athletes-nigeriens-paralympiques"]}]},{"@type":"ImageObject","inLanguage":"fr-FR","@id":"https:\/\/www.africa-press.net\/niger\/sports\/le-premier-ministre-par-interim-remet-le-drapeau-national-aux-athletes-nigeriens-paralympiques#primaryimage","url":"https:\/\/static.africa-press.net\/niger\/sites\/40\/2021\/08\/img-611bc4e7490a6.jpg","contentUrl":"https:\/\/static.africa-press.net\/niger\/sites\/40\/2021\/08\/img-611bc4e7490a6.jpg","width":1920,"height":1280,"caption":"Le Premier Ministre par int\u00e9rim remet le drapeau national aux athl\u00e8tes nig\u00e9riens paralympiques"},{"@type":"BreadcrumbList","@id":"https:\/\/www.africa-press.net\/niger\/sports\/le-premier-ministre-par-interim-remet-le-drapeau-national-aux-athletes-nigeriens-paralympiques#breadcrumb","itemListElement":[{"@type":"ListItem","position":1,"name":"Accueil","item":"https:\/\/www.africa-press.net\/niger\/"},{"@type":"ListItem","position":2,"name":"Le Premier Ministre par int\u00e9rim remet le drapeau national aux athl\u00e8tes nig\u00e9riens paralympiques"}]},{"@type":"WebSite","@id":"https:\/\/www.africa-press.net\/niger\/#website","url":"https:\/\/www.africa-press.net\/niger\/","name":"niger","description":"Just another Africa News Agency Sites site","potentialAction":[{"@type":"SearchAction","target":{"@type":"EntryPoint","urlTemplate":"https:\/\/www.africa-press.net\/niger\/?s={search_term_string}"},"query-input":{"@type":"PropertyValueSpecification","valueRequired":true,"valueName":"search_term_string"}}],"inLanguage":"fr-FR"},{"@type":"Person","@id":"https:\/\/www.africa-press.net\/niger\/#\/schema\/person\/2b1cf3cd81a31e3cd26889ca66d677f1","name":"cfeditorfr"}]}},"_links":{"self":[{"href":"https:\/\/www.africa-press.net\/niger\/wp-json\/wp\/v2\/posts\/10227","targetHints":{"allow":["GET"]}}],"collection":[{"href":"https:\/\/www.africa-press.net\/niger\/wp-json\/wp\/v2\/posts"}],"about":[{"href":"https:\/\/www.africa-press.net\/niger\/wp-json\/wp\/v2\/types\/post"}],"author":[{"embeddable":true,"href":"https:\/\/www.africa-press.net\/niger\/wp-json\/wp\/v2\/users\/82"}],"replies":[{"embeddable":true,"href":"https:\/\/www.africa-press.net\/niger\/wp-json\/wp\/v2\/comments?post=10227"}],"version-history":[{"count":0,"href":"https:\/\/www.africa-press.net\/niger\/wp-json\/wp\/v2\/posts\/10227\/revisions"}],"wp:featuredmedia":[{"embeddable":true,"href":"https:\/\/www.africa-press.net\/niger\/wp-json\/wp\/v2\/media\/10226"}],"wp:attachment":[{"href":"https:\/\/www.africa-press.net\/niger\/wp-json\/wp\/v2\/media?parent=10227"}],"wp:term":[{"taxonomy":"category","embeddable":true,"href":"https:\/\/www.africa-press.net\/niger\/wp-json\/wp\/v2\/categories?post=10227"},{"taxonomy":"post_tag","embeddable":true,"href":"https:\/\/www.africa-press.net\/niger\/wp-json\/wp\/v2\/tags?post=10227"}],"curies":[{"name":"wp","href":"https:\/\/api.w.org\/{rel}","templated":true}]}}