{"id":10243,"date":"2021-08-18T12:00:49","date_gmt":"2021-08-18T12:00:49","guid":{"rendered":"https:\/\/www.africa-press.net\/niger\/?p=10243"},"modified":"2021-08-18T23:05:50","modified_gmt":"2021-08-18T23:05:50","slug":"protection-civile-la-dgpc-en-quete-dun-maillage-effectif-du-territoire-national-responsable","status":"publish","type":"post","link":"https:\/\/www.africa-press.net\/niger\/toutes-les-actualites\/protection-civile-la-dgpc-en-quete-dun-maillage-effectif-du-territoire-national-responsable","title":{"rendered":"Protection civile\u00a0: La DGPC en qu\u00eate d\u2019un maillage effectif du territoire national (Responsable)"},"content":{"rendered":"<p><span style=\"color: #ff6600\"><strong><a href=\"https:\/\/www.africa-press.net\/\">Africa-Press<\/a> &#8211; <a href=\"https:\/\/www.africa-press.net\/niger\">Niger<\/a>. <\/strong><\/span>Au Niger, la direction g\u00e9n\u00e9rale de la protection civile (DGPC- d\u00e9membrement du minist\u00e8re de l\u2019int\u00e9rieur) veut s\u2019implanter dans tous les d\u00e9partements du pays, et \u00e0 la longue, dans toutes les communes du pays.<\/p>\n<p>Cette volont\u00e9 a \u00e9t\u00e9 manifest\u00e9e par le premier responsable de l\u2019institution, le Colonel-major Boubacar Bako dans une interview accord\u00e9e \u00e0 l\u2019ANP dans laquelle il a aussi expliqu\u00e9 les difficult\u00e9s auxquelles font face ses hommes.<\/p>\n<p>\u2018\u2019La principale difficult\u00e9, c\u2019est la m\u00e9connaissance du caract\u00e8re transversal des missions des services de protection civile, des risques, l\u2019incivisme face aux mesures de pr\u00e9vention qui sont de fois contraignantes, le non-respect du cadre juridique par tous les citoyens souvent par m\u00e9connaissance\u2019\u2019, a cit\u00e9 le Colonel-major.<\/p>\n<p>Il a, en outre, soulign\u00e9 que la seconde difficult\u00e9 que rencontrent ses hommes et qu\u2019ils sont entrain de surmonter gr\u00e2ce \u00e0 \u2018\u2019l\u2019engagement des plus hautes autorit\u00e9s, comme je l\u2019ai dit pr\u00e9c\u00e9demment, c\u2019est l\u2019extension de la pr\u00e9sence de nos services dans chaque d\u00e9partement du pays, et \u00e0 moyen et long termes dans les 266 communes du Niger\u2019\u2019.<\/p>\n<p>Cependant, le responsable de la protection civile a tenu \u00e0 pr\u00e9ciser que \u2018\u2019d\u2019\u00e9normes efforts vont devoir \u00eatre r\u00e9alis\u00e9s\u2019\u2019, avant d\u2019assurer que \u2018\u2019avec l\u2019engagement de nos autorit\u00e9s, la d\u00e9termination de la DGPC et l\u2019appui de nos partenaires, nous y arriverons\u2019\u2019.<\/p>\n<p>La protection civile, note-t-on, a pour objet la pr\u00e9vention des risques de toute nature, l&rsquo;information et l&rsquo;alerte des populations ainsi que la protection des personnes, des biens et de l&rsquo;environnement contre les accidents, les sinistres et les catastrophes par la pr\u00e9paration et la mise en \u0153uvre de mesures et de moyens appropri\u00e9s.<\/p>\n<p>Elle concourt \u00e0 la protection g\u00e9n\u00e9rale des populations, en lien avec la s\u00e9curit\u00e9 int\u00e9rieure et avec la d\u00e9fense civile, dans les conditions pr\u00e9vues par la l\u00e9gislation en vigueur, souligne-t-on.<\/p>\n<p>Selon le Colonel-major Boubacar Bako, sa direction assure \u2018\u2019des missions de pr\u00e9vention des risques et catastrophes, celle de la pr\u00e9paration de l\u2019alerte et de la gestion des catastrophes\u2019\u2019.<\/p>\n<p>\u2018\u2019Pour ce faire, elle dispose de neuf (9) directions techniques nationales et des services d\u00e9concentr\u00e9s. La DGPC a d\u00e9velopp\u00e9 une capacit\u00e9 de coordination des entit\u00e9s op\u00e9rationnelles d\u00e9ploy\u00e9es sur toute l\u2019\u00e9tendue du territoire national. Elle met en \u0153uvre une planification des urgences face aux situations de catastrophes naturelles et anthropiques par des acteurs territoriaux sous la coordination des responsables de ses services d\u00e9concentr\u00e9s et sous le contr\u00f4le des autorit\u00e9s administratives (\u2026). La DGPC utilise les nouvelles technologies de l\u2019information et de la communication (serveurs, tablettes, fibre optique et drones)\u2019\u2019 a-t-il ajout\u00e9.<\/p>\n<p>Parlant des ressources dont dispose son institution, le directeur g\u00e9n\u00e9ral de la Protection Civile a soulign\u00e9 que son institution dispose du Groupement National de Sapeurs-Pompiers et bient\u00f4t de la Brigade des Sapeurs-Pompiers Professionnels.<\/p>\n<p>\u2018\u2019Le maillage de ces corps, leur mat\u00e9riel et l\u2019implantation des services d\u00e9concentr\u00e9s de la protection civile permettent une bonne couverture du territoire\u2019\u2019, a-t-il d\u00e9clar\u00e9.<\/p>\n<p>\u2018\u2019Le pays est vaste, ainsi le d\u00e9lai d\u2019intervention, est souvent allong\u00e9 du fait des distances qui sont longues entre certaines localit\u00e9s et nos postions. Aussi nous veillons \u00e0 ce que les positions voisines couvrent les zones o\u00f9 nous ne sommes pas encore pr\u00e9sents de mani\u00e8re permanente. Par exemple, avec la position de T\u00e9ra, nous couvrons les d\u00e9partements de Goth\u00e8ye et de Bankilar\u00e9 o\u00f9 nous n\u2019avons pas d\u2019unit\u00e9s\u2019\u2019 a-t-il poursuivi.<\/p>\n<p>\u2018\u2019Mais, nous sommes lanc\u00e9s dans une dynamique pour r\u00e9sorber ces insuffisances, \u00e0 travers la construction en cours de nouvelles casernes de pompiers et la cr\u00e9ation de la Brigade des Sapeurs-Pompiers Professionnels\u2019\u2019 a fait savoir l\u2019officier sup\u00e9rieur.<\/p>\n<p>Expliquant les proc\u00e9dures de collecte, de traitement et de diffusion de ses informations, notamment en cas d\u2019alerte, Boubacar Bako a d\u00e9clar\u00e9 que \u2018\u2019pour ce qui est de la collecte de donn\u00e9es, elle se fait \u00e0 travers des cellules d\u00e9partementales d\u2019\u00e9valuation de catastrophes (CDEC) qui sont des structures pluridisciplinaires regroupant les services techniques d\u00e9concentr\u00e9s. Elles sont rattach\u00e9es \u00e0 la DGPC et ont pour mission exclusive l\u2019\u00e9valuation des pertes en vies humaines et des d\u00e9g\u00e2ts sur les biens et l\u2019environnement suite aux catastrophes. Elles sont sous l\u2019autorit\u00e9 du pr\u00e9fet et mises \u00e0 la disposition des communes sinistr\u00e9es par ce dernier\u2019\u2019.<\/p>\n<p>Il a ajout\u00e9 que \u2018\u2019gr\u00e2ce \u00e0 nos positionnements, la r\u00e9activit\u00e9, la promptitude et \u00e0 l\u2019abn\u00e9gation de nos personnels, particuli\u00e8rement les sapeurs-pompiers d\u00e9ploy\u00e9s sur le terrain, nous avons acquis la capacit\u00e9 de fournir des statistiques en temps quasi r\u00e9el de la situation des catastrophes notamment les inondations\u2019\u2019.<\/p>\n<p>\u2018\u2019L\u2019\u00e9valuation qu\u2019ils m\u00e8nent se fait au moyen de fiches papiers, mais aussi de tablettes sur lesquelles elles enregistrent les personnes sinistr\u00e9es et renseignent sur leur situation \u00e0 travers le logiciel KOBO TOOLBOX qui transmet la situation en temps r\u00e9el sur notre serveur. La situation nationale, consolid\u00e9e au quotidien par la DGPC, fait l\u2019objet d\u2019un compte rendu au Ministre de l\u2019Int\u00e9rieur et de la D\u00e9centralisation qui est l\u2019autorit\u00e9 l\u00e9galement habilit\u00e9e \u00e0 constater l\u2019\u00e9tat de catastrophe naturelle suivant l\u2019article 5 de la loi du 31 mars 2017 d\u00e9terminant les principes fondamentaux de l\u2019organisation de la protection civile. Cette situation est \u00e9galement transmise au Cabinet du Premier Ministre et au Minist\u00e8re de l\u2019Action Humanitaire et de la Gestion des Catastrophes\u2019\u2019 a-t-il expliqu\u00e9.<\/p>\n<p>Dans le cadre de ses activit\u00e9s, la protection civile fait aussi appel \u00e0 d\u2019autres corps de d\u00e9fense et de s\u00e9curit\u00e9.<\/p>\n<p>\u2018\u2019Les missions de protection civile sont assur\u00e9es par les sapeurs-pompiers, les militaires des unit\u00e9s qui en sont investis \u00e0 titre permanent ainsi que les personnels des services de l&rsquo;Etat\u2019\u2019 a soulign\u00e9 le Colonel Bako.<\/p>\n<p>Parlant particuli\u00e8rement des sapeurs-pompiers, avec lesquels les agents de la DGPC sont souvent confondus, le Colonel-major a expliqu\u00e9 la diff\u00e9rence.<\/p>\n<p>\u2018\u2019Au Niger, le cadre juridique met les sapeurs-pompiers \u00e0 la disposition de la protection civile. Ainsi ces derniers assurent des missions d\u2019incendie et de secours et celle de la gestion des catastrophes pour le compte de la DGPC. Les sapeurs-pompiers sont constitu\u00e9s par le Groupement National des Sapeurs-Pompiers relevant du Minist\u00e8re de la D\u00e9fense Nationale et un corps, en cours de mise en place par le Minist\u00e8re de l\u2019Int\u00e9rieur et de la d\u00e9centralisation pour renforcer la DGPC. Ainsi la Brigade de sapeurs-pompiers professionnels est un corps paramilitaire cr\u00e9\u00e9 pour compl\u00e9ter le maillage territorial des services de protection civile. La coordination des deux entit\u00e9s op\u00e9rationnelles est assur\u00e9e par la DGPC qui est charg\u00e9e de la mise en \u0153uvre de la politique nationale de protection civile et qui assure la construction des infrastructures, l\u2019acquisition des engins et autres \u00e9quipements et la formation des unit\u00e9s des sapeurs-pompiers\u2019\u2019 a-t-il d\u00e9taill\u00e9.<\/p>\n<p>\u2018\u2019Concourent \u00e9galement \u00e0 l&rsquo;accomplissement des missions de protection civile les forces arm\u00e9es, la Gendarmerie Nationale et la Garde Nationale du Niger, ainsi que les fonctionnaires de la Police Nationale, des Eaux et For\u00eats, de la Douane, et les agents de l&rsquo;Etat, des collectivit\u00e9s territoriales et des \u00e9tablissements et organismes publics ou priv\u00e9s appel\u00e9s \u00e0 exercer des missions se rapportant \u00e0 la protection des populations, et les membres des associations \u0153uvrant dans le domaine de la protection civile\u2019\u2019 a-t-il ajout\u00e9.<\/p>\n<p>Selon le Directeur g\u00e9n\u00e9ral de la protection civile, au Niger toutes les activit\u00e9s que m\u00e8nent ses hommes se r\u00e9alisent gr\u00e2ce au concours des partenaires de la DGPC.<\/p>\n<p>\u2018\u2019Avec les partenaires nationaux, nous travaillons et nous \u00e9changeons beaucoup, et cela passe par la ma\u00eetrise de la r\u00e8glementation, autrement dit du cadre juridique qui est aff\u00e9rent \u00e0 nos activit\u00e9s. Quant aux partenaires non \u00e9tatiques, notamment les organismes internationaux, ils nous apportent beaucoup. Je dirai plut\u00f4t qu\u2019ils nous facilitent beaucoup de t\u00e2ches \u00e0 travers, notamment le renforcement de capacit\u00e9s techniques et mat\u00e9rielles. Je vais d\u2019ailleurs profiter pour leur adresser nos remerciements pour les multiples appuis qu\u2019ils nous apportent. Ils sont nombreux et je ne pourrai pas les citer avec exhaustivit\u00e9\u2019\u2019 a-t-il laiss\u00e9 entendre.<\/p>\n<p>Il a cit\u00e9, n\u00e9anmoins, au nombre de ces partenaires, l\u2019organisation Internationale de la Protection Civile, l\u2019Unicef, la FAO, l\u2019Organisation Internationale pour les Migrations, le Projet de Gestion des Risques de Catastrophes et de D\u00e9veloppement Urbain, les protections civiles s\u0153urs, le Bureau de Coordination des Affaires Humanitaires, l\u2019ECHO, l\u2019AFD, la Banque Mondiale, la Croix Rouge Nig\u00e9rienne.<\/p>\n","protected":false},"excerpt":{"rendered":"<p>Africa-Press &#8211; Niger. Au Niger, la direction g\u00e9n\u00e9rale de la protection civile (DGPC- d\u00e9membrement du minist\u00e8re de l\u2019int\u00e9rieur) veut s\u2019implanter dans tous les d\u00e9partements du pays, et \u00e0 la longue, dans toutes les communes du pays. Cette volont\u00e9 a \u00e9t\u00e9 manifest\u00e9e par le premier responsable de l\u2019institution, le Colonel-major Boubacar Bako dans une interview accord\u00e9e [&hellip;]<\/p>\n","protected":false},"author":82,"featured_media":10242,"comment_status":"open","ping_status":"closed","sticky":false,"template":"","format":"standard","meta":{"footnotes":""},"categories":[21,11,10],"tags":[55,60,29],"class_list":["post-10243","post","type-post","status-publish","format-standard","has-post-thumbnail","hentry","category-communaute","category-homepage-french","category-toutes-les-actualites","tag-africa-press","tag-africa-press-niger","tag-niger"],"yoast_head":"<!-- This site is optimized with the Yoast SEO Premium plugin v26.1 (Yoast SEO v27.0) - https:\/\/yoast.com\/product\/yoast-seo-premium-wordpress\/ -->\n<title>Protection civile\u00a0: La DGPC en qu\u00eate d\u2019un maillage effectif du territoire national (Responsable) - niger<\/title>\n<meta name=\"description\" content=\"Au Niger, la direction g\u00e9n\u00e9rale de la protection civile (DGPC- d\u00e9membrement du minist\u00e8re de l\u2019int\u00e9rieur) veut s\u2019implante ...\" \/>\n<meta name=\"robots\" content=\"index, follow, max-snippet:-1, max-image-preview:large, max-video-preview:-1\" \/>\n<link rel=\"canonical\" href=\"https:\/\/www.africa-press.net\/niger\/toutes-les-actualites\/protection-civile-la-dgpc-en-quete-dun-maillage-effectif-du-territoire-national-responsable\" \/>\n<meta property=\"og:locale\" content=\"fr_FR\" \/>\n<meta property=\"og:type\" content=\"article\" \/>\n<meta property=\"og:title\" content=\"Protection civile\u00a0: La DGPC en qu\u00eate d\u2019un maillage effectif du territoire national (Responsable)\" \/>\n<meta property=\"og:description\" content=\"Au Niger, la direction g\u00e9n\u00e9rale de la protection civile (DGPC- d\u00e9membrement du minist\u00e8re de l\u2019int\u00e9rieur) veut s\u2019implante ...\" \/>\n<meta property=\"og:url\" content=\"https:\/\/www.africa-press.net\/niger\/toutes-les-actualites\/protection-civile-la-dgpc-en-quete-dun-maillage-effectif-du-territoire-national-responsable\" \/>\n<meta property=\"og:site_name\" content=\"niger\" \/>\n<meta property=\"article:published_time\" content=\"2021-08-18T12:00:49+00:00\" \/>\n<meta property=\"article:modified_time\" content=\"2021-08-18T23:05:50+00:00\" \/>\n<meta property=\"og:image\" content=\"https:\/\/static.africa-press.net\/niger\/sites\/40\/2021\/08\/img-611cf3cfcac54.jpg\" \/>\n\t<meta property=\"og:image:width\" content=\"1080\" \/>\n\t<meta property=\"og:image:height\" content=\"720\" \/>\n\t<meta property=\"og:image:type\" content=\"image\/jpeg\" \/>\n<meta name=\"author\" content=\"cfeditorfr\" \/>\n<meta name=\"twitter:card\" content=\"summary_large_image\" \/>\n<meta name=\"twitter:label1\" content=\"\u00c9crit par\" \/>\n\t<meta name=\"twitter:data1\" content=\"cfeditorfr\" \/>\n\t<meta name=\"twitter:label2\" content=\"Dur\u00e9e de lecture estim\u00e9e\" \/>\n\t<meta name=\"twitter:data2\" content=\"7 minutes\" \/>\n<script type=\"application\/ld+json\" class=\"yoast-schema-graph\">{\"@context\":\"https:\/\/schema.org\",\"@graph\":[{\"@type\":\"Article\",\"@id\":\"https:\/\/www.africa-press.net\/niger\/toutes-les-actualites\/protection-civile-la-dgpc-en-quete-dun-maillage-effectif-du-territoire-national-responsable#article\",\"isPartOf\":{\"@id\":\"https:\/\/www.africa-press.net\/niger\/toutes-les-actualites\/protection-civile-la-dgpc-en-quete-dun-maillage-effectif-du-territoire-national-responsable\"},\"author\":{\"name\":\"cfeditorfr\",\"@id\":\"https:\/\/www.africa-press.net\/niger\/#\/schema\/person\/2b1cf3cd81a31e3cd26889ca66d677f1\"},\"headline\":\"Protection civile\u00a0: La DGPC en qu\u00eate d\u2019un maillage effectif du territoire national (Responsable)\",\"datePublished\":\"2021-08-18T12:00:49+00:00\",\"dateModified\":\"2021-08-18T23:05:50+00:00\",\"mainEntityOfPage\":{\"@id\":\"https:\/\/www.africa-press.net\/niger\/toutes-les-actualites\/protection-civile-la-dgpc-en-quete-dun-maillage-effectif-du-territoire-national-responsable\"},\"wordCount\":1488,\"commentCount\":0,\"image\":{\"@id\":\"https:\/\/www.africa-press.net\/niger\/toutes-les-actualites\/protection-civile-la-dgpc-en-quete-dun-maillage-effectif-du-territoire-national-responsable#primaryimage\"},\"thumbnailUrl\":\"https:\/\/static.africa-press.net\/niger\/sites\/40\/2021\/08\/img-611cf3cfcac54.jpg\",\"keywords\":[\"Africa Press\",\"Africa Press-Niger\",\"Niger\"],\"articleSection\":[\"Communaut\u00e9\",\"homepage-french\",\"Toutes les actualit\u00e9s\"],\"inLanguage\":\"fr-FR\",\"potentialAction\":[{\"@type\":\"CommentAction\",\"name\":\"Comment\",\"target\":[\"https:\/\/www.africa-press.net\/niger\/toutes-les-actualites\/protection-civile-la-dgpc-en-quete-dun-maillage-effectif-du-territoire-national-responsable#respond\"]}]},{\"@type\":\"WebPage\",\"@id\":\"https:\/\/www.africa-press.net\/niger\/toutes-les-actualites\/protection-civile-la-dgpc-en-quete-dun-maillage-effectif-du-territoire-national-responsable\",\"url\":\"https:\/\/www.africa-press.net\/niger\/toutes-les-actualites\/protection-civile-la-dgpc-en-quete-dun-maillage-effectif-du-territoire-national-responsable\",\"name\":\"Protection civile\u00a0: La DGPC en qu\u00eate d\u2019un maillage effectif du territoire national (Responsable) - niger\",\"isPartOf\":{\"@id\":\"https:\/\/www.africa-press.net\/niger\/#website\"},\"primaryImageOfPage\":{\"@id\":\"https:\/\/www.africa-press.net\/niger\/toutes-les-actualites\/protection-civile-la-dgpc-en-quete-dun-maillage-effectif-du-territoire-national-responsable#primaryimage\"},\"image\":{\"@id\":\"https:\/\/www.africa-press.net\/niger\/toutes-les-actualites\/protection-civile-la-dgpc-en-quete-dun-maillage-effectif-du-territoire-national-responsable#primaryimage\"},\"thumbnailUrl\":\"https:\/\/static.africa-press.net\/niger\/sites\/40\/2021\/08\/img-611cf3cfcac54.jpg\",\"datePublished\":\"2021-08-18T12:00:49+00:00\",\"dateModified\":\"2021-08-18T23:05:50+00:00\",\"author\":{\"@id\":\"https:\/\/www.africa-press.net\/niger\/#\/schema\/person\/2b1cf3cd81a31e3cd26889ca66d677f1\"},\"description\":\"Au Niger, la direction g\u00e9n\u00e9rale de la protection civile (DGPC- d\u00e9membrement du minist\u00e8re de l\u2019int\u00e9rieur) veut s\u2019implante ...\",\"breadcrumb\":{\"@id\":\"https:\/\/www.africa-press.net\/niger\/toutes-les-actualites\/protection-civile-la-dgpc-en-quete-dun-maillage-effectif-du-territoire-national-responsable#breadcrumb\"},\"inLanguage\":\"fr-FR\",\"potentialAction\":[{\"@type\":\"ReadAction\",\"target\":[\"https:\/\/www.africa-press.net\/niger\/toutes-les-actualites\/protection-civile-la-dgpc-en-quete-dun-maillage-effectif-du-territoire-national-responsable\"]}]},{\"@type\":\"ImageObject\",\"inLanguage\":\"fr-FR\",\"@id\":\"https:\/\/www.africa-press.net\/niger\/toutes-les-actualites\/protection-civile-la-dgpc-en-quete-dun-maillage-effectif-du-territoire-national-responsable#primaryimage\",\"url\":\"https:\/\/static.africa-press.net\/niger\/sites\/40\/2021\/08\/img-611cf3cfcac54.jpg\",\"contentUrl\":\"https:\/\/static.africa-press.net\/niger\/sites\/40\/2021\/08\/img-611cf3cfcac54.jpg\",\"width\":1080,\"height\":720,\"caption\":\"Protection civile\u00a0: La DGPC en qu\u00eate d\u2019un maillage effectif du territoire national (Responsable)\"},{\"@type\":\"BreadcrumbList\",\"@id\":\"https:\/\/www.africa-press.net\/niger\/toutes-les-actualites\/protection-civile-la-dgpc-en-quete-dun-maillage-effectif-du-territoire-national-responsable#breadcrumb\",\"itemListElement\":[{\"@type\":\"ListItem\",\"position\":1,\"name\":\"Accueil\",\"item\":\"https:\/\/www.africa-press.net\/niger\/\"},{\"@type\":\"ListItem\",\"position\":2,\"name\":\"Protection civile\u00a0: La DGPC en qu\u00eate d\u2019un maillage effectif du territoire national (Responsable)\"}]},{\"@type\":\"WebSite\",\"@id\":\"https:\/\/www.africa-press.net\/niger\/#website\",\"url\":\"https:\/\/www.africa-press.net\/niger\/\",\"name\":\"niger\",\"description\":\"Just another Africa News Agency Sites site\",\"potentialAction\":[{\"@type\":\"SearchAction\",\"target\":{\"@type\":\"EntryPoint\",\"urlTemplate\":\"https:\/\/www.africa-press.net\/niger\/?s={search_term_string}\"},\"query-input\":{\"@type\":\"PropertyValueSpecification\",\"valueRequired\":true,\"valueName\":\"search_term_string\"}}],\"inLanguage\":\"fr-FR\"},{\"@type\":\"Person\",\"@id\":\"https:\/\/www.africa-press.net\/niger\/#\/schema\/person\/2b1cf3cd81a31e3cd26889ca66d677f1\",\"name\":\"cfeditorfr\"}]}<\/script>\n<!-- \/ Yoast SEO Premium plugin. -->","yoast_head_json":{"title":"Protection civile\u00a0: La DGPC en qu\u00eate d\u2019un maillage effectif du territoire national (Responsable) - niger","description":"Au Niger, la direction g\u00e9n\u00e9rale de la protection civile (DGPC- d\u00e9membrement du minist\u00e8re de l\u2019int\u00e9rieur) veut s\u2019implante ...","robots":{"index":"index","follow":"follow","max-snippet":"max-snippet:-1","max-image-preview":"max-image-preview:large","max-video-preview":"max-video-preview:-1"},"canonical":"https:\/\/www.africa-press.net\/niger\/toutes-les-actualites\/protection-civile-la-dgpc-en-quete-dun-maillage-effectif-du-territoire-national-responsable","og_locale":"fr_FR","og_type":"article","og_title":"Protection civile\u00a0: La DGPC en qu\u00eate d\u2019un maillage effectif du territoire national (Responsable)","og_description":"Au Niger, la direction g\u00e9n\u00e9rale de la protection civile (DGPC- d\u00e9membrement du minist\u00e8re de l\u2019int\u00e9rieur) veut s\u2019implante ...","og_url":"https:\/\/www.africa-press.net\/niger\/toutes-les-actualites\/protection-civile-la-dgpc-en-quete-dun-maillage-effectif-du-territoire-national-responsable","og_site_name":"niger","article_published_time":"2021-08-18T12:00:49+00:00","article_modified_time":"2021-08-18T23:05:50+00:00","og_image":[{"width":1080,"height":720,"url":"https:\/\/static.africa-press.net\/niger\/sites\/40\/2021\/08\/img-611cf3cfcac54.jpg","type":"image\/jpeg"}],"author":"cfeditorfr","twitter_card":"summary_large_image","twitter_misc":{"\u00c9crit par":"cfeditorfr","Dur\u00e9e de lecture estim\u00e9e":"7 minutes"},"schema":{"@context":"https:\/\/schema.org","@graph":[{"@type":"Article","@id":"https:\/\/www.africa-press.net\/niger\/toutes-les-actualites\/protection-civile-la-dgpc-en-quete-dun-maillage-effectif-du-territoire-national-responsable#article","isPartOf":{"@id":"https:\/\/www.africa-press.net\/niger\/toutes-les-actualites\/protection-civile-la-dgpc-en-quete-dun-maillage-effectif-du-territoire-national-responsable"},"author":{"name":"cfeditorfr","@id":"https:\/\/www.africa-press.net\/niger\/#\/schema\/person\/2b1cf3cd81a31e3cd26889ca66d677f1"},"headline":"Protection civile\u00a0: La DGPC en qu\u00eate d\u2019un maillage effectif du territoire national (Responsable)","datePublished":"2021-08-18T12:00:49+00:00","dateModified":"2021-08-18T23:05:50+00:00","mainEntityOfPage":{"@id":"https:\/\/www.africa-press.net\/niger\/toutes-les-actualites\/protection-civile-la-dgpc-en-quete-dun-maillage-effectif-du-territoire-national-responsable"},"wordCount":1488,"commentCount":0,"image":{"@id":"https:\/\/www.africa-press.net\/niger\/toutes-les-actualites\/protection-civile-la-dgpc-en-quete-dun-maillage-effectif-du-territoire-national-responsable#primaryimage"},"thumbnailUrl":"https:\/\/static.africa-press.net\/niger\/sites\/40\/2021\/08\/img-611cf3cfcac54.jpg","keywords":["Africa Press","Africa Press-Niger","Niger"],"articleSection":["Communaut\u00e9","homepage-french","Toutes les actualit\u00e9s"],"inLanguage":"fr-FR","potentialAction":[{"@type":"CommentAction","name":"Comment","target":["https:\/\/www.africa-press.net\/niger\/toutes-les-actualites\/protection-civile-la-dgpc-en-quete-dun-maillage-effectif-du-territoire-national-responsable#respond"]}]},{"@type":"WebPage","@id":"https:\/\/www.africa-press.net\/niger\/toutes-les-actualites\/protection-civile-la-dgpc-en-quete-dun-maillage-effectif-du-territoire-national-responsable","url":"https:\/\/www.africa-press.net\/niger\/toutes-les-actualites\/protection-civile-la-dgpc-en-quete-dun-maillage-effectif-du-territoire-national-responsable","name":"Protection civile\u00a0: La DGPC en qu\u00eate d\u2019un maillage effectif du territoire national (Responsable) - niger","isPartOf":{"@id":"https:\/\/www.africa-press.net\/niger\/#website"},"primaryImageOfPage":{"@id":"https:\/\/www.africa-press.net\/niger\/toutes-les-actualites\/protection-civile-la-dgpc-en-quete-dun-maillage-effectif-du-territoire-national-responsable#primaryimage"},"image":{"@id":"https:\/\/www.africa-press.net\/niger\/toutes-les-actualites\/protection-civile-la-dgpc-en-quete-dun-maillage-effectif-du-territoire-national-responsable#primaryimage"},"thumbnailUrl":"https:\/\/static.africa-press.net\/niger\/sites\/40\/2021\/08\/img-611cf3cfcac54.jpg","datePublished":"2021-08-18T12:00:49+00:00","dateModified":"2021-08-18T23:05:50+00:00","author":{"@id":"https:\/\/www.africa-press.net\/niger\/#\/schema\/person\/2b1cf3cd81a31e3cd26889ca66d677f1"},"description":"Au Niger, la direction g\u00e9n\u00e9rale de la protection civile (DGPC- d\u00e9membrement du minist\u00e8re de l\u2019int\u00e9rieur) veut s\u2019implante ...","breadcrumb":{"@id":"https:\/\/www.africa-press.net\/niger\/toutes-les-actualites\/protection-civile-la-dgpc-en-quete-dun-maillage-effectif-du-territoire-national-responsable#breadcrumb"},"inLanguage":"fr-FR","potentialAction":[{"@type":"ReadAction","target":["https:\/\/www.africa-press.net\/niger\/toutes-les-actualites\/protection-civile-la-dgpc-en-quete-dun-maillage-effectif-du-territoire-national-responsable"]}]},{"@type":"ImageObject","inLanguage":"fr-FR","@id":"https:\/\/www.africa-press.net\/niger\/toutes-les-actualites\/protection-civile-la-dgpc-en-quete-dun-maillage-effectif-du-territoire-national-responsable#primaryimage","url":"https:\/\/static.africa-press.net\/niger\/sites\/40\/2021\/08\/img-611cf3cfcac54.jpg","contentUrl":"https:\/\/static.africa-press.net\/niger\/sites\/40\/2021\/08\/img-611cf3cfcac54.jpg","width":1080,"height":720,"caption":"Protection civile\u00a0: La DGPC en qu\u00eate d\u2019un maillage effectif du territoire national (Responsable)"},{"@type":"BreadcrumbList","@id":"https:\/\/www.africa-press.net\/niger\/toutes-les-actualites\/protection-civile-la-dgpc-en-quete-dun-maillage-effectif-du-territoire-national-responsable#breadcrumb","itemListElement":[{"@type":"ListItem","position":1,"name":"Accueil","item":"https:\/\/www.africa-press.net\/niger\/"},{"@type":"ListItem","position":2,"name":"Protection civile\u00a0: La DGPC en qu\u00eate d\u2019un maillage effectif du territoire national (Responsable)"}]},{"@type":"WebSite","@id":"https:\/\/www.africa-press.net\/niger\/#website","url":"https:\/\/www.africa-press.net\/niger\/","name":"niger","description":"Just another Africa News Agency Sites site","potentialAction":[{"@type":"SearchAction","target":{"@type":"EntryPoint","urlTemplate":"https:\/\/www.africa-press.net\/niger\/?s={search_term_string}"},"query-input":{"@type":"PropertyValueSpecification","valueRequired":true,"valueName":"search_term_string"}}],"inLanguage":"fr-FR"},{"@type":"Person","@id":"https:\/\/www.africa-press.net\/niger\/#\/schema\/person\/2b1cf3cd81a31e3cd26889ca66d677f1","name":"cfeditorfr"}]}},"_links":{"self":[{"href":"https:\/\/www.africa-press.net\/niger\/wp-json\/wp\/v2\/posts\/10243","targetHints":{"allow":["GET"]}}],"collection":[{"href":"https:\/\/www.africa-press.net\/niger\/wp-json\/wp\/v2\/posts"}],"about":[{"href":"https:\/\/www.africa-press.net\/niger\/wp-json\/wp\/v2\/types\/post"}],"author":[{"embeddable":true,"href":"https:\/\/www.africa-press.net\/niger\/wp-json\/wp\/v2\/users\/82"}],"replies":[{"embeddable":true,"href":"https:\/\/www.africa-press.net\/niger\/wp-json\/wp\/v2\/comments?post=10243"}],"version-history":[{"count":0,"href":"https:\/\/www.africa-press.net\/niger\/wp-json\/wp\/v2\/posts\/10243\/revisions"}],"wp:featuredmedia":[{"embeddable":true,"href":"https:\/\/www.africa-press.net\/niger\/wp-json\/wp\/v2\/media\/10242"}],"wp:attachment":[{"href":"https:\/\/www.africa-press.net\/niger\/wp-json\/wp\/v2\/media?parent=10243"}],"wp:term":[{"taxonomy":"category","embeddable":true,"href":"https:\/\/www.africa-press.net\/niger\/wp-json\/wp\/v2\/categories?post=10243"},{"taxonomy":"post_tag","embeddable":true,"href":"https:\/\/www.africa-press.net\/niger\/wp-json\/wp\/v2\/tags?post=10243"}],"curies":[{"name":"wp","href":"https:\/\/api.w.org\/{rel}","templated":true}]}}