{"id":10246,"date":"2021-08-18T12:09:27","date_gmt":"2021-08-18T12:09:27","guid":{"rendered":"https:\/\/www.africa-press.net\/niger\/?p=10246"},"modified":"2021-08-18T23:05:59","modified_gmt":"2021-08-18T23:05:59","slug":"tillaberi-le-projet-pati-rehabilite-labattoir-frigorifique-de-la-region-pour-un-cout-global-de-300-000-000f-cfa","status":"publish","type":"post","link":"https:\/\/www.africa-press.net\/niger\/economie\/tillaberi-le-projet-pati-rehabilite-labattoir-frigorifique-de-la-region-pour-un-cout-global-de-300-000-000f-cfa","title":{"rendered":"Tillab\u00e9ri : Le Projet PATI r\u00e9habilite l\u2019abattoir frigorifique de la r\u00e9gion pour un co\u00fbt global de 300.000.000f CFA"},"content":{"rendered":"<p><span style=\"color: #ff6600\"><strong><a href=\"https:\/\/www.africa-press.net\/\">Africa-Press<\/a> &#8211; <a href=\"https:\/\/www.africa-press.net\/niger\">Niger<\/a>. <\/strong><\/span>Le Maire de la Commune urbaine de Tillab\u00e9ri, M. Moussa Douma et le Coordonnateur du comit\u00e9 National de Coordination des Actions du G5 Sahel, M. Mamane Saidou, par ailleurs, point focal du C3Sahel, ont anim\u00e9 un point de presse, le mardi 17 ao\u00fbt 2021, sur le Projet d\u2019Am\u00e9nagement Territorial Int\u00e9gr\u00e9 (PATI) qui a entrepris des travaux de r\u00e9habilitation de l\u2019abattoir frigorifique de la r\u00e9gion pour un co\u00fbt global de 300.000.000f CFA.<\/p>\n<p>Dans une pr\u00e9sentation de la Cellule de Coop\u00e9ration d\u00e9centralis\u00e9e transfrontali\u00e8re entre les Collectivit\u00e9s territoriales du Sahel (C3Sahel), le Maire de la Commune urbaine de Tillab\u00e9ri, M. Moussa Douma a indiqu\u00e9 que \u2018\u2019cette cellule faiti\u00e8re du Conseil des Collectivit\u00e9s Territoriales de l\u2019UEMOA (CCT UEMOA) qui a pour Pr\u00e9sident le D\u00e9put\u00e9 maire de Dori, Ahmed Aziz Diallo et dont le si\u00e8ge est \u00e9tabli \u00e0 Dori, vise \u00e0 promouvoir le d\u00e9veloppement dans l\u2019espace appel\u00e9 Initiative pour l\u2019Int\u00e9gration des Infrastructures R\u00e9gionales du Sahel (IIIRSAHEL)\u2019\u2019.<\/p>\n<p>\u2018\u2019La C3Sahel comprend neuf (9) collectivit\u00e9s territoriales notamment, le Conseil r\u00e9gional de Tombouctou, les communes de Gao et Tombouctou au Mali ; les communes de T\u00e9ra, Tillab\u00e9ri au Niger ; les communes de Dori, Gorom &#8211; Gorom, Sebba et Djibo au Burkina Faso\u2019\u2019 a-t-il d\u00e9taill\u00e9, pr\u00e9cisant qu\u2019elle a une population estim\u00e9e \u00e0 environ 8.673.892 habitants (estimation 2016) avec une Superficie de 807.282 km\u00b2.<\/p>\n<p>Quant au Projet d\u2019 Am\u00e9nagement Territorial Int\u00e9gr\u00e9 (PATI), M. Moussa Douma a notifi\u00e9 qu\u2019initi\u00e9 par le G5 Sahel et la Cellule de Coop\u00e9ration d\u00e9centralis\u00e9e transfrontali\u00e8re des collectivit\u00e9s territoriales du Sahel (C3Sahel), \u2018\u2019comporte cinq (5) composantes notamment, la s\u00e9curisation et l\u2019am\u00e9nagement de la zone pastorale de Ceekol Nagge ; l\u2019am\u00e9nagement et l\u2019\u00e9quipement de l\u2019abattoir de Tillab\u00e9ri ; la r\u00e9alisation de magasins de stockage d\u2019aliments de b\u00e9tail \u00e0 Gossi ; le renforcement du niveau des services du Centre hospitalier r\u00e9gional (CHR) de Dori et l\u2019appui institutionnel au Secr\u00e9tariat permanent et gouvernance du Programme\u2019\u2019.<\/p>\n<p>La 2\u00e8me composante de ce projet vise \u00e0 am\u00e9nager et \u00e0 \u00e9quiper l\u2019abattoir de Tillab\u00e9ri, pour lequel le Maire Moussa Douma a annonc\u00e9 que \u2018\u2019les r\u00e9alisations sont en cours et il s\u2019agit de r\u00e9habiliter cet abattoir, le moderniser pour qu\u2019il ait un niveau \u00e0 l\u2019image des autres abattoirs des autres r\u00e9gions du pays\u2019\u2019.<\/p>\n<p>Le Maire M. Moussa Douma a par ailleurs pr\u00e9cis\u00e9 que, \u2018\u2019il y aura la construction d\u2019une cha\u00eene de traitements pour l\u2019abattage des animaux qui constitue les variations, toutes les composantes qu\u2019un abattoir de type moderne puisse avoir, de l\u2019inspection \u00e0 l\u2019abattage et jusqu\u2019\u00e0 plusieurs degr\u00e9s ; la construction d\u2019une unit\u00e9 de traitement des sous-produits pour la fabrication de la farine de sang, de poudre d&rsquo;os, de la farine de viande et de graisse ; la construction des incin\u00e9rateurs ; l\u2019acquisition des \u00e9quipements (fournitures et pose des rails de suspension, la chambre froide, le chariot pour fumier, fourniture et pose d\u2019un palan manuel et d\u2019une balance \u00e0 cadran et du mat\u00e9riel de bureautique) ; l\u2019acquisition d\u2019un camion frigorifique ; la mise en place du comit\u00e9 de gestion de l\u2019abattoir ; la formation et sensibilisation les acteurs impliqu\u00e9s dans la gestion (association et autres acteurs)\u2019\u2019.<\/p>\n<p>En marge de ce point de presse, une visite guid\u00e9e a \u00e9t\u00e9 effectu\u00e9e au niveau du chantier dudit abattoir en r\u00e9habilitation.<\/p>\n<p>Au terme de la visite, le Maire de la Commune urbaine de Tillab\u00e9ri, M. Moussa Douma s\u2019est dit satisfait du niveau d\u2019avancement des travaux et de la pr\u00e9sence de l\u2019entrepreneur sur les lieux, les probl\u00e8mes ne manquent pas, a-t-il fait savoir, pr\u00e9cisant que \u2018\u2019jusqu\u2019ici, c\u2019est \u00e0 ses propres frais que ce dernier continue de faire le travail et comme cela se doit\u2019\u2019.<\/p>\n<p>Pour le Directeur r\u00e9gional de l\u2019Elevage, M. Kombi Mamoudou, \u00ab c\u2019est un ouf de soulagement et les autres probl\u00e8mes qui restent sont le mur et l\u2019extension en ce qui concerne les eaux us\u00e9es\u2019\u2019 et a, par la m\u00eame occasion, lanc\u00e9 un appel \u00e0 l\u2019endroit de la mairie pour la construction d\u2019une route qui m\u00e8ne \u00e0 l\u2019abattoir.<\/p>\n<p>Pour rappel, les travaux de ce chantier pr\u00e9vus pour \u00eatre achev\u00e9s le 17 octobre 2021 ont d\u00e9but\u00e9 le 7 mai dernier, soit une dur\u00e9e de cinq (5) mois.<\/p>\n","protected":false},"excerpt":{"rendered":"<p>Africa-Press &#8211; Niger. Le Maire de la Commune urbaine de Tillab\u00e9ri, M. Moussa Douma et le Coordonnateur du comit\u00e9 National de Coordination des Actions du G5 Sahel, M. Mamane Saidou, par ailleurs, point focal du C3Sahel, ont anim\u00e9 un point de presse, le mardi 17 ao\u00fbt 2021, sur le Projet d\u2019Am\u00e9nagement Territorial Int\u00e9gr\u00e9 (PATI) qui [&hellip;]<\/p>\n","protected":false},"author":82,"featured_media":10245,"comment_status":"open","ping_status":"closed","sticky":false,"template":"","format":"standard","meta":{"footnotes":""},"categories":[3,11,10],"tags":[55,60,29],"class_list":["post-10246","post","type-post","status-publish","format-standard","has-post-thumbnail","hentry","category-economie","category-homepage-french","category-toutes-les-actualites","tag-africa-press","tag-africa-press-niger","tag-niger"],"yoast_head":"<!-- This site is optimized with the Yoast SEO Premium plugin v26.1 (Yoast SEO v27.0) - https:\/\/yoast.com\/product\/yoast-seo-premium-wordpress\/ -->\n<title>Tillab\u00e9ri : Le Projet PATI r\u00e9habilite l\u2019abattoir frigorifique de la r\u00e9gion pour un co\u00fbt global de 300.000.000f CFA - niger<\/title>\n<meta name=\"description\" content=\"Le Maire de la Commune urbaine de Tillab\u00e9ri, M. Moussa Douma et le Coordonnateur du comit\u00e9 National de Coordination des ...\" \/>\n<meta name=\"robots\" content=\"index, follow, max-snippet:-1, max-image-preview:large, max-video-preview:-1\" \/>\n<link rel=\"canonical\" href=\"https:\/\/www.africa-press.net\/niger\/economie\/tillaberi-le-projet-pati-rehabilite-labattoir-frigorifique-de-la-region-pour-un-cout-global-de-300-000-000f-cfa\" \/>\n<meta property=\"og:locale\" content=\"fr_FR\" \/>\n<meta property=\"og:type\" content=\"article\" \/>\n<meta property=\"og:title\" content=\"Tillab\u00e9ri : Le Projet PATI r\u00e9habilite l\u2019abattoir frigorifique de la r\u00e9gion pour un co\u00fbt global de 300.000.000f CFA\" \/>\n<meta property=\"og:description\" content=\"Le Maire de la Commune urbaine de Tillab\u00e9ri, M. Moussa Douma et le Coordonnateur du comit\u00e9 National de Coordination des ...\" \/>\n<meta property=\"og:url\" content=\"https:\/\/www.africa-press.net\/niger\/economie\/tillaberi-le-projet-pati-rehabilite-labattoir-frigorifique-de-la-region-pour-un-cout-global-de-300-000-000f-cfa\" \/>\n<meta property=\"og:site_name\" content=\"niger\" \/>\n<meta property=\"article:published_time\" content=\"2021-08-18T12:09:27+00:00\" \/>\n<meta property=\"article:modified_time\" content=\"2021-08-18T23:05:59+00:00\" \/>\n<meta property=\"og:image\" content=\"https:\/\/static.africa-press.net\/niger\/sites\/40\/2021\/08\/img-611cf3f6166d7.jpg\" \/>\n\t<meta property=\"og:image:width\" content=\"992\" \/>\n\t<meta property=\"og:image:height\" content=\"744\" \/>\n\t<meta property=\"og:image:type\" content=\"image\/jpeg\" \/>\n<meta name=\"author\" content=\"cfeditorfr\" \/>\n<meta name=\"twitter:card\" content=\"summary_large_image\" \/>\n<meta name=\"twitter:label1\" content=\"\u00c9crit par\" \/>\n\t<meta name=\"twitter:data1\" content=\"cfeditorfr\" \/>\n\t<meta name=\"twitter:label2\" content=\"Dur\u00e9e de lecture estim\u00e9e\" \/>\n\t<meta name=\"twitter:data2\" content=\"4 minutes\" \/>\n<script type=\"application\/ld+json\" class=\"yoast-schema-graph\">{\"@context\":\"https:\/\/schema.org\",\"@graph\":[{\"@type\":\"Article\",\"@id\":\"https:\/\/www.africa-press.net\/niger\/economie\/tillaberi-le-projet-pati-rehabilite-labattoir-frigorifique-de-la-region-pour-un-cout-global-de-300-000-000f-cfa#article\",\"isPartOf\":{\"@id\":\"https:\/\/www.africa-press.net\/niger\/economie\/tillaberi-le-projet-pati-rehabilite-labattoir-frigorifique-de-la-region-pour-un-cout-global-de-300-000-000f-cfa\"},\"author\":{\"name\":\"cfeditorfr\",\"@id\":\"https:\/\/www.africa-press.net\/niger\/#\/schema\/person\/2b1cf3cd81a31e3cd26889ca66d677f1\"},\"headline\":\"Tillab\u00e9ri : Le Projet PATI r\u00e9habilite l\u2019abattoir frigorifique de la r\u00e9gion pour un co\u00fbt global de 300.000.000f CFA\",\"datePublished\":\"2021-08-18T12:09:27+00:00\",\"dateModified\":\"2021-08-18T23:05:59+00:00\",\"mainEntityOfPage\":{\"@id\":\"https:\/\/www.africa-press.net\/niger\/economie\/tillaberi-le-projet-pati-rehabilite-labattoir-frigorifique-de-la-region-pour-un-cout-global-de-300-000-000f-cfa\"},\"wordCount\":774,\"commentCount\":0,\"image\":{\"@id\":\"https:\/\/www.africa-press.net\/niger\/economie\/tillaberi-le-projet-pati-rehabilite-labattoir-frigorifique-de-la-region-pour-un-cout-global-de-300-000-000f-cfa#primaryimage\"},\"thumbnailUrl\":\"https:\/\/static.africa-press.net\/niger\/sites\/40\/2021\/08\/img-611cf3f6166d7.jpg\",\"keywords\":[\"Africa Press\",\"Africa Press-Niger\",\"Niger\"],\"articleSection\":[\"\u00c9conomie\",\"homepage-french\",\"Toutes les actualit\u00e9s\"],\"inLanguage\":\"fr-FR\",\"potentialAction\":[{\"@type\":\"CommentAction\",\"name\":\"Comment\",\"target\":[\"https:\/\/www.africa-press.net\/niger\/economie\/tillaberi-le-projet-pati-rehabilite-labattoir-frigorifique-de-la-region-pour-un-cout-global-de-300-000-000f-cfa#respond\"]}]},{\"@type\":\"WebPage\",\"@id\":\"https:\/\/www.africa-press.net\/niger\/economie\/tillaberi-le-projet-pati-rehabilite-labattoir-frigorifique-de-la-region-pour-un-cout-global-de-300-000-000f-cfa\",\"url\":\"https:\/\/www.africa-press.net\/niger\/economie\/tillaberi-le-projet-pati-rehabilite-labattoir-frigorifique-de-la-region-pour-un-cout-global-de-300-000-000f-cfa\",\"name\":\"Tillab\u00e9ri : Le Projet PATI r\u00e9habilite l\u2019abattoir frigorifique de la r\u00e9gion pour un co\u00fbt global de 300.000.000f CFA - niger\",\"isPartOf\":{\"@id\":\"https:\/\/www.africa-press.net\/niger\/#website\"},\"primaryImageOfPage\":{\"@id\":\"https:\/\/www.africa-press.net\/niger\/economie\/tillaberi-le-projet-pati-rehabilite-labattoir-frigorifique-de-la-region-pour-un-cout-global-de-300-000-000f-cfa#primaryimage\"},\"image\":{\"@id\":\"https:\/\/www.africa-press.net\/niger\/economie\/tillaberi-le-projet-pati-rehabilite-labattoir-frigorifique-de-la-region-pour-un-cout-global-de-300-000-000f-cfa#primaryimage\"},\"thumbnailUrl\":\"https:\/\/static.africa-press.net\/niger\/sites\/40\/2021\/08\/img-611cf3f6166d7.jpg\",\"datePublished\":\"2021-08-18T12:09:27+00:00\",\"dateModified\":\"2021-08-18T23:05:59+00:00\",\"author\":{\"@id\":\"https:\/\/www.africa-press.net\/niger\/#\/schema\/person\/2b1cf3cd81a31e3cd26889ca66d677f1\"},\"description\":\"Le Maire de la Commune urbaine de Tillab\u00e9ri, M. Moussa Douma et le Coordonnateur du comit\u00e9 National de Coordination des ...\",\"breadcrumb\":{\"@id\":\"https:\/\/www.africa-press.net\/niger\/economie\/tillaberi-le-projet-pati-rehabilite-labattoir-frigorifique-de-la-region-pour-un-cout-global-de-300-000-000f-cfa#breadcrumb\"},\"inLanguage\":\"fr-FR\",\"potentialAction\":[{\"@type\":\"ReadAction\",\"target\":[\"https:\/\/www.africa-press.net\/niger\/economie\/tillaberi-le-projet-pati-rehabilite-labattoir-frigorifique-de-la-region-pour-un-cout-global-de-300-000-000f-cfa\"]}]},{\"@type\":\"ImageObject\",\"inLanguage\":\"fr-FR\",\"@id\":\"https:\/\/www.africa-press.net\/niger\/economie\/tillaberi-le-projet-pati-rehabilite-labattoir-frigorifique-de-la-region-pour-un-cout-global-de-300-000-000f-cfa#primaryimage\",\"url\":\"https:\/\/static.africa-press.net\/niger\/sites\/40\/2021\/08\/img-611cf3f6166d7.jpg\",\"contentUrl\":\"https:\/\/static.africa-press.net\/niger\/sites\/40\/2021\/08\/img-611cf3f6166d7.jpg\",\"width\":992,\"height\":744,\"caption\":\"Tillab\u00e9ri : Le Projet PATI r\u00e9habilite l\u2019abattoir frigorifique de la r\u00e9gion pour un co\u00fbt global de 300.000.000f CFA\"},{\"@type\":\"BreadcrumbList\",\"@id\":\"https:\/\/www.africa-press.net\/niger\/economie\/tillaberi-le-projet-pati-rehabilite-labattoir-frigorifique-de-la-region-pour-un-cout-global-de-300-000-000f-cfa#breadcrumb\",\"itemListElement\":[{\"@type\":\"ListItem\",\"position\":1,\"name\":\"Accueil\",\"item\":\"https:\/\/www.africa-press.net\/niger\/\"},{\"@type\":\"ListItem\",\"position\":2,\"name\":\"Tillab\u00e9ri : Le Projet PATI r\u00e9habilite l\u2019abattoir frigorifique de la r\u00e9gion pour un co\u00fbt global de 300.000.000f CFA\"}]},{\"@type\":\"WebSite\",\"@id\":\"https:\/\/www.africa-press.net\/niger\/#website\",\"url\":\"https:\/\/www.africa-press.net\/niger\/\",\"name\":\"niger\",\"description\":\"Just another Africa News Agency Sites site\",\"potentialAction\":[{\"@type\":\"SearchAction\",\"target\":{\"@type\":\"EntryPoint\",\"urlTemplate\":\"https:\/\/www.africa-press.net\/niger\/?s={search_term_string}\"},\"query-input\":{\"@type\":\"PropertyValueSpecification\",\"valueRequired\":true,\"valueName\":\"search_term_string\"}}],\"inLanguage\":\"fr-FR\"},{\"@type\":\"Person\",\"@id\":\"https:\/\/www.africa-press.net\/niger\/#\/schema\/person\/2b1cf3cd81a31e3cd26889ca66d677f1\",\"name\":\"cfeditorfr\"}]}<\/script>\n<!-- \/ Yoast SEO Premium plugin. -->","yoast_head_json":{"title":"Tillab\u00e9ri : Le Projet PATI r\u00e9habilite l\u2019abattoir frigorifique de la r\u00e9gion pour un co\u00fbt global de 300.000.000f CFA - niger","description":"Le Maire de la Commune urbaine de Tillab\u00e9ri, M. Moussa Douma et le Coordonnateur du comit\u00e9 National de Coordination des ...","robots":{"index":"index","follow":"follow","max-snippet":"max-snippet:-1","max-image-preview":"max-image-preview:large","max-video-preview":"max-video-preview:-1"},"canonical":"https:\/\/www.africa-press.net\/niger\/economie\/tillaberi-le-projet-pati-rehabilite-labattoir-frigorifique-de-la-region-pour-un-cout-global-de-300-000-000f-cfa","og_locale":"fr_FR","og_type":"article","og_title":"Tillab\u00e9ri : Le Projet PATI r\u00e9habilite l\u2019abattoir frigorifique de la r\u00e9gion pour un co\u00fbt global de 300.000.000f CFA","og_description":"Le Maire de la Commune urbaine de Tillab\u00e9ri, M. Moussa Douma et le Coordonnateur du comit\u00e9 National de Coordination des ...","og_url":"https:\/\/www.africa-press.net\/niger\/economie\/tillaberi-le-projet-pati-rehabilite-labattoir-frigorifique-de-la-region-pour-un-cout-global-de-300-000-000f-cfa","og_site_name":"niger","article_published_time":"2021-08-18T12:09:27+00:00","article_modified_time":"2021-08-18T23:05:59+00:00","og_image":[{"width":992,"height":744,"url":"https:\/\/static.africa-press.net\/niger\/sites\/40\/2021\/08\/img-611cf3f6166d7.jpg","type":"image\/jpeg"}],"author":"cfeditorfr","twitter_card":"summary_large_image","twitter_misc":{"\u00c9crit par":"cfeditorfr","Dur\u00e9e de lecture estim\u00e9e":"4 minutes"},"schema":{"@context":"https:\/\/schema.org","@graph":[{"@type":"Article","@id":"https:\/\/www.africa-press.net\/niger\/economie\/tillaberi-le-projet-pati-rehabilite-labattoir-frigorifique-de-la-region-pour-un-cout-global-de-300-000-000f-cfa#article","isPartOf":{"@id":"https:\/\/www.africa-press.net\/niger\/economie\/tillaberi-le-projet-pati-rehabilite-labattoir-frigorifique-de-la-region-pour-un-cout-global-de-300-000-000f-cfa"},"author":{"name":"cfeditorfr","@id":"https:\/\/www.africa-press.net\/niger\/#\/schema\/person\/2b1cf3cd81a31e3cd26889ca66d677f1"},"headline":"Tillab\u00e9ri : Le Projet PATI r\u00e9habilite l\u2019abattoir frigorifique de la r\u00e9gion pour un co\u00fbt global de 300.000.000f CFA","datePublished":"2021-08-18T12:09:27+00:00","dateModified":"2021-08-18T23:05:59+00:00","mainEntityOfPage":{"@id":"https:\/\/www.africa-press.net\/niger\/economie\/tillaberi-le-projet-pati-rehabilite-labattoir-frigorifique-de-la-region-pour-un-cout-global-de-300-000-000f-cfa"},"wordCount":774,"commentCount":0,"image":{"@id":"https:\/\/www.africa-press.net\/niger\/economie\/tillaberi-le-projet-pati-rehabilite-labattoir-frigorifique-de-la-region-pour-un-cout-global-de-300-000-000f-cfa#primaryimage"},"thumbnailUrl":"https:\/\/static.africa-press.net\/niger\/sites\/40\/2021\/08\/img-611cf3f6166d7.jpg","keywords":["Africa Press","Africa Press-Niger","Niger"],"articleSection":["\u00c9conomie","homepage-french","Toutes les actualit\u00e9s"],"inLanguage":"fr-FR","potentialAction":[{"@type":"CommentAction","name":"Comment","target":["https:\/\/www.africa-press.net\/niger\/economie\/tillaberi-le-projet-pati-rehabilite-labattoir-frigorifique-de-la-region-pour-un-cout-global-de-300-000-000f-cfa#respond"]}]},{"@type":"WebPage","@id":"https:\/\/www.africa-press.net\/niger\/economie\/tillaberi-le-projet-pati-rehabilite-labattoir-frigorifique-de-la-region-pour-un-cout-global-de-300-000-000f-cfa","url":"https:\/\/www.africa-press.net\/niger\/economie\/tillaberi-le-projet-pati-rehabilite-labattoir-frigorifique-de-la-region-pour-un-cout-global-de-300-000-000f-cfa","name":"Tillab\u00e9ri : Le Projet PATI r\u00e9habilite l\u2019abattoir frigorifique de la r\u00e9gion pour un co\u00fbt global de 300.000.000f CFA - niger","isPartOf":{"@id":"https:\/\/www.africa-press.net\/niger\/#website"},"primaryImageOfPage":{"@id":"https:\/\/www.africa-press.net\/niger\/economie\/tillaberi-le-projet-pati-rehabilite-labattoir-frigorifique-de-la-region-pour-un-cout-global-de-300-000-000f-cfa#primaryimage"},"image":{"@id":"https:\/\/www.africa-press.net\/niger\/economie\/tillaberi-le-projet-pati-rehabilite-labattoir-frigorifique-de-la-region-pour-un-cout-global-de-300-000-000f-cfa#primaryimage"},"thumbnailUrl":"https:\/\/static.africa-press.net\/niger\/sites\/40\/2021\/08\/img-611cf3f6166d7.jpg","datePublished":"2021-08-18T12:09:27+00:00","dateModified":"2021-08-18T23:05:59+00:00","author":{"@id":"https:\/\/www.africa-press.net\/niger\/#\/schema\/person\/2b1cf3cd81a31e3cd26889ca66d677f1"},"description":"Le Maire de la Commune urbaine de Tillab\u00e9ri, M. Moussa Douma et le Coordonnateur du comit\u00e9 National de Coordination des ...","breadcrumb":{"@id":"https:\/\/www.africa-press.net\/niger\/economie\/tillaberi-le-projet-pati-rehabilite-labattoir-frigorifique-de-la-region-pour-un-cout-global-de-300-000-000f-cfa#breadcrumb"},"inLanguage":"fr-FR","potentialAction":[{"@type":"ReadAction","target":["https:\/\/www.africa-press.net\/niger\/economie\/tillaberi-le-projet-pati-rehabilite-labattoir-frigorifique-de-la-region-pour-un-cout-global-de-300-000-000f-cfa"]}]},{"@type":"ImageObject","inLanguage":"fr-FR","@id":"https:\/\/www.africa-press.net\/niger\/economie\/tillaberi-le-projet-pati-rehabilite-labattoir-frigorifique-de-la-region-pour-un-cout-global-de-300-000-000f-cfa#primaryimage","url":"https:\/\/static.africa-press.net\/niger\/sites\/40\/2021\/08\/img-611cf3f6166d7.jpg","contentUrl":"https:\/\/static.africa-press.net\/niger\/sites\/40\/2021\/08\/img-611cf3f6166d7.jpg","width":992,"height":744,"caption":"Tillab\u00e9ri : Le Projet PATI r\u00e9habilite l\u2019abattoir frigorifique de la r\u00e9gion pour un co\u00fbt global de 300.000.000f CFA"},{"@type":"BreadcrumbList","@id":"https:\/\/www.africa-press.net\/niger\/economie\/tillaberi-le-projet-pati-rehabilite-labattoir-frigorifique-de-la-region-pour-un-cout-global-de-300-000-000f-cfa#breadcrumb","itemListElement":[{"@type":"ListItem","position":1,"name":"Accueil","item":"https:\/\/www.africa-press.net\/niger\/"},{"@type":"ListItem","position":2,"name":"Tillab\u00e9ri : Le Projet PATI r\u00e9habilite l\u2019abattoir frigorifique de la r\u00e9gion pour un co\u00fbt global de 300.000.000f CFA"}]},{"@type":"WebSite","@id":"https:\/\/www.africa-press.net\/niger\/#website","url":"https:\/\/www.africa-press.net\/niger\/","name":"niger","description":"Just another Africa News Agency Sites site","potentialAction":[{"@type":"SearchAction","target":{"@type":"EntryPoint","urlTemplate":"https:\/\/www.africa-press.net\/niger\/?s={search_term_string}"},"query-input":{"@type":"PropertyValueSpecification","valueRequired":true,"valueName":"search_term_string"}}],"inLanguage":"fr-FR"},{"@type":"Person","@id":"https:\/\/www.africa-press.net\/niger\/#\/schema\/person\/2b1cf3cd81a31e3cd26889ca66d677f1","name":"cfeditorfr"}]}},"_links":{"self":[{"href":"https:\/\/www.africa-press.net\/niger\/wp-json\/wp\/v2\/posts\/10246","targetHints":{"allow":["GET"]}}],"collection":[{"href":"https:\/\/www.africa-press.net\/niger\/wp-json\/wp\/v2\/posts"}],"about":[{"href":"https:\/\/www.africa-press.net\/niger\/wp-json\/wp\/v2\/types\/post"}],"author":[{"embeddable":true,"href":"https:\/\/www.africa-press.net\/niger\/wp-json\/wp\/v2\/users\/82"}],"replies":[{"embeddable":true,"href":"https:\/\/www.africa-press.net\/niger\/wp-json\/wp\/v2\/comments?post=10246"}],"version-history":[{"count":0,"href":"https:\/\/www.africa-press.net\/niger\/wp-json\/wp\/v2\/posts\/10246\/revisions"}],"wp:featuredmedia":[{"embeddable":true,"href":"https:\/\/www.africa-press.net\/niger\/wp-json\/wp\/v2\/media\/10245"}],"wp:attachment":[{"href":"https:\/\/www.africa-press.net\/niger\/wp-json\/wp\/v2\/media?parent=10246"}],"wp:term":[{"taxonomy":"category","embeddable":true,"href":"https:\/\/www.africa-press.net\/niger\/wp-json\/wp\/v2\/categories?post=10246"},{"taxonomy":"post_tag","embeddable":true,"href":"https:\/\/www.africa-press.net\/niger\/wp-json\/wp\/v2\/tags?post=10246"}],"curies":[{"name":"wp","href":"https:\/\/api.w.org\/{rel}","templated":true}]}}