{"id":10249,"date":"2021-08-18T12:14:03","date_gmt":"2021-08-18T12:14:03","guid":{"rendered":"https:\/\/www.africa-press.net\/niger\/?p=10249"},"modified":"2021-08-18T23:06:11","modified_gmt":"2021-08-18T23:06:11","slug":"tuerie-de-darey-dey-le-gouvernement-nigerien-decrete-un-deuil-national-de-48-heures","status":"publish","type":"post","link":"https:\/\/www.africa-press.net\/niger\/politique\/tuerie-de-darey-dey-le-gouvernement-nigerien-decrete-un-deuil-national-de-48-heures","title":{"rendered":"Tuerie de Darey-dey\u00a0: Le Gouvernement nig\u00e9rien d\u00e9cr\u00e8te un deuil national de 48 heures"},"content":{"rendered":"<p><span style=\"color: #ff6600\"><strong><a href=\"https:\/\/www.africa-press.net\/\">Africa-Press<\/a> &#8211; <a href=\"https:\/\/www.africa-press.net\/niger\">Niger<\/a>. <\/strong><\/span>, 18 Ao\u00fbt (ANP) &#8211; Suite \u00e0 l\u2019attaque arm\u00e9e du lundi 16 ao\u00fbt dernier, perp\u00e9tr\u00e9e dans les champs du village de Darey-dey, situ\u00e9 dans le d\u00e9partement de Banibangou (Tillab\u00e9ry), et qui a caus\u00e9 la mort de 37 personnes, le Gouvernement du Niger a d\u00e9cr\u00e9t\u00e9 un deuil national de 48 heures \u00e0 compter de ce mercredi 18 Ao\u00fbt 2021, a annonc\u00e9 le Ministre Porte-parole du Gouvernement, le Ministre de l\u2019Elevage Tidjani Idrissa Abdoulkadri.<\/p>\n<p>Selon les explications du Gouvernement, \u00ab l\u2019attaque, qui a cibl\u00e9 les paisibles populations civiles, a \u00e9t\u00e9 perp\u00e9tr\u00e9e par des \u00e9l\u00e9ments terroristes venus d\u2019un pays voisin, d\u2019o\u00f9 ils sont repartis apr\u00e8s leur forfait \u00bb.<\/p>\n<p>Cette grave agression a malheureusement entrain\u00e9 la mort de 37 personnes dont 13 mineurs et 04 femmes. On d\u00e9nombre \u00e9galement 04 femmes parmi les bless\u00e9s, a d\u00e9taill\u00e9 le communiqu\u00e9 du Gouvernement.<\/p>\n<p>Aussi, poursuit le communiqu\u00e9, \u00ab des mesures s\u00e9curitaires et sanitaires renforc\u00e9es ont \u00e9t\u00e9 prises dans la zone et une enqu\u00eate est en cours pour retrouver et traduire devant les tribunaux les auteurs de ces actes l\u00e2ches et criminels \u00bb.<\/p>\n<p>En outre, le Pr\u00e9sident de la R\u00e9publique a d\u00e9p\u00each\u00e9 une mission minist\u00e9rielle sur les lieux pour pr\u00e9senter, en son nom propre au nom du Gouvernement et du Peuple nig\u00e9riens, les condol\u00e9ances les plus attrist\u00e9es aux familles des victimes et souhaiter un prompt r\u00e9tablissement aux bless\u00e9s.<\/p>\n<p>En cons\u00e9quence, \u00ab un deuil national de 48 heures est d\u00e9cr\u00e9t\u00e9 \u00e0 compter de ce mercredi 18 ao\u00fbt 2021, les drapeaux seront mis en berne sur toute l\u2019\u00e9tendue du territoire national \u00bb.<\/p>\n<p>Le Gouvernement appelle la population \u00e0 plus de vigilance, tout en r\u00e9affirmant sa d\u00e9termination \u00e0 poursuivre la lutte contre le terrorisme jusqu\u2019\u00e0 la victoire finale.<\/p>\n<p>La r\u00e9gion de Tillab\u00e9ry, note-t-on, fait face depuis plusieurs ann\u00e9es \u00e0 des attaques terroristes meurtri\u00e8res aussi bien contre les forces de d\u00e9fense et de s\u00e9curit\u00e9 que contre les populations civiles. Le Gouvernement nig\u00e9rien y a d\u00e9cr\u00e9t\u00e9 l\u2019Etat d\u2019urgence, mais la situation demeure toujours pr\u00e9occupante.<\/p>\n<p>&nbsp;<\/p>\n","protected":false},"excerpt":{"rendered":"<p>Africa-Press &#8211; Niger. , 18 Ao\u00fbt (ANP) &#8211; Suite \u00e0 l\u2019attaque arm\u00e9e du lundi 16 ao\u00fbt dernier, perp\u00e9tr\u00e9e dans les champs du village de Darey-dey, situ\u00e9 dans le d\u00e9partement de Banibangou (Tillab\u00e9ry), et qui a caus\u00e9 la mort de 37 personnes, le Gouvernement du Niger a d\u00e9cr\u00e9t\u00e9 un deuil national de 48 heures \u00e0 compter [&hellip;]<\/p>\n","protected":false},"author":82,"featured_media":10248,"comment_status":"open","ping_status":"closed","sticky":false,"template":"","format":"standard","meta":{"footnotes":""},"categories":[11,2,20,10],"tags":[55,60,29],"class_list":["post-10249","post","type-post","status-publish","format-standard","has-post-thumbnail","hentry","category-homepage-french","category-politique","category-top-nouvelles","category-toutes-les-actualites","tag-africa-press","tag-africa-press-niger","tag-niger"],"yoast_head":"<!-- This site is optimized with the Yoast SEO Premium plugin v26.1 (Yoast SEO v27.0) - https:\/\/yoast.com\/product\/yoast-seo-premium-wordpress\/ -->\n<title>Tuerie de Darey-dey\u00a0: Le Gouvernement nig\u00e9rien d\u00e9cr\u00e8te un deuil national de 48 heures - niger<\/title>\n<meta name=\"description\" content=\", 18 Ao\u00fbt (ANP) - Suite \u00e0 l\u2019attaque arm\u00e9e du lundi 16 ao\u00fbt dernier, perp\u00e9tr\u00e9e dans les champs du village de Darey-dey, s ...\" \/>\n<meta name=\"robots\" content=\"index, follow, max-snippet:-1, max-image-preview:large, max-video-preview:-1\" \/>\n<link rel=\"canonical\" href=\"https:\/\/www.africa-press.net\/niger\/politique\/tuerie-de-darey-dey-le-gouvernement-nigerien-decrete-un-deuil-national-de-48-heures\" \/>\n<meta property=\"og:locale\" content=\"fr_FR\" \/>\n<meta property=\"og:type\" content=\"article\" \/>\n<meta property=\"og:title\" content=\"Tuerie de Darey-dey\u00a0: Le Gouvernement nig\u00e9rien d\u00e9cr\u00e8te un deuil national de 48 heures\" \/>\n<meta property=\"og:description\" content=\", 18 Ao\u00fbt (ANP) - Suite \u00e0 l\u2019attaque arm\u00e9e du lundi 16 ao\u00fbt dernier, perp\u00e9tr\u00e9e dans les champs du village de Darey-dey, s ...\" \/>\n<meta property=\"og:url\" content=\"https:\/\/www.africa-press.net\/niger\/politique\/tuerie-de-darey-dey-le-gouvernement-nigerien-decrete-un-deuil-national-de-48-heures\" \/>\n<meta property=\"og:site_name\" content=\"niger\" \/>\n<meta property=\"article:published_time\" content=\"2021-08-18T12:14:03+00:00\" \/>\n<meta property=\"article:modified_time\" content=\"2021-08-18T23:06:11+00:00\" \/>\n<meta property=\"og:image\" content=\"https:\/\/static.africa-press.net\/niger\/sites\/40\/2021\/08\/img-611cf41b1c7fe.jpg\" \/>\n\t<meta property=\"og:image:width\" content=\"720\" \/>\n\t<meta property=\"og:image:height\" content=\"405\" \/>\n\t<meta property=\"og:image:type\" content=\"image\/jpeg\" \/>\n<meta name=\"author\" content=\"cfeditorfr\" \/>\n<meta name=\"twitter:card\" content=\"summary_large_image\" \/>\n<meta name=\"twitter:label1\" content=\"\u00c9crit par\" \/>\n\t<meta name=\"twitter:data1\" content=\"cfeditorfr\" \/>\n\t<meta name=\"twitter:label2\" content=\"Dur\u00e9e de lecture estim\u00e9e\" \/>\n\t<meta name=\"twitter:data2\" content=\"2 minutes\" \/>\n<script type=\"application\/ld+json\" class=\"yoast-schema-graph\">{\"@context\":\"https:\/\/schema.org\",\"@graph\":[{\"@type\":\"Article\",\"@id\":\"https:\/\/www.africa-press.net\/niger\/politique\/tuerie-de-darey-dey-le-gouvernement-nigerien-decrete-un-deuil-national-de-48-heures#article\",\"isPartOf\":{\"@id\":\"https:\/\/www.africa-press.net\/niger\/politique\/tuerie-de-darey-dey-le-gouvernement-nigerien-decrete-un-deuil-national-de-48-heures\"},\"author\":{\"name\":\"cfeditorfr\",\"@id\":\"https:\/\/www.africa-press.net\/niger\/#\/schema\/person\/2b1cf3cd81a31e3cd26889ca66d677f1\"},\"headline\":\"Tuerie de Darey-dey\u00a0: Le Gouvernement nig\u00e9rien d\u00e9cr\u00e8te un deuil national de 48 heures\",\"datePublished\":\"2021-08-18T12:14:03+00:00\",\"dateModified\":\"2021-08-18T23:06:11+00:00\",\"mainEntityOfPage\":{\"@id\":\"https:\/\/www.africa-press.net\/niger\/politique\/tuerie-de-darey-dey-le-gouvernement-nigerien-decrete-un-deuil-national-de-48-heures\"},\"wordCount\":370,\"commentCount\":0,\"image\":{\"@id\":\"https:\/\/www.africa-press.net\/niger\/politique\/tuerie-de-darey-dey-le-gouvernement-nigerien-decrete-un-deuil-national-de-48-heures#primaryimage\"},\"thumbnailUrl\":\"https:\/\/static.africa-press.net\/niger\/sites\/40\/2021\/08\/img-611cf41b1c7fe.jpg\",\"keywords\":[\"Africa Press\",\"Africa Press-Niger\",\"Niger\"],\"articleSection\":[\"homepage-french\",\"Politique\",\"Top Nouvelles\",\"Toutes les actualit\u00e9s\"],\"inLanguage\":\"fr-FR\",\"potentialAction\":[{\"@type\":\"CommentAction\",\"name\":\"Comment\",\"target\":[\"https:\/\/www.africa-press.net\/niger\/politique\/tuerie-de-darey-dey-le-gouvernement-nigerien-decrete-un-deuil-national-de-48-heures#respond\"]}]},{\"@type\":\"WebPage\",\"@id\":\"https:\/\/www.africa-press.net\/niger\/politique\/tuerie-de-darey-dey-le-gouvernement-nigerien-decrete-un-deuil-national-de-48-heures\",\"url\":\"https:\/\/www.africa-press.net\/niger\/politique\/tuerie-de-darey-dey-le-gouvernement-nigerien-decrete-un-deuil-national-de-48-heures\",\"name\":\"Tuerie de Darey-dey\u00a0: Le Gouvernement nig\u00e9rien d\u00e9cr\u00e8te un deuil national de 48 heures - niger\",\"isPartOf\":{\"@id\":\"https:\/\/www.africa-press.net\/niger\/#website\"},\"primaryImageOfPage\":{\"@id\":\"https:\/\/www.africa-press.net\/niger\/politique\/tuerie-de-darey-dey-le-gouvernement-nigerien-decrete-un-deuil-national-de-48-heures#primaryimage\"},\"image\":{\"@id\":\"https:\/\/www.africa-press.net\/niger\/politique\/tuerie-de-darey-dey-le-gouvernement-nigerien-decrete-un-deuil-national-de-48-heures#primaryimage\"},\"thumbnailUrl\":\"https:\/\/static.africa-press.net\/niger\/sites\/40\/2021\/08\/img-611cf41b1c7fe.jpg\",\"datePublished\":\"2021-08-18T12:14:03+00:00\",\"dateModified\":\"2021-08-18T23:06:11+00:00\",\"author\":{\"@id\":\"https:\/\/www.africa-press.net\/niger\/#\/schema\/person\/2b1cf3cd81a31e3cd26889ca66d677f1\"},\"description\":\", 18 Ao\u00fbt (ANP) - Suite \u00e0 l\u2019attaque arm\u00e9e du lundi 16 ao\u00fbt dernier, perp\u00e9tr\u00e9e dans les champs du village de Darey-dey, s ...\",\"breadcrumb\":{\"@id\":\"https:\/\/www.africa-press.net\/niger\/politique\/tuerie-de-darey-dey-le-gouvernement-nigerien-decrete-un-deuil-national-de-48-heures#breadcrumb\"},\"inLanguage\":\"fr-FR\",\"potentialAction\":[{\"@type\":\"ReadAction\",\"target\":[\"https:\/\/www.africa-press.net\/niger\/politique\/tuerie-de-darey-dey-le-gouvernement-nigerien-decrete-un-deuil-national-de-48-heures\"]}]},{\"@type\":\"ImageObject\",\"inLanguage\":\"fr-FR\",\"@id\":\"https:\/\/www.africa-press.net\/niger\/politique\/tuerie-de-darey-dey-le-gouvernement-nigerien-decrete-un-deuil-national-de-48-heures#primaryimage\",\"url\":\"https:\/\/static.africa-press.net\/niger\/sites\/40\/2021\/08\/img-611cf41b1c7fe.jpg\",\"contentUrl\":\"https:\/\/static.africa-press.net\/niger\/sites\/40\/2021\/08\/img-611cf41b1c7fe.jpg\",\"width\":720,\"height\":405,\"caption\":\"Tuerie de Darey-dey\u00a0: Le Gouvernement nig\u00e9rien d\u00e9cr\u00e8te un deuil national de 48 heures\"},{\"@type\":\"BreadcrumbList\",\"@id\":\"https:\/\/www.africa-press.net\/niger\/politique\/tuerie-de-darey-dey-le-gouvernement-nigerien-decrete-un-deuil-national-de-48-heures#breadcrumb\",\"itemListElement\":[{\"@type\":\"ListItem\",\"position\":1,\"name\":\"Accueil\",\"item\":\"https:\/\/www.africa-press.net\/niger\/\"},{\"@type\":\"ListItem\",\"position\":2,\"name\":\"Tuerie de Darey-dey\u00a0: Le Gouvernement nig\u00e9rien d\u00e9cr\u00e8te un deuil national de 48 heures\"}]},{\"@type\":\"WebSite\",\"@id\":\"https:\/\/www.africa-press.net\/niger\/#website\",\"url\":\"https:\/\/www.africa-press.net\/niger\/\",\"name\":\"niger\",\"description\":\"Just another Africa News Agency Sites site\",\"potentialAction\":[{\"@type\":\"SearchAction\",\"target\":{\"@type\":\"EntryPoint\",\"urlTemplate\":\"https:\/\/www.africa-press.net\/niger\/?s={search_term_string}\"},\"query-input\":{\"@type\":\"PropertyValueSpecification\",\"valueRequired\":true,\"valueName\":\"search_term_string\"}}],\"inLanguage\":\"fr-FR\"},{\"@type\":\"Person\",\"@id\":\"https:\/\/www.africa-press.net\/niger\/#\/schema\/person\/2b1cf3cd81a31e3cd26889ca66d677f1\",\"name\":\"cfeditorfr\"}]}<\/script>\n<!-- \/ Yoast SEO Premium plugin. -->","yoast_head_json":{"title":"Tuerie de Darey-dey\u00a0: Le Gouvernement nig\u00e9rien d\u00e9cr\u00e8te un deuil national de 48 heures - niger","description":", 18 Ao\u00fbt (ANP) - Suite \u00e0 l\u2019attaque arm\u00e9e du lundi 16 ao\u00fbt dernier, perp\u00e9tr\u00e9e dans les champs du village de Darey-dey, s ...","robots":{"index":"index","follow":"follow","max-snippet":"max-snippet:-1","max-image-preview":"max-image-preview:large","max-video-preview":"max-video-preview:-1"},"canonical":"https:\/\/www.africa-press.net\/niger\/politique\/tuerie-de-darey-dey-le-gouvernement-nigerien-decrete-un-deuil-national-de-48-heures","og_locale":"fr_FR","og_type":"article","og_title":"Tuerie de Darey-dey\u00a0: Le Gouvernement nig\u00e9rien d\u00e9cr\u00e8te un deuil national de 48 heures","og_description":", 18 Ao\u00fbt (ANP) - Suite \u00e0 l\u2019attaque arm\u00e9e du lundi 16 ao\u00fbt dernier, perp\u00e9tr\u00e9e dans les champs du village de Darey-dey, s ...","og_url":"https:\/\/www.africa-press.net\/niger\/politique\/tuerie-de-darey-dey-le-gouvernement-nigerien-decrete-un-deuil-national-de-48-heures","og_site_name":"niger","article_published_time":"2021-08-18T12:14:03+00:00","article_modified_time":"2021-08-18T23:06:11+00:00","og_image":[{"width":720,"height":405,"url":"https:\/\/static.africa-press.net\/niger\/sites\/40\/2021\/08\/img-611cf41b1c7fe.jpg","type":"image\/jpeg"}],"author":"cfeditorfr","twitter_card":"summary_large_image","twitter_misc":{"\u00c9crit par":"cfeditorfr","Dur\u00e9e de lecture estim\u00e9e":"2 minutes"},"schema":{"@context":"https:\/\/schema.org","@graph":[{"@type":"Article","@id":"https:\/\/www.africa-press.net\/niger\/politique\/tuerie-de-darey-dey-le-gouvernement-nigerien-decrete-un-deuil-national-de-48-heures#article","isPartOf":{"@id":"https:\/\/www.africa-press.net\/niger\/politique\/tuerie-de-darey-dey-le-gouvernement-nigerien-decrete-un-deuil-national-de-48-heures"},"author":{"name":"cfeditorfr","@id":"https:\/\/www.africa-press.net\/niger\/#\/schema\/person\/2b1cf3cd81a31e3cd26889ca66d677f1"},"headline":"Tuerie de Darey-dey\u00a0: Le Gouvernement nig\u00e9rien d\u00e9cr\u00e8te un deuil national de 48 heures","datePublished":"2021-08-18T12:14:03+00:00","dateModified":"2021-08-18T23:06:11+00:00","mainEntityOfPage":{"@id":"https:\/\/www.africa-press.net\/niger\/politique\/tuerie-de-darey-dey-le-gouvernement-nigerien-decrete-un-deuil-national-de-48-heures"},"wordCount":370,"commentCount":0,"image":{"@id":"https:\/\/www.africa-press.net\/niger\/politique\/tuerie-de-darey-dey-le-gouvernement-nigerien-decrete-un-deuil-national-de-48-heures#primaryimage"},"thumbnailUrl":"https:\/\/static.africa-press.net\/niger\/sites\/40\/2021\/08\/img-611cf41b1c7fe.jpg","keywords":["Africa Press","Africa Press-Niger","Niger"],"articleSection":["homepage-french","Politique","Top Nouvelles","Toutes les actualit\u00e9s"],"inLanguage":"fr-FR","potentialAction":[{"@type":"CommentAction","name":"Comment","target":["https:\/\/www.africa-press.net\/niger\/politique\/tuerie-de-darey-dey-le-gouvernement-nigerien-decrete-un-deuil-national-de-48-heures#respond"]}]},{"@type":"WebPage","@id":"https:\/\/www.africa-press.net\/niger\/politique\/tuerie-de-darey-dey-le-gouvernement-nigerien-decrete-un-deuil-national-de-48-heures","url":"https:\/\/www.africa-press.net\/niger\/politique\/tuerie-de-darey-dey-le-gouvernement-nigerien-decrete-un-deuil-national-de-48-heures","name":"Tuerie de Darey-dey\u00a0: Le Gouvernement nig\u00e9rien d\u00e9cr\u00e8te un deuil national de 48 heures - niger","isPartOf":{"@id":"https:\/\/www.africa-press.net\/niger\/#website"},"primaryImageOfPage":{"@id":"https:\/\/www.africa-press.net\/niger\/politique\/tuerie-de-darey-dey-le-gouvernement-nigerien-decrete-un-deuil-national-de-48-heures#primaryimage"},"image":{"@id":"https:\/\/www.africa-press.net\/niger\/politique\/tuerie-de-darey-dey-le-gouvernement-nigerien-decrete-un-deuil-national-de-48-heures#primaryimage"},"thumbnailUrl":"https:\/\/static.africa-press.net\/niger\/sites\/40\/2021\/08\/img-611cf41b1c7fe.jpg","datePublished":"2021-08-18T12:14:03+00:00","dateModified":"2021-08-18T23:06:11+00:00","author":{"@id":"https:\/\/www.africa-press.net\/niger\/#\/schema\/person\/2b1cf3cd81a31e3cd26889ca66d677f1"},"description":", 18 Ao\u00fbt (ANP) - Suite \u00e0 l\u2019attaque arm\u00e9e du lundi 16 ao\u00fbt dernier, perp\u00e9tr\u00e9e dans les champs du village de Darey-dey, s ...","breadcrumb":{"@id":"https:\/\/www.africa-press.net\/niger\/politique\/tuerie-de-darey-dey-le-gouvernement-nigerien-decrete-un-deuil-national-de-48-heures#breadcrumb"},"inLanguage":"fr-FR","potentialAction":[{"@type":"ReadAction","target":["https:\/\/www.africa-press.net\/niger\/politique\/tuerie-de-darey-dey-le-gouvernement-nigerien-decrete-un-deuil-national-de-48-heures"]}]},{"@type":"ImageObject","inLanguage":"fr-FR","@id":"https:\/\/www.africa-press.net\/niger\/politique\/tuerie-de-darey-dey-le-gouvernement-nigerien-decrete-un-deuil-national-de-48-heures#primaryimage","url":"https:\/\/static.africa-press.net\/niger\/sites\/40\/2021\/08\/img-611cf41b1c7fe.jpg","contentUrl":"https:\/\/static.africa-press.net\/niger\/sites\/40\/2021\/08\/img-611cf41b1c7fe.jpg","width":720,"height":405,"caption":"Tuerie de Darey-dey\u00a0: Le Gouvernement nig\u00e9rien d\u00e9cr\u00e8te un deuil national de 48 heures"},{"@type":"BreadcrumbList","@id":"https:\/\/www.africa-press.net\/niger\/politique\/tuerie-de-darey-dey-le-gouvernement-nigerien-decrete-un-deuil-national-de-48-heures#breadcrumb","itemListElement":[{"@type":"ListItem","position":1,"name":"Accueil","item":"https:\/\/www.africa-press.net\/niger\/"},{"@type":"ListItem","position":2,"name":"Tuerie de Darey-dey\u00a0: Le Gouvernement nig\u00e9rien d\u00e9cr\u00e8te un deuil national de 48 heures"}]},{"@type":"WebSite","@id":"https:\/\/www.africa-press.net\/niger\/#website","url":"https:\/\/www.africa-press.net\/niger\/","name":"niger","description":"Just another Africa News Agency Sites site","potentialAction":[{"@type":"SearchAction","target":{"@type":"EntryPoint","urlTemplate":"https:\/\/www.africa-press.net\/niger\/?s={search_term_string}"},"query-input":{"@type":"PropertyValueSpecification","valueRequired":true,"valueName":"search_term_string"}}],"inLanguage":"fr-FR"},{"@type":"Person","@id":"https:\/\/www.africa-press.net\/niger\/#\/schema\/person\/2b1cf3cd81a31e3cd26889ca66d677f1","name":"cfeditorfr"}]}},"_links":{"self":[{"href":"https:\/\/www.africa-press.net\/niger\/wp-json\/wp\/v2\/posts\/10249","targetHints":{"allow":["GET"]}}],"collection":[{"href":"https:\/\/www.africa-press.net\/niger\/wp-json\/wp\/v2\/posts"}],"about":[{"href":"https:\/\/www.africa-press.net\/niger\/wp-json\/wp\/v2\/types\/post"}],"author":[{"embeddable":true,"href":"https:\/\/www.africa-press.net\/niger\/wp-json\/wp\/v2\/users\/82"}],"replies":[{"embeddable":true,"href":"https:\/\/www.africa-press.net\/niger\/wp-json\/wp\/v2\/comments?post=10249"}],"version-history":[{"count":0,"href":"https:\/\/www.africa-press.net\/niger\/wp-json\/wp\/v2\/posts\/10249\/revisions"}],"wp:featuredmedia":[{"embeddable":true,"href":"https:\/\/www.africa-press.net\/niger\/wp-json\/wp\/v2\/media\/10248"}],"wp:attachment":[{"href":"https:\/\/www.africa-press.net\/niger\/wp-json\/wp\/v2\/media?parent=10249"}],"wp:term":[{"taxonomy":"category","embeddable":true,"href":"https:\/\/www.africa-press.net\/niger\/wp-json\/wp\/v2\/categories?post=10249"},{"taxonomy":"post_tag","embeddable":true,"href":"https:\/\/www.africa-press.net\/niger\/wp-json\/wp\/v2\/tags?post=10249"}],"curies":[{"name":"wp","href":"https:\/\/api.w.org\/{rel}","templated":true}]}}