{"id":10270,"date":"2021-08-18T13:08:15","date_gmt":"2021-08-18T13:08:15","guid":{"rendered":"https:\/\/www.africa-press.net\/niger\/?p=10270"},"modified":"2021-08-18T23:07:08","modified_gmt":"2021-08-18T23:07:08","slug":"remise-de-don-a-la-direction-regionale-de-la-sante-publique-de-zinder-du-materiel-et-dequipements-medicaux-offerts-le-projet-amplifypf-en-faveur-de-la-sante-de-la-mere-et-de-lenfan","status":"publish","type":"post","link":"https:\/\/www.africa-press.net\/niger\/toutes-les-actualites\/remise-de-don-a-la-direction-regionale-de-la-sante-publique-de-zinder-du-materiel-et-dequipements-medicaux-offerts-le-projet-amplifypf-en-faveur-de-la-sante-de-la-mere-et-de-lenfan","title":{"rendered":"Remise de don \u00e0 la Direction R\u00e9gionale de la Sant\u00e9 Publique de Zinder : Du mat\u00e9riel et d\u2019\u00e9quipements m\u00e9dicaux offerts le projet AmplifyPF en faveur de la sant\u00e9 de la m\u00e8re et de l\u2019enfant"},"content":{"rendered":"<p><span style=\"color: #ff6600\"><strong><a href=\"https:\/\/www.africa-press.net\/\">Africa-Press<\/a> &#8211; <a href=\"https:\/\/www.africa-press.net\/niger\">Niger<\/a>. <\/strong><\/span>Dans le cadre des efforts d\u2019int\u00e9gration de la planification familiale \u00e0 la nutrition, le Projet AmplifyPF, financ\u00e9 par l\u2019USAID a remis, le week-end dernier, un don compos\u00e9 de mat\u00e9riel technique et d\u2019\u00e9quipements m\u00e9dicaux \u00e0 la Direction R\u00e9gionale de la Sant\u00e9 Publique, de la Population et des Affaires Sociales de Zinder. C\u2019\u00e9tait sous la pr\u00e9sidence du directeur r\u00e9gional de la Sant\u00e9 Publique, M. Abou Yahaya, en pr\u00e9sence du Coordonnateur technique des programmes de Pathfinder Inernational, M. Idrissa Adamou et de plusieurs cadres de la sant\u00e9 et du personnel de Pathfinder International.<\/p>\n<p>En remettant ce don, le Coordonnateur technique des programmes de Pathfinder International a tenu \u00e0 r\u00e9it\u00e9rer l\u2019engagement de son organisation \u00e0 accompagner la r\u00e9gion de Zinder dans ses efforts de d\u00e9veloppement et d\u2019am\u00e9lioration de la sant\u00e9 des populations.<\/p>\n<p>Aussi, a rappel\u00e9 M. Idrissa Adamou, en mars 2019, une mission conjointe USAID-Minist\u00e8re de la Sant\u00e9 avait visit\u00e9 le CRENI de l\u2019h\u00f4pital de Zinder et, au regard du nombre important de femmes et d\u2019enfants qu\u2019elle a trouv\u00e9s dans ce service, il a \u00e9t\u00e9 d\u00e9cid\u00e9 d\u2019accompagner le minist\u00e8re de la Sant\u00e9 \u00e0 travers la cr\u00e9ation d\u2019une unit\u00e9 de planification familiale au sein de cette Unit\u00e9 sp\u00e9cialis\u00e9e. C\u2019est ainsi que pour concr\u00e9tiser cet engagement, un fonds additionnel a \u00e9t\u00e9 mis \u00e0 la disposition d\u2019AmplifyPF pour int\u00e9grer la planification \u00e0 la nutrition dans les formations sanitaires des<\/p>\n<p>R\u00e9seaux Int\u00e9gr\u00e9s d\u2019Apprentissage (RIA) de Zinder.<\/p>\n<p>M. Idrissa Adamou a indiqu\u00e9 que cette dotation en mat\u00e9riel technique et \u00e9quipements m\u00e9dicaux d\u2019une valeur de plus de 17 millions de FCFA est destin\u00e9e principalement \u00e0 la maternit\u00e9 de l\u2019h\u00f4pital de district de la Ville de Zinder, \u00e0 la maternit\u00e9 du CSI Sabon Gari , au CRENI de l\u2019h\u00f4pital, \u00e0 la Case de sant\u00e9 Malam Amar, \u00e0 la maternit\u00e9 et au CRENI de l\u2019H\u00f4pital du district sanitaire de Mirriah.<\/p>\n<p>Il a remerci\u00e9, au nom du Directeur Pays de Pathfinder International, le directeur r\u00e9gional de la Sant\u00e9 et l\u2019ensemble du personnel de la sant\u00e9 pour les efforts qui sont quotidiennement fournis en faveur de l\u2019am\u00e9lioration de la sant\u00e9 des populations de la r\u00e9gion de Zinder.<\/p>\n<p>Pour le directeur r\u00e9gional de la Sant\u00e9 publique, M. Abou Yahaya, la \u00bbremise de ce lot de mat\u00e9riel m\u00e9dico-technique traduit la volont\u00e9 de l\u2019USAID \u00e0 accompagner le Minist\u00e8re de la Sant\u00e9 Publique, de la population et des affaires sociales dans la mise en \u0153uvre de son Plan de d\u00e9veloppement sanitaire (PDS) 2017-2021. \u00bb Ce don, a-t-il dit, vient \u00e0 point nomm\u00e9 car, les besoins deviennent grandissants en mati\u00e8re de sant\u00e9 de la m\u00e8re et de l\u2019enfant d\u2019une fa\u00e7on g\u00e9n\u00e9rale et de la planification familiale en particulier. Ce geste, a insist\u00e9 le directeur r\u00e9gional de la Sant\u00e9 publique de Zinder, \u00bbvient compl\u00e9ter les efforts que l\u2019Etat d\u00e9ploie sur le terrain dans le cadre de la mise en \u0153uvre du Programme de SEM. Mohamed Bazoum, Pr\u00e9sident de la R\u00e9publique, Chef de l\u2019Etat. \u00bb<\/p>\n<p>Il a enfin rendu un vibrant hommage \u00e0 Pathfinder International et son partenaire l\u2019USAID pour tous les efforts qu\u2019ils d\u00e9ploient dans le cadre de l\u2019am\u00e9lioration de la sant\u00e9 de la m\u00e8re et de l\u2019enfant et de la planification familiale dans la r\u00e9gion sanitaire de Zinder.<\/p>\n<p><b>\u00a0<\/b><\/p>\n","protected":false},"excerpt":{"rendered":"<p>Africa-Press &#8211; Niger. Dans le cadre des efforts d\u2019int\u00e9gration de la planification familiale \u00e0 la nutrition, le Projet AmplifyPF, financ\u00e9 par l\u2019USAID a remis, le week-end dernier, un don compos\u00e9 de mat\u00e9riel technique et d\u2019\u00e9quipements m\u00e9dicaux \u00e0 la Direction R\u00e9gionale de la Sant\u00e9 Publique, de la Population et des Affaires Sociales de Zinder. C\u2019\u00e9tait sous [&hellip;]<\/p>\n","protected":false},"author":82,"featured_media":10269,"comment_status":"open","ping_status":"closed","sticky":false,"template":"","format":"standard","meta":{"footnotes":""},"categories":[21,11,10],"tags":[55,60,29],"class_list":["post-10270","post","type-post","status-publish","format-standard","has-post-thumbnail","hentry","category-communaute","category-homepage-french","category-toutes-les-actualites","tag-africa-press","tag-africa-press-niger","tag-niger"],"yoast_head":"<!-- This site is optimized with the Yoast SEO Premium plugin v26.1 (Yoast SEO v27.0) - https:\/\/yoast.com\/product\/yoast-seo-premium-wordpress\/ -->\n<title>Remise de don \u00e0 la Direction R\u00e9gionale de la Sant\u00e9 Publique de Zinder : Du mat\u00e9riel et d\u2019\u00e9quipements m\u00e9dicaux offerts le projet AmplifyPF en faveur de la sant\u00e9 de la m\u00e8re et de l\u2019enfant - niger<\/title>\n<meta name=\"description\" content=\"\ufeffDans le cadre des efforts d\u2019int\u00e9gration de la planification familiale \u00e0 la nutrition, le Projet AmplifyPF, financ\u00e9 par ...\" \/>\n<meta name=\"robots\" content=\"index, follow, max-snippet:-1, max-image-preview:large, max-video-preview:-1\" \/>\n<link rel=\"canonical\" href=\"https:\/\/www.africa-press.net\/niger\/toutes-les-actualites\/remise-de-don-a-la-direction-regionale-de-la-sante-publique-de-zinder-du-materiel-et-dequipements-medicaux-offerts-le-projet-amplifypf-en-faveur-de-la-sante-de-la-mere-et-de-lenfan\" \/>\n<meta property=\"og:locale\" content=\"fr_FR\" \/>\n<meta property=\"og:type\" content=\"article\" \/>\n<meta property=\"og:title\" content=\"Remise de don \u00e0 la Direction R\u00e9gionale de la Sant\u00e9 Publique de Zinder : Du mat\u00e9riel et d\u2019\u00e9quipements m\u00e9dicaux offerts le projet AmplifyPF en faveur de la sant\u00e9 de la m\u00e8re et de l\u2019enfant\" \/>\n<meta property=\"og:description\" content=\"\ufeffDans le cadre des efforts d\u2019int\u00e9gration de la planification familiale \u00e0 la nutrition, le Projet AmplifyPF, financ\u00e9 par ...\" \/>\n<meta property=\"og:url\" content=\"https:\/\/www.africa-press.net\/niger\/toutes-les-actualites\/remise-de-don-a-la-direction-regionale-de-la-sante-publique-de-zinder-du-materiel-et-dequipements-medicaux-offerts-le-projet-amplifypf-en-faveur-de-la-sante-de-la-mere-et-de-lenfan\" \/>\n<meta property=\"og:site_name\" content=\"niger\" \/>\n<meta property=\"article:published_time\" content=\"2021-08-18T13:08:15+00:00\" \/>\n<meta property=\"article:modified_time\" content=\"2021-08-18T23:07:08+00:00\" \/>\n<meta property=\"og:image\" content=\"https:\/\/static.africa-press.net\/niger\/sites\/40\/2021\/08\/img-611cf58622a7c.jpg\" \/>\n\t<meta property=\"og:image:width\" content=\"720\" \/>\n\t<meta property=\"og:image:height\" content=\"409\" \/>\n\t<meta property=\"og:image:type\" content=\"image\/jpeg\" \/>\n<meta name=\"author\" content=\"cfeditorfr\" \/>\n<meta name=\"twitter:card\" content=\"summary_large_image\" \/>\n<meta name=\"twitter:label1\" content=\"\u00c9crit par\" \/>\n\t<meta name=\"twitter:data1\" content=\"cfeditorfr\" \/>\n\t<meta name=\"twitter:label2\" content=\"Dur\u00e9e de lecture estim\u00e9e\" \/>\n\t<meta name=\"twitter:data2\" content=\"3 minutes\" \/>\n<script type=\"application\/ld+json\" class=\"yoast-schema-graph\">{\"@context\":\"https:\/\/schema.org\",\"@graph\":[{\"@type\":\"Article\",\"@id\":\"https:\/\/www.africa-press.net\/niger\/toutes-les-actualites\/remise-de-don-a-la-direction-regionale-de-la-sante-publique-de-zinder-du-materiel-et-dequipements-medicaux-offerts-le-projet-amplifypf-en-faveur-de-la-sante-de-la-mere-et-de-lenfan#article\",\"isPartOf\":{\"@id\":\"https:\/\/www.africa-press.net\/niger\/toutes-les-actualites\/remise-de-don-a-la-direction-regionale-de-la-sante-publique-de-zinder-du-materiel-et-dequipements-medicaux-offerts-le-projet-amplifypf-en-faveur-de-la-sante-de-la-mere-et-de-lenfan\"},\"author\":{\"name\":\"cfeditorfr\",\"@id\":\"https:\/\/www.africa-press.net\/niger\/#\/schema\/person\/2b1cf3cd81a31e3cd26889ca66d677f1\"},\"headline\":\"Remise de don \u00e0 la Direction R\u00e9gionale de la Sant\u00e9 Publique de Zinder : Du mat\u00e9riel et d\u2019\u00e9quipements m\u00e9dicaux offerts le projet AmplifyPF en faveur de la sant\u00e9 de la m\u00e8re et de l\u2019enfant\",\"datePublished\":\"2021-08-18T13:08:15+00:00\",\"dateModified\":\"2021-08-18T23:07:08+00:00\",\"mainEntityOfPage\":{\"@id\":\"https:\/\/www.africa-press.net\/niger\/toutes-les-actualites\/remise-de-don-a-la-direction-regionale-de-la-sante-publique-de-zinder-du-materiel-et-dequipements-medicaux-offerts-le-projet-amplifypf-en-faveur-de-la-sante-de-la-mere-et-de-lenfan\"},\"wordCount\":623,\"commentCount\":0,\"image\":{\"@id\":\"https:\/\/www.africa-press.net\/niger\/toutes-les-actualites\/remise-de-don-a-la-direction-regionale-de-la-sante-publique-de-zinder-du-materiel-et-dequipements-medicaux-offerts-le-projet-amplifypf-en-faveur-de-la-sante-de-la-mere-et-de-lenfan#primaryimage\"},\"thumbnailUrl\":\"https:\/\/static.africa-press.net\/niger\/sites\/40\/2021\/08\/img-611cf58622a7c.jpg\",\"keywords\":[\"Africa Press\",\"Africa Press-Niger\",\"Niger\"],\"articleSection\":[\"Communaut\u00e9\",\"homepage-french\",\"Toutes les actualit\u00e9s\"],\"inLanguage\":\"fr-FR\",\"potentialAction\":[{\"@type\":\"CommentAction\",\"name\":\"Comment\",\"target\":[\"https:\/\/www.africa-press.net\/niger\/toutes-les-actualites\/remise-de-don-a-la-direction-regionale-de-la-sante-publique-de-zinder-du-materiel-et-dequipements-medicaux-offerts-le-projet-amplifypf-en-faveur-de-la-sante-de-la-mere-et-de-lenfan#respond\"]}]},{\"@type\":\"WebPage\",\"@id\":\"https:\/\/www.africa-press.net\/niger\/toutes-les-actualites\/remise-de-don-a-la-direction-regionale-de-la-sante-publique-de-zinder-du-materiel-et-dequipements-medicaux-offerts-le-projet-amplifypf-en-faveur-de-la-sante-de-la-mere-et-de-lenfan\",\"url\":\"https:\/\/www.africa-press.net\/niger\/toutes-les-actualites\/remise-de-don-a-la-direction-regionale-de-la-sante-publique-de-zinder-du-materiel-et-dequipements-medicaux-offerts-le-projet-amplifypf-en-faveur-de-la-sante-de-la-mere-et-de-lenfan\",\"name\":\"Remise de don \u00e0 la Direction R\u00e9gionale de la Sant\u00e9 Publique de Zinder : Du mat\u00e9riel et d\u2019\u00e9quipements m\u00e9dicaux offerts le projet AmplifyPF en faveur de la sant\u00e9 de la m\u00e8re et de l\u2019enfant - niger\",\"isPartOf\":{\"@id\":\"https:\/\/www.africa-press.net\/niger\/#website\"},\"primaryImageOfPage\":{\"@id\":\"https:\/\/www.africa-press.net\/niger\/toutes-les-actualites\/remise-de-don-a-la-direction-regionale-de-la-sante-publique-de-zinder-du-materiel-et-dequipements-medicaux-offerts-le-projet-amplifypf-en-faveur-de-la-sante-de-la-mere-et-de-lenfan#primaryimage\"},\"image\":{\"@id\":\"https:\/\/www.africa-press.net\/niger\/toutes-les-actualites\/remise-de-don-a-la-direction-regionale-de-la-sante-publique-de-zinder-du-materiel-et-dequipements-medicaux-offerts-le-projet-amplifypf-en-faveur-de-la-sante-de-la-mere-et-de-lenfan#primaryimage\"},\"thumbnailUrl\":\"https:\/\/static.africa-press.net\/niger\/sites\/40\/2021\/08\/img-611cf58622a7c.jpg\",\"datePublished\":\"2021-08-18T13:08:15+00:00\",\"dateModified\":\"2021-08-18T23:07:08+00:00\",\"author\":{\"@id\":\"https:\/\/www.africa-press.net\/niger\/#\/schema\/person\/2b1cf3cd81a31e3cd26889ca66d677f1\"},\"description\":\"\ufeffDans le cadre des efforts d\u2019int\u00e9gration de la planification familiale \u00e0 la nutrition, le Projet AmplifyPF, financ\u00e9 par ...\",\"breadcrumb\":{\"@id\":\"https:\/\/www.africa-press.net\/niger\/toutes-les-actualites\/remise-de-don-a-la-direction-regionale-de-la-sante-publique-de-zinder-du-materiel-et-dequipements-medicaux-offerts-le-projet-amplifypf-en-faveur-de-la-sante-de-la-mere-et-de-lenfan#breadcrumb\"},\"inLanguage\":\"fr-FR\",\"potentialAction\":[{\"@type\":\"ReadAction\",\"target\":[\"https:\/\/www.africa-press.net\/niger\/toutes-les-actualites\/remise-de-don-a-la-direction-regionale-de-la-sante-publique-de-zinder-du-materiel-et-dequipements-medicaux-offerts-le-projet-amplifypf-en-faveur-de-la-sante-de-la-mere-et-de-lenfan\"]}]},{\"@type\":\"ImageObject\",\"inLanguage\":\"fr-FR\",\"@id\":\"https:\/\/www.africa-press.net\/niger\/toutes-les-actualites\/remise-de-don-a-la-direction-regionale-de-la-sante-publique-de-zinder-du-materiel-et-dequipements-medicaux-offerts-le-projet-amplifypf-en-faveur-de-la-sante-de-la-mere-et-de-lenfan#primaryimage\",\"url\":\"https:\/\/static.africa-press.net\/niger\/sites\/40\/2021\/08\/img-611cf58622a7c.jpg\",\"contentUrl\":\"https:\/\/static.africa-press.net\/niger\/sites\/40\/2021\/08\/img-611cf58622a7c.jpg\",\"width\":720,\"height\":409,\"caption\":\"Remise de don \u00e0 la Direction R\u00e9gionale de la Sant\u00e9 Publique de Zinder : Du mat\u00e9riel et d\u2019\u00e9quipements m\u00e9dicaux offerts le projet AmplifyPF en faveur de la sant\u00e9 de la m\u00e8re et de l\u2019enfant\"},{\"@type\":\"BreadcrumbList\",\"@id\":\"https:\/\/www.africa-press.net\/niger\/toutes-les-actualites\/remise-de-don-a-la-direction-regionale-de-la-sante-publique-de-zinder-du-materiel-et-dequipements-medicaux-offerts-le-projet-amplifypf-en-faveur-de-la-sante-de-la-mere-et-de-lenfan#breadcrumb\",\"itemListElement\":[{\"@type\":\"ListItem\",\"position\":1,\"name\":\"Accueil\",\"item\":\"https:\/\/www.africa-press.net\/niger\/\"},{\"@type\":\"ListItem\",\"position\":2,\"name\":\"Remise de don \u00e0 la Direction R\u00e9gionale de la Sant\u00e9 Publique de Zinder : Du mat\u00e9riel et d\u2019\u00e9quipements m\u00e9dicaux offerts le projet AmplifyPF en faveur de la sant\u00e9 de la m\u00e8re et de l\u2019enfant\"}]},{\"@type\":\"WebSite\",\"@id\":\"https:\/\/www.africa-press.net\/niger\/#website\",\"url\":\"https:\/\/www.africa-press.net\/niger\/\",\"name\":\"niger\",\"description\":\"Just another Africa News Agency Sites site\",\"potentialAction\":[{\"@type\":\"SearchAction\",\"target\":{\"@type\":\"EntryPoint\",\"urlTemplate\":\"https:\/\/www.africa-press.net\/niger\/?s={search_term_string}\"},\"query-input\":{\"@type\":\"PropertyValueSpecification\",\"valueRequired\":true,\"valueName\":\"search_term_string\"}}],\"inLanguage\":\"fr-FR\"},{\"@type\":\"Person\",\"@id\":\"https:\/\/www.africa-press.net\/niger\/#\/schema\/person\/2b1cf3cd81a31e3cd26889ca66d677f1\",\"name\":\"cfeditorfr\"}]}<\/script>\n<!-- \/ Yoast SEO Premium plugin. -->","yoast_head_json":{"title":"Remise de don \u00e0 la Direction R\u00e9gionale de la Sant\u00e9 Publique de Zinder : Du mat\u00e9riel et d\u2019\u00e9quipements m\u00e9dicaux offerts le projet AmplifyPF en faveur de la sant\u00e9 de la m\u00e8re et de l\u2019enfant - niger","description":"\ufeffDans le cadre des efforts d\u2019int\u00e9gration de la planification familiale \u00e0 la nutrition, le Projet AmplifyPF, financ\u00e9 par ...","robots":{"index":"index","follow":"follow","max-snippet":"max-snippet:-1","max-image-preview":"max-image-preview:large","max-video-preview":"max-video-preview:-1"},"canonical":"https:\/\/www.africa-press.net\/niger\/toutes-les-actualites\/remise-de-don-a-la-direction-regionale-de-la-sante-publique-de-zinder-du-materiel-et-dequipements-medicaux-offerts-le-projet-amplifypf-en-faveur-de-la-sante-de-la-mere-et-de-lenfan","og_locale":"fr_FR","og_type":"article","og_title":"Remise de don \u00e0 la Direction R\u00e9gionale de la Sant\u00e9 Publique de Zinder : Du mat\u00e9riel et d\u2019\u00e9quipements m\u00e9dicaux offerts le projet AmplifyPF en faveur de la sant\u00e9 de la m\u00e8re et de l\u2019enfant","og_description":"\ufeffDans le cadre des efforts d\u2019int\u00e9gration de la planification familiale \u00e0 la nutrition, le Projet AmplifyPF, financ\u00e9 par ...","og_url":"https:\/\/www.africa-press.net\/niger\/toutes-les-actualites\/remise-de-don-a-la-direction-regionale-de-la-sante-publique-de-zinder-du-materiel-et-dequipements-medicaux-offerts-le-projet-amplifypf-en-faveur-de-la-sante-de-la-mere-et-de-lenfan","og_site_name":"niger","article_published_time":"2021-08-18T13:08:15+00:00","article_modified_time":"2021-08-18T23:07:08+00:00","og_image":[{"width":720,"height":409,"url":"https:\/\/static.africa-press.net\/niger\/sites\/40\/2021\/08\/img-611cf58622a7c.jpg","type":"image\/jpeg"}],"author":"cfeditorfr","twitter_card":"summary_large_image","twitter_misc":{"\u00c9crit par":"cfeditorfr","Dur\u00e9e de lecture estim\u00e9e":"3 minutes"},"schema":{"@context":"https:\/\/schema.org","@graph":[{"@type":"Article","@id":"https:\/\/www.africa-press.net\/niger\/toutes-les-actualites\/remise-de-don-a-la-direction-regionale-de-la-sante-publique-de-zinder-du-materiel-et-dequipements-medicaux-offerts-le-projet-amplifypf-en-faveur-de-la-sante-de-la-mere-et-de-lenfan#article","isPartOf":{"@id":"https:\/\/www.africa-press.net\/niger\/toutes-les-actualites\/remise-de-don-a-la-direction-regionale-de-la-sante-publique-de-zinder-du-materiel-et-dequipements-medicaux-offerts-le-projet-amplifypf-en-faveur-de-la-sante-de-la-mere-et-de-lenfan"},"author":{"name":"cfeditorfr","@id":"https:\/\/www.africa-press.net\/niger\/#\/schema\/person\/2b1cf3cd81a31e3cd26889ca66d677f1"},"headline":"Remise de don \u00e0 la Direction R\u00e9gionale de la Sant\u00e9 Publique de Zinder : Du mat\u00e9riel et d\u2019\u00e9quipements m\u00e9dicaux offerts le projet AmplifyPF en faveur de la sant\u00e9 de la m\u00e8re et de l\u2019enfant","datePublished":"2021-08-18T13:08:15+00:00","dateModified":"2021-08-18T23:07:08+00:00","mainEntityOfPage":{"@id":"https:\/\/www.africa-press.net\/niger\/toutes-les-actualites\/remise-de-don-a-la-direction-regionale-de-la-sante-publique-de-zinder-du-materiel-et-dequipements-medicaux-offerts-le-projet-amplifypf-en-faveur-de-la-sante-de-la-mere-et-de-lenfan"},"wordCount":623,"commentCount":0,"image":{"@id":"https:\/\/www.africa-press.net\/niger\/toutes-les-actualites\/remise-de-don-a-la-direction-regionale-de-la-sante-publique-de-zinder-du-materiel-et-dequipements-medicaux-offerts-le-projet-amplifypf-en-faveur-de-la-sante-de-la-mere-et-de-lenfan#primaryimage"},"thumbnailUrl":"https:\/\/static.africa-press.net\/niger\/sites\/40\/2021\/08\/img-611cf58622a7c.jpg","keywords":["Africa Press","Africa Press-Niger","Niger"],"articleSection":["Communaut\u00e9","homepage-french","Toutes les actualit\u00e9s"],"inLanguage":"fr-FR","potentialAction":[{"@type":"CommentAction","name":"Comment","target":["https:\/\/www.africa-press.net\/niger\/toutes-les-actualites\/remise-de-don-a-la-direction-regionale-de-la-sante-publique-de-zinder-du-materiel-et-dequipements-medicaux-offerts-le-projet-amplifypf-en-faveur-de-la-sante-de-la-mere-et-de-lenfan#respond"]}]},{"@type":"WebPage","@id":"https:\/\/www.africa-press.net\/niger\/toutes-les-actualites\/remise-de-don-a-la-direction-regionale-de-la-sante-publique-de-zinder-du-materiel-et-dequipements-medicaux-offerts-le-projet-amplifypf-en-faveur-de-la-sante-de-la-mere-et-de-lenfan","url":"https:\/\/www.africa-press.net\/niger\/toutes-les-actualites\/remise-de-don-a-la-direction-regionale-de-la-sante-publique-de-zinder-du-materiel-et-dequipements-medicaux-offerts-le-projet-amplifypf-en-faveur-de-la-sante-de-la-mere-et-de-lenfan","name":"Remise de don \u00e0 la Direction R\u00e9gionale de la Sant\u00e9 Publique de Zinder : Du mat\u00e9riel et d\u2019\u00e9quipements m\u00e9dicaux offerts le projet AmplifyPF en faveur de la sant\u00e9 de la m\u00e8re et de l\u2019enfant - niger","isPartOf":{"@id":"https:\/\/www.africa-press.net\/niger\/#website"},"primaryImageOfPage":{"@id":"https:\/\/www.africa-press.net\/niger\/toutes-les-actualites\/remise-de-don-a-la-direction-regionale-de-la-sante-publique-de-zinder-du-materiel-et-dequipements-medicaux-offerts-le-projet-amplifypf-en-faveur-de-la-sante-de-la-mere-et-de-lenfan#primaryimage"},"image":{"@id":"https:\/\/www.africa-press.net\/niger\/toutes-les-actualites\/remise-de-don-a-la-direction-regionale-de-la-sante-publique-de-zinder-du-materiel-et-dequipements-medicaux-offerts-le-projet-amplifypf-en-faveur-de-la-sante-de-la-mere-et-de-lenfan#primaryimage"},"thumbnailUrl":"https:\/\/static.africa-press.net\/niger\/sites\/40\/2021\/08\/img-611cf58622a7c.jpg","datePublished":"2021-08-18T13:08:15+00:00","dateModified":"2021-08-18T23:07:08+00:00","author":{"@id":"https:\/\/www.africa-press.net\/niger\/#\/schema\/person\/2b1cf3cd81a31e3cd26889ca66d677f1"},"description":"\ufeffDans le cadre des efforts d\u2019int\u00e9gration de la planification familiale \u00e0 la nutrition, le Projet AmplifyPF, financ\u00e9 par ...","breadcrumb":{"@id":"https:\/\/www.africa-press.net\/niger\/toutes-les-actualites\/remise-de-don-a-la-direction-regionale-de-la-sante-publique-de-zinder-du-materiel-et-dequipements-medicaux-offerts-le-projet-amplifypf-en-faveur-de-la-sante-de-la-mere-et-de-lenfan#breadcrumb"},"inLanguage":"fr-FR","potentialAction":[{"@type":"ReadAction","target":["https:\/\/www.africa-press.net\/niger\/toutes-les-actualites\/remise-de-don-a-la-direction-regionale-de-la-sante-publique-de-zinder-du-materiel-et-dequipements-medicaux-offerts-le-projet-amplifypf-en-faveur-de-la-sante-de-la-mere-et-de-lenfan"]}]},{"@type":"ImageObject","inLanguage":"fr-FR","@id":"https:\/\/www.africa-press.net\/niger\/toutes-les-actualites\/remise-de-don-a-la-direction-regionale-de-la-sante-publique-de-zinder-du-materiel-et-dequipements-medicaux-offerts-le-projet-amplifypf-en-faveur-de-la-sante-de-la-mere-et-de-lenfan#primaryimage","url":"https:\/\/static.africa-press.net\/niger\/sites\/40\/2021\/08\/img-611cf58622a7c.jpg","contentUrl":"https:\/\/static.africa-press.net\/niger\/sites\/40\/2021\/08\/img-611cf58622a7c.jpg","width":720,"height":409,"caption":"Remise de don \u00e0 la Direction R\u00e9gionale de la Sant\u00e9 Publique de Zinder : Du mat\u00e9riel et d\u2019\u00e9quipements m\u00e9dicaux offerts le projet AmplifyPF en faveur de la sant\u00e9 de la m\u00e8re et de l\u2019enfant"},{"@type":"BreadcrumbList","@id":"https:\/\/www.africa-press.net\/niger\/toutes-les-actualites\/remise-de-don-a-la-direction-regionale-de-la-sante-publique-de-zinder-du-materiel-et-dequipements-medicaux-offerts-le-projet-amplifypf-en-faveur-de-la-sante-de-la-mere-et-de-lenfan#breadcrumb","itemListElement":[{"@type":"ListItem","position":1,"name":"Accueil","item":"https:\/\/www.africa-press.net\/niger\/"},{"@type":"ListItem","position":2,"name":"Remise de don \u00e0 la Direction R\u00e9gionale de la Sant\u00e9 Publique de Zinder : Du mat\u00e9riel et d\u2019\u00e9quipements m\u00e9dicaux offerts le projet AmplifyPF en faveur de la sant\u00e9 de la m\u00e8re et de l\u2019enfant"}]},{"@type":"WebSite","@id":"https:\/\/www.africa-press.net\/niger\/#website","url":"https:\/\/www.africa-press.net\/niger\/","name":"niger","description":"Just another Africa News Agency Sites site","potentialAction":[{"@type":"SearchAction","target":{"@type":"EntryPoint","urlTemplate":"https:\/\/www.africa-press.net\/niger\/?s={search_term_string}"},"query-input":{"@type":"PropertyValueSpecification","valueRequired":true,"valueName":"search_term_string"}}],"inLanguage":"fr-FR"},{"@type":"Person","@id":"https:\/\/www.africa-press.net\/niger\/#\/schema\/person\/2b1cf3cd81a31e3cd26889ca66d677f1","name":"cfeditorfr"}]}},"_links":{"self":[{"href":"https:\/\/www.africa-press.net\/niger\/wp-json\/wp\/v2\/posts\/10270","targetHints":{"allow":["GET"]}}],"collection":[{"href":"https:\/\/www.africa-press.net\/niger\/wp-json\/wp\/v2\/posts"}],"about":[{"href":"https:\/\/www.africa-press.net\/niger\/wp-json\/wp\/v2\/types\/post"}],"author":[{"embeddable":true,"href":"https:\/\/www.africa-press.net\/niger\/wp-json\/wp\/v2\/users\/82"}],"replies":[{"embeddable":true,"href":"https:\/\/www.africa-press.net\/niger\/wp-json\/wp\/v2\/comments?post=10270"}],"version-history":[{"count":0,"href":"https:\/\/www.africa-press.net\/niger\/wp-json\/wp\/v2\/posts\/10270\/revisions"}],"wp:featuredmedia":[{"embeddable":true,"href":"https:\/\/www.africa-press.net\/niger\/wp-json\/wp\/v2\/media\/10269"}],"wp:attachment":[{"href":"https:\/\/www.africa-press.net\/niger\/wp-json\/wp\/v2\/media?parent=10270"}],"wp:term":[{"taxonomy":"category","embeddable":true,"href":"https:\/\/www.africa-press.net\/niger\/wp-json\/wp\/v2\/categories?post=10270"},{"taxonomy":"post_tag","embeddable":true,"href":"https:\/\/www.africa-press.net\/niger\/wp-json\/wp\/v2\/tags?post=10270"}],"curies":[{"name":"wp","href":"https:\/\/api.w.org\/{rel}","templated":true}]}}