{"id":10273,"date":"2021-08-18T13:18:38","date_gmt":"2021-08-18T13:18:38","guid":{"rendered":"https:\/\/www.africa-press.net\/niger\/?p=10273"},"modified":"2021-08-18T23:07:15","modified_gmt":"2021-08-18T23:07:15","slug":"education-initiative-mon-ecole-contribuer-a-lamelioration-du-niveau-des-eleves-a-travers-des-cours-dappui","status":"publish","type":"post","link":"https:\/\/www.africa-press.net\/niger\/toutes-les-actualites\/education-initiative-mon-ecole-contribuer-a-lamelioration-du-niveau-des-eleves-a-travers-des-cours-dappui","title":{"rendered":"Education\/Initiative \u2018\u2019Mon \u00e9cole\u2019\u2019 : Contribuer \u00e0 l\u2019am\u00e9lioration du niveau des \u00e9l\u00e8ves \u00e0 travers des cours d\u2019appui"},"content":{"rendered":"<p><span style=\"color: #ff6600\"><strong><a href=\"https:\/\/www.africa-press.net\/\">Africa-Press<\/a> &#8211; <a href=\"https:\/\/www.africa-press.net\/niger\">Niger<\/a>. <\/strong><\/span>Face \u00e0 la baisse drastique du niveau des \u00e9l\u00e8ves, des \u00e9tudiants de l\u2019Ecole des Mines, d\u2019Industrie et de la G\u00e9ologie (EMIG) de Niamey ont lanc\u00e9 un projet d\u00e9nomm\u00e9 \u00abMon \u00e9cole\u00bb. A travers cette initiative, ces \u00e9tudiants entendent contribuer \u00e0 rehausser le niveau des \u00e9l\u00e8ves et promouvoir l\u2019\u00e9ducation de qualit\u00e9 en favorisant surtout la lecture.<\/p>\n<p>Selon M. Bahajatou Malan Gambo, membre de l\u2019association, la mise en place de ce projet a \u00e9t\u00e9 suscit\u00e9e par le fait que des \u00e9l\u00e8ves ont des difficult\u00e9s \u00e0 s\u2019exprimer en fran\u00e7ais. Or pr\u00e9cise-t-il, il a \u00e9t\u00e9 relev\u00e9 que les chefs d\u2019entreprise tiennent compte lors de l\u2019entretien d\u2019embauche de l\u2019expression en fran\u00e7ais des candidats ainsi que de leur capacit\u00e9 r\u00e9dactionnelle. Il a confi\u00e9 que la lecture est un moyen appropri\u00e9 pour d\u2019une part am\u00e9liorer l\u2019expressiondes jeunes et d\u2019autre part pour am\u00e9liorer leur capacit\u00e9 r\u00e9dactionnelle afin d\u2019\u00eatre apte sur le march\u00e9 d\u2019emploi.<\/p>\n<p>En outre, connaissant l\u2019importance de la lecture, ce groupe d\u2019\u00e9tudiants de l\u2019EMIG s\u2019est engag\u00e9 en 2019-2020 dans la dynamique d\u2019encourager les jeunes \u00e0 s\u2019int\u00e9resser \u00e0 la lecture afin de se cultiver davantage.Pour M. Bahajatou Malan Gambo, la lecture peut de mani\u00e8re sp\u00e9cifique contribuer \u00e0 l\u2019am\u00e9lioration du niveau des \u00e9l\u00e8ves pour qu\u2019ils soient comp\u00e9titifs sur le march\u00e9 de travail.<\/p>\n<p>Pour ce qui est des difficult\u00e9s rencontr\u00e9es dans le cadre de la mise en \u0153uvre de ce projet, elles se r\u00e9sument entreautres \u00e0 la disponibilit\u00e9 des comp\u00e9tences n\u00e9cessaires, l\u2019autorisation administrative pour d\u00e9marrer les activit\u00e9s. En outre, le groupe \u00e9tait face \u00e0 une situation n\u00e9cessitant une r\u00e9ponse rapide en ce qui concerne les comp\u00e9tences ad\u00e9quates pour animer le projet. Les membres du groupe ont d\u2019abord trouv\u00e9 des \u00e9tudiants de l\u2019EMIG et ceux de l\u2019Universit\u00e9 Abdou Moumouni qui se sont port\u00e9s volontaires pour accompagner l\u2019initiative. Mais comme d\u2019habitude, beaucoup de temps s\u2019est \u00e9coul\u00e9 avant d\u2019obtenir l\u2019autorisation.<\/p>\n<p>Concernant les objectifs sp\u00e9cifiques du projet \u2018\u2019Mon \u00e9cole\u2019\u2019, il s\u2019agit pour ses initiateurs de transmettre aux \u00e9l\u00e8ves des connaissances relatives aux valeurs ancestrales et culturelles de l\u2019Afrique et du Niger en particulier; de d\u00e9velopper en eux la capacit\u00e9 de lire et de comprendre une \u0153uvre et de pouvoir pr\u00e9senter un bilan de lecture \u00e0 travers une fiche de lecture; d\u2019avoir les capacit\u00e9s de commenter et m\u00eame prendre une position par rapport \u00e0 un th\u00e8me et de pouvoir le d\u00e9fendre; d\u2019enrichir le vocabulaire des \u00e9l\u00e8ves; d\u2019apprendre \u00e0 faire une pr\u00e9sentation devant un public.<\/p>\n<p>Pour ce faire, les strat\u00e9gies de mise en \u0153uvre du projet consistent \u00e0 dispenser r\u00e9guli\u00e8rement des cours d\u2019orthographe,de grammaire et de conjugaison sur une plateforme en ligne; de faire une pr\u00e9sentation d\u2019un bilan de lecture mensuelle au cours d\u2019une journ\u00e9e ; la cr\u00e9ation de clubs de lecture au niveau des \u00e9coles cibles pour la phase pilote du projet.<\/p>\n<p>Notons que la phase pilote du projet concernera d\u2019abord dix (10) \u00e9coles d\u2019enseignements g\u00e9n\u00e9raux de la ville de Niamey. Le projet sera ensuite \u00e9largi aux autres r\u00e9gions du pays.\u00abNous lan\u00e7ons un vibrant appel d\u2019abord aux autorit\u00e9s comp\u00e9tentes, aux parents d\u2019\u00e9l\u00e8ves et aux \u00e9l\u00e8ves d\u2019\u0153uvrer pour la concr\u00e9tisation de notre projet. Nous invitons, \u00e0 cet effet, les jeunes \u00e0 s\u2019int\u00e9resser \u00e0 la lecture de mani\u00e8re globale afin de mieux r\u00e9ussir leurvie\u00bb, a conclu M. Bahajatou Malan Gambo, membre de l\u2019association.<\/p>\n<p><b>\u00a0<\/b><\/p>\n","protected":false},"excerpt":{"rendered":"<p>Africa-Press &#8211; Niger. Face \u00e0 la baisse drastique du niveau des \u00e9l\u00e8ves, des \u00e9tudiants de l\u2019Ecole des Mines, d\u2019Industrie et de la G\u00e9ologie (EMIG) de Niamey ont lanc\u00e9 un projet d\u00e9nomm\u00e9 \u00abMon \u00e9cole\u00bb. A travers cette initiative, ces \u00e9tudiants entendent contribuer \u00e0 rehausser le niveau des \u00e9l\u00e8ves et promouvoir l\u2019\u00e9ducation de qualit\u00e9 en favorisant surtout [&hellip;]<\/p>\n","protected":false},"author":82,"featured_media":10272,"comment_status":"open","ping_status":"closed","sticky":false,"template":"","format":"standard","meta":{"footnotes":""},"categories":[21,11,10],"tags":[55,60,29],"class_list":["post-10273","post","type-post","status-publish","format-standard","has-post-thumbnail","hentry","category-communaute","category-homepage-french","category-toutes-les-actualites","tag-africa-press","tag-africa-press-niger","tag-niger"],"yoast_head":"<!-- This site is optimized with the Yoast SEO Premium plugin v26.1 (Yoast SEO v27.0) - https:\/\/yoast.com\/product\/yoast-seo-premium-wordpress\/ -->\n<title>Education\/Initiative \u2018\u2019Mon \u00e9cole\u2019\u2019 : Contribuer \u00e0 l\u2019am\u00e9lioration du niveau des \u00e9l\u00e8ves \u00e0 travers des cours d\u2019appui - niger<\/title>\n<meta name=\"description\" content=\"\ufeffFace \u00e0 la baisse drastique du niveau des \u00e9l\u00e8ves, des \u00e9tudiants de l\u2019Ecole des Mines, d\u2019Industrie et de la G\u00e9ologie (EMI ...\" \/>\n<meta name=\"robots\" content=\"index, follow, max-snippet:-1, max-image-preview:large, max-video-preview:-1\" \/>\n<link rel=\"canonical\" href=\"https:\/\/www.africa-press.net\/niger\/toutes-les-actualites\/education-initiative-mon-ecole-contribuer-a-lamelioration-du-niveau-des-eleves-a-travers-des-cours-dappui\" \/>\n<meta property=\"og:locale\" content=\"fr_FR\" \/>\n<meta property=\"og:type\" content=\"article\" \/>\n<meta property=\"og:title\" content=\"Education\/Initiative \u2018\u2019Mon \u00e9cole\u2019\u2019 : Contribuer \u00e0 l\u2019am\u00e9lioration du niveau des \u00e9l\u00e8ves \u00e0 travers des cours d\u2019appui\" \/>\n<meta property=\"og:description\" content=\"\ufeffFace \u00e0 la baisse drastique du niveau des \u00e9l\u00e8ves, des \u00e9tudiants de l\u2019Ecole des Mines, d\u2019Industrie et de la G\u00e9ologie (EMI ...\" \/>\n<meta property=\"og:url\" content=\"https:\/\/www.africa-press.net\/niger\/toutes-les-actualites\/education-initiative-mon-ecole-contribuer-a-lamelioration-du-niveau-des-eleves-a-travers-des-cours-dappui\" \/>\n<meta property=\"og:site_name\" content=\"niger\" \/>\n<meta property=\"article:published_time\" content=\"2021-08-18T13:18:38+00:00\" \/>\n<meta property=\"article:modified_time\" content=\"2021-08-18T23:07:15+00:00\" \/>\n<meta property=\"og:image\" content=\"https:\/\/static.africa-press.net\/niger\/sites\/40\/2021\/08\/img-611cf615baff0.jpg\" \/>\n\t<meta property=\"og:image:width\" content=\"720\" \/>\n\t<meta property=\"og:image:height\" content=\"409\" \/>\n\t<meta property=\"og:image:type\" content=\"image\/jpeg\" \/>\n<meta name=\"author\" content=\"cfeditorfr\" \/>\n<meta name=\"twitter:card\" content=\"summary_large_image\" \/>\n<meta name=\"twitter:label1\" content=\"\u00c9crit par\" \/>\n\t<meta name=\"twitter:data1\" content=\"cfeditorfr\" \/>\n\t<meta name=\"twitter:label2\" content=\"Dur\u00e9e de lecture estim\u00e9e\" \/>\n\t<meta name=\"twitter:data2\" content=\"3 minutes\" \/>\n<script type=\"application\/ld+json\" class=\"yoast-schema-graph\">{\"@context\":\"https:\/\/schema.org\",\"@graph\":[{\"@type\":\"Article\",\"@id\":\"https:\/\/www.africa-press.net\/niger\/toutes-les-actualites\/education-initiative-mon-ecole-contribuer-a-lamelioration-du-niveau-des-eleves-a-travers-des-cours-dappui#article\",\"isPartOf\":{\"@id\":\"https:\/\/www.africa-press.net\/niger\/toutes-les-actualites\/education-initiative-mon-ecole-contribuer-a-lamelioration-du-niveau-des-eleves-a-travers-des-cours-dappui\"},\"author\":{\"name\":\"cfeditorfr\",\"@id\":\"https:\/\/www.africa-press.net\/niger\/#\/schema\/person\/2b1cf3cd81a31e3cd26889ca66d677f1\"},\"headline\":\"Education\/Initiative \u2018\u2019Mon \u00e9cole\u2019\u2019 : Contribuer \u00e0 l\u2019am\u00e9lioration du niveau des \u00e9l\u00e8ves \u00e0 travers des cours d\u2019appui\",\"datePublished\":\"2021-08-18T13:18:38+00:00\",\"dateModified\":\"2021-08-18T23:07:15+00:00\",\"mainEntityOfPage\":{\"@id\":\"https:\/\/www.africa-press.net\/niger\/toutes-les-actualites\/education-initiative-mon-ecole-contribuer-a-lamelioration-du-niveau-des-eleves-a-travers-des-cours-dappui\"},\"wordCount\":638,\"commentCount\":0,\"image\":{\"@id\":\"https:\/\/www.africa-press.net\/niger\/toutes-les-actualites\/education-initiative-mon-ecole-contribuer-a-lamelioration-du-niveau-des-eleves-a-travers-des-cours-dappui#primaryimage\"},\"thumbnailUrl\":\"https:\/\/static.africa-press.net\/niger\/sites\/40\/2021\/08\/img-611cf615baff0.jpg\",\"keywords\":[\"Africa Press\",\"Africa Press-Niger\",\"Niger\"],\"articleSection\":[\"Communaut\u00e9\",\"homepage-french\",\"Toutes les actualit\u00e9s\"],\"inLanguage\":\"fr-FR\",\"potentialAction\":[{\"@type\":\"CommentAction\",\"name\":\"Comment\",\"target\":[\"https:\/\/www.africa-press.net\/niger\/toutes-les-actualites\/education-initiative-mon-ecole-contribuer-a-lamelioration-du-niveau-des-eleves-a-travers-des-cours-dappui#respond\"]}]},{\"@type\":\"WebPage\",\"@id\":\"https:\/\/www.africa-press.net\/niger\/toutes-les-actualites\/education-initiative-mon-ecole-contribuer-a-lamelioration-du-niveau-des-eleves-a-travers-des-cours-dappui\",\"url\":\"https:\/\/www.africa-press.net\/niger\/toutes-les-actualites\/education-initiative-mon-ecole-contribuer-a-lamelioration-du-niveau-des-eleves-a-travers-des-cours-dappui\",\"name\":\"Education\/Initiative \u2018\u2019Mon \u00e9cole\u2019\u2019 : Contribuer \u00e0 l\u2019am\u00e9lioration du niveau des \u00e9l\u00e8ves \u00e0 travers des cours d\u2019appui - niger\",\"isPartOf\":{\"@id\":\"https:\/\/www.africa-press.net\/niger\/#website\"},\"primaryImageOfPage\":{\"@id\":\"https:\/\/www.africa-press.net\/niger\/toutes-les-actualites\/education-initiative-mon-ecole-contribuer-a-lamelioration-du-niveau-des-eleves-a-travers-des-cours-dappui#primaryimage\"},\"image\":{\"@id\":\"https:\/\/www.africa-press.net\/niger\/toutes-les-actualites\/education-initiative-mon-ecole-contribuer-a-lamelioration-du-niveau-des-eleves-a-travers-des-cours-dappui#primaryimage\"},\"thumbnailUrl\":\"https:\/\/static.africa-press.net\/niger\/sites\/40\/2021\/08\/img-611cf615baff0.jpg\",\"datePublished\":\"2021-08-18T13:18:38+00:00\",\"dateModified\":\"2021-08-18T23:07:15+00:00\",\"author\":{\"@id\":\"https:\/\/www.africa-press.net\/niger\/#\/schema\/person\/2b1cf3cd81a31e3cd26889ca66d677f1\"},\"description\":\"\ufeffFace \u00e0 la baisse drastique du niveau des \u00e9l\u00e8ves, des \u00e9tudiants de l\u2019Ecole des Mines, d\u2019Industrie et de la G\u00e9ologie (EMI ...\",\"breadcrumb\":{\"@id\":\"https:\/\/www.africa-press.net\/niger\/toutes-les-actualites\/education-initiative-mon-ecole-contribuer-a-lamelioration-du-niveau-des-eleves-a-travers-des-cours-dappui#breadcrumb\"},\"inLanguage\":\"fr-FR\",\"potentialAction\":[{\"@type\":\"ReadAction\",\"target\":[\"https:\/\/www.africa-press.net\/niger\/toutes-les-actualites\/education-initiative-mon-ecole-contribuer-a-lamelioration-du-niveau-des-eleves-a-travers-des-cours-dappui\"]}]},{\"@type\":\"ImageObject\",\"inLanguage\":\"fr-FR\",\"@id\":\"https:\/\/www.africa-press.net\/niger\/toutes-les-actualites\/education-initiative-mon-ecole-contribuer-a-lamelioration-du-niveau-des-eleves-a-travers-des-cours-dappui#primaryimage\",\"url\":\"https:\/\/static.africa-press.net\/niger\/sites\/40\/2021\/08\/img-611cf615baff0.jpg\",\"contentUrl\":\"https:\/\/static.africa-press.net\/niger\/sites\/40\/2021\/08\/img-611cf615baff0.jpg\",\"width\":720,\"height\":409,\"caption\":\"Education\/Initiative \u2018\u2019Mon \u00e9cole\u2019\u2019 : Contribuer \u00e0 l\u2019am\u00e9lioration du niveau des \u00e9l\u00e8ves \u00e0 travers des cours d\u2019appui\"},{\"@type\":\"BreadcrumbList\",\"@id\":\"https:\/\/www.africa-press.net\/niger\/toutes-les-actualites\/education-initiative-mon-ecole-contribuer-a-lamelioration-du-niveau-des-eleves-a-travers-des-cours-dappui#breadcrumb\",\"itemListElement\":[{\"@type\":\"ListItem\",\"position\":1,\"name\":\"Accueil\",\"item\":\"https:\/\/www.africa-press.net\/niger\/\"},{\"@type\":\"ListItem\",\"position\":2,\"name\":\"Education\/Initiative \u2018\u2019Mon \u00e9cole\u2019\u2019 : Contribuer \u00e0 l\u2019am\u00e9lioration du niveau des \u00e9l\u00e8ves \u00e0 travers des cours d\u2019appui\"}]},{\"@type\":\"WebSite\",\"@id\":\"https:\/\/www.africa-press.net\/niger\/#website\",\"url\":\"https:\/\/www.africa-press.net\/niger\/\",\"name\":\"niger\",\"description\":\"Just another Africa News Agency Sites site\",\"potentialAction\":[{\"@type\":\"SearchAction\",\"target\":{\"@type\":\"EntryPoint\",\"urlTemplate\":\"https:\/\/www.africa-press.net\/niger\/?s={search_term_string}\"},\"query-input\":{\"@type\":\"PropertyValueSpecification\",\"valueRequired\":true,\"valueName\":\"search_term_string\"}}],\"inLanguage\":\"fr-FR\"},{\"@type\":\"Person\",\"@id\":\"https:\/\/www.africa-press.net\/niger\/#\/schema\/person\/2b1cf3cd81a31e3cd26889ca66d677f1\",\"name\":\"cfeditorfr\"}]}<\/script>\n<!-- \/ Yoast SEO Premium plugin. -->","yoast_head_json":{"title":"Education\/Initiative \u2018\u2019Mon \u00e9cole\u2019\u2019 : Contribuer \u00e0 l\u2019am\u00e9lioration du niveau des \u00e9l\u00e8ves \u00e0 travers des cours d\u2019appui - niger","description":"\ufeffFace \u00e0 la baisse drastique du niveau des \u00e9l\u00e8ves, des \u00e9tudiants de l\u2019Ecole des Mines, d\u2019Industrie et de la G\u00e9ologie (EMI ...","robots":{"index":"index","follow":"follow","max-snippet":"max-snippet:-1","max-image-preview":"max-image-preview:large","max-video-preview":"max-video-preview:-1"},"canonical":"https:\/\/www.africa-press.net\/niger\/toutes-les-actualites\/education-initiative-mon-ecole-contribuer-a-lamelioration-du-niveau-des-eleves-a-travers-des-cours-dappui","og_locale":"fr_FR","og_type":"article","og_title":"Education\/Initiative \u2018\u2019Mon \u00e9cole\u2019\u2019 : Contribuer \u00e0 l\u2019am\u00e9lioration du niveau des \u00e9l\u00e8ves \u00e0 travers des cours d\u2019appui","og_description":"\ufeffFace \u00e0 la baisse drastique du niveau des \u00e9l\u00e8ves, des \u00e9tudiants de l\u2019Ecole des Mines, d\u2019Industrie et de la G\u00e9ologie (EMI ...","og_url":"https:\/\/www.africa-press.net\/niger\/toutes-les-actualites\/education-initiative-mon-ecole-contribuer-a-lamelioration-du-niveau-des-eleves-a-travers-des-cours-dappui","og_site_name":"niger","article_published_time":"2021-08-18T13:18:38+00:00","article_modified_time":"2021-08-18T23:07:15+00:00","og_image":[{"width":720,"height":409,"url":"https:\/\/static.africa-press.net\/niger\/sites\/40\/2021\/08\/img-611cf615baff0.jpg","type":"image\/jpeg"}],"author":"cfeditorfr","twitter_card":"summary_large_image","twitter_misc":{"\u00c9crit par":"cfeditorfr","Dur\u00e9e de lecture estim\u00e9e":"3 minutes"},"schema":{"@context":"https:\/\/schema.org","@graph":[{"@type":"Article","@id":"https:\/\/www.africa-press.net\/niger\/toutes-les-actualites\/education-initiative-mon-ecole-contribuer-a-lamelioration-du-niveau-des-eleves-a-travers-des-cours-dappui#article","isPartOf":{"@id":"https:\/\/www.africa-press.net\/niger\/toutes-les-actualites\/education-initiative-mon-ecole-contribuer-a-lamelioration-du-niveau-des-eleves-a-travers-des-cours-dappui"},"author":{"name":"cfeditorfr","@id":"https:\/\/www.africa-press.net\/niger\/#\/schema\/person\/2b1cf3cd81a31e3cd26889ca66d677f1"},"headline":"Education\/Initiative \u2018\u2019Mon \u00e9cole\u2019\u2019 : Contribuer \u00e0 l\u2019am\u00e9lioration du niveau des \u00e9l\u00e8ves \u00e0 travers des cours d\u2019appui","datePublished":"2021-08-18T13:18:38+00:00","dateModified":"2021-08-18T23:07:15+00:00","mainEntityOfPage":{"@id":"https:\/\/www.africa-press.net\/niger\/toutes-les-actualites\/education-initiative-mon-ecole-contribuer-a-lamelioration-du-niveau-des-eleves-a-travers-des-cours-dappui"},"wordCount":638,"commentCount":0,"image":{"@id":"https:\/\/www.africa-press.net\/niger\/toutes-les-actualites\/education-initiative-mon-ecole-contribuer-a-lamelioration-du-niveau-des-eleves-a-travers-des-cours-dappui#primaryimage"},"thumbnailUrl":"https:\/\/static.africa-press.net\/niger\/sites\/40\/2021\/08\/img-611cf615baff0.jpg","keywords":["Africa Press","Africa Press-Niger","Niger"],"articleSection":["Communaut\u00e9","homepage-french","Toutes les actualit\u00e9s"],"inLanguage":"fr-FR","potentialAction":[{"@type":"CommentAction","name":"Comment","target":["https:\/\/www.africa-press.net\/niger\/toutes-les-actualites\/education-initiative-mon-ecole-contribuer-a-lamelioration-du-niveau-des-eleves-a-travers-des-cours-dappui#respond"]}]},{"@type":"WebPage","@id":"https:\/\/www.africa-press.net\/niger\/toutes-les-actualites\/education-initiative-mon-ecole-contribuer-a-lamelioration-du-niveau-des-eleves-a-travers-des-cours-dappui","url":"https:\/\/www.africa-press.net\/niger\/toutes-les-actualites\/education-initiative-mon-ecole-contribuer-a-lamelioration-du-niveau-des-eleves-a-travers-des-cours-dappui","name":"Education\/Initiative \u2018\u2019Mon \u00e9cole\u2019\u2019 : Contribuer \u00e0 l\u2019am\u00e9lioration du niveau des \u00e9l\u00e8ves \u00e0 travers des cours d\u2019appui - niger","isPartOf":{"@id":"https:\/\/www.africa-press.net\/niger\/#website"},"primaryImageOfPage":{"@id":"https:\/\/www.africa-press.net\/niger\/toutes-les-actualites\/education-initiative-mon-ecole-contribuer-a-lamelioration-du-niveau-des-eleves-a-travers-des-cours-dappui#primaryimage"},"image":{"@id":"https:\/\/www.africa-press.net\/niger\/toutes-les-actualites\/education-initiative-mon-ecole-contribuer-a-lamelioration-du-niveau-des-eleves-a-travers-des-cours-dappui#primaryimage"},"thumbnailUrl":"https:\/\/static.africa-press.net\/niger\/sites\/40\/2021\/08\/img-611cf615baff0.jpg","datePublished":"2021-08-18T13:18:38+00:00","dateModified":"2021-08-18T23:07:15+00:00","author":{"@id":"https:\/\/www.africa-press.net\/niger\/#\/schema\/person\/2b1cf3cd81a31e3cd26889ca66d677f1"},"description":"\ufeffFace \u00e0 la baisse drastique du niveau des \u00e9l\u00e8ves, des \u00e9tudiants de l\u2019Ecole des Mines, d\u2019Industrie et de la G\u00e9ologie (EMI ...","breadcrumb":{"@id":"https:\/\/www.africa-press.net\/niger\/toutes-les-actualites\/education-initiative-mon-ecole-contribuer-a-lamelioration-du-niveau-des-eleves-a-travers-des-cours-dappui#breadcrumb"},"inLanguage":"fr-FR","potentialAction":[{"@type":"ReadAction","target":["https:\/\/www.africa-press.net\/niger\/toutes-les-actualites\/education-initiative-mon-ecole-contribuer-a-lamelioration-du-niveau-des-eleves-a-travers-des-cours-dappui"]}]},{"@type":"ImageObject","inLanguage":"fr-FR","@id":"https:\/\/www.africa-press.net\/niger\/toutes-les-actualites\/education-initiative-mon-ecole-contribuer-a-lamelioration-du-niveau-des-eleves-a-travers-des-cours-dappui#primaryimage","url":"https:\/\/static.africa-press.net\/niger\/sites\/40\/2021\/08\/img-611cf615baff0.jpg","contentUrl":"https:\/\/static.africa-press.net\/niger\/sites\/40\/2021\/08\/img-611cf615baff0.jpg","width":720,"height":409,"caption":"Education\/Initiative \u2018\u2019Mon \u00e9cole\u2019\u2019 : Contribuer \u00e0 l\u2019am\u00e9lioration du niveau des \u00e9l\u00e8ves \u00e0 travers des cours d\u2019appui"},{"@type":"BreadcrumbList","@id":"https:\/\/www.africa-press.net\/niger\/toutes-les-actualites\/education-initiative-mon-ecole-contribuer-a-lamelioration-du-niveau-des-eleves-a-travers-des-cours-dappui#breadcrumb","itemListElement":[{"@type":"ListItem","position":1,"name":"Accueil","item":"https:\/\/www.africa-press.net\/niger\/"},{"@type":"ListItem","position":2,"name":"Education\/Initiative \u2018\u2019Mon \u00e9cole\u2019\u2019 : Contribuer \u00e0 l\u2019am\u00e9lioration du niveau des \u00e9l\u00e8ves \u00e0 travers des cours d\u2019appui"}]},{"@type":"WebSite","@id":"https:\/\/www.africa-press.net\/niger\/#website","url":"https:\/\/www.africa-press.net\/niger\/","name":"niger","description":"Just another Africa News Agency Sites site","potentialAction":[{"@type":"SearchAction","target":{"@type":"EntryPoint","urlTemplate":"https:\/\/www.africa-press.net\/niger\/?s={search_term_string}"},"query-input":{"@type":"PropertyValueSpecification","valueRequired":true,"valueName":"search_term_string"}}],"inLanguage":"fr-FR"},{"@type":"Person","@id":"https:\/\/www.africa-press.net\/niger\/#\/schema\/person\/2b1cf3cd81a31e3cd26889ca66d677f1","name":"cfeditorfr"}]}},"_links":{"self":[{"href":"https:\/\/www.africa-press.net\/niger\/wp-json\/wp\/v2\/posts\/10273","targetHints":{"allow":["GET"]}}],"collection":[{"href":"https:\/\/www.africa-press.net\/niger\/wp-json\/wp\/v2\/posts"}],"about":[{"href":"https:\/\/www.africa-press.net\/niger\/wp-json\/wp\/v2\/types\/post"}],"author":[{"embeddable":true,"href":"https:\/\/www.africa-press.net\/niger\/wp-json\/wp\/v2\/users\/82"}],"replies":[{"embeddable":true,"href":"https:\/\/www.africa-press.net\/niger\/wp-json\/wp\/v2\/comments?post=10273"}],"version-history":[{"count":0,"href":"https:\/\/www.africa-press.net\/niger\/wp-json\/wp\/v2\/posts\/10273\/revisions"}],"wp:featuredmedia":[{"embeddable":true,"href":"https:\/\/www.africa-press.net\/niger\/wp-json\/wp\/v2\/media\/10272"}],"wp:attachment":[{"href":"https:\/\/www.africa-press.net\/niger\/wp-json\/wp\/v2\/media?parent=10273"}],"wp:term":[{"taxonomy":"category","embeddable":true,"href":"https:\/\/www.africa-press.net\/niger\/wp-json\/wp\/v2\/categories?post=10273"},{"taxonomy":"post_tag","embeddable":true,"href":"https:\/\/www.africa-press.net\/niger\/wp-json\/wp\/v2\/tags?post=10273"}],"curies":[{"name":"wp","href":"https:\/\/api.w.org\/{rel}","templated":true}]}}