{"id":10282,"date":"2021-08-18T14:03:38","date_gmt":"2021-08-18T14:03:38","guid":{"rendered":"https:\/\/www.africa-press.net\/niger\/?p=10282"},"modified":"2021-08-18T23:12:55","modified_gmt":"2021-08-18T23:12:55","slug":"au-conseil-economique-social-et-culturel-cesoc-le-president-mairou-malam-ligari-rencontre-lambassadeur-de-linde-au-niger","status":"publish","type":"post","link":"https:\/\/www.africa-press.net\/niger\/toutes-les-actualites\/au-conseil-economique-social-et-culturel-cesoc-le-president-mairou-malam-ligari-rencontre-lambassadeur-de-linde-au-niger","title":{"rendered":"Au Conseil Economique Social et Culturel (CESOC) : Le pr\u00e9sident Mairou Malam Ligari rencontre l\u2019Ambassadeur de l\u2019Inde au Niger"},"content":{"rendered":"<p><span style=\"color: #ff6600\"><strong><a href=\"https:\/\/www.africa-press.net\/\">Africa-Press<\/a> &#8211; <a href=\"https:\/\/www.africa-press.net\/niger\">Niger<\/a>. <\/strong><\/span>Le pr\u00e9sident du Conseil Economique, Social et Culturel (CESOC), M. Mairou Malam Ligari s\u2019est entretenu hier matin avec l\u2019Ambassadeur de l\u2019Inde au Niger, M. Prem Kumar Nair. Cette rencontre s\u2019est d\u00e9roul\u00e9e dans les locaux du CESOC en pr\u00e9sence des proches collaborateurs des deux personnalit\u00e9s. Ces \u00e9changes de prise de contact ont permis aux deux parties de pr\u00e9senter chacune son institution, a dit le diplomate indien. C\u2019\u00e9tait une occasion, pour M. Prem Kumar Nair de pr\u00e9senter au pr\u00e9sident du CESOC l\u2019organe indien de planification et comment il fonctionne. \u00abCes \u00e9changes m\u2019ont \u00e9galement permis de comprendre les domaines d\u2019intervention du Conseil Economique, Social et Culturel et chacun de nous a exprim\u00e9 ses besoins\u00bb, a fait savoir l\u2019Ambassadeur de l\u2019Inde au Niger. C\u2019est donc le jalon d\u2019un d\u00e9but de coop\u00e9ration entre les deux institutions mais au-del\u00e0 entre les peuples indien et nig\u00e9rien. M. Prem Kumar Nair a exprim\u00e9 \u00e9galement toute sa reconnaissance au pr\u00e9sident du CESOC qui lui avait donn\u00e9 l\u2019occasion de d\u00e9couvrir cette institution ainsi que son fonctionnement.<\/p>\n<p><b>\u00a0<\/b><\/p>\n","protected":false},"excerpt":{"rendered":"<p>Africa-Press &#8211; Niger. Le pr\u00e9sident du Conseil Economique, Social et Culturel (CESOC), M. Mairou Malam Ligari s\u2019est entretenu hier matin avec l\u2019Ambassadeur de l\u2019Inde au Niger, M. Prem Kumar Nair. Cette rencontre s\u2019est d\u00e9roul\u00e9e dans les locaux du CESOC en pr\u00e9sence des proches collaborateurs des deux personnalit\u00e9s. Ces \u00e9changes de prise de contact ont permis [&hellip;]<\/p>\n","protected":false},"author":82,"featured_media":10281,"comment_status":"open","ping_status":"closed","sticky":false,"template":"","format":"standard","meta":{"footnotes":""},"categories":[21,11,10],"tags":[55,60,29],"class_list":["post-10282","post","type-post","status-publish","format-standard","has-post-thumbnail","hentry","category-communaute","category-homepage-french","category-toutes-les-actualites","tag-africa-press","tag-africa-press-niger","tag-niger"],"yoast_head":"<!-- This site is optimized with the Yoast SEO Premium plugin v26.1 (Yoast SEO v27.0) - https:\/\/yoast.com\/product\/yoast-seo-premium-wordpress\/ -->\n<title>Au Conseil Economique Social et Culturel (CESOC) : Le pr\u00e9sident Mairou Malam Ligari rencontre l\u2019Ambassadeur de l\u2019Inde au Niger - niger<\/title>\n<meta name=\"description\" content=\"Le pr\u00e9sident du Conseil Economique, Social et Culturel (CESOC), M. Mairou Malam Ligari s\u2019est entretenu hier matin avec l ...\" \/>\n<meta name=\"robots\" content=\"index, follow, max-snippet:-1, max-image-preview:large, max-video-preview:-1\" \/>\n<link rel=\"canonical\" href=\"https:\/\/www.africa-press.net\/niger\/toutes-les-actualites\/au-conseil-economique-social-et-culturel-cesoc-le-president-mairou-malam-ligari-rencontre-lambassadeur-de-linde-au-niger\" \/>\n<meta property=\"og:locale\" content=\"fr_FR\" \/>\n<meta property=\"og:type\" content=\"article\" \/>\n<meta property=\"og:title\" content=\"Au Conseil Economique Social et Culturel (CESOC) : Le pr\u00e9sident Mairou Malam Ligari rencontre l\u2019Ambassadeur de l\u2019Inde au Niger\" \/>\n<meta property=\"og:description\" content=\"Le pr\u00e9sident du Conseil Economique, Social et Culturel (CESOC), M. Mairou Malam Ligari s\u2019est entretenu hier matin avec l ...\" \/>\n<meta property=\"og:url\" content=\"https:\/\/www.africa-press.net\/niger\/toutes-les-actualites\/au-conseil-economique-social-et-culturel-cesoc-le-president-mairou-malam-ligari-rencontre-lambassadeur-de-linde-au-niger\" \/>\n<meta property=\"og:site_name\" content=\"niger\" \/>\n<meta property=\"article:published_time\" content=\"2021-08-18T14:03:38+00:00\" \/>\n<meta property=\"article:modified_time\" content=\"2021-08-18T23:12:55+00:00\" \/>\n<meta property=\"og:image\" content=\"https:\/\/static.africa-press.net\/niger\/sites\/40\/2021\/08\/img-611cfbbe2e379.jpg\" \/>\n\t<meta property=\"og:image:width\" content=\"720\" \/>\n\t<meta property=\"og:image:height\" content=\"436\" \/>\n\t<meta property=\"og:image:type\" content=\"image\/jpeg\" \/>\n<meta name=\"author\" content=\"cfeditorfr\" \/>\n<meta name=\"twitter:card\" content=\"summary_large_image\" \/>\n<meta name=\"twitter:label1\" content=\"\u00c9crit par\" \/>\n\t<meta name=\"twitter:data1\" content=\"cfeditorfr\" \/>\n\t<meta name=\"twitter:label2\" content=\"Dur\u00e9e de lecture estim\u00e9e\" \/>\n\t<meta name=\"twitter:data2\" content=\"1 minute\" \/>\n<script type=\"application\/ld+json\" class=\"yoast-schema-graph\">{\"@context\":\"https:\/\/schema.org\",\"@graph\":[{\"@type\":\"Article\",\"@id\":\"https:\/\/www.africa-press.net\/niger\/toutes-les-actualites\/au-conseil-economique-social-et-culturel-cesoc-le-president-mairou-malam-ligari-rencontre-lambassadeur-de-linde-au-niger#article\",\"isPartOf\":{\"@id\":\"https:\/\/www.africa-press.net\/niger\/toutes-les-actualites\/au-conseil-economique-social-et-culturel-cesoc-le-president-mairou-malam-ligari-rencontre-lambassadeur-de-linde-au-niger\"},\"author\":{\"name\":\"cfeditorfr\",\"@id\":\"https:\/\/www.africa-press.net\/niger\/#\/schema\/person\/2b1cf3cd81a31e3cd26889ca66d677f1\"},\"headline\":\"Au Conseil Economique Social et Culturel (CESOC) : Le pr\u00e9sident Mairou Malam Ligari rencontre l\u2019Ambassadeur de l\u2019Inde au Niger\",\"datePublished\":\"2021-08-18T14:03:38+00:00\",\"dateModified\":\"2021-08-18T23:12:55+00:00\",\"mainEntityOfPage\":{\"@id\":\"https:\/\/www.africa-press.net\/niger\/toutes-les-actualites\/au-conseil-economique-social-et-culturel-cesoc-le-president-mairou-malam-ligari-rencontre-lambassadeur-de-linde-au-niger\"},\"wordCount\":216,\"commentCount\":0,\"image\":{\"@id\":\"https:\/\/www.africa-press.net\/niger\/toutes-les-actualites\/au-conseil-economique-social-et-culturel-cesoc-le-president-mairou-malam-ligari-rencontre-lambassadeur-de-linde-au-niger#primaryimage\"},\"thumbnailUrl\":\"https:\/\/static.africa-press.net\/niger\/sites\/40\/2021\/08\/img-611cfbbe2e379.jpg\",\"keywords\":[\"Africa Press\",\"Africa Press-Niger\",\"Niger\"],\"articleSection\":[\"Communaut\u00e9\",\"homepage-french\",\"Toutes les actualit\u00e9s\"],\"inLanguage\":\"fr-FR\",\"potentialAction\":[{\"@type\":\"CommentAction\",\"name\":\"Comment\",\"target\":[\"https:\/\/www.africa-press.net\/niger\/toutes-les-actualites\/au-conseil-economique-social-et-culturel-cesoc-le-president-mairou-malam-ligari-rencontre-lambassadeur-de-linde-au-niger#respond\"]}]},{\"@type\":\"WebPage\",\"@id\":\"https:\/\/www.africa-press.net\/niger\/toutes-les-actualites\/au-conseil-economique-social-et-culturel-cesoc-le-president-mairou-malam-ligari-rencontre-lambassadeur-de-linde-au-niger\",\"url\":\"https:\/\/www.africa-press.net\/niger\/toutes-les-actualites\/au-conseil-economique-social-et-culturel-cesoc-le-president-mairou-malam-ligari-rencontre-lambassadeur-de-linde-au-niger\",\"name\":\"Au Conseil Economique Social et Culturel (CESOC) : Le pr\u00e9sident Mairou Malam Ligari rencontre l\u2019Ambassadeur de l\u2019Inde au Niger - niger\",\"isPartOf\":{\"@id\":\"https:\/\/www.africa-press.net\/niger\/#website\"},\"primaryImageOfPage\":{\"@id\":\"https:\/\/www.africa-press.net\/niger\/toutes-les-actualites\/au-conseil-economique-social-et-culturel-cesoc-le-president-mairou-malam-ligari-rencontre-lambassadeur-de-linde-au-niger#primaryimage\"},\"image\":{\"@id\":\"https:\/\/www.africa-press.net\/niger\/toutes-les-actualites\/au-conseil-economique-social-et-culturel-cesoc-le-president-mairou-malam-ligari-rencontre-lambassadeur-de-linde-au-niger#primaryimage\"},\"thumbnailUrl\":\"https:\/\/static.africa-press.net\/niger\/sites\/40\/2021\/08\/img-611cfbbe2e379.jpg\",\"datePublished\":\"2021-08-18T14:03:38+00:00\",\"dateModified\":\"2021-08-18T23:12:55+00:00\",\"author\":{\"@id\":\"https:\/\/www.africa-press.net\/niger\/#\/schema\/person\/2b1cf3cd81a31e3cd26889ca66d677f1\"},\"description\":\"Le pr\u00e9sident du Conseil Economique, Social et Culturel (CESOC), M. Mairou Malam Ligari s\u2019est entretenu hier matin avec l ...\",\"breadcrumb\":{\"@id\":\"https:\/\/www.africa-press.net\/niger\/toutes-les-actualites\/au-conseil-economique-social-et-culturel-cesoc-le-president-mairou-malam-ligari-rencontre-lambassadeur-de-linde-au-niger#breadcrumb\"},\"inLanguage\":\"fr-FR\",\"potentialAction\":[{\"@type\":\"ReadAction\",\"target\":[\"https:\/\/www.africa-press.net\/niger\/toutes-les-actualites\/au-conseil-economique-social-et-culturel-cesoc-le-president-mairou-malam-ligari-rencontre-lambassadeur-de-linde-au-niger\"]}]},{\"@type\":\"ImageObject\",\"inLanguage\":\"fr-FR\",\"@id\":\"https:\/\/www.africa-press.net\/niger\/toutes-les-actualites\/au-conseil-economique-social-et-culturel-cesoc-le-president-mairou-malam-ligari-rencontre-lambassadeur-de-linde-au-niger#primaryimage\",\"url\":\"https:\/\/static.africa-press.net\/niger\/sites\/40\/2021\/08\/img-611cfbbe2e379.jpg\",\"contentUrl\":\"https:\/\/static.africa-press.net\/niger\/sites\/40\/2021\/08\/img-611cfbbe2e379.jpg\",\"width\":720,\"height\":436,\"caption\":\"Au Conseil Economique Social et Culturel (CESOC) : Le pr\u00e9sident Mairou Malam Ligari rencontre l\u2019Ambassadeur de l\u2019Inde au Niger\"},{\"@type\":\"BreadcrumbList\",\"@id\":\"https:\/\/www.africa-press.net\/niger\/toutes-les-actualites\/au-conseil-economique-social-et-culturel-cesoc-le-president-mairou-malam-ligari-rencontre-lambassadeur-de-linde-au-niger#breadcrumb\",\"itemListElement\":[{\"@type\":\"ListItem\",\"position\":1,\"name\":\"Accueil\",\"item\":\"https:\/\/www.africa-press.net\/niger\/\"},{\"@type\":\"ListItem\",\"position\":2,\"name\":\"Au Conseil Economique Social et Culturel (CESOC) : Le pr\u00e9sident Mairou Malam Ligari rencontre l\u2019Ambassadeur de l\u2019Inde au Niger\"}]},{\"@type\":\"WebSite\",\"@id\":\"https:\/\/www.africa-press.net\/niger\/#website\",\"url\":\"https:\/\/www.africa-press.net\/niger\/\",\"name\":\"niger\",\"description\":\"Just another Africa News Agency Sites site\",\"potentialAction\":[{\"@type\":\"SearchAction\",\"target\":{\"@type\":\"EntryPoint\",\"urlTemplate\":\"https:\/\/www.africa-press.net\/niger\/?s={search_term_string}\"},\"query-input\":{\"@type\":\"PropertyValueSpecification\",\"valueRequired\":true,\"valueName\":\"search_term_string\"}}],\"inLanguage\":\"fr-FR\"},{\"@type\":\"Person\",\"@id\":\"https:\/\/www.africa-press.net\/niger\/#\/schema\/person\/2b1cf3cd81a31e3cd26889ca66d677f1\",\"name\":\"cfeditorfr\"}]}<\/script>\n<!-- \/ Yoast SEO Premium plugin. -->","yoast_head_json":{"title":"Au Conseil Economique Social et Culturel (CESOC) : Le pr\u00e9sident Mairou Malam Ligari rencontre l\u2019Ambassadeur de l\u2019Inde au Niger - niger","description":"Le pr\u00e9sident du Conseil Economique, Social et Culturel (CESOC), M. Mairou Malam Ligari s\u2019est entretenu hier matin avec l ...","robots":{"index":"index","follow":"follow","max-snippet":"max-snippet:-1","max-image-preview":"max-image-preview:large","max-video-preview":"max-video-preview:-1"},"canonical":"https:\/\/www.africa-press.net\/niger\/toutes-les-actualites\/au-conseil-economique-social-et-culturel-cesoc-le-president-mairou-malam-ligari-rencontre-lambassadeur-de-linde-au-niger","og_locale":"fr_FR","og_type":"article","og_title":"Au Conseil Economique Social et Culturel (CESOC) : Le pr\u00e9sident Mairou Malam Ligari rencontre l\u2019Ambassadeur de l\u2019Inde au Niger","og_description":"Le pr\u00e9sident du Conseil Economique, Social et Culturel (CESOC), M. Mairou Malam Ligari s\u2019est entretenu hier matin avec l ...","og_url":"https:\/\/www.africa-press.net\/niger\/toutes-les-actualites\/au-conseil-economique-social-et-culturel-cesoc-le-president-mairou-malam-ligari-rencontre-lambassadeur-de-linde-au-niger","og_site_name":"niger","article_published_time":"2021-08-18T14:03:38+00:00","article_modified_time":"2021-08-18T23:12:55+00:00","og_image":[{"width":720,"height":436,"url":"https:\/\/static.africa-press.net\/niger\/sites\/40\/2021\/08\/img-611cfbbe2e379.jpg","type":"image\/jpeg"}],"author":"cfeditorfr","twitter_card":"summary_large_image","twitter_misc":{"\u00c9crit par":"cfeditorfr","Dur\u00e9e de lecture estim\u00e9e":"1 minute"},"schema":{"@context":"https:\/\/schema.org","@graph":[{"@type":"Article","@id":"https:\/\/www.africa-press.net\/niger\/toutes-les-actualites\/au-conseil-economique-social-et-culturel-cesoc-le-president-mairou-malam-ligari-rencontre-lambassadeur-de-linde-au-niger#article","isPartOf":{"@id":"https:\/\/www.africa-press.net\/niger\/toutes-les-actualites\/au-conseil-economique-social-et-culturel-cesoc-le-president-mairou-malam-ligari-rencontre-lambassadeur-de-linde-au-niger"},"author":{"name":"cfeditorfr","@id":"https:\/\/www.africa-press.net\/niger\/#\/schema\/person\/2b1cf3cd81a31e3cd26889ca66d677f1"},"headline":"Au Conseil Economique Social et Culturel (CESOC) : Le pr\u00e9sident Mairou Malam Ligari rencontre l\u2019Ambassadeur de l\u2019Inde au Niger","datePublished":"2021-08-18T14:03:38+00:00","dateModified":"2021-08-18T23:12:55+00:00","mainEntityOfPage":{"@id":"https:\/\/www.africa-press.net\/niger\/toutes-les-actualites\/au-conseil-economique-social-et-culturel-cesoc-le-president-mairou-malam-ligari-rencontre-lambassadeur-de-linde-au-niger"},"wordCount":216,"commentCount":0,"image":{"@id":"https:\/\/www.africa-press.net\/niger\/toutes-les-actualites\/au-conseil-economique-social-et-culturel-cesoc-le-president-mairou-malam-ligari-rencontre-lambassadeur-de-linde-au-niger#primaryimage"},"thumbnailUrl":"https:\/\/static.africa-press.net\/niger\/sites\/40\/2021\/08\/img-611cfbbe2e379.jpg","keywords":["Africa Press","Africa Press-Niger","Niger"],"articleSection":["Communaut\u00e9","homepage-french","Toutes les actualit\u00e9s"],"inLanguage":"fr-FR","potentialAction":[{"@type":"CommentAction","name":"Comment","target":["https:\/\/www.africa-press.net\/niger\/toutes-les-actualites\/au-conseil-economique-social-et-culturel-cesoc-le-president-mairou-malam-ligari-rencontre-lambassadeur-de-linde-au-niger#respond"]}]},{"@type":"WebPage","@id":"https:\/\/www.africa-press.net\/niger\/toutes-les-actualites\/au-conseil-economique-social-et-culturel-cesoc-le-president-mairou-malam-ligari-rencontre-lambassadeur-de-linde-au-niger","url":"https:\/\/www.africa-press.net\/niger\/toutes-les-actualites\/au-conseil-economique-social-et-culturel-cesoc-le-president-mairou-malam-ligari-rencontre-lambassadeur-de-linde-au-niger","name":"Au Conseil Economique Social et Culturel (CESOC) : Le pr\u00e9sident Mairou Malam Ligari rencontre l\u2019Ambassadeur de l\u2019Inde au Niger - niger","isPartOf":{"@id":"https:\/\/www.africa-press.net\/niger\/#website"},"primaryImageOfPage":{"@id":"https:\/\/www.africa-press.net\/niger\/toutes-les-actualites\/au-conseil-economique-social-et-culturel-cesoc-le-president-mairou-malam-ligari-rencontre-lambassadeur-de-linde-au-niger#primaryimage"},"image":{"@id":"https:\/\/www.africa-press.net\/niger\/toutes-les-actualites\/au-conseil-economique-social-et-culturel-cesoc-le-president-mairou-malam-ligari-rencontre-lambassadeur-de-linde-au-niger#primaryimage"},"thumbnailUrl":"https:\/\/static.africa-press.net\/niger\/sites\/40\/2021\/08\/img-611cfbbe2e379.jpg","datePublished":"2021-08-18T14:03:38+00:00","dateModified":"2021-08-18T23:12:55+00:00","author":{"@id":"https:\/\/www.africa-press.net\/niger\/#\/schema\/person\/2b1cf3cd81a31e3cd26889ca66d677f1"},"description":"Le pr\u00e9sident du Conseil Economique, Social et Culturel (CESOC), M. Mairou Malam Ligari s\u2019est entretenu hier matin avec l ...","breadcrumb":{"@id":"https:\/\/www.africa-press.net\/niger\/toutes-les-actualites\/au-conseil-economique-social-et-culturel-cesoc-le-president-mairou-malam-ligari-rencontre-lambassadeur-de-linde-au-niger#breadcrumb"},"inLanguage":"fr-FR","potentialAction":[{"@type":"ReadAction","target":["https:\/\/www.africa-press.net\/niger\/toutes-les-actualites\/au-conseil-economique-social-et-culturel-cesoc-le-president-mairou-malam-ligari-rencontre-lambassadeur-de-linde-au-niger"]}]},{"@type":"ImageObject","inLanguage":"fr-FR","@id":"https:\/\/www.africa-press.net\/niger\/toutes-les-actualites\/au-conseil-economique-social-et-culturel-cesoc-le-president-mairou-malam-ligari-rencontre-lambassadeur-de-linde-au-niger#primaryimage","url":"https:\/\/static.africa-press.net\/niger\/sites\/40\/2021\/08\/img-611cfbbe2e379.jpg","contentUrl":"https:\/\/static.africa-press.net\/niger\/sites\/40\/2021\/08\/img-611cfbbe2e379.jpg","width":720,"height":436,"caption":"Au Conseil Economique Social et Culturel (CESOC) : Le pr\u00e9sident Mairou Malam Ligari rencontre l\u2019Ambassadeur de l\u2019Inde au Niger"},{"@type":"BreadcrumbList","@id":"https:\/\/www.africa-press.net\/niger\/toutes-les-actualites\/au-conseil-economique-social-et-culturel-cesoc-le-president-mairou-malam-ligari-rencontre-lambassadeur-de-linde-au-niger#breadcrumb","itemListElement":[{"@type":"ListItem","position":1,"name":"Accueil","item":"https:\/\/www.africa-press.net\/niger\/"},{"@type":"ListItem","position":2,"name":"Au Conseil Economique Social et Culturel (CESOC) : Le pr\u00e9sident Mairou Malam Ligari rencontre l\u2019Ambassadeur de l\u2019Inde au Niger"}]},{"@type":"WebSite","@id":"https:\/\/www.africa-press.net\/niger\/#website","url":"https:\/\/www.africa-press.net\/niger\/","name":"niger","description":"Just another Africa News Agency Sites site","potentialAction":[{"@type":"SearchAction","target":{"@type":"EntryPoint","urlTemplate":"https:\/\/www.africa-press.net\/niger\/?s={search_term_string}"},"query-input":{"@type":"PropertyValueSpecification","valueRequired":true,"valueName":"search_term_string"}}],"inLanguage":"fr-FR"},{"@type":"Person","@id":"https:\/\/www.africa-press.net\/niger\/#\/schema\/person\/2b1cf3cd81a31e3cd26889ca66d677f1","name":"cfeditorfr"}]}},"_links":{"self":[{"href":"https:\/\/www.africa-press.net\/niger\/wp-json\/wp\/v2\/posts\/10282","targetHints":{"allow":["GET"]}}],"collection":[{"href":"https:\/\/www.africa-press.net\/niger\/wp-json\/wp\/v2\/posts"}],"about":[{"href":"https:\/\/www.africa-press.net\/niger\/wp-json\/wp\/v2\/types\/post"}],"author":[{"embeddable":true,"href":"https:\/\/www.africa-press.net\/niger\/wp-json\/wp\/v2\/users\/82"}],"replies":[{"embeddable":true,"href":"https:\/\/www.africa-press.net\/niger\/wp-json\/wp\/v2\/comments?post=10282"}],"version-history":[{"count":0,"href":"https:\/\/www.africa-press.net\/niger\/wp-json\/wp\/v2\/posts\/10282\/revisions"}],"wp:featuredmedia":[{"embeddable":true,"href":"https:\/\/www.africa-press.net\/niger\/wp-json\/wp\/v2\/media\/10281"}],"wp:attachment":[{"href":"https:\/\/www.africa-press.net\/niger\/wp-json\/wp\/v2\/media?parent=10282"}],"wp:term":[{"taxonomy":"category","embeddable":true,"href":"https:\/\/www.africa-press.net\/niger\/wp-json\/wp\/v2\/categories?post=10282"},{"taxonomy":"post_tag","embeddable":true,"href":"https:\/\/www.africa-press.net\/niger\/wp-json\/wp\/v2\/tags?post=10282"}],"curies":[{"name":"wp","href":"https:\/\/api.w.org\/{rel}","templated":true}]}}