{"id":10359,"date":"2021-08-20T10:40:51","date_gmt":"2021-08-20T10:40:51","guid":{"rendered":"https:\/\/www.africa-press.net\/niger\/?p=10359"},"modified":"2021-08-20T19:59:26","modified_gmt":"2021-08-20T19:59:26","slug":"les-collectivites-territoriales-du-niger-partagent-a-zinder-leurs-experiences-en-matiere-de-migration","status":"publish","type":"post","link":"https:\/\/www.africa-press.net\/niger\/toutes-les-actualites\/les-collectivites-territoriales-du-niger-partagent-a-zinder-leurs-experiences-en-matiere-de-migration","title":{"rendered":"Les collectivit\u00e9s territoriales du Niger partagent \u00e0 Zinder leurs exp\u00e9riences en mati\u00e8re de migration"},"content":{"rendered":"<p><span style=\"color: #ff6600\"><strong><a href=\"https:\/\/www.africa-press.net\/\">Africa-Press<\/a> &#8211; <a href=\"https:\/\/www.africa-press.net\/niger\">Niger<\/a>.\u00a0 <\/strong><\/span>La 3\u00e8 rencontre de partage d\u2019exp\u00e9riences des observatoires sur la migration des r\u00e9gions d&rsquo;Agadez, Tahoua et Zinder s&rsquo;est ouverte, le mardi 17 ao\u00fbt 2021 \u00e0 Zinder, sous la pr\u00e9sidence du Gouverneur Issa Moussa, en pr\u00e9sence du Pr\u00e9sident du Conseil de Ville de Zinder et de plusieurs invit\u00e9s.<\/p>\n<p>Durant trois jours, les participants \u00e0 la rencontre d\u00e9battront des questions li\u00e9es \u00e0 l&rsquo;\u00e9volution des tendances actuelles et futures des flux migratoires des r\u00e9gions pr\u00e9cit\u00e9es, la pr\u00e9sentation sur le dispositif de collecte des donn\u00e9es sur la migration, sur les bilans r\u00e9gionaux des activit\u00e9s de remise\/reprise de l&rsquo;approche gestion locale des d\u00e9fis migratoires-exp\u00e9riences des autres r\u00e9gions notamment.<\/p>\n<p>Pour le gouverneur de Zinder, la \u00ab\u00a0migration, lorsqu&rsquo;elle est r\u00e9guli\u00e8re, contr\u00f4l\u00e9e et bien orient\u00e9e, est b\u00e9n\u00e9fique d&rsquo;abord pour le migrant qui trouve un emploi et d&rsquo;autres opportunit\u00e9s pour se r\u00e9aliser, b\u00e9n\u00e9fique pour la famille et le pays de d\u00e9part du migrant par le transfert mon\u00e9taire dont ils peuvent b\u00e9n\u00e9ficier, et enfin b\u00e9n\u00e9fique pour le pays d&rsquo;accueil par sa contribution au d\u00e9veloppement de ce pays\u00a0\u00bb.<\/p>\n<p>Malheureusement, a-t-il dit, \u2018\u2019la migration est aujourd&rsquo;hui devenue un ph\u00e9nom\u00e8ne mondial captivant, dont les images, parfois cruelles, des traitements inflig\u00e9s aux migrants sont amplifi\u00e9es par les m\u00e9dias et relay\u00e9es par plusieurs canaux de communication\u2019\u2019.<\/p>\n<p>\u00ab\u00a0Face \u00e0 cette pr\u00e9occupante, nous sommes tous interpell\u00e9s\u2019\u2019, a fait remarquer le Gouverneur Issa Moussa, \u2018\u2019\u00e0 accompagner les jeunes et les femmes pour qu&rsquo;ils priorisent les initiatives locales en mettant en valeur les potentialit\u00e9s agro-sylvo-pastorales, halieutiques et \u00e9conomiques en lieu et place de cette m\u00e9saventure avec tous les risques qu&rsquo;ils encourent\u00a0\u00bb.<\/p>\n<p>\u2018\u2019La r\u00e9gion de Zinder, de par sa position, est au centre de cette probl\u00e9matique migratoire\u2019\u2019 a-t-il insist\u00e9 avant de souligner que des \u00ab\u00a0\u00e9normes cons\u00e9quences p\u00e8sent aussi bien sur les ressources naturelles que sur les services sociaux de base auxquelles les moyens de riposte demeurent encore limit\u00e9s malgr\u00e9 tous les efforts consentis par l&rsquo;Etat et ses partenaires\u00a0\u00bb.<\/p>\n<p>\u2018\u2019Au vu de la pression migratoire de ces derni\u00e8res ann\u00e9es, le Niger, de par sa position g\u00e9ographique et son statut de pays de transit des migrants sub-sahariens, est d\u00e9clar\u00e9 pays r\u00e9gulateur des mouvements migratoires pour la recherche des solutions aux probl\u00e8mes que pose ce ph\u00e9nom\u00e8ne\u00a0\u00bb, a relev\u00e9 le gouverneur de Zinder.<\/p>\n<p>Le Pr\u00e9sident du Conseil R\u00e9gional de Zinder, Amadou Hassan a, dans son intervention, d\u00e9clar\u00e9 que \u00ab\u00a0l&rsquo;objectif de cette rencontre vise essentiellement le partage d&rsquo;exp\u00e9riences des Collectivit\u00e9s territoriales en mati\u00e8re de gestion des d\u00e9fis migratoires et des r\u00e9sultats sur les diff\u00e9rents cycles d&rsquo;analyse dans une dynamique conduite par les observatoires de la migration entre les collectivit\u00e9s territoriales des r\u00e9gions d&rsquo;Agadez, Tahoua et Zinder, partenaires du programme GIZ\/Progem, \u00e9largie aux collectivit\u00e9s de Maradi, Diffa, Dosso, Tillab\u00e9ry et la Ville de Niamey ainsi que d&rsquo;autres personnes ressources\u2019\u2019.<\/p>\n<p>C&rsquo;est au regard des r\u00e9sultats des rencontres inter-observatoires en r\u00e9gions, a-t-il dit , que le Conseil R\u00e9gional de Zinder a initi\u00e9 la pr\u00e9sente rencontre des observatoires de la migration pour un partage plus \u00e9largi, surtout en ce d\u00e9but du mandat des nouveaux ex\u00e9cutifs de collectivit\u00e9s territoriales.<\/p>\n<p>Il a rassur\u00e9 les participants \u00e0 la rencontre qu&rsquo;en mati\u00e8re de gestion des cons\u00e9quences des d\u00e9fis migratoires, les \u00ab\u00a0capacit\u00e9s des Collectivit\u00e9s territoriales partenaires du Progem\/GIZ sont aujourd&rsquo;hui renforc\u00e9es notamment \u00e0 travers le d\u00e9veloppement d&rsquo;une expertise locale propre aux Collectivit\u00e9s territoriales, la capacit\u00e9 d&rsquo;analyse des cons\u00e9quences migratoires et en mati\u00e8re de collecte, de traitement et d&rsquo;analyse des donn\u00e9es sur la migration, les formations et Coachings, l&rsquo;appui en ressources humaines, mat\u00e9rielles et financi\u00e8res, les \u00e9changes et le d\u00e9veloppement des coop\u00e9rations inter-collectivit\u00e9s, l&rsquo;appui aux initiatives collectives et individuelles, \u00e0 l&rsquo;entreprenariat et \u00e0 l&rsquo;insertion professionnelle des jeunes, la promotion de l&rsquo;\u00e9conomie locale \u00e0 travers la valorisation des potentialit\u00e9s et opportunit\u00e9s\u00a0\u00bb.<\/p>\n<p>Il a, enfin, r\u00e9it\u00e9r\u00e9 ses remerciements \u00e0 l&rsquo;Union Europ\u00e9enne, \u00e0 la BMZ et le Progem\/GIZ pour leur engagement sans faille dans la gestion des d\u00e9fis migratoires.<\/p>\n<p>Le Maire central de Zinder s&rsquo;est f\u00e9licit\u00e9 du fait que, dans le cadre de la recherche de l&rsquo;am\u00e9lioration des conditions de vie de sa population, sa ville a b\u00e9n\u00e9fici\u00e9 du PROGEM la construction d&rsquo;une p\u00e9diatrie au sein de l&rsquo;H\u00f4pital de district, l&rsquo;entretien et la r\u00e9habilitation de plusieurs infrastructures ainsi que le renforcement des capacit\u00e9s dans la planification locale.<\/p>\n","protected":false},"excerpt":{"rendered":"<p>Africa-Press &#8211; Niger.\u00a0 La 3\u00e8 rencontre de partage d\u2019exp\u00e9riences des observatoires sur la migration des r\u00e9gions d&rsquo;Agadez, Tahoua et Zinder s&rsquo;est ouverte, le mardi 17 ao\u00fbt 2021 \u00e0 Zinder, sous la pr\u00e9sidence du Gouverneur Issa Moussa, en pr\u00e9sence du Pr\u00e9sident du Conseil de Ville de Zinder et de plusieurs invit\u00e9s. Durant trois jours, les participants [&hellip;]<\/p>\n","protected":false},"author":82,"featured_media":10358,"comment_status":"open","ping_status":"closed","sticky":false,"template":"","format":"standard","meta":{"footnotes":""},"categories":[21,11,10],"tags":[55,60,29],"class_list":["post-10359","post","type-post","status-publish","format-standard","has-post-thumbnail","hentry","category-communaute","category-homepage-french","category-toutes-les-actualites","tag-africa-press","tag-africa-press-niger","tag-niger"],"yoast_head":"<!-- This site is optimized with the Yoast SEO Premium plugin v26.1 (Yoast SEO v27.0) - https:\/\/yoast.com\/product\/yoast-seo-premium-wordpress\/ -->\n<title>Les collectivit\u00e9s territoriales du Niger partagent \u00e0 Zinder leurs exp\u00e9riences en mati\u00e8re de migration - niger<\/title>\n<meta name=\"description\" content=\", 18 Ao\u00fbt(ANP).La 3\u00e8 rencontre de partage d\u2019exp\u00e9riences des observatoires sur la migration des r\u00e9gions d&#039;Agadez, Tahoua ...\" \/>\n<meta name=\"robots\" content=\"index, follow, max-snippet:-1, max-image-preview:large, max-video-preview:-1\" \/>\n<link rel=\"canonical\" href=\"https:\/\/www.africa-press.net\/niger\/toutes-les-actualites\/les-collectivites-territoriales-du-niger-partagent-a-zinder-leurs-experiences-en-matiere-de-migration\" \/>\n<meta property=\"og:locale\" content=\"fr_FR\" \/>\n<meta property=\"og:type\" content=\"article\" \/>\n<meta property=\"og:title\" content=\"Les collectivit\u00e9s territoriales du Niger partagent \u00e0 Zinder leurs exp\u00e9riences en mati\u00e8re de migration\" \/>\n<meta property=\"og:description\" content=\", 18 Ao\u00fbt(ANP).La 3\u00e8 rencontre de partage d\u2019exp\u00e9riences des observatoires sur la migration des r\u00e9gions d&#039;Agadez, Tahoua ...\" \/>\n<meta property=\"og:url\" content=\"https:\/\/www.africa-press.net\/niger\/toutes-les-actualites\/les-collectivites-territoriales-du-niger-partagent-a-zinder-leurs-experiences-en-matiere-de-migration\" \/>\n<meta property=\"og:site_name\" content=\"niger\" \/>\n<meta property=\"article:published_time\" content=\"2021-08-20T10:40:51+00:00\" \/>\n<meta property=\"article:modified_time\" content=\"2021-08-20T19:59:26+00:00\" \/>\n<meta property=\"og:image\" content=\"https:\/\/static.africa-press.net\/niger\/sites\/40\/2021\/08\/img-611f862d1067c.jpg\" \/>\n\t<meta property=\"og:image:width\" content=\"720\" \/>\n\t<meta property=\"og:image:height\" content=\"432\" \/>\n\t<meta property=\"og:image:type\" content=\"image\/jpeg\" \/>\n<meta name=\"author\" content=\"cfeditorfr\" \/>\n<meta name=\"twitter:card\" content=\"summary_large_image\" \/>\n<meta name=\"twitter:label1\" content=\"\u00c9crit par\" \/>\n\t<meta name=\"twitter:data1\" content=\"cfeditorfr\" \/>\n\t<meta name=\"twitter:label2\" content=\"Dur\u00e9e de lecture estim\u00e9e\" \/>\n\t<meta name=\"twitter:data2\" content=\"3 minutes\" \/>\n<script type=\"application\/ld+json\" class=\"yoast-schema-graph\">{\"@context\":\"https:\/\/schema.org\",\"@graph\":[{\"@type\":\"Article\",\"@id\":\"https:\/\/www.africa-press.net\/niger\/toutes-les-actualites\/les-collectivites-territoriales-du-niger-partagent-a-zinder-leurs-experiences-en-matiere-de-migration#article\",\"isPartOf\":{\"@id\":\"https:\/\/www.africa-press.net\/niger\/toutes-les-actualites\/les-collectivites-territoriales-du-niger-partagent-a-zinder-leurs-experiences-en-matiere-de-migration\"},\"author\":{\"name\":\"cfeditorfr\",\"@id\":\"https:\/\/www.africa-press.net\/niger\/#\/schema\/person\/2b1cf3cd81a31e3cd26889ca66d677f1\"},\"headline\":\"Les collectivit\u00e9s territoriales du Niger partagent \u00e0 Zinder leurs exp\u00e9riences en mati\u00e8re de migration\",\"datePublished\":\"2021-08-20T10:40:51+00:00\",\"dateModified\":\"2021-08-20T19:59:26+00:00\",\"mainEntityOfPage\":{\"@id\":\"https:\/\/www.africa-press.net\/niger\/toutes-les-actualites\/les-collectivites-territoriales-du-niger-partagent-a-zinder-leurs-experiences-en-matiere-de-migration\"},\"wordCount\":831,\"commentCount\":0,\"image\":{\"@id\":\"https:\/\/www.africa-press.net\/niger\/toutes-les-actualites\/les-collectivites-territoriales-du-niger-partagent-a-zinder-leurs-experiences-en-matiere-de-migration#primaryimage\"},\"thumbnailUrl\":\"https:\/\/static.africa-press.net\/niger\/sites\/40\/2021\/08\/img-611f862d1067c.jpg\",\"keywords\":[\"Africa Press\",\"Africa Press-Niger\",\"Niger\"],\"articleSection\":[\"Communaut\u00e9\",\"homepage-french\",\"Toutes les actualit\u00e9s\"],\"inLanguage\":\"fr-FR\",\"potentialAction\":[{\"@type\":\"CommentAction\",\"name\":\"Comment\",\"target\":[\"https:\/\/www.africa-press.net\/niger\/toutes-les-actualites\/les-collectivites-territoriales-du-niger-partagent-a-zinder-leurs-experiences-en-matiere-de-migration#respond\"]}]},{\"@type\":\"WebPage\",\"@id\":\"https:\/\/www.africa-press.net\/niger\/toutes-les-actualites\/les-collectivites-territoriales-du-niger-partagent-a-zinder-leurs-experiences-en-matiere-de-migration\",\"url\":\"https:\/\/www.africa-press.net\/niger\/toutes-les-actualites\/les-collectivites-territoriales-du-niger-partagent-a-zinder-leurs-experiences-en-matiere-de-migration\",\"name\":\"Les collectivit\u00e9s territoriales du Niger partagent \u00e0 Zinder leurs exp\u00e9riences en mati\u00e8re de migration - niger\",\"isPartOf\":{\"@id\":\"https:\/\/www.africa-press.net\/niger\/#website\"},\"primaryImageOfPage\":{\"@id\":\"https:\/\/www.africa-press.net\/niger\/toutes-les-actualites\/les-collectivites-territoriales-du-niger-partagent-a-zinder-leurs-experiences-en-matiere-de-migration#primaryimage\"},\"image\":{\"@id\":\"https:\/\/www.africa-press.net\/niger\/toutes-les-actualites\/les-collectivites-territoriales-du-niger-partagent-a-zinder-leurs-experiences-en-matiere-de-migration#primaryimage\"},\"thumbnailUrl\":\"https:\/\/static.africa-press.net\/niger\/sites\/40\/2021\/08\/img-611f862d1067c.jpg\",\"datePublished\":\"2021-08-20T10:40:51+00:00\",\"dateModified\":\"2021-08-20T19:59:26+00:00\",\"author\":{\"@id\":\"https:\/\/www.africa-press.net\/niger\/#\/schema\/person\/2b1cf3cd81a31e3cd26889ca66d677f1\"},\"description\":\", 18 Ao\u00fbt(ANP).La 3\u00e8 rencontre de partage d\u2019exp\u00e9riences des observatoires sur la migration des r\u00e9gions d'Agadez, Tahoua ...\",\"breadcrumb\":{\"@id\":\"https:\/\/www.africa-press.net\/niger\/toutes-les-actualites\/les-collectivites-territoriales-du-niger-partagent-a-zinder-leurs-experiences-en-matiere-de-migration#breadcrumb\"},\"inLanguage\":\"fr-FR\",\"potentialAction\":[{\"@type\":\"ReadAction\",\"target\":[\"https:\/\/www.africa-press.net\/niger\/toutes-les-actualites\/les-collectivites-territoriales-du-niger-partagent-a-zinder-leurs-experiences-en-matiere-de-migration\"]}]},{\"@type\":\"ImageObject\",\"inLanguage\":\"fr-FR\",\"@id\":\"https:\/\/www.africa-press.net\/niger\/toutes-les-actualites\/les-collectivites-territoriales-du-niger-partagent-a-zinder-leurs-experiences-en-matiere-de-migration#primaryimage\",\"url\":\"https:\/\/static.africa-press.net\/niger\/sites\/40\/2021\/08\/img-611f862d1067c.jpg\",\"contentUrl\":\"https:\/\/static.africa-press.net\/niger\/sites\/40\/2021\/08\/img-611f862d1067c.jpg\",\"width\":720,\"height\":432,\"caption\":\"Les collectivit\u00e9s territoriales du Niger partagent \u00e0 Zinder leurs exp\u00e9riences en mati\u00e8re de migration\"},{\"@type\":\"BreadcrumbList\",\"@id\":\"https:\/\/www.africa-press.net\/niger\/toutes-les-actualites\/les-collectivites-territoriales-du-niger-partagent-a-zinder-leurs-experiences-en-matiere-de-migration#breadcrumb\",\"itemListElement\":[{\"@type\":\"ListItem\",\"position\":1,\"name\":\"Accueil\",\"item\":\"https:\/\/www.africa-press.net\/niger\/\"},{\"@type\":\"ListItem\",\"position\":2,\"name\":\"Les collectivit\u00e9s territoriales du Niger partagent \u00e0 Zinder leurs exp\u00e9riences en mati\u00e8re de migration\"}]},{\"@type\":\"WebSite\",\"@id\":\"https:\/\/www.africa-press.net\/niger\/#website\",\"url\":\"https:\/\/www.africa-press.net\/niger\/\",\"name\":\"niger\",\"description\":\"Just another Africa News Agency Sites site\",\"potentialAction\":[{\"@type\":\"SearchAction\",\"target\":{\"@type\":\"EntryPoint\",\"urlTemplate\":\"https:\/\/www.africa-press.net\/niger\/?s={search_term_string}\"},\"query-input\":{\"@type\":\"PropertyValueSpecification\",\"valueRequired\":true,\"valueName\":\"search_term_string\"}}],\"inLanguage\":\"fr-FR\"},{\"@type\":\"Person\",\"@id\":\"https:\/\/www.africa-press.net\/niger\/#\/schema\/person\/2b1cf3cd81a31e3cd26889ca66d677f1\",\"name\":\"cfeditorfr\"}]}<\/script>\n<!-- \/ Yoast SEO Premium plugin. -->","yoast_head_json":{"title":"Les collectivit\u00e9s territoriales du Niger partagent \u00e0 Zinder leurs exp\u00e9riences en mati\u00e8re de migration - niger","description":", 18 Ao\u00fbt(ANP).La 3\u00e8 rencontre de partage d\u2019exp\u00e9riences des observatoires sur la migration des r\u00e9gions d'Agadez, Tahoua ...","robots":{"index":"index","follow":"follow","max-snippet":"max-snippet:-1","max-image-preview":"max-image-preview:large","max-video-preview":"max-video-preview:-1"},"canonical":"https:\/\/www.africa-press.net\/niger\/toutes-les-actualites\/les-collectivites-territoriales-du-niger-partagent-a-zinder-leurs-experiences-en-matiere-de-migration","og_locale":"fr_FR","og_type":"article","og_title":"Les collectivit\u00e9s territoriales du Niger partagent \u00e0 Zinder leurs exp\u00e9riences en mati\u00e8re de migration","og_description":", 18 Ao\u00fbt(ANP).La 3\u00e8 rencontre de partage d\u2019exp\u00e9riences des observatoires sur la migration des r\u00e9gions d'Agadez, Tahoua ...","og_url":"https:\/\/www.africa-press.net\/niger\/toutes-les-actualites\/les-collectivites-territoriales-du-niger-partagent-a-zinder-leurs-experiences-en-matiere-de-migration","og_site_name":"niger","article_published_time":"2021-08-20T10:40:51+00:00","article_modified_time":"2021-08-20T19:59:26+00:00","og_image":[{"width":720,"height":432,"url":"https:\/\/static.africa-press.net\/niger\/sites\/40\/2021\/08\/img-611f862d1067c.jpg","type":"image\/jpeg"}],"author":"cfeditorfr","twitter_card":"summary_large_image","twitter_misc":{"\u00c9crit par":"cfeditorfr","Dur\u00e9e de lecture estim\u00e9e":"3 minutes"},"schema":{"@context":"https:\/\/schema.org","@graph":[{"@type":"Article","@id":"https:\/\/www.africa-press.net\/niger\/toutes-les-actualites\/les-collectivites-territoriales-du-niger-partagent-a-zinder-leurs-experiences-en-matiere-de-migration#article","isPartOf":{"@id":"https:\/\/www.africa-press.net\/niger\/toutes-les-actualites\/les-collectivites-territoriales-du-niger-partagent-a-zinder-leurs-experiences-en-matiere-de-migration"},"author":{"name":"cfeditorfr","@id":"https:\/\/www.africa-press.net\/niger\/#\/schema\/person\/2b1cf3cd81a31e3cd26889ca66d677f1"},"headline":"Les collectivit\u00e9s territoriales du Niger partagent \u00e0 Zinder leurs exp\u00e9riences en mati\u00e8re de migration","datePublished":"2021-08-20T10:40:51+00:00","dateModified":"2021-08-20T19:59:26+00:00","mainEntityOfPage":{"@id":"https:\/\/www.africa-press.net\/niger\/toutes-les-actualites\/les-collectivites-territoriales-du-niger-partagent-a-zinder-leurs-experiences-en-matiere-de-migration"},"wordCount":831,"commentCount":0,"image":{"@id":"https:\/\/www.africa-press.net\/niger\/toutes-les-actualites\/les-collectivites-territoriales-du-niger-partagent-a-zinder-leurs-experiences-en-matiere-de-migration#primaryimage"},"thumbnailUrl":"https:\/\/static.africa-press.net\/niger\/sites\/40\/2021\/08\/img-611f862d1067c.jpg","keywords":["Africa Press","Africa Press-Niger","Niger"],"articleSection":["Communaut\u00e9","homepage-french","Toutes les actualit\u00e9s"],"inLanguage":"fr-FR","potentialAction":[{"@type":"CommentAction","name":"Comment","target":["https:\/\/www.africa-press.net\/niger\/toutes-les-actualites\/les-collectivites-territoriales-du-niger-partagent-a-zinder-leurs-experiences-en-matiere-de-migration#respond"]}]},{"@type":"WebPage","@id":"https:\/\/www.africa-press.net\/niger\/toutes-les-actualites\/les-collectivites-territoriales-du-niger-partagent-a-zinder-leurs-experiences-en-matiere-de-migration","url":"https:\/\/www.africa-press.net\/niger\/toutes-les-actualites\/les-collectivites-territoriales-du-niger-partagent-a-zinder-leurs-experiences-en-matiere-de-migration","name":"Les collectivit\u00e9s territoriales du Niger partagent \u00e0 Zinder leurs exp\u00e9riences en mati\u00e8re de migration - niger","isPartOf":{"@id":"https:\/\/www.africa-press.net\/niger\/#website"},"primaryImageOfPage":{"@id":"https:\/\/www.africa-press.net\/niger\/toutes-les-actualites\/les-collectivites-territoriales-du-niger-partagent-a-zinder-leurs-experiences-en-matiere-de-migration#primaryimage"},"image":{"@id":"https:\/\/www.africa-press.net\/niger\/toutes-les-actualites\/les-collectivites-territoriales-du-niger-partagent-a-zinder-leurs-experiences-en-matiere-de-migration#primaryimage"},"thumbnailUrl":"https:\/\/static.africa-press.net\/niger\/sites\/40\/2021\/08\/img-611f862d1067c.jpg","datePublished":"2021-08-20T10:40:51+00:00","dateModified":"2021-08-20T19:59:26+00:00","author":{"@id":"https:\/\/www.africa-press.net\/niger\/#\/schema\/person\/2b1cf3cd81a31e3cd26889ca66d677f1"},"description":", 18 Ao\u00fbt(ANP).La 3\u00e8 rencontre de partage d\u2019exp\u00e9riences des observatoires sur la migration des r\u00e9gions d'Agadez, Tahoua ...","breadcrumb":{"@id":"https:\/\/www.africa-press.net\/niger\/toutes-les-actualites\/les-collectivites-territoriales-du-niger-partagent-a-zinder-leurs-experiences-en-matiere-de-migration#breadcrumb"},"inLanguage":"fr-FR","potentialAction":[{"@type":"ReadAction","target":["https:\/\/www.africa-press.net\/niger\/toutes-les-actualites\/les-collectivites-territoriales-du-niger-partagent-a-zinder-leurs-experiences-en-matiere-de-migration"]}]},{"@type":"ImageObject","inLanguage":"fr-FR","@id":"https:\/\/www.africa-press.net\/niger\/toutes-les-actualites\/les-collectivites-territoriales-du-niger-partagent-a-zinder-leurs-experiences-en-matiere-de-migration#primaryimage","url":"https:\/\/static.africa-press.net\/niger\/sites\/40\/2021\/08\/img-611f862d1067c.jpg","contentUrl":"https:\/\/static.africa-press.net\/niger\/sites\/40\/2021\/08\/img-611f862d1067c.jpg","width":720,"height":432,"caption":"Les collectivit\u00e9s territoriales du Niger partagent \u00e0 Zinder leurs exp\u00e9riences en mati\u00e8re de migration"},{"@type":"BreadcrumbList","@id":"https:\/\/www.africa-press.net\/niger\/toutes-les-actualites\/les-collectivites-territoriales-du-niger-partagent-a-zinder-leurs-experiences-en-matiere-de-migration#breadcrumb","itemListElement":[{"@type":"ListItem","position":1,"name":"Accueil","item":"https:\/\/www.africa-press.net\/niger\/"},{"@type":"ListItem","position":2,"name":"Les collectivit\u00e9s territoriales du Niger partagent \u00e0 Zinder leurs exp\u00e9riences en mati\u00e8re de migration"}]},{"@type":"WebSite","@id":"https:\/\/www.africa-press.net\/niger\/#website","url":"https:\/\/www.africa-press.net\/niger\/","name":"niger","description":"Just another Africa News Agency Sites site","potentialAction":[{"@type":"SearchAction","target":{"@type":"EntryPoint","urlTemplate":"https:\/\/www.africa-press.net\/niger\/?s={search_term_string}"},"query-input":{"@type":"PropertyValueSpecification","valueRequired":true,"valueName":"search_term_string"}}],"inLanguage":"fr-FR"},{"@type":"Person","@id":"https:\/\/www.africa-press.net\/niger\/#\/schema\/person\/2b1cf3cd81a31e3cd26889ca66d677f1","name":"cfeditorfr"}]}},"_links":{"self":[{"href":"https:\/\/www.africa-press.net\/niger\/wp-json\/wp\/v2\/posts\/10359","targetHints":{"allow":["GET"]}}],"collection":[{"href":"https:\/\/www.africa-press.net\/niger\/wp-json\/wp\/v2\/posts"}],"about":[{"href":"https:\/\/www.africa-press.net\/niger\/wp-json\/wp\/v2\/types\/post"}],"author":[{"embeddable":true,"href":"https:\/\/www.africa-press.net\/niger\/wp-json\/wp\/v2\/users\/82"}],"replies":[{"embeddable":true,"href":"https:\/\/www.africa-press.net\/niger\/wp-json\/wp\/v2\/comments?post=10359"}],"version-history":[{"count":0,"href":"https:\/\/www.africa-press.net\/niger\/wp-json\/wp\/v2\/posts\/10359\/revisions"}],"wp:featuredmedia":[{"embeddable":true,"href":"https:\/\/www.africa-press.net\/niger\/wp-json\/wp\/v2\/media\/10358"}],"wp:attachment":[{"href":"https:\/\/www.africa-press.net\/niger\/wp-json\/wp\/v2\/media?parent=10359"}],"wp:term":[{"taxonomy":"category","embeddable":true,"href":"https:\/\/www.africa-press.net\/niger\/wp-json\/wp\/v2\/categories?post=10359"},{"taxonomy":"post_tag","embeddable":true,"href":"https:\/\/www.africa-press.net\/niger\/wp-json\/wp\/v2\/tags?post=10359"}],"curies":[{"name":"wp","href":"https:\/\/api.w.org\/{rel}","templated":true}]}}