{"id":10374,"date":"2021-08-20T11:29:33","date_gmt":"2021-08-20T11:29:33","guid":{"rendered":"https:\/\/www.africa-press.net\/niger\/?p=10374"},"modified":"2021-08-20T19:59:43","modified_gmt":"2021-08-20T19:59:43","slug":"niger-845-cas-de-cholera-detectes-dont-35-deces-dans-le-pays-entre-le-14-juillet-et-16-aout-2021-ministre-de-la-sante","status":"publish","type":"post","link":"https:\/\/www.africa-press.net\/niger\/toutes-les-actualites\/niger-845-cas-de-cholera-detectes-dont-35-deces-dans-le-pays-entre-le-14-juillet-et-16-aout-2021-ministre-de-la-sante","title":{"rendered":"845 cas de chol\u00e9ra d\u00e9tect\u00e9s dont 35 d\u00e9c\u00e8s dans le pays entre le 14 juillet et 16 ao\u00fbt 2021 (Ministre de la sant\u00e9)"},"content":{"rendered":"<p><span style=\"color: #ff6600\"><strong><a href=\"https:\/\/www.africa-press.net\/\">Africa-Press<\/a> &#8211; <a href=\"https:\/\/www.africa-press.net\/niger\">Niger<\/a>. <\/strong><\/span>La situation de l\u2019\u00e9pid\u00e9mie de chol\u00e9ra au Niger indique que pour la p\u00e9riode du 14 juillet au 16 Aout 2021 un total de 845 cas d\u00e9tect\u00e9s dans le pays dont 35 d\u00e9c\u00e8s pour un taux de l\u00e9talit\u00e9 de 4,2%, selon le minist\u00e8re de la sant\u00e9 publique et des affaires sociales.<\/p>\n<p>Notons que depuis quelques semaines, le Niger fait face \u00e0 des cas et des d\u00e9c\u00e8s de chol\u00e9ra r\u00e9partis dans six R\u00e9gions \u00e0 savoir Zinder, Maradi, Tillab\u00e9ry, Tahoua, Niamey, Dosso.<\/p>\n<p>\u2018\u2019Du 1er janvier au 16 Aout 2021, ils sont au total 845 cas qui ont \u00e9t\u00e9 notifi\u00e9s dont 821 cas de chol\u00e9ra avec 35 (5.7%) d\u00e9c\u00e8s\u2019\u2019, indique le Ministre de la sant\u00e9 publique, Dr Idi Illiassou<\/p>\n<p>Ils sont au total 22 Districts sanitaires (Dioundion, Gaya, Madarounfa, Maradi ville, Tessaoua, Guidan Roundji, Madaoua, Malbaza, Birni N\u2019Koni, Keita, Magaria, Mirriah, Dungass, Tanout, DTK, Tillab\u00e9ry : kollo, Niamey1, Niamey2, Niamey3, Niamey4 et Niamey5) \u00e0 d\u00e9clarer des cas de chol\u00e9ra dans six r\u00e9gions du pays.<\/p>\n<p>A cet effet, le Minist\u00e8re conseille les populations \u00e0 observer des mesures dont le recourt aux services de sant\u00e9 devant tout cas pr\u00e9sentant les signes de suspicion de chol\u00e9ra \u00e0 savoir la diarrh\u00e9e, les vomissements, la d\u00e9shydratation ; utiliser les toilettes et \u00e0 d\u00e9faut proc\u00e9der \u00e0 l\u2019enfouissement des selles ; ou encore consommer l\u2019eau potable ou l\u2019eau trait\u00e9e avec des d\u00e9sinfectants (eau de javel, aquatab, comprim\u00e9 de PUR) ; laver r\u00e9guli\u00e8rement les mains \u00e0 l\u2019eau et au savon surtout avant et apr\u00e8s les repas.<\/p>\n<p>Le Ministre de la Sant\u00e9 Publique conseille, en outre, de laver r\u00e9guli\u00e8rement les mains apr\u00e8s les toilettes, de consommer les aliments suffisamment cuits, de conserver les denr\u00e9es alimentaires dans les r\u00e9cipients \u00e0 couvercle, de d\u00e9sinfecter les aliments crus avant leur consommation.<\/p>\n","protected":false},"excerpt":{"rendered":"<p>Africa-Press &#8211; Niger. La situation de l\u2019\u00e9pid\u00e9mie de chol\u00e9ra au Niger indique que pour la p\u00e9riode du 14 juillet au 16 Aout 2021 un total de 845 cas d\u00e9tect\u00e9s dans le pays dont 35 d\u00e9c\u00e8s pour un taux de l\u00e9talit\u00e9 de 4,2%, selon le minist\u00e8re de la sant\u00e9 publique et des affaires sociales. Notons que [&hellip;]<\/p>\n","protected":false},"author":82,"featured_media":10373,"comment_status":"open","ping_status":"closed","sticky":false,"template":"","format":"standard","meta":{"footnotes":""},"categories":[21,11,10],"tags":[55,60,29],"class_list":["post-10374","post","type-post","status-publish","format-standard","has-post-thumbnail","hentry","category-communaute","category-homepage-french","category-toutes-les-actualites","tag-africa-press","tag-africa-press-niger","tag-niger"],"yoast_head":"<!-- This site is optimized with the Yoast SEO Premium plugin v26.1 (Yoast SEO v27.0) - https:\/\/yoast.com\/product\/yoast-seo-premium-wordpress\/ -->\n<title>845 cas de chol\u00e9ra d\u00e9tect\u00e9s dont 35 d\u00e9c\u00e8s dans le pays entre le 14 juillet et 16 ao\u00fbt 2021 (Ministre de la sant\u00e9) - niger<\/title>\n<meta name=\"description\" content=\"La situation de l\u2019\u00e9pid\u00e9mie de chol\u00e9ra au Niger indique que pour la p\u00e9riode du 14 juillet au 16 Aout 2021 un total de 845 ...\" \/>\n<meta name=\"robots\" content=\"index, follow, max-snippet:-1, max-image-preview:large, max-video-preview:-1\" \/>\n<link rel=\"canonical\" href=\"https:\/\/www.africa-press.net\/niger\/toutes-les-actualites\/niger-845-cas-de-cholera-detectes-dont-35-deces-dans-le-pays-entre-le-14-juillet-et-16-aout-2021-ministre-de-la-sante\" \/>\n<meta property=\"og:locale\" content=\"fr_FR\" \/>\n<meta property=\"og:type\" content=\"article\" \/>\n<meta property=\"og:title\" content=\"845 cas de chol\u00e9ra d\u00e9tect\u00e9s dont 35 d\u00e9c\u00e8s dans le pays entre le 14 juillet et 16 ao\u00fbt 2021 (Ministre de la sant\u00e9)\" \/>\n<meta property=\"og:description\" content=\"La situation de l\u2019\u00e9pid\u00e9mie de chol\u00e9ra au Niger indique que pour la p\u00e9riode du 14 juillet au 16 Aout 2021 un total de 845 ...\" \/>\n<meta property=\"og:url\" content=\"https:\/\/www.africa-press.net\/niger\/toutes-les-actualites\/niger-845-cas-de-cholera-detectes-dont-35-deces-dans-le-pays-entre-le-14-juillet-et-16-aout-2021-ministre-de-la-sante\" \/>\n<meta property=\"og:site_name\" content=\"niger\" \/>\n<meta property=\"article:published_time\" content=\"2021-08-20T11:29:33+00:00\" \/>\n<meta property=\"article:modified_time\" content=\"2021-08-20T19:59:43+00:00\" \/>\n<meta property=\"og:image\" content=\"https:\/\/static.africa-press.net\/niger\/sites\/40\/2021\/08\/img-611f88e55fb1a.jpg\" \/>\n\t<meta property=\"og:image:width\" content=\"720\" \/>\n\t<meta property=\"og:image:height\" content=\"720\" \/>\n\t<meta property=\"og:image:type\" content=\"image\/jpeg\" \/>\n<meta name=\"author\" content=\"cfeditorfr\" \/>\n<meta name=\"twitter:card\" content=\"summary_large_image\" \/>\n<meta name=\"twitter:label1\" content=\"\u00c9crit par\" \/>\n\t<meta name=\"twitter:data1\" content=\"cfeditorfr\" \/>\n\t<meta name=\"twitter:label2\" content=\"Dur\u00e9e de lecture estim\u00e9e\" \/>\n\t<meta name=\"twitter:data2\" content=\"2 minutes\" \/>\n<script type=\"application\/ld+json\" class=\"yoast-schema-graph\">{\"@context\":\"https:\/\/schema.org\",\"@graph\":[{\"@type\":\"Article\",\"@id\":\"https:\/\/www.africa-press.net\/niger\/toutes-les-actualites\/niger-845-cas-de-cholera-detectes-dont-35-deces-dans-le-pays-entre-le-14-juillet-et-16-aout-2021-ministre-de-la-sante#article\",\"isPartOf\":{\"@id\":\"https:\/\/www.africa-press.net\/niger\/toutes-les-actualites\/niger-845-cas-de-cholera-detectes-dont-35-deces-dans-le-pays-entre-le-14-juillet-et-16-aout-2021-ministre-de-la-sante\"},\"author\":{\"name\":\"cfeditorfr\",\"@id\":\"https:\/\/www.africa-press.net\/niger\/#\/schema\/person\/2b1cf3cd81a31e3cd26889ca66d677f1\"},\"headline\":\"845 cas de chol\u00e9ra d\u00e9tect\u00e9s dont 35 d\u00e9c\u00e8s dans le pays entre le 14 juillet et 16 ao\u00fbt 2021 (Ministre de la sant\u00e9)\",\"datePublished\":\"2021-08-20T11:29:33+00:00\",\"dateModified\":\"2021-08-20T19:59:43+00:00\",\"mainEntityOfPage\":{\"@id\":\"https:\/\/www.africa-press.net\/niger\/toutes-les-actualites\/niger-845-cas-de-cholera-detectes-dont-35-deces-dans-le-pays-entre-le-14-juillet-et-16-aout-2021-ministre-de-la-sante\"},\"wordCount\":333,\"commentCount\":0,\"image\":{\"@id\":\"https:\/\/www.africa-press.net\/niger\/toutes-les-actualites\/niger-845-cas-de-cholera-detectes-dont-35-deces-dans-le-pays-entre-le-14-juillet-et-16-aout-2021-ministre-de-la-sante#primaryimage\"},\"thumbnailUrl\":\"https:\/\/static.africa-press.net\/niger\/sites\/40\/2021\/08\/img-611f88e55fb1a.jpg\",\"keywords\":[\"Africa Press\",\"Africa Press-Niger\",\"Niger\"],\"articleSection\":[\"Communaut\u00e9\",\"homepage-french\",\"Toutes les actualit\u00e9s\"],\"inLanguage\":\"fr-FR\",\"potentialAction\":[{\"@type\":\"CommentAction\",\"name\":\"Comment\",\"target\":[\"https:\/\/www.africa-press.net\/niger\/toutes-les-actualites\/niger-845-cas-de-cholera-detectes-dont-35-deces-dans-le-pays-entre-le-14-juillet-et-16-aout-2021-ministre-de-la-sante#respond\"]}]},{\"@type\":\"WebPage\",\"@id\":\"https:\/\/www.africa-press.net\/niger\/toutes-les-actualites\/niger-845-cas-de-cholera-detectes-dont-35-deces-dans-le-pays-entre-le-14-juillet-et-16-aout-2021-ministre-de-la-sante\",\"url\":\"https:\/\/www.africa-press.net\/niger\/toutes-les-actualites\/niger-845-cas-de-cholera-detectes-dont-35-deces-dans-le-pays-entre-le-14-juillet-et-16-aout-2021-ministre-de-la-sante\",\"name\":\"845 cas de chol\u00e9ra d\u00e9tect\u00e9s dont 35 d\u00e9c\u00e8s dans le pays entre le 14 juillet et 16 ao\u00fbt 2021 (Ministre de la sant\u00e9) - niger\",\"isPartOf\":{\"@id\":\"https:\/\/www.africa-press.net\/niger\/#website\"},\"primaryImageOfPage\":{\"@id\":\"https:\/\/www.africa-press.net\/niger\/toutes-les-actualites\/niger-845-cas-de-cholera-detectes-dont-35-deces-dans-le-pays-entre-le-14-juillet-et-16-aout-2021-ministre-de-la-sante#primaryimage\"},\"image\":{\"@id\":\"https:\/\/www.africa-press.net\/niger\/toutes-les-actualites\/niger-845-cas-de-cholera-detectes-dont-35-deces-dans-le-pays-entre-le-14-juillet-et-16-aout-2021-ministre-de-la-sante#primaryimage\"},\"thumbnailUrl\":\"https:\/\/static.africa-press.net\/niger\/sites\/40\/2021\/08\/img-611f88e55fb1a.jpg\",\"datePublished\":\"2021-08-20T11:29:33+00:00\",\"dateModified\":\"2021-08-20T19:59:43+00:00\",\"author\":{\"@id\":\"https:\/\/www.africa-press.net\/niger\/#\/schema\/person\/2b1cf3cd81a31e3cd26889ca66d677f1\"},\"description\":\"La situation de l\u2019\u00e9pid\u00e9mie de chol\u00e9ra au Niger indique que pour la p\u00e9riode du 14 juillet au 16 Aout 2021 un total de 845 ...\",\"breadcrumb\":{\"@id\":\"https:\/\/www.africa-press.net\/niger\/toutes-les-actualites\/niger-845-cas-de-cholera-detectes-dont-35-deces-dans-le-pays-entre-le-14-juillet-et-16-aout-2021-ministre-de-la-sante#breadcrumb\"},\"inLanguage\":\"fr-FR\",\"potentialAction\":[{\"@type\":\"ReadAction\",\"target\":[\"https:\/\/www.africa-press.net\/niger\/toutes-les-actualites\/niger-845-cas-de-cholera-detectes-dont-35-deces-dans-le-pays-entre-le-14-juillet-et-16-aout-2021-ministre-de-la-sante\"]}]},{\"@type\":\"ImageObject\",\"inLanguage\":\"fr-FR\",\"@id\":\"https:\/\/www.africa-press.net\/niger\/toutes-les-actualites\/niger-845-cas-de-cholera-detectes-dont-35-deces-dans-le-pays-entre-le-14-juillet-et-16-aout-2021-ministre-de-la-sante#primaryimage\",\"url\":\"https:\/\/static.africa-press.net\/niger\/sites\/40\/2021\/08\/img-611f88e55fb1a.jpg\",\"contentUrl\":\"https:\/\/static.africa-press.net\/niger\/sites\/40\/2021\/08\/img-611f88e55fb1a.jpg\",\"width\":720,\"height\":720,\"caption\":\"Niger : 845 cas de chol\u00e9ra d\u00e9tect\u00e9s dont 35 d\u00e9c\u00e8s dans le pays entre le 14 juillet et 16 ao\u00fbt 2021 (Ministre de la sant\u00e9)\"},{\"@type\":\"BreadcrumbList\",\"@id\":\"https:\/\/www.africa-press.net\/niger\/toutes-les-actualites\/niger-845-cas-de-cholera-detectes-dont-35-deces-dans-le-pays-entre-le-14-juillet-et-16-aout-2021-ministre-de-la-sante#breadcrumb\",\"itemListElement\":[{\"@type\":\"ListItem\",\"position\":1,\"name\":\"Accueil\",\"item\":\"https:\/\/www.africa-press.net\/niger\/\"},{\"@type\":\"ListItem\",\"position\":2,\"name\":\"845 cas de chol\u00e9ra d\u00e9tect\u00e9s dont 35 d\u00e9c\u00e8s dans le pays entre le 14 juillet et 16 ao\u00fbt 2021 (Ministre de la sant\u00e9)\"}]},{\"@type\":\"WebSite\",\"@id\":\"https:\/\/www.africa-press.net\/niger\/#website\",\"url\":\"https:\/\/www.africa-press.net\/niger\/\",\"name\":\"niger\",\"description\":\"Just another Africa News Agency Sites site\",\"potentialAction\":[{\"@type\":\"SearchAction\",\"target\":{\"@type\":\"EntryPoint\",\"urlTemplate\":\"https:\/\/www.africa-press.net\/niger\/?s={search_term_string}\"},\"query-input\":{\"@type\":\"PropertyValueSpecification\",\"valueRequired\":true,\"valueName\":\"search_term_string\"}}],\"inLanguage\":\"fr-FR\"},{\"@type\":\"Person\",\"@id\":\"https:\/\/www.africa-press.net\/niger\/#\/schema\/person\/2b1cf3cd81a31e3cd26889ca66d677f1\",\"name\":\"cfeditorfr\"}]}<\/script>\n<!-- \/ Yoast SEO Premium plugin. -->","yoast_head_json":{"title":"845 cas de chol\u00e9ra d\u00e9tect\u00e9s dont 35 d\u00e9c\u00e8s dans le pays entre le 14 juillet et 16 ao\u00fbt 2021 (Ministre de la sant\u00e9) - niger","description":"La situation de l\u2019\u00e9pid\u00e9mie de chol\u00e9ra au Niger indique que pour la p\u00e9riode du 14 juillet au 16 Aout 2021 un total de 845 ...","robots":{"index":"index","follow":"follow","max-snippet":"max-snippet:-1","max-image-preview":"max-image-preview:large","max-video-preview":"max-video-preview:-1"},"canonical":"https:\/\/www.africa-press.net\/niger\/toutes-les-actualites\/niger-845-cas-de-cholera-detectes-dont-35-deces-dans-le-pays-entre-le-14-juillet-et-16-aout-2021-ministre-de-la-sante","og_locale":"fr_FR","og_type":"article","og_title":"845 cas de chol\u00e9ra d\u00e9tect\u00e9s dont 35 d\u00e9c\u00e8s dans le pays entre le 14 juillet et 16 ao\u00fbt 2021 (Ministre de la sant\u00e9)","og_description":"La situation de l\u2019\u00e9pid\u00e9mie de chol\u00e9ra au Niger indique que pour la p\u00e9riode du 14 juillet au 16 Aout 2021 un total de 845 ...","og_url":"https:\/\/www.africa-press.net\/niger\/toutes-les-actualites\/niger-845-cas-de-cholera-detectes-dont-35-deces-dans-le-pays-entre-le-14-juillet-et-16-aout-2021-ministre-de-la-sante","og_site_name":"niger","article_published_time":"2021-08-20T11:29:33+00:00","article_modified_time":"2021-08-20T19:59:43+00:00","og_image":[{"width":720,"height":720,"url":"https:\/\/static.africa-press.net\/niger\/sites\/40\/2021\/08\/img-611f88e55fb1a.jpg","type":"image\/jpeg"}],"author":"cfeditorfr","twitter_card":"summary_large_image","twitter_misc":{"\u00c9crit par":"cfeditorfr","Dur\u00e9e de lecture estim\u00e9e":"2 minutes"},"schema":{"@context":"https:\/\/schema.org","@graph":[{"@type":"Article","@id":"https:\/\/www.africa-press.net\/niger\/toutes-les-actualites\/niger-845-cas-de-cholera-detectes-dont-35-deces-dans-le-pays-entre-le-14-juillet-et-16-aout-2021-ministre-de-la-sante#article","isPartOf":{"@id":"https:\/\/www.africa-press.net\/niger\/toutes-les-actualites\/niger-845-cas-de-cholera-detectes-dont-35-deces-dans-le-pays-entre-le-14-juillet-et-16-aout-2021-ministre-de-la-sante"},"author":{"name":"cfeditorfr","@id":"https:\/\/www.africa-press.net\/niger\/#\/schema\/person\/2b1cf3cd81a31e3cd26889ca66d677f1"},"headline":"845 cas de chol\u00e9ra d\u00e9tect\u00e9s dont 35 d\u00e9c\u00e8s dans le pays entre le 14 juillet et 16 ao\u00fbt 2021 (Ministre de la sant\u00e9)","datePublished":"2021-08-20T11:29:33+00:00","dateModified":"2021-08-20T19:59:43+00:00","mainEntityOfPage":{"@id":"https:\/\/www.africa-press.net\/niger\/toutes-les-actualites\/niger-845-cas-de-cholera-detectes-dont-35-deces-dans-le-pays-entre-le-14-juillet-et-16-aout-2021-ministre-de-la-sante"},"wordCount":333,"commentCount":0,"image":{"@id":"https:\/\/www.africa-press.net\/niger\/toutes-les-actualites\/niger-845-cas-de-cholera-detectes-dont-35-deces-dans-le-pays-entre-le-14-juillet-et-16-aout-2021-ministre-de-la-sante#primaryimage"},"thumbnailUrl":"https:\/\/static.africa-press.net\/niger\/sites\/40\/2021\/08\/img-611f88e55fb1a.jpg","keywords":["Africa Press","Africa Press-Niger","Niger"],"articleSection":["Communaut\u00e9","homepage-french","Toutes les actualit\u00e9s"],"inLanguage":"fr-FR","potentialAction":[{"@type":"CommentAction","name":"Comment","target":["https:\/\/www.africa-press.net\/niger\/toutes-les-actualites\/niger-845-cas-de-cholera-detectes-dont-35-deces-dans-le-pays-entre-le-14-juillet-et-16-aout-2021-ministre-de-la-sante#respond"]}]},{"@type":"WebPage","@id":"https:\/\/www.africa-press.net\/niger\/toutes-les-actualites\/niger-845-cas-de-cholera-detectes-dont-35-deces-dans-le-pays-entre-le-14-juillet-et-16-aout-2021-ministre-de-la-sante","url":"https:\/\/www.africa-press.net\/niger\/toutes-les-actualites\/niger-845-cas-de-cholera-detectes-dont-35-deces-dans-le-pays-entre-le-14-juillet-et-16-aout-2021-ministre-de-la-sante","name":"845 cas de chol\u00e9ra d\u00e9tect\u00e9s dont 35 d\u00e9c\u00e8s dans le pays entre le 14 juillet et 16 ao\u00fbt 2021 (Ministre de la sant\u00e9) - niger","isPartOf":{"@id":"https:\/\/www.africa-press.net\/niger\/#website"},"primaryImageOfPage":{"@id":"https:\/\/www.africa-press.net\/niger\/toutes-les-actualites\/niger-845-cas-de-cholera-detectes-dont-35-deces-dans-le-pays-entre-le-14-juillet-et-16-aout-2021-ministre-de-la-sante#primaryimage"},"image":{"@id":"https:\/\/www.africa-press.net\/niger\/toutes-les-actualites\/niger-845-cas-de-cholera-detectes-dont-35-deces-dans-le-pays-entre-le-14-juillet-et-16-aout-2021-ministre-de-la-sante#primaryimage"},"thumbnailUrl":"https:\/\/static.africa-press.net\/niger\/sites\/40\/2021\/08\/img-611f88e55fb1a.jpg","datePublished":"2021-08-20T11:29:33+00:00","dateModified":"2021-08-20T19:59:43+00:00","author":{"@id":"https:\/\/www.africa-press.net\/niger\/#\/schema\/person\/2b1cf3cd81a31e3cd26889ca66d677f1"},"description":"La situation de l\u2019\u00e9pid\u00e9mie de chol\u00e9ra au Niger indique que pour la p\u00e9riode du 14 juillet au 16 Aout 2021 un total de 845 ...","breadcrumb":{"@id":"https:\/\/www.africa-press.net\/niger\/toutes-les-actualites\/niger-845-cas-de-cholera-detectes-dont-35-deces-dans-le-pays-entre-le-14-juillet-et-16-aout-2021-ministre-de-la-sante#breadcrumb"},"inLanguage":"fr-FR","potentialAction":[{"@type":"ReadAction","target":["https:\/\/www.africa-press.net\/niger\/toutes-les-actualites\/niger-845-cas-de-cholera-detectes-dont-35-deces-dans-le-pays-entre-le-14-juillet-et-16-aout-2021-ministre-de-la-sante"]}]},{"@type":"ImageObject","inLanguage":"fr-FR","@id":"https:\/\/www.africa-press.net\/niger\/toutes-les-actualites\/niger-845-cas-de-cholera-detectes-dont-35-deces-dans-le-pays-entre-le-14-juillet-et-16-aout-2021-ministre-de-la-sante#primaryimage","url":"https:\/\/static.africa-press.net\/niger\/sites\/40\/2021\/08\/img-611f88e55fb1a.jpg","contentUrl":"https:\/\/static.africa-press.net\/niger\/sites\/40\/2021\/08\/img-611f88e55fb1a.jpg","width":720,"height":720,"caption":"Niger : 845 cas de chol\u00e9ra d\u00e9tect\u00e9s dont 35 d\u00e9c\u00e8s dans le pays entre le 14 juillet et 16 ao\u00fbt 2021 (Ministre de la sant\u00e9)"},{"@type":"BreadcrumbList","@id":"https:\/\/www.africa-press.net\/niger\/toutes-les-actualites\/niger-845-cas-de-cholera-detectes-dont-35-deces-dans-le-pays-entre-le-14-juillet-et-16-aout-2021-ministre-de-la-sante#breadcrumb","itemListElement":[{"@type":"ListItem","position":1,"name":"Accueil","item":"https:\/\/www.africa-press.net\/niger\/"},{"@type":"ListItem","position":2,"name":"845 cas de chol\u00e9ra d\u00e9tect\u00e9s dont 35 d\u00e9c\u00e8s dans le pays entre le 14 juillet et 16 ao\u00fbt 2021 (Ministre de la sant\u00e9)"}]},{"@type":"WebSite","@id":"https:\/\/www.africa-press.net\/niger\/#website","url":"https:\/\/www.africa-press.net\/niger\/","name":"niger","description":"Just another Africa News Agency Sites site","potentialAction":[{"@type":"SearchAction","target":{"@type":"EntryPoint","urlTemplate":"https:\/\/www.africa-press.net\/niger\/?s={search_term_string}"},"query-input":{"@type":"PropertyValueSpecification","valueRequired":true,"valueName":"search_term_string"}}],"inLanguage":"fr-FR"},{"@type":"Person","@id":"https:\/\/www.africa-press.net\/niger\/#\/schema\/person\/2b1cf3cd81a31e3cd26889ca66d677f1","name":"cfeditorfr"}]}},"_links":{"self":[{"href":"https:\/\/www.africa-press.net\/niger\/wp-json\/wp\/v2\/posts\/10374","targetHints":{"allow":["GET"]}}],"collection":[{"href":"https:\/\/www.africa-press.net\/niger\/wp-json\/wp\/v2\/posts"}],"about":[{"href":"https:\/\/www.africa-press.net\/niger\/wp-json\/wp\/v2\/types\/post"}],"author":[{"embeddable":true,"href":"https:\/\/www.africa-press.net\/niger\/wp-json\/wp\/v2\/users\/82"}],"replies":[{"embeddable":true,"href":"https:\/\/www.africa-press.net\/niger\/wp-json\/wp\/v2\/comments?post=10374"}],"version-history":[{"count":0,"href":"https:\/\/www.africa-press.net\/niger\/wp-json\/wp\/v2\/posts\/10374\/revisions"}],"wp:featuredmedia":[{"embeddable":true,"href":"https:\/\/www.africa-press.net\/niger\/wp-json\/wp\/v2\/media\/10373"}],"wp:attachment":[{"href":"https:\/\/www.africa-press.net\/niger\/wp-json\/wp\/v2\/media?parent=10374"}],"wp:term":[{"taxonomy":"category","embeddable":true,"href":"https:\/\/www.africa-press.net\/niger\/wp-json\/wp\/v2\/categories?post=10374"},{"taxonomy":"post_tag","embeddable":true,"href":"https:\/\/www.africa-press.net\/niger\/wp-json\/wp\/v2\/tags?post=10374"}],"curies":[{"name":"wp","href":"https:\/\/api.w.org\/{rel}","templated":true}]}}