{"id":10377,"date":"2021-08-20T11:38:11","date_gmt":"2021-08-20T11:38:11","guid":{"rendered":"https:\/\/www.africa-press.net\/niger\/?p=10377"},"modified":"2021-08-20T19:59:49","modified_gmt":"2021-08-20T19:59:49","slug":"agadez-reunion-preparatoire-de-la-cure-salee-edition-2021","status":"publish","type":"post","link":"https:\/\/www.africa-press.net\/niger\/toutes-les-actualites\/agadez-reunion-preparatoire-de-la-cure-salee-edition-2021","title":{"rendered":"Agadez\u00a0: R\u00e9union pr\u00e9paratoire de la Cure sal\u00e9e, \u00e9dition 2021"},"content":{"rendered":"<p><span style=\"color: #ff6600\"><strong><a href=\"https:\/\/www.africa-press.net\/\">Africa-Press<\/a> &#8211; <a href=\"https:\/\/www.africa-press.net\/niger\">Niger<\/a>. <\/strong><\/span>Le gouverneur de la r\u00e9gion d\u2019Agadez, M. Sadou Salok\u00e9 a pr\u00e9sid\u00e9, ce jeudi 19 ao\u00fbt 2021, la r\u00e9union pr\u00e9paratoire de la Cure sal\u00e9e, \u00e9dition2021.<\/p>\n<p>Apres avoir \u00e9t\u00e9 suspendue 2 ans durant en raison de la pand\u00e9mie du COVID 19, la Cure Sal\u00e9e se tiendra dans la deuxi\u00e8me semaine du mois de septembre \u00e0 In \u2018gall (R\u00e9gion d\u2019Agadez). Les ann\u00e9es ant\u00e9rieures, ce sont des milliers d\u2019\u00e9leveurs, d\u2019horizons divers, qui vont se donner rendez-vous sur les terres sal\u00e9es de l\u2019Irhazer \u00e0 l\u2019occasion de cette importante manifestation du monde rural.<\/p>\n<p>\u2018\u2019En effet, c\u2019est suite \u00e0 une r\u00e9clamation des populations et des autorit\u00e9s r\u00e9gionales que le gouvernement a accept\u00e9 de donner son accord quant \u00e0 la tenue de la Cure Sal\u00e9e, \u00e9dition2021\u2019\u2019, a annonc\u00e9, \u00e0 cette occasion, le gouverneur de la r\u00e9gion d\u2019Agadez, M. Sadou Salok\u00e9 .<\/p>\n<p>\u2018\u2019Le budget de le Cure Sal\u00e9e, 120 millions de FCFA est insuffisant\u2019\u2019, selon M. Sadou Salok\u00e9 qui a estim\u00e9 que \u2018\u2019chacun doit s\u2019investir pour la r\u00e9ussite de cette f\u00eate des \u00e9leveurs\u2019\u2019.<\/p>\n<p>\u2018\u2019Ce grand rassemblement des agropasteurs du Niger est r\u00e9put\u00e9 comme l\u2019\u00e9v\u00e9nement annuel le plus embl\u00e9matique de toutes les activit\u00e9s du secteur de l\u2019\u00e9levage de part l\u2019importance de la mobilisation qu\u2019elle suscite mais \u00e9galement du cadre d\u2019\u00e9change et de coop\u00e9ration qu\u2019elle offre \u00e0 tous les acteurs et \u00e0 leurs partenaires et \u00e9valuer l\u2019importance dudit secteur dans la dynamique du d\u00e9veloppement de notre pays\u2019\u2019 a indiqu\u00e9 M. Sadou Salok\u00e9 .<\/p>\n<p>Au Niger l\u2019\u00e9levage constitue l\u2019une des principales composantes de l\u2019\u00e9conomie de notre pays avec un capital cheptel d\u2019environ soixante-dix (70)millions de t\u00eates de b\u00e9tail, toutes esp\u00e8ces confondues (15% du PIB national) et occupe pleinement ou partiellement plus de 87% de la population active du pays, indique-t-on.<\/p>\n","protected":false},"excerpt":{"rendered":"<p>Africa-Press &#8211; Niger. Le gouverneur de la r\u00e9gion d\u2019Agadez, M. Sadou Salok\u00e9 a pr\u00e9sid\u00e9, ce jeudi 19 ao\u00fbt 2021, la r\u00e9union pr\u00e9paratoire de la Cure sal\u00e9e, \u00e9dition2021. Apres avoir \u00e9t\u00e9 suspendue 2 ans durant en raison de la pand\u00e9mie du COVID 19, la Cure Sal\u00e9e se tiendra dans la deuxi\u00e8me semaine du mois de septembre [&hellip;]<\/p>\n","protected":false},"author":82,"featured_media":10376,"comment_status":"open","ping_status":"closed","sticky":false,"template":"","format":"standard","meta":{"footnotes":""},"categories":[21,11,10],"tags":[55,60,29],"class_list":["post-10377","post","type-post","status-publish","format-standard","has-post-thumbnail","hentry","category-communaute","category-homepage-french","category-toutes-les-actualites","tag-africa-press","tag-africa-press-niger","tag-niger"],"yoast_head":"<!-- This site is optimized with the Yoast SEO Premium plugin v26.1 (Yoast SEO v27.0) - https:\/\/yoast.com\/product\/yoast-seo-premium-wordpress\/ -->\n<title>Agadez\u00a0: R\u00e9union pr\u00e9paratoire de la Cure sal\u00e9e, \u00e9dition 2021 - niger<\/title>\n<meta name=\"description\" content=\"Le gouverneur de la r\u00e9gion d\u2019Agadez, M. Sadou Salok\u00e9 a pr\u00e9sid\u00e9, ce jeudi 19 ao\u00fbt 2021, la r\u00e9union pr\u00e9paratoire de la Cur ...\" \/>\n<meta name=\"robots\" content=\"index, follow, max-snippet:-1, max-image-preview:large, max-video-preview:-1\" \/>\n<link rel=\"canonical\" href=\"https:\/\/www.africa-press.net\/niger\/toutes-les-actualites\/agadez-reunion-preparatoire-de-la-cure-salee-edition-2021\" \/>\n<meta property=\"og:locale\" content=\"fr_FR\" \/>\n<meta property=\"og:type\" content=\"article\" \/>\n<meta property=\"og:title\" content=\"Agadez\u00a0: R\u00e9union pr\u00e9paratoire de la Cure sal\u00e9e, \u00e9dition 2021\" \/>\n<meta property=\"og:description\" content=\"Le gouverneur de la r\u00e9gion d\u2019Agadez, M. Sadou Salok\u00e9 a pr\u00e9sid\u00e9, ce jeudi 19 ao\u00fbt 2021, la r\u00e9union pr\u00e9paratoire de la Cur ...\" \/>\n<meta property=\"og:url\" content=\"https:\/\/www.africa-press.net\/niger\/toutes-les-actualites\/agadez-reunion-preparatoire-de-la-cure-salee-edition-2021\" \/>\n<meta property=\"og:site_name\" content=\"niger\" \/>\n<meta property=\"article:published_time\" content=\"2021-08-20T11:38:11+00:00\" \/>\n<meta property=\"article:modified_time\" content=\"2021-08-20T19:59:49+00:00\" \/>\n<meta property=\"og:image\" content=\"https:\/\/static.africa-press.net\/niger\/sites\/40\/2021\/08\/img-611f894cf3566.jpg\" \/>\n\t<meta property=\"og:image:width\" content=\"720\" \/>\n\t<meta property=\"og:image:height\" content=\"479\" \/>\n\t<meta property=\"og:image:type\" content=\"image\/jpeg\" \/>\n<meta name=\"author\" content=\"cfeditorfr\" \/>\n<meta name=\"twitter:card\" content=\"summary_large_image\" \/>\n<meta name=\"twitter:label1\" content=\"\u00c9crit par\" \/>\n\t<meta name=\"twitter:data1\" content=\"cfeditorfr\" \/>\n\t<meta name=\"twitter:label2\" content=\"Dur\u00e9e de lecture estim\u00e9e\" \/>\n\t<meta name=\"twitter:data2\" content=\"2 minutes\" \/>\n<script type=\"application\/ld+json\" class=\"yoast-schema-graph\">{\"@context\":\"https:\/\/schema.org\",\"@graph\":[{\"@type\":\"Article\",\"@id\":\"https:\/\/www.africa-press.net\/niger\/toutes-les-actualites\/agadez-reunion-preparatoire-de-la-cure-salee-edition-2021#article\",\"isPartOf\":{\"@id\":\"https:\/\/www.africa-press.net\/niger\/toutes-les-actualites\/agadez-reunion-preparatoire-de-la-cure-salee-edition-2021\"},\"author\":{\"name\":\"cfeditorfr\",\"@id\":\"https:\/\/www.africa-press.net\/niger\/#\/schema\/person\/2b1cf3cd81a31e3cd26889ca66d677f1\"},\"headline\":\"Agadez\u00a0: R\u00e9union pr\u00e9paratoire de la Cure sal\u00e9e, \u00e9dition 2021\",\"datePublished\":\"2021-08-20T11:38:11+00:00\",\"dateModified\":\"2021-08-20T19:59:49+00:00\",\"mainEntityOfPage\":{\"@id\":\"https:\/\/www.africa-press.net\/niger\/toutes-les-actualites\/agadez-reunion-preparatoire-de-la-cure-salee-edition-2021\"},\"wordCount\":326,\"commentCount\":0,\"image\":{\"@id\":\"https:\/\/www.africa-press.net\/niger\/toutes-les-actualites\/agadez-reunion-preparatoire-de-la-cure-salee-edition-2021#primaryimage\"},\"thumbnailUrl\":\"https:\/\/static.africa-press.net\/niger\/sites\/40\/2021\/08\/img-611f894cf3566.jpg\",\"keywords\":[\"Africa Press\",\"Africa Press-Niger\",\"Niger\"],\"articleSection\":[\"Communaut\u00e9\",\"homepage-french\",\"Toutes les actualit\u00e9s\"],\"inLanguage\":\"fr-FR\",\"potentialAction\":[{\"@type\":\"CommentAction\",\"name\":\"Comment\",\"target\":[\"https:\/\/www.africa-press.net\/niger\/toutes-les-actualites\/agadez-reunion-preparatoire-de-la-cure-salee-edition-2021#respond\"]}]},{\"@type\":\"WebPage\",\"@id\":\"https:\/\/www.africa-press.net\/niger\/toutes-les-actualites\/agadez-reunion-preparatoire-de-la-cure-salee-edition-2021\",\"url\":\"https:\/\/www.africa-press.net\/niger\/toutes-les-actualites\/agadez-reunion-preparatoire-de-la-cure-salee-edition-2021\",\"name\":\"Agadez\u00a0: R\u00e9union pr\u00e9paratoire de la Cure sal\u00e9e, \u00e9dition 2021 - niger\",\"isPartOf\":{\"@id\":\"https:\/\/www.africa-press.net\/niger\/#website\"},\"primaryImageOfPage\":{\"@id\":\"https:\/\/www.africa-press.net\/niger\/toutes-les-actualites\/agadez-reunion-preparatoire-de-la-cure-salee-edition-2021#primaryimage\"},\"image\":{\"@id\":\"https:\/\/www.africa-press.net\/niger\/toutes-les-actualites\/agadez-reunion-preparatoire-de-la-cure-salee-edition-2021#primaryimage\"},\"thumbnailUrl\":\"https:\/\/static.africa-press.net\/niger\/sites\/40\/2021\/08\/img-611f894cf3566.jpg\",\"datePublished\":\"2021-08-20T11:38:11+00:00\",\"dateModified\":\"2021-08-20T19:59:49+00:00\",\"author\":{\"@id\":\"https:\/\/www.africa-press.net\/niger\/#\/schema\/person\/2b1cf3cd81a31e3cd26889ca66d677f1\"},\"description\":\"Le gouverneur de la r\u00e9gion d\u2019Agadez, M. Sadou Salok\u00e9 a pr\u00e9sid\u00e9, ce jeudi 19 ao\u00fbt 2021, la r\u00e9union pr\u00e9paratoire de la Cur ...\",\"breadcrumb\":{\"@id\":\"https:\/\/www.africa-press.net\/niger\/toutes-les-actualites\/agadez-reunion-preparatoire-de-la-cure-salee-edition-2021#breadcrumb\"},\"inLanguage\":\"fr-FR\",\"potentialAction\":[{\"@type\":\"ReadAction\",\"target\":[\"https:\/\/www.africa-press.net\/niger\/toutes-les-actualites\/agadez-reunion-preparatoire-de-la-cure-salee-edition-2021\"]}]},{\"@type\":\"ImageObject\",\"inLanguage\":\"fr-FR\",\"@id\":\"https:\/\/www.africa-press.net\/niger\/toutes-les-actualites\/agadez-reunion-preparatoire-de-la-cure-salee-edition-2021#primaryimage\",\"url\":\"https:\/\/static.africa-press.net\/niger\/sites\/40\/2021\/08\/img-611f894cf3566.jpg\",\"contentUrl\":\"https:\/\/static.africa-press.net\/niger\/sites\/40\/2021\/08\/img-611f894cf3566.jpg\",\"width\":720,\"height\":479,\"caption\":\"Agadez\u00a0: R\u00e9union pr\u00e9paratoire de la Cure sal\u00e9e, \u00e9dition 2021\"},{\"@type\":\"BreadcrumbList\",\"@id\":\"https:\/\/www.africa-press.net\/niger\/toutes-les-actualites\/agadez-reunion-preparatoire-de-la-cure-salee-edition-2021#breadcrumb\",\"itemListElement\":[{\"@type\":\"ListItem\",\"position\":1,\"name\":\"Accueil\",\"item\":\"https:\/\/www.africa-press.net\/niger\/\"},{\"@type\":\"ListItem\",\"position\":2,\"name\":\"Agadez\u00a0: R\u00e9union pr\u00e9paratoire de la Cure sal\u00e9e, \u00e9dition 2021\"}]},{\"@type\":\"WebSite\",\"@id\":\"https:\/\/www.africa-press.net\/niger\/#website\",\"url\":\"https:\/\/www.africa-press.net\/niger\/\",\"name\":\"niger\",\"description\":\"Just another Africa News Agency Sites site\",\"potentialAction\":[{\"@type\":\"SearchAction\",\"target\":{\"@type\":\"EntryPoint\",\"urlTemplate\":\"https:\/\/www.africa-press.net\/niger\/?s={search_term_string}\"},\"query-input\":{\"@type\":\"PropertyValueSpecification\",\"valueRequired\":true,\"valueName\":\"search_term_string\"}}],\"inLanguage\":\"fr-FR\"},{\"@type\":\"Person\",\"@id\":\"https:\/\/www.africa-press.net\/niger\/#\/schema\/person\/2b1cf3cd81a31e3cd26889ca66d677f1\",\"name\":\"cfeditorfr\"}]}<\/script>\n<!-- \/ Yoast SEO Premium plugin. -->","yoast_head_json":{"title":"Agadez\u00a0: R\u00e9union pr\u00e9paratoire de la Cure sal\u00e9e, \u00e9dition 2021 - niger","description":"Le gouverneur de la r\u00e9gion d\u2019Agadez, M. Sadou Salok\u00e9 a pr\u00e9sid\u00e9, ce jeudi 19 ao\u00fbt 2021, la r\u00e9union pr\u00e9paratoire de la Cur ...","robots":{"index":"index","follow":"follow","max-snippet":"max-snippet:-1","max-image-preview":"max-image-preview:large","max-video-preview":"max-video-preview:-1"},"canonical":"https:\/\/www.africa-press.net\/niger\/toutes-les-actualites\/agadez-reunion-preparatoire-de-la-cure-salee-edition-2021","og_locale":"fr_FR","og_type":"article","og_title":"Agadez\u00a0: R\u00e9union pr\u00e9paratoire de la Cure sal\u00e9e, \u00e9dition 2021","og_description":"Le gouverneur de la r\u00e9gion d\u2019Agadez, M. Sadou Salok\u00e9 a pr\u00e9sid\u00e9, ce jeudi 19 ao\u00fbt 2021, la r\u00e9union pr\u00e9paratoire de la Cur ...","og_url":"https:\/\/www.africa-press.net\/niger\/toutes-les-actualites\/agadez-reunion-preparatoire-de-la-cure-salee-edition-2021","og_site_name":"niger","article_published_time":"2021-08-20T11:38:11+00:00","article_modified_time":"2021-08-20T19:59:49+00:00","og_image":[{"width":720,"height":479,"url":"https:\/\/static.africa-press.net\/niger\/sites\/40\/2021\/08\/img-611f894cf3566.jpg","type":"image\/jpeg"}],"author":"cfeditorfr","twitter_card":"summary_large_image","twitter_misc":{"\u00c9crit par":"cfeditorfr","Dur\u00e9e de lecture estim\u00e9e":"2 minutes"},"schema":{"@context":"https:\/\/schema.org","@graph":[{"@type":"Article","@id":"https:\/\/www.africa-press.net\/niger\/toutes-les-actualites\/agadez-reunion-preparatoire-de-la-cure-salee-edition-2021#article","isPartOf":{"@id":"https:\/\/www.africa-press.net\/niger\/toutes-les-actualites\/agadez-reunion-preparatoire-de-la-cure-salee-edition-2021"},"author":{"name":"cfeditorfr","@id":"https:\/\/www.africa-press.net\/niger\/#\/schema\/person\/2b1cf3cd81a31e3cd26889ca66d677f1"},"headline":"Agadez\u00a0: R\u00e9union pr\u00e9paratoire de la Cure sal\u00e9e, \u00e9dition 2021","datePublished":"2021-08-20T11:38:11+00:00","dateModified":"2021-08-20T19:59:49+00:00","mainEntityOfPage":{"@id":"https:\/\/www.africa-press.net\/niger\/toutes-les-actualites\/agadez-reunion-preparatoire-de-la-cure-salee-edition-2021"},"wordCount":326,"commentCount":0,"image":{"@id":"https:\/\/www.africa-press.net\/niger\/toutes-les-actualites\/agadez-reunion-preparatoire-de-la-cure-salee-edition-2021#primaryimage"},"thumbnailUrl":"https:\/\/static.africa-press.net\/niger\/sites\/40\/2021\/08\/img-611f894cf3566.jpg","keywords":["Africa Press","Africa Press-Niger","Niger"],"articleSection":["Communaut\u00e9","homepage-french","Toutes les actualit\u00e9s"],"inLanguage":"fr-FR","potentialAction":[{"@type":"CommentAction","name":"Comment","target":["https:\/\/www.africa-press.net\/niger\/toutes-les-actualites\/agadez-reunion-preparatoire-de-la-cure-salee-edition-2021#respond"]}]},{"@type":"WebPage","@id":"https:\/\/www.africa-press.net\/niger\/toutes-les-actualites\/agadez-reunion-preparatoire-de-la-cure-salee-edition-2021","url":"https:\/\/www.africa-press.net\/niger\/toutes-les-actualites\/agadez-reunion-preparatoire-de-la-cure-salee-edition-2021","name":"Agadez\u00a0: R\u00e9union pr\u00e9paratoire de la Cure sal\u00e9e, \u00e9dition 2021 - niger","isPartOf":{"@id":"https:\/\/www.africa-press.net\/niger\/#website"},"primaryImageOfPage":{"@id":"https:\/\/www.africa-press.net\/niger\/toutes-les-actualites\/agadez-reunion-preparatoire-de-la-cure-salee-edition-2021#primaryimage"},"image":{"@id":"https:\/\/www.africa-press.net\/niger\/toutes-les-actualites\/agadez-reunion-preparatoire-de-la-cure-salee-edition-2021#primaryimage"},"thumbnailUrl":"https:\/\/static.africa-press.net\/niger\/sites\/40\/2021\/08\/img-611f894cf3566.jpg","datePublished":"2021-08-20T11:38:11+00:00","dateModified":"2021-08-20T19:59:49+00:00","author":{"@id":"https:\/\/www.africa-press.net\/niger\/#\/schema\/person\/2b1cf3cd81a31e3cd26889ca66d677f1"},"description":"Le gouverneur de la r\u00e9gion d\u2019Agadez, M. Sadou Salok\u00e9 a pr\u00e9sid\u00e9, ce jeudi 19 ao\u00fbt 2021, la r\u00e9union pr\u00e9paratoire de la Cur ...","breadcrumb":{"@id":"https:\/\/www.africa-press.net\/niger\/toutes-les-actualites\/agadez-reunion-preparatoire-de-la-cure-salee-edition-2021#breadcrumb"},"inLanguage":"fr-FR","potentialAction":[{"@type":"ReadAction","target":["https:\/\/www.africa-press.net\/niger\/toutes-les-actualites\/agadez-reunion-preparatoire-de-la-cure-salee-edition-2021"]}]},{"@type":"ImageObject","inLanguage":"fr-FR","@id":"https:\/\/www.africa-press.net\/niger\/toutes-les-actualites\/agadez-reunion-preparatoire-de-la-cure-salee-edition-2021#primaryimage","url":"https:\/\/static.africa-press.net\/niger\/sites\/40\/2021\/08\/img-611f894cf3566.jpg","contentUrl":"https:\/\/static.africa-press.net\/niger\/sites\/40\/2021\/08\/img-611f894cf3566.jpg","width":720,"height":479,"caption":"Agadez\u00a0: R\u00e9union pr\u00e9paratoire de la Cure sal\u00e9e, \u00e9dition 2021"},{"@type":"BreadcrumbList","@id":"https:\/\/www.africa-press.net\/niger\/toutes-les-actualites\/agadez-reunion-preparatoire-de-la-cure-salee-edition-2021#breadcrumb","itemListElement":[{"@type":"ListItem","position":1,"name":"Accueil","item":"https:\/\/www.africa-press.net\/niger\/"},{"@type":"ListItem","position":2,"name":"Agadez\u00a0: R\u00e9union pr\u00e9paratoire de la Cure sal\u00e9e, \u00e9dition 2021"}]},{"@type":"WebSite","@id":"https:\/\/www.africa-press.net\/niger\/#website","url":"https:\/\/www.africa-press.net\/niger\/","name":"niger","description":"Just another Africa News Agency Sites site","potentialAction":[{"@type":"SearchAction","target":{"@type":"EntryPoint","urlTemplate":"https:\/\/www.africa-press.net\/niger\/?s={search_term_string}"},"query-input":{"@type":"PropertyValueSpecification","valueRequired":true,"valueName":"search_term_string"}}],"inLanguage":"fr-FR"},{"@type":"Person","@id":"https:\/\/www.africa-press.net\/niger\/#\/schema\/person\/2b1cf3cd81a31e3cd26889ca66d677f1","name":"cfeditorfr"}]}},"_links":{"self":[{"href":"https:\/\/www.africa-press.net\/niger\/wp-json\/wp\/v2\/posts\/10377","targetHints":{"allow":["GET"]}}],"collection":[{"href":"https:\/\/www.africa-press.net\/niger\/wp-json\/wp\/v2\/posts"}],"about":[{"href":"https:\/\/www.africa-press.net\/niger\/wp-json\/wp\/v2\/types\/post"}],"author":[{"embeddable":true,"href":"https:\/\/www.africa-press.net\/niger\/wp-json\/wp\/v2\/users\/82"}],"replies":[{"embeddable":true,"href":"https:\/\/www.africa-press.net\/niger\/wp-json\/wp\/v2\/comments?post=10377"}],"version-history":[{"count":0,"href":"https:\/\/www.africa-press.net\/niger\/wp-json\/wp\/v2\/posts\/10377\/revisions"}],"wp:featuredmedia":[{"embeddable":true,"href":"https:\/\/www.africa-press.net\/niger\/wp-json\/wp\/v2\/media\/10376"}],"wp:attachment":[{"href":"https:\/\/www.africa-press.net\/niger\/wp-json\/wp\/v2\/media?parent=10377"}],"wp:term":[{"taxonomy":"category","embeddable":true,"href":"https:\/\/www.africa-press.net\/niger\/wp-json\/wp\/v2\/categories?post=10377"},{"taxonomy":"post_tag","embeddable":true,"href":"https:\/\/www.africa-press.net\/niger\/wp-json\/wp\/v2\/tags?post=10377"}],"curies":[{"name":"wp","href":"https:\/\/api.w.org\/{rel}","templated":true}]}}