{"id":10386,"date":"2021-08-20T12:03:39","date_gmt":"2021-08-20T12:03:39","guid":{"rendered":"https:\/\/www.africa-press.net\/niger\/?p=10386"},"modified":"2021-08-20T20:00:15","modified_gmt":"2021-08-20T20:00:15","slug":"le-premier-ministre-accorde-un-entretien-au-secretaire-general-de-la-commission-mixte-nigero-nigeriane-de-cooperation","status":"publish","type":"post","link":"https:\/\/www.africa-press.net\/niger\/politique\/le-premier-ministre-accorde-un-entretien-au-secretaire-general-de-la-commission-mixte-nigero-nigeriane-de-cooperation","title":{"rendered":"Le Premier ministre accorde un entretien au Secr\u00e9taire g\u00e9n\u00e9ral de la Commission mixte nig\u00e9ro-nig\u00e9riane de coop\u00e9ration"},"content":{"rendered":"<p><span style=\"color: #ff6600\"><strong><a href=\"https:\/\/www.africa-press.net\/\">Africa-Press<\/a> &#8211; <a href=\"https:\/\/www.africa-press.net\/niger\">Niger<\/a>. <\/strong><\/span>Le Premier ministre Ouhoumoudou Mahamadou a accord\u00e9 une audience, ce jeudi 19 ao\u00fbt 2021, au Secr\u00e9taire g\u00e9n\u00e9ral de la Commission Mixte Nig\u00e9ro-nig\u00e9riane de Coop\u00e9ration, M. Rabiu Akawu.<\/p>\n<p>Le diplomate nig\u00e9rian est venu pr\u00e9senter ses f\u00e9licitations au gouvernement nig\u00e9rien \u00ab pour avoir organis\u00e9 des \u00e9lections cr\u00e9dibles dans le calme et la s\u00e9r\u00e9nit\u00e9 \u00bb.<\/p>\n<p>Ensuite, \u00ab nous avons discut\u00e9 du grand projet de chemin de fer qui reliera le Niger et le Nig\u00e9ria, \u00e0 partir de Katsina, via Jibia pour arriver \u00e0 Maradi, et qui va commencer incessamment \u00bb.<\/p>\n<p>\u00ab Nous sommes en train de recenser les populations concern\u00e9es par ce projet afin de les d\u00e9dommager des deux c\u00f4t\u00e9s de la fronti\u00e8re, et nous tenons \u00e0 encourager le gouvernement du Niger dans ses efforts de voir ce projet aboutir\u00bb, a-t-il indiqu\u00e9.<\/p>\n<p>Il a aussi appel\u00e9 \u00e0 l\u2019union dans la lutte contre l\u2019ins\u00e9curit\u00e9, en invitant les populations \u00e0 s\u2019investir dans la d\u00e9nonciation de tout suspect, afin d\u2019\u00e9radiquer le probl\u00e8me d\u2019ins\u00e9curit\u00e9 entre nos deux pays.<\/p>\n<p>&nbsp;<\/p>\n","protected":false},"excerpt":{"rendered":"<p>Africa-Press &#8211; Niger. Le Premier ministre Ouhoumoudou Mahamadou a accord\u00e9 une audience, ce jeudi 19 ao\u00fbt 2021, au Secr\u00e9taire g\u00e9n\u00e9ral de la Commission Mixte Nig\u00e9ro-nig\u00e9riane de Coop\u00e9ration, M. Rabiu Akawu. Le diplomate nig\u00e9rian est venu pr\u00e9senter ses f\u00e9licitations au gouvernement nig\u00e9rien \u00ab pour avoir organis\u00e9 des \u00e9lections cr\u00e9dibles dans le calme et la s\u00e9r\u00e9nit\u00e9 \u00bb. [&hellip;]<\/p>\n","protected":false},"author":82,"featured_media":10385,"comment_status":"open","ping_status":"closed","sticky":false,"template":"","format":"standard","meta":{"footnotes":""},"categories":[11,2,20,10],"tags":[55,60,29],"class_list":["post-10386","post","type-post","status-publish","format-standard","has-post-thumbnail","hentry","category-homepage-french","category-politique","category-top-nouvelles","category-toutes-les-actualites","tag-africa-press","tag-africa-press-niger","tag-niger"],"yoast_head":"<!-- This site is optimized with the Yoast SEO Premium plugin v26.1 (Yoast SEO v27.0) - https:\/\/yoast.com\/product\/yoast-seo-premium-wordpress\/ -->\n<title>Le Premier ministre accorde un entretien au Secr\u00e9taire g\u00e9n\u00e9ral de la Commission mixte nig\u00e9ro-nig\u00e9riane de coop\u00e9ration - niger<\/title>\n<meta name=\"description\" content=\", 19 ao\u00fbt (ANP) \u2013 Le Premier ministre Ouhoumoudou Mahamadou a accord\u00e9 une audience, ce jeudi 19 ao\u00fbt 2021, au Secr\u00e9taire ...\" \/>\n<meta name=\"robots\" content=\"index, follow, max-snippet:-1, max-image-preview:large, max-video-preview:-1\" \/>\n<link rel=\"canonical\" href=\"https:\/\/www.africa-press.net\/niger\/politique\/le-premier-ministre-accorde-un-entretien-au-secretaire-general-de-la-commission-mixte-nigero-nigeriane-de-cooperation\" \/>\n<meta property=\"og:locale\" content=\"fr_FR\" \/>\n<meta property=\"og:type\" content=\"article\" \/>\n<meta property=\"og:title\" content=\"Le Premier ministre accorde un entretien au Secr\u00e9taire g\u00e9n\u00e9ral de la Commission mixte nig\u00e9ro-nig\u00e9riane de coop\u00e9ration\" \/>\n<meta property=\"og:description\" content=\", 19 ao\u00fbt (ANP) \u2013 Le Premier ministre Ouhoumoudou Mahamadou a accord\u00e9 une audience, ce jeudi 19 ao\u00fbt 2021, au Secr\u00e9taire ...\" \/>\n<meta property=\"og:url\" content=\"https:\/\/www.africa-press.net\/niger\/politique\/le-premier-ministre-accorde-un-entretien-au-secretaire-general-de-la-commission-mixte-nigero-nigeriane-de-cooperation\" \/>\n<meta property=\"og:site_name\" content=\"niger\" \/>\n<meta property=\"article:published_time\" content=\"2021-08-20T12:03:39+00:00\" \/>\n<meta property=\"article:modified_time\" content=\"2021-08-20T20:00:15+00:00\" \/>\n<meta property=\"og:image\" content=\"https:\/\/static.africa-press.net\/niger\/sites\/40\/2021\/08\/img-611f8a1e1a357.jpg\" \/>\n\t<meta property=\"og:image:width\" content=\"1080\" \/>\n\t<meta property=\"og:image:height\" content=\"720\" \/>\n\t<meta property=\"og:image:type\" content=\"image\/jpeg\" \/>\n<meta name=\"author\" content=\"cfeditorfr\" \/>\n<meta name=\"twitter:card\" content=\"summary_large_image\" \/>\n<meta name=\"twitter:label1\" content=\"\u00c9crit par\" \/>\n\t<meta name=\"twitter:data1\" content=\"cfeditorfr\" \/>\n\t<meta name=\"twitter:label2\" content=\"Dur\u00e9e de lecture estim\u00e9e\" \/>\n\t<meta name=\"twitter:data2\" content=\"1 minute\" \/>\n<script type=\"application\/ld+json\" class=\"yoast-schema-graph\">{\"@context\":\"https:\/\/schema.org\",\"@graph\":[{\"@type\":\"Article\",\"@id\":\"https:\/\/www.africa-press.net\/niger\/politique\/le-premier-ministre-accorde-un-entretien-au-secretaire-general-de-la-commission-mixte-nigero-nigeriane-de-cooperation#article\",\"isPartOf\":{\"@id\":\"https:\/\/www.africa-press.net\/niger\/politique\/le-premier-ministre-accorde-un-entretien-au-secretaire-general-de-la-commission-mixte-nigero-nigeriane-de-cooperation\"},\"author\":{\"name\":\"cfeditorfr\",\"@id\":\"https:\/\/www.africa-press.net\/niger\/#\/schema\/person\/2b1cf3cd81a31e3cd26889ca66d677f1\"},\"headline\":\"Le Premier ministre accorde un entretien au Secr\u00e9taire g\u00e9n\u00e9ral de la Commission mixte nig\u00e9ro-nig\u00e9riane de coop\u00e9ration\",\"datePublished\":\"2021-08-20T12:03:39+00:00\",\"dateModified\":\"2021-08-20T20:00:15+00:00\",\"mainEntityOfPage\":{\"@id\":\"https:\/\/www.africa-press.net\/niger\/politique\/le-premier-ministre-accorde-un-entretien-au-secretaire-general-de-la-commission-mixte-nigero-nigeriane-de-cooperation\"},\"wordCount\":204,\"commentCount\":0,\"image\":{\"@id\":\"https:\/\/www.africa-press.net\/niger\/politique\/le-premier-ministre-accorde-un-entretien-au-secretaire-general-de-la-commission-mixte-nigero-nigeriane-de-cooperation#primaryimage\"},\"thumbnailUrl\":\"https:\/\/static.africa-press.net\/niger\/sites\/40\/2021\/08\/img-611f8a1e1a357.jpg\",\"keywords\":[\"Africa Press\",\"Africa Press-Niger\",\"Niger\"],\"articleSection\":[\"homepage-french\",\"Politique\",\"Top Nouvelles\",\"Toutes les actualit\u00e9s\"],\"inLanguage\":\"fr-FR\",\"potentialAction\":[{\"@type\":\"CommentAction\",\"name\":\"Comment\",\"target\":[\"https:\/\/www.africa-press.net\/niger\/politique\/le-premier-ministre-accorde-un-entretien-au-secretaire-general-de-la-commission-mixte-nigero-nigeriane-de-cooperation#respond\"]}]},{\"@type\":\"WebPage\",\"@id\":\"https:\/\/www.africa-press.net\/niger\/politique\/le-premier-ministre-accorde-un-entretien-au-secretaire-general-de-la-commission-mixte-nigero-nigeriane-de-cooperation\",\"url\":\"https:\/\/www.africa-press.net\/niger\/politique\/le-premier-ministre-accorde-un-entretien-au-secretaire-general-de-la-commission-mixte-nigero-nigeriane-de-cooperation\",\"name\":\"Le Premier ministre accorde un entretien au Secr\u00e9taire g\u00e9n\u00e9ral de la Commission mixte nig\u00e9ro-nig\u00e9riane de coop\u00e9ration - niger\",\"isPartOf\":{\"@id\":\"https:\/\/www.africa-press.net\/niger\/#website\"},\"primaryImageOfPage\":{\"@id\":\"https:\/\/www.africa-press.net\/niger\/politique\/le-premier-ministre-accorde-un-entretien-au-secretaire-general-de-la-commission-mixte-nigero-nigeriane-de-cooperation#primaryimage\"},\"image\":{\"@id\":\"https:\/\/www.africa-press.net\/niger\/politique\/le-premier-ministre-accorde-un-entretien-au-secretaire-general-de-la-commission-mixte-nigero-nigeriane-de-cooperation#primaryimage\"},\"thumbnailUrl\":\"https:\/\/static.africa-press.net\/niger\/sites\/40\/2021\/08\/img-611f8a1e1a357.jpg\",\"datePublished\":\"2021-08-20T12:03:39+00:00\",\"dateModified\":\"2021-08-20T20:00:15+00:00\",\"author\":{\"@id\":\"https:\/\/www.africa-press.net\/niger\/#\/schema\/person\/2b1cf3cd81a31e3cd26889ca66d677f1\"},\"description\":\", 19 ao\u00fbt (ANP) \u2013 Le Premier ministre Ouhoumoudou Mahamadou a accord\u00e9 une audience, ce jeudi 19 ao\u00fbt 2021, au Secr\u00e9taire ...\",\"breadcrumb\":{\"@id\":\"https:\/\/www.africa-press.net\/niger\/politique\/le-premier-ministre-accorde-un-entretien-au-secretaire-general-de-la-commission-mixte-nigero-nigeriane-de-cooperation#breadcrumb\"},\"inLanguage\":\"fr-FR\",\"potentialAction\":[{\"@type\":\"ReadAction\",\"target\":[\"https:\/\/www.africa-press.net\/niger\/politique\/le-premier-ministre-accorde-un-entretien-au-secretaire-general-de-la-commission-mixte-nigero-nigeriane-de-cooperation\"]}]},{\"@type\":\"ImageObject\",\"inLanguage\":\"fr-FR\",\"@id\":\"https:\/\/www.africa-press.net\/niger\/politique\/le-premier-ministre-accorde-un-entretien-au-secretaire-general-de-la-commission-mixte-nigero-nigeriane-de-cooperation#primaryimage\",\"url\":\"https:\/\/static.africa-press.net\/niger\/sites\/40\/2021\/08\/img-611f8a1e1a357.jpg\",\"contentUrl\":\"https:\/\/static.africa-press.net\/niger\/sites\/40\/2021\/08\/img-611f8a1e1a357.jpg\",\"width\":1080,\"height\":720,\"caption\":\"Le Premier ministre accorde un entretien au Secr\u00e9taire g\u00e9n\u00e9ral de la Commission mixte nig\u00e9ro-nig\u00e9riane de coop\u00e9ration\"},{\"@type\":\"BreadcrumbList\",\"@id\":\"https:\/\/www.africa-press.net\/niger\/politique\/le-premier-ministre-accorde-un-entretien-au-secretaire-general-de-la-commission-mixte-nigero-nigeriane-de-cooperation#breadcrumb\",\"itemListElement\":[{\"@type\":\"ListItem\",\"position\":1,\"name\":\"Accueil\",\"item\":\"https:\/\/www.africa-press.net\/niger\/\"},{\"@type\":\"ListItem\",\"position\":2,\"name\":\"Le Premier ministre accorde un entretien au Secr\u00e9taire g\u00e9n\u00e9ral de la Commission mixte nig\u00e9ro-nig\u00e9riane de coop\u00e9ration\"}]},{\"@type\":\"WebSite\",\"@id\":\"https:\/\/www.africa-press.net\/niger\/#website\",\"url\":\"https:\/\/www.africa-press.net\/niger\/\",\"name\":\"niger\",\"description\":\"Just another Africa News Agency Sites site\",\"potentialAction\":[{\"@type\":\"SearchAction\",\"target\":{\"@type\":\"EntryPoint\",\"urlTemplate\":\"https:\/\/www.africa-press.net\/niger\/?s={search_term_string}\"},\"query-input\":{\"@type\":\"PropertyValueSpecification\",\"valueRequired\":true,\"valueName\":\"search_term_string\"}}],\"inLanguage\":\"fr-FR\"},{\"@type\":\"Person\",\"@id\":\"https:\/\/www.africa-press.net\/niger\/#\/schema\/person\/2b1cf3cd81a31e3cd26889ca66d677f1\",\"name\":\"cfeditorfr\"}]}<\/script>\n<!-- \/ Yoast SEO Premium plugin. -->","yoast_head_json":{"title":"Le Premier ministre accorde un entretien au Secr\u00e9taire g\u00e9n\u00e9ral de la Commission mixte nig\u00e9ro-nig\u00e9riane de coop\u00e9ration - niger","description":", 19 ao\u00fbt (ANP) \u2013 Le Premier ministre Ouhoumoudou Mahamadou a accord\u00e9 une audience, ce jeudi 19 ao\u00fbt 2021, au Secr\u00e9taire ...","robots":{"index":"index","follow":"follow","max-snippet":"max-snippet:-1","max-image-preview":"max-image-preview:large","max-video-preview":"max-video-preview:-1"},"canonical":"https:\/\/www.africa-press.net\/niger\/politique\/le-premier-ministre-accorde-un-entretien-au-secretaire-general-de-la-commission-mixte-nigero-nigeriane-de-cooperation","og_locale":"fr_FR","og_type":"article","og_title":"Le Premier ministre accorde un entretien au Secr\u00e9taire g\u00e9n\u00e9ral de la Commission mixte nig\u00e9ro-nig\u00e9riane de coop\u00e9ration","og_description":", 19 ao\u00fbt (ANP) \u2013 Le Premier ministre Ouhoumoudou Mahamadou a accord\u00e9 une audience, ce jeudi 19 ao\u00fbt 2021, au Secr\u00e9taire ...","og_url":"https:\/\/www.africa-press.net\/niger\/politique\/le-premier-ministre-accorde-un-entretien-au-secretaire-general-de-la-commission-mixte-nigero-nigeriane-de-cooperation","og_site_name":"niger","article_published_time":"2021-08-20T12:03:39+00:00","article_modified_time":"2021-08-20T20:00:15+00:00","og_image":[{"width":1080,"height":720,"url":"https:\/\/static.africa-press.net\/niger\/sites\/40\/2021\/08\/img-611f8a1e1a357.jpg","type":"image\/jpeg"}],"author":"cfeditorfr","twitter_card":"summary_large_image","twitter_misc":{"\u00c9crit par":"cfeditorfr","Dur\u00e9e de lecture estim\u00e9e":"1 minute"},"schema":{"@context":"https:\/\/schema.org","@graph":[{"@type":"Article","@id":"https:\/\/www.africa-press.net\/niger\/politique\/le-premier-ministre-accorde-un-entretien-au-secretaire-general-de-la-commission-mixte-nigero-nigeriane-de-cooperation#article","isPartOf":{"@id":"https:\/\/www.africa-press.net\/niger\/politique\/le-premier-ministre-accorde-un-entretien-au-secretaire-general-de-la-commission-mixte-nigero-nigeriane-de-cooperation"},"author":{"name":"cfeditorfr","@id":"https:\/\/www.africa-press.net\/niger\/#\/schema\/person\/2b1cf3cd81a31e3cd26889ca66d677f1"},"headline":"Le Premier ministre accorde un entretien au Secr\u00e9taire g\u00e9n\u00e9ral de la Commission mixte nig\u00e9ro-nig\u00e9riane de coop\u00e9ration","datePublished":"2021-08-20T12:03:39+00:00","dateModified":"2021-08-20T20:00:15+00:00","mainEntityOfPage":{"@id":"https:\/\/www.africa-press.net\/niger\/politique\/le-premier-ministre-accorde-un-entretien-au-secretaire-general-de-la-commission-mixte-nigero-nigeriane-de-cooperation"},"wordCount":204,"commentCount":0,"image":{"@id":"https:\/\/www.africa-press.net\/niger\/politique\/le-premier-ministre-accorde-un-entretien-au-secretaire-general-de-la-commission-mixte-nigero-nigeriane-de-cooperation#primaryimage"},"thumbnailUrl":"https:\/\/static.africa-press.net\/niger\/sites\/40\/2021\/08\/img-611f8a1e1a357.jpg","keywords":["Africa Press","Africa Press-Niger","Niger"],"articleSection":["homepage-french","Politique","Top Nouvelles","Toutes les actualit\u00e9s"],"inLanguage":"fr-FR","potentialAction":[{"@type":"CommentAction","name":"Comment","target":["https:\/\/www.africa-press.net\/niger\/politique\/le-premier-ministre-accorde-un-entretien-au-secretaire-general-de-la-commission-mixte-nigero-nigeriane-de-cooperation#respond"]}]},{"@type":"WebPage","@id":"https:\/\/www.africa-press.net\/niger\/politique\/le-premier-ministre-accorde-un-entretien-au-secretaire-general-de-la-commission-mixte-nigero-nigeriane-de-cooperation","url":"https:\/\/www.africa-press.net\/niger\/politique\/le-premier-ministre-accorde-un-entretien-au-secretaire-general-de-la-commission-mixte-nigero-nigeriane-de-cooperation","name":"Le Premier ministre accorde un entretien au Secr\u00e9taire g\u00e9n\u00e9ral de la Commission mixte nig\u00e9ro-nig\u00e9riane de coop\u00e9ration - niger","isPartOf":{"@id":"https:\/\/www.africa-press.net\/niger\/#website"},"primaryImageOfPage":{"@id":"https:\/\/www.africa-press.net\/niger\/politique\/le-premier-ministre-accorde-un-entretien-au-secretaire-general-de-la-commission-mixte-nigero-nigeriane-de-cooperation#primaryimage"},"image":{"@id":"https:\/\/www.africa-press.net\/niger\/politique\/le-premier-ministre-accorde-un-entretien-au-secretaire-general-de-la-commission-mixte-nigero-nigeriane-de-cooperation#primaryimage"},"thumbnailUrl":"https:\/\/static.africa-press.net\/niger\/sites\/40\/2021\/08\/img-611f8a1e1a357.jpg","datePublished":"2021-08-20T12:03:39+00:00","dateModified":"2021-08-20T20:00:15+00:00","author":{"@id":"https:\/\/www.africa-press.net\/niger\/#\/schema\/person\/2b1cf3cd81a31e3cd26889ca66d677f1"},"description":", 19 ao\u00fbt (ANP) \u2013 Le Premier ministre Ouhoumoudou Mahamadou a accord\u00e9 une audience, ce jeudi 19 ao\u00fbt 2021, au Secr\u00e9taire ...","breadcrumb":{"@id":"https:\/\/www.africa-press.net\/niger\/politique\/le-premier-ministre-accorde-un-entretien-au-secretaire-general-de-la-commission-mixte-nigero-nigeriane-de-cooperation#breadcrumb"},"inLanguage":"fr-FR","potentialAction":[{"@type":"ReadAction","target":["https:\/\/www.africa-press.net\/niger\/politique\/le-premier-ministre-accorde-un-entretien-au-secretaire-general-de-la-commission-mixte-nigero-nigeriane-de-cooperation"]}]},{"@type":"ImageObject","inLanguage":"fr-FR","@id":"https:\/\/www.africa-press.net\/niger\/politique\/le-premier-ministre-accorde-un-entretien-au-secretaire-general-de-la-commission-mixte-nigero-nigeriane-de-cooperation#primaryimage","url":"https:\/\/static.africa-press.net\/niger\/sites\/40\/2021\/08\/img-611f8a1e1a357.jpg","contentUrl":"https:\/\/static.africa-press.net\/niger\/sites\/40\/2021\/08\/img-611f8a1e1a357.jpg","width":1080,"height":720,"caption":"Le Premier ministre accorde un entretien au Secr\u00e9taire g\u00e9n\u00e9ral de la Commission mixte nig\u00e9ro-nig\u00e9riane de coop\u00e9ration"},{"@type":"BreadcrumbList","@id":"https:\/\/www.africa-press.net\/niger\/politique\/le-premier-ministre-accorde-un-entretien-au-secretaire-general-de-la-commission-mixte-nigero-nigeriane-de-cooperation#breadcrumb","itemListElement":[{"@type":"ListItem","position":1,"name":"Accueil","item":"https:\/\/www.africa-press.net\/niger\/"},{"@type":"ListItem","position":2,"name":"Le Premier ministre accorde un entretien au Secr\u00e9taire g\u00e9n\u00e9ral de la Commission mixte nig\u00e9ro-nig\u00e9riane de coop\u00e9ration"}]},{"@type":"WebSite","@id":"https:\/\/www.africa-press.net\/niger\/#website","url":"https:\/\/www.africa-press.net\/niger\/","name":"niger","description":"Just another Africa News Agency Sites site","potentialAction":[{"@type":"SearchAction","target":{"@type":"EntryPoint","urlTemplate":"https:\/\/www.africa-press.net\/niger\/?s={search_term_string}"},"query-input":{"@type":"PropertyValueSpecification","valueRequired":true,"valueName":"search_term_string"}}],"inLanguage":"fr-FR"},{"@type":"Person","@id":"https:\/\/www.africa-press.net\/niger\/#\/schema\/person\/2b1cf3cd81a31e3cd26889ca66d677f1","name":"cfeditorfr"}]}},"_links":{"self":[{"href":"https:\/\/www.africa-press.net\/niger\/wp-json\/wp\/v2\/posts\/10386","targetHints":{"allow":["GET"]}}],"collection":[{"href":"https:\/\/www.africa-press.net\/niger\/wp-json\/wp\/v2\/posts"}],"about":[{"href":"https:\/\/www.africa-press.net\/niger\/wp-json\/wp\/v2\/types\/post"}],"author":[{"embeddable":true,"href":"https:\/\/www.africa-press.net\/niger\/wp-json\/wp\/v2\/users\/82"}],"replies":[{"embeddable":true,"href":"https:\/\/www.africa-press.net\/niger\/wp-json\/wp\/v2\/comments?post=10386"}],"version-history":[{"count":0,"href":"https:\/\/www.africa-press.net\/niger\/wp-json\/wp\/v2\/posts\/10386\/revisions"}],"wp:featuredmedia":[{"embeddable":true,"href":"https:\/\/www.africa-press.net\/niger\/wp-json\/wp\/v2\/media\/10385"}],"wp:attachment":[{"href":"https:\/\/www.africa-press.net\/niger\/wp-json\/wp\/v2\/media?parent=10386"}],"wp:term":[{"taxonomy":"category","embeddable":true,"href":"https:\/\/www.africa-press.net\/niger\/wp-json\/wp\/v2\/categories?post=10386"},{"taxonomy":"post_tag","embeddable":true,"href":"https:\/\/www.africa-press.net\/niger\/wp-json\/wp\/v2\/tags?post=10386"}],"curies":[{"name":"wp","href":"https:\/\/api.w.org\/{rel}","templated":true}]}}