{"id":10395,"date":"2021-08-20T12:24:23","date_gmt":"2021-08-20T12:24:23","guid":{"rendered":"https:\/\/www.africa-press.net\/niger\/?p=10395"},"modified":"2021-08-20T20:00:38","modified_gmt":"2021-08-20T20:00:38","slug":"niger-deuil-national-apres-un-nouveau-massacre-dans-louest-du-pays","status":"publish","type":"post","link":"https:\/\/www.africa-press.net\/niger\/politique\/niger-deuil-national-apres-un-nouveau-massacre-dans-louest-du-pays","title":{"rendered":"deuil national apr\u00e8s un nouveau massacre dans l&rsquo;ouest du pays"},"content":{"rendered":"<p><span style=\"color: #ff6600\"><strong><a href=\"https:\/\/www.africa-press.net\/\">Africa-Press<\/a> &#8211; <a href=\"https:\/\/www.africa-press.net\/niger\">Niger<\/a>. <\/strong><\/span><b>Le gouvernement nig\u00e9rien vient de d\u00e9cr\u00e9ter \u00e0 partir de ce mercredi un deuil national. Celui-ci intervient deux jours apr\u00e8s le massacre de 37 civils par des djihadistes pr\u00e9sum\u00e9s dans l&rsquo;ouest du Niger proche du Mali. Plus de 450 civils ont \u00e9t\u00e9 tu\u00e9s par des djihadistes pr\u00e9sum\u00e9s au Niger depuis le d\u00e9but de l&rsquo;ann\u00e9e.<\/b><\/p>\n<p><b>\u00ab\u00a0Un deuil national de 48 heures est d\u00e9cr\u00e9t\u00e9 \u00e0 compter\u00a0\u00bb<\/b><\/p>\n<p>de mercredi, \u00ab\u00a0les drapeaux seront mis en berne sur toute l&rsquo;\u00e9tendue du territoire national.\u00a0\u00bb C&rsquo;est ce qu&rsquo;undique un communiqu\u00e9 du gouvernement.<\/p>\n<p><b>Un deuil national de 48H<\/b><\/p>\n<p><b>\u00ab\u00a0Le gouvernement appelle la population \u00e0 plus de vigilance\u00a0\u00bb et \u00ab\u00a0r\u00e9affirme sa d\u00e9termination \u00e0 poursuivre la lutte contre le terrorisme jusqu&rsquo;\u00e0 la victoire finale\u00a0\u00bb<\/b><\/p>\n<p>, poursuit le communiqu\u00e9 du gouvernement.<\/p>\n<p><b>37 morts dont 4 femmes et 13 adolescents<\/b><\/p>\n<p>La derni\u00e8re attaque dans l&rsquo;ouest du Niger visait ce lundi le village de Darey-Daye pr\u00e8s de la fronti\u00e8re malienne. Des hommes arm\u00e9s ont tir\u00e9 sur des habitants du village qui cultivaient leurs champs. Le bilan est de 37 morts, dont quatre femmes et treize adolescents. La zone des \u00ab trois fronti\u00e8res \u00bb, point br\u00fblant de la guerre au Sahel. TV5MONDE<\/p>\n<p>Darey-Daye, d\u00e9j\u00e0 vis\u00e9 en mars, est situ\u00e9 dans la r\u00e9gion de Tillab\u00e9ri, dans la zone dite des \u00ab\u00a0trois fronti\u00e8res\u00a0\u00bb entre le Niger, le Burkina Faso et le Mali, th\u00e9\u00e2tre depuis trois ans d&rsquo;actions sanglantes de groupes jihadistes li\u00e9s \u00e0 Al Qa\u00efda et \u00e0 l&rsquo;Etat islamique (EI) commises contre des civils et des militaires.<\/p>\n<p>Depuis le d\u00e9but de la saison des pluies en juin, les attaques visent surtout des civils travaillant dans les champs. Depuis plusieurs semaines de nombreux villageois quittent la r\u00e9gion pour \u00e9chapper aux djihadistes. Voir : Niger, face \u00e0 l&rsquo;ins\u00e9curit\u00e9, l&rsquo;exode massif des villageois Plus de 450 civils tu\u00e9s depuis le d\u00e9but de l&rsquo;ann\u00e9e<\/p>\n<p>Human Rights Watch (HRW) avait estim\u00e9 la semaine derni\u00e8re \u00e0 plus de 420 le nombre de civils tu\u00e9s depuis le d\u00e9but de l&rsquo;ann\u00e9e dans l&rsquo;ouest du Niger dans des attaques men\u00e9es par des groupes jihadistes qui ont \u00e9galement contraint des dizaines de milliers de personnes \u00e0 fuir de chez eux.<\/p>\n<p>Le Fonds des Nations unies pour l&rsquo;enfance (Unicef) s&rsquo;est d\u00e9clar\u00e9 \u00ab\u00a0profond\u00e9ment choqu\u00e9 et indign\u00e9 par les terribles attaques contre des enfants et des familles par des groupes arm\u00e9s non identifi\u00e9s dans le village de Darey-Dey\u00a0\u00bb.<\/p>\n<p>Selon l&rsquo;Unicef, les treize jeunes tu\u00e9s dans l&rsquo;attaque \u00e9taient \u00ab\u00a0\u00e2g\u00e9s de 15 \u00e0 17 ans\u00a0\u00bb. C&rsquo;est \u00ab\u00a0la troisi\u00e8me attaque qui a eu lieu cette ann\u00e9e\u00a0\u00bb dans ce m\u00eame village o\u00f9 \u00ab\u00a0les conditions sur le terrain restent extr\u00eamement dangereuses pour les enfants\u00a0\u00bb, affirme l&rsquo;Unicef.<\/p>\n","protected":false},"excerpt":{"rendered":"<p>Africa-Press &#8211; Niger. Le gouvernement nig\u00e9rien vient de d\u00e9cr\u00e9ter \u00e0 partir de ce mercredi un deuil national. Celui-ci intervient deux jours apr\u00e8s le massacre de 37 civils par des djihadistes pr\u00e9sum\u00e9s dans l&rsquo;ouest du Niger proche du Mali. Plus de 450 civils ont \u00e9t\u00e9 tu\u00e9s par des djihadistes pr\u00e9sum\u00e9s au Niger depuis le d\u00e9but de [&hellip;]<\/p>\n","protected":false},"author":82,"featured_media":10394,"comment_status":"open","ping_status":"closed","sticky":false,"template":"","format":"standard","meta":{"footnotes":""},"categories":[11,2,20,10],"tags":[55,60,29],"class_list":["post-10395","post","type-post","status-publish","format-standard","has-post-thumbnail","hentry","category-homepage-french","category-politique","category-top-nouvelles","category-toutes-les-actualites","tag-africa-press","tag-africa-press-niger","tag-niger"],"yoast_head":"<!-- This site is optimized with the Yoast SEO Premium plugin v26.1 (Yoast SEO v27.0) - https:\/\/yoast.com\/product\/yoast-seo-premium-wordpress\/ -->\n<title>deuil national apr\u00e8s un nouveau massacre dans l&#039;ouest du pays - niger<\/title>\n<meta name=\"description\" content=\"Le gouvernement nig\u00e9rien vient de d\u00e9cr\u00e9ter \u00e0 partir de ce mercredi un deuil national. Celui-ci intervient deux jours ...\" \/>\n<meta name=\"robots\" content=\"index, follow, max-snippet:-1, max-image-preview:large, max-video-preview:-1\" \/>\n<link rel=\"canonical\" href=\"https:\/\/www.africa-press.net\/niger\/politique\/niger-deuil-national-apres-un-nouveau-massacre-dans-louest-du-pays\" \/>\n<meta property=\"og:locale\" content=\"fr_FR\" \/>\n<meta property=\"og:type\" content=\"article\" \/>\n<meta property=\"og:title\" content=\"deuil national apr\u00e8s un nouveau massacre dans l&#039;ouest du pays\" \/>\n<meta property=\"og:description\" content=\"Le gouvernement nig\u00e9rien vient de d\u00e9cr\u00e9ter \u00e0 partir de ce mercredi un deuil national. Celui-ci intervient deux jours ...\" \/>\n<meta property=\"og:url\" content=\"https:\/\/www.africa-press.net\/niger\/politique\/niger-deuil-national-apres-un-nouveau-massacre-dans-louest-du-pays\" \/>\n<meta property=\"og:site_name\" content=\"niger\" \/>\n<meta property=\"article:published_time\" content=\"2021-08-20T12:24:23+00:00\" \/>\n<meta property=\"article:modified_time\" content=\"2021-08-20T20:00:38+00:00\" \/>\n<meta property=\"og:image\" content=\"https:\/\/static.africa-press.net\/niger\/sites\/40\/2021\/08\/img-611f8ac00510c.jpg\" \/>\n\t<meta property=\"og:image:width\" content=\"770\" \/>\n\t<meta property=\"og:image:height\" content=\"433\" \/>\n\t<meta property=\"og:image:type\" content=\"image\/jpeg\" \/>\n<meta name=\"author\" content=\"cfeditorfr\" \/>\n<meta name=\"twitter:card\" content=\"summary_large_image\" \/>\n<meta name=\"twitter:label1\" content=\"\u00c9crit par\" \/>\n\t<meta name=\"twitter:data1\" content=\"cfeditorfr\" \/>\n\t<meta name=\"twitter:label2\" content=\"Dur\u00e9e de lecture estim\u00e9e\" \/>\n\t<meta name=\"twitter:data2\" content=\"2 minutes\" \/>\n<script type=\"application\/ld+json\" class=\"yoast-schema-graph\">{\"@context\":\"https:\/\/schema.org\",\"@graph\":[{\"@type\":\"Article\",\"@id\":\"https:\/\/www.africa-press.net\/niger\/politique\/niger-deuil-national-apres-un-nouveau-massacre-dans-louest-du-pays#article\",\"isPartOf\":{\"@id\":\"https:\/\/www.africa-press.net\/niger\/politique\/niger-deuil-national-apres-un-nouveau-massacre-dans-louest-du-pays\"},\"author\":{\"name\":\"cfeditorfr\",\"@id\":\"https:\/\/www.africa-press.net\/niger\/#\/schema\/person\/2b1cf3cd81a31e3cd26889ca66d677f1\"},\"headline\":\"deuil national apr\u00e8s un nouveau massacre dans l&rsquo;ouest du pays\",\"datePublished\":\"2021-08-20T12:24:23+00:00\",\"dateModified\":\"2021-08-20T20:00:38+00:00\",\"mainEntityOfPage\":{\"@id\":\"https:\/\/www.africa-press.net\/niger\/politique\/niger-deuil-national-apres-un-nouveau-massacre-dans-louest-du-pays\"},\"wordCount\":480,\"commentCount\":0,\"image\":{\"@id\":\"https:\/\/www.africa-press.net\/niger\/politique\/niger-deuil-national-apres-un-nouveau-massacre-dans-louest-du-pays#primaryimage\"},\"thumbnailUrl\":\"https:\/\/static.africa-press.net\/niger\/sites\/40\/2021\/08\/img-611f8ac00510c.jpg\",\"keywords\":[\"Africa Press\",\"Africa Press-Niger\",\"Niger\"],\"articleSection\":[\"homepage-french\",\"Politique\",\"Top Nouvelles\",\"Toutes les actualit\u00e9s\"],\"inLanguage\":\"fr-FR\",\"potentialAction\":[{\"@type\":\"CommentAction\",\"name\":\"Comment\",\"target\":[\"https:\/\/www.africa-press.net\/niger\/politique\/niger-deuil-national-apres-un-nouveau-massacre-dans-louest-du-pays#respond\"]}]},{\"@type\":\"WebPage\",\"@id\":\"https:\/\/www.africa-press.net\/niger\/politique\/niger-deuil-national-apres-un-nouveau-massacre-dans-louest-du-pays\",\"url\":\"https:\/\/www.africa-press.net\/niger\/politique\/niger-deuil-national-apres-un-nouveau-massacre-dans-louest-du-pays\",\"name\":\"deuil national apr\u00e8s un nouveau massacre dans l'ouest du pays - niger\",\"isPartOf\":{\"@id\":\"https:\/\/www.africa-press.net\/niger\/#website\"},\"primaryImageOfPage\":{\"@id\":\"https:\/\/www.africa-press.net\/niger\/politique\/niger-deuil-national-apres-un-nouveau-massacre-dans-louest-du-pays#primaryimage\"},\"image\":{\"@id\":\"https:\/\/www.africa-press.net\/niger\/politique\/niger-deuil-national-apres-un-nouveau-massacre-dans-louest-du-pays#primaryimage\"},\"thumbnailUrl\":\"https:\/\/static.africa-press.net\/niger\/sites\/40\/2021\/08\/img-611f8ac00510c.jpg\",\"datePublished\":\"2021-08-20T12:24:23+00:00\",\"dateModified\":\"2021-08-20T20:00:38+00:00\",\"author\":{\"@id\":\"https:\/\/www.africa-press.net\/niger\/#\/schema\/person\/2b1cf3cd81a31e3cd26889ca66d677f1\"},\"description\":\"Le gouvernement nig\u00e9rien vient de d\u00e9cr\u00e9ter \u00e0 partir de ce mercredi un deuil national. Celui-ci intervient deux jours ...\",\"breadcrumb\":{\"@id\":\"https:\/\/www.africa-press.net\/niger\/politique\/niger-deuil-national-apres-un-nouveau-massacre-dans-louest-du-pays#breadcrumb\"},\"inLanguage\":\"fr-FR\",\"potentialAction\":[{\"@type\":\"ReadAction\",\"target\":[\"https:\/\/www.africa-press.net\/niger\/politique\/niger-deuil-national-apres-un-nouveau-massacre-dans-louest-du-pays\"]}]},{\"@type\":\"ImageObject\",\"inLanguage\":\"fr-FR\",\"@id\":\"https:\/\/www.africa-press.net\/niger\/politique\/niger-deuil-national-apres-un-nouveau-massacre-dans-louest-du-pays#primaryimage\",\"url\":\"https:\/\/static.africa-press.net\/niger\/sites\/40\/2021\/08\/img-611f8ac00510c.jpg\",\"contentUrl\":\"https:\/\/static.africa-press.net\/niger\/sites\/40\/2021\/08\/img-611f8ac00510c.jpg\",\"width\":770,\"height\":433,\"caption\":\"Niger: deuil national apr\u00e8s un nouveau massacre dans l'ouest du pays\"},{\"@type\":\"BreadcrumbList\",\"@id\":\"https:\/\/www.africa-press.net\/niger\/politique\/niger-deuil-national-apres-un-nouveau-massacre-dans-louest-du-pays#breadcrumb\",\"itemListElement\":[{\"@type\":\"ListItem\",\"position\":1,\"name\":\"Accueil\",\"item\":\"https:\/\/www.africa-press.net\/niger\/\"},{\"@type\":\"ListItem\",\"position\":2,\"name\":\"deuil national apr\u00e8s un nouveau massacre dans l&#8217;ouest du pays\"}]},{\"@type\":\"WebSite\",\"@id\":\"https:\/\/www.africa-press.net\/niger\/#website\",\"url\":\"https:\/\/www.africa-press.net\/niger\/\",\"name\":\"niger\",\"description\":\"Just another Africa News Agency Sites site\",\"potentialAction\":[{\"@type\":\"SearchAction\",\"target\":{\"@type\":\"EntryPoint\",\"urlTemplate\":\"https:\/\/www.africa-press.net\/niger\/?s={search_term_string}\"},\"query-input\":{\"@type\":\"PropertyValueSpecification\",\"valueRequired\":true,\"valueName\":\"search_term_string\"}}],\"inLanguage\":\"fr-FR\"},{\"@type\":\"Person\",\"@id\":\"https:\/\/www.africa-press.net\/niger\/#\/schema\/person\/2b1cf3cd81a31e3cd26889ca66d677f1\",\"name\":\"cfeditorfr\"}]}<\/script>\n<!-- \/ Yoast SEO Premium plugin. -->","yoast_head_json":{"title":"deuil national apr\u00e8s un nouveau massacre dans l'ouest du pays - niger","description":"Le gouvernement nig\u00e9rien vient de d\u00e9cr\u00e9ter \u00e0 partir de ce mercredi un deuil national. Celui-ci intervient deux jours ...","robots":{"index":"index","follow":"follow","max-snippet":"max-snippet:-1","max-image-preview":"max-image-preview:large","max-video-preview":"max-video-preview:-1"},"canonical":"https:\/\/www.africa-press.net\/niger\/politique\/niger-deuil-national-apres-un-nouveau-massacre-dans-louest-du-pays","og_locale":"fr_FR","og_type":"article","og_title":"deuil national apr\u00e8s un nouveau massacre dans l'ouest du pays","og_description":"Le gouvernement nig\u00e9rien vient de d\u00e9cr\u00e9ter \u00e0 partir de ce mercredi un deuil national. Celui-ci intervient deux jours ...","og_url":"https:\/\/www.africa-press.net\/niger\/politique\/niger-deuil-national-apres-un-nouveau-massacre-dans-louest-du-pays","og_site_name":"niger","article_published_time":"2021-08-20T12:24:23+00:00","article_modified_time":"2021-08-20T20:00:38+00:00","og_image":[{"width":770,"height":433,"url":"https:\/\/static.africa-press.net\/niger\/sites\/40\/2021\/08\/img-611f8ac00510c.jpg","type":"image\/jpeg"}],"author":"cfeditorfr","twitter_card":"summary_large_image","twitter_misc":{"\u00c9crit par":"cfeditorfr","Dur\u00e9e de lecture estim\u00e9e":"2 minutes"},"schema":{"@context":"https:\/\/schema.org","@graph":[{"@type":"Article","@id":"https:\/\/www.africa-press.net\/niger\/politique\/niger-deuil-national-apres-un-nouveau-massacre-dans-louest-du-pays#article","isPartOf":{"@id":"https:\/\/www.africa-press.net\/niger\/politique\/niger-deuil-national-apres-un-nouveau-massacre-dans-louest-du-pays"},"author":{"name":"cfeditorfr","@id":"https:\/\/www.africa-press.net\/niger\/#\/schema\/person\/2b1cf3cd81a31e3cd26889ca66d677f1"},"headline":"deuil national apr\u00e8s un nouveau massacre dans l&rsquo;ouest du pays","datePublished":"2021-08-20T12:24:23+00:00","dateModified":"2021-08-20T20:00:38+00:00","mainEntityOfPage":{"@id":"https:\/\/www.africa-press.net\/niger\/politique\/niger-deuil-national-apres-un-nouveau-massacre-dans-louest-du-pays"},"wordCount":480,"commentCount":0,"image":{"@id":"https:\/\/www.africa-press.net\/niger\/politique\/niger-deuil-national-apres-un-nouveau-massacre-dans-louest-du-pays#primaryimage"},"thumbnailUrl":"https:\/\/static.africa-press.net\/niger\/sites\/40\/2021\/08\/img-611f8ac00510c.jpg","keywords":["Africa Press","Africa Press-Niger","Niger"],"articleSection":["homepage-french","Politique","Top Nouvelles","Toutes les actualit\u00e9s"],"inLanguage":"fr-FR","potentialAction":[{"@type":"CommentAction","name":"Comment","target":["https:\/\/www.africa-press.net\/niger\/politique\/niger-deuil-national-apres-un-nouveau-massacre-dans-louest-du-pays#respond"]}]},{"@type":"WebPage","@id":"https:\/\/www.africa-press.net\/niger\/politique\/niger-deuil-national-apres-un-nouveau-massacre-dans-louest-du-pays","url":"https:\/\/www.africa-press.net\/niger\/politique\/niger-deuil-national-apres-un-nouveau-massacre-dans-louest-du-pays","name":"deuil national apr\u00e8s un nouveau massacre dans l'ouest du pays - niger","isPartOf":{"@id":"https:\/\/www.africa-press.net\/niger\/#website"},"primaryImageOfPage":{"@id":"https:\/\/www.africa-press.net\/niger\/politique\/niger-deuil-national-apres-un-nouveau-massacre-dans-louest-du-pays#primaryimage"},"image":{"@id":"https:\/\/www.africa-press.net\/niger\/politique\/niger-deuil-national-apres-un-nouveau-massacre-dans-louest-du-pays#primaryimage"},"thumbnailUrl":"https:\/\/static.africa-press.net\/niger\/sites\/40\/2021\/08\/img-611f8ac00510c.jpg","datePublished":"2021-08-20T12:24:23+00:00","dateModified":"2021-08-20T20:00:38+00:00","author":{"@id":"https:\/\/www.africa-press.net\/niger\/#\/schema\/person\/2b1cf3cd81a31e3cd26889ca66d677f1"},"description":"Le gouvernement nig\u00e9rien vient de d\u00e9cr\u00e9ter \u00e0 partir de ce mercredi un deuil national. Celui-ci intervient deux jours ...","breadcrumb":{"@id":"https:\/\/www.africa-press.net\/niger\/politique\/niger-deuil-national-apres-un-nouveau-massacre-dans-louest-du-pays#breadcrumb"},"inLanguage":"fr-FR","potentialAction":[{"@type":"ReadAction","target":["https:\/\/www.africa-press.net\/niger\/politique\/niger-deuil-national-apres-un-nouveau-massacre-dans-louest-du-pays"]}]},{"@type":"ImageObject","inLanguage":"fr-FR","@id":"https:\/\/www.africa-press.net\/niger\/politique\/niger-deuil-national-apres-un-nouveau-massacre-dans-louest-du-pays#primaryimage","url":"https:\/\/static.africa-press.net\/niger\/sites\/40\/2021\/08\/img-611f8ac00510c.jpg","contentUrl":"https:\/\/static.africa-press.net\/niger\/sites\/40\/2021\/08\/img-611f8ac00510c.jpg","width":770,"height":433,"caption":"Niger: deuil national apr\u00e8s un nouveau massacre dans l'ouest du pays"},{"@type":"BreadcrumbList","@id":"https:\/\/www.africa-press.net\/niger\/politique\/niger-deuil-national-apres-un-nouveau-massacre-dans-louest-du-pays#breadcrumb","itemListElement":[{"@type":"ListItem","position":1,"name":"Accueil","item":"https:\/\/www.africa-press.net\/niger\/"},{"@type":"ListItem","position":2,"name":"deuil national apr\u00e8s un nouveau massacre dans l&#8217;ouest du pays"}]},{"@type":"WebSite","@id":"https:\/\/www.africa-press.net\/niger\/#website","url":"https:\/\/www.africa-press.net\/niger\/","name":"niger","description":"Just another Africa News Agency Sites site","potentialAction":[{"@type":"SearchAction","target":{"@type":"EntryPoint","urlTemplate":"https:\/\/www.africa-press.net\/niger\/?s={search_term_string}"},"query-input":{"@type":"PropertyValueSpecification","valueRequired":true,"valueName":"search_term_string"}}],"inLanguage":"fr-FR"},{"@type":"Person","@id":"https:\/\/www.africa-press.net\/niger\/#\/schema\/person\/2b1cf3cd81a31e3cd26889ca66d677f1","name":"cfeditorfr"}]}},"_links":{"self":[{"href":"https:\/\/www.africa-press.net\/niger\/wp-json\/wp\/v2\/posts\/10395","targetHints":{"allow":["GET"]}}],"collection":[{"href":"https:\/\/www.africa-press.net\/niger\/wp-json\/wp\/v2\/posts"}],"about":[{"href":"https:\/\/www.africa-press.net\/niger\/wp-json\/wp\/v2\/types\/post"}],"author":[{"embeddable":true,"href":"https:\/\/www.africa-press.net\/niger\/wp-json\/wp\/v2\/users\/82"}],"replies":[{"embeddable":true,"href":"https:\/\/www.africa-press.net\/niger\/wp-json\/wp\/v2\/comments?post=10395"}],"version-history":[{"count":0,"href":"https:\/\/www.africa-press.net\/niger\/wp-json\/wp\/v2\/posts\/10395\/revisions"}],"wp:featuredmedia":[{"embeddable":true,"href":"https:\/\/www.africa-press.net\/niger\/wp-json\/wp\/v2\/media\/10394"}],"wp:attachment":[{"href":"https:\/\/www.africa-press.net\/niger\/wp-json\/wp\/v2\/media?parent=10395"}],"wp:term":[{"taxonomy":"category","embeddable":true,"href":"https:\/\/www.africa-press.net\/niger\/wp-json\/wp\/v2\/categories?post=10395"},{"taxonomy":"post_tag","embeddable":true,"href":"https:\/\/www.africa-press.net\/niger\/wp-json\/wp\/v2\/tags?post=10395"}],"curies":[{"name":"wp","href":"https:\/\/api.w.org\/{rel}","templated":true}]}}