{"id":10398,"date":"2021-08-20T12:34:05","date_gmt":"2021-08-20T12:34:05","guid":{"rendered":"https:\/\/www.africa-press.net\/niger\/?p=10398"},"modified":"2021-08-20T20:00:45","modified_gmt":"2021-08-20T20:00:45","slug":"conference-de-presse-de-la-federation-nigerienne-dathletisme-le-point-sur-la-participation-des-athletes-nigeriens-aux-jo-de-tokyo-2020","status":"publish","type":"post","link":"https:\/\/www.africa-press.net\/niger\/sports\/conference-de-presse-de-la-federation-nigerienne-dathletisme-le-point-sur-la-participation-des-athletes-nigeriens-aux-jo-de-tokyo-2020","title":{"rendered":"Conf\u00e9rence de presse de la F\u00e9d\u00e9ration Nig\u00e9rienne d\u2019Athl\u00e9tisme : Le point sur la participation des athl\u00e8tes nig\u00e9riens aux JO de Tokyo 2020"},"content":{"rendered":"<p><span style=\"color: #ff6600\"><strong><a href=\"https:\/\/www.africa-press.net\/\">Africa-Press<\/a> &#8211; <a href=\"https:\/\/www.africa-press.net\/niger\">Niger<\/a>. <\/strong><\/span>Le pr\u00e9sident de la ligue r\u00e9gionale d\u2019Athl\u00e9tisme de Niamey, M. Chafi Djibrina repr\u00e9sentant la F\u00e9d\u00e9ration Nig\u00e9rienne d\u2019Athl\u00e9tisme a anim\u00e9 un point de presse le jeudi 12 ao\u00fbt dernier pour apporter des clarifications concernant la participation des athl\u00e8tes nig\u00e9riens aux Jeux olympiques de Tokyo ainsi que la performance enregistr\u00e9e par ces derniers.<\/p>\n<p>A l\u2019entame de ses propos M. Chafi Djibrina a remerci\u00e9 tous ceux qui ont \u0153uvr\u00e9 pour la participation des athl\u00e8tes du Niger aux Jeux Olympiques de Tokyo. Il s\u2019est f\u00e9licit\u00e9 de l\u2019accompagnement du Comit\u00e9 Olympique Sportif National du Niger (COSNI) ayant assur\u00e9 la pr\u00e9paration des ambassadeurs du Niger \u00e0 Tokyo ainsi que les autorit\u00e9s nig\u00e9riennes. Deux athl\u00e8tes du Niger ont pris part aux jeux de Tokyo dont Aminatou Seyni Moumouni d\u00e9tentrice des records nationaux sur 100 m et 200 m, qui s\u2019est qualifi\u00e9e aux jeux en r\u00e9alisant le minima de 200 m lors du championnat du monde qui s\u2019est tenu \u00e0 Doha en 2019. Lors de cette rencontre, elle a donn\u00e9 au Niger sa toute premi\u00e8re participation \u00e0 une demi-finale d\u2019un championnat du monde. Elle a honor\u00e9 le Niger lors des jeux Olympiques de Tokyo en atteignant la phase de demi-finale avant de finir 5\u00e8me de sa s\u00e9rie. Elle a r\u00e9ussi \u00e0 \u00e9tablir un nouveau record national du 200m en enregistrant 22\u2019\u201954.<\/p>\n<p>Quant \u00e0 Saguirou Badamassi qui est d\u00e9tenteur du record national du 110 m haie, il a \u00e9t\u00e9 d\u00e9sign\u00e9 pour occuper l\u2019unique place d\u2019universalit\u00e9 revenant au Niger. D\u2019apr\u00e8s M. Chafi Djibrina, cet athl\u00e8te nig\u00e9rien n\u2019a pas pu s\u2019exprimer dans sa discipline qui est le 110 m haie. Le jeune a finalement concouru sur le 100 m en r\u00e9alisant la meilleure performance du Niger de cette cat\u00e9gorie en 10\u2019\u201987. M. Chafi Djibrina a rappel\u00e9 que la derni\u00e8re meilleure performance nig\u00e9rienne d\u2019un athl\u00e8te sur 100 m lors d\u2019une comp\u00e9tition relevant de World Athletics \u00e9tait de 11\u2019\u201922 r\u00e9alis\u00e9 au cours du championnat de la CEDEAO de 2019 \u00e0 Niamey.<\/p>\n<p>R\u00e9pondant aux pr\u00e9occupations des journalistes concernant la d\u00e9signation de Saguirou Badamassi, M. Chafi a d\u2019abord rappel\u00e9 que la s\u00e9lection a \u00e9t\u00e9 faite par l\u2019ancien Bureau Ex\u00e9cutif de la F\u00e9d\u00e9ration Nig\u00e9rienne d\u2019Athl\u00e9tisme. Selon lui, c\u2019est une situation que bureau actuel a h\u00e9rit\u00e9 du bureau sortant et il a assum\u00e9 le choix qui a \u00e9t\u00e9 effectu\u00e9. Pour ce qui est de la participation de l\u2019athl\u00e8te Aminatou Seyni, le pr\u00e9sident de la ligue r\u00e9gionale a relev\u00e9 entre autres le manque de pr\u00e9paration li\u00e9 \u00e0 des soubresauts ayant caract\u00e9ris\u00e9 sa participation. Il a indiqu\u00e9 que le temps consacr\u00e9 \u00e0 l\u2019athl\u00e8te pour se pr\u00e9parer \u00e9tait court. \u00abMalgr\u00e9 tout, elle a battu son record\u00bb a-t-il d\u00e9clar\u00e9. M. Chafi Djibrina a annonc\u00e9 que le cap est fix\u00e9 pour une meilleure participation aux jeux de Paris en 2024.<\/p>\n<p><b>\u00a0<\/b><\/p>\n","protected":false},"excerpt":{"rendered":"<p>Africa-Press &#8211; Niger. Le pr\u00e9sident de la ligue r\u00e9gionale d\u2019Athl\u00e9tisme de Niamey, M. Chafi Djibrina repr\u00e9sentant la F\u00e9d\u00e9ration Nig\u00e9rienne d\u2019Athl\u00e9tisme a anim\u00e9 un point de presse le jeudi 12 ao\u00fbt dernier pour apporter des clarifications concernant la participation des athl\u00e8tes nig\u00e9riens aux Jeux olympiques de Tokyo ainsi que la performance enregistr\u00e9e par ces derniers. A [&hellip;]<\/p>\n","protected":false},"author":82,"featured_media":10397,"comment_status":"open","ping_status":"closed","sticky":false,"template":"","format":"standard","meta":{"footnotes":""},"categories":[11,6,10],"tags":[55,60,29],"class_list":["post-10398","post","type-post","status-publish","format-standard","has-post-thumbnail","hentry","category-homepage-french","category-sports","category-toutes-les-actualites","tag-africa-press","tag-africa-press-niger","tag-niger"],"yoast_head":"<!-- This site is optimized with the Yoast SEO Premium plugin v26.1 (Yoast SEO v27.0) - https:\/\/yoast.com\/product\/yoast-seo-premium-wordpress\/ -->\n<title>Conf\u00e9rence de presse de la F\u00e9d\u00e9ration Nig\u00e9rienne d\u2019Athl\u00e9tisme : Le point sur la participation des athl\u00e8tes nig\u00e9riens aux JO de Tokyo 2020 - niger<\/title>\n<meta name=\"description\" content=\"\ufeffLe pr\u00e9sident de la ligue r\u00e9gionale d\u2019Athl\u00e9tisme de Niamey, M. Chafi Djibrina repr\u00e9sentant la F\u00e9d\u00e9ration Nig\u00e9rienne d\u2019At ...\" \/>\n<meta name=\"robots\" content=\"index, follow, max-snippet:-1, max-image-preview:large, max-video-preview:-1\" \/>\n<link rel=\"canonical\" href=\"https:\/\/www.africa-press.net\/niger\/sports\/conference-de-presse-de-la-federation-nigerienne-dathletisme-le-point-sur-la-participation-des-athletes-nigeriens-aux-jo-de-tokyo-2020\" \/>\n<meta property=\"og:locale\" content=\"fr_FR\" \/>\n<meta property=\"og:type\" content=\"article\" \/>\n<meta property=\"og:title\" content=\"Conf\u00e9rence de presse de la F\u00e9d\u00e9ration Nig\u00e9rienne d\u2019Athl\u00e9tisme : Le point sur la participation des athl\u00e8tes nig\u00e9riens aux JO de Tokyo 2020\" \/>\n<meta property=\"og:description\" content=\"\ufeffLe pr\u00e9sident de la ligue r\u00e9gionale d\u2019Athl\u00e9tisme de Niamey, M. Chafi Djibrina repr\u00e9sentant la F\u00e9d\u00e9ration Nig\u00e9rienne d\u2019At ...\" \/>\n<meta property=\"og:url\" content=\"https:\/\/www.africa-press.net\/niger\/sports\/conference-de-presse-de-la-federation-nigerienne-dathletisme-le-point-sur-la-participation-des-athletes-nigeriens-aux-jo-de-tokyo-2020\" \/>\n<meta property=\"og:site_name\" content=\"niger\" \/>\n<meta property=\"article:published_time\" content=\"2021-08-20T12:34:05+00:00\" \/>\n<meta property=\"article:modified_time\" content=\"2021-08-20T20:00:45+00:00\" \/>\n<meta property=\"og:image\" content=\"https:\/\/static.africa-press.net\/niger\/sites\/40\/2021\/08\/img-611f8aed9bceb.jpg\" \/>\n\t<meta property=\"og:image:width\" content=\"720\" \/>\n\t<meta property=\"og:image:height\" content=\"396\" \/>\n\t<meta property=\"og:image:type\" content=\"image\/jpeg\" \/>\n<meta name=\"author\" content=\"cfeditorfr\" \/>\n<meta name=\"twitter:card\" content=\"summary_large_image\" \/>\n<meta name=\"twitter:label1\" content=\"\u00c9crit par\" \/>\n\t<meta name=\"twitter:data1\" content=\"cfeditorfr\" \/>\n\t<meta name=\"twitter:label2\" content=\"Dur\u00e9e de lecture estim\u00e9e\" \/>\n\t<meta name=\"twitter:data2\" content=\"3 minutes\" \/>\n<script type=\"application\/ld+json\" class=\"yoast-schema-graph\">{\"@context\":\"https:\/\/schema.org\",\"@graph\":[{\"@type\":\"Article\",\"@id\":\"https:\/\/www.africa-press.net\/niger\/sports\/conference-de-presse-de-la-federation-nigerienne-dathletisme-le-point-sur-la-participation-des-athletes-nigeriens-aux-jo-de-tokyo-2020#article\",\"isPartOf\":{\"@id\":\"https:\/\/www.africa-press.net\/niger\/sports\/conference-de-presse-de-la-federation-nigerienne-dathletisme-le-point-sur-la-participation-des-athletes-nigeriens-aux-jo-de-tokyo-2020\"},\"author\":{\"name\":\"cfeditorfr\",\"@id\":\"https:\/\/www.africa-press.net\/niger\/#\/schema\/person\/2b1cf3cd81a31e3cd26889ca66d677f1\"},\"headline\":\"Conf\u00e9rence de presse de la F\u00e9d\u00e9ration Nig\u00e9rienne d\u2019Athl\u00e9tisme : Le point sur la participation des athl\u00e8tes nig\u00e9riens aux JO de Tokyo 2020\",\"datePublished\":\"2021-08-20T12:34:05+00:00\",\"dateModified\":\"2021-08-20T20:00:45+00:00\",\"mainEntityOfPage\":{\"@id\":\"https:\/\/www.africa-press.net\/niger\/sports\/conference-de-presse-de-la-federation-nigerienne-dathletisme-le-point-sur-la-participation-des-athletes-nigeriens-aux-jo-de-tokyo-2020\"},\"wordCount\":532,\"commentCount\":0,\"image\":{\"@id\":\"https:\/\/www.africa-press.net\/niger\/sports\/conference-de-presse-de-la-federation-nigerienne-dathletisme-le-point-sur-la-participation-des-athletes-nigeriens-aux-jo-de-tokyo-2020#primaryimage\"},\"thumbnailUrl\":\"https:\/\/static.africa-press.net\/niger\/sites\/40\/2021\/08\/img-611f8aed9bceb.jpg\",\"keywords\":[\"Africa Press\",\"Africa Press-Niger\",\"Niger\"],\"articleSection\":[\"homepage-french\",\"Sports\",\"Toutes les actualit\u00e9s\"],\"inLanguage\":\"fr-FR\",\"potentialAction\":[{\"@type\":\"CommentAction\",\"name\":\"Comment\",\"target\":[\"https:\/\/www.africa-press.net\/niger\/sports\/conference-de-presse-de-la-federation-nigerienne-dathletisme-le-point-sur-la-participation-des-athletes-nigeriens-aux-jo-de-tokyo-2020#respond\"]}]},{\"@type\":\"WebPage\",\"@id\":\"https:\/\/www.africa-press.net\/niger\/sports\/conference-de-presse-de-la-federation-nigerienne-dathletisme-le-point-sur-la-participation-des-athletes-nigeriens-aux-jo-de-tokyo-2020\",\"url\":\"https:\/\/www.africa-press.net\/niger\/sports\/conference-de-presse-de-la-federation-nigerienne-dathletisme-le-point-sur-la-participation-des-athletes-nigeriens-aux-jo-de-tokyo-2020\",\"name\":\"Conf\u00e9rence de presse de la F\u00e9d\u00e9ration Nig\u00e9rienne d\u2019Athl\u00e9tisme : Le point sur la participation des athl\u00e8tes nig\u00e9riens aux JO de Tokyo 2020 - niger\",\"isPartOf\":{\"@id\":\"https:\/\/www.africa-press.net\/niger\/#website\"},\"primaryImageOfPage\":{\"@id\":\"https:\/\/www.africa-press.net\/niger\/sports\/conference-de-presse-de-la-federation-nigerienne-dathletisme-le-point-sur-la-participation-des-athletes-nigeriens-aux-jo-de-tokyo-2020#primaryimage\"},\"image\":{\"@id\":\"https:\/\/www.africa-press.net\/niger\/sports\/conference-de-presse-de-la-federation-nigerienne-dathletisme-le-point-sur-la-participation-des-athletes-nigeriens-aux-jo-de-tokyo-2020#primaryimage\"},\"thumbnailUrl\":\"https:\/\/static.africa-press.net\/niger\/sites\/40\/2021\/08\/img-611f8aed9bceb.jpg\",\"datePublished\":\"2021-08-20T12:34:05+00:00\",\"dateModified\":\"2021-08-20T20:00:45+00:00\",\"author\":{\"@id\":\"https:\/\/www.africa-press.net\/niger\/#\/schema\/person\/2b1cf3cd81a31e3cd26889ca66d677f1\"},\"description\":\"\ufeffLe pr\u00e9sident de la ligue r\u00e9gionale d\u2019Athl\u00e9tisme de Niamey, M. Chafi Djibrina repr\u00e9sentant la F\u00e9d\u00e9ration Nig\u00e9rienne d\u2019At ...\",\"breadcrumb\":{\"@id\":\"https:\/\/www.africa-press.net\/niger\/sports\/conference-de-presse-de-la-federation-nigerienne-dathletisme-le-point-sur-la-participation-des-athletes-nigeriens-aux-jo-de-tokyo-2020#breadcrumb\"},\"inLanguage\":\"fr-FR\",\"potentialAction\":[{\"@type\":\"ReadAction\",\"target\":[\"https:\/\/www.africa-press.net\/niger\/sports\/conference-de-presse-de-la-federation-nigerienne-dathletisme-le-point-sur-la-participation-des-athletes-nigeriens-aux-jo-de-tokyo-2020\"]}]},{\"@type\":\"ImageObject\",\"inLanguage\":\"fr-FR\",\"@id\":\"https:\/\/www.africa-press.net\/niger\/sports\/conference-de-presse-de-la-federation-nigerienne-dathletisme-le-point-sur-la-participation-des-athletes-nigeriens-aux-jo-de-tokyo-2020#primaryimage\",\"url\":\"https:\/\/static.africa-press.net\/niger\/sites\/40\/2021\/08\/img-611f8aed9bceb.jpg\",\"contentUrl\":\"https:\/\/static.africa-press.net\/niger\/sites\/40\/2021\/08\/img-611f8aed9bceb.jpg\",\"width\":720,\"height\":396,\"caption\":\"Conf\u00e9rence de presse de la F\u00e9d\u00e9ration Nig\u00e9rienne d\u2019Athl\u00e9tisme : Le point sur la participation des athl\u00e8tes nig\u00e9riens aux JO de Tokyo 2020\"},{\"@type\":\"BreadcrumbList\",\"@id\":\"https:\/\/www.africa-press.net\/niger\/sports\/conference-de-presse-de-la-federation-nigerienne-dathletisme-le-point-sur-la-participation-des-athletes-nigeriens-aux-jo-de-tokyo-2020#breadcrumb\",\"itemListElement\":[{\"@type\":\"ListItem\",\"position\":1,\"name\":\"Accueil\",\"item\":\"https:\/\/www.africa-press.net\/niger\/\"},{\"@type\":\"ListItem\",\"position\":2,\"name\":\"Conf\u00e9rence de presse de la F\u00e9d\u00e9ration Nig\u00e9rienne d\u2019Athl\u00e9tisme : Le point sur la participation des athl\u00e8tes nig\u00e9riens aux JO de Tokyo 2020\"}]},{\"@type\":\"WebSite\",\"@id\":\"https:\/\/www.africa-press.net\/niger\/#website\",\"url\":\"https:\/\/www.africa-press.net\/niger\/\",\"name\":\"niger\",\"description\":\"Just another Africa News Agency Sites site\",\"potentialAction\":[{\"@type\":\"SearchAction\",\"target\":{\"@type\":\"EntryPoint\",\"urlTemplate\":\"https:\/\/www.africa-press.net\/niger\/?s={search_term_string}\"},\"query-input\":{\"@type\":\"PropertyValueSpecification\",\"valueRequired\":true,\"valueName\":\"search_term_string\"}}],\"inLanguage\":\"fr-FR\"},{\"@type\":\"Person\",\"@id\":\"https:\/\/www.africa-press.net\/niger\/#\/schema\/person\/2b1cf3cd81a31e3cd26889ca66d677f1\",\"name\":\"cfeditorfr\"}]}<\/script>\n<!-- \/ Yoast SEO Premium plugin. -->","yoast_head_json":{"title":"Conf\u00e9rence de presse de la F\u00e9d\u00e9ration Nig\u00e9rienne d\u2019Athl\u00e9tisme : Le point sur la participation des athl\u00e8tes nig\u00e9riens aux JO de Tokyo 2020 - niger","description":"\ufeffLe pr\u00e9sident de la ligue r\u00e9gionale d\u2019Athl\u00e9tisme de Niamey, M. Chafi Djibrina repr\u00e9sentant la F\u00e9d\u00e9ration Nig\u00e9rienne d\u2019At ...","robots":{"index":"index","follow":"follow","max-snippet":"max-snippet:-1","max-image-preview":"max-image-preview:large","max-video-preview":"max-video-preview:-1"},"canonical":"https:\/\/www.africa-press.net\/niger\/sports\/conference-de-presse-de-la-federation-nigerienne-dathletisme-le-point-sur-la-participation-des-athletes-nigeriens-aux-jo-de-tokyo-2020","og_locale":"fr_FR","og_type":"article","og_title":"Conf\u00e9rence de presse de la F\u00e9d\u00e9ration Nig\u00e9rienne d\u2019Athl\u00e9tisme : Le point sur la participation des athl\u00e8tes nig\u00e9riens aux JO de Tokyo 2020","og_description":"\ufeffLe pr\u00e9sident de la ligue r\u00e9gionale d\u2019Athl\u00e9tisme de Niamey, M. Chafi Djibrina repr\u00e9sentant la F\u00e9d\u00e9ration Nig\u00e9rienne d\u2019At ...","og_url":"https:\/\/www.africa-press.net\/niger\/sports\/conference-de-presse-de-la-federation-nigerienne-dathletisme-le-point-sur-la-participation-des-athletes-nigeriens-aux-jo-de-tokyo-2020","og_site_name":"niger","article_published_time":"2021-08-20T12:34:05+00:00","article_modified_time":"2021-08-20T20:00:45+00:00","og_image":[{"width":720,"height":396,"url":"https:\/\/static.africa-press.net\/niger\/sites\/40\/2021\/08\/img-611f8aed9bceb.jpg","type":"image\/jpeg"}],"author":"cfeditorfr","twitter_card":"summary_large_image","twitter_misc":{"\u00c9crit par":"cfeditorfr","Dur\u00e9e de lecture estim\u00e9e":"3 minutes"},"schema":{"@context":"https:\/\/schema.org","@graph":[{"@type":"Article","@id":"https:\/\/www.africa-press.net\/niger\/sports\/conference-de-presse-de-la-federation-nigerienne-dathletisme-le-point-sur-la-participation-des-athletes-nigeriens-aux-jo-de-tokyo-2020#article","isPartOf":{"@id":"https:\/\/www.africa-press.net\/niger\/sports\/conference-de-presse-de-la-federation-nigerienne-dathletisme-le-point-sur-la-participation-des-athletes-nigeriens-aux-jo-de-tokyo-2020"},"author":{"name":"cfeditorfr","@id":"https:\/\/www.africa-press.net\/niger\/#\/schema\/person\/2b1cf3cd81a31e3cd26889ca66d677f1"},"headline":"Conf\u00e9rence de presse de la F\u00e9d\u00e9ration Nig\u00e9rienne d\u2019Athl\u00e9tisme : Le point sur la participation des athl\u00e8tes nig\u00e9riens aux JO de Tokyo 2020","datePublished":"2021-08-20T12:34:05+00:00","dateModified":"2021-08-20T20:00:45+00:00","mainEntityOfPage":{"@id":"https:\/\/www.africa-press.net\/niger\/sports\/conference-de-presse-de-la-federation-nigerienne-dathletisme-le-point-sur-la-participation-des-athletes-nigeriens-aux-jo-de-tokyo-2020"},"wordCount":532,"commentCount":0,"image":{"@id":"https:\/\/www.africa-press.net\/niger\/sports\/conference-de-presse-de-la-federation-nigerienne-dathletisme-le-point-sur-la-participation-des-athletes-nigeriens-aux-jo-de-tokyo-2020#primaryimage"},"thumbnailUrl":"https:\/\/static.africa-press.net\/niger\/sites\/40\/2021\/08\/img-611f8aed9bceb.jpg","keywords":["Africa Press","Africa Press-Niger","Niger"],"articleSection":["homepage-french","Sports","Toutes les actualit\u00e9s"],"inLanguage":"fr-FR","potentialAction":[{"@type":"CommentAction","name":"Comment","target":["https:\/\/www.africa-press.net\/niger\/sports\/conference-de-presse-de-la-federation-nigerienne-dathletisme-le-point-sur-la-participation-des-athletes-nigeriens-aux-jo-de-tokyo-2020#respond"]}]},{"@type":"WebPage","@id":"https:\/\/www.africa-press.net\/niger\/sports\/conference-de-presse-de-la-federation-nigerienne-dathletisme-le-point-sur-la-participation-des-athletes-nigeriens-aux-jo-de-tokyo-2020","url":"https:\/\/www.africa-press.net\/niger\/sports\/conference-de-presse-de-la-federation-nigerienne-dathletisme-le-point-sur-la-participation-des-athletes-nigeriens-aux-jo-de-tokyo-2020","name":"Conf\u00e9rence de presse de la F\u00e9d\u00e9ration Nig\u00e9rienne d\u2019Athl\u00e9tisme : Le point sur la participation des athl\u00e8tes nig\u00e9riens aux JO de Tokyo 2020 - niger","isPartOf":{"@id":"https:\/\/www.africa-press.net\/niger\/#website"},"primaryImageOfPage":{"@id":"https:\/\/www.africa-press.net\/niger\/sports\/conference-de-presse-de-la-federation-nigerienne-dathletisme-le-point-sur-la-participation-des-athletes-nigeriens-aux-jo-de-tokyo-2020#primaryimage"},"image":{"@id":"https:\/\/www.africa-press.net\/niger\/sports\/conference-de-presse-de-la-federation-nigerienne-dathletisme-le-point-sur-la-participation-des-athletes-nigeriens-aux-jo-de-tokyo-2020#primaryimage"},"thumbnailUrl":"https:\/\/static.africa-press.net\/niger\/sites\/40\/2021\/08\/img-611f8aed9bceb.jpg","datePublished":"2021-08-20T12:34:05+00:00","dateModified":"2021-08-20T20:00:45+00:00","author":{"@id":"https:\/\/www.africa-press.net\/niger\/#\/schema\/person\/2b1cf3cd81a31e3cd26889ca66d677f1"},"description":"\ufeffLe pr\u00e9sident de la ligue r\u00e9gionale d\u2019Athl\u00e9tisme de Niamey, M. Chafi Djibrina repr\u00e9sentant la F\u00e9d\u00e9ration Nig\u00e9rienne d\u2019At ...","breadcrumb":{"@id":"https:\/\/www.africa-press.net\/niger\/sports\/conference-de-presse-de-la-federation-nigerienne-dathletisme-le-point-sur-la-participation-des-athletes-nigeriens-aux-jo-de-tokyo-2020#breadcrumb"},"inLanguage":"fr-FR","potentialAction":[{"@type":"ReadAction","target":["https:\/\/www.africa-press.net\/niger\/sports\/conference-de-presse-de-la-federation-nigerienne-dathletisme-le-point-sur-la-participation-des-athletes-nigeriens-aux-jo-de-tokyo-2020"]}]},{"@type":"ImageObject","inLanguage":"fr-FR","@id":"https:\/\/www.africa-press.net\/niger\/sports\/conference-de-presse-de-la-federation-nigerienne-dathletisme-le-point-sur-la-participation-des-athletes-nigeriens-aux-jo-de-tokyo-2020#primaryimage","url":"https:\/\/static.africa-press.net\/niger\/sites\/40\/2021\/08\/img-611f8aed9bceb.jpg","contentUrl":"https:\/\/static.africa-press.net\/niger\/sites\/40\/2021\/08\/img-611f8aed9bceb.jpg","width":720,"height":396,"caption":"Conf\u00e9rence de presse de la F\u00e9d\u00e9ration Nig\u00e9rienne d\u2019Athl\u00e9tisme : Le point sur la participation des athl\u00e8tes nig\u00e9riens aux JO de Tokyo 2020"},{"@type":"BreadcrumbList","@id":"https:\/\/www.africa-press.net\/niger\/sports\/conference-de-presse-de-la-federation-nigerienne-dathletisme-le-point-sur-la-participation-des-athletes-nigeriens-aux-jo-de-tokyo-2020#breadcrumb","itemListElement":[{"@type":"ListItem","position":1,"name":"Accueil","item":"https:\/\/www.africa-press.net\/niger\/"},{"@type":"ListItem","position":2,"name":"Conf\u00e9rence de presse de la F\u00e9d\u00e9ration Nig\u00e9rienne d\u2019Athl\u00e9tisme : Le point sur la participation des athl\u00e8tes nig\u00e9riens aux JO de Tokyo 2020"}]},{"@type":"WebSite","@id":"https:\/\/www.africa-press.net\/niger\/#website","url":"https:\/\/www.africa-press.net\/niger\/","name":"niger","description":"Just another Africa News Agency Sites site","potentialAction":[{"@type":"SearchAction","target":{"@type":"EntryPoint","urlTemplate":"https:\/\/www.africa-press.net\/niger\/?s={search_term_string}"},"query-input":{"@type":"PropertyValueSpecification","valueRequired":true,"valueName":"search_term_string"}}],"inLanguage":"fr-FR"},{"@type":"Person","@id":"https:\/\/www.africa-press.net\/niger\/#\/schema\/person\/2b1cf3cd81a31e3cd26889ca66d677f1","name":"cfeditorfr"}]}},"_links":{"self":[{"href":"https:\/\/www.africa-press.net\/niger\/wp-json\/wp\/v2\/posts\/10398","targetHints":{"allow":["GET"]}}],"collection":[{"href":"https:\/\/www.africa-press.net\/niger\/wp-json\/wp\/v2\/posts"}],"about":[{"href":"https:\/\/www.africa-press.net\/niger\/wp-json\/wp\/v2\/types\/post"}],"author":[{"embeddable":true,"href":"https:\/\/www.africa-press.net\/niger\/wp-json\/wp\/v2\/users\/82"}],"replies":[{"embeddable":true,"href":"https:\/\/www.africa-press.net\/niger\/wp-json\/wp\/v2\/comments?post=10398"}],"version-history":[{"count":0,"href":"https:\/\/www.africa-press.net\/niger\/wp-json\/wp\/v2\/posts\/10398\/revisions"}],"wp:featuredmedia":[{"embeddable":true,"href":"https:\/\/www.africa-press.net\/niger\/wp-json\/wp\/v2\/media\/10397"}],"wp:attachment":[{"href":"https:\/\/www.africa-press.net\/niger\/wp-json\/wp\/v2\/media?parent=10398"}],"wp:term":[{"taxonomy":"category","embeddable":true,"href":"https:\/\/www.africa-press.net\/niger\/wp-json\/wp\/v2\/categories?post=10398"},{"taxonomy":"post_tag","embeddable":true,"href":"https:\/\/www.africa-press.net\/niger\/wp-json\/wp\/v2\/tags?post=10398"}],"curies":[{"name":"wp","href":"https:\/\/api.w.org\/{rel}","templated":true}]}}