{"id":10404,"date":"2021-08-20T12:49:24","date_gmt":"2021-08-20T12:49:24","guid":{"rendered":"https:\/\/www.africa-press.net\/niger\/?p=10404"},"modified":"2021-08-20T20:01:05","modified_gmt":"2021-08-20T20:01:05","slug":"vente-des-fruits-et-legumes-une-flambee-des-prix-sur-les-marches-de-niamey","status":"publish","type":"post","link":"https:\/\/www.africa-press.net\/niger\/economie\/vente-des-fruits-et-legumes-une-flambee-des-prix-sur-les-marches-de-niamey","title":{"rendered":"Vente des fruits et l\u00e9gumes : Une flamb\u00e9e des prix sur les march\u00e9s de Niamey"},"content":{"rendered":"<p><span style=\"color: #ff6600\"><strong><a href=\"https:\/\/www.africa-press.net\/\">Africa-Press<\/a> &#8211; <a href=\"https:\/\/www.africa-press.net\/niger\">Niger<\/a>. <\/strong><\/span>Malgr\u00e9 la disponibilit\u00e9 des fruits et l\u00e9gumes sur les march\u00e9s de Niamey, leurs prix connaissent une hausse relative ces derniers temps. Une situation qui s\u2019explique, pendant la p\u00e9riode de l\u2019intersaison, o\u00f9 l\u2019essentiel de ces produits sont import\u00e9s au Niger.<\/p>\n<p>Sur les diff\u00e9rents march\u00e9s de la capitale, les clients se plaignent de la hausse des prix des produits saisonniers en l\u2019occurrence les fruits et l\u00e9gumes. L\u2019augmentation des prix des fruits et l\u00e9gumes s\u2019explique, selon Issoufou un vendeur des l\u00e9gumes au Petit March\u00e9, par le fait que la plupart de ces produits sont cultiv\u00e9s uniquement pendant la saison froide. \u00abApr\u00e8s cette saison, les commer\u00e7ants sont oblig\u00e9s d\u2019importer ces produits \u00e0 partir de certains pays de la sous r\u00e9gion et m\u00eame du Maroc\u00bb, explique-t-il. Sur le march\u00e9, en cette p\u00e9riode les prix des l\u00e9gumes comme la tomate, le chou, la pomme de terre, l\u2019oignon ont connu une hausse vertigineuse. Ainsi, le sceau de la tomate se vend 6000 FCFA, alors qu\u2019il coutait pendant la p\u00e9riode de production 1500 FCFA, soit une augmentation de 4500 FCFA. Actuellement, la tomate est import\u00e9e \u00e0 partir du Nig\u00e9ria.<\/p>\n<p>Quant au sac de chou, il est pass\u00e9 de 6500 FCFA \u00e0 15.000 FCFA. S\u2019agissant de la pomme de terre, a dit M. Issoufou, le prix est actuellement de 600 FCFA\/kilo contre 300 FCFA \/kilo pendant la p\u00e9riode de production. L\u2019aubergine et le piment frais ont aussi connu dans la foul\u00e9e une hausse inqui\u00e9tante pour les consommateurs. Le panier de la m\u00e9nag\u00e8re ne fait que subir un coup au regard de la chert\u00e9 des l\u00e9gumes sur le march\u00e9. Le prix du sceau de l\u2019aubergine a plus que tripl\u00e9 passant de 4000 FCFA \u00e0 15.000 FCFA. Le prix du sac de piment frais a quant lui quadrupl\u00e9 pour se vendre \u00e0 6000 FCFA. Ces produits qui sont indispensables dans l\u2019alimentation de la population ne sont cultivables pour l\u2019essentiel que pendant la p\u00e9riode de froid parce que le Niger a un climat tr\u00e8s capricieux. La majorit\u00e9 de ces l\u00e9gumes sont import\u00e9s \u00e0 partir B\u00e9nin, la pomme de terre et la tomate sont import\u00e9es du Maroc. La carotte et les poivrons proviennent du Nigeria.<\/p>\n<p>S\u2019agissant des fruits, ils sont aussi chers sur le march\u00e9. Selon Amadou, un vendeur de fruits au Petit March\u00e9 de Niamey, ce commerce n\u2019est pas une activit\u00e9 dans laquelle on pourrait r\u00e9aliser de grands projets. Elle permet tout de m\u00eame \u00e0 ceux qui s\u2019y adonnent de pouvoir subvenir aux besoins quotidiens de la famille. A la diff\u00e9rence des l\u00e9gumes, les fruits ont moins de b\u00e9n\u00e9fice. \u00abNous achetons les fruits pour r\u00e9pondre \u00e0 la demande de nos clients. L\u2019ananas, la banane, l\u2019orange, les mangues, la papaye, le melon ; la past\u00e8que etc. sont entre autres les principaux fruits que nous vendons\u00bb, t\u00e9moigne M. Amadou.<\/p>\n<p><b>\u00a0<\/b><\/p>\n","protected":false},"excerpt":{"rendered":"<p>Africa-Press &#8211; Niger. Malgr\u00e9 la disponibilit\u00e9 des fruits et l\u00e9gumes sur les march\u00e9s de Niamey, leurs prix connaissent une hausse relative ces derniers temps. Une situation qui s\u2019explique, pendant la p\u00e9riode de l\u2019intersaison, o\u00f9 l\u2019essentiel de ces produits sont import\u00e9s au Niger. Sur les diff\u00e9rents march\u00e9s de la capitale, les clients se plaignent de la [&hellip;]<\/p>\n","protected":false},"author":82,"featured_media":10403,"comment_status":"open","ping_status":"closed","sticky":false,"template":"","format":"standard","meta":{"footnotes":""},"categories":[3,11,10],"tags":[55,60,29],"class_list":["post-10404","post","type-post","status-publish","format-standard","has-post-thumbnail","hentry","category-economie","category-homepage-french","category-toutes-les-actualites","tag-africa-press","tag-africa-press-niger","tag-niger"],"yoast_head":"<!-- This site is optimized with the Yoast SEO Premium plugin v26.1 (Yoast SEO v27.0) - https:\/\/yoast.com\/product\/yoast-seo-premium-wordpress\/ -->\n<title>Vente des fruits et l\u00e9gumes : Une flamb\u00e9e des prix sur les march\u00e9s de Niamey - niger<\/title>\n<meta name=\"description\" content=\"\ufeffMalgr\u00e9 la disponibilit\u00e9 des fruits et l\u00e9gumes sur les march\u00e9s de Niamey, leurs prix connaissent une hausse relative ces ...\" \/>\n<meta name=\"robots\" content=\"index, follow, max-snippet:-1, max-image-preview:large, max-video-preview:-1\" \/>\n<link rel=\"canonical\" href=\"https:\/\/www.africa-press.net\/niger\/economie\/vente-des-fruits-et-legumes-une-flambee-des-prix-sur-les-marches-de-niamey\" \/>\n<meta property=\"og:locale\" content=\"fr_FR\" \/>\n<meta property=\"og:type\" content=\"article\" \/>\n<meta property=\"og:title\" content=\"Vente des fruits et l\u00e9gumes : Une flamb\u00e9e des prix sur les march\u00e9s de Niamey\" \/>\n<meta property=\"og:description\" content=\"\ufeffMalgr\u00e9 la disponibilit\u00e9 des fruits et l\u00e9gumes sur les march\u00e9s de Niamey, leurs prix connaissent une hausse relative ces ...\" \/>\n<meta property=\"og:url\" content=\"https:\/\/www.africa-press.net\/niger\/economie\/vente-des-fruits-et-legumes-une-flambee-des-prix-sur-les-marches-de-niamey\" \/>\n<meta property=\"og:site_name\" content=\"niger\" \/>\n<meta property=\"article:published_time\" content=\"2021-08-20T12:49:24+00:00\" \/>\n<meta property=\"article:modified_time\" content=\"2021-08-20T20:01:05+00:00\" \/>\n<meta property=\"og:image\" content=\"https:\/\/static.africa-press.net\/niger\/sites\/40\/2021\/08\/img-611f8b6f52407.jpg\" \/>\n\t<meta property=\"og:image:width\" content=\"720\" \/>\n\t<meta property=\"og:image:height\" content=\"513\" \/>\n\t<meta property=\"og:image:type\" content=\"image\/jpeg\" \/>\n<meta name=\"author\" content=\"cfeditorfr\" \/>\n<meta name=\"twitter:card\" content=\"summary_large_image\" \/>\n<meta name=\"twitter:label1\" content=\"\u00c9crit par\" \/>\n\t<meta name=\"twitter:data1\" content=\"cfeditorfr\" \/>\n\t<meta name=\"twitter:label2\" content=\"Dur\u00e9e de lecture estim\u00e9e\" \/>\n\t<meta name=\"twitter:data2\" content=\"3 minutes\" \/>\n<script type=\"application\/ld+json\" class=\"yoast-schema-graph\">{\"@context\":\"https:\/\/schema.org\",\"@graph\":[{\"@type\":\"Article\",\"@id\":\"https:\/\/www.africa-press.net\/niger\/economie\/vente-des-fruits-et-legumes-une-flambee-des-prix-sur-les-marches-de-niamey#article\",\"isPartOf\":{\"@id\":\"https:\/\/www.africa-press.net\/niger\/economie\/vente-des-fruits-et-legumes-une-flambee-des-prix-sur-les-marches-de-niamey\"},\"author\":{\"name\":\"cfeditorfr\",\"@id\":\"https:\/\/www.africa-press.net\/niger\/#\/schema\/person\/2b1cf3cd81a31e3cd26889ca66d677f1\"},\"headline\":\"Vente des fruits et l\u00e9gumes : Une flamb\u00e9e des prix sur les march\u00e9s de Niamey\",\"datePublished\":\"2021-08-20T12:49:24+00:00\",\"dateModified\":\"2021-08-20T20:01:05+00:00\",\"mainEntityOfPage\":{\"@id\":\"https:\/\/www.africa-press.net\/niger\/economie\/vente-des-fruits-et-legumes-une-flambee-des-prix-sur-les-marches-de-niamey\"},\"wordCount\":517,\"commentCount\":0,\"image\":{\"@id\":\"https:\/\/www.africa-press.net\/niger\/economie\/vente-des-fruits-et-legumes-une-flambee-des-prix-sur-les-marches-de-niamey#primaryimage\"},\"thumbnailUrl\":\"https:\/\/static.africa-press.net\/niger\/sites\/40\/2021\/08\/img-611f8b6f52407.jpg\",\"keywords\":[\"Africa Press\",\"Africa Press-Niger\",\"Niger\"],\"articleSection\":[\"\u00c9conomie\",\"homepage-french\",\"Toutes les actualit\u00e9s\"],\"inLanguage\":\"fr-FR\",\"potentialAction\":[{\"@type\":\"CommentAction\",\"name\":\"Comment\",\"target\":[\"https:\/\/www.africa-press.net\/niger\/economie\/vente-des-fruits-et-legumes-une-flambee-des-prix-sur-les-marches-de-niamey#respond\"]}]},{\"@type\":\"WebPage\",\"@id\":\"https:\/\/www.africa-press.net\/niger\/economie\/vente-des-fruits-et-legumes-une-flambee-des-prix-sur-les-marches-de-niamey\",\"url\":\"https:\/\/www.africa-press.net\/niger\/economie\/vente-des-fruits-et-legumes-une-flambee-des-prix-sur-les-marches-de-niamey\",\"name\":\"Vente des fruits et l\u00e9gumes : Une flamb\u00e9e des prix sur les march\u00e9s de Niamey - niger\",\"isPartOf\":{\"@id\":\"https:\/\/www.africa-press.net\/niger\/#website\"},\"primaryImageOfPage\":{\"@id\":\"https:\/\/www.africa-press.net\/niger\/economie\/vente-des-fruits-et-legumes-une-flambee-des-prix-sur-les-marches-de-niamey#primaryimage\"},\"image\":{\"@id\":\"https:\/\/www.africa-press.net\/niger\/economie\/vente-des-fruits-et-legumes-une-flambee-des-prix-sur-les-marches-de-niamey#primaryimage\"},\"thumbnailUrl\":\"https:\/\/static.africa-press.net\/niger\/sites\/40\/2021\/08\/img-611f8b6f52407.jpg\",\"datePublished\":\"2021-08-20T12:49:24+00:00\",\"dateModified\":\"2021-08-20T20:01:05+00:00\",\"author\":{\"@id\":\"https:\/\/www.africa-press.net\/niger\/#\/schema\/person\/2b1cf3cd81a31e3cd26889ca66d677f1\"},\"description\":\"\ufeffMalgr\u00e9 la disponibilit\u00e9 des fruits et l\u00e9gumes sur les march\u00e9s de Niamey, leurs prix connaissent une hausse relative ces ...\",\"breadcrumb\":{\"@id\":\"https:\/\/www.africa-press.net\/niger\/economie\/vente-des-fruits-et-legumes-une-flambee-des-prix-sur-les-marches-de-niamey#breadcrumb\"},\"inLanguage\":\"fr-FR\",\"potentialAction\":[{\"@type\":\"ReadAction\",\"target\":[\"https:\/\/www.africa-press.net\/niger\/economie\/vente-des-fruits-et-legumes-une-flambee-des-prix-sur-les-marches-de-niamey\"]}]},{\"@type\":\"ImageObject\",\"inLanguage\":\"fr-FR\",\"@id\":\"https:\/\/www.africa-press.net\/niger\/economie\/vente-des-fruits-et-legumes-une-flambee-des-prix-sur-les-marches-de-niamey#primaryimage\",\"url\":\"https:\/\/static.africa-press.net\/niger\/sites\/40\/2021\/08\/img-611f8b6f52407.jpg\",\"contentUrl\":\"https:\/\/static.africa-press.net\/niger\/sites\/40\/2021\/08\/img-611f8b6f52407.jpg\",\"width\":720,\"height\":513,\"caption\":\"Vente des fruits et l\u00e9gumes : Une flamb\u00e9e des prix sur les march\u00e9s de Niamey\"},{\"@type\":\"BreadcrumbList\",\"@id\":\"https:\/\/www.africa-press.net\/niger\/economie\/vente-des-fruits-et-legumes-une-flambee-des-prix-sur-les-marches-de-niamey#breadcrumb\",\"itemListElement\":[{\"@type\":\"ListItem\",\"position\":1,\"name\":\"Accueil\",\"item\":\"https:\/\/www.africa-press.net\/niger\/\"},{\"@type\":\"ListItem\",\"position\":2,\"name\":\"Vente des fruits et l\u00e9gumes : Une flamb\u00e9e des prix sur les march\u00e9s de Niamey\"}]},{\"@type\":\"WebSite\",\"@id\":\"https:\/\/www.africa-press.net\/niger\/#website\",\"url\":\"https:\/\/www.africa-press.net\/niger\/\",\"name\":\"niger\",\"description\":\"Just another Africa News Agency Sites site\",\"potentialAction\":[{\"@type\":\"SearchAction\",\"target\":{\"@type\":\"EntryPoint\",\"urlTemplate\":\"https:\/\/www.africa-press.net\/niger\/?s={search_term_string}\"},\"query-input\":{\"@type\":\"PropertyValueSpecification\",\"valueRequired\":true,\"valueName\":\"search_term_string\"}}],\"inLanguage\":\"fr-FR\"},{\"@type\":\"Person\",\"@id\":\"https:\/\/www.africa-press.net\/niger\/#\/schema\/person\/2b1cf3cd81a31e3cd26889ca66d677f1\",\"name\":\"cfeditorfr\"}]}<\/script>\n<!-- \/ Yoast SEO Premium plugin. -->","yoast_head_json":{"title":"Vente des fruits et l\u00e9gumes : Une flamb\u00e9e des prix sur les march\u00e9s de Niamey - niger","description":"\ufeffMalgr\u00e9 la disponibilit\u00e9 des fruits et l\u00e9gumes sur les march\u00e9s de Niamey, leurs prix connaissent une hausse relative ces ...","robots":{"index":"index","follow":"follow","max-snippet":"max-snippet:-1","max-image-preview":"max-image-preview:large","max-video-preview":"max-video-preview:-1"},"canonical":"https:\/\/www.africa-press.net\/niger\/economie\/vente-des-fruits-et-legumes-une-flambee-des-prix-sur-les-marches-de-niamey","og_locale":"fr_FR","og_type":"article","og_title":"Vente des fruits et l\u00e9gumes : Une flamb\u00e9e des prix sur les march\u00e9s de Niamey","og_description":"\ufeffMalgr\u00e9 la disponibilit\u00e9 des fruits et l\u00e9gumes sur les march\u00e9s de Niamey, leurs prix connaissent une hausse relative ces ...","og_url":"https:\/\/www.africa-press.net\/niger\/economie\/vente-des-fruits-et-legumes-une-flambee-des-prix-sur-les-marches-de-niamey","og_site_name":"niger","article_published_time":"2021-08-20T12:49:24+00:00","article_modified_time":"2021-08-20T20:01:05+00:00","og_image":[{"width":720,"height":513,"url":"https:\/\/static.africa-press.net\/niger\/sites\/40\/2021\/08\/img-611f8b6f52407.jpg","type":"image\/jpeg"}],"author":"cfeditorfr","twitter_card":"summary_large_image","twitter_misc":{"\u00c9crit par":"cfeditorfr","Dur\u00e9e de lecture estim\u00e9e":"3 minutes"},"schema":{"@context":"https:\/\/schema.org","@graph":[{"@type":"Article","@id":"https:\/\/www.africa-press.net\/niger\/economie\/vente-des-fruits-et-legumes-une-flambee-des-prix-sur-les-marches-de-niamey#article","isPartOf":{"@id":"https:\/\/www.africa-press.net\/niger\/economie\/vente-des-fruits-et-legumes-une-flambee-des-prix-sur-les-marches-de-niamey"},"author":{"name":"cfeditorfr","@id":"https:\/\/www.africa-press.net\/niger\/#\/schema\/person\/2b1cf3cd81a31e3cd26889ca66d677f1"},"headline":"Vente des fruits et l\u00e9gumes : Une flamb\u00e9e des prix sur les march\u00e9s de Niamey","datePublished":"2021-08-20T12:49:24+00:00","dateModified":"2021-08-20T20:01:05+00:00","mainEntityOfPage":{"@id":"https:\/\/www.africa-press.net\/niger\/economie\/vente-des-fruits-et-legumes-une-flambee-des-prix-sur-les-marches-de-niamey"},"wordCount":517,"commentCount":0,"image":{"@id":"https:\/\/www.africa-press.net\/niger\/economie\/vente-des-fruits-et-legumes-une-flambee-des-prix-sur-les-marches-de-niamey#primaryimage"},"thumbnailUrl":"https:\/\/static.africa-press.net\/niger\/sites\/40\/2021\/08\/img-611f8b6f52407.jpg","keywords":["Africa Press","Africa Press-Niger","Niger"],"articleSection":["\u00c9conomie","homepage-french","Toutes les actualit\u00e9s"],"inLanguage":"fr-FR","potentialAction":[{"@type":"CommentAction","name":"Comment","target":["https:\/\/www.africa-press.net\/niger\/economie\/vente-des-fruits-et-legumes-une-flambee-des-prix-sur-les-marches-de-niamey#respond"]}]},{"@type":"WebPage","@id":"https:\/\/www.africa-press.net\/niger\/economie\/vente-des-fruits-et-legumes-une-flambee-des-prix-sur-les-marches-de-niamey","url":"https:\/\/www.africa-press.net\/niger\/economie\/vente-des-fruits-et-legumes-une-flambee-des-prix-sur-les-marches-de-niamey","name":"Vente des fruits et l\u00e9gumes : Une flamb\u00e9e des prix sur les march\u00e9s de Niamey - niger","isPartOf":{"@id":"https:\/\/www.africa-press.net\/niger\/#website"},"primaryImageOfPage":{"@id":"https:\/\/www.africa-press.net\/niger\/economie\/vente-des-fruits-et-legumes-une-flambee-des-prix-sur-les-marches-de-niamey#primaryimage"},"image":{"@id":"https:\/\/www.africa-press.net\/niger\/economie\/vente-des-fruits-et-legumes-une-flambee-des-prix-sur-les-marches-de-niamey#primaryimage"},"thumbnailUrl":"https:\/\/static.africa-press.net\/niger\/sites\/40\/2021\/08\/img-611f8b6f52407.jpg","datePublished":"2021-08-20T12:49:24+00:00","dateModified":"2021-08-20T20:01:05+00:00","author":{"@id":"https:\/\/www.africa-press.net\/niger\/#\/schema\/person\/2b1cf3cd81a31e3cd26889ca66d677f1"},"description":"\ufeffMalgr\u00e9 la disponibilit\u00e9 des fruits et l\u00e9gumes sur les march\u00e9s de Niamey, leurs prix connaissent une hausse relative ces ...","breadcrumb":{"@id":"https:\/\/www.africa-press.net\/niger\/economie\/vente-des-fruits-et-legumes-une-flambee-des-prix-sur-les-marches-de-niamey#breadcrumb"},"inLanguage":"fr-FR","potentialAction":[{"@type":"ReadAction","target":["https:\/\/www.africa-press.net\/niger\/economie\/vente-des-fruits-et-legumes-une-flambee-des-prix-sur-les-marches-de-niamey"]}]},{"@type":"ImageObject","inLanguage":"fr-FR","@id":"https:\/\/www.africa-press.net\/niger\/economie\/vente-des-fruits-et-legumes-une-flambee-des-prix-sur-les-marches-de-niamey#primaryimage","url":"https:\/\/static.africa-press.net\/niger\/sites\/40\/2021\/08\/img-611f8b6f52407.jpg","contentUrl":"https:\/\/static.africa-press.net\/niger\/sites\/40\/2021\/08\/img-611f8b6f52407.jpg","width":720,"height":513,"caption":"Vente des fruits et l\u00e9gumes : Une flamb\u00e9e des prix sur les march\u00e9s de Niamey"},{"@type":"BreadcrumbList","@id":"https:\/\/www.africa-press.net\/niger\/economie\/vente-des-fruits-et-legumes-une-flambee-des-prix-sur-les-marches-de-niamey#breadcrumb","itemListElement":[{"@type":"ListItem","position":1,"name":"Accueil","item":"https:\/\/www.africa-press.net\/niger\/"},{"@type":"ListItem","position":2,"name":"Vente des fruits et l\u00e9gumes : Une flamb\u00e9e des prix sur les march\u00e9s de Niamey"}]},{"@type":"WebSite","@id":"https:\/\/www.africa-press.net\/niger\/#website","url":"https:\/\/www.africa-press.net\/niger\/","name":"niger","description":"Just another Africa News Agency Sites site","potentialAction":[{"@type":"SearchAction","target":{"@type":"EntryPoint","urlTemplate":"https:\/\/www.africa-press.net\/niger\/?s={search_term_string}"},"query-input":{"@type":"PropertyValueSpecification","valueRequired":true,"valueName":"search_term_string"}}],"inLanguage":"fr-FR"},{"@type":"Person","@id":"https:\/\/www.africa-press.net\/niger\/#\/schema\/person\/2b1cf3cd81a31e3cd26889ca66d677f1","name":"cfeditorfr"}]}},"_links":{"self":[{"href":"https:\/\/www.africa-press.net\/niger\/wp-json\/wp\/v2\/posts\/10404","targetHints":{"allow":["GET"]}}],"collection":[{"href":"https:\/\/www.africa-press.net\/niger\/wp-json\/wp\/v2\/posts"}],"about":[{"href":"https:\/\/www.africa-press.net\/niger\/wp-json\/wp\/v2\/types\/post"}],"author":[{"embeddable":true,"href":"https:\/\/www.africa-press.net\/niger\/wp-json\/wp\/v2\/users\/82"}],"replies":[{"embeddable":true,"href":"https:\/\/www.africa-press.net\/niger\/wp-json\/wp\/v2\/comments?post=10404"}],"version-history":[{"count":0,"href":"https:\/\/www.africa-press.net\/niger\/wp-json\/wp\/v2\/posts\/10404\/revisions"}],"wp:featuredmedia":[{"embeddable":true,"href":"https:\/\/www.africa-press.net\/niger\/wp-json\/wp\/v2\/media\/10403"}],"wp:attachment":[{"href":"https:\/\/www.africa-press.net\/niger\/wp-json\/wp\/v2\/media?parent=10404"}],"wp:term":[{"taxonomy":"category","embeddable":true,"href":"https:\/\/www.africa-press.net\/niger\/wp-json\/wp\/v2\/categories?post=10404"},{"taxonomy":"post_tag","embeddable":true,"href":"https:\/\/www.africa-press.net\/niger\/wp-json\/wp\/v2\/tags?post=10404"}],"curies":[{"name":"wp","href":"https:\/\/api.w.org\/{rel}","templated":true}]}}