{"id":10407,"date":"2021-08-20T12:58:10","date_gmt":"2021-08-20T12:58:10","guid":{"rendered":"https:\/\/www.africa-press.net\/niger\/?p=10407"},"modified":"2021-08-20T19:48:07","modified_gmt":"2021-08-20T19:48:07","slug":"point-de-presse-de-la-cellule-c3sahel-a-tillaberi-le-projet-damenagement-territorial-integre-pati-rehabilite-labattoir-frigorifique-de-la-region","status":"publish","type":"post","link":"https:\/\/www.africa-press.net\/niger\/politique\/point-de-presse-de-la-cellule-c3sahel-a-tillaberi-le-projet-damenagement-territorial-integre-pati-rehabilite-labattoir-frigorifique-de-la-region","title":{"rendered":"Point de presse de la Cellule C3Sahel \u00e0 Tillab\u00e9ri : Le Projet d\u2019Am\u00e9nagement Territorial Int\u00e9gr\u00e9 (PATI) r\u00e9habilite l\u2019abattoir frigorifique de la r\u00e9gion"},"content":{"rendered":"<p><span style=\"color: #ff6600\"><strong><a href=\"https:\/\/www.africa-press.net\/\">Africa-Press<\/a> &#8211; <a href=\"https:\/\/www.africa-press.net\/niger\">Niger<\/a>. <\/strong><\/span>Le Maire de la Commune urbaine de Tillab\u00e9ri, M. Moussa Douma et le Coordonnateur du comit\u00e9 National de Coordination des Actions du G5 Sahel, M. Mamane Saidou, par ailleurs Point focal du C3Sahel, ont anim\u00e9 un point de presse le mardi 17 ao\u00fbt 2021, sur le Projet d\u2019Am\u00e9nagement Territorial Int\u00e9gr\u00e9 (PATI).<\/p>\n<p>Dans une pr\u00e9sentation de la Cellule de Coop\u00e9ration d\u00e9centralis\u00e9e transfrontali\u00e8re entre les Collectivit\u00e9s territoriales du Sahel(C3Sahel), le Maire de la Commune urbaine de Tillab\u00e9ri, M. Moussa Douma a indiqu\u00e9 que, \u00abcette cellule faiti\u00e8re du Conseil des Collectivit\u00e9s Territoriales de l\u2019UEMOA (CCT UEMOA)qui a pour Pr\u00e9sident le D\u00e9put\u00e9 maire de Dori, Ahmed Aziz Diallo et dont le si\u00e8ge est \u00e9tabli \u00e0 Dori, vise \u00e0 promouvoir le d\u00e9veloppement dans l\u2019espace appel\u00e9 Initiative pour l\u2019Int\u00e9gration des Infrastructures R\u00e9gionales du Sahel (IIIRSAHEL).<\/p>\n<p>\u00abLa C3Sahel comprend neuf (9) collectivit\u00e9s territoriales membres notamment, le Conseil r\u00e9gional de Tombouctou, les communes de Gao et Tombouctou au Mali; les communes de T\u00e9ra, Tillab\u00e9ri au Niger; les communes de Dori, Gorom \u2013 Gorom, Sebba et Djibo au Burkina Faso\u00bb, a-t-il d\u00e9taill\u00e9, pr\u00e9cisant qu\u2019elle a une population estim\u00e9e \u00e0 environ 8.673.892 habitants (estimation 2016) avec une superficie de 807.282 km\u00b2.<\/p>\n<p>\u00abL\u2019Organigramme de la C3Sahel comprend le Congr\u00e8s de C3Sahel, organe d\u00e9lib\u00e9rant; le Comit\u00e9 de Pilotage (COPIL); le Secr\u00e9tariat Ex\u00e9cutif qui est la Cellule Technique de coordination et d\u2019Appui \u00e0 la mise en \u0153uvre des actions (CTCA) ; trois (03) Assistants techniques par pays (Burkina Faso, Mali et Niger) et un Responsable Administratif et Financier ; une Secr\u00e9taire de direction\u00bb, a-t-il ajout\u00e9.<\/p>\n<p>Le Sch\u00e9ma d\u2019Am\u00e9nagement Transfrontalier Int\u00e9gr\u00e9 (SATI) est un outil de planification dans l\u2019espace IIIRSAHEL. \u00abIl est \u00e9galement un compl\u00e9ment aux outils de planification existants de l\u2019UEMOA, des Etats, des r\u00e9gions et des communes \u00bb, a fait savoir M. Moussa Douma.<\/p>\n<p>Quant au Projet d\u2019 Am\u00e9nagement Territorial Int\u00e9gr\u00e9 (PATI), il est initi\u00e9 par le G5 Sahel et la Cellule de Coop\u00e9ration d\u00e9centralis\u00e9e transfrontali\u00e8re des collectivit\u00e9s territoriales du Sahel (C3Sahel). \u00abCe projet comporte cinq (5) composantes notamment, la s\u00e9curisation et l\u2019am\u00e9nagement de la zone pastorale de CeekolNagge; l\u2019am\u00e9nagement et l\u2019\u00e9quipement de l\u2019abattoir de Tillab\u00e9ri; la r\u00e9alisation de magasins de stockage d\u2019aliments de b\u00e9tail \u00e0 Gossi; le renforcement du niveau des services du Centre hospitalier r\u00e9gional (CHR) de Dori et l\u2019appui institutionnel au Secr\u00e9tariat permanent et gouvernance du Programme\u00bb, a expliqu\u00e9 le maire de Tillab\u00e9ri.<\/p>\n<p>D\u2019apr\u00e8s le maire de la commune urbaine de Tillab\u00e9ri, la 1\u00e8re composante du projet qui consiste \u00e0 l\u2019am\u00e9nagement de la zone pastorale de CeekolNagge dans la R\u00e9gion du Sahel au Burkina Faso a un co\u00fbt de 300.000.000 de franc CFA; la 2\u00e8me composante pour l\u2019am\u00e9nagement et l\u2019\u00e9quipement de l\u2019abattoir de Tillab\u00e9ri au Niger a un co\u00fbt de 300.000.000 de franc CFA; la 3\u00e8me consistant \u00e0 la construction de magasins de stockage d\u2019aliments b\u00e9tail dans la Commune de Gossi, r\u00e9gion de Tombouctou au Mali a un montant de 100.000.000 de franc CFA; la 4\u00e8me qui est le renforcement du niveau de service du Centre hospitalier r\u00e9gional (CHR) de Dori dans la Commune de Dori au Burkina Faso a un co\u00fbt de 250.000.000 de franc CFA et la 5\u00e8me composante \u00e0 savoir l\u2019appui institutionnel, gestion de projet, suivi-contr\u00f4le des travaux a un montant de 100.000.000 de franc CFA. Ce qui donne un total de 1.050.000 000 de franc CFA.<\/p>\n<p>En ce qui concerne la 2\u00e8me composante qui est celle de l\u2019am\u00e9nagement et l\u2019\u00e9quipement de l\u2019abattoir de Tillab\u00e9ri, le Maire Moussa Douma a indiqu\u00e9 que \u00ables r\u00e9alisations sont en cours et il s\u2019agit de r\u00e9habiliter cet abattoir, de le moderniser pour qu\u2019il ait un niveau \u00e0 l\u2019image des abattoirs des autres r\u00e9gions du pays\u00bb.<\/p>\n<p>Le Maire de Tillab\u00e9ri a, par ailleurs, pr\u00e9cis\u00e9 qu\u2019il y aura la construction d\u2019une cha\u00eene de traitements pour l\u2019abattage des animaux avec toutes les composantes qu\u2019un abattoir de type moderne puisse avoir, de l\u2019inspection \u00e0 l\u2019abattage et jusqu\u2019\u00e0 plusieurs degr\u00e9s. Le projet comprend aussi la construction d\u2019une unit\u00e9 de traitement des sous-produits pour la fabrication de la farine de sang, de poudre d\u2019os, de la farine de viande et de graisse ; la construction des incin\u00e9rateurs ; l\u2019acquisition des \u00e9quipements (fourniture et pose des rails de suspension, la chambre froide, le chariot pour fumier, la fourniture et pose d\u2019un palan manuel et d\u2019une balance \u00e0 cadran et du mat\u00e9riel de bureautique) ; l\u2019acquisition d\u2019un camion frigorifique ; la mise en place du comit\u00e9 de gestion de l\u2019abattoir ; la formation et la sensibilisation des acteurs impliqu\u00e9s dans la gestion (association et autres acteurs).<\/p>\n<p>En marge de ce point de presse, une visite guid\u00e9e a \u00e9t\u00e9 effectu\u00e9e au niveau du chantier dudit abattoir en r\u00e9habilitation.Au terme de la visite, le maire de la Commune urbaine de Tillab\u00e9ri, M. Moussa Douma s\u2019est dit satisfait du niveau d\u2019avancement des travaux et de la pr\u00e9sence de l\u2019entrepreneur sur les lieux.<\/p>\n<p>Pour le directeur r\u00e9gional de l\u2019Elevage, Dr. Kombi Mamoudou, \u00abc\u2019est un ouf de soulagement et les autres probl\u00e8mes qui restent sont le mur et l\u2019extension en ce qui concerne les eaux us\u00e9es\u00bb. Il a par la m\u00eame occasion lanc\u00e9 un appel \u00e0 l\u2019endroit de la mairie pour la construction d\u2019une route qui m\u00e8ne \u00e0 l\u2019abattoir.<\/p>\n<p>Pour rappel, les travaux de ce chantier pr\u00e9vus pour \u00eatre achev\u00e9s le 17 octobre 2021 ont d\u00e9but\u00e9 le 7 mai dernier, soit une dur\u00e9e de cinq (5) mois.<\/p>\n<p><b>Mahalmoudou Tour\u00e9 Ma\u00efmouna ANP\/ONEPTillab\u00e9ri<\/b><\/p>\n","protected":false},"excerpt":{"rendered":"<p>Africa-Press &#8211; Niger. Le Maire de la Commune urbaine de Tillab\u00e9ri, M. Moussa Douma et le Coordonnateur du comit\u00e9 National de Coordination des Actions du G5 Sahel, M. Mamane Saidou, par ailleurs Point focal du C3Sahel, ont anim\u00e9 un point de presse le mardi 17 ao\u00fbt 2021, sur le Projet d\u2019Am\u00e9nagement Territorial Int\u00e9gr\u00e9 (PATI). Dans [&hellip;]<\/p>\n","protected":false},"author":82,"featured_media":10406,"comment_status":"open","ping_status":"closed","sticky":false,"template":"","format":"standard","meta":{"footnotes":""},"categories":[11,2,10],"tags":[55,60,29],"class_list":["post-10407","post","type-post","status-publish","format-standard","has-post-thumbnail","hentry","category-homepage-french","category-politique","category-toutes-les-actualites","tag-africa-press","tag-africa-press-niger","tag-niger"],"yoast_head":"<!-- This site is optimized with the Yoast SEO Premium plugin v26.1 (Yoast SEO v27.0) - https:\/\/yoast.com\/product\/yoast-seo-premium-wordpress\/ -->\n<title>Point de presse de la Cellule C3Sahel \u00e0 Tillab\u00e9ri : Le Projet d\u2019Am\u00e9nagement Territorial Int\u00e9gr\u00e9 (PATI) r\u00e9habilite l\u2019abattoir frigorifique de la r\u00e9gion - niger<\/title>\n<meta name=\"description\" content=\"\ufeffLe Maire de la Commune urbaine de Tillab\u00e9ri, M. Moussa Douma et le Coordonnateur du comit\u00e9 National de Coordination des ...\" \/>\n<meta name=\"robots\" content=\"index, follow, max-snippet:-1, max-image-preview:large, max-video-preview:-1\" \/>\n<link rel=\"canonical\" href=\"https:\/\/www.africa-press.net\/niger\/politique\/point-de-presse-de-la-cellule-c3sahel-a-tillaberi-le-projet-damenagement-territorial-integre-pati-rehabilite-labattoir-frigorifique-de-la-region\" \/>\n<meta property=\"og:locale\" content=\"fr_FR\" \/>\n<meta property=\"og:type\" content=\"article\" \/>\n<meta property=\"og:title\" content=\"Point de presse de la Cellule C3Sahel \u00e0 Tillab\u00e9ri : Le Projet d\u2019Am\u00e9nagement Territorial Int\u00e9gr\u00e9 (PATI) r\u00e9habilite l\u2019abattoir frigorifique de la r\u00e9gion\" \/>\n<meta property=\"og:description\" content=\"\ufeffLe Maire de la Commune urbaine de Tillab\u00e9ri, M. Moussa Douma et le Coordonnateur du comit\u00e9 National de Coordination des ...\" \/>\n<meta property=\"og:url\" content=\"https:\/\/www.africa-press.net\/niger\/politique\/point-de-presse-de-la-cellule-c3sahel-a-tillaberi-le-projet-damenagement-territorial-integre-pati-rehabilite-labattoir-frigorifique-de-la-region\" \/>\n<meta property=\"og:site_name\" content=\"niger\" \/>\n<meta property=\"article:published_time\" content=\"2021-08-20T12:58:10+00:00\" \/>\n<meta property=\"article:modified_time\" content=\"2021-08-20T19:48:07+00:00\" \/>\n<meta property=\"og:image\" content=\"https:\/\/static.africa-press.net\/niger\/sites\/40\/2021\/08\/img-611f8ba4b830a.jpg\" \/>\n\t<meta property=\"og:image:width\" content=\"720\" \/>\n\t<meta property=\"og:image:height\" content=\"524\" \/>\n\t<meta property=\"og:image:type\" content=\"image\/jpeg\" \/>\n<meta name=\"author\" content=\"cfeditorfr\" \/>\n<meta name=\"twitter:card\" content=\"summary_large_image\" \/>\n<meta name=\"twitter:label1\" content=\"\u00c9crit par\" \/>\n\t<meta name=\"twitter:data1\" content=\"cfeditorfr\" \/>\n\t<meta name=\"twitter:label2\" content=\"Dur\u00e9e de lecture estim\u00e9e\" \/>\n\t<meta name=\"twitter:data2\" content=\"5 minutes\" \/>\n<script type=\"application\/ld+json\" class=\"yoast-schema-graph\">{\"@context\":\"https:\/\/schema.org\",\"@graph\":[{\"@type\":\"Article\",\"@id\":\"https:\/\/www.africa-press.net\/niger\/politique\/point-de-presse-de-la-cellule-c3sahel-a-tillaberi-le-projet-damenagement-territorial-integre-pati-rehabilite-labattoir-frigorifique-de-la-region#article\",\"isPartOf\":{\"@id\":\"https:\/\/www.africa-press.net\/niger\/politique\/point-de-presse-de-la-cellule-c3sahel-a-tillaberi-le-projet-damenagement-territorial-integre-pati-rehabilite-labattoir-frigorifique-de-la-region\"},\"author\":{\"name\":\"cfeditorfr\",\"@id\":\"https:\/\/www.africa-press.net\/niger\/#\/schema\/person\/2b1cf3cd81a31e3cd26889ca66d677f1\"},\"headline\":\"Point de presse de la Cellule C3Sahel \u00e0 Tillab\u00e9ri : Le Projet d\u2019Am\u00e9nagement Territorial Int\u00e9gr\u00e9 (PATI) r\u00e9habilite l\u2019abattoir frigorifique de la r\u00e9gion\",\"datePublished\":\"2021-08-20T12:58:10+00:00\",\"dateModified\":\"2021-08-20T19:48:07+00:00\",\"mainEntityOfPage\":{\"@id\":\"https:\/\/www.africa-press.net\/niger\/politique\/point-de-presse-de-la-cellule-c3sahel-a-tillaberi-le-projet-damenagement-territorial-integre-pati-rehabilite-labattoir-frigorifique-de-la-region\"},\"wordCount\":1024,\"commentCount\":0,\"image\":{\"@id\":\"https:\/\/www.africa-press.net\/niger\/politique\/point-de-presse-de-la-cellule-c3sahel-a-tillaberi-le-projet-damenagement-territorial-integre-pati-rehabilite-labattoir-frigorifique-de-la-region#primaryimage\"},\"thumbnailUrl\":\"https:\/\/static.africa-press.net\/niger\/sites\/40\/2021\/08\/img-611f8ba4b830a.jpg\",\"keywords\":[\"Africa Press\",\"Africa Press-Niger\",\"Niger\"],\"articleSection\":[\"homepage-french\",\"Politique\",\"Toutes les actualit\u00e9s\"],\"inLanguage\":\"fr-FR\",\"potentialAction\":[{\"@type\":\"CommentAction\",\"name\":\"Comment\",\"target\":[\"https:\/\/www.africa-press.net\/niger\/politique\/point-de-presse-de-la-cellule-c3sahel-a-tillaberi-le-projet-damenagement-territorial-integre-pati-rehabilite-labattoir-frigorifique-de-la-region#respond\"]}]},{\"@type\":\"WebPage\",\"@id\":\"https:\/\/www.africa-press.net\/niger\/politique\/point-de-presse-de-la-cellule-c3sahel-a-tillaberi-le-projet-damenagement-territorial-integre-pati-rehabilite-labattoir-frigorifique-de-la-region\",\"url\":\"https:\/\/www.africa-press.net\/niger\/politique\/point-de-presse-de-la-cellule-c3sahel-a-tillaberi-le-projet-damenagement-territorial-integre-pati-rehabilite-labattoir-frigorifique-de-la-region\",\"name\":\"Point de presse de la Cellule C3Sahel \u00e0 Tillab\u00e9ri : Le Projet d\u2019Am\u00e9nagement Territorial Int\u00e9gr\u00e9 (PATI) r\u00e9habilite l\u2019abattoir frigorifique de la r\u00e9gion - niger\",\"isPartOf\":{\"@id\":\"https:\/\/www.africa-press.net\/niger\/#website\"},\"primaryImageOfPage\":{\"@id\":\"https:\/\/www.africa-press.net\/niger\/politique\/point-de-presse-de-la-cellule-c3sahel-a-tillaberi-le-projet-damenagement-territorial-integre-pati-rehabilite-labattoir-frigorifique-de-la-region#primaryimage\"},\"image\":{\"@id\":\"https:\/\/www.africa-press.net\/niger\/politique\/point-de-presse-de-la-cellule-c3sahel-a-tillaberi-le-projet-damenagement-territorial-integre-pati-rehabilite-labattoir-frigorifique-de-la-region#primaryimage\"},\"thumbnailUrl\":\"https:\/\/static.africa-press.net\/niger\/sites\/40\/2021\/08\/img-611f8ba4b830a.jpg\",\"datePublished\":\"2021-08-20T12:58:10+00:00\",\"dateModified\":\"2021-08-20T19:48:07+00:00\",\"author\":{\"@id\":\"https:\/\/www.africa-press.net\/niger\/#\/schema\/person\/2b1cf3cd81a31e3cd26889ca66d677f1\"},\"description\":\"\ufeffLe Maire de la Commune urbaine de Tillab\u00e9ri, M. Moussa Douma et le Coordonnateur du comit\u00e9 National de Coordination des ...\",\"breadcrumb\":{\"@id\":\"https:\/\/www.africa-press.net\/niger\/politique\/point-de-presse-de-la-cellule-c3sahel-a-tillaberi-le-projet-damenagement-territorial-integre-pati-rehabilite-labattoir-frigorifique-de-la-region#breadcrumb\"},\"inLanguage\":\"fr-FR\",\"potentialAction\":[{\"@type\":\"ReadAction\",\"target\":[\"https:\/\/www.africa-press.net\/niger\/politique\/point-de-presse-de-la-cellule-c3sahel-a-tillaberi-le-projet-damenagement-territorial-integre-pati-rehabilite-labattoir-frigorifique-de-la-region\"]}]},{\"@type\":\"ImageObject\",\"inLanguage\":\"fr-FR\",\"@id\":\"https:\/\/www.africa-press.net\/niger\/politique\/point-de-presse-de-la-cellule-c3sahel-a-tillaberi-le-projet-damenagement-territorial-integre-pati-rehabilite-labattoir-frigorifique-de-la-region#primaryimage\",\"url\":\"https:\/\/static.africa-press.net\/niger\/sites\/40\/2021\/08\/img-611f8ba4b830a.jpg\",\"contentUrl\":\"https:\/\/static.africa-press.net\/niger\/sites\/40\/2021\/08\/img-611f8ba4b830a.jpg\",\"width\":720,\"height\":524,\"caption\":\"Point de presse de la Cellule C3Sahel \u00e0 Tillab\u00e9ri : Le Projet d\u2019Am\u00e9nagement Territorial Int\u00e9gr\u00e9 (PATI) r\u00e9habilite l\u2019abattoir frigorifique de la r\u00e9gion\"},{\"@type\":\"BreadcrumbList\",\"@id\":\"https:\/\/www.africa-press.net\/niger\/politique\/point-de-presse-de-la-cellule-c3sahel-a-tillaberi-le-projet-damenagement-territorial-integre-pati-rehabilite-labattoir-frigorifique-de-la-region#breadcrumb\",\"itemListElement\":[{\"@type\":\"ListItem\",\"position\":1,\"name\":\"Accueil\",\"item\":\"https:\/\/www.africa-press.net\/niger\/\"},{\"@type\":\"ListItem\",\"position\":2,\"name\":\"Point de presse de la Cellule C3Sahel \u00e0 Tillab\u00e9ri : Le Projet d\u2019Am\u00e9nagement Territorial Int\u00e9gr\u00e9 (PATI) r\u00e9habilite l\u2019abattoir frigorifique de la r\u00e9gion\"}]},{\"@type\":\"WebSite\",\"@id\":\"https:\/\/www.africa-press.net\/niger\/#website\",\"url\":\"https:\/\/www.africa-press.net\/niger\/\",\"name\":\"niger\",\"description\":\"Just another Africa News Agency Sites site\",\"potentialAction\":[{\"@type\":\"SearchAction\",\"target\":{\"@type\":\"EntryPoint\",\"urlTemplate\":\"https:\/\/www.africa-press.net\/niger\/?s={search_term_string}\"},\"query-input\":{\"@type\":\"PropertyValueSpecification\",\"valueRequired\":true,\"valueName\":\"search_term_string\"}}],\"inLanguage\":\"fr-FR\"},{\"@type\":\"Person\",\"@id\":\"https:\/\/www.africa-press.net\/niger\/#\/schema\/person\/2b1cf3cd81a31e3cd26889ca66d677f1\",\"name\":\"cfeditorfr\"}]}<\/script>\n<!-- \/ Yoast SEO Premium plugin. -->","yoast_head_json":{"title":"Point de presse de la Cellule C3Sahel \u00e0 Tillab\u00e9ri : Le Projet d\u2019Am\u00e9nagement Territorial Int\u00e9gr\u00e9 (PATI) r\u00e9habilite l\u2019abattoir frigorifique de la r\u00e9gion - niger","description":"\ufeffLe Maire de la Commune urbaine de Tillab\u00e9ri, M. Moussa Douma et le Coordonnateur du comit\u00e9 National de Coordination des ...","robots":{"index":"index","follow":"follow","max-snippet":"max-snippet:-1","max-image-preview":"max-image-preview:large","max-video-preview":"max-video-preview:-1"},"canonical":"https:\/\/www.africa-press.net\/niger\/politique\/point-de-presse-de-la-cellule-c3sahel-a-tillaberi-le-projet-damenagement-territorial-integre-pati-rehabilite-labattoir-frigorifique-de-la-region","og_locale":"fr_FR","og_type":"article","og_title":"Point de presse de la Cellule C3Sahel \u00e0 Tillab\u00e9ri : Le Projet d\u2019Am\u00e9nagement Territorial Int\u00e9gr\u00e9 (PATI) r\u00e9habilite l\u2019abattoir frigorifique de la r\u00e9gion","og_description":"\ufeffLe Maire de la Commune urbaine de Tillab\u00e9ri, M. Moussa Douma et le Coordonnateur du comit\u00e9 National de Coordination des ...","og_url":"https:\/\/www.africa-press.net\/niger\/politique\/point-de-presse-de-la-cellule-c3sahel-a-tillaberi-le-projet-damenagement-territorial-integre-pati-rehabilite-labattoir-frigorifique-de-la-region","og_site_name":"niger","article_published_time":"2021-08-20T12:58:10+00:00","article_modified_time":"2021-08-20T19:48:07+00:00","og_image":[{"width":720,"height":524,"url":"https:\/\/static.africa-press.net\/niger\/sites\/40\/2021\/08\/img-611f8ba4b830a.jpg","type":"image\/jpeg"}],"author":"cfeditorfr","twitter_card":"summary_large_image","twitter_misc":{"\u00c9crit par":"cfeditorfr","Dur\u00e9e de lecture estim\u00e9e":"5 minutes"},"schema":{"@context":"https:\/\/schema.org","@graph":[{"@type":"Article","@id":"https:\/\/www.africa-press.net\/niger\/politique\/point-de-presse-de-la-cellule-c3sahel-a-tillaberi-le-projet-damenagement-territorial-integre-pati-rehabilite-labattoir-frigorifique-de-la-region#article","isPartOf":{"@id":"https:\/\/www.africa-press.net\/niger\/politique\/point-de-presse-de-la-cellule-c3sahel-a-tillaberi-le-projet-damenagement-territorial-integre-pati-rehabilite-labattoir-frigorifique-de-la-region"},"author":{"name":"cfeditorfr","@id":"https:\/\/www.africa-press.net\/niger\/#\/schema\/person\/2b1cf3cd81a31e3cd26889ca66d677f1"},"headline":"Point de presse de la Cellule C3Sahel \u00e0 Tillab\u00e9ri : Le Projet d\u2019Am\u00e9nagement Territorial Int\u00e9gr\u00e9 (PATI) r\u00e9habilite l\u2019abattoir frigorifique de la r\u00e9gion","datePublished":"2021-08-20T12:58:10+00:00","dateModified":"2021-08-20T19:48:07+00:00","mainEntityOfPage":{"@id":"https:\/\/www.africa-press.net\/niger\/politique\/point-de-presse-de-la-cellule-c3sahel-a-tillaberi-le-projet-damenagement-territorial-integre-pati-rehabilite-labattoir-frigorifique-de-la-region"},"wordCount":1024,"commentCount":0,"image":{"@id":"https:\/\/www.africa-press.net\/niger\/politique\/point-de-presse-de-la-cellule-c3sahel-a-tillaberi-le-projet-damenagement-territorial-integre-pati-rehabilite-labattoir-frigorifique-de-la-region#primaryimage"},"thumbnailUrl":"https:\/\/static.africa-press.net\/niger\/sites\/40\/2021\/08\/img-611f8ba4b830a.jpg","keywords":["Africa Press","Africa Press-Niger","Niger"],"articleSection":["homepage-french","Politique","Toutes les actualit\u00e9s"],"inLanguage":"fr-FR","potentialAction":[{"@type":"CommentAction","name":"Comment","target":["https:\/\/www.africa-press.net\/niger\/politique\/point-de-presse-de-la-cellule-c3sahel-a-tillaberi-le-projet-damenagement-territorial-integre-pati-rehabilite-labattoir-frigorifique-de-la-region#respond"]}]},{"@type":"WebPage","@id":"https:\/\/www.africa-press.net\/niger\/politique\/point-de-presse-de-la-cellule-c3sahel-a-tillaberi-le-projet-damenagement-territorial-integre-pati-rehabilite-labattoir-frigorifique-de-la-region","url":"https:\/\/www.africa-press.net\/niger\/politique\/point-de-presse-de-la-cellule-c3sahel-a-tillaberi-le-projet-damenagement-territorial-integre-pati-rehabilite-labattoir-frigorifique-de-la-region","name":"Point de presse de la Cellule C3Sahel \u00e0 Tillab\u00e9ri : Le Projet d\u2019Am\u00e9nagement Territorial Int\u00e9gr\u00e9 (PATI) r\u00e9habilite l\u2019abattoir frigorifique de la r\u00e9gion - niger","isPartOf":{"@id":"https:\/\/www.africa-press.net\/niger\/#website"},"primaryImageOfPage":{"@id":"https:\/\/www.africa-press.net\/niger\/politique\/point-de-presse-de-la-cellule-c3sahel-a-tillaberi-le-projet-damenagement-territorial-integre-pati-rehabilite-labattoir-frigorifique-de-la-region#primaryimage"},"image":{"@id":"https:\/\/www.africa-press.net\/niger\/politique\/point-de-presse-de-la-cellule-c3sahel-a-tillaberi-le-projet-damenagement-territorial-integre-pati-rehabilite-labattoir-frigorifique-de-la-region#primaryimage"},"thumbnailUrl":"https:\/\/static.africa-press.net\/niger\/sites\/40\/2021\/08\/img-611f8ba4b830a.jpg","datePublished":"2021-08-20T12:58:10+00:00","dateModified":"2021-08-20T19:48:07+00:00","author":{"@id":"https:\/\/www.africa-press.net\/niger\/#\/schema\/person\/2b1cf3cd81a31e3cd26889ca66d677f1"},"description":"\ufeffLe Maire de la Commune urbaine de Tillab\u00e9ri, M. Moussa Douma et le Coordonnateur du comit\u00e9 National de Coordination des ...","breadcrumb":{"@id":"https:\/\/www.africa-press.net\/niger\/politique\/point-de-presse-de-la-cellule-c3sahel-a-tillaberi-le-projet-damenagement-territorial-integre-pati-rehabilite-labattoir-frigorifique-de-la-region#breadcrumb"},"inLanguage":"fr-FR","potentialAction":[{"@type":"ReadAction","target":["https:\/\/www.africa-press.net\/niger\/politique\/point-de-presse-de-la-cellule-c3sahel-a-tillaberi-le-projet-damenagement-territorial-integre-pati-rehabilite-labattoir-frigorifique-de-la-region"]}]},{"@type":"ImageObject","inLanguage":"fr-FR","@id":"https:\/\/www.africa-press.net\/niger\/politique\/point-de-presse-de-la-cellule-c3sahel-a-tillaberi-le-projet-damenagement-territorial-integre-pati-rehabilite-labattoir-frigorifique-de-la-region#primaryimage","url":"https:\/\/static.africa-press.net\/niger\/sites\/40\/2021\/08\/img-611f8ba4b830a.jpg","contentUrl":"https:\/\/static.africa-press.net\/niger\/sites\/40\/2021\/08\/img-611f8ba4b830a.jpg","width":720,"height":524,"caption":"Point de presse de la Cellule C3Sahel \u00e0 Tillab\u00e9ri : Le Projet d\u2019Am\u00e9nagement Territorial Int\u00e9gr\u00e9 (PATI) r\u00e9habilite l\u2019abattoir frigorifique de la r\u00e9gion"},{"@type":"BreadcrumbList","@id":"https:\/\/www.africa-press.net\/niger\/politique\/point-de-presse-de-la-cellule-c3sahel-a-tillaberi-le-projet-damenagement-territorial-integre-pati-rehabilite-labattoir-frigorifique-de-la-region#breadcrumb","itemListElement":[{"@type":"ListItem","position":1,"name":"Accueil","item":"https:\/\/www.africa-press.net\/niger\/"},{"@type":"ListItem","position":2,"name":"Point de presse de la Cellule C3Sahel \u00e0 Tillab\u00e9ri : Le Projet d\u2019Am\u00e9nagement Territorial Int\u00e9gr\u00e9 (PATI) r\u00e9habilite l\u2019abattoir frigorifique de la r\u00e9gion"}]},{"@type":"WebSite","@id":"https:\/\/www.africa-press.net\/niger\/#website","url":"https:\/\/www.africa-press.net\/niger\/","name":"niger","description":"Just another Africa News Agency Sites site","potentialAction":[{"@type":"SearchAction","target":{"@type":"EntryPoint","urlTemplate":"https:\/\/www.africa-press.net\/niger\/?s={search_term_string}"},"query-input":{"@type":"PropertyValueSpecification","valueRequired":true,"valueName":"search_term_string"}}],"inLanguage":"fr-FR"},{"@type":"Person","@id":"https:\/\/www.africa-press.net\/niger\/#\/schema\/person\/2b1cf3cd81a31e3cd26889ca66d677f1","name":"cfeditorfr"}]}},"_links":{"self":[{"href":"https:\/\/www.africa-press.net\/niger\/wp-json\/wp\/v2\/posts\/10407","targetHints":{"allow":["GET"]}}],"collection":[{"href":"https:\/\/www.africa-press.net\/niger\/wp-json\/wp\/v2\/posts"}],"about":[{"href":"https:\/\/www.africa-press.net\/niger\/wp-json\/wp\/v2\/types\/post"}],"author":[{"embeddable":true,"href":"https:\/\/www.africa-press.net\/niger\/wp-json\/wp\/v2\/users\/82"}],"replies":[{"embeddable":true,"href":"https:\/\/www.africa-press.net\/niger\/wp-json\/wp\/v2\/comments?post=10407"}],"version-history":[{"count":0,"href":"https:\/\/www.africa-press.net\/niger\/wp-json\/wp\/v2\/posts\/10407\/revisions"}],"wp:featuredmedia":[{"embeddable":true,"href":"https:\/\/www.africa-press.net\/niger\/wp-json\/wp\/v2\/media\/10406"}],"wp:attachment":[{"href":"https:\/\/www.africa-press.net\/niger\/wp-json\/wp\/v2\/media?parent=10407"}],"wp:term":[{"taxonomy":"category","embeddable":true,"href":"https:\/\/www.africa-press.net\/niger\/wp-json\/wp\/v2\/categories?post=10407"},{"taxonomy":"post_tag","embeddable":true,"href":"https:\/\/www.africa-press.net\/niger\/wp-json\/wp\/v2\/tags?post=10407"}],"curies":[{"name":"wp","href":"https:\/\/api.w.org\/{rel}","templated":true}]}}