{"id":10423,"date":"2021-08-20T13:38:22","date_gmt":"2021-08-20T13:38:22","guid":{"rendered":"https:\/\/www.africa-press.net\/niger\/?p=10423"},"modified":"2021-08-20T20:01:57","modified_gmt":"2021-08-20T20:01:57","slug":"cooperation-sud-sud-le-ministre-du-commerce-moctar-sabo-gado-du-niger-simpregne-de-lexpertise-burkinabe-a-travers-cim-metal","status":"publish","type":"post","link":"https:\/\/www.africa-press.net\/niger\/politique\/cooperation-sud-sud-le-ministre-du-commerce-moctar-sabo-gado-du-niger-simpregne-de-lexpertise-burkinabe-a-travers-cim-metal","title":{"rendered":"Coop\u00e9ration sud-sud : Le ministre du commerce Moctar sabo Gado du Niger s\u2019impr\u00e8gne de l\u2019expertise burkinab\u00e8 \u00e0 travers CIM M\u00e9tal"},"content":{"rendered":"<p><span style=\"color: #ff6600\"><strong><a href=\"https:\/\/www.africa-press.net\/\">Africa-Press<\/a> &#8211; <a href=\"https:\/\/www.africa-press.net\/niger\">Niger<\/a>. <\/strong><\/span><b>Dans le cadre de leur visite d\u2019amiti\u00e9 et de travail au Burkina Faso, le ministre du commerce, de l\u2019industrie et de l\u2019entrepreunariat des jeunes, Moctar Sabo Gado et le directeur g\u00e9n\u00e9ral du d\u00e9veloppement industriel, Abdoulaye Boubacar du Niger \u00e9taient les h\u00f4tes de marque de l\u2019entreprise de fonderie CIM m\u00e9tal le mardi 17ao\u00fbt 2021. Accompagn\u00e9s du directeur de cabinet du minist\u00e8re de l\u2019industrie du commerce et de l\u2019artisanat du Burkina Faso, Augustin Bambara et du directeur g\u00e9n\u00e9ral de CIM M\u00e9tal, Mansour Samer et de ses collaborateurs, les visiteurs du jour ont d\u00e9clar\u00e9 \u00eatre venus s\u2019inspirer de l\u2019exp\u00e9rience burkinab\u00e8 en mati\u00e8re de transformation de la ferraille en fer \u00e0 b\u00e9ton et la possibilit\u00e9 d\u2019une impl\u00e9mentation d\u2019une usine du m\u00eame type au Niger.<\/b><\/p>\n<p>\u00ab Personne ne peut siffler une symphonie seule, il faut tout un orchestre pour la jouer \u00bb. C\u2019est fort de cette citation que le ministre du commerce, de l\u2019industrie et de l\u2019entrepreunariat des jeunes du Niger et son directeur du d\u00e9veloppement industriel s\u00e9journent au pays des hommes int\u00e8gres pour s\u2019inspirer de l\u2019expertise burkinab\u00e8 en mati\u00e8re de transformation de ferraille en fer \u00e0 b\u00e9ton, mais surtout \u00e9tudier les possibilit\u00e9s de l\u2019impl\u00e9mentation d\u2019une usine de fonderie dans leur pays \u00e0 travers le savoir- faire de la soci\u00e9t\u00e9 CIM M\u00e9tal.<\/p>\n<p>Aussi pour toucher du bois cette expertise, ils s\u2019y sont rendus pour une visite, qui leur a permis d\u2019exprimer leur satisfaction et f\u00e9liciter la direction de la soci\u00e9t\u00e9 pour le travail abattu et l\u2019inviter \u00e0 d\u00e9velopper son activit\u00e9 sur l\u2019ensemble de l\u2019Afrique. Pour ce fait, le ministre Gado a d\u00e9clar\u00e9 \u00ab je suis tr\u00e8s fier de d\u00e9couvrir que les burkinab\u00e8 ont fait un gros effort par CIM M\u00e9tal, qui maitrise la technologie de la transformation de la ferraille \u00bb ; Et d\u2019ajouter \u00ab ma visite vise \u00e0 encourager une coop\u00e9ration sud-sud avec l\u2019expertise acquise par CIM M\u00e9tal \u00bb.<\/p>\n<p>Cr\u00e9\u00e9e il y a 5 ans, CIM M\u00e9tal, filiale de CIM M\u00e9tal Group et de MMD Steel, est sp\u00e9cialis\u00e9e dans la m\u00e9tallurgie depuis sa cr\u00e9ation. Seule usine de fer au Burkina Faso disposant d\u2019une fonderie, elle produit des armatures en acier de haute qualit\u00e9 sur la base qu\u2019\u00e9quipements modernis\u00e9s qui lui permettent de produire et de commercialiser des articles en acier TMT.<\/p>\n<p>C\u2019est fort de ce constat durant la visite que le ministre du commerce Moctar Sabo Gado a exprim\u00e9 sa satisfaction en ses termes : \u00ab je suis s\u00e9duit et satisfait de ce que j\u2019ai vu. CIM M\u00e9tal par ses prestations montre qu\u2019elle est une entreprise citoyenne et accomplit un \u00e9norme travail qui a un grand impact sur l\u2019environnement \u00e0 savoir recycler la ferraille en fer \u00e0 b\u00e9ton \u00bb.<\/p>\n<p>A la pointe des technologies en mati\u00e8re de transformation de ferraille en acier, CIM M\u00e9tal par son directeur g\u00e9n\u00e9ral Mansour Samer, a exprim\u00e9 ses remerciements au ministre Gado et \u00e0 sa d\u00e9l\u00e9gation pour la visite et le choix port\u00e9 sur sa soci\u00e9t\u00e9 pour accompagner le Niger dans sa volont\u00e9 de transformer la ferraille en fer \u00e0 b\u00e9ton.<\/p>\n<p>Pour Mansour Samer, c\u2019est un honneur et un plaisir pour son entreprise d\u2019exporter son expertise et apporter sa valeur ajout\u00e9e \u00e0 la partie nig\u00e9rienne. CIM M\u00e9tal dira-t-il, s\u2019est toujours engag\u00e9e \u00e0 une production d\u2019aciers durables et s\u00fbrs, conformes aux normes de qualit\u00e9 nationales et internationales.<\/p>\n<p>Aussi il notera, qu\u2019accompagner les acteurs du BPT en leur fournissant du fer de tr\u00e8s bonne qualit\u00e9 pour garantir la construction de b\u00e2timent de qualit\u00e9 a toujours \u00e9t\u00e9 la pr\u00e9occupation de sa soci\u00e9t\u00e9 par le processus de fabrication des mat\u00e9riaux bas\u00e9 sur l\u2019application de technologies et m\u00e9thodes novatrices qu\u2019est le syst\u00e8me Thermo m\u00e9canic traited (TMT). Le directeur g\u00e9n\u00e9ral pr\u00e9cisera, pour ce fait, qu\u2019il dispose d\u2019une \u00e9quipe ad\u00e9quatement form\u00e9e, p\u00e9trie d\u2019une riche exp\u00e9rience acquise sur plusieurs ann\u00e9es de pratiques dans le domaine.<\/p>\n<p>Sur cette base, CIM M\u00e9tal propose des produits r\u00e9pondant \u00e0 toutes les normes. Ainsi, on a le fer \u00e0 b\u00e9ton dont le diam\u00e8tre varie entre 6 \u00e0 32 mm, le fil recuit, le fer d\u2019attache. En sus pour r\u00e9pondre \u00e0 sa client\u00e8le, CIM M\u00e9tal poss\u00e8de une usine dot\u00e9e d\u2019un laboratoire certifi\u00e9 sur le plan national et international pour soumettre ses produits \u00e0 un contr\u00f4le rigoureux de qualit\u00e9 a conclu le directeur g\u00e9n\u00e9ral.<\/p>\n","protected":false},"excerpt":{"rendered":"<p>Africa-Press &#8211; Niger. Dans le cadre de leur visite d\u2019amiti\u00e9 et de travail au Burkina Faso, le ministre du commerce, de l\u2019industrie et de l\u2019entrepreunariat des jeunes, Moctar Sabo Gado et le directeur g\u00e9n\u00e9ral du d\u00e9veloppement industriel, Abdoulaye Boubacar du Niger \u00e9taient les h\u00f4tes de marque de l\u2019entreprise de fonderie CIM m\u00e9tal le mardi 17ao\u00fbt [&hellip;]<\/p>\n","protected":false},"author":82,"featured_media":10422,"comment_status":"open","ping_status":"closed","sticky":false,"template":"","format":"standard","meta":{"footnotes":""},"categories":[11,2,20,10],"tags":[55,60,29],"class_list":["post-10423","post","type-post","status-publish","format-standard","has-post-thumbnail","hentry","category-homepage-french","category-politique","category-top-nouvelles","category-toutes-les-actualites","tag-africa-press","tag-africa-press-niger","tag-niger"],"yoast_head":"<!-- This site is optimized with the Yoast SEO Premium plugin v26.1 (Yoast SEO v27.0) - https:\/\/yoast.com\/product\/yoast-seo-premium-wordpress\/ -->\n<title>Coop\u00e9ration sud-sud : Le ministre du commerce Moctar sabo Gado du Niger s\u2019impr\u00e8gne de l\u2019expertise burkinab\u00e8 \u00e0 travers CIM M\u00e9tal - niger<\/title>\n<meta name=\"description\" content=\"Dans le cadre de leur visite d\u2019amiti\u00e9 et de travail au Burkina Faso, le ministre du commerce, de l\u2019industrie et de l\u2019 ...\" \/>\n<meta name=\"robots\" content=\"index, follow, max-snippet:-1, max-image-preview:large, max-video-preview:-1\" \/>\n<link rel=\"canonical\" href=\"https:\/\/www.africa-press.net\/niger\/politique\/cooperation-sud-sud-le-ministre-du-commerce-moctar-sabo-gado-du-niger-simpregne-de-lexpertise-burkinabe-a-travers-cim-metal\" \/>\n<meta property=\"og:locale\" content=\"fr_FR\" \/>\n<meta property=\"og:type\" content=\"article\" \/>\n<meta property=\"og:title\" content=\"Coop\u00e9ration sud-sud : Le ministre du commerce Moctar sabo Gado du Niger s\u2019impr\u00e8gne de l\u2019expertise burkinab\u00e8 \u00e0 travers CIM M\u00e9tal\" \/>\n<meta property=\"og:description\" content=\"Dans le cadre de leur visite d\u2019amiti\u00e9 et de travail au Burkina Faso, le ministre du commerce, de l\u2019industrie et de l\u2019 ...\" \/>\n<meta property=\"og:url\" content=\"https:\/\/www.africa-press.net\/niger\/politique\/cooperation-sud-sud-le-ministre-du-commerce-moctar-sabo-gado-du-niger-simpregne-de-lexpertise-burkinabe-a-travers-cim-metal\" \/>\n<meta property=\"og:site_name\" content=\"niger\" \/>\n<meta property=\"article:published_time\" content=\"2021-08-20T13:38:22+00:00\" \/>\n<meta property=\"article:modified_time\" content=\"2021-08-20T20:01:57+00:00\" \/>\n<meta property=\"og:image\" content=\"https:\/\/static.africa-press.net\/niger\/sites\/40\/2021\/08\/img-611f8d8989d20.jpg\" \/>\n\t<meta property=\"og:image:width\" content=\"1080\" \/>\n\t<meta property=\"og:image:height\" content=\"719\" \/>\n\t<meta property=\"og:image:type\" content=\"image\/jpeg\" \/>\n<meta name=\"author\" content=\"cfeditorfr\" \/>\n<meta name=\"twitter:card\" content=\"summary_large_image\" \/>\n<meta name=\"twitter:label1\" content=\"\u00c9crit par\" \/>\n\t<meta name=\"twitter:data1\" content=\"cfeditorfr\" \/>\n\t<meta name=\"twitter:label2\" content=\"Dur\u00e9e de lecture estim\u00e9e\" \/>\n\t<meta name=\"twitter:data2\" content=\"4 minutes\" \/>\n<script type=\"application\/ld+json\" class=\"yoast-schema-graph\">{\"@context\":\"https:\/\/schema.org\",\"@graph\":[{\"@type\":\"Article\",\"@id\":\"https:\/\/www.africa-press.net\/niger\/politique\/cooperation-sud-sud-le-ministre-du-commerce-moctar-sabo-gado-du-niger-simpregne-de-lexpertise-burkinabe-a-travers-cim-metal#article\",\"isPartOf\":{\"@id\":\"https:\/\/www.africa-press.net\/niger\/politique\/cooperation-sud-sud-le-ministre-du-commerce-moctar-sabo-gado-du-niger-simpregne-de-lexpertise-burkinabe-a-travers-cim-metal\"},\"author\":{\"name\":\"cfeditorfr\",\"@id\":\"https:\/\/www.africa-press.net\/niger\/#\/schema\/person\/2b1cf3cd81a31e3cd26889ca66d677f1\"},\"headline\":\"Coop\u00e9ration sud-sud : Le ministre du commerce Moctar sabo Gado du Niger s\u2019impr\u00e8gne de l\u2019expertise burkinab\u00e8 \u00e0 travers CIM M\u00e9tal\",\"datePublished\":\"2021-08-20T13:38:22+00:00\",\"dateModified\":\"2021-08-20T20:01:57+00:00\",\"mainEntityOfPage\":{\"@id\":\"https:\/\/www.africa-press.net\/niger\/politique\/cooperation-sud-sud-le-ministre-du-commerce-moctar-sabo-gado-du-niger-simpregne-de-lexpertise-burkinabe-a-travers-cim-metal\"},\"wordCount\":815,\"commentCount\":0,\"image\":{\"@id\":\"https:\/\/www.africa-press.net\/niger\/politique\/cooperation-sud-sud-le-ministre-du-commerce-moctar-sabo-gado-du-niger-simpregne-de-lexpertise-burkinabe-a-travers-cim-metal#primaryimage\"},\"thumbnailUrl\":\"https:\/\/static.africa-press.net\/niger\/sites\/40\/2021\/08\/img-611f8d8989d20.jpg\",\"keywords\":[\"Africa Press\",\"Africa Press-Niger\",\"Niger\"],\"articleSection\":[\"homepage-french\",\"Politique\",\"Top Nouvelles\",\"Toutes les actualit\u00e9s\"],\"inLanguage\":\"fr-FR\",\"potentialAction\":[{\"@type\":\"CommentAction\",\"name\":\"Comment\",\"target\":[\"https:\/\/www.africa-press.net\/niger\/politique\/cooperation-sud-sud-le-ministre-du-commerce-moctar-sabo-gado-du-niger-simpregne-de-lexpertise-burkinabe-a-travers-cim-metal#respond\"]}]},{\"@type\":\"WebPage\",\"@id\":\"https:\/\/www.africa-press.net\/niger\/politique\/cooperation-sud-sud-le-ministre-du-commerce-moctar-sabo-gado-du-niger-simpregne-de-lexpertise-burkinabe-a-travers-cim-metal\",\"url\":\"https:\/\/www.africa-press.net\/niger\/politique\/cooperation-sud-sud-le-ministre-du-commerce-moctar-sabo-gado-du-niger-simpregne-de-lexpertise-burkinabe-a-travers-cim-metal\",\"name\":\"Coop\u00e9ration sud-sud : Le ministre du commerce Moctar sabo Gado du Niger s\u2019impr\u00e8gne de l\u2019expertise burkinab\u00e8 \u00e0 travers CIM M\u00e9tal - niger\",\"isPartOf\":{\"@id\":\"https:\/\/www.africa-press.net\/niger\/#website\"},\"primaryImageOfPage\":{\"@id\":\"https:\/\/www.africa-press.net\/niger\/politique\/cooperation-sud-sud-le-ministre-du-commerce-moctar-sabo-gado-du-niger-simpregne-de-lexpertise-burkinabe-a-travers-cim-metal#primaryimage\"},\"image\":{\"@id\":\"https:\/\/www.africa-press.net\/niger\/politique\/cooperation-sud-sud-le-ministre-du-commerce-moctar-sabo-gado-du-niger-simpregne-de-lexpertise-burkinabe-a-travers-cim-metal#primaryimage\"},\"thumbnailUrl\":\"https:\/\/static.africa-press.net\/niger\/sites\/40\/2021\/08\/img-611f8d8989d20.jpg\",\"datePublished\":\"2021-08-20T13:38:22+00:00\",\"dateModified\":\"2021-08-20T20:01:57+00:00\",\"author\":{\"@id\":\"https:\/\/www.africa-press.net\/niger\/#\/schema\/person\/2b1cf3cd81a31e3cd26889ca66d677f1\"},\"description\":\"Dans le cadre de leur visite d\u2019amiti\u00e9 et de travail au Burkina Faso, le ministre du commerce, de l\u2019industrie et de l\u2019 ...\",\"breadcrumb\":{\"@id\":\"https:\/\/www.africa-press.net\/niger\/politique\/cooperation-sud-sud-le-ministre-du-commerce-moctar-sabo-gado-du-niger-simpregne-de-lexpertise-burkinabe-a-travers-cim-metal#breadcrumb\"},\"inLanguage\":\"fr-FR\",\"potentialAction\":[{\"@type\":\"ReadAction\",\"target\":[\"https:\/\/www.africa-press.net\/niger\/politique\/cooperation-sud-sud-le-ministre-du-commerce-moctar-sabo-gado-du-niger-simpregne-de-lexpertise-burkinabe-a-travers-cim-metal\"]}]},{\"@type\":\"ImageObject\",\"inLanguage\":\"fr-FR\",\"@id\":\"https:\/\/www.africa-press.net\/niger\/politique\/cooperation-sud-sud-le-ministre-du-commerce-moctar-sabo-gado-du-niger-simpregne-de-lexpertise-burkinabe-a-travers-cim-metal#primaryimage\",\"url\":\"https:\/\/static.africa-press.net\/niger\/sites\/40\/2021\/08\/img-611f8d8989d20.jpg\",\"contentUrl\":\"https:\/\/static.africa-press.net\/niger\/sites\/40\/2021\/08\/img-611f8d8989d20.jpg\",\"width\":1080,\"height\":719,\"caption\":\"Coop\u00e9ration sud-sud : Le ministre du commerce Moctar sabo Gado du Niger s\u2019impr\u00e8gne de l\u2019expertise burkinab\u00e8 \u00e0 travers CIM M\u00e9tal\"},{\"@type\":\"BreadcrumbList\",\"@id\":\"https:\/\/www.africa-press.net\/niger\/politique\/cooperation-sud-sud-le-ministre-du-commerce-moctar-sabo-gado-du-niger-simpregne-de-lexpertise-burkinabe-a-travers-cim-metal#breadcrumb\",\"itemListElement\":[{\"@type\":\"ListItem\",\"position\":1,\"name\":\"Accueil\",\"item\":\"https:\/\/www.africa-press.net\/niger\/\"},{\"@type\":\"ListItem\",\"position\":2,\"name\":\"Coop\u00e9ration sud-sud : Le ministre du commerce Moctar sabo Gado du Niger s\u2019impr\u00e8gne de l\u2019expertise burkinab\u00e8 \u00e0 travers CIM M\u00e9tal\"}]},{\"@type\":\"WebSite\",\"@id\":\"https:\/\/www.africa-press.net\/niger\/#website\",\"url\":\"https:\/\/www.africa-press.net\/niger\/\",\"name\":\"niger\",\"description\":\"Just another Africa News Agency Sites site\",\"potentialAction\":[{\"@type\":\"SearchAction\",\"target\":{\"@type\":\"EntryPoint\",\"urlTemplate\":\"https:\/\/www.africa-press.net\/niger\/?s={search_term_string}\"},\"query-input\":{\"@type\":\"PropertyValueSpecification\",\"valueRequired\":true,\"valueName\":\"search_term_string\"}}],\"inLanguage\":\"fr-FR\"},{\"@type\":\"Person\",\"@id\":\"https:\/\/www.africa-press.net\/niger\/#\/schema\/person\/2b1cf3cd81a31e3cd26889ca66d677f1\",\"name\":\"cfeditorfr\"}]}<\/script>\n<!-- \/ Yoast SEO Premium plugin. -->","yoast_head_json":{"title":"Coop\u00e9ration sud-sud : Le ministre du commerce Moctar sabo Gado du Niger s\u2019impr\u00e8gne de l\u2019expertise burkinab\u00e8 \u00e0 travers CIM M\u00e9tal - niger","description":"Dans le cadre de leur visite d\u2019amiti\u00e9 et de travail au Burkina Faso, le ministre du commerce, de l\u2019industrie et de l\u2019 ...","robots":{"index":"index","follow":"follow","max-snippet":"max-snippet:-1","max-image-preview":"max-image-preview:large","max-video-preview":"max-video-preview:-1"},"canonical":"https:\/\/www.africa-press.net\/niger\/politique\/cooperation-sud-sud-le-ministre-du-commerce-moctar-sabo-gado-du-niger-simpregne-de-lexpertise-burkinabe-a-travers-cim-metal","og_locale":"fr_FR","og_type":"article","og_title":"Coop\u00e9ration sud-sud : Le ministre du commerce Moctar sabo Gado du Niger s\u2019impr\u00e8gne de l\u2019expertise burkinab\u00e8 \u00e0 travers CIM M\u00e9tal","og_description":"Dans le cadre de leur visite d\u2019amiti\u00e9 et de travail au Burkina Faso, le ministre du commerce, de l\u2019industrie et de l\u2019 ...","og_url":"https:\/\/www.africa-press.net\/niger\/politique\/cooperation-sud-sud-le-ministre-du-commerce-moctar-sabo-gado-du-niger-simpregne-de-lexpertise-burkinabe-a-travers-cim-metal","og_site_name":"niger","article_published_time":"2021-08-20T13:38:22+00:00","article_modified_time":"2021-08-20T20:01:57+00:00","og_image":[{"width":1080,"height":719,"url":"https:\/\/static.africa-press.net\/niger\/sites\/40\/2021\/08\/img-611f8d8989d20.jpg","type":"image\/jpeg"}],"author":"cfeditorfr","twitter_card":"summary_large_image","twitter_misc":{"\u00c9crit par":"cfeditorfr","Dur\u00e9e de lecture estim\u00e9e":"4 minutes"},"schema":{"@context":"https:\/\/schema.org","@graph":[{"@type":"Article","@id":"https:\/\/www.africa-press.net\/niger\/politique\/cooperation-sud-sud-le-ministre-du-commerce-moctar-sabo-gado-du-niger-simpregne-de-lexpertise-burkinabe-a-travers-cim-metal#article","isPartOf":{"@id":"https:\/\/www.africa-press.net\/niger\/politique\/cooperation-sud-sud-le-ministre-du-commerce-moctar-sabo-gado-du-niger-simpregne-de-lexpertise-burkinabe-a-travers-cim-metal"},"author":{"name":"cfeditorfr","@id":"https:\/\/www.africa-press.net\/niger\/#\/schema\/person\/2b1cf3cd81a31e3cd26889ca66d677f1"},"headline":"Coop\u00e9ration sud-sud : Le ministre du commerce Moctar sabo Gado du Niger s\u2019impr\u00e8gne de l\u2019expertise burkinab\u00e8 \u00e0 travers CIM M\u00e9tal","datePublished":"2021-08-20T13:38:22+00:00","dateModified":"2021-08-20T20:01:57+00:00","mainEntityOfPage":{"@id":"https:\/\/www.africa-press.net\/niger\/politique\/cooperation-sud-sud-le-ministre-du-commerce-moctar-sabo-gado-du-niger-simpregne-de-lexpertise-burkinabe-a-travers-cim-metal"},"wordCount":815,"commentCount":0,"image":{"@id":"https:\/\/www.africa-press.net\/niger\/politique\/cooperation-sud-sud-le-ministre-du-commerce-moctar-sabo-gado-du-niger-simpregne-de-lexpertise-burkinabe-a-travers-cim-metal#primaryimage"},"thumbnailUrl":"https:\/\/static.africa-press.net\/niger\/sites\/40\/2021\/08\/img-611f8d8989d20.jpg","keywords":["Africa Press","Africa Press-Niger","Niger"],"articleSection":["homepage-french","Politique","Top Nouvelles","Toutes les actualit\u00e9s"],"inLanguage":"fr-FR","potentialAction":[{"@type":"CommentAction","name":"Comment","target":["https:\/\/www.africa-press.net\/niger\/politique\/cooperation-sud-sud-le-ministre-du-commerce-moctar-sabo-gado-du-niger-simpregne-de-lexpertise-burkinabe-a-travers-cim-metal#respond"]}]},{"@type":"WebPage","@id":"https:\/\/www.africa-press.net\/niger\/politique\/cooperation-sud-sud-le-ministre-du-commerce-moctar-sabo-gado-du-niger-simpregne-de-lexpertise-burkinabe-a-travers-cim-metal","url":"https:\/\/www.africa-press.net\/niger\/politique\/cooperation-sud-sud-le-ministre-du-commerce-moctar-sabo-gado-du-niger-simpregne-de-lexpertise-burkinabe-a-travers-cim-metal","name":"Coop\u00e9ration sud-sud : Le ministre du commerce Moctar sabo Gado du Niger s\u2019impr\u00e8gne de l\u2019expertise burkinab\u00e8 \u00e0 travers CIM M\u00e9tal - niger","isPartOf":{"@id":"https:\/\/www.africa-press.net\/niger\/#website"},"primaryImageOfPage":{"@id":"https:\/\/www.africa-press.net\/niger\/politique\/cooperation-sud-sud-le-ministre-du-commerce-moctar-sabo-gado-du-niger-simpregne-de-lexpertise-burkinabe-a-travers-cim-metal#primaryimage"},"image":{"@id":"https:\/\/www.africa-press.net\/niger\/politique\/cooperation-sud-sud-le-ministre-du-commerce-moctar-sabo-gado-du-niger-simpregne-de-lexpertise-burkinabe-a-travers-cim-metal#primaryimage"},"thumbnailUrl":"https:\/\/static.africa-press.net\/niger\/sites\/40\/2021\/08\/img-611f8d8989d20.jpg","datePublished":"2021-08-20T13:38:22+00:00","dateModified":"2021-08-20T20:01:57+00:00","author":{"@id":"https:\/\/www.africa-press.net\/niger\/#\/schema\/person\/2b1cf3cd81a31e3cd26889ca66d677f1"},"description":"Dans le cadre de leur visite d\u2019amiti\u00e9 et de travail au Burkina Faso, le ministre du commerce, de l\u2019industrie et de l\u2019 ...","breadcrumb":{"@id":"https:\/\/www.africa-press.net\/niger\/politique\/cooperation-sud-sud-le-ministre-du-commerce-moctar-sabo-gado-du-niger-simpregne-de-lexpertise-burkinabe-a-travers-cim-metal#breadcrumb"},"inLanguage":"fr-FR","potentialAction":[{"@type":"ReadAction","target":["https:\/\/www.africa-press.net\/niger\/politique\/cooperation-sud-sud-le-ministre-du-commerce-moctar-sabo-gado-du-niger-simpregne-de-lexpertise-burkinabe-a-travers-cim-metal"]}]},{"@type":"ImageObject","inLanguage":"fr-FR","@id":"https:\/\/www.africa-press.net\/niger\/politique\/cooperation-sud-sud-le-ministre-du-commerce-moctar-sabo-gado-du-niger-simpregne-de-lexpertise-burkinabe-a-travers-cim-metal#primaryimage","url":"https:\/\/static.africa-press.net\/niger\/sites\/40\/2021\/08\/img-611f8d8989d20.jpg","contentUrl":"https:\/\/static.africa-press.net\/niger\/sites\/40\/2021\/08\/img-611f8d8989d20.jpg","width":1080,"height":719,"caption":"Coop\u00e9ration sud-sud : Le ministre du commerce Moctar sabo Gado du Niger s\u2019impr\u00e8gne de l\u2019expertise burkinab\u00e8 \u00e0 travers CIM M\u00e9tal"},{"@type":"BreadcrumbList","@id":"https:\/\/www.africa-press.net\/niger\/politique\/cooperation-sud-sud-le-ministre-du-commerce-moctar-sabo-gado-du-niger-simpregne-de-lexpertise-burkinabe-a-travers-cim-metal#breadcrumb","itemListElement":[{"@type":"ListItem","position":1,"name":"Accueil","item":"https:\/\/www.africa-press.net\/niger\/"},{"@type":"ListItem","position":2,"name":"Coop\u00e9ration sud-sud : Le ministre du commerce Moctar sabo Gado du Niger s\u2019impr\u00e8gne de l\u2019expertise burkinab\u00e8 \u00e0 travers CIM M\u00e9tal"}]},{"@type":"WebSite","@id":"https:\/\/www.africa-press.net\/niger\/#website","url":"https:\/\/www.africa-press.net\/niger\/","name":"niger","description":"Just another Africa News Agency Sites site","potentialAction":[{"@type":"SearchAction","target":{"@type":"EntryPoint","urlTemplate":"https:\/\/www.africa-press.net\/niger\/?s={search_term_string}"},"query-input":{"@type":"PropertyValueSpecification","valueRequired":true,"valueName":"search_term_string"}}],"inLanguage":"fr-FR"},{"@type":"Person","@id":"https:\/\/www.africa-press.net\/niger\/#\/schema\/person\/2b1cf3cd81a31e3cd26889ca66d677f1","name":"cfeditorfr"}]}},"_links":{"self":[{"href":"https:\/\/www.africa-press.net\/niger\/wp-json\/wp\/v2\/posts\/10423","targetHints":{"allow":["GET"]}}],"collection":[{"href":"https:\/\/www.africa-press.net\/niger\/wp-json\/wp\/v2\/posts"}],"about":[{"href":"https:\/\/www.africa-press.net\/niger\/wp-json\/wp\/v2\/types\/post"}],"author":[{"embeddable":true,"href":"https:\/\/www.africa-press.net\/niger\/wp-json\/wp\/v2\/users\/82"}],"replies":[{"embeddable":true,"href":"https:\/\/www.africa-press.net\/niger\/wp-json\/wp\/v2\/comments?post=10423"}],"version-history":[{"count":0,"href":"https:\/\/www.africa-press.net\/niger\/wp-json\/wp\/v2\/posts\/10423\/revisions"}],"wp:featuredmedia":[{"embeddable":true,"href":"https:\/\/www.africa-press.net\/niger\/wp-json\/wp\/v2\/media\/10422"}],"wp:attachment":[{"href":"https:\/\/www.africa-press.net\/niger\/wp-json\/wp\/v2\/media?parent=10423"}],"wp:term":[{"taxonomy":"category","embeddable":true,"href":"https:\/\/www.africa-press.net\/niger\/wp-json\/wp\/v2\/categories?post=10423"},{"taxonomy":"post_tag","embeddable":true,"href":"https:\/\/www.africa-press.net\/niger\/wp-json\/wp\/v2\/tags?post=10423"}],"curies":[{"name":"wp","href":"https:\/\/api.w.org\/{rel}","templated":true}]}}