{"id":10426,"date":"2021-08-20T13:49:32","date_gmt":"2021-08-20T13:49:32","guid":{"rendered":"https:\/\/www.africa-press.net\/niger\/?p=10426"},"modified":"2021-08-20T20:02:05","modified_gmt":"2021-08-20T20:02:05","slug":"point-de-presse-du-ministre-de-laction-humanitaire-et-la-coordinatrice-du-systeme-des-nations-unies-la-situation-des-deplaces-des-refugies-et-des-acteurs-humanitaires-au-centre-des-interv","status":"publish","type":"post","link":"https:\/\/www.africa-press.net\/niger\/politique\/point-de-presse-du-ministre-de-laction-humanitaire-et-la-coordinatrice-du-systeme-des-nations-unies-la-situation-des-deplaces-des-refugies-et-des-acteurs-humanitaires-au-centre-des-interv","title":{"rendered":"Point de presse  du ministre de l\u2019Action Humanitaire et la coordinatrice du Syst\u00e8me des Nations Unies : La situation des d\u00e9plac\u00e9s, des r\u00e9fugi\u00e9s et des acteurs humanitaires au centre des interventions"},"content":{"rendered":"<p><span style=\"color: #ff6600\"><strong><a href=\"https:\/\/www.africa-press.net\/\">Africa-Press<\/a> &#8211; <a href=\"https:\/\/www.africa-press.net\/niger\">Niger<\/a>. <\/strong><\/span>Le Niger a c\u00e9l\u00e9br\u00e9 hier jeudi 19 Ao\u00fbt 2021 la Journ\u00e9e Mondiale de l\u2019Aide Humanitaire. A cette occasion, le ministre de l\u2019Action Humanitaire et de la Gestion des Catastrophes, M. Laouan Magagi et la coordinatrice du Syst\u00e8me des Nations Unies au Niger, Mme Louise Aubin ont co-anim\u00e9 un point de presse dans lequel ils ont salu\u00e9 et encourag\u00e9 les acteurs humanitaires en g\u00e9n\u00e9ral et ceux qui ont laiss\u00e9 leurs familles \u00e0 consacrer leur vie pour sauver d\u2019autres vies en particulier.<\/p>\n<p>A l\u2019entame de ses propos, le ministre Laouan Magagi a d\u2019abord salu\u00e9 les populations nig\u00e9riennes qui ont ouvert leurs portes \u00e0 leurs fr\u00e8res et s\u0153urs qui ont quitt\u00e9 leurs villes, villages ou leurs pays, suite \u00e0 des conflits, ou \u00e0 des catastrophes naturelles (s\u00e8cheresse ou inondations) ; c\u2019est des vrais humanitaires et c\u2019est une action humanitaire porteuse. Pour faire face \u00e0 cette situation, a indiqu\u00e9 le ministre en charge de l\u2019Action Humanitaire, le Syst\u00e8me des Nations Unies accompagne chaque ann\u00e9e les gouvernements des pays affect\u00e9s. Le Niger, a-t-il soulign\u00e9, compte aujourd\u2019hui \u00e0 peu pr\u00e8s trois cent vingt mille (320 000) d\u00e9plac\u00e9s internes qui ont quitt\u00e9 malgr\u00e9 eux d\u2019un point A \u00e0 un point B et plus de deux cent dix mille (210 000) r\u00e9fugi\u00e9s dont soixante-cinq mille (65 000) maliens et cent cinquante mille nig\u00e9rians qui re\u00e7oivent de l\u2019aide tant du gouvernement nig\u00e9rien que des Partenaires Techniques et Financiers et la Communaut\u00e9 Humanitaire dans son ensemble.<\/p>\n<p>\u00ab Nous sommes en train de voir ensemble avec les partenaires comment le Gouvernement pourra \u00eatre appuy\u00e9 pour traiter ce probl\u00e8me \u00e0 sa racine en cr\u00e9ant les conditions de r\u00e9duction au maximum possible des causes de d\u00e9placement forc\u00e9 des populations \u00bb, a pr\u00e9cis\u00e9 M. Laouan Magagi. Et pour y parvenir, a-t-il justifi\u00e9, il faut entreprendre des actions porteuses des projets et programmes structurants. Ainsi, depuis le sommet mondial d\u2019humanitaire, tenu \u00e0 Istanbul en 2016, il y a une nouvelle fa\u00e7on de travailler qu\u2019on appelle \u00ab Nexus Humanitaire D\u00e9veloppement Paix \u00bb pour aller ensemble et surtout cr\u00e9er les conditions pour que Gouvernement, Humanitaire, Agent de D\u00e9veloppement puissent mettre en \u0153uvre l\u2019approche Nexus qui va traiter concomitamment les questions d\u2019urgences et les questions de d\u00e9veloppement durable \u00e0 travers des solutions qui vont r\u00e9gler le probl\u00e8me \u00e0 sa racine \u00bb, a expliqu\u00e9 le ministre en charge de l\u2019Action Humanitaire. Cette journ\u00e9e a \u00e9t\u00e9 \u00e9galement une occasion pour le Gouvernement du Niger, la Communaut\u00e9 Humanitaire et les Partenaires Techniques et Financiers de se retrouver autour d\u2019une table pour non seulement comm\u00e9morer cette journ\u00e9e de Bagdad, mais aussi encourager les acteurs humanitaires qui ont laiss\u00e9 leurs familles, consacrer leur vie pour sauver d\u2019autres vies.<\/p>\n<p>Pour sa part, la Coordinatrice du Syst\u00e8me des Nations Unies au Niger, Mme Louise Aubin, a indiqu\u00e9 que l\u2019Action Humanitaire est un t\u00e9moignage de solidarit\u00e9 qui repose en premier lieu sur la r\u00e9silience des populations qui survivent aux effets d\u00e9vastateurs climatiques mais aussi de la violence que subit ce pays. \u00ab Ces populations, c\u2019est elles qui nous indiquent le chemin \u00e0 suivre quand elles ont des propositions de solutions \u00e0 leurs probl\u00e8mes et il est de notre responsabilit\u00e9 de r\u00e9pondre cons\u00e9quemment \u00bb, a-t-elle affirm\u00e9. En deuxi\u00e8me lieu, a soulign\u00e9 Mme Louise Aubin, ce partenariat avec des populations les plus touch\u00e9es se fait avec des autorit\u00e9s responsables, un gouvernement proactif, comme explique tout r\u00e9cemment leur prompte r\u00e9action en r\u00e9ponse \u00e0 la situation du chol\u00e9ra qui touche plusieurs r\u00e9gions et districts avec des mat\u00e9riels et du personnel form\u00e9 d\u00e9p\u00each\u00e9s sur place, une sensibilisation des populations.<\/p>\n<p>La Coordinatrice du Syst\u00e8me des Nations Unies au Niger a aussi mis cette occasion \u00e0 profit pour saluer le travail indispensable de la soci\u00e9t\u00e9 civile nig\u00e9rienne, cette jeunesse mobilis\u00e9e, soit dans le cadre d\u2019Associations, d\u2019ONG grandissantes ici au Niger, qui est \u00e0 l\u2019\u00e9coute des populations et qui seront \u00e0 m\u00eame d\u2019innover en termes de solution. Mme Louise Aubin a en outre rappel\u00e9 le principe de droit humanitaire qui interdit de prendre pour cible des acteurs humanitaires ou leur travail, de prendre pour cible des civils. Elle a enfin d\u00e9plor\u00e9 l\u2019ins\u00e9curit\u00e9 que vivent tous les jours les populations pr\u00e8s des fronti\u00e8res du Niger<\/p>\n<p><b>\u00a0<\/b><\/p>\n","protected":false},"excerpt":{"rendered":"<p>Africa-Press &#8211; Niger. Le Niger a c\u00e9l\u00e9br\u00e9 hier jeudi 19 Ao\u00fbt 2021 la Journ\u00e9e Mondiale de l\u2019Aide Humanitaire. A cette occasion, le ministre de l\u2019Action Humanitaire et de la Gestion des Catastrophes, M. Laouan Magagi et la coordinatrice du Syst\u00e8me des Nations Unies au Niger, Mme Louise Aubin ont co-anim\u00e9 un point de presse dans [&hellip;]<\/p>\n","protected":false},"author":82,"featured_media":10425,"comment_status":"open","ping_status":"closed","sticky":false,"template":"","format":"standard","meta":{"footnotes":""},"categories":[11,2,20,10],"tags":[55,60,29],"class_list":["post-10426","post","type-post","status-publish","format-standard","has-post-thumbnail","hentry","category-homepage-french","category-politique","category-top-nouvelles","category-toutes-les-actualites","tag-africa-press","tag-africa-press-niger","tag-niger"],"yoast_head":"<!-- This site is optimized with the Yoast SEO Premium plugin v26.1 (Yoast SEO v27.0) - https:\/\/yoast.com\/product\/yoast-seo-premium-wordpress\/ -->\n<title>Point de presse du ministre de l\u2019Action Humanitaire et la coordinatrice du Syst\u00e8me des Nations Unies : La situation des d\u00e9plac\u00e9s, des r\u00e9fugi\u00e9s et des acteurs humanitaires au centre des interventions - niger<\/title>\n<meta name=\"robots\" content=\"index, follow, max-snippet:-1, max-image-preview:large, max-video-preview:-1\" \/>\n<link rel=\"canonical\" href=\"https:\/\/www.africa-press.net\/niger\/politique\/point-de-presse-du-ministre-de-laction-humanitaire-et-la-coordinatrice-du-systeme-des-nations-unies-la-situation-des-deplaces-des-refugies-et-des-acteurs-humanitaires-au-centre-des-interv\" \/>\n<meta property=\"og:locale\" content=\"fr_FR\" \/>\n<meta property=\"og:type\" content=\"article\" \/>\n<meta property=\"og:title\" content=\"Point de presse du ministre de l\u2019Action Humanitaire et la coordinatrice du Syst\u00e8me des Nations Unies : La situation des d\u00e9plac\u00e9s, des r\u00e9fugi\u00e9s et des acteurs humanitaires au centre des interventions\" \/>\n<meta property=\"og:description\" content=\"Africa-Press &#8211; Niger. Le Niger a c\u00e9l\u00e9br\u00e9 hier jeudi 19 Ao\u00fbt 2021 la Journ\u00e9e Mondiale de l\u2019Aide Humanitaire. A cette occasion, le ministre de l\u2019Action Humanitaire et de la Gestion des Catastrophes, M. Laouan Magagi et la coordinatrice du Syst\u00e8me des Nations Unies au Niger, Mme Louise Aubin ont co-anim\u00e9 un point de presse dans [&hellip;]\" \/>\n<meta property=\"og:url\" content=\"https:\/\/www.africa-press.net\/niger\/politique\/point-de-presse-du-ministre-de-laction-humanitaire-et-la-coordinatrice-du-systeme-des-nations-unies-la-situation-des-deplaces-des-refugies-et-des-acteurs-humanitaires-au-centre-des-interv\" \/>\n<meta property=\"og:site_name\" content=\"niger\" \/>\n<meta property=\"article:published_time\" content=\"2021-08-20T13:49:32+00:00\" \/>\n<meta property=\"article:modified_time\" content=\"2021-08-20T20:02:05+00:00\" \/>\n<meta property=\"og:image\" content=\"https:\/\/static.africa-press.net\/niger\/sites\/40\/2021\/08\/img-611f8dcf1f15f.jpg\" \/>\n\t<meta property=\"og:image:width\" content=\"720\" \/>\n\t<meta property=\"og:image:height\" content=\"364\" \/>\n\t<meta property=\"og:image:type\" content=\"image\/jpeg\" \/>\n<meta name=\"author\" content=\"cfeditorfr\" \/>\n<meta name=\"twitter:card\" content=\"summary_large_image\" \/>\n<meta name=\"twitter:label1\" content=\"\u00c9crit par\" \/>\n\t<meta name=\"twitter:data1\" content=\"cfeditorfr\" \/>\n\t<meta name=\"twitter:label2\" content=\"Dur\u00e9e de lecture estim\u00e9e\" \/>\n\t<meta name=\"twitter:data2\" content=\"4 minutes\" \/>\n<script type=\"application\/ld+json\" class=\"yoast-schema-graph\">{\"@context\":\"https:\/\/schema.org\",\"@graph\":[{\"@type\":\"Article\",\"@id\":\"https:\/\/www.africa-press.net\/niger\/politique\/point-de-presse-du-ministre-de-laction-humanitaire-et-la-coordinatrice-du-systeme-des-nations-unies-la-situation-des-deplaces-des-refugies-et-des-acteurs-humanitaires-au-centre-des-interv#article\",\"isPartOf\":{\"@id\":\"https:\/\/www.africa-press.net\/niger\/politique\/point-de-presse-du-ministre-de-laction-humanitaire-et-la-coordinatrice-du-systeme-des-nations-unies-la-situation-des-deplaces-des-refugies-et-des-acteurs-humanitaires-au-centre-des-interv\"},\"author\":{\"name\":\"cfeditorfr\",\"@id\":\"https:\/\/www.africa-press.net\/niger\/#\/schema\/person\/2b1cf3cd81a31e3cd26889ca66d677f1\"},\"headline\":\"Point de presse du ministre de l\u2019Action Humanitaire et la coordinatrice du Syst\u00e8me des Nations Unies : La situation des d\u00e9plac\u00e9s, des r\u00e9fugi\u00e9s et des acteurs humanitaires au centre des interventions\",\"datePublished\":\"2021-08-20T13:49:32+00:00\",\"dateModified\":\"2021-08-20T20:02:05+00:00\",\"mainEntityOfPage\":{\"@id\":\"https:\/\/www.africa-press.net\/niger\/politique\/point-de-presse-du-ministre-de-laction-humanitaire-et-la-coordinatrice-du-systeme-des-nations-unies-la-situation-des-deplaces-des-refugies-et-des-acteurs-humanitaires-au-centre-des-interv\"},\"wordCount\":775,\"commentCount\":0,\"image\":{\"@id\":\"https:\/\/www.africa-press.net\/niger\/politique\/point-de-presse-du-ministre-de-laction-humanitaire-et-la-coordinatrice-du-systeme-des-nations-unies-la-situation-des-deplaces-des-refugies-et-des-acteurs-humanitaires-au-centre-des-interv#primaryimage\"},\"thumbnailUrl\":\"https:\/\/static.africa-press.net\/niger\/sites\/40\/2021\/08\/img-611f8dcf1f15f.jpg\",\"keywords\":[\"Africa Press\",\"Africa Press-Niger\",\"Niger\"],\"articleSection\":[\"homepage-french\",\"Politique\",\"Top Nouvelles\",\"Toutes les actualit\u00e9s\"],\"inLanguage\":\"fr-FR\",\"potentialAction\":[{\"@type\":\"CommentAction\",\"name\":\"Comment\",\"target\":[\"https:\/\/www.africa-press.net\/niger\/politique\/point-de-presse-du-ministre-de-laction-humanitaire-et-la-coordinatrice-du-systeme-des-nations-unies-la-situation-des-deplaces-des-refugies-et-des-acteurs-humanitaires-au-centre-des-interv#respond\"]}]},{\"@type\":\"WebPage\",\"@id\":\"https:\/\/www.africa-press.net\/niger\/politique\/point-de-presse-du-ministre-de-laction-humanitaire-et-la-coordinatrice-du-systeme-des-nations-unies-la-situation-des-deplaces-des-refugies-et-des-acteurs-humanitaires-au-centre-des-interv\",\"url\":\"https:\/\/www.africa-press.net\/niger\/politique\/point-de-presse-du-ministre-de-laction-humanitaire-et-la-coordinatrice-du-systeme-des-nations-unies-la-situation-des-deplaces-des-refugies-et-des-acteurs-humanitaires-au-centre-des-interv\",\"name\":\"Point de presse du ministre de l\u2019Action Humanitaire et la coordinatrice du Syst\u00e8me des Nations Unies : La situation des d\u00e9plac\u00e9s, des r\u00e9fugi\u00e9s et des acteurs humanitaires au centre des interventions - niger\",\"isPartOf\":{\"@id\":\"https:\/\/www.africa-press.net\/niger\/#website\"},\"primaryImageOfPage\":{\"@id\":\"https:\/\/www.africa-press.net\/niger\/politique\/point-de-presse-du-ministre-de-laction-humanitaire-et-la-coordinatrice-du-systeme-des-nations-unies-la-situation-des-deplaces-des-refugies-et-des-acteurs-humanitaires-au-centre-des-interv#primaryimage\"},\"image\":{\"@id\":\"https:\/\/www.africa-press.net\/niger\/politique\/point-de-presse-du-ministre-de-laction-humanitaire-et-la-coordinatrice-du-systeme-des-nations-unies-la-situation-des-deplaces-des-refugies-et-des-acteurs-humanitaires-au-centre-des-interv#primaryimage\"},\"thumbnailUrl\":\"https:\/\/static.africa-press.net\/niger\/sites\/40\/2021\/08\/img-611f8dcf1f15f.jpg\",\"datePublished\":\"2021-08-20T13:49:32+00:00\",\"dateModified\":\"2021-08-20T20:02:05+00:00\",\"author\":{\"@id\":\"https:\/\/www.africa-press.net\/niger\/#\/schema\/person\/2b1cf3cd81a31e3cd26889ca66d677f1\"},\"breadcrumb\":{\"@id\":\"https:\/\/www.africa-press.net\/niger\/politique\/point-de-presse-du-ministre-de-laction-humanitaire-et-la-coordinatrice-du-systeme-des-nations-unies-la-situation-des-deplaces-des-refugies-et-des-acteurs-humanitaires-au-centre-des-interv#breadcrumb\"},\"inLanguage\":\"fr-FR\",\"potentialAction\":[{\"@type\":\"ReadAction\",\"target\":[\"https:\/\/www.africa-press.net\/niger\/politique\/point-de-presse-du-ministre-de-laction-humanitaire-et-la-coordinatrice-du-systeme-des-nations-unies-la-situation-des-deplaces-des-refugies-et-des-acteurs-humanitaires-au-centre-des-interv\"]}]},{\"@type\":\"ImageObject\",\"inLanguage\":\"fr-FR\",\"@id\":\"https:\/\/www.africa-press.net\/niger\/politique\/point-de-presse-du-ministre-de-laction-humanitaire-et-la-coordinatrice-du-systeme-des-nations-unies-la-situation-des-deplaces-des-refugies-et-des-acteurs-humanitaires-au-centre-des-interv#primaryimage\",\"url\":\"https:\/\/static.africa-press.net\/niger\/sites\/40\/2021\/08\/img-611f8dcf1f15f.jpg\",\"contentUrl\":\"https:\/\/static.africa-press.net\/niger\/sites\/40\/2021\/08\/img-611f8dcf1f15f.jpg\",\"width\":720,\"height\":364,\"caption\":\"Point de presse du ministre de l\u2019Action Humanitaire et la coordinatrice du Syst\u00e8me des Nations Unies : La situation des d\u00e9plac\u00e9s, des r\u00e9fugi\u00e9s et des acteurs humanitaires au centre des interventions\"},{\"@type\":\"BreadcrumbList\",\"@id\":\"https:\/\/www.africa-press.net\/niger\/politique\/point-de-presse-du-ministre-de-laction-humanitaire-et-la-coordinatrice-du-systeme-des-nations-unies-la-situation-des-deplaces-des-refugies-et-des-acteurs-humanitaires-au-centre-des-interv#breadcrumb\",\"itemListElement\":[{\"@type\":\"ListItem\",\"position\":1,\"name\":\"Accueil\",\"item\":\"https:\/\/www.africa-press.net\/niger\/\"},{\"@type\":\"ListItem\",\"position\":2,\"name\":\"Point de presse du ministre de l\u2019Action Humanitaire et la coordinatrice du Syst\u00e8me des Nations Unies : La situation des d\u00e9plac\u00e9s, des r\u00e9fugi\u00e9s et des acteurs humanitaires au centre des interventions\"}]},{\"@type\":\"WebSite\",\"@id\":\"https:\/\/www.africa-press.net\/niger\/#website\",\"url\":\"https:\/\/www.africa-press.net\/niger\/\",\"name\":\"niger\",\"description\":\"Just another Africa News Agency Sites site\",\"potentialAction\":[{\"@type\":\"SearchAction\",\"target\":{\"@type\":\"EntryPoint\",\"urlTemplate\":\"https:\/\/www.africa-press.net\/niger\/?s={search_term_string}\"},\"query-input\":{\"@type\":\"PropertyValueSpecification\",\"valueRequired\":true,\"valueName\":\"search_term_string\"}}],\"inLanguage\":\"fr-FR\"},{\"@type\":\"Person\",\"@id\":\"https:\/\/www.africa-press.net\/niger\/#\/schema\/person\/2b1cf3cd81a31e3cd26889ca66d677f1\",\"name\":\"cfeditorfr\"}]}<\/script>\n<!-- \/ Yoast SEO Premium plugin. -->","yoast_head_json":{"title":"Point de presse du ministre de l\u2019Action Humanitaire et la coordinatrice du Syst\u00e8me des Nations Unies : La situation des d\u00e9plac\u00e9s, des r\u00e9fugi\u00e9s et des acteurs humanitaires au centre des interventions - niger","robots":{"index":"index","follow":"follow","max-snippet":"max-snippet:-1","max-image-preview":"max-image-preview:large","max-video-preview":"max-video-preview:-1"},"canonical":"https:\/\/www.africa-press.net\/niger\/politique\/point-de-presse-du-ministre-de-laction-humanitaire-et-la-coordinatrice-du-systeme-des-nations-unies-la-situation-des-deplaces-des-refugies-et-des-acteurs-humanitaires-au-centre-des-interv","og_locale":"fr_FR","og_type":"article","og_title":"Point de presse du ministre de l\u2019Action Humanitaire et la coordinatrice du Syst\u00e8me des Nations Unies : La situation des d\u00e9plac\u00e9s, des r\u00e9fugi\u00e9s et des acteurs humanitaires au centre des interventions","og_description":"Africa-Press &#8211; Niger. Le Niger a c\u00e9l\u00e9br\u00e9 hier jeudi 19 Ao\u00fbt 2021 la Journ\u00e9e Mondiale de l\u2019Aide Humanitaire. A cette occasion, le ministre de l\u2019Action Humanitaire et de la Gestion des Catastrophes, M. Laouan Magagi et la coordinatrice du Syst\u00e8me des Nations Unies au Niger, Mme Louise Aubin ont co-anim\u00e9 un point de presse dans [&hellip;]","og_url":"https:\/\/www.africa-press.net\/niger\/politique\/point-de-presse-du-ministre-de-laction-humanitaire-et-la-coordinatrice-du-systeme-des-nations-unies-la-situation-des-deplaces-des-refugies-et-des-acteurs-humanitaires-au-centre-des-interv","og_site_name":"niger","article_published_time":"2021-08-20T13:49:32+00:00","article_modified_time":"2021-08-20T20:02:05+00:00","og_image":[{"width":720,"height":364,"url":"https:\/\/static.africa-press.net\/niger\/sites\/40\/2021\/08\/img-611f8dcf1f15f.jpg","type":"image\/jpeg"}],"author":"cfeditorfr","twitter_card":"summary_large_image","twitter_misc":{"\u00c9crit par":"cfeditorfr","Dur\u00e9e de lecture estim\u00e9e":"4 minutes"},"schema":{"@context":"https:\/\/schema.org","@graph":[{"@type":"Article","@id":"https:\/\/www.africa-press.net\/niger\/politique\/point-de-presse-du-ministre-de-laction-humanitaire-et-la-coordinatrice-du-systeme-des-nations-unies-la-situation-des-deplaces-des-refugies-et-des-acteurs-humanitaires-au-centre-des-interv#article","isPartOf":{"@id":"https:\/\/www.africa-press.net\/niger\/politique\/point-de-presse-du-ministre-de-laction-humanitaire-et-la-coordinatrice-du-systeme-des-nations-unies-la-situation-des-deplaces-des-refugies-et-des-acteurs-humanitaires-au-centre-des-interv"},"author":{"name":"cfeditorfr","@id":"https:\/\/www.africa-press.net\/niger\/#\/schema\/person\/2b1cf3cd81a31e3cd26889ca66d677f1"},"headline":"Point de presse du ministre de l\u2019Action Humanitaire et la coordinatrice du Syst\u00e8me des Nations Unies : La situation des d\u00e9plac\u00e9s, des r\u00e9fugi\u00e9s et des acteurs humanitaires au centre des interventions","datePublished":"2021-08-20T13:49:32+00:00","dateModified":"2021-08-20T20:02:05+00:00","mainEntityOfPage":{"@id":"https:\/\/www.africa-press.net\/niger\/politique\/point-de-presse-du-ministre-de-laction-humanitaire-et-la-coordinatrice-du-systeme-des-nations-unies-la-situation-des-deplaces-des-refugies-et-des-acteurs-humanitaires-au-centre-des-interv"},"wordCount":775,"commentCount":0,"image":{"@id":"https:\/\/www.africa-press.net\/niger\/politique\/point-de-presse-du-ministre-de-laction-humanitaire-et-la-coordinatrice-du-systeme-des-nations-unies-la-situation-des-deplaces-des-refugies-et-des-acteurs-humanitaires-au-centre-des-interv#primaryimage"},"thumbnailUrl":"https:\/\/static.africa-press.net\/niger\/sites\/40\/2021\/08\/img-611f8dcf1f15f.jpg","keywords":["Africa Press","Africa Press-Niger","Niger"],"articleSection":["homepage-french","Politique","Top Nouvelles","Toutes les actualit\u00e9s"],"inLanguage":"fr-FR","potentialAction":[{"@type":"CommentAction","name":"Comment","target":["https:\/\/www.africa-press.net\/niger\/politique\/point-de-presse-du-ministre-de-laction-humanitaire-et-la-coordinatrice-du-systeme-des-nations-unies-la-situation-des-deplaces-des-refugies-et-des-acteurs-humanitaires-au-centre-des-interv#respond"]}]},{"@type":"WebPage","@id":"https:\/\/www.africa-press.net\/niger\/politique\/point-de-presse-du-ministre-de-laction-humanitaire-et-la-coordinatrice-du-systeme-des-nations-unies-la-situation-des-deplaces-des-refugies-et-des-acteurs-humanitaires-au-centre-des-interv","url":"https:\/\/www.africa-press.net\/niger\/politique\/point-de-presse-du-ministre-de-laction-humanitaire-et-la-coordinatrice-du-systeme-des-nations-unies-la-situation-des-deplaces-des-refugies-et-des-acteurs-humanitaires-au-centre-des-interv","name":"Point de presse du ministre de l\u2019Action Humanitaire et la coordinatrice du Syst\u00e8me des Nations Unies : La situation des d\u00e9plac\u00e9s, des r\u00e9fugi\u00e9s et des acteurs humanitaires au centre des interventions - niger","isPartOf":{"@id":"https:\/\/www.africa-press.net\/niger\/#website"},"primaryImageOfPage":{"@id":"https:\/\/www.africa-press.net\/niger\/politique\/point-de-presse-du-ministre-de-laction-humanitaire-et-la-coordinatrice-du-systeme-des-nations-unies-la-situation-des-deplaces-des-refugies-et-des-acteurs-humanitaires-au-centre-des-interv#primaryimage"},"image":{"@id":"https:\/\/www.africa-press.net\/niger\/politique\/point-de-presse-du-ministre-de-laction-humanitaire-et-la-coordinatrice-du-systeme-des-nations-unies-la-situation-des-deplaces-des-refugies-et-des-acteurs-humanitaires-au-centre-des-interv#primaryimage"},"thumbnailUrl":"https:\/\/static.africa-press.net\/niger\/sites\/40\/2021\/08\/img-611f8dcf1f15f.jpg","datePublished":"2021-08-20T13:49:32+00:00","dateModified":"2021-08-20T20:02:05+00:00","author":{"@id":"https:\/\/www.africa-press.net\/niger\/#\/schema\/person\/2b1cf3cd81a31e3cd26889ca66d677f1"},"breadcrumb":{"@id":"https:\/\/www.africa-press.net\/niger\/politique\/point-de-presse-du-ministre-de-laction-humanitaire-et-la-coordinatrice-du-systeme-des-nations-unies-la-situation-des-deplaces-des-refugies-et-des-acteurs-humanitaires-au-centre-des-interv#breadcrumb"},"inLanguage":"fr-FR","potentialAction":[{"@type":"ReadAction","target":["https:\/\/www.africa-press.net\/niger\/politique\/point-de-presse-du-ministre-de-laction-humanitaire-et-la-coordinatrice-du-systeme-des-nations-unies-la-situation-des-deplaces-des-refugies-et-des-acteurs-humanitaires-au-centre-des-interv"]}]},{"@type":"ImageObject","inLanguage":"fr-FR","@id":"https:\/\/www.africa-press.net\/niger\/politique\/point-de-presse-du-ministre-de-laction-humanitaire-et-la-coordinatrice-du-systeme-des-nations-unies-la-situation-des-deplaces-des-refugies-et-des-acteurs-humanitaires-au-centre-des-interv#primaryimage","url":"https:\/\/static.africa-press.net\/niger\/sites\/40\/2021\/08\/img-611f8dcf1f15f.jpg","contentUrl":"https:\/\/static.africa-press.net\/niger\/sites\/40\/2021\/08\/img-611f8dcf1f15f.jpg","width":720,"height":364,"caption":"Point de presse du ministre de l\u2019Action Humanitaire et la coordinatrice du Syst\u00e8me des Nations Unies : La situation des d\u00e9plac\u00e9s, des r\u00e9fugi\u00e9s et des acteurs humanitaires au centre des interventions"},{"@type":"BreadcrumbList","@id":"https:\/\/www.africa-press.net\/niger\/politique\/point-de-presse-du-ministre-de-laction-humanitaire-et-la-coordinatrice-du-systeme-des-nations-unies-la-situation-des-deplaces-des-refugies-et-des-acteurs-humanitaires-au-centre-des-interv#breadcrumb","itemListElement":[{"@type":"ListItem","position":1,"name":"Accueil","item":"https:\/\/www.africa-press.net\/niger\/"},{"@type":"ListItem","position":2,"name":"Point de presse du ministre de l\u2019Action Humanitaire et la coordinatrice du Syst\u00e8me des Nations Unies : La situation des d\u00e9plac\u00e9s, des r\u00e9fugi\u00e9s et des acteurs humanitaires au centre des interventions"}]},{"@type":"WebSite","@id":"https:\/\/www.africa-press.net\/niger\/#website","url":"https:\/\/www.africa-press.net\/niger\/","name":"niger","description":"Just another Africa News Agency Sites site","potentialAction":[{"@type":"SearchAction","target":{"@type":"EntryPoint","urlTemplate":"https:\/\/www.africa-press.net\/niger\/?s={search_term_string}"},"query-input":{"@type":"PropertyValueSpecification","valueRequired":true,"valueName":"search_term_string"}}],"inLanguage":"fr-FR"},{"@type":"Person","@id":"https:\/\/www.africa-press.net\/niger\/#\/schema\/person\/2b1cf3cd81a31e3cd26889ca66d677f1","name":"cfeditorfr"}]}},"_links":{"self":[{"href":"https:\/\/www.africa-press.net\/niger\/wp-json\/wp\/v2\/posts\/10426","targetHints":{"allow":["GET"]}}],"collection":[{"href":"https:\/\/www.africa-press.net\/niger\/wp-json\/wp\/v2\/posts"}],"about":[{"href":"https:\/\/www.africa-press.net\/niger\/wp-json\/wp\/v2\/types\/post"}],"author":[{"embeddable":true,"href":"https:\/\/www.africa-press.net\/niger\/wp-json\/wp\/v2\/users\/82"}],"replies":[{"embeddable":true,"href":"https:\/\/www.africa-press.net\/niger\/wp-json\/wp\/v2\/comments?post=10426"}],"version-history":[{"count":0,"href":"https:\/\/www.africa-press.net\/niger\/wp-json\/wp\/v2\/posts\/10426\/revisions"}],"wp:featuredmedia":[{"embeddable":true,"href":"https:\/\/www.africa-press.net\/niger\/wp-json\/wp\/v2\/media\/10425"}],"wp:attachment":[{"href":"https:\/\/www.africa-press.net\/niger\/wp-json\/wp\/v2\/media?parent=10426"}],"wp:term":[{"taxonomy":"category","embeddable":true,"href":"https:\/\/www.africa-press.net\/niger\/wp-json\/wp\/v2\/categories?post=10426"},{"taxonomy":"post_tag","embeddable":true,"href":"https:\/\/www.africa-press.net\/niger\/wp-json\/wp\/v2\/tags?post=10426"}],"curies":[{"name":"wp","href":"https:\/\/api.w.org\/{rel}","templated":true}]}}