{"id":10443,"date":"2021-08-20T14:30:21","date_gmt":"2021-08-20T14:30:21","guid":{"rendered":"https:\/\/www.africa-press.net\/niger\/?p=10443"},"modified":"2021-08-20T20:03:01","modified_gmt":"2021-08-20T20:03:01","slug":"lair-du-temps-toutes-ces-tragedies-barbares-et-absurdes","status":"publish","type":"post","link":"https:\/\/www.africa-press.net\/niger\/dossiers\/lair-du-temps-toutes-ces-tragedies-barbares-et-absurdes","title":{"rendered":"L\u2019air du temps : Toutes ces trag\u00e9dies barbares et absurdes\u2026"},"content":{"rendered":"<p><span style=\"color: #ff6600\"><strong><a href=\"https:\/\/www.africa-press.net\/\">Africa-Press<\/a> &#8211; <a href=\"https:\/\/www.africa-press.net\/niger\">Niger<\/a>. <\/strong><\/span>Mais enfin, que veulent-ils, ces barbares qui tuent sans logique ni discernement ! Qui sont-ils, sont-ils vraiment de la race des humains, sont-ils r\u00e9ellement comme nous des descendants d\u2019Adam et d\u2019Eve ? Des questions, parmi tant d\u2019autres que se pose l\u2019opinion g\u00e9n\u00e9rale !\u2026 Et ces interrogations trouvent tout leur sens au regard du degr\u00e9 des violences \u00e0 la limite de la sauvagerie, mais aussi de l\u2019absurdit\u00e9, qui entourent ces attaques terroristes aveugles perp\u00e9tr\u00e9es, ces derniers temps, au Niger et chez nos voisins, au Burkina Faso et au Mali.<\/p>\n<p>Les r\u00e9cents \u00e9v\u00e9nements qui dominent l\u2019actualit\u00e9 sur le front s\u00e9curitaire attestent de la gravit\u00e9 de la situation dans la zone dite des \u2018\u2019trois fronti\u00e8res\u2019\u2019. Ainsi, le lundi 16 ao\u00fbt 2021, 37 citoyens civils (hommes, femmes, enfants et vieillards) du village de Darey Dey, dans la zone de Banibangou (r\u00e9gion de Tillab\u00e9ri), ont \u00e9t\u00e9 froidement abattus et quatre (4) autres ont \u00e9t\u00e9 bless\u00e9s, alors que ces victimes vaquaient paisiblement \u00e0 leurs occupations quotidiennes de travaux champ\u00eatres. C\u2019est d\u2019ailleurs la deuxi\u00e8me attaque du genre perp\u00e9tr\u00e9e contre les habitants de ce m\u00eame village en moins d\u2019un mois, la premi\u00e8re ayant fait une dizaine de morts. Et \u00e0 chaque fois, les assaillants ont l\u00e2chement fui pour se fondre dans la nature, sans le moindre remords, mais les mains souill\u00e9es de sang d\u2019innocents !\u2026<\/p>\n<p>Quelques jours auparavant, le dimanche 08 ao\u00fbt 2021, au Mali, ce sont plus de 50 civils qui ont \u00e9t\u00e9 tu\u00e9s dans des attaques simultan\u00e9es contre trois villages, dans la r\u00e9gion de Gao. De l\u2019autre c\u00f4t\u00e9 de la fronti\u00e8re, au Burkina Faso, l\u2019ombre de la mort a encore plan\u00e9, mercredi dernier, dans la localit\u00e9 de Gorgadji (province du Soum) dans la r\u00e9gion o\u00f9 47 personnes, dont 30 civils, 14 soldats et trois Volontaires pour la D\u00e9fense de la Patrie, ont \u00e9t\u00e9 tu\u00e9s. Mais l\u00e0, le crime n\u2019est pas rest\u00e9 totalement impuni car 58 terroristes y ont laiss\u00e9 leur peau et de nombreux autres ont \u00e9t\u00e9 bless\u00e9s avant que la \u2018\u2019meute de lycaons\u2019\u2019, ne prenne la fuite.<\/p>\n<p>Absurdit\u00e9 et ignominie, quand ces colonnes de \u2018\u2019motards de la mort\u2019\u2019 arm\u00e9s jusqu\u2019aux dents prennent d\u00e9lib\u00e9r\u00e9ment pour cible des populations civiles innocentes, d\u00e9sarm\u00e9es et sans d\u00e9fense ! Sauvagerie et folie, quand ces lugubres hommes en armes tapis dans la verdure vont jusqu\u2019\u00e0 surprendre des paisibles paysans dans leurs champs et tirer sur eux sans sommation jusqu\u2019\u00e0 ce que mort s\u2019en suive, \u00e0 l\u2019heure o\u00f9 ces derniers trimaient pour arracher \u00e0 la terre de maigres produits de leur subsistance !<\/p>\n<p>Finalement, m\u00eame la lancinante question qui revient sur toutes les l\u00e8vres, celle de savoir ce que veulent les terroristes reste sans r\u00e9ponse. Car en plus du fait que ces gens n\u2019ont rien revendiqu\u00e9 \u00e0 personne, ils agissent royalement en contre-courant de la cause et des principes sacro-saints de l\u2019Islam qu\u2019ils pr\u00e9tendent vouloir d\u00e9fendre. Car, nulle part, l\u2019Islam, cette religion de paix et de tol\u00e9rance, n\u2019a recommand\u00e9 ou sacr\u00e9 la mise \u00e0 mort d\u2019une personne par une autre, qui plus est, des musulmans innocents.<\/p>\n<p><b>\u00a0<\/b><\/p>\n","protected":false},"excerpt":{"rendered":"<p>Africa-Press &#8211; Niger. Mais enfin, que veulent-ils, ces barbares qui tuent sans logique ni discernement ! Qui sont-ils, sont-ils vraiment de la race des humains, sont-ils r\u00e9ellement comme nous des descendants d\u2019Adam et d\u2019Eve ? Des questions, parmi tant d\u2019autres que se pose l\u2019opinion g\u00e9n\u00e9rale !\u2026 Et ces interrogations trouvent tout leur sens au regard [&hellip;]<\/p>\n","protected":false},"author":82,"featured_media":10442,"comment_status":"open","ping_status":"closed","sticky":false,"template":"","format":"standard","meta":{"footnotes":""},"categories":[7,11,10],"tags":[55,60,29],"class_list":["post-10443","post","type-post","status-publish","format-standard","has-post-thumbnail","hentry","category-dossiers","category-homepage-french","category-toutes-les-actualites","tag-africa-press","tag-africa-press-niger","tag-niger"],"yoast_head":"<!-- This site is optimized with the Yoast SEO Premium plugin v26.1 (Yoast SEO v27.0) - https:\/\/yoast.com\/product\/yoast-seo-premium-wordpress\/ -->\n<title>L\u2019air du temps : Toutes ces trag\u00e9dies barbares et absurdes\u2026 - niger<\/title>\n<meta name=\"description\" content=\"\ufeffMais enfin, que veulent-ils, ces barbares qui tuent sans logique ni discernement ! Qui sont-ils, sont-ils vraiment de l ...\" \/>\n<meta name=\"robots\" content=\"index, follow, max-snippet:-1, max-image-preview:large, max-video-preview:-1\" \/>\n<link rel=\"canonical\" href=\"https:\/\/www.africa-press.net\/niger\/dossiers\/lair-du-temps-toutes-ces-tragedies-barbares-et-absurdes\" \/>\n<meta property=\"og:locale\" content=\"fr_FR\" \/>\n<meta property=\"og:type\" content=\"article\" \/>\n<meta property=\"og:title\" content=\"L\u2019air du temps : Toutes ces trag\u00e9dies barbares et absurdes\u2026\" \/>\n<meta property=\"og:description\" content=\"\ufeffMais enfin, que veulent-ils, ces barbares qui tuent sans logique ni discernement ! Qui sont-ils, sont-ils vraiment de l ...\" \/>\n<meta property=\"og:url\" content=\"https:\/\/www.africa-press.net\/niger\/dossiers\/lair-du-temps-toutes-ces-tragedies-barbares-et-absurdes\" \/>\n<meta property=\"og:site_name\" content=\"niger\" \/>\n<meta property=\"article:published_time\" content=\"2021-08-20T14:30:21+00:00\" \/>\n<meta property=\"article:modified_time\" content=\"2021-08-20T20:03:01+00:00\" \/>\n<meta property=\"og:image\" content=\"https:\/\/static.africa-press.net\/niger\/sites\/40\/2021\/08\/img-611f8fa33ed8c.jpg\" \/>\n\t<meta property=\"og:image:width\" content=\"720\" \/>\n\t<meta property=\"og:image:height\" content=\"598\" \/>\n\t<meta property=\"og:image:type\" content=\"image\/jpeg\" \/>\n<meta name=\"author\" content=\"cfeditorfr\" \/>\n<meta name=\"twitter:card\" content=\"summary_large_image\" \/>\n<meta name=\"twitter:label1\" content=\"\u00c9crit par\" \/>\n\t<meta name=\"twitter:data1\" content=\"cfeditorfr\" \/>\n\t<meta name=\"twitter:label2\" content=\"Dur\u00e9e de lecture estim\u00e9e\" \/>\n\t<meta name=\"twitter:data2\" content=\"3 minutes\" \/>\n<script type=\"application\/ld+json\" class=\"yoast-schema-graph\">{\"@context\":\"https:\/\/schema.org\",\"@graph\":[{\"@type\":\"Article\",\"@id\":\"https:\/\/www.africa-press.net\/niger\/dossiers\/lair-du-temps-toutes-ces-tragedies-barbares-et-absurdes#article\",\"isPartOf\":{\"@id\":\"https:\/\/www.africa-press.net\/niger\/dossiers\/lair-du-temps-toutes-ces-tragedies-barbares-et-absurdes\"},\"author\":{\"name\":\"cfeditorfr\",\"@id\":\"https:\/\/www.africa-press.net\/niger\/#\/schema\/person\/2b1cf3cd81a31e3cd26889ca66d677f1\"},\"headline\":\"L\u2019air du temps : Toutes ces trag\u00e9dies barbares et absurdes\u2026\",\"datePublished\":\"2021-08-20T14:30:21+00:00\",\"dateModified\":\"2021-08-20T20:03:01+00:00\",\"mainEntityOfPage\":{\"@id\":\"https:\/\/www.africa-press.net\/niger\/dossiers\/lair-du-temps-toutes-ces-tragedies-barbares-et-absurdes\"},\"wordCount\":550,\"commentCount\":0,\"image\":{\"@id\":\"https:\/\/www.africa-press.net\/niger\/dossiers\/lair-du-temps-toutes-ces-tragedies-barbares-et-absurdes#primaryimage\"},\"thumbnailUrl\":\"https:\/\/static.africa-press.net\/niger\/sites\/40\/2021\/08\/img-611f8fa33ed8c.jpg\",\"keywords\":[\"Africa Press\",\"Africa Press-Niger\",\"Niger\"],\"articleSection\":[\"Dossiers\",\"homepage-french\",\"Toutes les actualit\u00e9s\"],\"inLanguage\":\"fr-FR\",\"potentialAction\":[{\"@type\":\"CommentAction\",\"name\":\"Comment\",\"target\":[\"https:\/\/www.africa-press.net\/niger\/dossiers\/lair-du-temps-toutes-ces-tragedies-barbares-et-absurdes#respond\"]}]},{\"@type\":\"WebPage\",\"@id\":\"https:\/\/www.africa-press.net\/niger\/dossiers\/lair-du-temps-toutes-ces-tragedies-barbares-et-absurdes\",\"url\":\"https:\/\/www.africa-press.net\/niger\/dossiers\/lair-du-temps-toutes-ces-tragedies-barbares-et-absurdes\",\"name\":\"L\u2019air du temps : Toutes ces trag\u00e9dies barbares et absurdes\u2026 - niger\",\"isPartOf\":{\"@id\":\"https:\/\/www.africa-press.net\/niger\/#website\"},\"primaryImageOfPage\":{\"@id\":\"https:\/\/www.africa-press.net\/niger\/dossiers\/lair-du-temps-toutes-ces-tragedies-barbares-et-absurdes#primaryimage\"},\"image\":{\"@id\":\"https:\/\/www.africa-press.net\/niger\/dossiers\/lair-du-temps-toutes-ces-tragedies-barbares-et-absurdes#primaryimage\"},\"thumbnailUrl\":\"https:\/\/static.africa-press.net\/niger\/sites\/40\/2021\/08\/img-611f8fa33ed8c.jpg\",\"datePublished\":\"2021-08-20T14:30:21+00:00\",\"dateModified\":\"2021-08-20T20:03:01+00:00\",\"author\":{\"@id\":\"https:\/\/www.africa-press.net\/niger\/#\/schema\/person\/2b1cf3cd81a31e3cd26889ca66d677f1\"},\"description\":\"\ufeffMais enfin, que veulent-ils, ces barbares qui tuent sans logique ni discernement ! Qui sont-ils, sont-ils vraiment de l ...\",\"breadcrumb\":{\"@id\":\"https:\/\/www.africa-press.net\/niger\/dossiers\/lair-du-temps-toutes-ces-tragedies-barbares-et-absurdes#breadcrumb\"},\"inLanguage\":\"fr-FR\",\"potentialAction\":[{\"@type\":\"ReadAction\",\"target\":[\"https:\/\/www.africa-press.net\/niger\/dossiers\/lair-du-temps-toutes-ces-tragedies-barbares-et-absurdes\"]}]},{\"@type\":\"ImageObject\",\"inLanguage\":\"fr-FR\",\"@id\":\"https:\/\/www.africa-press.net\/niger\/dossiers\/lair-du-temps-toutes-ces-tragedies-barbares-et-absurdes#primaryimage\",\"url\":\"https:\/\/static.africa-press.net\/niger\/sites\/40\/2021\/08\/img-611f8fa33ed8c.jpg\",\"contentUrl\":\"https:\/\/static.africa-press.net\/niger\/sites\/40\/2021\/08\/img-611f8fa33ed8c.jpg\",\"width\":720,\"height\":598,\"caption\":\"L\u2019air du temps : Toutes ces trag\u00e9dies barbares et absurdes\u2026\"},{\"@type\":\"BreadcrumbList\",\"@id\":\"https:\/\/www.africa-press.net\/niger\/dossiers\/lair-du-temps-toutes-ces-tragedies-barbares-et-absurdes#breadcrumb\",\"itemListElement\":[{\"@type\":\"ListItem\",\"position\":1,\"name\":\"Accueil\",\"item\":\"https:\/\/www.africa-press.net\/niger\/\"},{\"@type\":\"ListItem\",\"position\":2,\"name\":\"L\u2019air du temps : Toutes ces trag\u00e9dies barbares et absurdes\u2026\"}]},{\"@type\":\"WebSite\",\"@id\":\"https:\/\/www.africa-press.net\/niger\/#website\",\"url\":\"https:\/\/www.africa-press.net\/niger\/\",\"name\":\"niger\",\"description\":\"Just another Africa News Agency Sites site\",\"potentialAction\":[{\"@type\":\"SearchAction\",\"target\":{\"@type\":\"EntryPoint\",\"urlTemplate\":\"https:\/\/www.africa-press.net\/niger\/?s={search_term_string}\"},\"query-input\":{\"@type\":\"PropertyValueSpecification\",\"valueRequired\":true,\"valueName\":\"search_term_string\"}}],\"inLanguage\":\"fr-FR\"},{\"@type\":\"Person\",\"@id\":\"https:\/\/www.africa-press.net\/niger\/#\/schema\/person\/2b1cf3cd81a31e3cd26889ca66d677f1\",\"name\":\"cfeditorfr\"}]}<\/script>\n<!-- \/ Yoast SEO Premium plugin. -->","yoast_head_json":{"title":"L\u2019air du temps : Toutes ces trag\u00e9dies barbares et absurdes\u2026 - niger","description":"\ufeffMais enfin, que veulent-ils, ces barbares qui tuent sans logique ni discernement ! Qui sont-ils, sont-ils vraiment de l ...","robots":{"index":"index","follow":"follow","max-snippet":"max-snippet:-1","max-image-preview":"max-image-preview:large","max-video-preview":"max-video-preview:-1"},"canonical":"https:\/\/www.africa-press.net\/niger\/dossiers\/lair-du-temps-toutes-ces-tragedies-barbares-et-absurdes","og_locale":"fr_FR","og_type":"article","og_title":"L\u2019air du temps : Toutes ces trag\u00e9dies barbares et absurdes\u2026","og_description":"\ufeffMais enfin, que veulent-ils, ces barbares qui tuent sans logique ni discernement ! Qui sont-ils, sont-ils vraiment de l ...","og_url":"https:\/\/www.africa-press.net\/niger\/dossiers\/lair-du-temps-toutes-ces-tragedies-barbares-et-absurdes","og_site_name":"niger","article_published_time":"2021-08-20T14:30:21+00:00","article_modified_time":"2021-08-20T20:03:01+00:00","og_image":[{"width":720,"height":598,"url":"https:\/\/static.africa-press.net\/niger\/sites\/40\/2021\/08\/img-611f8fa33ed8c.jpg","type":"image\/jpeg"}],"author":"cfeditorfr","twitter_card":"summary_large_image","twitter_misc":{"\u00c9crit par":"cfeditorfr","Dur\u00e9e de lecture estim\u00e9e":"3 minutes"},"schema":{"@context":"https:\/\/schema.org","@graph":[{"@type":"Article","@id":"https:\/\/www.africa-press.net\/niger\/dossiers\/lair-du-temps-toutes-ces-tragedies-barbares-et-absurdes#article","isPartOf":{"@id":"https:\/\/www.africa-press.net\/niger\/dossiers\/lair-du-temps-toutes-ces-tragedies-barbares-et-absurdes"},"author":{"name":"cfeditorfr","@id":"https:\/\/www.africa-press.net\/niger\/#\/schema\/person\/2b1cf3cd81a31e3cd26889ca66d677f1"},"headline":"L\u2019air du temps : Toutes ces trag\u00e9dies barbares et absurdes\u2026","datePublished":"2021-08-20T14:30:21+00:00","dateModified":"2021-08-20T20:03:01+00:00","mainEntityOfPage":{"@id":"https:\/\/www.africa-press.net\/niger\/dossiers\/lair-du-temps-toutes-ces-tragedies-barbares-et-absurdes"},"wordCount":550,"commentCount":0,"image":{"@id":"https:\/\/www.africa-press.net\/niger\/dossiers\/lair-du-temps-toutes-ces-tragedies-barbares-et-absurdes#primaryimage"},"thumbnailUrl":"https:\/\/static.africa-press.net\/niger\/sites\/40\/2021\/08\/img-611f8fa33ed8c.jpg","keywords":["Africa Press","Africa Press-Niger","Niger"],"articleSection":["Dossiers","homepage-french","Toutes les actualit\u00e9s"],"inLanguage":"fr-FR","potentialAction":[{"@type":"CommentAction","name":"Comment","target":["https:\/\/www.africa-press.net\/niger\/dossiers\/lair-du-temps-toutes-ces-tragedies-barbares-et-absurdes#respond"]}]},{"@type":"WebPage","@id":"https:\/\/www.africa-press.net\/niger\/dossiers\/lair-du-temps-toutes-ces-tragedies-barbares-et-absurdes","url":"https:\/\/www.africa-press.net\/niger\/dossiers\/lair-du-temps-toutes-ces-tragedies-barbares-et-absurdes","name":"L\u2019air du temps : Toutes ces trag\u00e9dies barbares et absurdes\u2026 - niger","isPartOf":{"@id":"https:\/\/www.africa-press.net\/niger\/#website"},"primaryImageOfPage":{"@id":"https:\/\/www.africa-press.net\/niger\/dossiers\/lair-du-temps-toutes-ces-tragedies-barbares-et-absurdes#primaryimage"},"image":{"@id":"https:\/\/www.africa-press.net\/niger\/dossiers\/lair-du-temps-toutes-ces-tragedies-barbares-et-absurdes#primaryimage"},"thumbnailUrl":"https:\/\/static.africa-press.net\/niger\/sites\/40\/2021\/08\/img-611f8fa33ed8c.jpg","datePublished":"2021-08-20T14:30:21+00:00","dateModified":"2021-08-20T20:03:01+00:00","author":{"@id":"https:\/\/www.africa-press.net\/niger\/#\/schema\/person\/2b1cf3cd81a31e3cd26889ca66d677f1"},"description":"\ufeffMais enfin, que veulent-ils, ces barbares qui tuent sans logique ni discernement ! Qui sont-ils, sont-ils vraiment de l ...","breadcrumb":{"@id":"https:\/\/www.africa-press.net\/niger\/dossiers\/lair-du-temps-toutes-ces-tragedies-barbares-et-absurdes#breadcrumb"},"inLanguage":"fr-FR","potentialAction":[{"@type":"ReadAction","target":["https:\/\/www.africa-press.net\/niger\/dossiers\/lair-du-temps-toutes-ces-tragedies-barbares-et-absurdes"]}]},{"@type":"ImageObject","inLanguage":"fr-FR","@id":"https:\/\/www.africa-press.net\/niger\/dossiers\/lair-du-temps-toutes-ces-tragedies-barbares-et-absurdes#primaryimage","url":"https:\/\/static.africa-press.net\/niger\/sites\/40\/2021\/08\/img-611f8fa33ed8c.jpg","contentUrl":"https:\/\/static.africa-press.net\/niger\/sites\/40\/2021\/08\/img-611f8fa33ed8c.jpg","width":720,"height":598,"caption":"L\u2019air du temps : Toutes ces trag\u00e9dies barbares et absurdes\u2026"},{"@type":"BreadcrumbList","@id":"https:\/\/www.africa-press.net\/niger\/dossiers\/lair-du-temps-toutes-ces-tragedies-barbares-et-absurdes#breadcrumb","itemListElement":[{"@type":"ListItem","position":1,"name":"Accueil","item":"https:\/\/www.africa-press.net\/niger\/"},{"@type":"ListItem","position":2,"name":"L\u2019air du temps : Toutes ces trag\u00e9dies barbares et absurdes\u2026"}]},{"@type":"WebSite","@id":"https:\/\/www.africa-press.net\/niger\/#website","url":"https:\/\/www.africa-press.net\/niger\/","name":"niger","description":"Just another Africa News Agency Sites site","potentialAction":[{"@type":"SearchAction","target":{"@type":"EntryPoint","urlTemplate":"https:\/\/www.africa-press.net\/niger\/?s={search_term_string}"},"query-input":{"@type":"PropertyValueSpecification","valueRequired":true,"valueName":"search_term_string"}}],"inLanguage":"fr-FR"},{"@type":"Person","@id":"https:\/\/www.africa-press.net\/niger\/#\/schema\/person\/2b1cf3cd81a31e3cd26889ca66d677f1","name":"cfeditorfr"}]}},"_links":{"self":[{"href":"https:\/\/www.africa-press.net\/niger\/wp-json\/wp\/v2\/posts\/10443","targetHints":{"allow":["GET"]}}],"collection":[{"href":"https:\/\/www.africa-press.net\/niger\/wp-json\/wp\/v2\/posts"}],"about":[{"href":"https:\/\/www.africa-press.net\/niger\/wp-json\/wp\/v2\/types\/post"}],"author":[{"embeddable":true,"href":"https:\/\/www.africa-press.net\/niger\/wp-json\/wp\/v2\/users\/82"}],"replies":[{"embeddable":true,"href":"https:\/\/www.africa-press.net\/niger\/wp-json\/wp\/v2\/comments?post=10443"}],"version-history":[{"count":0,"href":"https:\/\/www.africa-press.net\/niger\/wp-json\/wp\/v2\/posts\/10443\/revisions"}],"wp:featuredmedia":[{"embeddable":true,"href":"https:\/\/www.africa-press.net\/niger\/wp-json\/wp\/v2\/media\/10442"}],"wp:attachment":[{"href":"https:\/\/www.africa-press.net\/niger\/wp-json\/wp\/v2\/media?parent=10443"}],"wp:term":[{"taxonomy":"category","embeddable":true,"href":"https:\/\/www.africa-press.net\/niger\/wp-json\/wp\/v2\/categories?post=10443"},{"taxonomy":"post_tag","embeddable":true,"href":"https:\/\/www.africa-press.net\/niger\/wp-json\/wp\/v2\/tags?post=10443"}],"curies":[{"name":"wp","href":"https:\/\/api.w.org\/{rel}","templated":true}]}}