{"id":10449,"date":"2021-08-20T14:49:28","date_gmt":"2021-08-20T14:49:28","guid":{"rendered":"https:\/\/www.africa-press.net\/niger\/?p=10449"},"modified":"2021-08-20T20:03:23","modified_gmt":"2021-08-20T20:03:23","slug":"celebration-de-la-journee-mondiale-de-laide-humanitaire-jmah-2021-course-pour-lhumanite-theme-de-la-journee-agir-avec-efficacite-a-travers-loperationna","status":"publish","type":"post","link":"https:\/\/www.africa-press.net\/niger\/culture-et-art\/celebration-de-la-journee-mondiale-de-laide-humanitaire-jmah-2021-course-pour-lhumanite-theme-de-la-journee-agir-avec-efficacite-a-travers-loperationna","title":{"rendered":"C\u00e9l\u00e9bration de la Journ\u00e9e Mondiale de l\u2019Aide Humanitaire (JMAH 2021) : \u00ab course pour l\u2019humanit\u00e9 \u00bb, th\u00e8me de la journ\u00e9e. : Agir avec efficacit\u00e9 \u00e0 travers l\u2019op\u00e9rationnalisation de l\u2019approche Nexus Urgence-D\u00e9veloppement-Paix"},"content":{"rendered":"<p><span style=\"color: #ff6600\"><strong><a href=\"https:\/\/www.africa-press.net\/\">Africa-Press<\/a> &#8211; <a href=\"https:\/\/www.africa-press.net\/niger\">Niger<\/a>. <\/strong><\/span>A l\u2019instar du monde entier, la communaut\u00e9 humanitaire au Niger a c\u00e9l\u00e9br\u00e9 hier matin \u00e0 Niamey la 12\u00e8me \u00e9dition de la Journ\u00e9e Mondiale de l\u2019Aide Humanitaire. Le th\u00e8me de cette ann\u00e9e est<\/p>\n<p>\u00ab course pour l\u2019humanit\u00e9 \u00bb centr\u00e9 sur le changement climatique et son impact sur les populations les plus vuln\u00e9rables. A Niamey, c\u2019est le Premier Ministre, Chef du Gouvernement, SE Ouhoumoudou Mahamadou, qui a pr\u00e9sid\u00e9 la c\u00e9r\u00e9monie d\u2019ouverture de cette journ\u00e9e en pr\u00e9sence de quelques membres du gouvernement, de la coordinatrice du syst\u00e8me des Nations Unies, Mme Louise Aubin, du repr\u00e9sentant des ONGs et celui des Partenaires Techniques et Financiers et plusieurs invit\u00e9s \u0153uvrant dans le domaine humanitaire.<\/p>\n<p>Dans son allocution d\u2019ouverture, le Premier Ministre Ouhoumoudou Mahamadou a indiqu\u00e9 que cet \u00e9v\u00e9nement c\u00e9l\u00e9br\u00e9 aujourd\u2019hui est une opportunit\u00e9 pour faire appel \u00e0 l\u2019engagement et \u00e0 la g\u00e9n\u00e9rosit\u00e9 des partenaires financiers qui n\u2019ont jamais \u00e9t\u00e9 d\u00e9mentis, en vue de permettre de r\u00e9pondre efficacement aux cons\u00e9quences des menaces nouvelles li\u00e9es au changement climatique, \u00e0 la pauvret\u00e9, aux crises s\u00e9curitaires et alimentaires, au manque d\u2019eau et d\u2019\u00e9nergie, aux migrations forc\u00e9es et \u00e0 l\u2019explosion d\u00e9mographique.<\/p>\n<p>En effet, a-t-il dit, le Niger est l\u2019un des pays sah\u00e9liens qui subit le plus les effets n\u00e9fastes du changement climatique. \u00ab Chaque ann\u00e9e, environ 100 000 hectares de terres arables sont perdus en raison de l\u2019\u00e9rosion hydrique, entrainant la perte de cultures et de moyens de subsistance pour des milliers d\u2019agriculteurs. Cette ann\u00e9e encore, des cas d\u2019inondations sont enregistr\u00e9s dans l\u2019ensemble des huit r\u00e9gions que compte notre pays \u00e0 la suite de pluies diluviennes enregistr\u00e9es au cours des mois de juillet et d\u2019ao\u00fbt. A ce jour, on d\u00e9nombre plus de 97.000 personnes (11 000 m\u00e9nages) sinistr\u00e9es, 57 pertes en vie humaine et environ 7000 maisons effondr\u00e9es \u00bb, a relev\u00e9 le Premier Ministre.<\/p>\n<p>Cependant, a poursuivi SE Ouhoumoudou Mahamadou, pour sortir de ce cycle des inondations, le gouvernement travaille sur la pr\u00e9vention et la mitigation des risques \u00e0 travers la construction et le renforcement des digues de protection, le curage des caniveaux, la relocalisation des personnes sinistr\u00e9es et celles \u00e0 risques sur des sites non inondables, entre autres. Il a enfin r\u00e9affirm\u00e9 l\u2019engagement du gouvernement et du Pr\u00e9sident de la R\u00e9publique, SEM.Mohamed Bazoum, \u00e0 continuer \u00e0 lutter sans rel\u00e2che contre les effets n\u00e9fastes li\u00e9s aux changements climatiques en prenant des mesures hardies de nature \u00e0 r\u00e9duire leurs cons\u00e9quences sur les personnes vuln\u00e9rables.<\/p>\n<p>&nbsp;<\/p>\n<p>Il a, par la suite, rappel\u00e9 que les personnes les plus vuln\u00e9rables du monde sont celles qui ont le moins contribu\u00e9 \u00e0 l\u2019urgence climatique mais qui sont le plus durement touch\u00e9es. Selon lui, de nos jours, ces millions de personnes sont en train de perdre leurs vies et leurs moyens de subsistance. \u00ab Comme OIREN, en tant qu\u2019acteur humanitaire, nous devons \u00eatre redevables envers nos b\u00e9n\u00e9ficiaires et mettre en \u0153uvre des actions qui contrastent cette urgence climatique, le plus t\u00f4t possible \u00bb, a soulign\u00e9 M. Yves Habumugisha. Il a ajout\u00e9 que pour r\u00e9pondre efficacement \u00e0 ces probl\u00e9matiques complexes et \u00e0 leurs r\u00e9percussions, un consensus sur la responsabilit\u00e9 dans l\u2019action humanitaire doit exister entre le plus haut niveau du Gouvernement du Niger, la communaut\u00e9 humanitaire et les acteurs de l\u2019aide au d\u00e9veloppement.<\/p>\n<p>Pour sa part, le repr\u00e9sentant des Partenaires techniques et financiers, M. Andrey Patrick, a expliqu\u00e9 que l\u2019aide humanitaire vise \u00e0 sauver des vies et \u00e0 all\u00e9ger les souffrances. L\u2019aide humanitaire peut, selon lui, s\u2019articuler avec des programmes \u00e0 plus long terme pour faciliter l\u2019anticipation et la pr\u00e9paration aux chocs, ainsi que le rel\u00e8vement des populations affect\u00e9es par ces chocs. \u00ab Cette articulation, ce Nexus entre une assistance humanitaire d\u2019urgence et des objectifs de d\u00e9veloppement \u00e0 plus long terme est n\u00e9cessaire et doit \u00eatre mis en \u0153uvre dans le respect des principes et des mandats des diff\u00e9rents acteurs \u00bb, a-t-il indiqu\u00e9. Il s\u2019est, par ailleurs, r\u00e9joui des avanc\u00e9es significatives du Gouvernement du Niger pour op\u00e9rationnaliser l\u2019approche Nexus Urgence-D\u00e9veloppement-Paix, tout en esp\u00e9rant que cette approche sera pleinement effective avec l\u2019appui des diff\u00e9rents Partenaires Techniques et Financiers.<\/p>\n<p>Cette c\u00e9r\u00e9monie a \u00e9t\u00e9 cl\u00f4tur\u00e9e par une visite des stands d\u2019expositions des diff\u00e9rents organismes qui concourent \u00e0 la gestion des actions humanitaires au Niger.<\/p>\n<p><b>\u00a0<\/b><\/p>\n","protected":false},"excerpt":{"rendered":"<p>Africa-Press &#8211; Niger. A l\u2019instar du monde entier, la communaut\u00e9 humanitaire au Niger a c\u00e9l\u00e9br\u00e9 hier matin \u00e0 Niamey la 12\u00e8me \u00e9dition de la Journ\u00e9e Mondiale de l\u2019Aide Humanitaire. Le th\u00e8me de cette ann\u00e9e est \u00ab course pour l\u2019humanit\u00e9 \u00bb centr\u00e9 sur le changement climatique et son impact sur les populations les plus vuln\u00e9rables. A [&hellip;]<\/p>\n","protected":false},"author":82,"featured_media":10448,"comment_status":"open","ping_status":"closed","sticky":false,"template":"","format":"standard","meta":{"footnotes":""},"categories":[5,11,10],"tags":[55,60,29],"class_list":["post-10449","post","type-post","status-publish","format-standard","has-post-thumbnail","hentry","category-culture-et-art","category-homepage-french","category-toutes-les-actualites","tag-africa-press","tag-africa-press-niger","tag-niger"],"yoast_head":"<!-- This site is optimized with the Yoast SEO Premium plugin v26.1 (Yoast SEO v27.0) - https:\/\/yoast.com\/product\/yoast-seo-premium-wordpress\/ -->\n<title>C\u00e9l\u00e9bration de la Journ\u00e9e Mondiale de l\u2019Aide Humanitaire (JMAH 2021) : \u00ab course pour l\u2019humanit\u00e9 \u00bb, th\u00e8me de la journ\u00e9e. : Agir avec efficacit\u00e9 \u00e0 travers l\u2019op\u00e9rationnalisation de l\u2019approche Nexus Urgence-D\u00e9veloppement-Paix - niger<\/title>\n<meta name=\"description\" content=\"\ufeffA l\u2019instar du monde entier, la communaut\u00e9 humanitaire au Niger a c\u00e9l\u00e9br\u00e9 hier matin \u00e0 Niamey la 12\u00e8me \u00e9dition de la Jou ...\" \/>\n<meta name=\"robots\" content=\"index, follow, max-snippet:-1, max-image-preview:large, max-video-preview:-1\" \/>\n<link rel=\"canonical\" href=\"https:\/\/www.africa-press.net\/niger\/culture-et-art\/celebration-de-la-journee-mondiale-de-laide-humanitaire-jmah-2021-course-pour-lhumanite-theme-de-la-journee-agir-avec-efficacite-a-travers-loperationna\" \/>\n<meta property=\"og:locale\" content=\"fr_FR\" \/>\n<meta property=\"og:type\" content=\"article\" \/>\n<meta property=\"og:title\" content=\"C\u00e9l\u00e9bration de la Journ\u00e9e Mondiale de l\u2019Aide Humanitaire (JMAH 2021) : \u00ab course pour l\u2019humanit\u00e9 \u00bb, th\u00e8me de la journ\u00e9e. : Agir avec efficacit\u00e9 \u00e0 travers l\u2019op\u00e9rationnalisation de l\u2019approche Nexus Urgence-D\u00e9veloppement-Paix\" \/>\n<meta property=\"og:description\" content=\"\ufeffA l\u2019instar du monde entier, la communaut\u00e9 humanitaire au Niger a c\u00e9l\u00e9br\u00e9 hier matin \u00e0 Niamey la 12\u00e8me \u00e9dition de la Jou ...\" \/>\n<meta property=\"og:url\" content=\"https:\/\/www.africa-press.net\/niger\/culture-et-art\/celebration-de-la-journee-mondiale-de-laide-humanitaire-jmah-2021-course-pour-lhumanite-theme-de-la-journee-agir-avec-efficacite-a-travers-loperationna\" \/>\n<meta property=\"og:site_name\" content=\"niger\" \/>\n<meta property=\"article:published_time\" content=\"2021-08-20T14:49:28+00:00\" \/>\n<meta property=\"article:modified_time\" content=\"2021-08-20T20:03:23+00:00\" \/>\n<meta property=\"og:image\" content=\"https:\/\/static.africa-press.net\/niger\/sites\/40\/2021\/08\/img-611f902ad0098.jpg\" \/>\n\t<meta property=\"og:image:width\" content=\"720\" \/>\n\t<meta property=\"og:image:height\" content=\"460\" \/>\n\t<meta property=\"og:image:type\" content=\"image\/jpeg\" \/>\n<meta name=\"author\" content=\"cfeditorfr\" \/>\n<meta name=\"twitter:card\" content=\"summary_large_image\" \/>\n<meta name=\"twitter:label1\" content=\"\u00c9crit par\" \/>\n\t<meta name=\"twitter:data1\" content=\"cfeditorfr\" \/>\n\t<meta name=\"twitter:label2\" content=\"Dur\u00e9e de lecture estim\u00e9e\" \/>\n\t<meta name=\"twitter:data2\" content=\"4 minutes\" \/>\n<script type=\"application\/ld+json\" class=\"yoast-schema-graph\">{\"@context\":\"https:\/\/schema.org\",\"@graph\":[{\"@type\":\"Article\",\"@id\":\"https:\/\/www.africa-press.net\/niger\/culture-et-art\/celebration-de-la-journee-mondiale-de-laide-humanitaire-jmah-2021-course-pour-lhumanite-theme-de-la-journee-agir-avec-efficacite-a-travers-loperationna#article\",\"isPartOf\":{\"@id\":\"https:\/\/www.africa-press.net\/niger\/culture-et-art\/celebration-de-la-journee-mondiale-de-laide-humanitaire-jmah-2021-course-pour-lhumanite-theme-de-la-journee-agir-avec-efficacite-a-travers-loperationna\"},\"author\":{\"name\":\"cfeditorfr\",\"@id\":\"https:\/\/www.africa-press.net\/niger\/#\/schema\/person\/2b1cf3cd81a31e3cd26889ca66d677f1\"},\"headline\":\"C\u00e9l\u00e9bration de la Journ\u00e9e Mondiale de l\u2019Aide Humanitaire (JMAH 2021) : \u00ab course pour l\u2019humanit\u00e9 \u00bb, th\u00e8me de la journ\u00e9e. : Agir avec efficacit\u00e9 \u00e0 travers l\u2019op\u00e9rationnalisation de l\u2019approche Nexus Urgence-D\u00e9veloppement-Paix\",\"datePublished\":\"2021-08-20T14:49:28+00:00\",\"dateModified\":\"2021-08-20T20:03:23+00:00\",\"mainEntityOfPage\":{\"@id\":\"https:\/\/www.africa-press.net\/niger\/culture-et-art\/celebration-de-la-journee-mondiale-de-laide-humanitaire-jmah-2021-course-pour-lhumanite-theme-de-la-journee-agir-avec-efficacite-a-travers-loperationna\"},\"wordCount\":798,\"commentCount\":0,\"image\":{\"@id\":\"https:\/\/www.africa-press.net\/niger\/culture-et-art\/celebration-de-la-journee-mondiale-de-laide-humanitaire-jmah-2021-course-pour-lhumanite-theme-de-la-journee-agir-avec-efficacite-a-travers-loperationna#primaryimage\"},\"thumbnailUrl\":\"https:\/\/static.africa-press.net\/niger\/sites\/40\/2021\/08\/img-611f902ad0098.jpg\",\"keywords\":[\"Africa Press\",\"Africa Press-Niger\",\"Niger\"],\"articleSection\":[\"Culture et Art\",\"homepage-french\",\"Toutes les actualit\u00e9s\"],\"inLanguage\":\"fr-FR\",\"potentialAction\":[{\"@type\":\"CommentAction\",\"name\":\"Comment\",\"target\":[\"https:\/\/www.africa-press.net\/niger\/culture-et-art\/celebration-de-la-journee-mondiale-de-laide-humanitaire-jmah-2021-course-pour-lhumanite-theme-de-la-journee-agir-avec-efficacite-a-travers-loperationna#respond\"]}]},{\"@type\":\"WebPage\",\"@id\":\"https:\/\/www.africa-press.net\/niger\/culture-et-art\/celebration-de-la-journee-mondiale-de-laide-humanitaire-jmah-2021-course-pour-lhumanite-theme-de-la-journee-agir-avec-efficacite-a-travers-loperationna\",\"url\":\"https:\/\/www.africa-press.net\/niger\/culture-et-art\/celebration-de-la-journee-mondiale-de-laide-humanitaire-jmah-2021-course-pour-lhumanite-theme-de-la-journee-agir-avec-efficacite-a-travers-loperationna\",\"name\":\"C\u00e9l\u00e9bration de la Journ\u00e9e Mondiale de l\u2019Aide Humanitaire (JMAH 2021) : \u00ab course pour l\u2019humanit\u00e9 \u00bb, th\u00e8me de la journ\u00e9e. : Agir avec efficacit\u00e9 \u00e0 travers l\u2019op\u00e9rationnalisation de l\u2019approche Nexus Urgence-D\u00e9veloppement-Paix - niger\",\"isPartOf\":{\"@id\":\"https:\/\/www.africa-press.net\/niger\/#website\"},\"primaryImageOfPage\":{\"@id\":\"https:\/\/www.africa-press.net\/niger\/culture-et-art\/celebration-de-la-journee-mondiale-de-laide-humanitaire-jmah-2021-course-pour-lhumanite-theme-de-la-journee-agir-avec-efficacite-a-travers-loperationna#primaryimage\"},\"image\":{\"@id\":\"https:\/\/www.africa-press.net\/niger\/culture-et-art\/celebration-de-la-journee-mondiale-de-laide-humanitaire-jmah-2021-course-pour-lhumanite-theme-de-la-journee-agir-avec-efficacite-a-travers-loperationna#primaryimage\"},\"thumbnailUrl\":\"https:\/\/static.africa-press.net\/niger\/sites\/40\/2021\/08\/img-611f902ad0098.jpg\",\"datePublished\":\"2021-08-20T14:49:28+00:00\",\"dateModified\":\"2021-08-20T20:03:23+00:00\",\"author\":{\"@id\":\"https:\/\/www.africa-press.net\/niger\/#\/schema\/person\/2b1cf3cd81a31e3cd26889ca66d677f1\"},\"description\":\"\ufeffA l\u2019instar du monde entier, la communaut\u00e9 humanitaire au Niger a c\u00e9l\u00e9br\u00e9 hier matin \u00e0 Niamey la 12\u00e8me \u00e9dition de la Jou ...\",\"breadcrumb\":{\"@id\":\"https:\/\/www.africa-press.net\/niger\/culture-et-art\/celebration-de-la-journee-mondiale-de-laide-humanitaire-jmah-2021-course-pour-lhumanite-theme-de-la-journee-agir-avec-efficacite-a-travers-loperationna#breadcrumb\"},\"inLanguage\":\"fr-FR\",\"potentialAction\":[{\"@type\":\"ReadAction\",\"target\":[\"https:\/\/www.africa-press.net\/niger\/culture-et-art\/celebration-de-la-journee-mondiale-de-laide-humanitaire-jmah-2021-course-pour-lhumanite-theme-de-la-journee-agir-avec-efficacite-a-travers-loperationna\"]}]},{\"@type\":\"ImageObject\",\"inLanguage\":\"fr-FR\",\"@id\":\"https:\/\/www.africa-press.net\/niger\/culture-et-art\/celebration-de-la-journee-mondiale-de-laide-humanitaire-jmah-2021-course-pour-lhumanite-theme-de-la-journee-agir-avec-efficacite-a-travers-loperationna#primaryimage\",\"url\":\"https:\/\/static.africa-press.net\/niger\/sites\/40\/2021\/08\/img-611f902ad0098.jpg\",\"contentUrl\":\"https:\/\/static.africa-press.net\/niger\/sites\/40\/2021\/08\/img-611f902ad0098.jpg\",\"width\":720,\"height\":460,\"caption\":\"C\u00e9l\u00e9bration de la Journ\u00e9e Mondiale de l\u2019Aide Humanitaire (JMAH 2021) : \u00ab course pour l\u2019humanit\u00e9 \u00bb, th\u00e8me de la journ\u00e9e. : Agir avec efficacit\u00e9 \u00e0 travers l\u2019op\u00e9rationnalisation de l\u2019approche Nexus Urgence-D\u00e9veloppement-Paix\"},{\"@type\":\"BreadcrumbList\",\"@id\":\"https:\/\/www.africa-press.net\/niger\/culture-et-art\/celebration-de-la-journee-mondiale-de-laide-humanitaire-jmah-2021-course-pour-lhumanite-theme-de-la-journee-agir-avec-efficacite-a-travers-loperationna#breadcrumb\",\"itemListElement\":[{\"@type\":\"ListItem\",\"position\":1,\"name\":\"Accueil\",\"item\":\"https:\/\/www.africa-press.net\/niger\/\"},{\"@type\":\"ListItem\",\"position\":2,\"name\":\"C\u00e9l\u00e9bration de la Journ\u00e9e Mondiale de l\u2019Aide Humanitaire (JMAH 2021) : \u00ab course pour l\u2019humanit\u00e9 \u00bb, th\u00e8me de la journ\u00e9e. : Agir avec efficacit\u00e9 \u00e0 travers l\u2019op\u00e9rationnalisation de l\u2019approche Nexus Urgence-D\u00e9veloppement-Paix\"}]},{\"@type\":\"WebSite\",\"@id\":\"https:\/\/www.africa-press.net\/niger\/#website\",\"url\":\"https:\/\/www.africa-press.net\/niger\/\",\"name\":\"niger\",\"description\":\"Just another Africa News Agency Sites site\",\"potentialAction\":[{\"@type\":\"SearchAction\",\"target\":{\"@type\":\"EntryPoint\",\"urlTemplate\":\"https:\/\/www.africa-press.net\/niger\/?s={search_term_string}\"},\"query-input\":{\"@type\":\"PropertyValueSpecification\",\"valueRequired\":true,\"valueName\":\"search_term_string\"}}],\"inLanguage\":\"fr-FR\"},{\"@type\":\"Person\",\"@id\":\"https:\/\/www.africa-press.net\/niger\/#\/schema\/person\/2b1cf3cd81a31e3cd26889ca66d677f1\",\"name\":\"cfeditorfr\"}]}<\/script>\n<!-- \/ Yoast SEO Premium plugin. -->","yoast_head_json":{"title":"C\u00e9l\u00e9bration de la Journ\u00e9e Mondiale de l\u2019Aide Humanitaire (JMAH 2021) : \u00ab course pour l\u2019humanit\u00e9 \u00bb, th\u00e8me de la journ\u00e9e. : Agir avec efficacit\u00e9 \u00e0 travers l\u2019op\u00e9rationnalisation de l\u2019approche Nexus Urgence-D\u00e9veloppement-Paix - niger","description":"\ufeffA l\u2019instar du monde entier, la communaut\u00e9 humanitaire au Niger a c\u00e9l\u00e9br\u00e9 hier matin \u00e0 Niamey la 12\u00e8me \u00e9dition de la Jou ...","robots":{"index":"index","follow":"follow","max-snippet":"max-snippet:-1","max-image-preview":"max-image-preview:large","max-video-preview":"max-video-preview:-1"},"canonical":"https:\/\/www.africa-press.net\/niger\/culture-et-art\/celebration-de-la-journee-mondiale-de-laide-humanitaire-jmah-2021-course-pour-lhumanite-theme-de-la-journee-agir-avec-efficacite-a-travers-loperationna","og_locale":"fr_FR","og_type":"article","og_title":"C\u00e9l\u00e9bration de la Journ\u00e9e Mondiale de l\u2019Aide Humanitaire (JMAH 2021) : \u00ab course pour l\u2019humanit\u00e9 \u00bb, th\u00e8me de la journ\u00e9e. : Agir avec efficacit\u00e9 \u00e0 travers l\u2019op\u00e9rationnalisation de l\u2019approche Nexus Urgence-D\u00e9veloppement-Paix","og_description":"\ufeffA l\u2019instar du monde entier, la communaut\u00e9 humanitaire au Niger a c\u00e9l\u00e9br\u00e9 hier matin \u00e0 Niamey la 12\u00e8me \u00e9dition de la Jou ...","og_url":"https:\/\/www.africa-press.net\/niger\/culture-et-art\/celebration-de-la-journee-mondiale-de-laide-humanitaire-jmah-2021-course-pour-lhumanite-theme-de-la-journee-agir-avec-efficacite-a-travers-loperationna","og_site_name":"niger","article_published_time":"2021-08-20T14:49:28+00:00","article_modified_time":"2021-08-20T20:03:23+00:00","og_image":[{"width":720,"height":460,"url":"https:\/\/static.africa-press.net\/niger\/sites\/40\/2021\/08\/img-611f902ad0098.jpg","type":"image\/jpeg"}],"author":"cfeditorfr","twitter_card":"summary_large_image","twitter_misc":{"\u00c9crit par":"cfeditorfr","Dur\u00e9e de lecture estim\u00e9e":"4 minutes"},"schema":{"@context":"https:\/\/schema.org","@graph":[{"@type":"Article","@id":"https:\/\/www.africa-press.net\/niger\/culture-et-art\/celebration-de-la-journee-mondiale-de-laide-humanitaire-jmah-2021-course-pour-lhumanite-theme-de-la-journee-agir-avec-efficacite-a-travers-loperationna#article","isPartOf":{"@id":"https:\/\/www.africa-press.net\/niger\/culture-et-art\/celebration-de-la-journee-mondiale-de-laide-humanitaire-jmah-2021-course-pour-lhumanite-theme-de-la-journee-agir-avec-efficacite-a-travers-loperationna"},"author":{"name":"cfeditorfr","@id":"https:\/\/www.africa-press.net\/niger\/#\/schema\/person\/2b1cf3cd81a31e3cd26889ca66d677f1"},"headline":"C\u00e9l\u00e9bration de la Journ\u00e9e Mondiale de l\u2019Aide Humanitaire (JMAH 2021) : \u00ab course pour l\u2019humanit\u00e9 \u00bb, th\u00e8me de la journ\u00e9e. : Agir avec efficacit\u00e9 \u00e0 travers l\u2019op\u00e9rationnalisation de l\u2019approche Nexus Urgence-D\u00e9veloppement-Paix","datePublished":"2021-08-20T14:49:28+00:00","dateModified":"2021-08-20T20:03:23+00:00","mainEntityOfPage":{"@id":"https:\/\/www.africa-press.net\/niger\/culture-et-art\/celebration-de-la-journee-mondiale-de-laide-humanitaire-jmah-2021-course-pour-lhumanite-theme-de-la-journee-agir-avec-efficacite-a-travers-loperationna"},"wordCount":798,"commentCount":0,"image":{"@id":"https:\/\/www.africa-press.net\/niger\/culture-et-art\/celebration-de-la-journee-mondiale-de-laide-humanitaire-jmah-2021-course-pour-lhumanite-theme-de-la-journee-agir-avec-efficacite-a-travers-loperationna#primaryimage"},"thumbnailUrl":"https:\/\/static.africa-press.net\/niger\/sites\/40\/2021\/08\/img-611f902ad0098.jpg","keywords":["Africa Press","Africa Press-Niger","Niger"],"articleSection":["Culture et Art","homepage-french","Toutes les actualit\u00e9s"],"inLanguage":"fr-FR","potentialAction":[{"@type":"CommentAction","name":"Comment","target":["https:\/\/www.africa-press.net\/niger\/culture-et-art\/celebration-de-la-journee-mondiale-de-laide-humanitaire-jmah-2021-course-pour-lhumanite-theme-de-la-journee-agir-avec-efficacite-a-travers-loperationna#respond"]}]},{"@type":"WebPage","@id":"https:\/\/www.africa-press.net\/niger\/culture-et-art\/celebration-de-la-journee-mondiale-de-laide-humanitaire-jmah-2021-course-pour-lhumanite-theme-de-la-journee-agir-avec-efficacite-a-travers-loperationna","url":"https:\/\/www.africa-press.net\/niger\/culture-et-art\/celebration-de-la-journee-mondiale-de-laide-humanitaire-jmah-2021-course-pour-lhumanite-theme-de-la-journee-agir-avec-efficacite-a-travers-loperationna","name":"C\u00e9l\u00e9bration de la Journ\u00e9e Mondiale de l\u2019Aide Humanitaire (JMAH 2021) : \u00ab course pour l\u2019humanit\u00e9 \u00bb, th\u00e8me de la journ\u00e9e. : Agir avec efficacit\u00e9 \u00e0 travers l\u2019op\u00e9rationnalisation de l\u2019approche Nexus Urgence-D\u00e9veloppement-Paix - niger","isPartOf":{"@id":"https:\/\/www.africa-press.net\/niger\/#website"},"primaryImageOfPage":{"@id":"https:\/\/www.africa-press.net\/niger\/culture-et-art\/celebration-de-la-journee-mondiale-de-laide-humanitaire-jmah-2021-course-pour-lhumanite-theme-de-la-journee-agir-avec-efficacite-a-travers-loperationna#primaryimage"},"image":{"@id":"https:\/\/www.africa-press.net\/niger\/culture-et-art\/celebration-de-la-journee-mondiale-de-laide-humanitaire-jmah-2021-course-pour-lhumanite-theme-de-la-journee-agir-avec-efficacite-a-travers-loperationna#primaryimage"},"thumbnailUrl":"https:\/\/static.africa-press.net\/niger\/sites\/40\/2021\/08\/img-611f902ad0098.jpg","datePublished":"2021-08-20T14:49:28+00:00","dateModified":"2021-08-20T20:03:23+00:00","author":{"@id":"https:\/\/www.africa-press.net\/niger\/#\/schema\/person\/2b1cf3cd81a31e3cd26889ca66d677f1"},"description":"\ufeffA l\u2019instar du monde entier, la communaut\u00e9 humanitaire au Niger a c\u00e9l\u00e9br\u00e9 hier matin \u00e0 Niamey la 12\u00e8me \u00e9dition de la Jou ...","breadcrumb":{"@id":"https:\/\/www.africa-press.net\/niger\/culture-et-art\/celebration-de-la-journee-mondiale-de-laide-humanitaire-jmah-2021-course-pour-lhumanite-theme-de-la-journee-agir-avec-efficacite-a-travers-loperationna#breadcrumb"},"inLanguage":"fr-FR","potentialAction":[{"@type":"ReadAction","target":["https:\/\/www.africa-press.net\/niger\/culture-et-art\/celebration-de-la-journee-mondiale-de-laide-humanitaire-jmah-2021-course-pour-lhumanite-theme-de-la-journee-agir-avec-efficacite-a-travers-loperationna"]}]},{"@type":"ImageObject","inLanguage":"fr-FR","@id":"https:\/\/www.africa-press.net\/niger\/culture-et-art\/celebration-de-la-journee-mondiale-de-laide-humanitaire-jmah-2021-course-pour-lhumanite-theme-de-la-journee-agir-avec-efficacite-a-travers-loperationna#primaryimage","url":"https:\/\/static.africa-press.net\/niger\/sites\/40\/2021\/08\/img-611f902ad0098.jpg","contentUrl":"https:\/\/static.africa-press.net\/niger\/sites\/40\/2021\/08\/img-611f902ad0098.jpg","width":720,"height":460,"caption":"C\u00e9l\u00e9bration de la Journ\u00e9e Mondiale de l\u2019Aide Humanitaire (JMAH 2021) : \u00ab course pour l\u2019humanit\u00e9 \u00bb, th\u00e8me de la journ\u00e9e. : Agir avec efficacit\u00e9 \u00e0 travers l\u2019op\u00e9rationnalisation de l\u2019approche Nexus Urgence-D\u00e9veloppement-Paix"},{"@type":"BreadcrumbList","@id":"https:\/\/www.africa-press.net\/niger\/culture-et-art\/celebration-de-la-journee-mondiale-de-laide-humanitaire-jmah-2021-course-pour-lhumanite-theme-de-la-journee-agir-avec-efficacite-a-travers-loperationna#breadcrumb","itemListElement":[{"@type":"ListItem","position":1,"name":"Accueil","item":"https:\/\/www.africa-press.net\/niger\/"},{"@type":"ListItem","position":2,"name":"C\u00e9l\u00e9bration de la Journ\u00e9e Mondiale de l\u2019Aide Humanitaire (JMAH 2021) : \u00ab course pour l\u2019humanit\u00e9 \u00bb, th\u00e8me de la journ\u00e9e. : Agir avec efficacit\u00e9 \u00e0 travers l\u2019op\u00e9rationnalisation de l\u2019approche Nexus Urgence-D\u00e9veloppement-Paix"}]},{"@type":"WebSite","@id":"https:\/\/www.africa-press.net\/niger\/#website","url":"https:\/\/www.africa-press.net\/niger\/","name":"niger","description":"Just another Africa News Agency Sites site","potentialAction":[{"@type":"SearchAction","target":{"@type":"EntryPoint","urlTemplate":"https:\/\/www.africa-press.net\/niger\/?s={search_term_string}"},"query-input":{"@type":"PropertyValueSpecification","valueRequired":true,"valueName":"search_term_string"}}],"inLanguage":"fr-FR"},{"@type":"Person","@id":"https:\/\/www.africa-press.net\/niger\/#\/schema\/person\/2b1cf3cd81a31e3cd26889ca66d677f1","name":"cfeditorfr"}]}},"_links":{"self":[{"href":"https:\/\/www.africa-press.net\/niger\/wp-json\/wp\/v2\/posts\/10449","targetHints":{"allow":["GET"]}}],"collection":[{"href":"https:\/\/www.africa-press.net\/niger\/wp-json\/wp\/v2\/posts"}],"about":[{"href":"https:\/\/www.africa-press.net\/niger\/wp-json\/wp\/v2\/types\/post"}],"author":[{"embeddable":true,"href":"https:\/\/www.africa-press.net\/niger\/wp-json\/wp\/v2\/users\/82"}],"replies":[{"embeddable":true,"href":"https:\/\/www.africa-press.net\/niger\/wp-json\/wp\/v2\/comments?post=10449"}],"version-history":[{"count":0,"href":"https:\/\/www.africa-press.net\/niger\/wp-json\/wp\/v2\/posts\/10449\/revisions"}],"wp:featuredmedia":[{"embeddable":true,"href":"https:\/\/www.africa-press.net\/niger\/wp-json\/wp\/v2\/media\/10448"}],"wp:attachment":[{"href":"https:\/\/www.africa-press.net\/niger\/wp-json\/wp\/v2\/media?parent=10449"}],"wp:term":[{"taxonomy":"category","embeddable":true,"href":"https:\/\/www.africa-press.net\/niger\/wp-json\/wp\/v2\/categories?post=10449"},{"taxonomy":"post_tag","embeddable":true,"href":"https:\/\/www.africa-press.net\/niger\/wp-json\/wp\/v2\/tags?post=10449"}],"curies":[{"name":"wp","href":"https:\/\/api.w.org\/{rel}","templated":true}]}}