{"id":10509,"date":"2021-08-21T08:53:15","date_gmt":"2021-08-21T08:53:15","guid":{"rendered":"https:\/\/www.africa-press.net\/niger\/?p=10509"},"modified":"2021-08-21T11:44:14","modified_gmt":"2021-08-21T11:44:14","slug":"niger-hassoumi-massaoudou-ici-on-ne-remporte-pas-une-presidentielle-au-premier-tour","status":"publish","type":"post","link":"https:\/\/www.africa-press.net\/niger\/dossiers\/niger-hassoumi-massaoudou-ici-on-ne-remporte-pas-une-presidentielle-au-premier-tour","title":{"rendered":"Hassoumi Massaoudou : \u00ab Ici, on ne remporte pas une pr\u00e9sidentielle au premier tour\u00a0!\u00a0\u00bb"},"content":{"rendered":"<p><span style=\"color: #ff6600\"><strong><a href=\"https:\/\/www.africa-press.net\/\">Africa-Press<\/a> &#8211; <a href=\"https:\/\/www.africa-press.net\/niger\">Niger<\/a>. <\/strong><\/span>Le ministre des Affaires \u00e9trang\u00e8res et de la Coop\u00e9ration du Niger, Hassoumi Massaoudou, explique \u00e0 Jeune Afrique les priorit\u00e9s et aspirations du pays dans la sous-r\u00e9gion comme au sein du G5 Sahel. Et se confie sur sa complicit\u00e9 avec le pr\u00e9sident Mohamed Bazoum.<\/p>\n<p>Tout juste de retour de l\u2019a\u00e9roport apr\u00e8s une tourn\u00e9e en Afrique de l\u2019Ouest \u00e0 la mi-juillet, Hassoumi Massaoudou re\u00e7oit Jeune Afrique dans sa villa situ\u00e9e derri\u00e8re l\u2019ambassade de Chine et celle des \u00c9tats-Unis. Dans le salon o\u00f9 les ventilateurs tournent bruyamment, les r\u00e9ponses du ministre d\u2019\u00c9tat sont concises, les explications r\u00e9guli\u00e8rement ponctu\u00e9es d\u2019un \u00ab vous comprenez ce que je veux dire \u00bb, le ton parfois abrupt, mais invariablement clair et courtois.<\/p>\n<p>Ancien ing\u00e9nieur des mines, d\u00e9j\u00e0 cinq fois ministre (Communication, Int\u00e9rieur, D\u00e9fense, Finances, puis \u00e0 la pr\u00e9sidence), avant d\u2019\u00eatre nomm\u00e9 chef de la diplomatie au sein du gouvernement d\u2019Ouhoumoudou Mahamadou en avril 2021, Hassoumi Massaoudou, 63 ans, conna\u00eet parfaitement les rouages de l\u2019\u00c9tat. Proche de Mahamadou Issoufou, il est aussi ami de longue date de Mohamed Bazoum, avec lequel il a cofond\u00e9 le Parti nig\u00e9rien pour la d\u00e9mocratie et le socialisme (PNDS-Tarayya), dont il est secr\u00e9taire g\u00e9n\u00e9ral. Limog\u00e9 en janvier 2019 du portefeuille des Finances pour avoir affich\u00e9 son attachement au franc CFA et quelques divergences avec le PNDS et le pr\u00e9sident Issoufou dans le choix de son dauphin, Hassoumi Massaoudou a r\u00e9int\u00e9gr\u00e9 l\u2019ex\u00e9cutif d\u00e8s septembre 2019, en tant que ministre d\u2019\u00c9tat \u00e0 la pr\u00e9sidence. D\u00e9sormais \u00e0 la t\u00eate des Affaires \u00e9trang\u00e8res et de la Coop\u00e9ration, toujours ministre d\u2019\u00c9tat et dans le tout premier cercle de Mohamed Bazoum, il reste l\u2019homme des dossiers sensibles.<\/p>\n<p><b>Jeune Afrique : Comment vous sentez-vous aujourd\u2019hui au sein du PNDS et de l\u2019ex\u00e9cutif, dont vous avez \u00e9t\u00e9 \u00e9cart\u00e9 pendant quelques mois en 2019 ?<\/b><\/p>\n<p><b>Hassoumi Massaoudou :<\/b><\/p>\n<p>Je me sens tout \u00e0 fait \u00e0 l\u2019aise. Je n\u2019ai jamais \u00e9t\u00e9 \u00e9cart\u00e9 du parti, dont je suis rest\u00e9 le secr\u00e9taire g\u00e9n\u00e9ral. Aux derni\u00e8res \u00e9lections, j\u2019ai \u00e9t\u00e9 candidat et \u00e9lu d\u00e9put\u00e9 du PNDS. Je suis membre fondateur du parti et je n\u2019ai jamais eu la tentation de le quitter. Ce parti m\u2019est chevill\u00e9 au corps. Il y a eu une p\u00e9riode de malentendus. Mais, en d\u00e9mocratie, il y a toujours des d\u00e9bats dans les familles politiques. Tout cela rel\u00e8ve maintenant du pass\u00e9.<\/p>\n<p><b>Que vous a dit le pr\u00e9sident Bazoum lors de votre nomination aux Affaires \u00e9trang\u00e8res, en avril ?<\/b><\/p>\n","protected":false},"excerpt":{"rendered":"<p>Africa-Press &#8211; Niger. Le ministre des Affaires \u00e9trang\u00e8res et de la Coop\u00e9ration du Niger, Hassoumi Massaoudou, explique \u00e0 Jeune Afrique les priorit\u00e9s et aspirations du pays dans la sous-r\u00e9gion comme au sein du G5 Sahel. Et se confie sur sa complicit\u00e9 avec le pr\u00e9sident Mohamed Bazoum. Tout juste de retour de l\u2019a\u00e9roport apr\u00e8s une tourn\u00e9e [&hellip;]<\/p>\n","protected":false},"author":82,"featured_media":10508,"comment_status":"open","ping_status":"closed","sticky":false,"template":"","format":"standard","meta":{"footnotes":""},"categories":[7,11,20,10],"tags":[55,60,29],"class_list":["post-10509","post","type-post","status-publish","format-standard","has-post-thumbnail","hentry","category-dossiers","category-homepage-french","category-top-nouvelles","category-toutes-les-actualites","tag-africa-press","tag-africa-press-niger","tag-niger"],"yoast_head":"<!-- This site is optimized with the Yoast SEO Premium plugin v26.1 (Yoast SEO v27.0) - https:\/\/yoast.com\/product\/yoast-seo-premium-wordpress\/ -->\n<title>Hassoumi Massaoudou : \u00ab Ici, on ne remporte pas une pr\u00e9sidentielle au premier tour\u00a0!\u00a0\u00bb - niger<\/title>\n<meta name=\"description\" content=\"Le ministre des Affaires \u00e9trang\u00e8res et de la Coop\u00e9ration du Niger, Hassoumi Massaoudou, explique \u00e0 Jeune Afrique les pri ...\" \/>\n<meta name=\"robots\" content=\"index, follow, max-snippet:-1, max-image-preview:large, max-video-preview:-1\" \/>\n<link rel=\"canonical\" href=\"https:\/\/www.africa-press.net\/niger\/dossiers\/niger-hassoumi-massaoudou-ici-on-ne-remporte-pas-une-presidentielle-au-premier-tour\" \/>\n<meta property=\"og:locale\" content=\"fr_FR\" \/>\n<meta property=\"og:type\" content=\"article\" \/>\n<meta property=\"og:title\" content=\"Hassoumi Massaoudou : \u00ab Ici, on ne remporte pas une pr\u00e9sidentielle au premier tour\u00a0!\u00a0\u00bb\" \/>\n<meta property=\"og:description\" content=\"Le ministre des Affaires \u00e9trang\u00e8res et de la Coop\u00e9ration du Niger, Hassoumi Massaoudou, explique \u00e0 Jeune Afrique les pri ...\" \/>\n<meta property=\"og:url\" content=\"https:\/\/www.africa-press.net\/niger\/dossiers\/niger-hassoumi-massaoudou-ici-on-ne-remporte-pas-une-presidentielle-au-premier-tour\" \/>\n<meta property=\"og:site_name\" content=\"niger\" \/>\n<meta property=\"article:published_time\" content=\"2021-08-21T08:53:15+00:00\" \/>\n<meta property=\"article:modified_time\" content=\"2021-08-21T11:44:14+00:00\" \/>\n<meta property=\"og:image\" content=\"https:\/\/static.africa-press.net\/niger\/sites\/40\/2021\/08\/img-6120bdc486f96.jpg\" \/>\n\t<meta property=\"og:image:width\" content=\"720\" \/>\n\t<meta property=\"og:image:height\" content=\"360\" \/>\n\t<meta property=\"og:image:type\" content=\"image\/jpeg\" \/>\n<meta name=\"author\" content=\"cfeditorfr\" \/>\n<meta name=\"twitter:card\" content=\"summary_large_image\" \/>\n<meta name=\"twitter:label1\" content=\"\u00c9crit par\" \/>\n\t<meta name=\"twitter:data1\" content=\"cfeditorfr\" \/>\n\t<meta name=\"twitter:label2\" content=\"Dur\u00e9e de lecture estim\u00e9e\" \/>\n\t<meta name=\"twitter:data2\" content=\"2 minutes\" \/>\n<script type=\"application\/ld+json\" class=\"yoast-schema-graph\">{\"@context\":\"https:\/\/schema.org\",\"@graph\":[{\"@type\":\"Article\",\"@id\":\"https:\/\/www.africa-press.net\/niger\/dossiers\/niger-hassoumi-massaoudou-ici-on-ne-remporte-pas-une-presidentielle-au-premier-tour#article\",\"isPartOf\":{\"@id\":\"https:\/\/www.africa-press.net\/niger\/dossiers\/niger-hassoumi-massaoudou-ici-on-ne-remporte-pas-une-presidentielle-au-premier-tour\"},\"author\":{\"name\":\"cfeditorfr\",\"@id\":\"https:\/\/www.africa-press.net\/niger\/#\/schema\/person\/2b1cf3cd81a31e3cd26889ca66d677f1\"},\"headline\":\"Hassoumi Massaoudou : \u00ab Ici, on ne remporte pas une pr\u00e9sidentielle au premier tour\u00a0!\u00a0\u00bb\",\"datePublished\":\"2021-08-21T08:53:15+00:00\",\"dateModified\":\"2021-08-21T11:44:14+00:00\",\"mainEntityOfPage\":{\"@id\":\"https:\/\/www.africa-press.net\/niger\/dossiers\/niger-hassoumi-massaoudou-ici-on-ne-remporte-pas-une-presidentielle-au-premier-tour\"},\"wordCount\":459,\"commentCount\":0,\"image\":{\"@id\":\"https:\/\/www.africa-press.net\/niger\/dossiers\/niger-hassoumi-massaoudou-ici-on-ne-remporte-pas-une-presidentielle-au-premier-tour#primaryimage\"},\"thumbnailUrl\":\"https:\/\/static.africa-press.net\/niger\/sites\/40\/2021\/08\/img-6120bdc486f96.jpg\",\"keywords\":[\"Africa Press\",\"Africa Press-Niger\",\"Niger\"],\"articleSection\":[\"Dossiers\",\"homepage-french\",\"Top Nouvelles\",\"Toutes les actualit\u00e9s\"],\"inLanguage\":\"fr-FR\",\"potentialAction\":[{\"@type\":\"CommentAction\",\"name\":\"Comment\",\"target\":[\"https:\/\/www.africa-press.net\/niger\/dossiers\/niger-hassoumi-massaoudou-ici-on-ne-remporte-pas-une-presidentielle-au-premier-tour#respond\"]}]},{\"@type\":\"WebPage\",\"@id\":\"https:\/\/www.africa-press.net\/niger\/dossiers\/niger-hassoumi-massaoudou-ici-on-ne-remporte-pas-une-presidentielle-au-premier-tour\",\"url\":\"https:\/\/www.africa-press.net\/niger\/dossiers\/niger-hassoumi-massaoudou-ici-on-ne-remporte-pas-une-presidentielle-au-premier-tour\",\"name\":\"Hassoumi Massaoudou : \u00ab Ici, on ne remporte pas une pr\u00e9sidentielle au premier tour\u00a0!\u00a0\u00bb - niger\",\"isPartOf\":{\"@id\":\"https:\/\/www.africa-press.net\/niger\/#website\"},\"primaryImageOfPage\":{\"@id\":\"https:\/\/www.africa-press.net\/niger\/dossiers\/niger-hassoumi-massaoudou-ici-on-ne-remporte-pas-une-presidentielle-au-premier-tour#primaryimage\"},\"image\":{\"@id\":\"https:\/\/www.africa-press.net\/niger\/dossiers\/niger-hassoumi-massaoudou-ici-on-ne-remporte-pas-une-presidentielle-au-premier-tour#primaryimage\"},\"thumbnailUrl\":\"https:\/\/static.africa-press.net\/niger\/sites\/40\/2021\/08\/img-6120bdc486f96.jpg\",\"datePublished\":\"2021-08-21T08:53:15+00:00\",\"dateModified\":\"2021-08-21T11:44:14+00:00\",\"author\":{\"@id\":\"https:\/\/www.africa-press.net\/niger\/#\/schema\/person\/2b1cf3cd81a31e3cd26889ca66d677f1\"},\"description\":\"Le ministre des Affaires \u00e9trang\u00e8res et de la Coop\u00e9ration du Niger, Hassoumi Massaoudou, explique \u00e0 Jeune Afrique les pri ...\",\"breadcrumb\":{\"@id\":\"https:\/\/www.africa-press.net\/niger\/dossiers\/niger-hassoumi-massaoudou-ici-on-ne-remporte-pas-une-presidentielle-au-premier-tour#breadcrumb\"},\"inLanguage\":\"fr-FR\",\"potentialAction\":[{\"@type\":\"ReadAction\",\"target\":[\"https:\/\/www.africa-press.net\/niger\/dossiers\/niger-hassoumi-massaoudou-ici-on-ne-remporte-pas-une-presidentielle-au-premier-tour\"]}]},{\"@type\":\"ImageObject\",\"inLanguage\":\"fr-FR\",\"@id\":\"https:\/\/www.africa-press.net\/niger\/dossiers\/niger-hassoumi-massaoudou-ici-on-ne-remporte-pas-une-presidentielle-au-premier-tour#primaryimage\",\"url\":\"https:\/\/static.africa-press.net\/niger\/sites\/40\/2021\/08\/img-6120bdc486f96.jpg\",\"contentUrl\":\"https:\/\/static.africa-press.net\/niger\/sites\/40\/2021\/08\/img-6120bdc486f96.jpg\",\"width\":720,\"height\":360,\"caption\":\"Niger \u2013 Hassoumi Massaoudou : \u00ab Ici, on ne remporte pas une pr\u00e9sidentielle au premier tour\u00a0!\u00a0\u00bb\"},{\"@type\":\"BreadcrumbList\",\"@id\":\"https:\/\/www.africa-press.net\/niger\/dossiers\/niger-hassoumi-massaoudou-ici-on-ne-remporte-pas-une-presidentielle-au-premier-tour#breadcrumb\",\"itemListElement\":[{\"@type\":\"ListItem\",\"position\":1,\"name\":\"Accueil\",\"item\":\"https:\/\/www.africa-press.net\/niger\/\"},{\"@type\":\"ListItem\",\"position\":2,\"name\":\"Hassoumi Massaoudou : \u00ab Ici, on ne remporte pas une pr\u00e9sidentielle au premier tour\u00a0!\u00a0\u00bb\"}]},{\"@type\":\"WebSite\",\"@id\":\"https:\/\/www.africa-press.net\/niger\/#website\",\"url\":\"https:\/\/www.africa-press.net\/niger\/\",\"name\":\"niger\",\"description\":\"Just another Africa News Agency Sites site\",\"potentialAction\":[{\"@type\":\"SearchAction\",\"target\":{\"@type\":\"EntryPoint\",\"urlTemplate\":\"https:\/\/www.africa-press.net\/niger\/?s={search_term_string}\"},\"query-input\":{\"@type\":\"PropertyValueSpecification\",\"valueRequired\":true,\"valueName\":\"search_term_string\"}}],\"inLanguage\":\"fr-FR\"},{\"@type\":\"Person\",\"@id\":\"https:\/\/www.africa-press.net\/niger\/#\/schema\/person\/2b1cf3cd81a31e3cd26889ca66d677f1\",\"name\":\"cfeditorfr\"}]}<\/script>\n<!-- \/ Yoast SEO Premium plugin. -->","yoast_head_json":{"title":"Hassoumi Massaoudou : \u00ab Ici, on ne remporte pas une pr\u00e9sidentielle au premier tour\u00a0!\u00a0\u00bb - niger","description":"Le ministre des Affaires \u00e9trang\u00e8res et de la Coop\u00e9ration du Niger, Hassoumi Massaoudou, explique \u00e0 Jeune Afrique les pri ...","robots":{"index":"index","follow":"follow","max-snippet":"max-snippet:-1","max-image-preview":"max-image-preview:large","max-video-preview":"max-video-preview:-1"},"canonical":"https:\/\/www.africa-press.net\/niger\/dossiers\/niger-hassoumi-massaoudou-ici-on-ne-remporte-pas-une-presidentielle-au-premier-tour","og_locale":"fr_FR","og_type":"article","og_title":"Hassoumi Massaoudou : \u00ab Ici, on ne remporte pas une pr\u00e9sidentielle au premier tour\u00a0!\u00a0\u00bb","og_description":"Le ministre des Affaires \u00e9trang\u00e8res et de la Coop\u00e9ration du Niger, Hassoumi Massaoudou, explique \u00e0 Jeune Afrique les pri ...","og_url":"https:\/\/www.africa-press.net\/niger\/dossiers\/niger-hassoumi-massaoudou-ici-on-ne-remporte-pas-une-presidentielle-au-premier-tour","og_site_name":"niger","article_published_time":"2021-08-21T08:53:15+00:00","article_modified_time":"2021-08-21T11:44:14+00:00","og_image":[{"width":720,"height":360,"url":"https:\/\/static.africa-press.net\/niger\/sites\/40\/2021\/08\/img-6120bdc486f96.jpg","type":"image\/jpeg"}],"author":"cfeditorfr","twitter_card":"summary_large_image","twitter_misc":{"\u00c9crit par":"cfeditorfr","Dur\u00e9e de lecture estim\u00e9e":"2 minutes"},"schema":{"@context":"https:\/\/schema.org","@graph":[{"@type":"Article","@id":"https:\/\/www.africa-press.net\/niger\/dossiers\/niger-hassoumi-massaoudou-ici-on-ne-remporte-pas-une-presidentielle-au-premier-tour#article","isPartOf":{"@id":"https:\/\/www.africa-press.net\/niger\/dossiers\/niger-hassoumi-massaoudou-ici-on-ne-remporte-pas-une-presidentielle-au-premier-tour"},"author":{"name":"cfeditorfr","@id":"https:\/\/www.africa-press.net\/niger\/#\/schema\/person\/2b1cf3cd81a31e3cd26889ca66d677f1"},"headline":"Hassoumi Massaoudou : \u00ab Ici, on ne remporte pas une pr\u00e9sidentielle au premier tour\u00a0!\u00a0\u00bb","datePublished":"2021-08-21T08:53:15+00:00","dateModified":"2021-08-21T11:44:14+00:00","mainEntityOfPage":{"@id":"https:\/\/www.africa-press.net\/niger\/dossiers\/niger-hassoumi-massaoudou-ici-on-ne-remporte-pas-une-presidentielle-au-premier-tour"},"wordCount":459,"commentCount":0,"image":{"@id":"https:\/\/www.africa-press.net\/niger\/dossiers\/niger-hassoumi-massaoudou-ici-on-ne-remporte-pas-une-presidentielle-au-premier-tour#primaryimage"},"thumbnailUrl":"https:\/\/static.africa-press.net\/niger\/sites\/40\/2021\/08\/img-6120bdc486f96.jpg","keywords":["Africa Press","Africa Press-Niger","Niger"],"articleSection":["Dossiers","homepage-french","Top Nouvelles","Toutes les actualit\u00e9s"],"inLanguage":"fr-FR","potentialAction":[{"@type":"CommentAction","name":"Comment","target":["https:\/\/www.africa-press.net\/niger\/dossiers\/niger-hassoumi-massaoudou-ici-on-ne-remporte-pas-une-presidentielle-au-premier-tour#respond"]}]},{"@type":"WebPage","@id":"https:\/\/www.africa-press.net\/niger\/dossiers\/niger-hassoumi-massaoudou-ici-on-ne-remporte-pas-une-presidentielle-au-premier-tour","url":"https:\/\/www.africa-press.net\/niger\/dossiers\/niger-hassoumi-massaoudou-ici-on-ne-remporte-pas-une-presidentielle-au-premier-tour","name":"Hassoumi Massaoudou : \u00ab Ici, on ne remporte pas une pr\u00e9sidentielle au premier tour\u00a0!\u00a0\u00bb - niger","isPartOf":{"@id":"https:\/\/www.africa-press.net\/niger\/#website"},"primaryImageOfPage":{"@id":"https:\/\/www.africa-press.net\/niger\/dossiers\/niger-hassoumi-massaoudou-ici-on-ne-remporte-pas-une-presidentielle-au-premier-tour#primaryimage"},"image":{"@id":"https:\/\/www.africa-press.net\/niger\/dossiers\/niger-hassoumi-massaoudou-ici-on-ne-remporte-pas-une-presidentielle-au-premier-tour#primaryimage"},"thumbnailUrl":"https:\/\/static.africa-press.net\/niger\/sites\/40\/2021\/08\/img-6120bdc486f96.jpg","datePublished":"2021-08-21T08:53:15+00:00","dateModified":"2021-08-21T11:44:14+00:00","author":{"@id":"https:\/\/www.africa-press.net\/niger\/#\/schema\/person\/2b1cf3cd81a31e3cd26889ca66d677f1"},"description":"Le ministre des Affaires \u00e9trang\u00e8res et de la Coop\u00e9ration du Niger, Hassoumi Massaoudou, explique \u00e0 Jeune Afrique les pri ...","breadcrumb":{"@id":"https:\/\/www.africa-press.net\/niger\/dossiers\/niger-hassoumi-massaoudou-ici-on-ne-remporte-pas-une-presidentielle-au-premier-tour#breadcrumb"},"inLanguage":"fr-FR","potentialAction":[{"@type":"ReadAction","target":["https:\/\/www.africa-press.net\/niger\/dossiers\/niger-hassoumi-massaoudou-ici-on-ne-remporte-pas-une-presidentielle-au-premier-tour"]}]},{"@type":"ImageObject","inLanguage":"fr-FR","@id":"https:\/\/www.africa-press.net\/niger\/dossiers\/niger-hassoumi-massaoudou-ici-on-ne-remporte-pas-une-presidentielle-au-premier-tour#primaryimage","url":"https:\/\/static.africa-press.net\/niger\/sites\/40\/2021\/08\/img-6120bdc486f96.jpg","contentUrl":"https:\/\/static.africa-press.net\/niger\/sites\/40\/2021\/08\/img-6120bdc486f96.jpg","width":720,"height":360,"caption":"Niger \u2013 Hassoumi Massaoudou : \u00ab Ici, on ne remporte pas une pr\u00e9sidentielle au premier tour\u00a0!\u00a0\u00bb"},{"@type":"BreadcrumbList","@id":"https:\/\/www.africa-press.net\/niger\/dossiers\/niger-hassoumi-massaoudou-ici-on-ne-remporte-pas-une-presidentielle-au-premier-tour#breadcrumb","itemListElement":[{"@type":"ListItem","position":1,"name":"Accueil","item":"https:\/\/www.africa-press.net\/niger\/"},{"@type":"ListItem","position":2,"name":"Hassoumi Massaoudou : \u00ab Ici, on ne remporte pas une pr\u00e9sidentielle au premier tour\u00a0!\u00a0\u00bb"}]},{"@type":"WebSite","@id":"https:\/\/www.africa-press.net\/niger\/#website","url":"https:\/\/www.africa-press.net\/niger\/","name":"niger","description":"Just another Africa News Agency Sites site","potentialAction":[{"@type":"SearchAction","target":{"@type":"EntryPoint","urlTemplate":"https:\/\/www.africa-press.net\/niger\/?s={search_term_string}"},"query-input":{"@type":"PropertyValueSpecification","valueRequired":true,"valueName":"search_term_string"}}],"inLanguage":"fr-FR"},{"@type":"Person","@id":"https:\/\/www.africa-press.net\/niger\/#\/schema\/person\/2b1cf3cd81a31e3cd26889ca66d677f1","name":"cfeditorfr"}]}},"_links":{"self":[{"href":"https:\/\/www.africa-press.net\/niger\/wp-json\/wp\/v2\/posts\/10509","targetHints":{"allow":["GET"]}}],"collection":[{"href":"https:\/\/www.africa-press.net\/niger\/wp-json\/wp\/v2\/posts"}],"about":[{"href":"https:\/\/www.africa-press.net\/niger\/wp-json\/wp\/v2\/types\/post"}],"author":[{"embeddable":true,"href":"https:\/\/www.africa-press.net\/niger\/wp-json\/wp\/v2\/users\/82"}],"replies":[{"embeddable":true,"href":"https:\/\/www.africa-press.net\/niger\/wp-json\/wp\/v2\/comments?post=10509"}],"version-history":[{"count":0,"href":"https:\/\/www.africa-press.net\/niger\/wp-json\/wp\/v2\/posts\/10509\/revisions"}],"wp:featuredmedia":[{"embeddable":true,"href":"https:\/\/www.africa-press.net\/niger\/wp-json\/wp\/v2\/media\/10508"}],"wp:attachment":[{"href":"https:\/\/www.africa-press.net\/niger\/wp-json\/wp\/v2\/media?parent=10509"}],"wp:term":[{"taxonomy":"category","embeddable":true,"href":"https:\/\/www.africa-press.net\/niger\/wp-json\/wp\/v2\/categories?post=10509"},{"taxonomy":"post_tag","embeddable":true,"href":"https:\/\/www.africa-press.net\/niger\/wp-json\/wp\/v2\/tags?post=10509"}],"curies":[{"name":"wp","href":"https:\/\/api.w.org\/{rel}","templated":true}]}}