{"id":10518,"date":"2021-08-21T09:12:45","date_gmt":"2021-08-21T09:12:45","guid":{"rendered":"https:\/\/www.africa-press.net\/niger\/?p=10518"},"modified":"2021-08-21T11:44:37","modified_gmt":"2021-08-21T11:44:37","slug":"niger-remise-au-premier-ministre-du-rapport-2020-sur-la-protection-des-donnees-personnelles","status":"publish","type":"post","link":"https:\/\/www.africa-press.net\/niger\/politique\/niger-remise-au-premier-ministre-du-rapport-2020-sur-la-protection-des-donnees-personnelles","title":{"rendered":"Remise au Premier Ministre du rapport 2020 sur la protection des donn\u00e9es personnelles"},"content":{"rendered":"<p><span style=\"color: #ff6600\"><strong><a href=\"https:\/\/www.africa-press.net\/\">Africa-Press<\/a> &#8211; <a href=\"https:\/\/www.africa-press.net\/niger\">Niger<\/a>. <\/strong><\/span>Le Premier Ministre Ouhoumoudou Mahamadou a re\u00e7u, dans l\u2019apr\u00e8s-midi de ce vendredi 20 ao\u00fbt 2021 \u00e0 son Cabinet, la pr\u00e9sidente de la Haute Autorit\u00e9 de Protection des Donn\u00e9es \u00e0 Caract\u00e8re<\/p>\n<p>Personnel (HAPDP), Mme Sanadi Tchimaden Hadatan.<\/p>\n<p>L\u2019objet de cette rencontre est de pr\u00e9senter au Chef du Gouvernement nig\u00e9rien le rapport d\u2019activit\u00e9s de la HAPDP au titre de l\u2019ann\u00e9e 2020.<\/p>\n<p>Au sortir de la rencontre, la pr\u00e9sidente de<\/p>\n<p>la HAPDP a d\u2019abord rappel\u00e9 \u00e0 la presse que la loi sur la protection des donn\u00e9es \u00e0 caract\u00e8re personnel fait obligation \u00e0 la HAPDP de fournir et transmettre au Gouvernement chaque ann\u00e9e un rapport d\u2019activit\u00e9s sur la protection des donn\u00e9es \u00e0 caract\u00e8re personnel au Niger et que c\u2019est \u00e0 cet exercice qu\u2019elle a r\u00e9pondu en ce jour.<\/p>\n<p>Mme Sanadi Tchimaden Hadatan de souligner ensuite que la HAPDP a \u00e9t\u00e9 cr\u00e9\u00e9e en 2017, mais n\u2019a commenc\u00e9 \u00e0 fonctionner qu\u2019en 2020. \u2018\u2019Au cours du lancement de ses activit\u00e9s en 2020, nous avons eu \u00e0 faire plusieurs actions de sensibilisation \u00e0 l\u2019endroit des responsables de traitement pour les amener \u00e0 se conformer au niveau de la HAPDP\u2019\u2019, a-t-elle dit, avant d\u2019ajouter que \u00ab aujourd\u2019hui, nous pouvons dire que la HAPDP est totalement op\u00e9rationnelle par rapport \u00e0 ses activit\u00e9s \u00bb.<\/p>\n<p>Apr\u00e8s avoir lanc\u00e9 un appel \u00e0 l\u2019endroit de toutes les personnalit\u00e9s responsables de traitement des donn\u00e9es pour venir au niveau de la HAPDP se conformer \u00e0 la loi, Mme Sanadi Tchimaden Hadatan d\u2019insister sur le fait que \u00ab tout traitement de donn\u00e9es \u00e0 caract\u00e8re personnel doit recueillir une autorisation au niveau de la HAPDP, et que pour les traitements ant\u00e9rieurs \u00e0 HAPDP, les personnes responsables de ces traitements sont appel\u00e9es \u00e0 venir r\u00e9gulariser leurs situations \u00bb.<\/p>\n<p>&nbsp;<\/p>\n","protected":false},"excerpt":{"rendered":"<p>Africa-Press &#8211; Niger. Le Premier Ministre Ouhoumoudou Mahamadou a re\u00e7u, dans l\u2019apr\u00e8s-midi de ce vendredi 20 ao\u00fbt 2021 \u00e0 son Cabinet, la pr\u00e9sidente de la Haute Autorit\u00e9 de Protection des Donn\u00e9es \u00e0 Caract\u00e8re Personnel (HAPDP), Mme Sanadi Tchimaden Hadatan. L\u2019objet de cette rencontre est de pr\u00e9senter au Chef du Gouvernement nig\u00e9rien le rapport d\u2019activit\u00e9s de [&hellip;]<\/p>\n","protected":false},"author":82,"featured_media":10517,"comment_status":"open","ping_status":"closed","sticky":false,"template":"","format":"standard","meta":{"footnotes":""},"categories":[11,2,10],"tags":[55,60,29],"class_list":["post-10518","post","type-post","status-publish","format-standard","has-post-thumbnail","hentry","category-homepage-french","category-politique","category-toutes-les-actualites","tag-africa-press","tag-africa-press-niger","tag-niger"],"yoast_head":"<!-- This site is optimized with the Yoast SEO Premium plugin v26.1 (Yoast SEO v27.0) - https:\/\/yoast.com\/product\/yoast-seo-premium-wordpress\/ -->\n<title>Remise au Premier Ministre du rapport 2020 sur la protection des donn\u00e9es personnelles - niger<\/title>\n<meta name=\"description\" content=\", 20 Ao\u00fbt (ANP) - Le Premier Ministre Ouhoumoudou Mahamadou a re\u00e7u, dans l\u2019apr\u00e8s-midi de ce vendredi 20 ao\u00fbt 2021 \u00e0 son ...\" \/>\n<meta name=\"robots\" content=\"index, follow, max-snippet:-1, max-image-preview:large, max-video-preview:-1\" \/>\n<link rel=\"canonical\" href=\"https:\/\/www.africa-press.net\/niger\/politique\/niger-remise-au-premier-ministre-du-rapport-2020-sur-la-protection-des-donnees-personnelles\" \/>\n<meta property=\"og:locale\" content=\"fr_FR\" \/>\n<meta property=\"og:type\" content=\"article\" \/>\n<meta property=\"og:title\" content=\"Remise au Premier Ministre du rapport 2020 sur la protection des donn\u00e9es personnelles\" \/>\n<meta property=\"og:description\" content=\", 20 Ao\u00fbt (ANP) - Le Premier Ministre Ouhoumoudou Mahamadou a re\u00e7u, dans l\u2019apr\u00e8s-midi de ce vendredi 20 ao\u00fbt 2021 \u00e0 son ...\" \/>\n<meta property=\"og:url\" content=\"https:\/\/www.africa-press.net\/niger\/politique\/niger-remise-au-premier-ministre-du-rapport-2020-sur-la-protection-des-donnees-personnelles\" \/>\n<meta property=\"og:site_name\" content=\"niger\" \/>\n<meta property=\"article:published_time\" content=\"2021-08-21T09:12:45+00:00\" \/>\n<meta property=\"article:modified_time\" content=\"2021-08-21T11:44:37+00:00\" \/>\n<meta property=\"og:image\" content=\"https:\/\/static.africa-press.net\/niger\/sites\/40\/2021\/08\/img-6120be58f2b55.jpg\" \/>\n\t<meta property=\"og:image:width\" content=\"1080\" \/>\n\t<meta property=\"og:image:height\" content=\"720\" \/>\n\t<meta property=\"og:image:type\" content=\"image\/jpeg\" \/>\n<meta name=\"author\" content=\"cfeditorfr\" \/>\n<meta name=\"twitter:card\" content=\"summary_large_image\" \/>\n<meta name=\"twitter:label1\" content=\"\u00c9crit par\" \/>\n\t<meta name=\"twitter:data1\" content=\"cfeditorfr\" \/>\n\t<meta name=\"twitter:label2\" content=\"Dur\u00e9e de lecture estim\u00e9e\" \/>\n\t<meta name=\"twitter:data2\" content=\"2 minutes\" \/>\n<script type=\"application\/ld+json\" class=\"yoast-schema-graph\">{\"@context\":\"https:\/\/schema.org\",\"@graph\":[{\"@type\":\"Article\",\"@id\":\"https:\/\/www.africa-press.net\/niger\/politique\/niger-remise-au-premier-ministre-du-rapport-2020-sur-la-protection-des-donnees-personnelles#article\",\"isPartOf\":{\"@id\":\"https:\/\/www.africa-press.net\/niger\/politique\/niger-remise-au-premier-ministre-du-rapport-2020-sur-la-protection-des-donnees-personnelles\"},\"author\":{\"name\":\"cfeditorfr\",\"@id\":\"https:\/\/www.africa-press.net\/niger\/#\/schema\/person\/2b1cf3cd81a31e3cd26889ca66d677f1\"},\"headline\":\"Remise au Premier Ministre du rapport 2020 sur la protection des donn\u00e9es personnelles\",\"datePublished\":\"2021-08-21T09:12:45+00:00\",\"dateModified\":\"2021-08-21T11:44:37+00:00\",\"mainEntityOfPage\":{\"@id\":\"https:\/\/www.africa-press.net\/niger\/politique\/niger-remise-au-premier-ministre-du-rapport-2020-sur-la-protection-des-donnees-personnelles\"},\"wordCount\":314,\"commentCount\":0,\"image\":{\"@id\":\"https:\/\/www.africa-press.net\/niger\/politique\/niger-remise-au-premier-ministre-du-rapport-2020-sur-la-protection-des-donnees-personnelles#primaryimage\"},\"thumbnailUrl\":\"https:\/\/static.africa-press.net\/niger\/sites\/40\/2021\/08\/img-6120be58f2b55.jpg\",\"keywords\":[\"Africa Press\",\"Africa Press-Niger\",\"Niger\"],\"articleSection\":[\"homepage-french\",\"Politique\",\"Toutes les actualit\u00e9s\"],\"inLanguage\":\"fr-FR\",\"potentialAction\":[{\"@type\":\"CommentAction\",\"name\":\"Comment\",\"target\":[\"https:\/\/www.africa-press.net\/niger\/politique\/niger-remise-au-premier-ministre-du-rapport-2020-sur-la-protection-des-donnees-personnelles#respond\"]}]},{\"@type\":\"WebPage\",\"@id\":\"https:\/\/www.africa-press.net\/niger\/politique\/niger-remise-au-premier-ministre-du-rapport-2020-sur-la-protection-des-donnees-personnelles\",\"url\":\"https:\/\/www.africa-press.net\/niger\/politique\/niger-remise-au-premier-ministre-du-rapport-2020-sur-la-protection-des-donnees-personnelles\",\"name\":\"Remise au Premier Ministre du rapport 2020 sur la protection des donn\u00e9es personnelles - niger\",\"isPartOf\":{\"@id\":\"https:\/\/www.africa-press.net\/niger\/#website\"},\"primaryImageOfPage\":{\"@id\":\"https:\/\/www.africa-press.net\/niger\/politique\/niger-remise-au-premier-ministre-du-rapport-2020-sur-la-protection-des-donnees-personnelles#primaryimage\"},\"image\":{\"@id\":\"https:\/\/www.africa-press.net\/niger\/politique\/niger-remise-au-premier-ministre-du-rapport-2020-sur-la-protection-des-donnees-personnelles#primaryimage\"},\"thumbnailUrl\":\"https:\/\/static.africa-press.net\/niger\/sites\/40\/2021\/08\/img-6120be58f2b55.jpg\",\"datePublished\":\"2021-08-21T09:12:45+00:00\",\"dateModified\":\"2021-08-21T11:44:37+00:00\",\"author\":{\"@id\":\"https:\/\/www.africa-press.net\/niger\/#\/schema\/person\/2b1cf3cd81a31e3cd26889ca66d677f1\"},\"description\":\", 20 Ao\u00fbt (ANP) - Le Premier Ministre Ouhoumoudou Mahamadou a re\u00e7u, dans l\u2019apr\u00e8s-midi de ce vendredi 20 ao\u00fbt 2021 \u00e0 son ...\",\"breadcrumb\":{\"@id\":\"https:\/\/www.africa-press.net\/niger\/politique\/niger-remise-au-premier-ministre-du-rapport-2020-sur-la-protection-des-donnees-personnelles#breadcrumb\"},\"inLanguage\":\"fr-FR\",\"potentialAction\":[{\"@type\":\"ReadAction\",\"target\":[\"https:\/\/www.africa-press.net\/niger\/politique\/niger-remise-au-premier-ministre-du-rapport-2020-sur-la-protection-des-donnees-personnelles\"]}]},{\"@type\":\"ImageObject\",\"inLanguage\":\"fr-FR\",\"@id\":\"https:\/\/www.africa-press.net\/niger\/politique\/niger-remise-au-premier-ministre-du-rapport-2020-sur-la-protection-des-donnees-personnelles#primaryimage\",\"url\":\"https:\/\/static.africa-press.net\/niger\/sites\/40\/2021\/08\/img-6120be58f2b55.jpg\",\"contentUrl\":\"https:\/\/static.africa-press.net\/niger\/sites\/40\/2021\/08\/img-6120be58f2b55.jpg\",\"width\":1080,\"height\":720,\"caption\":\"Niger : Remise au Premier Ministre du rapport 2020 sur la protection des donn\u00e9es personnelles\"},{\"@type\":\"BreadcrumbList\",\"@id\":\"https:\/\/www.africa-press.net\/niger\/politique\/niger-remise-au-premier-ministre-du-rapport-2020-sur-la-protection-des-donnees-personnelles#breadcrumb\",\"itemListElement\":[{\"@type\":\"ListItem\",\"position\":1,\"name\":\"Accueil\",\"item\":\"https:\/\/www.africa-press.net\/niger\/\"},{\"@type\":\"ListItem\",\"position\":2,\"name\":\"Remise au Premier Ministre du rapport 2020 sur la protection des donn\u00e9es personnelles\"}]},{\"@type\":\"WebSite\",\"@id\":\"https:\/\/www.africa-press.net\/niger\/#website\",\"url\":\"https:\/\/www.africa-press.net\/niger\/\",\"name\":\"niger\",\"description\":\"Just another Africa News Agency Sites site\",\"potentialAction\":[{\"@type\":\"SearchAction\",\"target\":{\"@type\":\"EntryPoint\",\"urlTemplate\":\"https:\/\/www.africa-press.net\/niger\/?s={search_term_string}\"},\"query-input\":{\"@type\":\"PropertyValueSpecification\",\"valueRequired\":true,\"valueName\":\"search_term_string\"}}],\"inLanguage\":\"fr-FR\"},{\"@type\":\"Person\",\"@id\":\"https:\/\/www.africa-press.net\/niger\/#\/schema\/person\/2b1cf3cd81a31e3cd26889ca66d677f1\",\"name\":\"cfeditorfr\"}]}<\/script>\n<!-- \/ Yoast SEO Premium plugin. -->","yoast_head_json":{"title":"Remise au Premier Ministre du rapport 2020 sur la protection des donn\u00e9es personnelles - niger","description":", 20 Ao\u00fbt (ANP) - Le Premier Ministre Ouhoumoudou Mahamadou a re\u00e7u, dans l\u2019apr\u00e8s-midi de ce vendredi 20 ao\u00fbt 2021 \u00e0 son ...","robots":{"index":"index","follow":"follow","max-snippet":"max-snippet:-1","max-image-preview":"max-image-preview:large","max-video-preview":"max-video-preview:-1"},"canonical":"https:\/\/www.africa-press.net\/niger\/politique\/niger-remise-au-premier-ministre-du-rapport-2020-sur-la-protection-des-donnees-personnelles","og_locale":"fr_FR","og_type":"article","og_title":"Remise au Premier Ministre du rapport 2020 sur la protection des donn\u00e9es personnelles","og_description":", 20 Ao\u00fbt (ANP) - Le Premier Ministre Ouhoumoudou Mahamadou a re\u00e7u, dans l\u2019apr\u00e8s-midi de ce vendredi 20 ao\u00fbt 2021 \u00e0 son ...","og_url":"https:\/\/www.africa-press.net\/niger\/politique\/niger-remise-au-premier-ministre-du-rapport-2020-sur-la-protection-des-donnees-personnelles","og_site_name":"niger","article_published_time":"2021-08-21T09:12:45+00:00","article_modified_time":"2021-08-21T11:44:37+00:00","og_image":[{"width":1080,"height":720,"url":"https:\/\/static.africa-press.net\/niger\/sites\/40\/2021\/08\/img-6120be58f2b55.jpg","type":"image\/jpeg"}],"author":"cfeditorfr","twitter_card":"summary_large_image","twitter_misc":{"\u00c9crit par":"cfeditorfr","Dur\u00e9e de lecture estim\u00e9e":"2 minutes"},"schema":{"@context":"https:\/\/schema.org","@graph":[{"@type":"Article","@id":"https:\/\/www.africa-press.net\/niger\/politique\/niger-remise-au-premier-ministre-du-rapport-2020-sur-la-protection-des-donnees-personnelles#article","isPartOf":{"@id":"https:\/\/www.africa-press.net\/niger\/politique\/niger-remise-au-premier-ministre-du-rapport-2020-sur-la-protection-des-donnees-personnelles"},"author":{"name":"cfeditorfr","@id":"https:\/\/www.africa-press.net\/niger\/#\/schema\/person\/2b1cf3cd81a31e3cd26889ca66d677f1"},"headline":"Remise au Premier Ministre du rapport 2020 sur la protection des donn\u00e9es personnelles","datePublished":"2021-08-21T09:12:45+00:00","dateModified":"2021-08-21T11:44:37+00:00","mainEntityOfPage":{"@id":"https:\/\/www.africa-press.net\/niger\/politique\/niger-remise-au-premier-ministre-du-rapport-2020-sur-la-protection-des-donnees-personnelles"},"wordCount":314,"commentCount":0,"image":{"@id":"https:\/\/www.africa-press.net\/niger\/politique\/niger-remise-au-premier-ministre-du-rapport-2020-sur-la-protection-des-donnees-personnelles#primaryimage"},"thumbnailUrl":"https:\/\/static.africa-press.net\/niger\/sites\/40\/2021\/08\/img-6120be58f2b55.jpg","keywords":["Africa Press","Africa Press-Niger","Niger"],"articleSection":["homepage-french","Politique","Toutes les actualit\u00e9s"],"inLanguage":"fr-FR","potentialAction":[{"@type":"CommentAction","name":"Comment","target":["https:\/\/www.africa-press.net\/niger\/politique\/niger-remise-au-premier-ministre-du-rapport-2020-sur-la-protection-des-donnees-personnelles#respond"]}]},{"@type":"WebPage","@id":"https:\/\/www.africa-press.net\/niger\/politique\/niger-remise-au-premier-ministre-du-rapport-2020-sur-la-protection-des-donnees-personnelles","url":"https:\/\/www.africa-press.net\/niger\/politique\/niger-remise-au-premier-ministre-du-rapport-2020-sur-la-protection-des-donnees-personnelles","name":"Remise au Premier Ministre du rapport 2020 sur la protection des donn\u00e9es personnelles - niger","isPartOf":{"@id":"https:\/\/www.africa-press.net\/niger\/#website"},"primaryImageOfPage":{"@id":"https:\/\/www.africa-press.net\/niger\/politique\/niger-remise-au-premier-ministre-du-rapport-2020-sur-la-protection-des-donnees-personnelles#primaryimage"},"image":{"@id":"https:\/\/www.africa-press.net\/niger\/politique\/niger-remise-au-premier-ministre-du-rapport-2020-sur-la-protection-des-donnees-personnelles#primaryimage"},"thumbnailUrl":"https:\/\/static.africa-press.net\/niger\/sites\/40\/2021\/08\/img-6120be58f2b55.jpg","datePublished":"2021-08-21T09:12:45+00:00","dateModified":"2021-08-21T11:44:37+00:00","author":{"@id":"https:\/\/www.africa-press.net\/niger\/#\/schema\/person\/2b1cf3cd81a31e3cd26889ca66d677f1"},"description":", 20 Ao\u00fbt (ANP) - Le Premier Ministre Ouhoumoudou Mahamadou a re\u00e7u, dans l\u2019apr\u00e8s-midi de ce vendredi 20 ao\u00fbt 2021 \u00e0 son ...","breadcrumb":{"@id":"https:\/\/www.africa-press.net\/niger\/politique\/niger-remise-au-premier-ministre-du-rapport-2020-sur-la-protection-des-donnees-personnelles#breadcrumb"},"inLanguage":"fr-FR","potentialAction":[{"@type":"ReadAction","target":["https:\/\/www.africa-press.net\/niger\/politique\/niger-remise-au-premier-ministre-du-rapport-2020-sur-la-protection-des-donnees-personnelles"]}]},{"@type":"ImageObject","inLanguage":"fr-FR","@id":"https:\/\/www.africa-press.net\/niger\/politique\/niger-remise-au-premier-ministre-du-rapport-2020-sur-la-protection-des-donnees-personnelles#primaryimage","url":"https:\/\/static.africa-press.net\/niger\/sites\/40\/2021\/08\/img-6120be58f2b55.jpg","contentUrl":"https:\/\/static.africa-press.net\/niger\/sites\/40\/2021\/08\/img-6120be58f2b55.jpg","width":1080,"height":720,"caption":"Niger : Remise au Premier Ministre du rapport 2020 sur la protection des donn\u00e9es personnelles"},{"@type":"BreadcrumbList","@id":"https:\/\/www.africa-press.net\/niger\/politique\/niger-remise-au-premier-ministre-du-rapport-2020-sur-la-protection-des-donnees-personnelles#breadcrumb","itemListElement":[{"@type":"ListItem","position":1,"name":"Accueil","item":"https:\/\/www.africa-press.net\/niger\/"},{"@type":"ListItem","position":2,"name":"Remise au Premier Ministre du rapport 2020 sur la protection des donn\u00e9es personnelles"}]},{"@type":"WebSite","@id":"https:\/\/www.africa-press.net\/niger\/#website","url":"https:\/\/www.africa-press.net\/niger\/","name":"niger","description":"Just another Africa News Agency Sites site","potentialAction":[{"@type":"SearchAction","target":{"@type":"EntryPoint","urlTemplate":"https:\/\/www.africa-press.net\/niger\/?s={search_term_string}"},"query-input":{"@type":"PropertyValueSpecification","valueRequired":true,"valueName":"search_term_string"}}],"inLanguage":"fr-FR"},{"@type":"Person","@id":"https:\/\/www.africa-press.net\/niger\/#\/schema\/person\/2b1cf3cd81a31e3cd26889ca66d677f1","name":"cfeditorfr"}]}},"_links":{"self":[{"href":"https:\/\/www.africa-press.net\/niger\/wp-json\/wp\/v2\/posts\/10518","targetHints":{"allow":["GET"]}}],"collection":[{"href":"https:\/\/www.africa-press.net\/niger\/wp-json\/wp\/v2\/posts"}],"about":[{"href":"https:\/\/www.africa-press.net\/niger\/wp-json\/wp\/v2\/types\/post"}],"author":[{"embeddable":true,"href":"https:\/\/www.africa-press.net\/niger\/wp-json\/wp\/v2\/users\/82"}],"replies":[{"embeddable":true,"href":"https:\/\/www.africa-press.net\/niger\/wp-json\/wp\/v2\/comments?post=10518"}],"version-history":[{"count":0,"href":"https:\/\/www.africa-press.net\/niger\/wp-json\/wp\/v2\/posts\/10518\/revisions"}],"wp:featuredmedia":[{"embeddable":true,"href":"https:\/\/www.africa-press.net\/niger\/wp-json\/wp\/v2\/media\/10517"}],"wp:attachment":[{"href":"https:\/\/www.africa-press.net\/niger\/wp-json\/wp\/v2\/media?parent=10518"}],"wp:term":[{"taxonomy":"category","embeddable":true,"href":"https:\/\/www.africa-press.net\/niger\/wp-json\/wp\/v2\/categories?post=10518"},{"taxonomy":"post_tag","embeddable":true,"href":"https:\/\/www.africa-press.net\/niger\/wp-json\/wp\/v2\/tags?post=10518"}],"curies":[{"name":"wp","href":"https:\/\/api.w.org\/{rel}","templated":true}]}}