{"id":10530,"date":"2021-08-22T16:16:07","date_gmt":"2021-08-22T16:16:07","guid":{"rendered":"https:\/\/www.africa-press.net\/niger\/?p=10530"},"modified":"2021-08-22T20:43:25","modified_gmt":"2021-08-22T20:43:25","slug":"lafrique-de-louest-face-a-un-record-de-deces-dus-au-covid-19","status":"publish","type":"post","link":"https:\/\/www.africa-press.net\/niger\/toutes-les-actualites\/lafrique-de-louest-face-a-un-record-de-deces-dus-au-covid-19","title":{"rendered":"L&rsquo;Afrique de l&rsquo;Ouest face \u00e0 un record de d\u00e9c\u00e8s dus au Covid-19"},"content":{"rendered":"<p><span style=\"color: #ff6600\"><strong><a href=\"https:\/\/www.africa-press.net\/\">Africa-Press<\/a> &#8211; <a href=\"https:\/\/www.africa-press.net\/niger\">Niger<\/a>. <\/strong><\/span>L\u2019Afrique de l\u2019Ouest est confront\u00e9e \u00e0 des contaminations et \u00e0 un taux de d\u00e9c\u00e8s des suites du Covid-19 en forte en hausse. L\u2019OMS s\u2019inqui\u00e8te et appelle \u00e0 la vigilance. La situation pourrait se justifier par le faible taux de vaccination et la lassitude des populations quant aux gestes barri\u00e8res, explique un \u00e9pid\u00e9miologiste \u00e0 Sputnik.<\/p>\n<p>Une augmentation du taux des d\u00e9c\u00e8s li\u00e9s au Covid-19 estim\u00e9e \u00e0 193% en l&rsquo;espace de quatre semaines, c\u2019est du jamais vu en Afrique de l\u2019Ouest depuis le d\u00e9but de cette pand\u00e9mie.<\/p>\n<p>D\u2019apr\u00e8s l\u2019Organisation mondiale de la sant\u00e9 (OMS) qui a r\u00e9agi le jeudi 19 ao\u00fbt dans un communiqu\u00e9, le nombre de d\u00e9c\u00e8s est pass\u00e9 de 348 au cours de la p\u00e9riode allant du 15 juin au 15 juillet, \u00e0 1.018 durant les quatre semaines qui ont suivi.<\/p>\n<p><b>\u00abBien que le taux de l\u00e9talit\u00e9 se situe \u00e0 1,4 %, soit en dessous de la moyenne continentale de 2,5%, il est plus \u00e9lev\u00e9 que le taux de l\u00e9talit\u00e9 recens\u00e9 lors des deux vagues pr\u00e9c\u00e9dentes qui ont touch\u00e9 la sous-r\u00e9gion (Afrique de l\u2019Ouest)\u00bb affirme l\u2019OMS.<\/b><\/p>\n<p>\u00c0 la date du 15 ao\u00fbt, pr\u00e9cise toujours l\u2019OMS, alors que tout le continent africain a connu pour la deuxi\u00e8me semaine cons\u00e9cutive, une diminution du nombre de cas de Covid-19 (11% par rapport \u00e0 la semaine pr\u00e9c\u00e9dente), \u00abneuf des 23 pays confront\u00e9s \u00e0 une r\u00e9surgence se trouvent en Afrique de l\u2019Ouest\u00bb. Parmi eux, elle cite la C\u00f4te d\u2019Ivoire, la Guin\u00e9e et le Nig\u00e9ria.<\/p>\n<p><b>Covid, Ebola et Marburg<\/b><\/p>\n<p>L\u2019OMS se dit \u00abparticuli\u00e8rement pr\u00e9occup\u00e9e\u00bb, surtout que dans deux de ces pays (la Guin\u00e9e et la C\u00f4te d\u2019Ivoire), il y a eu ces derni\u00e8res semaines une flamb\u00e9e de deux autres virus hautement contagieux et mortels.<\/p>\n<p>Il s\u2019agit du virus d&rsquo;Ebola pour la C\u00f4te d\u2019Ivoire, o\u00f9 un cas a \u00e9t\u00e9 confirm\u00e9. 131 contacts ont \u00e9t\u00e9 r\u00e9pertori\u00e9s, parmi lesquels six ont \u00e9t\u00e9 mis en quarantaine car pr\u00e9sentant un risque \u00e9lev\u00e9. Une campagne de vaccination a \u00e9t\u00e9 lanc\u00e9e par les autorit\u00e9s pour stopper la cha\u00eene de transmission.<\/p>\n<p>En Guin\u00e9e, c\u2019est le virus de Marburg qui a \u00e9t\u00e9 recens\u00e9 le 09 ao\u00fbt. Actuellement, 172 cas contacts sont sous surveillance. Aucune autre contamination n\u2019a \u00e9t\u00e9 signal\u00e9e \u00e0 ce jour. Aussi bien pour Ebola que pour Marburg, l&rsquo;heure est \u00e0 la vigilance pour les autres pays de la r\u00e9gion.<\/p>\n<p><b>\u00abCombattre simultan\u00e9ment plusieurs \u00e9pid\u00e9mies est un d\u00e9fi complexe\u00bb<\/b><\/p>\n<p>, a indiqu\u00e9 Matshidiso Moeti, Directrice r\u00e9gionale de l\u2019OMS pour l\u2019Afrique, cit\u00e9e dans le communiqu\u00e9 de jeudi.<\/p>\n<p><b>Faible couverture vaccinale<\/b><\/p>\n<p>L\u2019OMS rappelle qu\u2019environ 29 millions de doses de vaccins ont \u00e9t\u00e9 convoy\u00e9es dans la sous-r\u00e9gion ouest-africaine pour les campagnes de vaccination. \u00abSoit presque autant que dans la zone Afrique de l\u2019Est et australe\u00bb.<\/p>\n<p>Cependant, \u00able rythme de d\u00e9ploiement du vaccin a \u00e9t\u00e9 faible. \u00c0 peine 38 % des doses ont \u00e9t\u00e9 administr\u00e9es, contre 76 % en Afrique de l\u2019Est et australe, et 95 % en Afrique du Nord\u00bb. Soit un taux de 2,4 doses de vaccin pour 100 personnes.<\/p>\n<p>Ce taux tr\u00e8s faible peut justement \u00eatre l\u2019une des causes de l\u2019augmentation des cas et des d\u00e9c\u00e8s dans la sous-r\u00e9gion ouest-africaine, surtout \u00abavec la circulation tr\u00e8s probable du variant Delta partout\u00bb d\u2019apr\u00e8s Didier Ekou\u00e9vi, \u00e9pid\u00e9miologiste et enseignant chercheur \u00e0 l\u2019universit\u00e9 de Lom\u00e9, pr\u00e9sident du Conseil scientifique de lutte contre le Covid-19 au Togo.<\/p>\n<p><b>\u00abIl y a effectivement beaucoup de d\u00e9c\u00e8s, mais la couverture vaccinale reste tr\u00e8s faible, environ 2 \u00e0 3%. Ce taux de couverture ne permet pas de prot\u00e9ger suffisamment la population. Et tout naturellement, le virus continue de circuler\u00bb, affirme-t-il.<\/b><\/p>\n<p>Pour lui, il faut n\u00e9cessairement rendre disponible un nombre maximum de vaccins dans les diff\u00e9rents pays de la r\u00e9gion et poursuivre la sensibilisation pour convaincre la population \u00abde la n\u00e9cessit\u00e9 de se faire vacciner et renforcer tr\u00e8s rapidement la couverture vaccinale de la sous-r\u00e9gion\u00bb.<\/p>\n<p><b>\u00abC\u2019est la seule arme que nous avons actuellement pour pouvoir lutter contre ce coronavirus\u00bb<\/b><\/p>\n<p>, a ajout\u00e9 Didier Ekou\u00e9vi.<\/p>\n<p><b>Rel\u00e2chement des gestes barri\u00e8res<\/b><\/p>\n<p>L\u2019universitaire togolais pense aussi que l\u2019explosion du taux de d\u00e9c\u00e8s ces derni\u00e8res semaines en Afrique de l\u2019Ouest peut aussi \u00eatre due \u00e0 une certaine lassitude de la population \u00e0 appliquer les gestes barri\u00e8res (se laver r\u00e9guli\u00e8rement les mains, porter des masques de protection, respecter la distanciation sociale, etc.).<\/p>\n<p><b>\u00abJe pense aussi que la population ouest-africaine est fatigu\u00e9e par les diff\u00e9rentes mesures de protection que nous appelons les gestes barri\u00e8res. Par exemple dans toutes les grandes villes de l\u2019Afrique francophone, on constate globalement qu\u2019il y a un total rel\u00e2chement de ces gestes barri\u00e8res\u00bb<\/b><\/p>\n<p>, affirme-t-il.<\/p>\n<p>Il lance un appel aux leaders d\u2019opinions \u00e0 renforcer la sensibilisation \u00e0 ce niveau aussi pour amener les populations \u00ab\u00e0 int\u00e9grer dans leur t\u00eate qu\u2019il faut continuer \u00e0 respecter les gestes barri\u00e8res tant que le virus continue de circuler\u00bb.<\/p>\n","protected":false},"excerpt":{"rendered":"<p>Africa-Press &#8211; Niger. L\u2019Afrique de l\u2019Ouest est confront\u00e9e \u00e0 des contaminations et \u00e0 un taux de d\u00e9c\u00e8s des suites du Covid-19 en forte en hausse. L\u2019OMS s\u2019inqui\u00e8te et appelle \u00e0 la vigilance. La situation pourrait se justifier par le faible taux de vaccination et la lassitude des populations quant aux gestes barri\u00e8res, explique un \u00e9pid\u00e9miologiste [&hellip;]<\/p>\n","protected":false},"author":82,"featured_media":10529,"comment_status":"open","ping_status":"closed","sticky":false,"template":"","format":"standard","meta":{"footnotes":""},"categories":[22,11,10],"tags":[55,60,29],"class_list":["post-10530","post","type-post","status-publish","format-standard","has-post-thumbnail","hentry","category-divers","category-homepage-french","category-toutes-les-actualites","tag-africa-press","tag-africa-press-niger","tag-niger"],"yoast_head":"<!-- This site is optimized with the Yoast SEO Premium plugin v26.1 (Yoast SEO v27.0) - https:\/\/yoast.com\/product\/yoast-seo-premium-wordpress\/ -->\n<title>L&#039;Afrique de l&#039;Ouest face \u00e0 un record de d\u00e9c\u00e8s dus au Covid-19 - niger<\/title>\n<meta name=\"description\" content=\"L\u2019Afrique de l\u2019Ouest est confront\u00e9e \u00e0 des contaminations et \u00e0 un taux de d\u00e9c\u00e8s des suites du Covid-19 en forte en hausse ...\" \/>\n<meta name=\"robots\" content=\"index, follow, max-snippet:-1, max-image-preview:large, max-video-preview:-1\" \/>\n<link rel=\"canonical\" href=\"https:\/\/www.africa-press.net\/niger\/toutes-les-actualites\/lafrique-de-louest-face-a-un-record-de-deces-dus-au-covid-19\" \/>\n<meta property=\"og:locale\" content=\"fr_FR\" \/>\n<meta property=\"og:type\" content=\"article\" \/>\n<meta property=\"og:title\" content=\"L&#039;Afrique de l&#039;Ouest face \u00e0 un record de d\u00e9c\u00e8s dus au Covid-19\" \/>\n<meta property=\"og:description\" content=\"L\u2019Afrique de l\u2019Ouest est confront\u00e9e \u00e0 des contaminations et \u00e0 un taux de d\u00e9c\u00e8s des suites du Covid-19 en forte en hausse ...\" \/>\n<meta property=\"og:url\" content=\"https:\/\/www.africa-press.net\/niger\/toutes-les-actualites\/lafrique-de-louest-face-a-un-record-de-deces-dus-au-covid-19\" \/>\n<meta property=\"og:site_name\" content=\"niger\" \/>\n<meta property=\"article:published_time\" content=\"2021-08-22T16:16:07+00:00\" \/>\n<meta property=\"article:modified_time\" content=\"2021-08-22T20:43:25+00:00\" \/>\n<meta property=\"og:image\" content=\"https:\/\/static.africa-press.net\/niger\/sites\/40\/2021\/08\/img-6122770c080fe.jpg\" \/>\n\t<meta property=\"og:image:width\" content=\"720\" \/>\n\t<meta property=\"og:image:height\" content=\"382\" \/>\n\t<meta property=\"og:image:type\" content=\"image\/jpeg\" \/>\n<meta name=\"author\" content=\"cfeditorfr\" \/>\n<meta name=\"twitter:card\" content=\"summary_large_image\" \/>\n<meta name=\"twitter:label1\" content=\"\u00c9crit par\" \/>\n\t<meta name=\"twitter:data1\" content=\"cfeditorfr\" \/>\n\t<meta name=\"twitter:label2\" content=\"Dur\u00e9e de lecture estim\u00e9e\" \/>\n\t<meta name=\"twitter:data2\" content=\"4 minutes\" \/>\n<script type=\"application\/ld+json\" class=\"yoast-schema-graph\">{\"@context\":\"https:\/\/schema.org\",\"@graph\":[{\"@type\":\"Article\",\"@id\":\"https:\/\/www.africa-press.net\/niger\/toutes-les-actualites\/lafrique-de-louest-face-a-un-record-de-deces-dus-au-covid-19#article\",\"isPartOf\":{\"@id\":\"https:\/\/www.africa-press.net\/niger\/toutes-les-actualites\/lafrique-de-louest-face-a-un-record-de-deces-dus-au-covid-19\"},\"author\":{\"name\":\"cfeditorfr\",\"@id\":\"https:\/\/www.africa-press.net\/niger\/#\/schema\/person\/2b1cf3cd81a31e3cd26889ca66d677f1\"},\"headline\":\"L&rsquo;Afrique de l&rsquo;Ouest face \u00e0 un record de d\u00e9c\u00e8s dus au Covid-19\",\"datePublished\":\"2021-08-22T16:16:07+00:00\",\"dateModified\":\"2021-08-22T20:43:25+00:00\",\"mainEntityOfPage\":{\"@id\":\"https:\/\/www.africa-press.net\/niger\/toutes-les-actualites\/lafrique-de-louest-face-a-un-record-de-deces-dus-au-covid-19\"},\"wordCount\":880,\"commentCount\":0,\"image\":{\"@id\":\"https:\/\/www.africa-press.net\/niger\/toutes-les-actualites\/lafrique-de-louest-face-a-un-record-de-deces-dus-au-covid-19#primaryimage\"},\"thumbnailUrl\":\"https:\/\/static.africa-press.net\/niger\/sites\/40\/2021\/08\/img-6122770c080fe.jpg\",\"keywords\":[\"Africa Press\",\"Africa Press-Niger\",\"Niger\"],\"articleSection\":[\"Divers\",\"homepage-french\",\"Toutes les actualit\u00e9s\"],\"inLanguage\":\"fr-FR\",\"potentialAction\":[{\"@type\":\"CommentAction\",\"name\":\"Comment\",\"target\":[\"https:\/\/www.africa-press.net\/niger\/toutes-les-actualites\/lafrique-de-louest-face-a-un-record-de-deces-dus-au-covid-19#respond\"]}]},{\"@type\":\"WebPage\",\"@id\":\"https:\/\/www.africa-press.net\/niger\/toutes-les-actualites\/lafrique-de-louest-face-a-un-record-de-deces-dus-au-covid-19\",\"url\":\"https:\/\/www.africa-press.net\/niger\/toutes-les-actualites\/lafrique-de-louest-face-a-un-record-de-deces-dus-au-covid-19\",\"name\":\"L'Afrique de l'Ouest face \u00e0 un record de d\u00e9c\u00e8s dus au Covid-19 - niger\",\"isPartOf\":{\"@id\":\"https:\/\/www.africa-press.net\/niger\/#website\"},\"primaryImageOfPage\":{\"@id\":\"https:\/\/www.africa-press.net\/niger\/toutes-les-actualites\/lafrique-de-louest-face-a-un-record-de-deces-dus-au-covid-19#primaryimage\"},\"image\":{\"@id\":\"https:\/\/www.africa-press.net\/niger\/toutes-les-actualites\/lafrique-de-louest-face-a-un-record-de-deces-dus-au-covid-19#primaryimage\"},\"thumbnailUrl\":\"https:\/\/static.africa-press.net\/niger\/sites\/40\/2021\/08\/img-6122770c080fe.jpg\",\"datePublished\":\"2021-08-22T16:16:07+00:00\",\"dateModified\":\"2021-08-22T20:43:25+00:00\",\"author\":{\"@id\":\"https:\/\/www.africa-press.net\/niger\/#\/schema\/person\/2b1cf3cd81a31e3cd26889ca66d677f1\"},\"description\":\"L\u2019Afrique de l\u2019Ouest est confront\u00e9e \u00e0 des contaminations et \u00e0 un taux de d\u00e9c\u00e8s des suites du Covid-19 en forte en hausse ...\",\"breadcrumb\":{\"@id\":\"https:\/\/www.africa-press.net\/niger\/toutes-les-actualites\/lafrique-de-louest-face-a-un-record-de-deces-dus-au-covid-19#breadcrumb\"},\"inLanguage\":\"fr-FR\",\"potentialAction\":[{\"@type\":\"ReadAction\",\"target\":[\"https:\/\/www.africa-press.net\/niger\/toutes-les-actualites\/lafrique-de-louest-face-a-un-record-de-deces-dus-au-covid-19\"]}]},{\"@type\":\"ImageObject\",\"inLanguage\":\"fr-FR\",\"@id\":\"https:\/\/www.africa-press.net\/niger\/toutes-les-actualites\/lafrique-de-louest-face-a-un-record-de-deces-dus-au-covid-19#primaryimage\",\"url\":\"https:\/\/static.africa-press.net\/niger\/sites\/40\/2021\/08\/img-6122770c080fe.jpg\",\"contentUrl\":\"https:\/\/static.africa-press.net\/niger\/sites\/40\/2021\/08\/img-6122770c080fe.jpg\",\"width\":720,\"height\":382,\"caption\":\"L'Afrique de l'Ouest face \u00e0 un record de d\u00e9c\u00e8s dus au Covid-19\"},{\"@type\":\"BreadcrumbList\",\"@id\":\"https:\/\/www.africa-press.net\/niger\/toutes-les-actualites\/lafrique-de-louest-face-a-un-record-de-deces-dus-au-covid-19#breadcrumb\",\"itemListElement\":[{\"@type\":\"ListItem\",\"position\":1,\"name\":\"Accueil\",\"item\":\"https:\/\/www.africa-press.net\/niger\/\"},{\"@type\":\"ListItem\",\"position\":2,\"name\":\"L&#8217;Afrique de l&#8217;Ouest face \u00e0 un record de d\u00e9c\u00e8s dus au Covid-19\"}]},{\"@type\":\"WebSite\",\"@id\":\"https:\/\/www.africa-press.net\/niger\/#website\",\"url\":\"https:\/\/www.africa-press.net\/niger\/\",\"name\":\"niger\",\"description\":\"Just another Africa News Agency Sites site\",\"potentialAction\":[{\"@type\":\"SearchAction\",\"target\":{\"@type\":\"EntryPoint\",\"urlTemplate\":\"https:\/\/www.africa-press.net\/niger\/?s={search_term_string}\"},\"query-input\":{\"@type\":\"PropertyValueSpecification\",\"valueRequired\":true,\"valueName\":\"search_term_string\"}}],\"inLanguage\":\"fr-FR\"},{\"@type\":\"Person\",\"@id\":\"https:\/\/www.africa-press.net\/niger\/#\/schema\/person\/2b1cf3cd81a31e3cd26889ca66d677f1\",\"name\":\"cfeditorfr\"}]}<\/script>\n<!-- \/ Yoast SEO Premium plugin. -->","yoast_head_json":{"title":"L'Afrique de l'Ouest face \u00e0 un record de d\u00e9c\u00e8s dus au Covid-19 - niger","description":"L\u2019Afrique de l\u2019Ouest est confront\u00e9e \u00e0 des contaminations et \u00e0 un taux de d\u00e9c\u00e8s des suites du Covid-19 en forte en hausse ...","robots":{"index":"index","follow":"follow","max-snippet":"max-snippet:-1","max-image-preview":"max-image-preview:large","max-video-preview":"max-video-preview:-1"},"canonical":"https:\/\/www.africa-press.net\/niger\/toutes-les-actualites\/lafrique-de-louest-face-a-un-record-de-deces-dus-au-covid-19","og_locale":"fr_FR","og_type":"article","og_title":"L'Afrique de l'Ouest face \u00e0 un record de d\u00e9c\u00e8s dus au Covid-19","og_description":"L\u2019Afrique de l\u2019Ouest est confront\u00e9e \u00e0 des contaminations et \u00e0 un taux de d\u00e9c\u00e8s des suites du Covid-19 en forte en hausse ...","og_url":"https:\/\/www.africa-press.net\/niger\/toutes-les-actualites\/lafrique-de-louest-face-a-un-record-de-deces-dus-au-covid-19","og_site_name":"niger","article_published_time":"2021-08-22T16:16:07+00:00","article_modified_time":"2021-08-22T20:43:25+00:00","og_image":[{"width":720,"height":382,"url":"https:\/\/static.africa-press.net\/niger\/sites\/40\/2021\/08\/img-6122770c080fe.jpg","type":"image\/jpeg"}],"author":"cfeditorfr","twitter_card":"summary_large_image","twitter_misc":{"\u00c9crit par":"cfeditorfr","Dur\u00e9e de lecture estim\u00e9e":"4 minutes"},"schema":{"@context":"https:\/\/schema.org","@graph":[{"@type":"Article","@id":"https:\/\/www.africa-press.net\/niger\/toutes-les-actualites\/lafrique-de-louest-face-a-un-record-de-deces-dus-au-covid-19#article","isPartOf":{"@id":"https:\/\/www.africa-press.net\/niger\/toutes-les-actualites\/lafrique-de-louest-face-a-un-record-de-deces-dus-au-covid-19"},"author":{"name":"cfeditorfr","@id":"https:\/\/www.africa-press.net\/niger\/#\/schema\/person\/2b1cf3cd81a31e3cd26889ca66d677f1"},"headline":"L&rsquo;Afrique de l&rsquo;Ouest face \u00e0 un record de d\u00e9c\u00e8s dus au Covid-19","datePublished":"2021-08-22T16:16:07+00:00","dateModified":"2021-08-22T20:43:25+00:00","mainEntityOfPage":{"@id":"https:\/\/www.africa-press.net\/niger\/toutes-les-actualites\/lafrique-de-louest-face-a-un-record-de-deces-dus-au-covid-19"},"wordCount":880,"commentCount":0,"image":{"@id":"https:\/\/www.africa-press.net\/niger\/toutes-les-actualites\/lafrique-de-louest-face-a-un-record-de-deces-dus-au-covid-19#primaryimage"},"thumbnailUrl":"https:\/\/static.africa-press.net\/niger\/sites\/40\/2021\/08\/img-6122770c080fe.jpg","keywords":["Africa Press","Africa Press-Niger","Niger"],"articleSection":["Divers","homepage-french","Toutes les actualit\u00e9s"],"inLanguage":"fr-FR","potentialAction":[{"@type":"CommentAction","name":"Comment","target":["https:\/\/www.africa-press.net\/niger\/toutes-les-actualites\/lafrique-de-louest-face-a-un-record-de-deces-dus-au-covid-19#respond"]}]},{"@type":"WebPage","@id":"https:\/\/www.africa-press.net\/niger\/toutes-les-actualites\/lafrique-de-louest-face-a-un-record-de-deces-dus-au-covid-19","url":"https:\/\/www.africa-press.net\/niger\/toutes-les-actualites\/lafrique-de-louest-face-a-un-record-de-deces-dus-au-covid-19","name":"L'Afrique de l'Ouest face \u00e0 un record de d\u00e9c\u00e8s dus au Covid-19 - niger","isPartOf":{"@id":"https:\/\/www.africa-press.net\/niger\/#website"},"primaryImageOfPage":{"@id":"https:\/\/www.africa-press.net\/niger\/toutes-les-actualites\/lafrique-de-louest-face-a-un-record-de-deces-dus-au-covid-19#primaryimage"},"image":{"@id":"https:\/\/www.africa-press.net\/niger\/toutes-les-actualites\/lafrique-de-louest-face-a-un-record-de-deces-dus-au-covid-19#primaryimage"},"thumbnailUrl":"https:\/\/static.africa-press.net\/niger\/sites\/40\/2021\/08\/img-6122770c080fe.jpg","datePublished":"2021-08-22T16:16:07+00:00","dateModified":"2021-08-22T20:43:25+00:00","author":{"@id":"https:\/\/www.africa-press.net\/niger\/#\/schema\/person\/2b1cf3cd81a31e3cd26889ca66d677f1"},"description":"L\u2019Afrique de l\u2019Ouest est confront\u00e9e \u00e0 des contaminations et \u00e0 un taux de d\u00e9c\u00e8s des suites du Covid-19 en forte en hausse ...","breadcrumb":{"@id":"https:\/\/www.africa-press.net\/niger\/toutes-les-actualites\/lafrique-de-louest-face-a-un-record-de-deces-dus-au-covid-19#breadcrumb"},"inLanguage":"fr-FR","potentialAction":[{"@type":"ReadAction","target":["https:\/\/www.africa-press.net\/niger\/toutes-les-actualites\/lafrique-de-louest-face-a-un-record-de-deces-dus-au-covid-19"]}]},{"@type":"ImageObject","inLanguage":"fr-FR","@id":"https:\/\/www.africa-press.net\/niger\/toutes-les-actualites\/lafrique-de-louest-face-a-un-record-de-deces-dus-au-covid-19#primaryimage","url":"https:\/\/static.africa-press.net\/niger\/sites\/40\/2021\/08\/img-6122770c080fe.jpg","contentUrl":"https:\/\/static.africa-press.net\/niger\/sites\/40\/2021\/08\/img-6122770c080fe.jpg","width":720,"height":382,"caption":"L'Afrique de l'Ouest face \u00e0 un record de d\u00e9c\u00e8s dus au Covid-19"},{"@type":"BreadcrumbList","@id":"https:\/\/www.africa-press.net\/niger\/toutes-les-actualites\/lafrique-de-louest-face-a-un-record-de-deces-dus-au-covid-19#breadcrumb","itemListElement":[{"@type":"ListItem","position":1,"name":"Accueil","item":"https:\/\/www.africa-press.net\/niger\/"},{"@type":"ListItem","position":2,"name":"L&#8217;Afrique de l&#8217;Ouest face \u00e0 un record de d\u00e9c\u00e8s dus au Covid-19"}]},{"@type":"WebSite","@id":"https:\/\/www.africa-press.net\/niger\/#website","url":"https:\/\/www.africa-press.net\/niger\/","name":"niger","description":"Just another Africa News Agency Sites site","potentialAction":[{"@type":"SearchAction","target":{"@type":"EntryPoint","urlTemplate":"https:\/\/www.africa-press.net\/niger\/?s={search_term_string}"},"query-input":{"@type":"PropertyValueSpecification","valueRequired":true,"valueName":"search_term_string"}}],"inLanguage":"fr-FR"},{"@type":"Person","@id":"https:\/\/www.africa-press.net\/niger\/#\/schema\/person\/2b1cf3cd81a31e3cd26889ca66d677f1","name":"cfeditorfr"}]}},"_links":{"self":[{"href":"https:\/\/www.africa-press.net\/niger\/wp-json\/wp\/v2\/posts\/10530","targetHints":{"allow":["GET"]}}],"collection":[{"href":"https:\/\/www.africa-press.net\/niger\/wp-json\/wp\/v2\/posts"}],"about":[{"href":"https:\/\/www.africa-press.net\/niger\/wp-json\/wp\/v2\/types\/post"}],"author":[{"embeddable":true,"href":"https:\/\/www.africa-press.net\/niger\/wp-json\/wp\/v2\/users\/82"}],"replies":[{"embeddable":true,"href":"https:\/\/www.africa-press.net\/niger\/wp-json\/wp\/v2\/comments?post=10530"}],"version-history":[{"count":0,"href":"https:\/\/www.africa-press.net\/niger\/wp-json\/wp\/v2\/posts\/10530\/revisions"}],"wp:featuredmedia":[{"embeddable":true,"href":"https:\/\/www.africa-press.net\/niger\/wp-json\/wp\/v2\/media\/10529"}],"wp:attachment":[{"href":"https:\/\/www.africa-press.net\/niger\/wp-json\/wp\/v2\/media?parent=10530"}],"wp:term":[{"taxonomy":"category","embeddable":true,"href":"https:\/\/www.africa-press.net\/niger\/wp-json\/wp\/v2\/categories?post=10530"},{"taxonomy":"post_tag","embeddable":true,"href":"https:\/\/www.africa-press.net\/niger\/wp-json\/wp\/v2\/tags?post=10530"}],"curies":[{"name":"wp","href":"https:\/\/api.w.org\/{rel}","templated":true}]}}