{"id":10536,"date":"2021-08-22T16:32:42","date_gmt":"2021-08-22T16:32:42","guid":{"rendered":"https:\/\/www.africa-press.net\/niger\/?p=10536"},"modified":"2021-08-22T20:43:56","modified_gmt":"2021-08-22T20:43:56","slug":"tribune-au-sahel-la-guerre-confisque-tout-espoir-a-la-population","status":"publish","type":"post","link":"https:\/\/www.africa-press.net\/niger\/dossiers\/tribune-au-sahel-la-guerre-confisque-tout-espoir-a-la-population","title":{"rendered":"[Tribune] Au Sahel, la guerre confisque tout espoir \u00e0 la population\u00a0"},"content":{"rendered":"<p><span style=\"color: #ff6600\"><strong><a href=\"https:\/\/www.africa-press.net\/\">Africa-Press<\/a> &#8211; <a href=\"https:\/\/www.africa-press.net\/niger\">Niger<\/a>. <\/strong><\/span>Le 13 ao\u00fbt, 37 personnes, dont 13 enfants, ont \u00e9t\u00e9 tu\u00e9es par des hommes arm\u00e9s dans la r\u00e9gion du Tillab\u00e9ri, au Niger, pr\u00e8s de la fronti\u00e8re malienne. Une \u00e9ni\u00e8me illustration des violences sans fin, qui infligent d\u2019immenses souffrances aux populations.<\/p>\n<p>Adja avait 13 ans lorsque des hommes arm\u00e9s ont surgi dans son village et ouvert le feu au hasard sur les habitants avant de repartir. Les assaillants la croyant morte, elle a eu \u00ab la chance \u00bb de survivre.<\/p>\n<p>Elle a d\u00fb \u00eatre op\u00e9r\u00e9e en urgence par mes coll\u00e8gues, \u00e0 l\u2019h\u00f4pital de Mopti, au Mali. Au bout de trois mois de convalescence, elle a pu quitter l\u2019h\u00f4pital pour \u00eatre recueillie par une famille de son village qui avait surv\u00e9cu \u00e0 l\u2019attaque. Mais, d\u00e9sormais, elle est handicap\u00e9e et d\u00e9scolaris\u00e9e parce qu\u2019elle ne peut plus marcher sur de longues distances et rejoindre l\u2019\u00e9cole. Aujourd\u2019hui \u00e2g\u00e9e de 15 ans, Adja ne peut plus puiser de l\u2019eau au puits, porter un seau sur la t\u00eate ou piler des c\u00e9r\u00e9ales. Sa vie s\u2019est en quelque sorte fig\u00e9e.<\/p>\n<p>L\u2019histoire d\u2019Adja n\u2019est malheureusement pas singuli\u00e8re au Sahel. Les populations vivent au rythme d\u2019attaques aveugles et d\u2019intenses op\u00e9rations militaires sur fond d\u2019impasse politique, de crise \u00e9conomique et de choc climatique. Cette situation provoque la recrudescence des conflits et des activit\u00e9s criminelles, exacerbe les tensions intercommunautaires et aggrave le dysfonctionnement des services publics.<\/p>\n<p><b>Vies boulevers\u00e9es<\/b><\/p>\n<p>Ces derniers mois, la situation a \u00e9t\u00e9 particuli\u00e8rement dramatique dans la r\u00e9gion du Liptako Gourma, \u00e0 cheval sur les fronti\u00e8res du Burkina Faso, du Mali et du Niger. Le niveau de violence y a franchi un cran, augmentant les souffrances d\u2019une population d\u00e9j\u00e0 tr\u00e8s vuln\u00e9rable. Dans ces trois pays, des centaines de morts et de bless\u00e9s, hommes, femmes et enfants, sont \u00e0 d\u00e9plorer depuis le d\u00e9but de l\u2019ann\u00e9e.<\/p>\n<p>M\u00eame les structures m\u00e9dicales ne sont plus des sanctuaires. \u00bb Sur les axes routiers, de plus en plus de v\u00e9hicules civils et d\u2019ambulances sautent sur des engins explosifs improvis\u00e9s. En 2020, rien qu\u2019au Mali, nos \u00e9quipes du Comit\u00e9 international de la Croix-Rouge (CICR) ont subi au moins 39 incidents de cette nature, qui ont fait 224 victimes civiles (61 morts et 163 bless\u00e9s).<\/p>\n<p>Les structures m\u00e9dicales ne sont pas davantage \u00e9pargn\u00e9es. Elles ne sont plus des sanctuaires : les attaques contre le personnel m\u00e9dical, les vols d\u2019ambulances et de m\u00e9dicaments privent des milliers de personnes d\u2019acc\u00e8s aux soins vitaux.<\/p>\n<p>Chacun de ces chiffres froids masquent des vies boulevers\u00e9es. Pour juguler l\u2019ins\u00e9curit\u00e9, les \u00c9tats ont renforc\u00e9 leurs arm\u00e9es, parfois en recrutant des auxiliaires parmi les civils. Parall\u00e8lement, des citoyens s\u2019organisent en milices d\u2019autod\u00e9fense. Mais \u00e0 quel prix ? Ces citoyens perdent la protection conf\u00e9r\u00e9e aux civils d\u00e8s lors qu\u2019ils participent aux combats.<\/p>\n<p>L\u2019ethnicisation de la violence constitue un r\u00e9el danger pour la r\u00e9gion. \u00bb En outre, le d\u00e9veloppement de ces milices pourrait se r\u00e9v\u00e9ler contre-productif, puisqu\u2019il est susceptible de favoriser la prolif\u00e9ration des armes et d\u2019aviver les tensions entre les communaut\u00e9s. L\u2019 \u00bbethnicisation \u00bb de la violence constitue un r\u00e9el danger pour la r\u00e9gion.<\/p>\n<p><b>Quel espoir d\u2019avenir ?<\/b><\/p>\n<p>Nous nous effor\u00e7ons d\u2019engager un dialogue continu et constructif avec les hommes en armes et les cercles d\u2019influence, afin de faire en sorte que, dans la conduite des hostilit\u00e9s, les principes et les normes du droit international humanitaire soient appliqu\u00e9s, en particulier la protection des civils, des bless\u00e9s, des malades et des personnes captur\u00e9es, d\u00e9tenues ou disparues.<\/p>\n<p>Ce dialogue avec toutes les parties en pr\u00e9sence est un imp\u00e9ratif humanitaire s\u2019il l\u2019on veut fournir une aide minimum vitale, car nous estimons que plus de 1,5 million de personnes vivent dans des zones o\u00f9 l\u2019acc\u00e8s \u00e0 l\u2019aide humanitaire et aux services de base sont en p\u00e9ril.<\/p>\n<p>Plus de 2 millions d\u2019autres ont d\u00fb quitter leur foyer en raison des violences. Confront\u00e9s \u00e0 des difficult\u00e9s d\u2019acc\u00e8s aux services sociaux de base, beaucoup n\u2019ont d\u2019autre choix que se rapprocher des zones urbaines, esp\u00e9rant trouver un peu de s\u00e9curit\u00e9 et des chances de survie.<\/p>\n<p>Avec la pression d\u00e9mographique, l\u2019acc\u00e8s aux ressources naturelles et aux services publics \u2013 y compris les h\u00f4pitaux, les \u00e9coles, les sources d\u2019eau et les terres arables \u2013 devient de plus en plus compliqu\u00e9 dans un environnement d\u00e9j\u00e0 fragilis\u00e9 par le changement climatique.<\/p>\n<p>Alors quel espoir d\u2019avenir pour Adja et les millions d\u2019autres civils au Sahel ? La r\u00e9ponse s\u00e9curitaire ne peut se suffire \u00e0 elle-m\u00eame. L\u2019entreprise la plus difficile consiste \u00e0 prot\u00e9ger les populations civiles tout en cherchant un consensus politique en vue de renforcer le d\u00e9veloppement \u00e9conomique et social, c\u2019est-\u00e0-dire investir dans l\u2019humain.<\/p>\n","protected":false},"excerpt":{"rendered":"<p>Africa-Press &#8211; Niger. Le 13 ao\u00fbt, 37 personnes, dont 13 enfants, ont \u00e9t\u00e9 tu\u00e9es par des hommes arm\u00e9s dans la r\u00e9gion du Tillab\u00e9ri, au Niger, pr\u00e8s de la fronti\u00e8re malienne. Une \u00e9ni\u00e8me illustration des violences sans fin, qui infligent d\u2019immenses souffrances aux populations. Adja avait 13 ans lorsque des hommes arm\u00e9s ont surgi dans son [&hellip;]<\/p>\n","protected":false},"author":82,"featured_media":10535,"comment_status":"open","ping_status":"closed","sticky":false,"template":"","format":"standard","meta":{"footnotes":""},"categories":[7,11,20,10],"tags":[55,60,29],"class_list":["post-10536","post","type-post","status-publish","format-standard","has-post-thumbnail","hentry","category-dossiers","category-homepage-french","category-top-nouvelles","category-toutes-les-actualites","tag-africa-press","tag-africa-press-niger","tag-niger"],"yoast_head":"<!-- This site is optimized with the Yoast SEO Premium plugin v26.1 (Yoast SEO v27.0) - https:\/\/yoast.com\/product\/yoast-seo-premium-wordpress\/ -->\n<title>[Tribune] Au Sahel, la guerre confisque tout espoir \u00e0 la population\u00a0 - niger<\/title>\n<meta name=\"description\" content=\"Le 13 ao\u00fbt, 37 personnes, dont 13 enfants, ont \u00e9t\u00e9 tu\u00e9es par des hommes arm\u00e9s dans la r\u00e9gion du Tillab\u00e9ri, au Niger, pr\u00e8 ...\" \/>\n<meta name=\"robots\" content=\"index, follow, max-snippet:-1, max-image-preview:large, max-video-preview:-1\" \/>\n<link rel=\"canonical\" href=\"https:\/\/www.africa-press.net\/niger\/dossiers\/tribune-au-sahel-la-guerre-confisque-tout-espoir-a-la-population\" \/>\n<meta property=\"og:locale\" content=\"fr_FR\" \/>\n<meta property=\"og:type\" content=\"article\" \/>\n<meta property=\"og:title\" content=\"[Tribune] Au Sahel, la guerre confisque tout espoir \u00e0 la population\u00a0\" \/>\n<meta property=\"og:description\" content=\"Le 13 ao\u00fbt, 37 personnes, dont 13 enfants, ont \u00e9t\u00e9 tu\u00e9es par des hommes arm\u00e9s dans la r\u00e9gion du Tillab\u00e9ri, au Niger, pr\u00e8 ...\" \/>\n<meta property=\"og:url\" content=\"https:\/\/www.africa-press.net\/niger\/dossiers\/tribune-au-sahel-la-guerre-confisque-tout-espoir-a-la-population\" \/>\n<meta property=\"og:site_name\" content=\"niger\" \/>\n<meta property=\"article:published_time\" content=\"2021-08-22T16:32:42+00:00\" \/>\n<meta property=\"article:modified_time\" content=\"2021-08-22T20:43:56+00:00\" \/>\n<meta property=\"og:image\" content=\"https:\/\/static.africa-press.net\/niger\/sites\/40\/2021\/08\/img-612277a6b7e97.jpg\" \/>\n\t<meta property=\"og:image:width\" content=\"720\" \/>\n\t<meta property=\"og:image:height\" content=\"360\" \/>\n\t<meta property=\"og:image:type\" content=\"image\/jpeg\" \/>\n<meta name=\"author\" content=\"cfeditorfr\" \/>\n<meta name=\"twitter:card\" content=\"summary_large_image\" \/>\n<meta name=\"twitter:label1\" content=\"\u00c9crit par\" \/>\n\t<meta name=\"twitter:data1\" content=\"cfeditorfr\" \/>\n\t<meta name=\"twitter:label2\" content=\"Dur\u00e9e de lecture estim\u00e9e\" \/>\n\t<meta name=\"twitter:data2\" content=\"4 minutes\" \/>\n<script type=\"application\/ld+json\" class=\"yoast-schema-graph\">{\"@context\":\"https:\/\/schema.org\",\"@graph\":[{\"@type\":\"Article\",\"@id\":\"https:\/\/www.africa-press.net\/niger\/dossiers\/tribune-au-sahel-la-guerre-confisque-tout-espoir-a-la-population#article\",\"isPartOf\":{\"@id\":\"https:\/\/www.africa-press.net\/niger\/dossiers\/tribune-au-sahel-la-guerre-confisque-tout-espoir-a-la-population\"},\"author\":{\"name\":\"cfeditorfr\",\"@id\":\"https:\/\/www.africa-press.net\/niger\/#\/schema\/person\/2b1cf3cd81a31e3cd26889ca66d677f1\"},\"headline\":\"[Tribune] Au Sahel, la guerre confisque tout espoir \u00e0 la population\u00a0\",\"datePublished\":\"2021-08-22T16:32:42+00:00\",\"dateModified\":\"2021-08-22T20:43:56+00:00\",\"mainEntityOfPage\":{\"@id\":\"https:\/\/www.africa-press.net\/niger\/dossiers\/tribune-au-sahel-la-guerre-confisque-tout-espoir-a-la-population\"},\"wordCount\":861,\"commentCount\":0,\"image\":{\"@id\":\"https:\/\/www.africa-press.net\/niger\/dossiers\/tribune-au-sahel-la-guerre-confisque-tout-espoir-a-la-population#primaryimage\"},\"thumbnailUrl\":\"https:\/\/static.africa-press.net\/niger\/sites\/40\/2021\/08\/img-612277a6b7e97.jpg\",\"keywords\":[\"Africa Press\",\"Africa Press-Niger\",\"Niger\"],\"articleSection\":[\"Dossiers\",\"homepage-french\",\"Top Nouvelles\",\"Toutes les actualit\u00e9s\"],\"inLanguage\":\"fr-FR\",\"potentialAction\":[{\"@type\":\"CommentAction\",\"name\":\"Comment\",\"target\":[\"https:\/\/www.africa-press.net\/niger\/dossiers\/tribune-au-sahel-la-guerre-confisque-tout-espoir-a-la-population#respond\"]}]},{\"@type\":\"WebPage\",\"@id\":\"https:\/\/www.africa-press.net\/niger\/dossiers\/tribune-au-sahel-la-guerre-confisque-tout-espoir-a-la-population\",\"url\":\"https:\/\/www.africa-press.net\/niger\/dossiers\/tribune-au-sahel-la-guerre-confisque-tout-espoir-a-la-population\",\"name\":\"[Tribune] Au Sahel, la guerre confisque tout espoir \u00e0 la population\u00a0 - niger\",\"isPartOf\":{\"@id\":\"https:\/\/www.africa-press.net\/niger\/#website\"},\"primaryImageOfPage\":{\"@id\":\"https:\/\/www.africa-press.net\/niger\/dossiers\/tribune-au-sahel-la-guerre-confisque-tout-espoir-a-la-population#primaryimage\"},\"image\":{\"@id\":\"https:\/\/www.africa-press.net\/niger\/dossiers\/tribune-au-sahel-la-guerre-confisque-tout-espoir-a-la-population#primaryimage\"},\"thumbnailUrl\":\"https:\/\/static.africa-press.net\/niger\/sites\/40\/2021\/08\/img-612277a6b7e97.jpg\",\"datePublished\":\"2021-08-22T16:32:42+00:00\",\"dateModified\":\"2021-08-22T20:43:56+00:00\",\"author\":{\"@id\":\"https:\/\/www.africa-press.net\/niger\/#\/schema\/person\/2b1cf3cd81a31e3cd26889ca66d677f1\"},\"description\":\"Le 13 ao\u00fbt, 37 personnes, dont 13 enfants, ont \u00e9t\u00e9 tu\u00e9es par des hommes arm\u00e9s dans la r\u00e9gion du Tillab\u00e9ri, au Niger, pr\u00e8 ...\",\"breadcrumb\":{\"@id\":\"https:\/\/www.africa-press.net\/niger\/dossiers\/tribune-au-sahel-la-guerre-confisque-tout-espoir-a-la-population#breadcrumb\"},\"inLanguage\":\"fr-FR\",\"potentialAction\":[{\"@type\":\"ReadAction\",\"target\":[\"https:\/\/www.africa-press.net\/niger\/dossiers\/tribune-au-sahel-la-guerre-confisque-tout-espoir-a-la-population\"]}]},{\"@type\":\"ImageObject\",\"inLanguage\":\"fr-FR\",\"@id\":\"https:\/\/www.africa-press.net\/niger\/dossiers\/tribune-au-sahel-la-guerre-confisque-tout-espoir-a-la-population#primaryimage\",\"url\":\"https:\/\/static.africa-press.net\/niger\/sites\/40\/2021\/08\/img-612277a6b7e97.jpg\",\"contentUrl\":\"https:\/\/static.africa-press.net\/niger\/sites\/40\/2021\/08\/img-612277a6b7e97.jpg\",\"width\":720,\"height\":360,\"caption\":\"[Tribune] Au Sahel, la guerre confisque tout espoir \u00e0 la population\u00a0\"},{\"@type\":\"BreadcrumbList\",\"@id\":\"https:\/\/www.africa-press.net\/niger\/dossiers\/tribune-au-sahel-la-guerre-confisque-tout-espoir-a-la-population#breadcrumb\",\"itemListElement\":[{\"@type\":\"ListItem\",\"position\":1,\"name\":\"Accueil\",\"item\":\"https:\/\/www.africa-press.net\/niger\/\"},{\"@type\":\"ListItem\",\"position\":2,\"name\":\"[Tribune] Au Sahel, la guerre confisque tout espoir \u00e0 la population\u00a0\"}]},{\"@type\":\"WebSite\",\"@id\":\"https:\/\/www.africa-press.net\/niger\/#website\",\"url\":\"https:\/\/www.africa-press.net\/niger\/\",\"name\":\"niger\",\"description\":\"Just another Africa News Agency Sites site\",\"potentialAction\":[{\"@type\":\"SearchAction\",\"target\":{\"@type\":\"EntryPoint\",\"urlTemplate\":\"https:\/\/www.africa-press.net\/niger\/?s={search_term_string}\"},\"query-input\":{\"@type\":\"PropertyValueSpecification\",\"valueRequired\":true,\"valueName\":\"search_term_string\"}}],\"inLanguage\":\"fr-FR\"},{\"@type\":\"Person\",\"@id\":\"https:\/\/www.africa-press.net\/niger\/#\/schema\/person\/2b1cf3cd81a31e3cd26889ca66d677f1\",\"name\":\"cfeditorfr\"}]}<\/script>\n<!-- \/ Yoast SEO Premium plugin. -->","yoast_head_json":{"title":"[Tribune] Au Sahel, la guerre confisque tout espoir \u00e0 la population\u00a0 - niger","description":"Le 13 ao\u00fbt, 37 personnes, dont 13 enfants, ont \u00e9t\u00e9 tu\u00e9es par des hommes arm\u00e9s dans la r\u00e9gion du Tillab\u00e9ri, au Niger, pr\u00e8 ...","robots":{"index":"index","follow":"follow","max-snippet":"max-snippet:-1","max-image-preview":"max-image-preview:large","max-video-preview":"max-video-preview:-1"},"canonical":"https:\/\/www.africa-press.net\/niger\/dossiers\/tribune-au-sahel-la-guerre-confisque-tout-espoir-a-la-population","og_locale":"fr_FR","og_type":"article","og_title":"[Tribune] Au Sahel, la guerre confisque tout espoir \u00e0 la population\u00a0","og_description":"Le 13 ao\u00fbt, 37 personnes, dont 13 enfants, ont \u00e9t\u00e9 tu\u00e9es par des hommes arm\u00e9s dans la r\u00e9gion du Tillab\u00e9ri, au Niger, pr\u00e8 ...","og_url":"https:\/\/www.africa-press.net\/niger\/dossiers\/tribune-au-sahel-la-guerre-confisque-tout-espoir-a-la-population","og_site_name":"niger","article_published_time":"2021-08-22T16:32:42+00:00","article_modified_time":"2021-08-22T20:43:56+00:00","og_image":[{"width":720,"height":360,"url":"https:\/\/static.africa-press.net\/niger\/sites\/40\/2021\/08\/img-612277a6b7e97.jpg","type":"image\/jpeg"}],"author":"cfeditorfr","twitter_card":"summary_large_image","twitter_misc":{"\u00c9crit par":"cfeditorfr","Dur\u00e9e de lecture estim\u00e9e":"4 minutes"},"schema":{"@context":"https:\/\/schema.org","@graph":[{"@type":"Article","@id":"https:\/\/www.africa-press.net\/niger\/dossiers\/tribune-au-sahel-la-guerre-confisque-tout-espoir-a-la-population#article","isPartOf":{"@id":"https:\/\/www.africa-press.net\/niger\/dossiers\/tribune-au-sahel-la-guerre-confisque-tout-espoir-a-la-population"},"author":{"name":"cfeditorfr","@id":"https:\/\/www.africa-press.net\/niger\/#\/schema\/person\/2b1cf3cd81a31e3cd26889ca66d677f1"},"headline":"[Tribune] Au Sahel, la guerre confisque tout espoir \u00e0 la population\u00a0","datePublished":"2021-08-22T16:32:42+00:00","dateModified":"2021-08-22T20:43:56+00:00","mainEntityOfPage":{"@id":"https:\/\/www.africa-press.net\/niger\/dossiers\/tribune-au-sahel-la-guerre-confisque-tout-espoir-a-la-population"},"wordCount":861,"commentCount":0,"image":{"@id":"https:\/\/www.africa-press.net\/niger\/dossiers\/tribune-au-sahel-la-guerre-confisque-tout-espoir-a-la-population#primaryimage"},"thumbnailUrl":"https:\/\/static.africa-press.net\/niger\/sites\/40\/2021\/08\/img-612277a6b7e97.jpg","keywords":["Africa Press","Africa Press-Niger","Niger"],"articleSection":["Dossiers","homepage-french","Top Nouvelles","Toutes les actualit\u00e9s"],"inLanguage":"fr-FR","potentialAction":[{"@type":"CommentAction","name":"Comment","target":["https:\/\/www.africa-press.net\/niger\/dossiers\/tribune-au-sahel-la-guerre-confisque-tout-espoir-a-la-population#respond"]}]},{"@type":"WebPage","@id":"https:\/\/www.africa-press.net\/niger\/dossiers\/tribune-au-sahel-la-guerre-confisque-tout-espoir-a-la-population","url":"https:\/\/www.africa-press.net\/niger\/dossiers\/tribune-au-sahel-la-guerre-confisque-tout-espoir-a-la-population","name":"[Tribune] Au Sahel, la guerre confisque tout espoir \u00e0 la population\u00a0 - niger","isPartOf":{"@id":"https:\/\/www.africa-press.net\/niger\/#website"},"primaryImageOfPage":{"@id":"https:\/\/www.africa-press.net\/niger\/dossiers\/tribune-au-sahel-la-guerre-confisque-tout-espoir-a-la-population#primaryimage"},"image":{"@id":"https:\/\/www.africa-press.net\/niger\/dossiers\/tribune-au-sahel-la-guerre-confisque-tout-espoir-a-la-population#primaryimage"},"thumbnailUrl":"https:\/\/static.africa-press.net\/niger\/sites\/40\/2021\/08\/img-612277a6b7e97.jpg","datePublished":"2021-08-22T16:32:42+00:00","dateModified":"2021-08-22T20:43:56+00:00","author":{"@id":"https:\/\/www.africa-press.net\/niger\/#\/schema\/person\/2b1cf3cd81a31e3cd26889ca66d677f1"},"description":"Le 13 ao\u00fbt, 37 personnes, dont 13 enfants, ont \u00e9t\u00e9 tu\u00e9es par des hommes arm\u00e9s dans la r\u00e9gion du Tillab\u00e9ri, au Niger, pr\u00e8 ...","breadcrumb":{"@id":"https:\/\/www.africa-press.net\/niger\/dossiers\/tribune-au-sahel-la-guerre-confisque-tout-espoir-a-la-population#breadcrumb"},"inLanguage":"fr-FR","potentialAction":[{"@type":"ReadAction","target":["https:\/\/www.africa-press.net\/niger\/dossiers\/tribune-au-sahel-la-guerre-confisque-tout-espoir-a-la-population"]}]},{"@type":"ImageObject","inLanguage":"fr-FR","@id":"https:\/\/www.africa-press.net\/niger\/dossiers\/tribune-au-sahel-la-guerre-confisque-tout-espoir-a-la-population#primaryimage","url":"https:\/\/static.africa-press.net\/niger\/sites\/40\/2021\/08\/img-612277a6b7e97.jpg","contentUrl":"https:\/\/static.africa-press.net\/niger\/sites\/40\/2021\/08\/img-612277a6b7e97.jpg","width":720,"height":360,"caption":"[Tribune] Au Sahel, la guerre confisque tout espoir \u00e0 la population\u00a0"},{"@type":"BreadcrumbList","@id":"https:\/\/www.africa-press.net\/niger\/dossiers\/tribune-au-sahel-la-guerre-confisque-tout-espoir-a-la-population#breadcrumb","itemListElement":[{"@type":"ListItem","position":1,"name":"Accueil","item":"https:\/\/www.africa-press.net\/niger\/"},{"@type":"ListItem","position":2,"name":"[Tribune] Au Sahel, la guerre confisque tout espoir \u00e0 la population\u00a0"}]},{"@type":"WebSite","@id":"https:\/\/www.africa-press.net\/niger\/#website","url":"https:\/\/www.africa-press.net\/niger\/","name":"niger","description":"Just another Africa News Agency Sites site","potentialAction":[{"@type":"SearchAction","target":{"@type":"EntryPoint","urlTemplate":"https:\/\/www.africa-press.net\/niger\/?s={search_term_string}"},"query-input":{"@type":"PropertyValueSpecification","valueRequired":true,"valueName":"search_term_string"}}],"inLanguage":"fr-FR"},{"@type":"Person","@id":"https:\/\/www.africa-press.net\/niger\/#\/schema\/person\/2b1cf3cd81a31e3cd26889ca66d677f1","name":"cfeditorfr"}]}},"_links":{"self":[{"href":"https:\/\/www.africa-press.net\/niger\/wp-json\/wp\/v2\/posts\/10536","targetHints":{"allow":["GET"]}}],"collection":[{"href":"https:\/\/www.africa-press.net\/niger\/wp-json\/wp\/v2\/posts"}],"about":[{"href":"https:\/\/www.africa-press.net\/niger\/wp-json\/wp\/v2\/types\/post"}],"author":[{"embeddable":true,"href":"https:\/\/www.africa-press.net\/niger\/wp-json\/wp\/v2\/users\/82"}],"replies":[{"embeddable":true,"href":"https:\/\/www.africa-press.net\/niger\/wp-json\/wp\/v2\/comments?post=10536"}],"version-history":[{"count":0,"href":"https:\/\/www.africa-press.net\/niger\/wp-json\/wp\/v2\/posts\/10536\/revisions"}],"wp:featuredmedia":[{"embeddable":true,"href":"https:\/\/www.africa-press.net\/niger\/wp-json\/wp\/v2\/media\/10535"}],"wp:attachment":[{"href":"https:\/\/www.africa-press.net\/niger\/wp-json\/wp\/v2\/media?parent=10536"}],"wp:term":[{"taxonomy":"category","embeddable":true,"href":"https:\/\/www.africa-press.net\/niger\/wp-json\/wp\/v2\/categories?post=10536"},{"taxonomy":"post_tag","embeddable":true,"href":"https:\/\/www.africa-press.net\/niger\/wp-json\/wp\/v2\/tags?post=10536"}],"curies":[{"name":"wp","href":"https:\/\/api.w.org\/{rel}","templated":true}]}}