{"id":10573,"date":"2021-08-23T11:08:14","date_gmt":"2021-08-23T11:08:14","guid":{"rendered":"https:\/\/www.africa-press.net\/niger\/?p=10573"},"modified":"2021-08-26T19:02:50","modified_gmt":"2021-08-26T19:02:50","slug":"tillaberi-celebration-de-la-journee-mondiale-de-laide-humanitaire-jmai-edition-2021","status":"publish","type":"post","link":"https:\/\/www.africa-press.net\/niger\/toutes-les-actualites\/tillaberi-celebration-de-la-journee-mondiale-de-laide-humanitaire-jmai-edition-2021","title":{"rendered":"Tillab\u00e9ri : C\u00e9l\u00e9bration de la Journ\u00e9e Mondiale de l\u2019Aide Humanitaire (JMAI), Edition 2021"},"content":{"rendered":"<p><span style=\"color: #ff6600\"><strong><a href=\"https:\/\/www.africa-press.net\/\">Africa-Press<\/a> &#8211; <a href=\"https:\/\/www.africa-press.net\/niger\">Niger<\/a>. <\/strong><\/span>Le gouverneur de la r\u00e9gion, M. Ibrahim Tidjani Katiella a pr\u00e9sid\u00e9, le jeudi 19 ao\u00fbt 2021 \u00e0 la tribune officielle de la ville, le lancement des activit\u00e9s entrant dans le cadre de la c\u00e9l\u00e9bration de la Journ\u00e9e Mondiale de l\u2019Aide Humanitaire (JMAI), sous le th\u00e8me : \u2018\u2019La course pour l\u2019humanit\u00e9 \u00abHuman race\u00bb, centr\u00e9 sur le changement climatique et son impact sur les plus vuln\u00e9rables\u2019\u2019. C\u2019\u00e9tait en pr\u00e9sence des autorit\u00e9s administratives et coutumi\u00e8res, de l\u2019ensemble de la communaut\u00e9 humanitaire \u0153uvrant dans la r\u00e9gion et de plusieurs invit\u00e9s.<\/p>\n<p>A cette occasion, le gouverneur de la r\u00e9gion a exprim\u00e9 sa gratitude aux organisations humanitaires pour les efforts inlassables qu\u2019elles ne cessent de fournir pour accompagner les populations les plus vuln\u00e9rables de la r\u00e9gion \u00abdans des conditions qui peuvent quelque fois s\u2019av\u00e9rer difficiles\u00bb et \u00e0 travers les diff\u00e9rents secteurs o\u00f9 elles interviennent. M. Ibrahim Tidjani Katiella a ensuite rassur\u00e9 la communaut\u00e9 humanitaire du soutien de l\u2019administration r\u00e9gionale pour faciliter la mise en \u0153uvre des interventions au profit des populations vuln\u00e9rables de la r\u00e9gion.<\/p>\n<p>\u00abQue ce soit pour les interventions d\u2019urgence au profit des d\u00e9plac\u00e9s internes dont le nombre atteint 101.144 dans la r\u00e9gion, environ 46.000 ressortissants de pays voisins venus se r\u00e9fugier dans la r\u00e9gion et les 3.451 personnes victimes des inondations au cours de cette campagne agricole ou encore de la fourniture de services sociaux essentiels de sant\u00e9, de nutrition, d\u2019\u00e9ducation, d\u2019eau et d\u2019assainissement, nous appr\u00e9cions, \u00e0 leur juste valeur, l\u2019engagement et le professionnalisme de ces organisations humanitaires \u00bb, a-t-il a indiqu\u00e9. Le gouverneur de la r\u00e9gion a par ailleurs notifi\u00e9 que la situation s\u00e9curitaire est sous contr\u00f4le et que les FDS, gr\u00e2ce \u00e0 leurs op\u00e9rations de s\u00e9curisation et en collaboration avec les forces partenaires, permettent la fourniture sans entrave de l\u2019assistance humanitaire.<\/p>\n<p>Quant au Chef du Bureau OIM\/Tillab\u00e9ri, M. Innocent Mugabo, il a lu le message prononc\u00e9 par la Coordonnatrice humanitaire pour le pays \u00e0 cette occasion.<\/p>\n<p>Le Maire de la Commune urbaine de Tillab\u00e9ri, M. Moussa Douma a, au nom de la population et du conseil municipal, souhait\u00e9 la bienvenue aux invit\u00e9s et a remerci\u00e9 les organisateurs pour le choix port\u00e9 sur sa commune pour c\u00e9l\u00e9brer cette journ\u00e9e.<\/p>\n<p>Lors de cette journ\u00e9e, plusieurs expositions ont \u00e9t\u00e9 faites \u00e0 l\u2019exemple du Conseil Danois pour les R\u00e9fugi\u00e9s (DRC) qui a pr\u00e9sent\u00e9 ses 5 secteurs d\u2019activit\u00e9s afin de familiariser les populations avec ses interventions dans la r\u00e9gion, leur faire comprendre les impacts de ces activit\u00e9s et avec qui elles sont men\u00e9es. Il s\u2019agit de, la protection de la s\u00e9curit\u00e9 alimentaire; la lutte contre les violences arm\u00e9es ; l\u2019assistance rapide aux mouvements des populations (RRM) ; le projet DIPECHO de renforcement des capacit\u00e9s des autorit\u00e9s \u00e0 faire face aux catastrophes et aux mouvements des populations et un projet d\u2019assistance aux personnes vuln\u00e9rables en articles non alimentaires.<\/p>\n<p>Une visite des stands par les autorit\u00e9s a sanctionn\u00e9 cette c\u00e9r\u00e9monie. Pour rappel, cette journ\u00e9e est instaur\u00e9e par les Nations-Unies en 2008 et rend hommage aux travailleurs humanitaires.<\/p>\n<p><b>\u00a0<\/b><\/p>\n","protected":false},"excerpt":{"rendered":"<p>Africa-Press &#8211; Niger. Le gouverneur de la r\u00e9gion, M. Ibrahim Tidjani Katiella a pr\u00e9sid\u00e9, le jeudi 19 ao\u00fbt 2021 \u00e0 la tribune officielle de la ville, le lancement des activit\u00e9s entrant dans le cadre de la c\u00e9l\u00e9bration de la Journ\u00e9e Mondiale de l\u2019Aide Humanitaire (JMAI), sous le th\u00e8me : \u2018\u2019La course pour l\u2019humanit\u00e9 \u00abHuman race\u00bb, [&hellip;]<\/p>\n","protected":false},"author":82,"featured_media":10572,"comment_status":"open","ping_status":"closed","sticky":false,"template":"","format":"standard","meta":{"footnotes":""},"categories":[21,11,10],"tags":[55,60,29],"class_list":["post-10573","post","type-post","status-publish","format-standard","has-post-thumbnail","hentry","category-communaute","category-homepage-french","category-toutes-les-actualites","tag-africa-press","tag-africa-press-niger","tag-niger"],"yoast_head":"<!-- This site is optimized with the Yoast SEO Premium plugin v26.1 (Yoast SEO v27.0) - https:\/\/yoast.com\/product\/yoast-seo-premium-wordpress\/ -->\n<title>Tillab\u00e9ri : C\u00e9l\u00e9bration de la Journ\u00e9e Mondiale de l\u2019Aide Humanitaire (JMAI), Edition 2021 - niger<\/title>\n<meta name=\"description\" content=\"\ufeffLe gouverneur de la r\u00e9gion, M. Ibrahim Tidjani Katiella a pr\u00e9sid\u00e9, le jeudi 19 ao\u00fbt 2021 \u00e0 la tribune officielle de la ...\" \/>\n<meta name=\"robots\" content=\"index, follow, max-snippet:-1, max-image-preview:large, max-video-preview:-1\" \/>\n<link rel=\"canonical\" href=\"https:\/\/www.africa-press.net\/niger\/toutes-les-actualites\/tillaberi-celebration-de-la-journee-mondiale-de-laide-humanitaire-jmai-edition-2021\" \/>\n<meta property=\"og:locale\" content=\"fr_FR\" \/>\n<meta property=\"og:type\" content=\"article\" \/>\n<meta property=\"og:title\" content=\"Tillab\u00e9ri : C\u00e9l\u00e9bration de la Journ\u00e9e Mondiale de l\u2019Aide Humanitaire (JMAI), Edition 2021\" \/>\n<meta property=\"og:description\" content=\"\ufeffLe gouverneur de la r\u00e9gion, M. Ibrahim Tidjani Katiella a pr\u00e9sid\u00e9, le jeudi 19 ao\u00fbt 2021 \u00e0 la tribune officielle de la ...\" \/>\n<meta property=\"og:url\" content=\"https:\/\/www.africa-press.net\/niger\/toutes-les-actualites\/tillaberi-celebration-de-la-journee-mondiale-de-laide-humanitaire-jmai-edition-2021\" \/>\n<meta property=\"og:site_name\" content=\"niger\" \/>\n<meta property=\"article:published_time\" content=\"2021-08-23T11:08:14+00:00\" \/>\n<meta property=\"article:modified_time\" content=\"2021-08-26T19:02:50+00:00\" \/>\n<meta property=\"og:image\" content=\"https:\/\/static.africa-press.net\/niger\/sites\/40\/2021\/08\/img-6123777b58232.jpg\" \/>\n\t<meta property=\"og:image:width\" content=\"720\" \/>\n\t<meta property=\"og:image:height\" content=\"512\" \/>\n\t<meta property=\"og:image:type\" content=\"image\/jpeg\" \/>\n<meta name=\"author\" content=\"cfeditorfr\" \/>\n<meta name=\"twitter:card\" content=\"summary_large_image\" \/>\n<meta name=\"twitter:label1\" content=\"\u00c9crit par\" \/>\n\t<meta name=\"twitter:data1\" content=\"cfeditorfr\" \/>\n\t<meta name=\"twitter:label2\" content=\"Dur\u00e9e de lecture estim\u00e9e\" \/>\n\t<meta name=\"twitter:data2\" content=\"3 minutes\" \/>\n<script type=\"application\/ld+json\" class=\"yoast-schema-graph\">{\"@context\":\"https:\/\/schema.org\",\"@graph\":[{\"@type\":\"Article\",\"@id\":\"https:\/\/www.africa-press.net\/niger\/toutes-les-actualites\/tillaberi-celebration-de-la-journee-mondiale-de-laide-humanitaire-jmai-edition-2021#article\",\"isPartOf\":{\"@id\":\"https:\/\/www.africa-press.net\/niger\/toutes-les-actualites\/tillaberi-celebration-de-la-journee-mondiale-de-laide-humanitaire-jmai-edition-2021\"},\"author\":{\"name\":\"cfeditorfr\",\"@id\":\"https:\/\/www.africa-press.net\/niger\/#\/schema\/person\/2b1cf3cd81a31e3cd26889ca66d677f1\"},\"headline\":\"Tillab\u00e9ri : C\u00e9l\u00e9bration de la Journ\u00e9e Mondiale de l\u2019Aide Humanitaire (JMAI), Edition 2021\",\"datePublished\":\"2021-08-23T11:08:14+00:00\",\"dateModified\":\"2021-08-26T19:02:50+00:00\",\"mainEntityOfPage\":{\"@id\":\"https:\/\/www.africa-press.net\/niger\/toutes-les-actualites\/tillaberi-celebration-de-la-journee-mondiale-de-laide-humanitaire-jmai-edition-2021\"},\"wordCount\":567,\"commentCount\":0,\"image\":{\"@id\":\"https:\/\/www.africa-press.net\/niger\/toutes-les-actualites\/tillaberi-celebration-de-la-journee-mondiale-de-laide-humanitaire-jmai-edition-2021#primaryimage\"},\"thumbnailUrl\":\"https:\/\/static.africa-press.net\/niger\/sites\/40\/2021\/08\/img-6123777b58232.jpg\",\"keywords\":[\"Africa Press\",\"Africa Press-Niger\",\"Niger\"],\"articleSection\":[\"Communaut\u00e9\",\"homepage-french\",\"Toutes les actualit\u00e9s\"],\"inLanguage\":\"fr-FR\",\"potentialAction\":[{\"@type\":\"CommentAction\",\"name\":\"Comment\",\"target\":[\"https:\/\/www.africa-press.net\/niger\/toutes-les-actualites\/tillaberi-celebration-de-la-journee-mondiale-de-laide-humanitaire-jmai-edition-2021#respond\"]}]},{\"@type\":\"WebPage\",\"@id\":\"https:\/\/www.africa-press.net\/niger\/toutes-les-actualites\/tillaberi-celebration-de-la-journee-mondiale-de-laide-humanitaire-jmai-edition-2021\",\"url\":\"https:\/\/www.africa-press.net\/niger\/toutes-les-actualites\/tillaberi-celebration-de-la-journee-mondiale-de-laide-humanitaire-jmai-edition-2021\",\"name\":\"Tillab\u00e9ri : C\u00e9l\u00e9bration de la Journ\u00e9e Mondiale de l\u2019Aide Humanitaire (JMAI), Edition 2021 - niger\",\"isPartOf\":{\"@id\":\"https:\/\/www.africa-press.net\/niger\/#website\"},\"primaryImageOfPage\":{\"@id\":\"https:\/\/www.africa-press.net\/niger\/toutes-les-actualites\/tillaberi-celebration-de-la-journee-mondiale-de-laide-humanitaire-jmai-edition-2021#primaryimage\"},\"image\":{\"@id\":\"https:\/\/www.africa-press.net\/niger\/toutes-les-actualites\/tillaberi-celebration-de-la-journee-mondiale-de-laide-humanitaire-jmai-edition-2021#primaryimage\"},\"thumbnailUrl\":\"https:\/\/static.africa-press.net\/niger\/sites\/40\/2021\/08\/img-6123777b58232.jpg\",\"datePublished\":\"2021-08-23T11:08:14+00:00\",\"dateModified\":\"2021-08-26T19:02:50+00:00\",\"author\":{\"@id\":\"https:\/\/www.africa-press.net\/niger\/#\/schema\/person\/2b1cf3cd81a31e3cd26889ca66d677f1\"},\"description\":\"\ufeffLe gouverneur de la r\u00e9gion, M. Ibrahim Tidjani Katiella a pr\u00e9sid\u00e9, le jeudi 19 ao\u00fbt 2021 \u00e0 la tribune officielle de la ...\",\"breadcrumb\":{\"@id\":\"https:\/\/www.africa-press.net\/niger\/toutes-les-actualites\/tillaberi-celebration-de-la-journee-mondiale-de-laide-humanitaire-jmai-edition-2021#breadcrumb\"},\"inLanguage\":\"fr-FR\",\"potentialAction\":[{\"@type\":\"ReadAction\",\"target\":[\"https:\/\/www.africa-press.net\/niger\/toutes-les-actualites\/tillaberi-celebration-de-la-journee-mondiale-de-laide-humanitaire-jmai-edition-2021\"]}]},{\"@type\":\"ImageObject\",\"inLanguage\":\"fr-FR\",\"@id\":\"https:\/\/www.africa-press.net\/niger\/toutes-les-actualites\/tillaberi-celebration-de-la-journee-mondiale-de-laide-humanitaire-jmai-edition-2021#primaryimage\",\"url\":\"https:\/\/static.africa-press.net\/niger\/sites\/40\/2021\/08\/img-6123777b58232.jpg\",\"contentUrl\":\"https:\/\/static.africa-press.net\/niger\/sites\/40\/2021\/08\/img-6123777b58232.jpg\",\"width\":720,\"height\":512,\"caption\":\"Tillab\u00e9ri : C\u00e9l\u00e9bration de la Journ\u00e9e Mondiale de l\u2019Aide Humanitaire (JMAI), Edition 2021\"},{\"@type\":\"BreadcrumbList\",\"@id\":\"https:\/\/www.africa-press.net\/niger\/toutes-les-actualites\/tillaberi-celebration-de-la-journee-mondiale-de-laide-humanitaire-jmai-edition-2021#breadcrumb\",\"itemListElement\":[{\"@type\":\"ListItem\",\"position\":1,\"name\":\"Accueil\",\"item\":\"https:\/\/www.africa-press.net\/niger\/\"},{\"@type\":\"ListItem\",\"position\":2,\"name\":\"Tillab\u00e9ri : C\u00e9l\u00e9bration de la Journ\u00e9e Mondiale de l\u2019Aide Humanitaire (JMAI), Edition 2021\"}]},{\"@type\":\"WebSite\",\"@id\":\"https:\/\/www.africa-press.net\/niger\/#website\",\"url\":\"https:\/\/www.africa-press.net\/niger\/\",\"name\":\"niger\",\"description\":\"Just another Africa News Agency Sites site\",\"potentialAction\":[{\"@type\":\"SearchAction\",\"target\":{\"@type\":\"EntryPoint\",\"urlTemplate\":\"https:\/\/www.africa-press.net\/niger\/?s={search_term_string}\"},\"query-input\":{\"@type\":\"PropertyValueSpecification\",\"valueRequired\":true,\"valueName\":\"search_term_string\"}}],\"inLanguage\":\"fr-FR\"},{\"@type\":\"Person\",\"@id\":\"https:\/\/www.africa-press.net\/niger\/#\/schema\/person\/2b1cf3cd81a31e3cd26889ca66d677f1\",\"name\":\"cfeditorfr\"}]}<\/script>\n<!-- \/ Yoast SEO Premium plugin. -->","yoast_head_json":{"title":"Tillab\u00e9ri : C\u00e9l\u00e9bration de la Journ\u00e9e Mondiale de l\u2019Aide Humanitaire (JMAI), Edition 2021 - niger","description":"\ufeffLe gouverneur de la r\u00e9gion, M. Ibrahim Tidjani Katiella a pr\u00e9sid\u00e9, le jeudi 19 ao\u00fbt 2021 \u00e0 la tribune officielle de la ...","robots":{"index":"index","follow":"follow","max-snippet":"max-snippet:-1","max-image-preview":"max-image-preview:large","max-video-preview":"max-video-preview:-1"},"canonical":"https:\/\/www.africa-press.net\/niger\/toutes-les-actualites\/tillaberi-celebration-de-la-journee-mondiale-de-laide-humanitaire-jmai-edition-2021","og_locale":"fr_FR","og_type":"article","og_title":"Tillab\u00e9ri : C\u00e9l\u00e9bration de la Journ\u00e9e Mondiale de l\u2019Aide Humanitaire (JMAI), Edition 2021","og_description":"\ufeffLe gouverneur de la r\u00e9gion, M. Ibrahim Tidjani Katiella a pr\u00e9sid\u00e9, le jeudi 19 ao\u00fbt 2021 \u00e0 la tribune officielle de la ...","og_url":"https:\/\/www.africa-press.net\/niger\/toutes-les-actualites\/tillaberi-celebration-de-la-journee-mondiale-de-laide-humanitaire-jmai-edition-2021","og_site_name":"niger","article_published_time":"2021-08-23T11:08:14+00:00","article_modified_time":"2021-08-26T19:02:50+00:00","og_image":[{"width":720,"height":512,"url":"https:\/\/static.africa-press.net\/niger\/sites\/40\/2021\/08\/img-6123777b58232.jpg","type":"image\/jpeg"}],"author":"cfeditorfr","twitter_card":"summary_large_image","twitter_misc":{"\u00c9crit par":"cfeditorfr","Dur\u00e9e de lecture estim\u00e9e":"3 minutes"},"schema":{"@context":"https:\/\/schema.org","@graph":[{"@type":"Article","@id":"https:\/\/www.africa-press.net\/niger\/toutes-les-actualites\/tillaberi-celebration-de-la-journee-mondiale-de-laide-humanitaire-jmai-edition-2021#article","isPartOf":{"@id":"https:\/\/www.africa-press.net\/niger\/toutes-les-actualites\/tillaberi-celebration-de-la-journee-mondiale-de-laide-humanitaire-jmai-edition-2021"},"author":{"name":"cfeditorfr","@id":"https:\/\/www.africa-press.net\/niger\/#\/schema\/person\/2b1cf3cd81a31e3cd26889ca66d677f1"},"headline":"Tillab\u00e9ri : C\u00e9l\u00e9bration de la Journ\u00e9e Mondiale de l\u2019Aide Humanitaire (JMAI), Edition 2021","datePublished":"2021-08-23T11:08:14+00:00","dateModified":"2021-08-26T19:02:50+00:00","mainEntityOfPage":{"@id":"https:\/\/www.africa-press.net\/niger\/toutes-les-actualites\/tillaberi-celebration-de-la-journee-mondiale-de-laide-humanitaire-jmai-edition-2021"},"wordCount":567,"commentCount":0,"image":{"@id":"https:\/\/www.africa-press.net\/niger\/toutes-les-actualites\/tillaberi-celebration-de-la-journee-mondiale-de-laide-humanitaire-jmai-edition-2021#primaryimage"},"thumbnailUrl":"https:\/\/static.africa-press.net\/niger\/sites\/40\/2021\/08\/img-6123777b58232.jpg","keywords":["Africa Press","Africa Press-Niger","Niger"],"articleSection":["Communaut\u00e9","homepage-french","Toutes les actualit\u00e9s"],"inLanguage":"fr-FR","potentialAction":[{"@type":"CommentAction","name":"Comment","target":["https:\/\/www.africa-press.net\/niger\/toutes-les-actualites\/tillaberi-celebration-de-la-journee-mondiale-de-laide-humanitaire-jmai-edition-2021#respond"]}]},{"@type":"WebPage","@id":"https:\/\/www.africa-press.net\/niger\/toutes-les-actualites\/tillaberi-celebration-de-la-journee-mondiale-de-laide-humanitaire-jmai-edition-2021","url":"https:\/\/www.africa-press.net\/niger\/toutes-les-actualites\/tillaberi-celebration-de-la-journee-mondiale-de-laide-humanitaire-jmai-edition-2021","name":"Tillab\u00e9ri : C\u00e9l\u00e9bration de la Journ\u00e9e Mondiale de l\u2019Aide Humanitaire (JMAI), Edition 2021 - niger","isPartOf":{"@id":"https:\/\/www.africa-press.net\/niger\/#website"},"primaryImageOfPage":{"@id":"https:\/\/www.africa-press.net\/niger\/toutes-les-actualites\/tillaberi-celebration-de-la-journee-mondiale-de-laide-humanitaire-jmai-edition-2021#primaryimage"},"image":{"@id":"https:\/\/www.africa-press.net\/niger\/toutes-les-actualites\/tillaberi-celebration-de-la-journee-mondiale-de-laide-humanitaire-jmai-edition-2021#primaryimage"},"thumbnailUrl":"https:\/\/static.africa-press.net\/niger\/sites\/40\/2021\/08\/img-6123777b58232.jpg","datePublished":"2021-08-23T11:08:14+00:00","dateModified":"2021-08-26T19:02:50+00:00","author":{"@id":"https:\/\/www.africa-press.net\/niger\/#\/schema\/person\/2b1cf3cd81a31e3cd26889ca66d677f1"},"description":"\ufeffLe gouverneur de la r\u00e9gion, M. Ibrahim Tidjani Katiella a pr\u00e9sid\u00e9, le jeudi 19 ao\u00fbt 2021 \u00e0 la tribune officielle de la ...","breadcrumb":{"@id":"https:\/\/www.africa-press.net\/niger\/toutes-les-actualites\/tillaberi-celebration-de-la-journee-mondiale-de-laide-humanitaire-jmai-edition-2021#breadcrumb"},"inLanguage":"fr-FR","potentialAction":[{"@type":"ReadAction","target":["https:\/\/www.africa-press.net\/niger\/toutes-les-actualites\/tillaberi-celebration-de-la-journee-mondiale-de-laide-humanitaire-jmai-edition-2021"]}]},{"@type":"ImageObject","inLanguage":"fr-FR","@id":"https:\/\/www.africa-press.net\/niger\/toutes-les-actualites\/tillaberi-celebration-de-la-journee-mondiale-de-laide-humanitaire-jmai-edition-2021#primaryimage","url":"https:\/\/static.africa-press.net\/niger\/sites\/40\/2021\/08\/img-6123777b58232.jpg","contentUrl":"https:\/\/static.africa-press.net\/niger\/sites\/40\/2021\/08\/img-6123777b58232.jpg","width":720,"height":512,"caption":"Tillab\u00e9ri : C\u00e9l\u00e9bration de la Journ\u00e9e Mondiale de l\u2019Aide Humanitaire (JMAI), Edition 2021"},{"@type":"BreadcrumbList","@id":"https:\/\/www.africa-press.net\/niger\/toutes-les-actualites\/tillaberi-celebration-de-la-journee-mondiale-de-laide-humanitaire-jmai-edition-2021#breadcrumb","itemListElement":[{"@type":"ListItem","position":1,"name":"Accueil","item":"https:\/\/www.africa-press.net\/niger\/"},{"@type":"ListItem","position":2,"name":"Tillab\u00e9ri : C\u00e9l\u00e9bration de la Journ\u00e9e Mondiale de l\u2019Aide Humanitaire (JMAI), Edition 2021"}]},{"@type":"WebSite","@id":"https:\/\/www.africa-press.net\/niger\/#website","url":"https:\/\/www.africa-press.net\/niger\/","name":"niger","description":"Just another Africa News Agency Sites site","potentialAction":[{"@type":"SearchAction","target":{"@type":"EntryPoint","urlTemplate":"https:\/\/www.africa-press.net\/niger\/?s={search_term_string}"},"query-input":{"@type":"PropertyValueSpecification","valueRequired":true,"valueName":"search_term_string"}}],"inLanguage":"fr-FR"},{"@type":"Person","@id":"https:\/\/www.africa-press.net\/niger\/#\/schema\/person\/2b1cf3cd81a31e3cd26889ca66d677f1","name":"cfeditorfr"}]}},"_links":{"self":[{"href":"https:\/\/www.africa-press.net\/niger\/wp-json\/wp\/v2\/posts\/10573","targetHints":{"allow":["GET"]}}],"collection":[{"href":"https:\/\/www.africa-press.net\/niger\/wp-json\/wp\/v2\/posts"}],"about":[{"href":"https:\/\/www.africa-press.net\/niger\/wp-json\/wp\/v2\/types\/post"}],"author":[{"embeddable":true,"href":"https:\/\/www.africa-press.net\/niger\/wp-json\/wp\/v2\/users\/82"}],"replies":[{"embeddable":true,"href":"https:\/\/www.africa-press.net\/niger\/wp-json\/wp\/v2\/comments?post=10573"}],"version-history":[{"count":0,"href":"https:\/\/www.africa-press.net\/niger\/wp-json\/wp\/v2\/posts\/10573\/revisions"}],"wp:featuredmedia":[{"embeddable":true,"href":"https:\/\/www.africa-press.net\/niger\/wp-json\/wp\/v2\/media\/10572"}],"wp:attachment":[{"href":"https:\/\/www.africa-press.net\/niger\/wp-json\/wp\/v2\/media?parent=10573"}],"wp:term":[{"taxonomy":"category","embeddable":true,"href":"https:\/\/www.africa-press.net\/niger\/wp-json\/wp\/v2\/categories?post=10573"},{"taxonomy":"post_tag","embeddable":true,"href":"https:\/\/www.africa-press.net\/niger\/wp-json\/wp\/v2\/tags?post=10573"}],"curies":[{"name":"wp","href":"https:\/\/api.w.org\/{rel}","templated":true}]}}