{"id":10579,"date":"2021-08-23T11:27:35","date_gmt":"2021-08-23T11:27:35","guid":{"rendered":"https:\/\/www.africa-press.net\/niger\/?p=10579"},"modified":"2021-08-26T19:03:20","modified_gmt":"2021-08-26T19:03:20","slug":"assemblee-generale-elective-du-syndicat-regional-des-commercants-du-niamey-elhadj-samaila-hatimou-dit-illa-mai-aya-reconduit-president-pour-un-mandat-de-4-ans","status":"publish","type":"post","link":"https:\/\/www.africa-press.net\/niger\/toutes-les-actualites\/assemblee-generale-elective-du-syndicat-regional-des-commercants-du-niamey-elhadj-samaila-hatimou-dit-illa-mai-aya-reconduit-president-pour-un-mandat-de-4-ans","title":{"rendered":"Assembl\u00e9e G\u00e9n\u00e9rale \u00e9lective du Syndicat r\u00e9gional des commer\u00e7ants du Niamey : Elhadj Sama\u00efla Hatimou dit Illa Ma\u00ef Aya reconduit pr\u00e9sident pour un mandat de 4 ans"},"content":{"rendered":"<p><span style=\"color: #ff6600\"><strong><a href=\"https:\/\/www.africa-press.net\/\">Africa-Press<\/a> &#8211; <a href=\"https:\/\/www.africa-press.net\/niger\">Niger<\/a>. <\/strong><\/span>Le gouverneur de la r\u00e9gion de Niamey, M. Oudou Ambouka a pr\u00e9sid\u00e9 vendredi 20 ao\u00fbt 2021 l\u2019ouverture des travaux de l\u2019Assembl\u00e9e G\u00e9n\u00e9rale \u00e9lective du syndicat des commer\u00e7ants de la r\u00e9gion de Niamey. Apr\u00e8s quatre (4) ann\u00e9es d\u2019exercice, le bureau sortant a termin\u00e9 son mandat. A l\u2019issue des \u00e9lections, Elhadj Sama\u00efla Hatimou dit Illa Ma\u00ef Aya, pr\u00e9sident du syndicat de vendeurs de mat\u00e9riaux de construction a \u00e9t\u00e9 r\u00e9\u00e9lu par acclamation \u00e0 travers un bureau consensuel dress\u00e9 sous la supervision d\u2019un huissier de Justice.<\/p>\n<p>Les 19 syndicats pr\u00e9sents du secteur commercial sur les 21 ont port\u00e9 leur choix sur Elhadj Sama\u00efla Hatimou dit Illa Ma\u00ef Aya. Il est donc reconduit pour un autre mandat de quatre (4) ans \u00e0 la t\u00eate du syndicat des commer\u00e7ants de la r\u00e9gion de Niamey. Ce bureau consensuel va d\u00e9sormais assurer la d\u00e9fense et la promotion des int\u00e9r\u00eats de ses membres dans la r\u00e9gion de Niamey.<\/p>\n<p>Apr\u00e8s sa r\u00e9\u00e9lection, le nouveau pr\u00e9sident, a expliqu\u00e9 que leur syndicat a toujours jou\u00e9 son r\u00f4le de d\u00e9fense des int\u00e9r\u00eats de leurs membres aupr\u00e8s des autorit\u00e9s communales, administratives et \u00e0 la Chambre de commerce. Selon Illa Ma\u00ef Aya, l\u2019ensemble de syndicats de la r\u00e9gion de Niamey se sont engag\u00e9s derri\u00e8re lui pour mieux faire entendre leur voix aupr\u00e8s des principaux d\u00e9cideurs de la vie r\u00e9gionale ainsi qu\u2019aupr\u00e8s des autres acteurs \u00e9conomiques. \u00abIl faut se dire que les commer\u00e7ants jouent un r\u00f4le essentiel pour la dynamisation de l\u2019\u00e9conomie du pays. Et d\u2019ailleurs, nous allons discuter avec nos membres sur comment dynamiser nos quartiers ou des centres commerciaux, par exemple en\u00a0 n\u00e9e pour apporter nos contributions pour l\u2019int\u00e9r\u00eat de la population\u00bb, a-t-il assur\u00e9.<\/p>\n<p>Le nouveau pr\u00e9sident du syndicat des commer\u00e7ants de la r\u00e9gion de Niamey a en outre soulign\u00e9 que leur syndicat va sans nul doute contribuer \u00e0 la promotion et au d\u00e9veloppement de l\u2019activit\u00e9 de leurs adh\u00e9rents par la mutualisation de moyens. \u00abPour un commer\u00e7ant, un artisan ou un prestataire de services, adh\u00e9rer \u00e0 syndicat peut constituer une bonne fa\u00e7on d\u2019am\u00e9liorer sa notori\u00e9t\u00e9, d\u2019augmenter le trafic dans son magasin, de fid\u00e9liser sa client\u00e8le et donc d\u2019accro\u00eetre son chiffre d\u2019affaires. Pour cela nous allons organiser des s\u00e9minaires, ateliers et foras de renforcement de capacit\u00e9 dans le domaine\u00bb, a-t-il expliqu\u00e9 avant de lancer un appel \u00e0 tous les membres de se mobiliser pour concr\u00e9tiser leur dynamisme.<\/p>\n<p>Auparavant, lors de l\u2019ouverture des travaux, le gouverneur de la r\u00e9gion de Niamey, M. Oudou Ambouka a souhait\u00e9 que cette Assembl\u00e9e G\u00e9n\u00e9rale des syndicats des commer\u00e7ants de la r\u00e9gion de Niamey soit la base de la construction d\u2019une v\u00e9ritable repr\u00e9sentation des commer\u00e7ants, tous secteurs confondus, tout en les rassurant de son appui pour travailler \u00e0 leurs c\u00f4t\u00e9s dans l\u2019int\u00e9r\u00eat g\u00e9n\u00e9ral des op\u00e9rateurs \u00e9conomiques et de la r\u00e9gion.<\/p>\n<p><b>\u00a0<\/b><\/p>\n","protected":false},"excerpt":{"rendered":"<p>Africa-Press &#8211; Niger. Le gouverneur de la r\u00e9gion de Niamey, M. Oudou Ambouka a pr\u00e9sid\u00e9 vendredi 20 ao\u00fbt 2021 l\u2019ouverture des travaux de l\u2019Assembl\u00e9e G\u00e9n\u00e9rale \u00e9lective du syndicat des commer\u00e7ants de la r\u00e9gion de Niamey. Apr\u00e8s quatre (4) ann\u00e9es d\u2019exercice, le bureau sortant a termin\u00e9 son mandat. A l\u2019issue des \u00e9lections, Elhadj Sama\u00efla Hatimou dit [&hellip;]<\/p>\n","protected":false},"author":82,"featured_media":10578,"comment_status":"open","ping_status":"closed","sticky":false,"template":"","format":"standard","meta":{"footnotes":""},"categories":[21,11,10],"tags":[55,60,29],"class_list":["post-10579","post","type-post","status-publish","format-standard","has-post-thumbnail","hentry","category-communaute","category-homepage-french","category-toutes-les-actualites","tag-africa-press","tag-africa-press-niger","tag-niger"],"yoast_head":"<!-- This site is optimized with the Yoast SEO Premium plugin v26.1 (Yoast SEO v27.0) - https:\/\/yoast.com\/product\/yoast-seo-premium-wordpress\/ -->\n<title>Assembl\u00e9e G\u00e9n\u00e9rale \u00e9lective du Syndicat r\u00e9gional des commer\u00e7ants du Niamey : Elhadj Sama\u00efla Hatimou dit Illa Ma\u00ef Aya reconduit pr\u00e9sident pour un mandat de 4 ans - niger<\/title>\n<meta name=\"description\" content=\"\ufeffLe gouverneur de la r\u00e9gion de Niamey, M. Oudou Ambouka a pr\u00e9sid\u00e9 vendredi 20 ao\u00fbt 2021 l\u2019ouverture des travaux de l\u2019Ass ...\" \/>\n<meta name=\"robots\" content=\"index, follow, max-snippet:-1, max-image-preview:large, max-video-preview:-1\" \/>\n<link rel=\"canonical\" href=\"https:\/\/www.africa-press.net\/niger\/toutes-les-actualites\/assemblee-generale-elective-du-syndicat-regional-des-commercants-du-niamey-elhadj-samaila-hatimou-dit-illa-mai-aya-reconduit-president-pour-un-mandat-de-4-ans\" \/>\n<meta property=\"og:locale\" content=\"fr_FR\" \/>\n<meta property=\"og:type\" content=\"article\" \/>\n<meta property=\"og:title\" content=\"Assembl\u00e9e G\u00e9n\u00e9rale \u00e9lective du Syndicat r\u00e9gional des commer\u00e7ants du Niamey : Elhadj Sama\u00efla Hatimou dit Illa Ma\u00ef Aya reconduit pr\u00e9sident pour un mandat de 4 ans\" \/>\n<meta property=\"og:description\" content=\"\ufeffLe gouverneur de la r\u00e9gion de Niamey, M. Oudou Ambouka a pr\u00e9sid\u00e9 vendredi 20 ao\u00fbt 2021 l\u2019ouverture des travaux de l\u2019Ass ...\" \/>\n<meta property=\"og:url\" content=\"https:\/\/www.africa-press.net\/niger\/toutes-les-actualites\/assemblee-generale-elective-du-syndicat-regional-des-commercants-du-niamey-elhadj-samaila-hatimou-dit-illa-mai-aya-reconduit-president-pour-un-mandat-de-4-ans\" \/>\n<meta property=\"og:site_name\" content=\"niger\" \/>\n<meta property=\"article:published_time\" content=\"2021-08-23T11:27:35+00:00\" \/>\n<meta property=\"article:modified_time\" content=\"2021-08-26T19:03:20+00:00\" \/>\n<meta property=\"og:image\" content=\"https:\/\/static.africa-press.net\/niger\/sites\/40\/2021\/08\/img-612377cedab4f.jpg\" \/>\n\t<meta property=\"og:image:width\" content=\"720\" \/>\n\t<meta property=\"og:image:height\" content=\"392\" \/>\n\t<meta property=\"og:image:type\" content=\"image\/jpeg\" \/>\n<meta name=\"author\" content=\"cfeditorfr\" \/>\n<meta name=\"twitter:card\" content=\"summary_large_image\" \/>\n<meta name=\"twitter:label1\" content=\"\u00c9crit par\" \/>\n\t<meta name=\"twitter:data1\" content=\"cfeditorfr\" \/>\n\t<meta name=\"twitter:label2\" content=\"Dur\u00e9e de lecture estim\u00e9e\" \/>\n\t<meta name=\"twitter:data2\" content=\"3 minutes\" \/>\n<script type=\"application\/ld+json\" class=\"yoast-schema-graph\">{\"@context\":\"https:\/\/schema.org\",\"@graph\":[{\"@type\":\"Article\",\"@id\":\"https:\/\/www.africa-press.net\/niger\/toutes-les-actualites\/assemblee-generale-elective-du-syndicat-regional-des-commercants-du-niamey-elhadj-samaila-hatimou-dit-illa-mai-aya-reconduit-president-pour-un-mandat-de-4-ans#article\",\"isPartOf\":{\"@id\":\"https:\/\/www.africa-press.net\/niger\/toutes-les-actualites\/assemblee-generale-elective-du-syndicat-regional-des-commercants-du-niamey-elhadj-samaila-hatimou-dit-illa-mai-aya-reconduit-president-pour-un-mandat-de-4-ans\"},\"author\":{\"name\":\"cfeditorfr\",\"@id\":\"https:\/\/www.africa-press.net\/niger\/#\/schema\/person\/2b1cf3cd81a31e3cd26889ca66d677f1\"},\"headline\":\"Assembl\u00e9e G\u00e9n\u00e9rale \u00e9lective du Syndicat r\u00e9gional des commer\u00e7ants du Niamey : Elhadj Sama\u00efla Hatimou dit Illa Ma\u00ef Aya reconduit pr\u00e9sident pour un mandat de 4 ans\",\"datePublished\":\"2021-08-23T11:27:35+00:00\",\"dateModified\":\"2021-08-26T19:03:20+00:00\",\"mainEntityOfPage\":{\"@id\":\"https:\/\/www.africa-press.net\/niger\/toutes-les-actualites\/assemblee-generale-elective-du-syndicat-regional-des-commercants-du-niamey-elhadj-samaila-hatimou-dit-illa-mai-aya-reconduit-president-pour-un-mandat-de-4-ans\"},\"wordCount\":565,\"commentCount\":0,\"image\":{\"@id\":\"https:\/\/www.africa-press.net\/niger\/toutes-les-actualites\/assemblee-generale-elective-du-syndicat-regional-des-commercants-du-niamey-elhadj-samaila-hatimou-dit-illa-mai-aya-reconduit-president-pour-un-mandat-de-4-ans#primaryimage\"},\"thumbnailUrl\":\"https:\/\/static.africa-press.net\/niger\/sites\/40\/2021\/08\/img-612377cedab4f.jpg\",\"keywords\":[\"Africa Press\",\"Africa Press-Niger\",\"Niger\"],\"articleSection\":[\"Communaut\u00e9\",\"homepage-french\",\"Toutes les actualit\u00e9s\"],\"inLanguage\":\"fr-FR\",\"potentialAction\":[{\"@type\":\"CommentAction\",\"name\":\"Comment\",\"target\":[\"https:\/\/www.africa-press.net\/niger\/toutes-les-actualites\/assemblee-generale-elective-du-syndicat-regional-des-commercants-du-niamey-elhadj-samaila-hatimou-dit-illa-mai-aya-reconduit-president-pour-un-mandat-de-4-ans#respond\"]}]},{\"@type\":\"WebPage\",\"@id\":\"https:\/\/www.africa-press.net\/niger\/toutes-les-actualites\/assemblee-generale-elective-du-syndicat-regional-des-commercants-du-niamey-elhadj-samaila-hatimou-dit-illa-mai-aya-reconduit-president-pour-un-mandat-de-4-ans\",\"url\":\"https:\/\/www.africa-press.net\/niger\/toutes-les-actualites\/assemblee-generale-elective-du-syndicat-regional-des-commercants-du-niamey-elhadj-samaila-hatimou-dit-illa-mai-aya-reconduit-president-pour-un-mandat-de-4-ans\",\"name\":\"Assembl\u00e9e G\u00e9n\u00e9rale \u00e9lective du Syndicat r\u00e9gional des commer\u00e7ants du Niamey : Elhadj Sama\u00efla Hatimou dit Illa Ma\u00ef Aya reconduit pr\u00e9sident pour un mandat de 4 ans - niger\",\"isPartOf\":{\"@id\":\"https:\/\/www.africa-press.net\/niger\/#website\"},\"primaryImageOfPage\":{\"@id\":\"https:\/\/www.africa-press.net\/niger\/toutes-les-actualites\/assemblee-generale-elective-du-syndicat-regional-des-commercants-du-niamey-elhadj-samaila-hatimou-dit-illa-mai-aya-reconduit-president-pour-un-mandat-de-4-ans#primaryimage\"},\"image\":{\"@id\":\"https:\/\/www.africa-press.net\/niger\/toutes-les-actualites\/assemblee-generale-elective-du-syndicat-regional-des-commercants-du-niamey-elhadj-samaila-hatimou-dit-illa-mai-aya-reconduit-president-pour-un-mandat-de-4-ans#primaryimage\"},\"thumbnailUrl\":\"https:\/\/static.africa-press.net\/niger\/sites\/40\/2021\/08\/img-612377cedab4f.jpg\",\"datePublished\":\"2021-08-23T11:27:35+00:00\",\"dateModified\":\"2021-08-26T19:03:20+00:00\",\"author\":{\"@id\":\"https:\/\/www.africa-press.net\/niger\/#\/schema\/person\/2b1cf3cd81a31e3cd26889ca66d677f1\"},\"description\":\"\ufeffLe gouverneur de la r\u00e9gion de Niamey, M. Oudou Ambouka a pr\u00e9sid\u00e9 vendredi 20 ao\u00fbt 2021 l\u2019ouverture des travaux de l\u2019Ass ...\",\"breadcrumb\":{\"@id\":\"https:\/\/www.africa-press.net\/niger\/toutes-les-actualites\/assemblee-generale-elective-du-syndicat-regional-des-commercants-du-niamey-elhadj-samaila-hatimou-dit-illa-mai-aya-reconduit-president-pour-un-mandat-de-4-ans#breadcrumb\"},\"inLanguage\":\"fr-FR\",\"potentialAction\":[{\"@type\":\"ReadAction\",\"target\":[\"https:\/\/www.africa-press.net\/niger\/toutes-les-actualites\/assemblee-generale-elective-du-syndicat-regional-des-commercants-du-niamey-elhadj-samaila-hatimou-dit-illa-mai-aya-reconduit-president-pour-un-mandat-de-4-ans\"]}]},{\"@type\":\"ImageObject\",\"inLanguage\":\"fr-FR\",\"@id\":\"https:\/\/www.africa-press.net\/niger\/toutes-les-actualites\/assemblee-generale-elective-du-syndicat-regional-des-commercants-du-niamey-elhadj-samaila-hatimou-dit-illa-mai-aya-reconduit-president-pour-un-mandat-de-4-ans#primaryimage\",\"url\":\"https:\/\/static.africa-press.net\/niger\/sites\/40\/2021\/08\/img-612377cedab4f.jpg\",\"contentUrl\":\"https:\/\/static.africa-press.net\/niger\/sites\/40\/2021\/08\/img-612377cedab4f.jpg\",\"width\":720,\"height\":392,\"caption\":\"Assembl\u00e9e G\u00e9n\u00e9rale \u00e9lective du Syndicat r\u00e9gional des commer\u00e7ants du Niamey : Elhadj Sama\u00efla Hatimou dit Illa Ma\u00ef Aya reconduit pr\u00e9sident pour un mandat de 4 ans\"},{\"@type\":\"BreadcrumbList\",\"@id\":\"https:\/\/www.africa-press.net\/niger\/toutes-les-actualites\/assemblee-generale-elective-du-syndicat-regional-des-commercants-du-niamey-elhadj-samaila-hatimou-dit-illa-mai-aya-reconduit-president-pour-un-mandat-de-4-ans#breadcrumb\",\"itemListElement\":[{\"@type\":\"ListItem\",\"position\":1,\"name\":\"Accueil\",\"item\":\"https:\/\/www.africa-press.net\/niger\/\"},{\"@type\":\"ListItem\",\"position\":2,\"name\":\"Assembl\u00e9e G\u00e9n\u00e9rale \u00e9lective du Syndicat r\u00e9gional des commer\u00e7ants du Niamey : Elhadj Sama\u00efla Hatimou dit Illa Ma\u00ef Aya reconduit pr\u00e9sident pour un mandat de 4 ans\"}]},{\"@type\":\"WebSite\",\"@id\":\"https:\/\/www.africa-press.net\/niger\/#website\",\"url\":\"https:\/\/www.africa-press.net\/niger\/\",\"name\":\"niger\",\"description\":\"Just another Africa News Agency Sites site\",\"potentialAction\":[{\"@type\":\"SearchAction\",\"target\":{\"@type\":\"EntryPoint\",\"urlTemplate\":\"https:\/\/www.africa-press.net\/niger\/?s={search_term_string}\"},\"query-input\":{\"@type\":\"PropertyValueSpecification\",\"valueRequired\":true,\"valueName\":\"search_term_string\"}}],\"inLanguage\":\"fr-FR\"},{\"@type\":\"Person\",\"@id\":\"https:\/\/www.africa-press.net\/niger\/#\/schema\/person\/2b1cf3cd81a31e3cd26889ca66d677f1\",\"name\":\"cfeditorfr\"}]}<\/script>\n<!-- \/ Yoast SEO Premium plugin. -->","yoast_head_json":{"title":"Assembl\u00e9e G\u00e9n\u00e9rale \u00e9lective du Syndicat r\u00e9gional des commer\u00e7ants du Niamey : Elhadj Sama\u00efla Hatimou dit Illa Ma\u00ef Aya reconduit pr\u00e9sident pour un mandat de 4 ans - niger","description":"\ufeffLe gouverneur de la r\u00e9gion de Niamey, M. Oudou Ambouka a pr\u00e9sid\u00e9 vendredi 20 ao\u00fbt 2021 l\u2019ouverture des travaux de l\u2019Ass ...","robots":{"index":"index","follow":"follow","max-snippet":"max-snippet:-1","max-image-preview":"max-image-preview:large","max-video-preview":"max-video-preview:-1"},"canonical":"https:\/\/www.africa-press.net\/niger\/toutes-les-actualites\/assemblee-generale-elective-du-syndicat-regional-des-commercants-du-niamey-elhadj-samaila-hatimou-dit-illa-mai-aya-reconduit-president-pour-un-mandat-de-4-ans","og_locale":"fr_FR","og_type":"article","og_title":"Assembl\u00e9e G\u00e9n\u00e9rale \u00e9lective du Syndicat r\u00e9gional des commer\u00e7ants du Niamey : Elhadj Sama\u00efla Hatimou dit Illa Ma\u00ef Aya reconduit pr\u00e9sident pour un mandat de 4 ans","og_description":"\ufeffLe gouverneur de la r\u00e9gion de Niamey, M. Oudou Ambouka a pr\u00e9sid\u00e9 vendredi 20 ao\u00fbt 2021 l\u2019ouverture des travaux de l\u2019Ass ...","og_url":"https:\/\/www.africa-press.net\/niger\/toutes-les-actualites\/assemblee-generale-elective-du-syndicat-regional-des-commercants-du-niamey-elhadj-samaila-hatimou-dit-illa-mai-aya-reconduit-president-pour-un-mandat-de-4-ans","og_site_name":"niger","article_published_time":"2021-08-23T11:27:35+00:00","article_modified_time":"2021-08-26T19:03:20+00:00","og_image":[{"width":720,"height":392,"url":"https:\/\/static.africa-press.net\/niger\/sites\/40\/2021\/08\/img-612377cedab4f.jpg","type":"image\/jpeg"}],"author":"cfeditorfr","twitter_card":"summary_large_image","twitter_misc":{"\u00c9crit par":"cfeditorfr","Dur\u00e9e de lecture estim\u00e9e":"3 minutes"},"schema":{"@context":"https:\/\/schema.org","@graph":[{"@type":"Article","@id":"https:\/\/www.africa-press.net\/niger\/toutes-les-actualites\/assemblee-generale-elective-du-syndicat-regional-des-commercants-du-niamey-elhadj-samaila-hatimou-dit-illa-mai-aya-reconduit-president-pour-un-mandat-de-4-ans#article","isPartOf":{"@id":"https:\/\/www.africa-press.net\/niger\/toutes-les-actualites\/assemblee-generale-elective-du-syndicat-regional-des-commercants-du-niamey-elhadj-samaila-hatimou-dit-illa-mai-aya-reconduit-president-pour-un-mandat-de-4-ans"},"author":{"name":"cfeditorfr","@id":"https:\/\/www.africa-press.net\/niger\/#\/schema\/person\/2b1cf3cd81a31e3cd26889ca66d677f1"},"headline":"Assembl\u00e9e G\u00e9n\u00e9rale \u00e9lective du Syndicat r\u00e9gional des commer\u00e7ants du Niamey : Elhadj Sama\u00efla Hatimou dit Illa Ma\u00ef Aya reconduit pr\u00e9sident pour un mandat de 4 ans","datePublished":"2021-08-23T11:27:35+00:00","dateModified":"2021-08-26T19:03:20+00:00","mainEntityOfPage":{"@id":"https:\/\/www.africa-press.net\/niger\/toutes-les-actualites\/assemblee-generale-elective-du-syndicat-regional-des-commercants-du-niamey-elhadj-samaila-hatimou-dit-illa-mai-aya-reconduit-president-pour-un-mandat-de-4-ans"},"wordCount":565,"commentCount":0,"image":{"@id":"https:\/\/www.africa-press.net\/niger\/toutes-les-actualites\/assemblee-generale-elective-du-syndicat-regional-des-commercants-du-niamey-elhadj-samaila-hatimou-dit-illa-mai-aya-reconduit-president-pour-un-mandat-de-4-ans#primaryimage"},"thumbnailUrl":"https:\/\/static.africa-press.net\/niger\/sites\/40\/2021\/08\/img-612377cedab4f.jpg","keywords":["Africa Press","Africa Press-Niger","Niger"],"articleSection":["Communaut\u00e9","homepage-french","Toutes les actualit\u00e9s"],"inLanguage":"fr-FR","potentialAction":[{"@type":"CommentAction","name":"Comment","target":["https:\/\/www.africa-press.net\/niger\/toutes-les-actualites\/assemblee-generale-elective-du-syndicat-regional-des-commercants-du-niamey-elhadj-samaila-hatimou-dit-illa-mai-aya-reconduit-president-pour-un-mandat-de-4-ans#respond"]}]},{"@type":"WebPage","@id":"https:\/\/www.africa-press.net\/niger\/toutes-les-actualites\/assemblee-generale-elective-du-syndicat-regional-des-commercants-du-niamey-elhadj-samaila-hatimou-dit-illa-mai-aya-reconduit-president-pour-un-mandat-de-4-ans","url":"https:\/\/www.africa-press.net\/niger\/toutes-les-actualites\/assemblee-generale-elective-du-syndicat-regional-des-commercants-du-niamey-elhadj-samaila-hatimou-dit-illa-mai-aya-reconduit-president-pour-un-mandat-de-4-ans","name":"Assembl\u00e9e G\u00e9n\u00e9rale \u00e9lective du Syndicat r\u00e9gional des commer\u00e7ants du Niamey : Elhadj Sama\u00efla Hatimou dit Illa Ma\u00ef Aya reconduit pr\u00e9sident pour un mandat de 4 ans - niger","isPartOf":{"@id":"https:\/\/www.africa-press.net\/niger\/#website"},"primaryImageOfPage":{"@id":"https:\/\/www.africa-press.net\/niger\/toutes-les-actualites\/assemblee-generale-elective-du-syndicat-regional-des-commercants-du-niamey-elhadj-samaila-hatimou-dit-illa-mai-aya-reconduit-president-pour-un-mandat-de-4-ans#primaryimage"},"image":{"@id":"https:\/\/www.africa-press.net\/niger\/toutes-les-actualites\/assemblee-generale-elective-du-syndicat-regional-des-commercants-du-niamey-elhadj-samaila-hatimou-dit-illa-mai-aya-reconduit-president-pour-un-mandat-de-4-ans#primaryimage"},"thumbnailUrl":"https:\/\/static.africa-press.net\/niger\/sites\/40\/2021\/08\/img-612377cedab4f.jpg","datePublished":"2021-08-23T11:27:35+00:00","dateModified":"2021-08-26T19:03:20+00:00","author":{"@id":"https:\/\/www.africa-press.net\/niger\/#\/schema\/person\/2b1cf3cd81a31e3cd26889ca66d677f1"},"description":"\ufeffLe gouverneur de la r\u00e9gion de Niamey, M. Oudou Ambouka a pr\u00e9sid\u00e9 vendredi 20 ao\u00fbt 2021 l\u2019ouverture des travaux de l\u2019Ass ...","breadcrumb":{"@id":"https:\/\/www.africa-press.net\/niger\/toutes-les-actualites\/assemblee-generale-elective-du-syndicat-regional-des-commercants-du-niamey-elhadj-samaila-hatimou-dit-illa-mai-aya-reconduit-president-pour-un-mandat-de-4-ans#breadcrumb"},"inLanguage":"fr-FR","potentialAction":[{"@type":"ReadAction","target":["https:\/\/www.africa-press.net\/niger\/toutes-les-actualites\/assemblee-generale-elective-du-syndicat-regional-des-commercants-du-niamey-elhadj-samaila-hatimou-dit-illa-mai-aya-reconduit-president-pour-un-mandat-de-4-ans"]}]},{"@type":"ImageObject","inLanguage":"fr-FR","@id":"https:\/\/www.africa-press.net\/niger\/toutes-les-actualites\/assemblee-generale-elective-du-syndicat-regional-des-commercants-du-niamey-elhadj-samaila-hatimou-dit-illa-mai-aya-reconduit-president-pour-un-mandat-de-4-ans#primaryimage","url":"https:\/\/static.africa-press.net\/niger\/sites\/40\/2021\/08\/img-612377cedab4f.jpg","contentUrl":"https:\/\/static.africa-press.net\/niger\/sites\/40\/2021\/08\/img-612377cedab4f.jpg","width":720,"height":392,"caption":"Assembl\u00e9e G\u00e9n\u00e9rale \u00e9lective du Syndicat r\u00e9gional des commer\u00e7ants du Niamey : Elhadj Sama\u00efla Hatimou dit Illa Ma\u00ef Aya reconduit pr\u00e9sident pour un mandat de 4 ans"},{"@type":"BreadcrumbList","@id":"https:\/\/www.africa-press.net\/niger\/toutes-les-actualites\/assemblee-generale-elective-du-syndicat-regional-des-commercants-du-niamey-elhadj-samaila-hatimou-dit-illa-mai-aya-reconduit-president-pour-un-mandat-de-4-ans#breadcrumb","itemListElement":[{"@type":"ListItem","position":1,"name":"Accueil","item":"https:\/\/www.africa-press.net\/niger\/"},{"@type":"ListItem","position":2,"name":"Assembl\u00e9e G\u00e9n\u00e9rale \u00e9lective du Syndicat r\u00e9gional des commer\u00e7ants du Niamey : Elhadj Sama\u00efla Hatimou dit Illa Ma\u00ef Aya reconduit pr\u00e9sident pour un mandat de 4 ans"}]},{"@type":"WebSite","@id":"https:\/\/www.africa-press.net\/niger\/#website","url":"https:\/\/www.africa-press.net\/niger\/","name":"niger","description":"Just another Africa News Agency Sites site","potentialAction":[{"@type":"SearchAction","target":{"@type":"EntryPoint","urlTemplate":"https:\/\/www.africa-press.net\/niger\/?s={search_term_string}"},"query-input":{"@type":"PropertyValueSpecification","valueRequired":true,"valueName":"search_term_string"}}],"inLanguage":"fr-FR"},{"@type":"Person","@id":"https:\/\/www.africa-press.net\/niger\/#\/schema\/person\/2b1cf3cd81a31e3cd26889ca66d677f1","name":"cfeditorfr"}]}},"_links":{"self":[{"href":"https:\/\/www.africa-press.net\/niger\/wp-json\/wp\/v2\/posts\/10579","targetHints":{"allow":["GET"]}}],"collection":[{"href":"https:\/\/www.africa-press.net\/niger\/wp-json\/wp\/v2\/posts"}],"about":[{"href":"https:\/\/www.africa-press.net\/niger\/wp-json\/wp\/v2\/types\/post"}],"author":[{"embeddable":true,"href":"https:\/\/www.africa-press.net\/niger\/wp-json\/wp\/v2\/users\/82"}],"replies":[{"embeddable":true,"href":"https:\/\/www.africa-press.net\/niger\/wp-json\/wp\/v2\/comments?post=10579"}],"version-history":[{"count":0,"href":"https:\/\/www.africa-press.net\/niger\/wp-json\/wp\/v2\/posts\/10579\/revisions"}],"wp:featuredmedia":[{"embeddable":true,"href":"https:\/\/www.africa-press.net\/niger\/wp-json\/wp\/v2\/media\/10578"}],"wp:attachment":[{"href":"https:\/\/www.africa-press.net\/niger\/wp-json\/wp\/v2\/media?parent=10579"}],"wp:term":[{"taxonomy":"category","embeddable":true,"href":"https:\/\/www.africa-press.net\/niger\/wp-json\/wp\/v2\/categories?post=10579"},{"taxonomy":"post_tag","embeddable":true,"href":"https:\/\/www.africa-press.net\/niger\/wp-json\/wp\/v2\/tags?post=10579"}],"curies":[{"name":"wp","href":"https:\/\/api.w.org\/{rel}","templated":true}]}}