{"id":10582,"date":"2021-08-23T11:34:26","date_gmt":"2021-08-23T11:34:26","guid":{"rendered":"https:\/\/www.africa-press.net\/niger\/?p=10582"},"modified":"2021-08-26T19:03:29","modified_gmt":"2021-08-26T19:03:29","slug":"atelier-sur-loperationnalisation-dune-plateforme-interactive-de-collecte-de-traitement-et-de-diffusion-des-donnees-sur-le-secteur-faire-une-cartographie-des-acteurs-du-marche-de-t","status":"publish","type":"post","link":"https:\/\/www.africa-press.net\/niger\/toutes-les-actualites\/atelier-sur-loperationnalisation-dune-plateforme-interactive-de-collecte-de-traitement-et-de-diffusion-des-donnees-sur-le-secteur-faire-une-cartographie-des-acteurs-du-marche-de-t","title":{"rendered":"Atelier sur l\u2019op\u00e9rationnalisation d\u2019une plateforme interactive de collecte, de traitement et de diffusion des donn\u00e9es sur le secteur : Faire une cartographie des acteurs du march\u00e9 de travail"},"content":{"rendered":"<p><span style=\"color: #ff6600\"><strong><a href=\"https:\/\/www.africa-press.net\/\">Africa-Press<\/a> &#8211; <a href=\"https:\/\/www.africa-press.net\/niger\">Niger<\/a>. <\/strong><\/span>La ministre de la Fonction publique et de la reforme administrative Mme Ataka Zaharatou Aboubacar, assurant l\u2019int\u00e9rim de son homologue du Travail et de la protection sociale, a pr\u00e9sid\u00e9 le 20 Aout dernier, la c\u00e9r\u00e9monie d\u2019ouverture de l\u2019atelier de lancement du processus de mise en \u0153uvre de la plateforme digitale interactive de collecte, de traitement et de diffusion des donn\u00e9es sur l\u2019emploi et la formation professionnelle. Organis\u00e9 par l\u2019Observatoire National de l\u2019Emploi et de la Formation professionnelle (ONEF) en collaboration avec l\u2019institut international pour la planification de l\u2019\u00e9ducation IIPE- UNESCO, p\u00f4le de Dakar, cet atelier vise \u00e0 \u00e9laborer la cartographie des acteurs intervenant dans la production et l\u2019utilisation des donn\u00e9es du march\u00e9 du travail.<\/p>\n<p>Proc\u00e9dant au lancement des travaux, la ministre du Travail et de la protection sociale par int\u00e9rim a indiqu\u00e9 que la plateforme interactive en ligne fait appel \u00e0 plusieurs acteurs aux besoins divers et vari\u00e9s. La plupart de ces acteurs sont \u00e0 la fois des producteurs et des consommateurs de donn\u00e9es et d\u2019analyses. Mme Ataka Zaharatou Aboubacar a rappel\u00e9 que la cartographie permet d\u2019identifier les diff\u00e9rents acteurs \u00e0 tous les niveaux.<\/p>\n<p>En effet, elle a soulign\u00e9 que la maitrise et la connaissance des producteurs et des consommateurs des donn\u00e9es en mati\u00e8re d\u2019emploi et de formation professionnelle permettra d\u2019assurer l\u2019int\u00e9gration de la dimension emploi dans la planification r\u00e9gionale et locale. Cette mesure, a-t-elle dit, permettra de prendre en compte la promotion de l\u2019emploi au niveau des collectivit\u00e9s territoriales, d\u2019encourager les initiatives locales et de promouvoir l\u2019entrepreneuriat agricole et le d\u00e9veloppement de l\u2019emploi rural.<\/p>\n<p>Pour sa part, le directeur g\u00e9n\u00e9ral de l\u2019Observatoire National de l\u2019Emploi et de la Formation Professionnelle (ONEF), M. Oumarou Ibrahima a rappel\u00e9 que depuis le lancement des activit\u00e9s de cet Observatoire en Avril 2014, l\u2019institution s\u2019est attel\u00e9e au travail et a d\u00e9marr\u00e9 en mars 2020 et ses appuis multiformes \u00e0 travers les partenaires techniques et financiers dont l\u2019Institut International de Planification (IIPE-UNESCO), accompagnent le pays dans la mise en place du dispositif.<\/p>\n<p>Pour M. Oumarou Ibrahima, l\u2019av\u00e8nement de la plateforme interactive digitale \u00e0 l\u2019ONEF, est en harmonie avec l\u2019aspiration des plus hautes autorit\u00e9s du pays dans le cadre de la recherche du bien-\u00eatre des populations. Le DG de l\u2019ONEF a enfin notifi\u00e9 que ce lancement qui s\u2019inscrit dans le cadre de la mise en \u0153uvre de la plateforme digitale interactive de collecte, traitement et d\u2019analyse des donn\u00e9es, doit \u00eatre saisi pour marquer l\u2019engagement dans la recherche des r\u00e9sultats escompt\u00e9s par le projet.<\/p>\n<p><b>\u00a0<\/b><\/p>\n","protected":false},"excerpt":{"rendered":"<p>Africa-Press &#8211; Niger. La ministre de la Fonction publique et de la reforme administrative Mme Ataka Zaharatou Aboubacar, assurant l\u2019int\u00e9rim de son homologue du Travail et de la protection sociale, a pr\u00e9sid\u00e9 le 20 Aout dernier, la c\u00e9r\u00e9monie d\u2019ouverture de l\u2019atelier de lancement du processus de mise en \u0153uvre de la plateforme digitale interactive de [&hellip;]<\/p>\n","protected":false},"author":82,"featured_media":10581,"comment_status":"open","ping_status":"closed","sticky":false,"template":"","format":"standard","meta":{"footnotes":""},"categories":[21,11,10],"tags":[55,60,29],"class_list":["post-10582","post","type-post","status-publish","format-standard","has-post-thumbnail","hentry","category-communaute","category-homepage-french","category-toutes-les-actualites","tag-africa-press","tag-africa-press-niger","tag-niger"],"yoast_head":"<!-- This site is optimized with the Yoast SEO Premium plugin v26.1 (Yoast SEO v27.0) - https:\/\/yoast.com\/product\/yoast-seo-premium-wordpress\/ -->\n<title>Atelier sur l\u2019op\u00e9rationnalisation d\u2019une plateforme interactive de collecte, de traitement et de diffusion des donn\u00e9es sur le secteur : Faire une cartographie des acteurs du march\u00e9 de travail - niger<\/title>\n<meta name=\"description\" content=\"\ufeffLa ministre de la Fonction publique et de la reforme administrative Mme Ataka Zaharatou Aboubacar, assurant l\u2019int\u00e9rim d ...\" \/>\n<meta name=\"robots\" content=\"index, follow, max-snippet:-1, max-image-preview:large, max-video-preview:-1\" \/>\n<link rel=\"canonical\" href=\"https:\/\/www.africa-press.net\/niger\/toutes-les-actualites\/atelier-sur-loperationnalisation-dune-plateforme-interactive-de-collecte-de-traitement-et-de-diffusion-des-donnees-sur-le-secteur-faire-une-cartographie-des-acteurs-du-marche-de-t\" \/>\n<meta property=\"og:locale\" content=\"fr_FR\" \/>\n<meta property=\"og:type\" content=\"article\" \/>\n<meta property=\"og:title\" content=\"Atelier sur l\u2019op\u00e9rationnalisation d\u2019une plateforme interactive de collecte, de traitement et de diffusion des donn\u00e9es sur le secteur : Faire une cartographie des acteurs du march\u00e9 de travail\" \/>\n<meta property=\"og:description\" content=\"\ufeffLa ministre de la Fonction publique et de la reforme administrative Mme Ataka Zaharatou Aboubacar, assurant l\u2019int\u00e9rim d ...\" \/>\n<meta property=\"og:url\" content=\"https:\/\/www.africa-press.net\/niger\/toutes-les-actualites\/atelier-sur-loperationnalisation-dune-plateforme-interactive-de-collecte-de-traitement-et-de-diffusion-des-donnees-sur-le-secteur-faire-une-cartographie-des-acteurs-du-marche-de-t\" \/>\n<meta property=\"og:site_name\" content=\"niger\" \/>\n<meta property=\"article:published_time\" content=\"2021-08-23T11:34:26+00:00\" \/>\n<meta property=\"article:modified_time\" content=\"2021-08-26T19:03:29+00:00\" \/>\n<meta property=\"og:image\" content=\"https:\/\/static.africa-press.net\/niger\/sites\/40\/2021\/08\/img-612377fb791b1.jpg\" \/>\n\t<meta property=\"og:image:width\" content=\"720\" \/>\n\t<meta property=\"og:image:height\" content=\"427\" \/>\n\t<meta property=\"og:image:type\" content=\"image\/jpeg\" \/>\n<meta name=\"author\" content=\"cfeditorfr\" \/>\n<meta name=\"twitter:card\" content=\"summary_large_image\" \/>\n<meta name=\"twitter:label1\" content=\"\u00c9crit par\" \/>\n\t<meta name=\"twitter:data1\" content=\"cfeditorfr\" \/>\n\t<meta name=\"twitter:label2\" content=\"Dur\u00e9e de lecture estim\u00e9e\" \/>\n\t<meta name=\"twitter:data2\" content=\"2 minutes\" \/>\n<script type=\"application\/ld+json\" class=\"yoast-schema-graph\">{\"@context\":\"https:\/\/schema.org\",\"@graph\":[{\"@type\":\"Article\",\"@id\":\"https:\/\/www.africa-press.net\/niger\/toutes-les-actualites\/atelier-sur-loperationnalisation-dune-plateforme-interactive-de-collecte-de-traitement-et-de-diffusion-des-donnees-sur-le-secteur-faire-une-cartographie-des-acteurs-du-marche-de-t#article\",\"isPartOf\":{\"@id\":\"https:\/\/www.africa-press.net\/niger\/toutes-les-actualites\/atelier-sur-loperationnalisation-dune-plateforme-interactive-de-collecte-de-traitement-et-de-diffusion-des-donnees-sur-le-secteur-faire-une-cartographie-des-acteurs-du-marche-de-t\"},\"author\":{\"name\":\"cfeditorfr\",\"@id\":\"https:\/\/www.africa-press.net\/niger\/#\/schema\/person\/2b1cf3cd81a31e3cd26889ca66d677f1\"},\"headline\":\"Atelier sur l\u2019op\u00e9rationnalisation d\u2019une plateforme interactive de collecte, de traitement et de diffusion des donn\u00e9es sur le secteur : Faire une cartographie des acteurs du march\u00e9 de travail\",\"datePublished\":\"2021-08-23T11:34:26+00:00\",\"dateModified\":\"2021-08-26T19:03:29+00:00\",\"mainEntityOfPage\":{\"@id\":\"https:\/\/www.africa-press.net\/niger\/toutes-les-actualites\/atelier-sur-loperationnalisation-dune-plateforme-interactive-de-collecte-de-traitement-et-de-diffusion-des-donnees-sur-le-secteur-faire-une-cartographie-des-acteurs-du-marche-de-t\"},\"wordCount\":491,\"commentCount\":0,\"image\":{\"@id\":\"https:\/\/www.africa-press.net\/niger\/toutes-les-actualites\/atelier-sur-loperationnalisation-dune-plateforme-interactive-de-collecte-de-traitement-et-de-diffusion-des-donnees-sur-le-secteur-faire-une-cartographie-des-acteurs-du-marche-de-t#primaryimage\"},\"thumbnailUrl\":\"https:\/\/static.africa-press.net\/niger\/sites\/40\/2021\/08\/img-612377fb791b1.jpg\",\"keywords\":[\"Africa Press\",\"Africa Press-Niger\",\"Niger\"],\"articleSection\":[\"Communaut\u00e9\",\"homepage-french\",\"Toutes les actualit\u00e9s\"],\"inLanguage\":\"fr-FR\",\"potentialAction\":[{\"@type\":\"CommentAction\",\"name\":\"Comment\",\"target\":[\"https:\/\/www.africa-press.net\/niger\/toutes-les-actualites\/atelier-sur-loperationnalisation-dune-plateforme-interactive-de-collecte-de-traitement-et-de-diffusion-des-donnees-sur-le-secteur-faire-une-cartographie-des-acteurs-du-marche-de-t#respond\"]}]},{\"@type\":\"WebPage\",\"@id\":\"https:\/\/www.africa-press.net\/niger\/toutes-les-actualites\/atelier-sur-loperationnalisation-dune-plateforme-interactive-de-collecte-de-traitement-et-de-diffusion-des-donnees-sur-le-secteur-faire-une-cartographie-des-acteurs-du-marche-de-t\",\"url\":\"https:\/\/www.africa-press.net\/niger\/toutes-les-actualites\/atelier-sur-loperationnalisation-dune-plateforme-interactive-de-collecte-de-traitement-et-de-diffusion-des-donnees-sur-le-secteur-faire-une-cartographie-des-acteurs-du-marche-de-t\",\"name\":\"Atelier sur l\u2019op\u00e9rationnalisation d\u2019une plateforme interactive de collecte, de traitement et de diffusion des donn\u00e9es sur le secteur : Faire une cartographie des acteurs du march\u00e9 de travail - niger\",\"isPartOf\":{\"@id\":\"https:\/\/www.africa-press.net\/niger\/#website\"},\"primaryImageOfPage\":{\"@id\":\"https:\/\/www.africa-press.net\/niger\/toutes-les-actualites\/atelier-sur-loperationnalisation-dune-plateforme-interactive-de-collecte-de-traitement-et-de-diffusion-des-donnees-sur-le-secteur-faire-une-cartographie-des-acteurs-du-marche-de-t#primaryimage\"},\"image\":{\"@id\":\"https:\/\/www.africa-press.net\/niger\/toutes-les-actualites\/atelier-sur-loperationnalisation-dune-plateforme-interactive-de-collecte-de-traitement-et-de-diffusion-des-donnees-sur-le-secteur-faire-une-cartographie-des-acteurs-du-marche-de-t#primaryimage\"},\"thumbnailUrl\":\"https:\/\/static.africa-press.net\/niger\/sites\/40\/2021\/08\/img-612377fb791b1.jpg\",\"datePublished\":\"2021-08-23T11:34:26+00:00\",\"dateModified\":\"2021-08-26T19:03:29+00:00\",\"author\":{\"@id\":\"https:\/\/www.africa-press.net\/niger\/#\/schema\/person\/2b1cf3cd81a31e3cd26889ca66d677f1\"},\"description\":\"\ufeffLa ministre de la Fonction publique et de la reforme administrative Mme Ataka Zaharatou Aboubacar, assurant l\u2019int\u00e9rim d ...\",\"breadcrumb\":{\"@id\":\"https:\/\/www.africa-press.net\/niger\/toutes-les-actualites\/atelier-sur-loperationnalisation-dune-plateforme-interactive-de-collecte-de-traitement-et-de-diffusion-des-donnees-sur-le-secteur-faire-une-cartographie-des-acteurs-du-marche-de-t#breadcrumb\"},\"inLanguage\":\"fr-FR\",\"potentialAction\":[{\"@type\":\"ReadAction\",\"target\":[\"https:\/\/www.africa-press.net\/niger\/toutes-les-actualites\/atelier-sur-loperationnalisation-dune-plateforme-interactive-de-collecte-de-traitement-et-de-diffusion-des-donnees-sur-le-secteur-faire-une-cartographie-des-acteurs-du-marche-de-t\"]}]},{\"@type\":\"ImageObject\",\"inLanguage\":\"fr-FR\",\"@id\":\"https:\/\/www.africa-press.net\/niger\/toutes-les-actualites\/atelier-sur-loperationnalisation-dune-plateforme-interactive-de-collecte-de-traitement-et-de-diffusion-des-donnees-sur-le-secteur-faire-une-cartographie-des-acteurs-du-marche-de-t#primaryimage\",\"url\":\"https:\/\/static.africa-press.net\/niger\/sites\/40\/2021\/08\/img-612377fb791b1.jpg\",\"contentUrl\":\"https:\/\/static.africa-press.net\/niger\/sites\/40\/2021\/08\/img-612377fb791b1.jpg\",\"width\":720,\"height\":427,\"caption\":\"Atelier sur l\u2019op\u00e9rationnalisation d\u2019une plateforme interactive de collecte, de traitement et de diffusion des donn\u00e9es sur le secteur : Faire une cartographie des acteurs du march\u00e9 de travail\"},{\"@type\":\"BreadcrumbList\",\"@id\":\"https:\/\/www.africa-press.net\/niger\/toutes-les-actualites\/atelier-sur-loperationnalisation-dune-plateforme-interactive-de-collecte-de-traitement-et-de-diffusion-des-donnees-sur-le-secteur-faire-une-cartographie-des-acteurs-du-marche-de-t#breadcrumb\",\"itemListElement\":[{\"@type\":\"ListItem\",\"position\":1,\"name\":\"Accueil\",\"item\":\"https:\/\/www.africa-press.net\/niger\/\"},{\"@type\":\"ListItem\",\"position\":2,\"name\":\"Atelier sur l\u2019op\u00e9rationnalisation d\u2019une plateforme interactive de collecte, de traitement et de diffusion des donn\u00e9es sur le secteur : Faire une cartographie des acteurs du march\u00e9 de travail\"}]},{\"@type\":\"WebSite\",\"@id\":\"https:\/\/www.africa-press.net\/niger\/#website\",\"url\":\"https:\/\/www.africa-press.net\/niger\/\",\"name\":\"niger\",\"description\":\"Just another Africa News Agency Sites site\",\"potentialAction\":[{\"@type\":\"SearchAction\",\"target\":{\"@type\":\"EntryPoint\",\"urlTemplate\":\"https:\/\/www.africa-press.net\/niger\/?s={search_term_string}\"},\"query-input\":{\"@type\":\"PropertyValueSpecification\",\"valueRequired\":true,\"valueName\":\"search_term_string\"}}],\"inLanguage\":\"fr-FR\"},{\"@type\":\"Person\",\"@id\":\"https:\/\/www.africa-press.net\/niger\/#\/schema\/person\/2b1cf3cd81a31e3cd26889ca66d677f1\",\"name\":\"cfeditorfr\"}]}<\/script>\n<!-- \/ Yoast SEO Premium plugin. -->","yoast_head_json":{"title":"Atelier sur l\u2019op\u00e9rationnalisation d\u2019une plateforme interactive de collecte, de traitement et de diffusion des donn\u00e9es sur le secteur : Faire une cartographie des acteurs du march\u00e9 de travail - niger","description":"\ufeffLa ministre de la Fonction publique et de la reforme administrative Mme Ataka Zaharatou Aboubacar, assurant l\u2019int\u00e9rim d ...","robots":{"index":"index","follow":"follow","max-snippet":"max-snippet:-1","max-image-preview":"max-image-preview:large","max-video-preview":"max-video-preview:-1"},"canonical":"https:\/\/www.africa-press.net\/niger\/toutes-les-actualites\/atelier-sur-loperationnalisation-dune-plateforme-interactive-de-collecte-de-traitement-et-de-diffusion-des-donnees-sur-le-secteur-faire-une-cartographie-des-acteurs-du-marche-de-t","og_locale":"fr_FR","og_type":"article","og_title":"Atelier sur l\u2019op\u00e9rationnalisation d\u2019une plateforme interactive de collecte, de traitement et de diffusion des donn\u00e9es sur le secteur : Faire une cartographie des acteurs du march\u00e9 de travail","og_description":"\ufeffLa ministre de la Fonction publique et de la reforme administrative Mme Ataka Zaharatou Aboubacar, assurant l\u2019int\u00e9rim d ...","og_url":"https:\/\/www.africa-press.net\/niger\/toutes-les-actualites\/atelier-sur-loperationnalisation-dune-plateforme-interactive-de-collecte-de-traitement-et-de-diffusion-des-donnees-sur-le-secteur-faire-une-cartographie-des-acteurs-du-marche-de-t","og_site_name":"niger","article_published_time":"2021-08-23T11:34:26+00:00","article_modified_time":"2021-08-26T19:03:29+00:00","og_image":[{"width":720,"height":427,"url":"https:\/\/static.africa-press.net\/niger\/sites\/40\/2021\/08\/img-612377fb791b1.jpg","type":"image\/jpeg"}],"author":"cfeditorfr","twitter_card":"summary_large_image","twitter_misc":{"\u00c9crit par":"cfeditorfr","Dur\u00e9e de lecture estim\u00e9e":"2 minutes"},"schema":{"@context":"https:\/\/schema.org","@graph":[{"@type":"Article","@id":"https:\/\/www.africa-press.net\/niger\/toutes-les-actualites\/atelier-sur-loperationnalisation-dune-plateforme-interactive-de-collecte-de-traitement-et-de-diffusion-des-donnees-sur-le-secteur-faire-une-cartographie-des-acteurs-du-marche-de-t#article","isPartOf":{"@id":"https:\/\/www.africa-press.net\/niger\/toutes-les-actualites\/atelier-sur-loperationnalisation-dune-plateforme-interactive-de-collecte-de-traitement-et-de-diffusion-des-donnees-sur-le-secteur-faire-une-cartographie-des-acteurs-du-marche-de-t"},"author":{"name":"cfeditorfr","@id":"https:\/\/www.africa-press.net\/niger\/#\/schema\/person\/2b1cf3cd81a31e3cd26889ca66d677f1"},"headline":"Atelier sur l\u2019op\u00e9rationnalisation d\u2019une plateforme interactive de collecte, de traitement et de diffusion des donn\u00e9es sur le secteur : Faire une cartographie des acteurs du march\u00e9 de travail","datePublished":"2021-08-23T11:34:26+00:00","dateModified":"2021-08-26T19:03:29+00:00","mainEntityOfPage":{"@id":"https:\/\/www.africa-press.net\/niger\/toutes-les-actualites\/atelier-sur-loperationnalisation-dune-plateforme-interactive-de-collecte-de-traitement-et-de-diffusion-des-donnees-sur-le-secteur-faire-une-cartographie-des-acteurs-du-marche-de-t"},"wordCount":491,"commentCount":0,"image":{"@id":"https:\/\/www.africa-press.net\/niger\/toutes-les-actualites\/atelier-sur-loperationnalisation-dune-plateforme-interactive-de-collecte-de-traitement-et-de-diffusion-des-donnees-sur-le-secteur-faire-une-cartographie-des-acteurs-du-marche-de-t#primaryimage"},"thumbnailUrl":"https:\/\/static.africa-press.net\/niger\/sites\/40\/2021\/08\/img-612377fb791b1.jpg","keywords":["Africa Press","Africa Press-Niger","Niger"],"articleSection":["Communaut\u00e9","homepage-french","Toutes les actualit\u00e9s"],"inLanguage":"fr-FR","potentialAction":[{"@type":"CommentAction","name":"Comment","target":["https:\/\/www.africa-press.net\/niger\/toutes-les-actualites\/atelier-sur-loperationnalisation-dune-plateforme-interactive-de-collecte-de-traitement-et-de-diffusion-des-donnees-sur-le-secteur-faire-une-cartographie-des-acteurs-du-marche-de-t#respond"]}]},{"@type":"WebPage","@id":"https:\/\/www.africa-press.net\/niger\/toutes-les-actualites\/atelier-sur-loperationnalisation-dune-plateforme-interactive-de-collecte-de-traitement-et-de-diffusion-des-donnees-sur-le-secteur-faire-une-cartographie-des-acteurs-du-marche-de-t","url":"https:\/\/www.africa-press.net\/niger\/toutes-les-actualites\/atelier-sur-loperationnalisation-dune-plateforme-interactive-de-collecte-de-traitement-et-de-diffusion-des-donnees-sur-le-secteur-faire-une-cartographie-des-acteurs-du-marche-de-t","name":"Atelier sur l\u2019op\u00e9rationnalisation d\u2019une plateforme interactive de collecte, de traitement et de diffusion des donn\u00e9es sur le secteur : Faire une cartographie des acteurs du march\u00e9 de travail - niger","isPartOf":{"@id":"https:\/\/www.africa-press.net\/niger\/#website"},"primaryImageOfPage":{"@id":"https:\/\/www.africa-press.net\/niger\/toutes-les-actualites\/atelier-sur-loperationnalisation-dune-plateforme-interactive-de-collecte-de-traitement-et-de-diffusion-des-donnees-sur-le-secteur-faire-une-cartographie-des-acteurs-du-marche-de-t#primaryimage"},"image":{"@id":"https:\/\/www.africa-press.net\/niger\/toutes-les-actualites\/atelier-sur-loperationnalisation-dune-plateforme-interactive-de-collecte-de-traitement-et-de-diffusion-des-donnees-sur-le-secteur-faire-une-cartographie-des-acteurs-du-marche-de-t#primaryimage"},"thumbnailUrl":"https:\/\/static.africa-press.net\/niger\/sites\/40\/2021\/08\/img-612377fb791b1.jpg","datePublished":"2021-08-23T11:34:26+00:00","dateModified":"2021-08-26T19:03:29+00:00","author":{"@id":"https:\/\/www.africa-press.net\/niger\/#\/schema\/person\/2b1cf3cd81a31e3cd26889ca66d677f1"},"description":"\ufeffLa ministre de la Fonction publique et de la reforme administrative Mme Ataka Zaharatou Aboubacar, assurant l\u2019int\u00e9rim d ...","breadcrumb":{"@id":"https:\/\/www.africa-press.net\/niger\/toutes-les-actualites\/atelier-sur-loperationnalisation-dune-plateforme-interactive-de-collecte-de-traitement-et-de-diffusion-des-donnees-sur-le-secteur-faire-une-cartographie-des-acteurs-du-marche-de-t#breadcrumb"},"inLanguage":"fr-FR","potentialAction":[{"@type":"ReadAction","target":["https:\/\/www.africa-press.net\/niger\/toutes-les-actualites\/atelier-sur-loperationnalisation-dune-plateforme-interactive-de-collecte-de-traitement-et-de-diffusion-des-donnees-sur-le-secteur-faire-une-cartographie-des-acteurs-du-marche-de-t"]}]},{"@type":"ImageObject","inLanguage":"fr-FR","@id":"https:\/\/www.africa-press.net\/niger\/toutes-les-actualites\/atelier-sur-loperationnalisation-dune-plateforme-interactive-de-collecte-de-traitement-et-de-diffusion-des-donnees-sur-le-secteur-faire-une-cartographie-des-acteurs-du-marche-de-t#primaryimage","url":"https:\/\/static.africa-press.net\/niger\/sites\/40\/2021\/08\/img-612377fb791b1.jpg","contentUrl":"https:\/\/static.africa-press.net\/niger\/sites\/40\/2021\/08\/img-612377fb791b1.jpg","width":720,"height":427,"caption":"Atelier sur l\u2019op\u00e9rationnalisation d\u2019une plateforme interactive de collecte, de traitement et de diffusion des donn\u00e9es sur le secteur : Faire une cartographie des acteurs du march\u00e9 de travail"},{"@type":"BreadcrumbList","@id":"https:\/\/www.africa-press.net\/niger\/toutes-les-actualites\/atelier-sur-loperationnalisation-dune-plateforme-interactive-de-collecte-de-traitement-et-de-diffusion-des-donnees-sur-le-secteur-faire-une-cartographie-des-acteurs-du-marche-de-t#breadcrumb","itemListElement":[{"@type":"ListItem","position":1,"name":"Accueil","item":"https:\/\/www.africa-press.net\/niger\/"},{"@type":"ListItem","position":2,"name":"Atelier sur l\u2019op\u00e9rationnalisation d\u2019une plateforme interactive de collecte, de traitement et de diffusion des donn\u00e9es sur le secteur : Faire une cartographie des acteurs du march\u00e9 de travail"}]},{"@type":"WebSite","@id":"https:\/\/www.africa-press.net\/niger\/#website","url":"https:\/\/www.africa-press.net\/niger\/","name":"niger","description":"Just another Africa News Agency Sites site","potentialAction":[{"@type":"SearchAction","target":{"@type":"EntryPoint","urlTemplate":"https:\/\/www.africa-press.net\/niger\/?s={search_term_string}"},"query-input":{"@type":"PropertyValueSpecification","valueRequired":true,"valueName":"search_term_string"}}],"inLanguage":"fr-FR"},{"@type":"Person","@id":"https:\/\/www.africa-press.net\/niger\/#\/schema\/person\/2b1cf3cd81a31e3cd26889ca66d677f1","name":"cfeditorfr"}]}},"_links":{"self":[{"href":"https:\/\/www.africa-press.net\/niger\/wp-json\/wp\/v2\/posts\/10582","targetHints":{"allow":["GET"]}}],"collection":[{"href":"https:\/\/www.africa-press.net\/niger\/wp-json\/wp\/v2\/posts"}],"about":[{"href":"https:\/\/www.africa-press.net\/niger\/wp-json\/wp\/v2\/types\/post"}],"author":[{"embeddable":true,"href":"https:\/\/www.africa-press.net\/niger\/wp-json\/wp\/v2\/users\/82"}],"replies":[{"embeddable":true,"href":"https:\/\/www.africa-press.net\/niger\/wp-json\/wp\/v2\/comments?post=10582"}],"version-history":[{"count":0,"href":"https:\/\/www.africa-press.net\/niger\/wp-json\/wp\/v2\/posts\/10582\/revisions"}],"wp:featuredmedia":[{"embeddable":true,"href":"https:\/\/www.africa-press.net\/niger\/wp-json\/wp\/v2\/media\/10581"}],"wp:attachment":[{"href":"https:\/\/www.africa-press.net\/niger\/wp-json\/wp\/v2\/media?parent=10582"}],"wp:term":[{"taxonomy":"category","embeddable":true,"href":"https:\/\/www.africa-press.net\/niger\/wp-json\/wp\/v2\/categories?post=10582"},{"taxonomy":"post_tag","embeddable":true,"href":"https:\/\/www.africa-press.net\/niger\/wp-json\/wp\/v2\/tags?post=10582"}],"curies":[{"name":"wp","href":"https:\/\/api.w.org\/{rel}","templated":true}]}}