{"id":10591,"date":"2021-08-23T11:55:23","date_gmt":"2021-08-23T11:55:23","guid":{"rendered":"https:\/\/www.africa-press.net\/niger\/?p=10591"},"modified":"2021-08-26T19:04:02","modified_gmt":"2021-08-26T19:04:02","slug":"g5-sahel-le-tchad-retire-600-soldats-de-la-zone-dite-des-trois-frontieres","status":"publish","type":"post","link":"https:\/\/www.africa-press.net\/niger\/politique\/g5-sahel-le-tchad-retire-600-soldats-de-la-zone-dite-des-trois-frontieres","title":{"rendered":"G5 Sahel : le Tchad retire 600 soldats de la zone dite \u00ab\u00a0des trois fronti\u00e8res\u00a0\u00bb"},"content":{"rendered":"<p><span style=\"color: #ff6600\"><strong><a href=\"https:\/\/www.africa-press.net\/\">Africa-Press<\/a> &#8211; <a href=\"https:\/\/www.africa-press.net\/niger\">Niger<\/a>. <\/strong><\/span>Le Tchad a annonc\u00e9 le 21 ao\u00fbt diviser de moiti\u00e9 ses effectifs combattant au sein du G5 Sahel dans cette zone situ\u00e9e entre le Mali, le Niger et le Burkina Faso.<\/p>\n<p>\u00ab On a red\u00e9ploy\u00e9 au Tchad 600 hommes en accord avec les forces du G5 Sahel. Il s\u2019agit d\u2019un red\u00e9ploiement strat\u00e9gique pour s\u2019adapter au mieux \u00e0 l\u2019organisation des terroristes \u00bb, a affirm\u00e9 Abderaman Koulamallah, porte-parole du gouvernement.<\/p>\n<p>Un contingent de 1 200 soldats tchadiens avait \u00e9t\u00e9 d\u00e9ploy\u00e9 dans cette zone pour lutter contre les groupes djihadistes, dans le cadre de la force multinationale du G5 Sahel, groupe de cinq pays sah\u00e9liens \u2013 Tchad, Mali, Mauritanie, Niger et Burkina Faso \u2013 qui s\u2019efforcent, depuis 2017, de coop\u00e9rer dans le cadre de cette lutte.<\/p>\n<p><b>Dispositif all\u00e9g\u00e9<\/b><\/p>\n<p>La zone \u00ab des trois fronti\u00e8res \u00bb est, avec le centre du Mali, la plus touch\u00e9e par les attaques djihadistes commises par des groupes notamment affili\u00e9s \u00e0 Al-Qaida ou \u00e0 l\u2019organisation Etat islamique au grand Sahara. Les morts, civils comme militaires, s\u2019y comptent par milliers. La derni\u00e8re attaque, samedi, contre un village de cette zone au Niger a fait une dizaine de morts parmi des civils. Lundi, une autre attaque avait fait 37 morts.<\/p>\n<p>\u00ab Il nous reste environ 600 soldats sur le terrain. C\u2019est une d\u00e9cision concert\u00e9e de longue date avec le commandement du G5. On a voulu all\u00e9ger le dispositif, qui n\u2019\u00e9tait pas adapt\u00e9 \u00bb, a assur\u00e9 Abderaman Koulamallah. Les troupes tchadiennes sont bas\u00e9es \u00e0 T\u00e9ra, ville du sud-ouest du Niger.<\/p>\n<p>\u00ab Par rapport \u00e0 la situation sur le terrain, il faut avoir une force mobile, d\u2019o\u00f9 le retrait de certaines de nos forces avec les armes lourdes \u00bb, a ajout\u00e9 le porte-parole du gouvernement. \u00ab Notre volont\u00e9 politique de faire face aux djihadistes reste intacte \u00bb, a-t-il poursuivi.<\/p>\n<p><b>\u00ab Concertations \u00bb<\/b><\/p>\n<p>La France, tr\u00e8s impliqu\u00e9e dans la lutte contre les djihadistes dans la r\u00e9gion, a annonc\u00e9 r\u00e9cemment la r\u00e9duction progressive de ses effectifs militaires au Sahel au profit d\u2019un dispositif all\u00e9g\u00e9 de 2 500 \u00e0 3 000 hommes, contre les quelque 5 000 qui composaient la force de l\u2019op\u00e9ration \u00ab Barkhane \u00bb, amen\u00e9e \u00e0 dispara\u00eetre. L\u2019envoi des soldats tchadiens, avant d\u2019\u00eatre effectif en f\u00e9vrier, \u00e9tait r\u00e9clam\u00e9 depuis plusieurs ann\u00e9es par Paris.<\/p>\n<p>Le minist\u00e8re fran\u00e7ais des arm\u00e9es a confirm\u00e9 que la d\u00e9cision tchadienne \u00ab a \u00e9t\u00e9 prise en parfaite concertation avec les partenaires du G5 Sahel ainsi que de la coalition pour le Sahel, dont la France \u00bb. \u00ab Il s\u2019agit d\u2019avoir un dispositif \u00e0 la fois plus l\u00e9ger, plus r\u00e9actif et plus facile \u00e0 soutenir, en conservant les moyens de combat les plus adapt\u00e9s \u00e0 l\u2019ennemi \u00bb, a-t-il pr\u00e9cis\u00e9.<\/p>\n<p>Une source malienne au minist\u00e8re de la d\u00e9fense, sous couvert d\u2019anonymat, a assur\u00e9 que le Niger avait \u00ab officiellement inform\u00e9 avant \u00bb le Mali de \u00ab ce r\u00e9ajustement \u00bb, et que \u00ab le processus de retour \u00bb des soldats au Tchad \u00e9tait \u00ab bien coordonn\u00e9 \u00bb.<\/p>\n<p>Dans la zone \u00ab des trois fronti\u00e8res \u00bb, la pr\u00e9sence djihadiste s\u2019est greff\u00e9e sur des tensions qui existent de longue date entre communaut\u00e9s, dont certaines se sont constitu\u00e9es en groupes arm\u00e9s alimentant les violences.<\/p>\n<p>Le Tchad fait aussi face \u00e0 la pr\u00e9sence djihadiste sur son territoire dans la r\u00e9gion du lac Tchad, pr\u00e8s de la fronti\u00e8re avec le Cameroun. Au d\u00e9but d\u2019ao\u00fbt, au moins 26 militaires tchadiens ont \u00e9t\u00e9 tu\u00e9s dans une attaque attribu\u00e9e au groupe nig\u00e9rian Boko Haram.<\/p>\n<p>\u00ab Le lourd tribut que nous payons dans cette guerre asym\u00e9trique est amer, mais il ne sera pas vain. Nous ferons capituler l\u2019hydre terroriste \u00bb, avait r\u00e9agi Mahamat Idriss D\u00e9by, pr\u00e9sident du Conseil militaire de transition depuis la mort de son p\u00e8re, Idriss D\u00e9by, en avril 2021, tu\u00e9 lors de combats contre des rebelles venus de Libye.<\/p>\n","protected":false},"excerpt":{"rendered":"<p>Africa-Press &#8211; Niger. Le Tchad a annonc\u00e9 le 21 ao\u00fbt diviser de moiti\u00e9 ses effectifs combattant au sein du G5 Sahel dans cette zone situ\u00e9e entre le Mali, le Niger et le Burkina Faso. \u00ab On a red\u00e9ploy\u00e9 au Tchad 600 hommes en accord avec les forces du G5 Sahel. Il s\u2019agit d\u2019un red\u00e9ploiement strat\u00e9gique [&hellip;]<\/p>\n","protected":false},"author":82,"featured_media":10590,"comment_status":"open","ping_status":"closed","sticky":false,"template":"","format":"standard","meta":{"footnotes":""},"categories":[11,2,20,10],"tags":[55,60,29],"class_list":["post-10591","post","type-post","status-publish","format-standard","has-post-thumbnail","hentry","category-homepage-french","category-politique","category-top-nouvelles","category-toutes-les-actualites","tag-africa-press","tag-africa-press-niger","tag-niger"],"yoast_head":"<!-- This site is optimized with the Yoast SEO Premium plugin v26.1 (Yoast SEO v27.0) - https:\/\/yoast.com\/product\/yoast-seo-premium-wordpress\/ -->\n<title>G5 Sahel : le Tchad retire 600 soldats de la zone dite \u00ab\u00a0des trois fronti\u00e8res\u00a0\u00bb - niger<\/title>\n<meta name=\"description\" content=\"Le Tchad a annonc\u00e9 le 21 ao\u00fbt diviser de moiti\u00e9 ses effectifs combattant au sein du G5 Sahel dans cette zone situ\u00e9e entr ...\" \/>\n<meta name=\"robots\" content=\"index, follow, max-snippet:-1, max-image-preview:large, max-video-preview:-1\" \/>\n<link rel=\"canonical\" href=\"https:\/\/www.africa-press.net\/niger\/politique\/g5-sahel-le-tchad-retire-600-soldats-de-la-zone-dite-des-trois-frontieres\" \/>\n<meta property=\"og:locale\" content=\"fr_FR\" \/>\n<meta property=\"og:type\" content=\"article\" \/>\n<meta property=\"og:title\" content=\"G5 Sahel : le Tchad retire 600 soldats de la zone dite \u00ab\u00a0des trois fronti\u00e8res\u00a0\u00bb\" \/>\n<meta property=\"og:description\" content=\"Le Tchad a annonc\u00e9 le 21 ao\u00fbt diviser de moiti\u00e9 ses effectifs combattant au sein du G5 Sahel dans cette zone situ\u00e9e entr ...\" \/>\n<meta property=\"og:url\" content=\"https:\/\/www.africa-press.net\/niger\/politique\/g5-sahel-le-tchad-retire-600-soldats-de-la-zone-dite-des-trois-frontieres\" \/>\n<meta property=\"og:site_name\" content=\"niger\" \/>\n<meta property=\"article:published_time\" content=\"2021-08-23T11:55:23+00:00\" \/>\n<meta property=\"article:modified_time\" content=\"2021-08-26T19:04:02+00:00\" \/>\n<meta property=\"og:image\" content=\"https:\/\/static.africa-press.net\/niger\/sites\/40\/2021\/08\/img-612378b40cf74.jpg\" \/>\n\t<meta property=\"og:image:width\" content=\"720\" \/>\n\t<meta property=\"og:image:height\" content=\"360\" \/>\n\t<meta property=\"og:image:type\" content=\"image\/jpeg\" \/>\n<meta name=\"author\" content=\"cfeditorfr\" \/>\n<meta name=\"twitter:card\" content=\"summary_large_image\" \/>\n<meta name=\"twitter:label1\" content=\"\u00c9crit par\" \/>\n\t<meta name=\"twitter:data1\" content=\"cfeditorfr\" \/>\n\t<meta name=\"twitter:label2\" content=\"Dur\u00e9e de lecture estim\u00e9e\" \/>\n\t<meta name=\"twitter:data2\" content=\"3 minutes\" \/>\n<script type=\"application\/ld+json\" class=\"yoast-schema-graph\">{\"@context\":\"https:\/\/schema.org\",\"@graph\":[{\"@type\":\"Article\",\"@id\":\"https:\/\/www.africa-press.net\/niger\/politique\/g5-sahel-le-tchad-retire-600-soldats-de-la-zone-dite-des-trois-frontieres#article\",\"isPartOf\":{\"@id\":\"https:\/\/www.africa-press.net\/niger\/politique\/g5-sahel-le-tchad-retire-600-soldats-de-la-zone-dite-des-trois-frontieres\"},\"author\":{\"name\":\"cfeditorfr\",\"@id\":\"https:\/\/www.africa-press.net\/niger\/#\/schema\/person\/2b1cf3cd81a31e3cd26889ca66d677f1\"},\"headline\":\"G5 Sahel : le Tchad retire 600 soldats de la zone dite \u00ab\u00a0des trois fronti\u00e8res\u00a0\u00bb\",\"datePublished\":\"2021-08-23T11:55:23+00:00\",\"dateModified\":\"2021-08-26T19:04:02+00:00\",\"mainEntityOfPage\":{\"@id\":\"https:\/\/www.africa-press.net\/niger\/politique\/g5-sahel-le-tchad-retire-600-soldats-de-la-zone-dite-des-trois-frontieres\"},\"wordCount\":661,\"commentCount\":0,\"image\":{\"@id\":\"https:\/\/www.africa-press.net\/niger\/politique\/g5-sahel-le-tchad-retire-600-soldats-de-la-zone-dite-des-trois-frontieres#primaryimage\"},\"thumbnailUrl\":\"https:\/\/static.africa-press.net\/niger\/sites\/40\/2021\/08\/img-612378b40cf74.jpg\",\"keywords\":[\"Africa Press\",\"Africa Press-Niger\",\"Niger\"],\"articleSection\":[\"homepage-french\",\"Politique\",\"Top Nouvelles\",\"Toutes les actualit\u00e9s\"],\"inLanguage\":\"fr-FR\",\"potentialAction\":[{\"@type\":\"CommentAction\",\"name\":\"Comment\",\"target\":[\"https:\/\/www.africa-press.net\/niger\/politique\/g5-sahel-le-tchad-retire-600-soldats-de-la-zone-dite-des-trois-frontieres#respond\"]}]},{\"@type\":\"WebPage\",\"@id\":\"https:\/\/www.africa-press.net\/niger\/politique\/g5-sahel-le-tchad-retire-600-soldats-de-la-zone-dite-des-trois-frontieres\",\"url\":\"https:\/\/www.africa-press.net\/niger\/politique\/g5-sahel-le-tchad-retire-600-soldats-de-la-zone-dite-des-trois-frontieres\",\"name\":\"G5 Sahel : le Tchad retire 600 soldats de la zone dite \u00ab\u00a0des trois fronti\u00e8res\u00a0\u00bb - niger\",\"isPartOf\":{\"@id\":\"https:\/\/www.africa-press.net\/niger\/#website\"},\"primaryImageOfPage\":{\"@id\":\"https:\/\/www.africa-press.net\/niger\/politique\/g5-sahel-le-tchad-retire-600-soldats-de-la-zone-dite-des-trois-frontieres#primaryimage\"},\"image\":{\"@id\":\"https:\/\/www.africa-press.net\/niger\/politique\/g5-sahel-le-tchad-retire-600-soldats-de-la-zone-dite-des-trois-frontieres#primaryimage\"},\"thumbnailUrl\":\"https:\/\/static.africa-press.net\/niger\/sites\/40\/2021\/08\/img-612378b40cf74.jpg\",\"datePublished\":\"2021-08-23T11:55:23+00:00\",\"dateModified\":\"2021-08-26T19:04:02+00:00\",\"author\":{\"@id\":\"https:\/\/www.africa-press.net\/niger\/#\/schema\/person\/2b1cf3cd81a31e3cd26889ca66d677f1\"},\"description\":\"Le Tchad a annonc\u00e9 le 21 ao\u00fbt diviser de moiti\u00e9 ses effectifs combattant au sein du G5 Sahel dans cette zone situ\u00e9e entr ...\",\"breadcrumb\":{\"@id\":\"https:\/\/www.africa-press.net\/niger\/politique\/g5-sahel-le-tchad-retire-600-soldats-de-la-zone-dite-des-trois-frontieres#breadcrumb\"},\"inLanguage\":\"fr-FR\",\"potentialAction\":[{\"@type\":\"ReadAction\",\"target\":[\"https:\/\/www.africa-press.net\/niger\/politique\/g5-sahel-le-tchad-retire-600-soldats-de-la-zone-dite-des-trois-frontieres\"]}]},{\"@type\":\"ImageObject\",\"inLanguage\":\"fr-FR\",\"@id\":\"https:\/\/www.africa-press.net\/niger\/politique\/g5-sahel-le-tchad-retire-600-soldats-de-la-zone-dite-des-trois-frontieres#primaryimage\",\"url\":\"https:\/\/static.africa-press.net\/niger\/sites\/40\/2021\/08\/img-612378b40cf74.jpg\",\"contentUrl\":\"https:\/\/static.africa-press.net\/niger\/sites\/40\/2021\/08\/img-612378b40cf74.jpg\",\"width\":720,\"height\":360,\"caption\":\"G5 Sahel : le Tchad retire 600 soldats de la zone dite \u00ab\u00a0des trois fronti\u00e8res\u00a0\u00bb\"},{\"@type\":\"BreadcrumbList\",\"@id\":\"https:\/\/www.africa-press.net\/niger\/politique\/g5-sahel-le-tchad-retire-600-soldats-de-la-zone-dite-des-trois-frontieres#breadcrumb\",\"itemListElement\":[{\"@type\":\"ListItem\",\"position\":1,\"name\":\"Accueil\",\"item\":\"https:\/\/www.africa-press.net\/niger\/\"},{\"@type\":\"ListItem\",\"position\":2,\"name\":\"G5 Sahel : le Tchad retire 600 soldats de la zone dite \u00ab\u00a0des trois fronti\u00e8res\u00a0\u00bb\"}]},{\"@type\":\"WebSite\",\"@id\":\"https:\/\/www.africa-press.net\/niger\/#website\",\"url\":\"https:\/\/www.africa-press.net\/niger\/\",\"name\":\"niger\",\"description\":\"Just another Africa News Agency Sites site\",\"potentialAction\":[{\"@type\":\"SearchAction\",\"target\":{\"@type\":\"EntryPoint\",\"urlTemplate\":\"https:\/\/www.africa-press.net\/niger\/?s={search_term_string}\"},\"query-input\":{\"@type\":\"PropertyValueSpecification\",\"valueRequired\":true,\"valueName\":\"search_term_string\"}}],\"inLanguage\":\"fr-FR\"},{\"@type\":\"Person\",\"@id\":\"https:\/\/www.africa-press.net\/niger\/#\/schema\/person\/2b1cf3cd81a31e3cd26889ca66d677f1\",\"name\":\"cfeditorfr\"}]}<\/script>\n<!-- \/ Yoast SEO Premium plugin. -->","yoast_head_json":{"title":"G5 Sahel : le Tchad retire 600 soldats de la zone dite \u00ab\u00a0des trois fronti\u00e8res\u00a0\u00bb - niger","description":"Le Tchad a annonc\u00e9 le 21 ao\u00fbt diviser de moiti\u00e9 ses effectifs combattant au sein du G5 Sahel dans cette zone situ\u00e9e entr ...","robots":{"index":"index","follow":"follow","max-snippet":"max-snippet:-1","max-image-preview":"max-image-preview:large","max-video-preview":"max-video-preview:-1"},"canonical":"https:\/\/www.africa-press.net\/niger\/politique\/g5-sahel-le-tchad-retire-600-soldats-de-la-zone-dite-des-trois-frontieres","og_locale":"fr_FR","og_type":"article","og_title":"G5 Sahel : le Tchad retire 600 soldats de la zone dite \u00ab\u00a0des trois fronti\u00e8res\u00a0\u00bb","og_description":"Le Tchad a annonc\u00e9 le 21 ao\u00fbt diviser de moiti\u00e9 ses effectifs combattant au sein du G5 Sahel dans cette zone situ\u00e9e entr ...","og_url":"https:\/\/www.africa-press.net\/niger\/politique\/g5-sahel-le-tchad-retire-600-soldats-de-la-zone-dite-des-trois-frontieres","og_site_name":"niger","article_published_time":"2021-08-23T11:55:23+00:00","article_modified_time":"2021-08-26T19:04:02+00:00","og_image":[{"width":720,"height":360,"url":"https:\/\/static.africa-press.net\/niger\/sites\/40\/2021\/08\/img-612378b40cf74.jpg","type":"image\/jpeg"}],"author":"cfeditorfr","twitter_card":"summary_large_image","twitter_misc":{"\u00c9crit par":"cfeditorfr","Dur\u00e9e de lecture estim\u00e9e":"3 minutes"},"schema":{"@context":"https:\/\/schema.org","@graph":[{"@type":"Article","@id":"https:\/\/www.africa-press.net\/niger\/politique\/g5-sahel-le-tchad-retire-600-soldats-de-la-zone-dite-des-trois-frontieres#article","isPartOf":{"@id":"https:\/\/www.africa-press.net\/niger\/politique\/g5-sahel-le-tchad-retire-600-soldats-de-la-zone-dite-des-trois-frontieres"},"author":{"name":"cfeditorfr","@id":"https:\/\/www.africa-press.net\/niger\/#\/schema\/person\/2b1cf3cd81a31e3cd26889ca66d677f1"},"headline":"G5 Sahel : le Tchad retire 600 soldats de la zone dite \u00ab\u00a0des trois fronti\u00e8res\u00a0\u00bb","datePublished":"2021-08-23T11:55:23+00:00","dateModified":"2021-08-26T19:04:02+00:00","mainEntityOfPage":{"@id":"https:\/\/www.africa-press.net\/niger\/politique\/g5-sahel-le-tchad-retire-600-soldats-de-la-zone-dite-des-trois-frontieres"},"wordCount":661,"commentCount":0,"image":{"@id":"https:\/\/www.africa-press.net\/niger\/politique\/g5-sahel-le-tchad-retire-600-soldats-de-la-zone-dite-des-trois-frontieres#primaryimage"},"thumbnailUrl":"https:\/\/static.africa-press.net\/niger\/sites\/40\/2021\/08\/img-612378b40cf74.jpg","keywords":["Africa Press","Africa Press-Niger","Niger"],"articleSection":["homepage-french","Politique","Top Nouvelles","Toutes les actualit\u00e9s"],"inLanguage":"fr-FR","potentialAction":[{"@type":"CommentAction","name":"Comment","target":["https:\/\/www.africa-press.net\/niger\/politique\/g5-sahel-le-tchad-retire-600-soldats-de-la-zone-dite-des-trois-frontieres#respond"]}]},{"@type":"WebPage","@id":"https:\/\/www.africa-press.net\/niger\/politique\/g5-sahel-le-tchad-retire-600-soldats-de-la-zone-dite-des-trois-frontieres","url":"https:\/\/www.africa-press.net\/niger\/politique\/g5-sahel-le-tchad-retire-600-soldats-de-la-zone-dite-des-trois-frontieres","name":"G5 Sahel : le Tchad retire 600 soldats de la zone dite \u00ab\u00a0des trois fronti\u00e8res\u00a0\u00bb - niger","isPartOf":{"@id":"https:\/\/www.africa-press.net\/niger\/#website"},"primaryImageOfPage":{"@id":"https:\/\/www.africa-press.net\/niger\/politique\/g5-sahel-le-tchad-retire-600-soldats-de-la-zone-dite-des-trois-frontieres#primaryimage"},"image":{"@id":"https:\/\/www.africa-press.net\/niger\/politique\/g5-sahel-le-tchad-retire-600-soldats-de-la-zone-dite-des-trois-frontieres#primaryimage"},"thumbnailUrl":"https:\/\/static.africa-press.net\/niger\/sites\/40\/2021\/08\/img-612378b40cf74.jpg","datePublished":"2021-08-23T11:55:23+00:00","dateModified":"2021-08-26T19:04:02+00:00","author":{"@id":"https:\/\/www.africa-press.net\/niger\/#\/schema\/person\/2b1cf3cd81a31e3cd26889ca66d677f1"},"description":"Le Tchad a annonc\u00e9 le 21 ao\u00fbt diviser de moiti\u00e9 ses effectifs combattant au sein du G5 Sahel dans cette zone situ\u00e9e entr ...","breadcrumb":{"@id":"https:\/\/www.africa-press.net\/niger\/politique\/g5-sahel-le-tchad-retire-600-soldats-de-la-zone-dite-des-trois-frontieres#breadcrumb"},"inLanguage":"fr-FR","potentialAction":[{"@type":"ReadAction","target":["https:\/\/www.africa-press.net\/niger\/politique\/g5-sahel-le-tchad-retire-600-soldats-de-la-zone-dite-des-trois-frontieres"]}]},{"@type":"ImageObject","inLanguage":"fr-FR","@id":"https:\/\/www.africa-press.net\/niger\/politique\/g5-sahel-le-tchad-retire-600-soldats-de-la-zone-dite-des-trois-frontieres#primaryimage","url":"https:\/\/static.africa-press.net\/niger\/sites\/40\/2021\/08\/img-612378b40cf74.jpg","contentUrl":"https:\/\/static.africa-press.net\/niger\/sites\/40\/2021\/08\/img-612378b40cf74.jpg","width":720,"height":360,"caption":"G5 Sahel : le Tchad retire 600 soldats de la zone dite \u00ab\u00a0des trois fronti\u00e8res\u00a0\u00bb"},{"@type":"BreadcrumbList","@id":"https:\/\/www.africa-press.net\/niger\/politique\/g5-sahel-le-tchad-retire-600-soldats-de-la-zone-dite-des-trois-frontieres#breadcrumb","itemListElement":[{"@type":"ListItem","position":1,"name":"Accueil","item":"https:\/\/www.africa-press.net\/niger\/"},{"@type":"ListItem","position":2,"name":"G5 Sahel : le Tchad retire 600 soldats de la zone dite \u00ab\u00a0des trois fronti\u00e8res\u00a0\u00bb"}]},{"@type":"WebSite","@id":"https:\/\/www.africa-press.net\/niger\/#website","url":"https:\/\/www.africa-press.net\/niger\/","name":"niger","description":"Just another Africa News Agency Sites site","potentialAction":[{"@type":"SearchAction","target":{"@type":"EntryPoint","urlTemplate":"https:\/\/www.africa-press.net\/niger\/?s={search_term_string}"},"query-input":{"@type":"PropertyValueSpecification","valueRequired":true,"valueName":"search_term_string"}}],"inLanguage":"fr-FR"},{"@type":"Person","@id":"https:\/\/www.africa-press.net\/niger\/#\/schema\/person\/2b1cf3cd81a31e3cd26889ca66d677f1","name":"cfeditorfr"}]}},"_links":{"self":[{"href":"https:\/\/www.africa-press.net\/niger\/wp-json\/wp\/v2\/posts\/10591","targetHints":{"allow":["GET"]}}],"collection":[{"href":"https:\/\/www.africa-press.net\/niger\/wp-json\/wp\/v2\/posts"}],"about":[{"href":"https:\/\/www.africa-press.net\/niger\/wp-json\/wp\/v2\/types\/post"}],"author":[{"embeddable":true,"href":"https:\/\/www.africa-press.net\/niger\/wp-json\/wp\/v2\/users\/82"}],"replies":[{"embeddable":true,"href":"https:\/\/www.africa-press.net\/niger\/wp-json\/wp\/v2\/comments?post=10591"}],"version-history":[{"count":0,"href":"https:\/\/www.africa-press.net\/niger\/wp-json\/wp\/v2\/posts\/10591\/revisions"}],"wp:featuredmedia":[{"embeddable":true,"href":"https:\/\/www.africa-press.net\/niger\/wp-json\/wp\/v2\/media\/10590"}],"wp:attachment":[{"href":"https:\/\/www.africa-press.net\/niger\/wp-json\/wp\/v2\/media?parent=10591"}],"wp:term":[{"taxonomy":"category","embeddable":true,"href":"https:\/\/www.africa-press.net\/niger\/wp-json\/wp\/v2\/categories?post=10591"},{"taxonomy":"post_tag","embeddable":true,"href":"https:\/\/www.africa-press.net\/niger\/wp-json\/wp\/v2\/tags?post=10591"}],"curies":[{"name":"wp","href":"https:\/\/api.w.org\/{rel}","templated":true}]}}