{"id":10607,"date":"2021-08-23T10:57:58","date_gmt":"2021-08-23T10:57:58","guid":{"rendered":"https:\/\/www.africa-press.net\/niger\/politique\/talibans-en-afghanistan-qui-sont-ils"},"modified":"2021-08-26T19:02:37","modified_gmt":"2021-08-26T19:02:37","slug":"talibans-en-afghanistan-qui-sont-ils","status":"publish","type":"post","link":"https:\/\/www.africa-press.net\/niger\/toutes-les-actualites\/talibans-en-afghanistan-qui-sont-ils","title":{"rendered":"Talibans en Afghanistan: Qui sont-ils?"},"content":{"rendered":"<p><span style=\"color: #ff6600\"><strong><a href=\"https:\/\/www.africa-press.net\/\">Africa-Press<\/a> &#8211; <a href=\"https:\/\/www.africa-press.net\/niger\">Niger<\/a>. <\/strong><\/span><b>Les talibans ont \u00e9t\u00e9 chass\u00e9s du pouvoir en Afghanistan par les forces dirig\u00e9es par les \u00c9tats-Unis en 2001, mais le groupe est pass\u00e9 \u00e0 l&rsquo;offensive ces derniers mois et est maintenant sur le point de reprendre le pouvoir.<\/b><\/p>\n<p>Alors que les \u00c9tats-Unis se pr\u00e9parent \u00e0 achever leur retrait d&rsquo;ici le 11 septembre, apr\u00e8s deux d\u00e9cennies de guerre, les militants ont pris les grandes villes et ont maintenant repris la capitale Kaboul.<\/p>\n<p>En 2018, le groupe entame des pourparlers directs avec les \u00c9tats-Unis et, en f\u00e9vrier 2020, les deux parties concluent un accord de paix \u00e0 Doha qui engage les \u00c9tats-Unis \u00e0 se retirer et les talibans \u00e0 emp\u00eacher les attaques contre les forces am\u00e9ricaines.<\/p>\n<p>D&rsquo;autres promesses incluent l&rsquo;interdiction d&rsquo;autoriser Al-Qa\u00efda ou d&rsquo;autres militants \u00e0 op\u00e9rer dans les zones qu&rsquo;ils contr\u00f4lent et la poursuite des pourparlers de paix nationaux.<\/p>\n<p>Mais au cours de l&rsquo;ann\u00e9e qui a suivi, les talibans ont continu\u00e9 \u00e0 s&rsquo;en prendre aux forces de s\u00e9curit\u00e9 et aux civils afghans, et ont progress\u00e9 rapidement dans tout le pays.<\/p>\n<p><b>L&rsquo;ascension au pouvoir<\/b><\/p>\n<p>Les talibans, ou \u00ab\u00a0\u00e9tudiants\u00a0\u00bb en langue pachtoune, apparaissent au d\u00e9but des ann\u00e9es 1990 dans le nord du Pakistan, apr\u00e8s le retrait des troupes sovi\u00e9tiques d&rsquo;Afghanistan.<\/p>\n<p>Ce mouvement \u00e0 pr\u00e9dominance pachtoune semble \u00eatre n\u00e9 dans des s\u00e9minaires religieux &#8211; financ\u00e9s pour la plupart par de l&rsquo;argent provenant d&rsquo;Arabie saoudite &#8211; qui pr\u00eachaient une forme rigoureuse d&rsquo;islam sunnite.<\/p>\n<p>La promesse faite par les talibans &#8211; dans les r\u00e9gions pachtounes \u00e0 cheval sur le Pakistan et l&rsquo;Afghanistan &#8211; \u00e9tait de r\u00e9tablir la paix et la s\u00e9curit\u00e9 et d&rsquo;appliquer leur propre version aust\u00e8re de la charia, ou loi islamique, une fois au pouvoir.<\/p>\n<p>Depuis le sud-ouest de l&rsquo;Afghanistan, les Talibans \u00e9tendent rapidement leur influence.<\/p>\n<p>En septembre 1995, ils s&#8217;emparent de la province de Herat, \u00e0 la fronti\u00e8re avec l&rsquo;Iran, et exactement un an plus tard, ils s&#8217;emparent de la capitale afghane, Kaboul, renversant le r\u00e9gime du pr\u00e9sident Burhanuddin Rabbani &#8211; l&rsquo;un des p\u00e8res fondateurs des moudjahidines afghans qui ont r\u00e9sist\u00e9 \u00e0 l&rsquo;occupation sovi\u00e9tique.<\/p>\n<p>En 1998, les Talibans contr\u00f4laient pr\u00e8s de 90 % du territoire afghan.<\/p>\n<p>Les Afghans, lass\u00e9s des exc\u00e8s et des querelles intestines des moudjahidines apr\u00e8s le d\u00e9part des Sovi\u00e9tiques, ont g\u00e9n\u00e9ralement bien accueilli les Talibans lorsqu&rsquo;ils sont apparus sur la sc\u00e8ne. Leur popularit\u00e9 initiale est due en grande partie au fait qu&rsquo;ils ont r\u00e9ussi \u00e0 \u00e9radiquer la corruption, \u00e0 mettre un terme \u00e0 l&rsquo;anarchie et \u00e0 rendre les routes et les zones sous leur contr\u00f4le s\u00fbres pour l&rsquo;essor du commerce.<\/p>\n<p>Mais les talibans introduisent ou soutiennent \u00e9galement des ch\u00e2timents conformes \u00e0 leur interpr\u00e9tation stricte de la charia, tels que l&rsquo;ex\u00e9cution publique des meurtriers et des adult\u00e8res condamn\u00e9s, et l&rsquo;amputation des personnes reconnues coupables de vol. Les hommes doivent se laisser pousser la barbe et les femmes doivent porter la burka qui recouvre tout.<\/p>\n<p>Les talibans interdisent \u00e9galement la t\u00e9l\u00e9vision, la musique et le cin\u00e9ma, et d\u00e9sapprouvent la scolarisation des filles \u00e0 partir de 10 ans. Ils sont accus\u00e9s de diverses violations des droits de l&rsquo;homme et de la culture. Un exemple notoire est la destruction, en 2001, des c\u00e9l\u00e8bres statues du Bouddha de Bamiyan, dans le centre de l&rsquo;Afghanistan, malgr\u00e9 l&rsquo;indignation internationale.<\/p>\n<p>Le Pakistan ne cesse de nier avoir \u00e9t\u00e9 l&rsquo;architecte de l&rsquo;entreprise talibane, mais il ne fait gu\u00e8re de doute que de nombreux Afghans qui ont initialement rejoint le mouvement ont \u00e9t\u00e9 \u00e9duqu\u00e9s dans des madrassas (\u00e9coles religieuses) au Pakistan.<\/p>\n<p>Le Pakistan est \u00e9galement l&rsquo;un des trois seuls pays, avec l&rsquo;Arabie saoudite et les \u00c9mirats arabes unis (EAU), \u00e0 avoir reconnu les talibans lorsqu&rsquo;ils \u00e9taient au pouvoir en Afghanistan. Il a \u00e9galement \u00e9t\u00e9 le dernier pays \u00e0 rompre ses liens diplomatiques avec le groupe.<\/p>\n<p>\u00c0 une \u00e9poque, les talibans menacent de d\u00e9stabiliser le Pakistan \u00e0 partir des zones qu&rsquo;ils contr\u00f4lent dans le nord-ouest du pays. L&rsquo;une des attaques des talibans pakistanais les plus m\u00e9diatis\u00e9es et internationalement condamn\u00e9es a eu lieu en octobre 2012, lorsque l&rsquo;\u00e9coli\u00e8re Malala Yousafzai a \u00e9t\u00e9 bless\u00e9e par balle alors qu&rsquo;elle rentrait chez elle dans la ville de Mingora.<\/p>\n<p>Une offensive militaire majeure deux ans plus tard \u00e0 la suite du massacre de l&rsquo;\u00e9cole de Peshawar a cependant consid\u00e9rablement r\u00e9duit l&rsquo;influence du groupe au Pakistan. Au moins trois figures cl\u00e9s des talibans pakistanais avaient \u00e9t\u00e9 tu\u00e9es dans des frappes de drones am\u00e9ricaines en 2013, dont le chef du groupe, Hakimullah Mehsud.<\/p>\n<p><b>Un \u00ab\u00a0sanctuaire\u00a0\u00bb pour Al-Qaida<\/b><\/p>\n<p>L&rsquo;attention du monde entier a \u00e9t\u00e9 attir\u00e9e par les talibans en Afghanistan \u00e0 la suite des attentats du 11 septembre 2001 contre le World Trade Center \u00e0 New York. Les talibans sont alors accus\u00e9s de fournir un sanctuaire aux principaux suspects &#8211; Oussama Ben Laden et son mouvement Al-Qa\u00efda.<\/p>\n<p>Le 7 octobre 2001, une coalition militaire dirig\u00e9e par les \u00c9tats-Unis lance des attaques en Afghanistan et, d\u00e8s la premi\u00e8re semaine de d\u00e9cembre, le r\u00e9gime taliban s&rsquo;effondre. Le chef du groupe de l&rsquo;\u00e9poque, le mollah Mohammad Omar, et d&rsquo;autres hauts responsables, dont Ben Laden, \u00e9chappent \u00e0 la capture malgr\u00e9 l&rsquo;une des plus grandes chasses \u00e0 l&rsquo;homme du monde.<\/p>\n<p>De nombreux autres dirigeants talibans se seraient r\u00e9fugi\u00e9s dans la ville pakistanaise de Quetta, d&rsquo;o\u00f9 ils guident les talibans. Mais l&rsquo;existence de ce qui a \u00e9t\u00e9 surnomm\u00e9 la \u00ab\u00a0Shura de Quetta\u00a0\u00bb est d\u00e9mentie par Islamabad.<\/p>\n<p>Malgr\u00e9 des troupes \u00e9trang\u00e8res toujours plus nombreuses, les talibans regagnent progressivement puis \u00e9tendent leur influence en Afghanistan, rendant de vastes \u00e9tendues du pays peu s\u00fbres, et la violence dans le pays retrouve des niveaux jamais vus depuis 2001.<\/p>\n<p>Les talibans lancent de nombreuses attaques contre Kaboul et, en septembre 2012, ils m\u00e8nent un raid tr\u00e8s m\u00e9diatis\u00e9 contre la base de l&rsquo;OTAN Camp Bastion.<\/p>\n<p>Les espoirs d&rsquo;une paix n\u00e9goci\u00e9e \u00e9mergent en 2013, lorsque les talibans annoncent leur intention d&rsquo;ouvrir un bureau au Qatar. Mais la m\u00e9fiance de toutes les parties reste grande et la violence perdure.<\/p>\n<p>En ao\u00fbt 2015, les talibans admettent avoir dissimul\u00e9 la mort du mollah Omar &#8211; qui aurait \u00e9t\u00e9 victime de probl\u00e8mes de sant\u00e9 dans un h\u00f4pital au Pakistan &#8211; pendant plus de deux ans. Le mois suivant, le groupe d\u00e9clare avoir mis de c\u00f4t\u00e9 des semaines de luttes intestines et s&rsquo;\u00eatre ralli\u00e9 \u00e0 un nouveau chef en la personne du mollah Mansour, qui avait \u00e9t\u00e9 l&rsquo;adjoint du mollah Omar.<\/p>\n<p>\u00c0 peu pr\u00e8s au m\u00eame moment, les talibans prennent le contr\u00f4le d&rsquo;une capitale provinciale pour la premi\u00e8re fois depuis leur d\u00e9faite en 2001, mettant la main sur la ville strat\u00e9giquement importante de Kunduz.<\/p>\n<p>Le mollah Mansour meurt dans une frappe de drone am\u00e9ricaine en mai 2016 et son adjoint, Mawlawi Hibatullah Akhundzada, le remplace et reste \u00e0 la t\u00eate du groupe.<\/p>\n<p><b>Compte \u00e0 rebours pour le retrait<\/b><\/p>\n<p>Dans l&rsquo;ann\u00e9e qui suit l&rsquo;accord de paix conclu entre les \u00c9tats-Unis et les talibans en f\u00e9vrier 2020, point culminant d&rsquo;une longue p\u00e9riode de pourparlers directs, les talibans semblent avoir modifi\u00e9 leur tactique, passant d&rsquo;attaques complexes dans les villes et sur les avant-postes militaires \u00e0 une vague d&rsquo;assassinats cibl\u00e9s qui ont terroris\u00e9 les civils afghans.<\/p>\n<p>Les cibles &#8211; journalistes, juges, activistes pacifistes, femmes en position de pouvoir &#8211; semblent indiquer que les talibans n&rsquo;ont pas chang\u00e9 leur id\u00e9ologie extr\u00e9miste, mais seulement leur strat\u00e9gie.<\/p>\n<p>Malgr\u00e9 les graves inqui\u00e9tudes des responsables afghans quant \u00e0 la vuln\u00e9rabilit\u00e9 du gouvernement face aux talibans sans soutien international, le nouveau pr\u00e9sident am\u00e9ricain, Joe Biden, annonce en avril 2021 que toutes les forces am\u00e9ricaines quitteront le pays avant le 11 septembre &#8211; deux d\u00e9cennies jour pour jour apr\u00e8s la destruction du World Trade Center.<\/p>\n<p>Apr\u00e8s avoir surv\u00e9cu \u00e0 une superpuissance pendant deux d\u00e9cennies de guerre, les talibans commencent \u00e0 s&#8217;emparer de vastes \u00e9tendues de territoire, mena\u00e7ant de renverser \u00e0 nouveau le gouvernement de Kaboul \u00e0 la suite du retrait de la puissance \u00e9trang\u00e8re.<\/p>\n<p>Le groupe serait aujourd&rsquo;hui plus fort en nombre qu&rsquo;il ne l&rsquo;a jamais \u00e9t\u00e9 depuis son \u00e9viction en 2001 &#8211; avec jusqu&rsquo;\u00e0 85 000 combattants \u00e0 plein temps, selon des estimations r\u00e9centes de l&rsquo;OTAN.<\/p>\n<p>L&rsquo;avanc\u00e9e a \u00e9t\u00e9 plus rapide que ce que beaucoup craignaient.<\/p>\n<p>Le g\u00e9n\u00e9ral Austin Miller, commandant de la mission dirig\u00e9e par les \u00c9tats-Unis en Afghanistan, a averti en juin que le pays pourrait \u00eatre sur la voie d&rsquo;une guerre civile chaotique, ce qu&rsquo;il a qualifi\u00e9 de \u00ab\u00a0pr\u00e9occupation pour le monde\u00a0\u00bb.<\/p>\n<p>Toutefois, dans de nombreux cas, les talibans ont pu prendre le contr\u00f4le de grandes villes sans combattre, les forces gouvernementales s&rsquo;\u00e9tant rendues pour \u00e9viter les pertes civiles.<\/p>\n<p>Le m\u00eame mois, une \u00e9valuation des services de renseignement am\u00e9ricains aurait conclu que le gouvernement afghan pourrait tomber dans les six mois suivant le d\u00e9part des militaires am\u00e9ricains.<\/p>\n","protected":false},"excerpt":{"rendered":"<p>Africa-Press &#8211; Niger. Les talibans ont \u00e9t\u00e9 chass\u00e9s du pouvoir en Afghanistan par les forces dirig\u00e9es par les \u00c9tats-Unis en 2001, mais le groupe est pass\u00e9 \u00e0 l&rsquo;offensive ces derniers mois et est maintenant sur le point de reprendre le pouvoir. Alors que les \u00c9tats-Unis se pr\u00e9parent \u00e0 achever leur retrait d&rsquo;ici le 11 septembre, [&hellip;]<\/p>\n","protected":false},"author":82,"featured_media":10606,"comment_status":"open","ping_status":"closed","sticky":false,"template":"","format":"standard","meta":{"footnotes":""},"categories":[22,11,10],"tags":[404,55,60,29,403],"class_list":["post-10607","post","type-post","status-publish","format-standard","has-post-thumbnail","hentry","category-divers","category-homepage-french","category-toutes-les-actualites","tag-afghanistan","tag-africa-press","tag-africa-press-niger","tag-niger","tag-talibans"],"yoast_head":"<!-- This site is optimized with the Yoast SEO Premium plugin v26.1 (Yoast SEO v27.0) - https:\/\/yoast.com\/product\/yoast-seo-premium-wordpress\/ -->\n<title>Talibans en Afghanistan: Qui sont-ils? - niger<\/title>\n<meta name=\"description\" content=\"Les talibans ont \u00e9t\u00e9 chass\u00e9s du pouvoir en Afghanistan par les forces dirig\u00e9es par les \u00c9tats-Unis en 2001, mais le gr ...\" \/>\n<meta name=\"robots\" content=\"index, follow, max-snippet:-1, max-image-preview:large, max-video-preview:-1\" \/>\n<link rel=\"canonical\" href=\"https:\/\/www.africa-press.net\/niger\/toutes-les-actualites\/talibans-en-afghanistan-qui-sont-ils\" \/>\n<meta property=\"og:locale\" content=\"fr_FR\" \/>\n<meta property=\"og:type\" content=\"article\" \/>\n<meta property=\"og:title\" content=\"Talibans en Afghanistan: Qui sont-ils?\" \/>\n<meta property=\"og:description\" content=\"Les talibans ont \u00e9t\u00e9 chass\u00e9s du pouvoir en Afghanistan par les forces dirig\u00e9es par les \u00c9tats-Unis en 2001, mais le gr ...\" \/>\n<meta property=\"og:url\" content=\"https:\/\/www.africa-press.net\/niger\/toutes-les-actualites\/talibans-en-afghanistan-qui-sont-ils\" \/>\n<meta property=\"og:site_name\" content=\"niger\" \/>\n<meta property=\"article:published_time\" content=\"2021-08-23T10:57:58+00:00\" \/>\n<meta property=\"article:modified_time\" content=\"2021-08-26T19:02:37+00:00\" \/>\n<meta property=\"og:image\" content=\"https:\/\/static.africa-press.net\/niger\/sites\/40\/2021\/08\/img-612389476a64c.jpg\" \/>\n\t<meta property=\"og:image:width\" content=\"720\" \/>\n\t<meta property=\"og:image:height\" content=\"479\" \/>\n\t<meta property=\"og:image:type\" content=\"image\/jpeg\" \/>\n<meta name=\"author\" content=\"cfeditorfr\" \/>\n<meta name=\"twitter:card\" content=\"summary_large_image\" \/>\n<meta name=\"twitter:label1\" content=\"\u00c9crit par\" \/>\n\t<meta name=\"twitter:data1\" content=\"cfeditorfr\" \/>\n\t<meta name=\"twitter:label2\" content=\"Dur\u00e9e de lecture estim\u00e9e\" \/>\n\t<meta name=\"twitter:data2\" content=\"7 minutes\" \/>\n<script type=\"application\/ld+json\" class=\"yoast-schema-graph\">{\"@context\":\"https:\/\/schema.org\",\"@graph\":[{\"@type\":\"Article\",\"@id\":\"https:\/\/www.africa-press.net\/niger\/toutes-les-actualites\/talibans-en-afghanistan-qui-sont-ils#article\",\"isPartOf\":{\"@id\":\"https:\/\/www.africa-press.net\/niger\/toutes-les-actualites\/talibans-en-afghanistan-qui-sont-ils\"},\"author\":{\"name\":\"cfeditorfr\",\"@id\":\"https:\/\/www.africa-press.net\/niger\/#\/schema\/person\/2b1cf3cd81a31e3cd26889ca66d677f1\"},\"headline\":\"Talibans en Afghanistan: Qui sont-ils?\",\"datePublished\":\"2021-08-23T10:57:58+00:00\",\"dateModified\":\"2021-08-26T19:02:37+00:00\",\"mainEntityOfPage\":{\"@id\":\"https:\/\/www.africa-press.net\/niger\/toutes-les-actualites\/talibans-en-afghanistan-qui-sont-ils\"},\"wordCount\":1548,\"commentCount\":0,\"image\":{\"@id\":\"https:\/\/www.africa-press.net\/niger\/toutes-les-actualites\/talibans-en-afghanistan-qui-sont-ils#primaryimage\"},\"thumbnailUrl\":\"https:\/\/static.africa-press.net\/niger\/sites\/40\/2021\/08\/img-612389476a64c.jpg\",\"keywords\":[\"Afghanistan\",\"Africa Press\",\"Africa Press-Niger\",\"Niger\",\"Talibans\"],\"articleSection\":[\"Divers\",\"homepage-french\",\"Toutes les actualit\u00e9s\"],\"inLanguage\":\"fr-FR\",\"potentialAction\":[{\"@type\":\"CommentAction\",\"name\":\"Comment\",\"target\":[\"https:\/\/www.africa-press.net\/niger\/toutes-les-actualites\/talibans-en-afghanistan-qui-sont-ils#respond\"]}]},{\"@type\":\"WebPage\",\"@id\":\"https:\/\/www.africa-press.net\/niger\/toutes-les-actualites\/talibans-en-afghanistan-qui-sont-ils\",\"url\":\"https:\/\/www.africa-press.net\/niger\/toutes-les-actualites\/talibans-en-afghanistan-qui-sont-ils\",\"name\":\"Talibans en Afghanistan: Qui sont-ils? - niger\",\"isPartOf\":{\"@id\":\"https:\/\/www.africa-press.net\/niger\/#website\"},\"primaryImageOfPage\":{\"@id\":\"https:\/\/www.africa-press.net\/niger\/toutes-les-actualites\/talibans-en-afghanistan-qui-sont-ils#primaryimage\"},\"image\":{\"@id\":\"https:\/\/www.africa-press.net\/niger\/toutes-les-actualites\/talibans-en-afghanistan-qui-sont-ils#primaryimage\"},\"thumbnailUrl\":\"https:\/\/static.africa-press.net\/niger\/sites\/40\/2021\/08\/img-612389476a64c.jpg\",\"datePublished\":\"2021-08-23T10:57:58+00:00\",\"dateModified\":\"2021-08-26T19:02:37+00:00\",\"author\":{\"@id\":\"https:\/\/www.africa-press.net\/niger\/#\/schema\/person\/2b1cf3cd81a31e3cd26889ca66d677f1\"},\"description\":\"Les talibans ont \u00e9t\u00e9 chass\u00e9s du pouvoir en Afghanistan par les forces dirig\u00e9es par les \u00c9tats-Unis en 2001, mais le gr ...\",\"breadcrumb\":{\"@id\":\"https:\/\/www.africa-press.net\/niger\/toutes-les-actualites\/talibans-en-afghanistan-qui-sont-ils#breadcrumb\"},\"inLanguage\":\"fr-FR\",\"potentialAction\":[{\"@type\":\"ReadAction\",\"target\":[\"https:\/\/www.africa-press.net\/niger\/toutes-les-actualites\/talibans-en-afghanistan-qui-sont-ils\"]}]},{\"@type\":\"ImageObject\",\"inLanguage\":\"fr-FR\",\"@id\":\"https:\/\/www.africa-press.net\/niger\/toutes-les-actualites\/talibans-en-afghanistan-qui-sont-ils#primaryimage\",\"url\":\"https:\/\/static.africa-press.net\/niger\/sites\/40\/2021\/08\/img-612389476a64c.jpg\",\"contentUrl\":\"https:\/\/static.africa-press.net\/niger\/sites\/40\/2021\/08\/img-612389476a64c.jpg\",\"width\":720,\"height\":479,\"caption\":\"Talibans en Afghanistan: Qui sont-ils?\"},{\"@type\":\"BreadcrumbList\",\"@id\":\"https:\/\/www.africa-press.net\/niger\/toutes-les-actualites\/talibans-en-afghanistan-qui-sont-ils#breadcrumb\",\"itemListElement\":[{\"@type\":\"ListItem\",\"position\":1,\"name\":\"Accueil\",\"item\":\"https:\/\/www.africa-press.net\/niger\/\"},{\"@type\":\"ListItem\",\"position\":2,\"name\":\"Talibans en Afghanistan: Qui sont-ils?\"}]},{\"@type\":\"WebSite\",\"@id\":\"https:\/\/www.africa-press.net\/niger\/#website\",\"url\":\"https:\/\/www.africa-press.net\/niger\/\",\"name\":\"niger\",\"description\":\"Just another Africa News Agency Sites site\",\"potentialAction\":[{\"@type\":\"SearchAction\",\"target\":{\"@type\":\"EntryPoint\",\"urlTemplate\":\"https:\/\/www.africa-press.net\/niger\/?s={search_term_string}\"},\"query-input\":{\"@type\":\"PropertyValueSpecification\",\"valueRequired\":true,\"valueName\":\"search_term_string\"}}],\"inLanguage\":\"fr-FR\"},{\"@type\":\"Person\",\"@id\":\"https:\/\/www.africa-press.net\/niger\/#\/schema\/person\/2b1cf3cd81a31e3cd26889ca66d677f1\",\"name\":\"cfeditorfr\"}]}<\/script>\n<!-- \/ Yoast SEO Premium plugin. -->","yoast_head_json":{"title":"Talibans en Afghanistan: Qui sont-ils? - niger","description":"Les talibans ont \u00e9t\u00e9 chass\u00e9s du pouvoir en Afghanistan par les forces dirig\u00e9es par les \u00c9tats-Unis en 2001, mais le gr ...","robots":{"index":"index","follow":"follow","max-snippet":"max-snippet:-1","max-image-preview":"max-image-preview:large","max-video-preview":"max-video-preview:-1"},"canonical":"https:\/\/www.africa-press.net\/niger\/toutes-les-actualites\/talibans-en-afghanistan-qui-sont-ils","og_locale":"fr_FR","og_type":"article","og_title":"Talibans en Afghanistan: Qui sont-ils?","og_description":"Les talibans ont \u00e9t\u00e9 chass\u00e9s du pouvoir en Afghanistan par les forces dirig\u00e9es par les \u00c9tats-Unis en 2001, mais le gr ...","og_url":"https:\/\/www.africa-press.net\/niger\/toutes-les-actualites\/talibans-en-afghanistan-qui-sont-ils","og_site_name":"niger","article_published_time":"2021-08-23T10:57:58+00:00","article_modified_time":"2021-08-26T19:02:37+00:00","og_image":[{"width":720,"height":479,"url":"https:\/\/static.africa-press.net\/niger\/sites\/40\/2021\/08\/img-612389476a64c.jpg","type":"image\/jpeg"}],"author":"cfeditorfr","twitter_card":"summary_large_image","twitter_misc":{"\u00c9crit par":"cfeditorfr","Dur\u00e9e de lecture estim\u00e9e":"7 minutes"},"schema":{"@context":"https:\/\/schema.org","@graph":[{"@type":"Article","@id":"https:\/\/www.africa-press.net\/niger\/toutes-les-actualites\/talibans-en-afghanistan-qui-sont-ils#article","isPartOf":{"@id":"https:\/\/www.africa-press.net\/niger\/toutes-les-actualites\/talibans-en-afghanistan-qui-sont-ils"},"author":{"name":"cfeditorfr","@id":"https:\/\/www.africa-press.net\/niger\/#\/schema\/person\/2b1cf3cd81a31e3cd26889ca66d677f1"},"headline":"Talibans en Afghanistan: Qui sont-ils?","datePublished":"2021-08-23T10:57:58+00:00","dateModified":"2021-08-26T19:02:37+00:00","mainEntityOfPage":{"@id":"https:\/\/www.africa-press.net\/niger\/toutes-les-actualites\/talibans-en-afghanistan-qui-sont-ils"},"wordCount":1548,"commentCount":0,"image":{"@id":"https:\/\/www.africa-press.net\/niger\/toutes-les-actualites\/talibans-en-afghanistan-qui-sont-ils#primaryimage"},"thumbnailUrl":"https:\/\/static.africa-press.net\/niger\/sites\/40\/2021\/08\/img-612389476a64c.jpg","keywords":["Afghanistan","Africa Press","Africa Press-Niger","Niger","Talibans"],"articleSection":["Divers","homepage-french","Toutes les actualit\u00e9s"],"inLanguage":"fr-FR","potentialAction":[{"@type":"CommentAction","name":"Comment","target":["https:\/\/www.africa-press.net\/niger\/toutes-les-actualites\/talibans-en-afghanistan-qui-sont-ils#respond"]}]},{"@type":"WebPage","@id":"https:\/\/www.africa-press.net\/niger\/toutes-les-actualites\/talibans-en-afghanistan-qui-sont-ils","url":"https:\/\/www.africa-press.net\/niger\/toutes-les-actualites\/talibans-en-afghanistan-qui-sont-ils","name":"Talibans en Afghanistan: Qui sont-ils? - niger","isPartOf":{"@id":"https:\/\/www.africa-press.net\/niger\/#website"},"primaryImageOfPage":{"@id":"https:\/\/www.africa-press.net\/niger\/toutes-les-actualites\/talibans-en-afghanistan-qui-sont-ils#primaryimage"},"image":{"@id":"https:\/\/www.africa-press.net\/niger\/toutes-les-actualites\/talibans-en-afghanistan-qui-sont-ils#primaryimage"},"thumbnailUrl":"https:\/\/static.africa-press.net\/niger\/sites\/40\/2021\/08\/img-612389476a64c.jpg","datePublished":"2021-08-23T10:57:58+00:00","dateModified":"2021-08-26T19:02:37+00:00","author":{"@id":"https:\/\/www.africa-press.net\/niger\/#\/schema\/person\/2b1cf3cd81a31e3cd26889ca66d677f1"},"description":"Les talibans ont \u00e9t\u00e9 chass\u00e9s du pouvoir en Afghanistan par les forces dirig\u00e9es par les \u00c9tats-Unis en 2001, mais le gr ...","breadcrumb":{"@id":"https:\/\/www.africa-press.net\/niger\/toutes-les-actualites\/talibans-en-afghanistan-qui-sont-ils#breadcrumb"},"inLanguage":"fr-FR","potentialAction":[{"@type":"ReadAction","target":["https:\/\/www.africa-press.net\/niger\/toutes-les-actualites\/talibans-en-afghanistan-qui-sont-ils"]}]},{"@type":"ImageObject","inLanguage":"fr-FR","@id":"https:\/\/www.africa-press.net\/niger\/toutes-les-actualites\/talibans-en-afghanistan-qui-sont-ils#primaryimage","url":"https:\/\/static.africa-press.net\/niger\/sites\/40\/2021\/08\/img-612389476a64c.jpg","contentUrl":"https:\/\/static.africa-press.net\/niger\/sites\/40\/2021\/08\/img-612389476a64c.jpg","width":720,"height":479,"caption":"Talibans en Afghanistan: Qui sont-ils?"},{"@type":"BreadcrumbList","@id":"https:\/\/www.africa-press.net\/niger\/toutes-les-actualites\/talibans-en-afghanistan-qui-sont-ils#breadcrumb","itemListElement":[{"@type":"ListItem","position":1,"name":"Accueil","item":"https:\/\/www.africa-press.net\/niger\/"},{"@type":"ListItem","position":2,"name":"Talibans en Afghanistan: Qui sont-ils?"}]},{"@type":"WebSite","@id":"https:\/\/www.africa-press.net\/niger\/#website","url":"https:\/\/www.africa-press.net\/niger\/","name":"niger","description":"Just another Africa News Agency Sites site","potentialAction":[{"@type":"SearchAction","target":{"@type":"EntryPoint","urlTemplate":"https:\/\/www.africa-press.net\/niger\/?s={search_term_string}"},"query-input":{"@type":"PropertyValueSpecification","valueRequired":true,"valueName":"search_term_string"}}],"inLanguage":"fr-FR"},{"@type":"Person","@id":"https:\/\/www.africa-press.net\/niger\/#\/schema\/person\/2b1cf3cd81a31e3cd26889ca66d677f1","name":"cfeditorfr"}]}},"_links":{"self":[{"href":"https:\/\/www.africa-press.net\/niger\/wp-json\/wp\/v2\/posts\/10607","targetHints":{"allow":["GET"]}}],"collection":[{"href":"https:\/\/www.africa-press.net\/niger\/wp-json\/wp\/v2\/posts"}],"about":[{"href":"https:\/\/www.africa-press.net\/niger\/wp-json\/wp\/v2\/types\/post"}],"author":[{"embeddable":true,"href":"https:\/\/www.africa-press.net\/niger\/wp-json\/wp\/v2\/users\/82"}],"replies":[{"embeddable":true,"href":"https:\/\/www.africa-press.net\/niger\/wp-json\/wp\/v2\/comments?post=10607"}],"version-history":[{"count":0,"href":"https:\/\/www.africa-press.net\/niger\/wp-json\/wp\/v2\/posts\/10607\/revisions"}],"wp:featuredmedia":[{"embeddable":true,"href":"https:\/\/www.africa-press.net\/niger\/wp-json\/wp\/v2\/media\/10606"}],"wp:attachment":[{"href":"https:\/\/www.africa-press.net\/niger\/wp-json\/wp\/v2\/media?parent=10607"}],"wp:term":[{"taxonomy":"category","embeddable":true,"href":"https:\/\/www.africa-press.net\/niger\/wp-json\/wp\/v2\/categories?post=10607"},{"taxonomy":"post_tag","embeddable":true,"href":"https:\/\/www.africa-press.net\/niger\/wp-json\/wp\/v2\/tags?post=10607"}],"curies":[{"name":"wp","href":"https:\/\/api.w.org\/{rel}","templated":true}]}}