{"id":10616,"date":"2021-08-24T14:47:14","date_gmt":"2021-08-24T14:47:14","guid":{"rendered":"https:\/\/www.africa-press.net\/niger\/?p=10616"},"modified":"2021-08-26T18:57:41","modified_gmt":"2021-08-26T18:57:41","slug":"edition-2021-de-la-cure-salee-a-ingall-agadez-la-region-de-tahoua-se-prepare","status":"publish","type":"post","link":"https:\/\/www.africa-press.net\/niger\/politique\/edition-2021-de-la-cure-salee-a-ingall-agadez-la-region-de-tahoua-se-prepare","title":{"rendered":"Edition 2021 de la Cure sal\u00e9e \u00e0 Ingall (Agadez): La r\u00e9gion de Tahoua se pr\u00e9pare"},"content":{"rendered":"<p><span style=\"color: #ff6600\"><strong><a href=\"https:\/\/www.africa-press.net\/\">Africa-Press<\/a> &#8211; <a href=\"https:\/\/www.africa-press.net\/niger\">Niger<\/a>. <\/strong><\/span>Le comit\u00e9 r\u00e9gional d&rsquo;organisation de la Cure sal\u00e9e, \u00e9dition 2021, s&rsquo;est r\u00e9uni dans le cadre d\u2019une rencontre pr\u00e9paratoire, ce mardi 24 ao\u00fbt 2021, sous l&rsquo;\u00e9gide du Secr\u00e9taire g\u00e9n\u00e9ral du gouvernorat de Tahoua, M. Ibrahim Miko.<\/p>\n<p>Cette r\u00e9union, dite pr\u00e9paratoire, vise \u00e0 identifier et s\u00e9lectionner les acteurs (culturels, \u00e9leveurs, artisans), et \u00e0 \u00e9laborer le budget de la r\u00e9gion pour la prise en charge des participants \u00e0 la cure sal\u00e9e.<\/p>\n<p>Elle vise \u00e9galement \u00e0 \u00e9laborer le programme d&rsquo;am\u00e9nagement du site d&rsquo;h\u00e9bergement de la r\u00e9gion, \u00e0 rechercher les financements en vue de la participation effective de la r\u00e9gion, co-organiser la Cure sal\u00e9e avec le comit\u00e9 r\u00e9gional d&rsquo;Agadez et assurer la pr\u00e9paration, la mise en \u0153uvre et l\u2019\u00e9valuation technique et financi\u00e8re.<\/p>\n<p>Dans son intervention, le Secr\u00e9taire g\u00e9n\u00e9ral de la r\u00e9gion de Tahoua, M. Ibrahim Miko a indiqu\u00e9 que \u00ab\u00a0Comme le directeur r\u00e9gional de l&rsquo;\u00e9levage l&rsquo;a annonc\u00e9, la f\u00eate de la Cure sal\u00e9e va se d\u00e9rouler dans la deuxi\u00e8me d\u00e9cade du mois de septembre. Et cette f\u00eate, c\u2019est Tahoua qui l&rsquo;anime bien qu&rsquo;elle se passe \u00e0 Ingall\u2019\u2019.<\/p>\n<p>\u2018\u2019C&rsquo;est un travail de la r\u00e9gion qui met en comp\u00e9tition plusieurs autres r\u00e9gions, il faut que chacun s&rsquo;y mette\u2019\u2019 a-t-il poursuivi.<\/p>\n<p>Monsieur Ibrahim Miko a rappel\u00e9 que \u2018\u2019c\u2019est aussi le moment choisi pour vacciner le cheptel, sensibiliser la population sur la Covid-19 et d\u2019autres maladies\u2019\u2019.<\/p>\n<p>Il a, enfin, appel\u00e9 les participants \u00e0 aider le directeur r\u00e9gional de l&rsquo;\u00e9levage \u00e0 mettre en place les diff\u00e9rentes commissions pour que \u2018\u2019notre r\u00e9gion sorte la t\u00eate haute\u2019\u2019.<\/p>\n<p>La Cure Sal\u00e9e ou \u00ab\u00a0F\u00eate des Nomades\u00a0\u00bb, est un rassemblement annuel des peuples Touareg et Wodaabe dans la ville d&rsquo;Ingall, au nord du Niger. Elle marque la fin de la saison des pluies et a g\u00e9n\u00e9ralement lieu au cours des deux derni\u00e8res semaines du mois de septembre, rappelle-t-on.<\/p>\n","protected":false},"excerpt":{"rendered":"<p>Africa-Press &#8211; Niger. Le comit\u00e9 r\u00e9gional d&rsquo;organisation de la Cure sal\u00e9e, \u00e9dition 2021, s&rsquo;est r\u00e9uni dans le cadre d\u2019une rencontre pr\u00e9paratoire, ce mardi 24 ao\u00fbt 2021, sous l&rsquo;\u00e9gide du Secr\u00e9taire g\u00e9n\u00e9ral du gouvernorat de Tahoua, M. Ibrahim Miko. Cette r\u00e9union, dite pr\u00e9paratoire, vise \u00e0 identifier et s\u00e9lectionner les acteurs (culturels, \u00e9leveurs, artisans), et \u00e0 \u00e9laborer [&hellip;]<\/p>\n","protected":false},"author":82,"featured_media":10615,"comment_status":"open","ping_status":"closed","sticky":false,"template":"","format":"standard","meta":{"footnotes":""},"categories":[11,2,10],"tags":[55,60,29],"class_list":["post-10616","post","type-post","status-publish","format-standard","has-post-thumbnail","hentry","category-homepage-french","category-politique","category-toutes-les-actualites","tag-africa-press","tag-africa-press-niger","tag-niger"],"yoast_head":"<!-- This site is optimized with the Yoast SEO Premium plugin v26.1 (Yoast SEO v27.0) - https:\/\/yoast.com\/product\/yoast-seo-premium-wordpress\/ -->\n<title>Edition 2021 de la Cure sal\u00e9e \u00e0 Ingall (Agadez): La r\u00e9gion de Tahoua se pr\u00e9pare - niger<\/title>\n<meta name=\"description\" content=\"Le comit\u00e9 r\u00e9gional d&#039;organisation de la Cure sal\u00e9e, \u00e9dition 2021, s&#039;est r\u00e9uni dans le cadre d\u2019une rencontre pr\u00e9paratoire ...\" \/>\n<meta name=\"robots\" content=\"index, follow, max-snippet:-1, max-image-preview:large, max-video-preview:-1\" \/>\n<link rel=\"canonical\" href=\"https:\/\/www.africa-press.net\/niger\/politique\/edition-2021-de-la-cure-salee-a-ingall-agadez-la-region-de-tahoua-se-prepare\" \/>\n<meta property=\"og:locale\" content=\"fr_FR\" \/>\n<meta property=\"og:type\" content=\"article\" \/>\n<meta property=\"og:title\" content=\"Edition 2021 de la Cure sal\u00e9e \u00e0 Ingall (Agadez): La r\u00e9gion de Tahoua se pr\u00e9pare\" \/>\n<meta property=\"og:description\" content=\"Le comit\u00e9 r\u00e9gional d&#039;organisation de la Cure sal\u00e9e, \u00e9dition 2021, s&#039;est r\u00e9uni dans le cadre d\u2019une rencontre pr\u00e9paratoire ...\" \/>\n<meta property=\"og:url\" content=\"https:\/\/www.africa-press.net\/niger\/politique\/edition-2021-de-la-cure-salee-a-ingall-agadez-la-region-de-tahoua-se-prepare\" \/>\n<meta property=\"og:site_name\" content=\"niger\" \/>\n<meta property=\"article:published_time\" content=\"2021-08-24T14:47:14+00:00\" \/>\n<meta property=\"article:modified_time\" content=\"2021-08-26T18:57:41+00:00\" \/>\n<meta property=\"og:image\" content=\"https:\/\/static.africa-press.net\/niger\/sites\/40\/2021\/08\/img-6125025ee607d.jpg\" \/>\n\t<meta property=\"og:image:width\" content=\"1080\" \/>\n\t<meta property=\"og:image:height\" content=\"810\" \/>\n\t<meta property=\"og:image:type\" content=\"image\/jpeg\" \/>\n<meta name=\"author\" content=\"cfeditorfr\" \/>\n<meta name=\"twitter:card\" content=\"summary_large_image\" \/>\n<meta name=\"twitter:label1\" content=\"\u00c9crit par\" \/>\n\t<meta name=\"twitter:data1\" content=\"cfeditorfr\" \/>\n\t<meta name=\"twitter:label2\" content=\"Dur\u00e9e de lecture estim\u00e9e\" \/>\n\t<meta name=\"twitter:data2\" content=\"2 minutes\" \/>\n<script type=\"application\/ld+json\" class=\"yoast-schema-graph\">{\"@context\":\"https:\/\/schema.org\",\"@graph\":[{\"@type\":\"Article\",\"@id\":\"https:\/\/www.africa-press.net\/niger\/politique\/edition-2021-de-la-cure-salee-a-ingall-agadez-la-region-de-tahoua-se-prepare#article\",\"isPartOf\":{\"@id\":\"https:\/\/www.africa-press.net\/niger\/politique\/edition-2021-de-la-cure-salee-a-ingall-agadez-la-region-de-tahoua-se-prepare\"},\"author\":{\"name\":\"cfeditorfr\",\"@id\":\"https:\/\/www.africa-press.net\/niger\/#\/schema\/person\/2b1cf3cd81a31e3cd26889ca66d677f1\"},\"headline\":\"Edition 2021 de la Cure sal\u00e9e \u00e0 Ingall (Agadez): La r\u00e9gion de Tahoua se pr\u00e9pare\",\"datePublished\":\"2021-08-24T14:47:14+00:00\",\"dateModified\":\"2021-08-26T18:57:41+00:00\",\"mainEntityOfPage\":{\"@id\":\"https:\/\/www.africa-press.net\/niger\/politique\/edition-2021-de-la-cure-salee-a-ingall-agadez-la-region-de-tahoua-se-prepare\"},\"wordCount\":364,\"commentCount\":0,\"image\":{\"@id\":\"https:\/\/www.africa-press.net\/niger\/politique\/edition-2021-de-la-cure-salee-a-ingall-agadez-la-region-de-tahoua-se-prepare#primaryimage\"},\"thumbnailUrl\":\"https:\/\/static.africa-press.net\/niger\/sites\/40\/2021\/08\/img-6125025ee607d.jpg\",\"keywords\":[\"Africa Press\",\"Africa Press-Niger\",\"Niger\"],\"articleSection\":[\"homepage-french\",\"Politique\",\"Toutes les actualit\u00e9s\"],\"inLanguage\":\"fr-FR\",\"potentialAction\":[{\"@type\":\"CommentAction\",\"name\":\"Comment\",\"target\":[\"https:\/\/www.africa-press.net\/niger\/politique\/edition-2021-de-la-cure-salee-a-ingall-agadez-la-region-de-tahoua-se-prepare#respond\"]}]},{\"@type\":\"WebPage\",\"@id\":\"https:\/\/www.africa-press.net\/niger\/politique\/edition-2021-de-la-cure-salee-a-ingall-agadez-la-region-de-tahoua-se-prepare\",\"url\":\"https:\/\/www.africa-press.net\/niger\/politique\/edition-2021-de-la-cure-salee-a-ingall-agadez-la-region-de-tahoua-se-prepare\",\"name\":\"Edition 2021 de la Cure sal\u00e9e \u00e0 Ingall (Agadez): La r\u00e9gion de Tahoua se pr\u00e9pare - niger\",\"isPartOf\":{\"@id\":\"https:\/\/www.africa-press.net\/niger\/#website\"},\"primaryImageOfPage\":{\"@id\":\"https:\/\/www.africa-press.net\/niger\/politique\/edition-2021-de-la-cure-salee-a-ingall-agadez-la-region-de-tahoua-se-prepare#primaryimage\"},\"image\":{\"@id\":\"https:\/\/www.africa-press.net\/niger\/politique\/edition-2021-de-la-cure-salee-a-ingall-agadez-la-region-de-tahoua-se-prepare#primaryimage\"},\"thumbnailUrl\":\"https:\/\/static.africa-press.net\/niger\/sites\/40\/2021\/08\/img-6125025ee607d.jpg\",\"datePublished\":\"2021-08-24T14:47:14+00:00\",\"dateModified\":\"2021-08-26T18:57:41+00:00\",\"author\":{\"@id\":\"https:\/\/www.africa-press.net\/niger\/#\/schema\/person\/2b1cf3cd81a31e3cd26889ca66d677f1\"},\"description\":\"Le comit\u00e9 r\u00e9gional d'organisation de la Cure sal\u00e9e, \u00e9dition 2021, s'est r\u00e9uni dans le cadre d\u2019une rencontre pr\u00e9paratoire ...\",\"breadcrumb\":{\"@id\":\"https:\/\/www.africa-press.net\/niger\/politique\/edition-2021-de-la-cure-salee-a-ingall-agadez-la-region-de-tahoua-se-prepare#breadcrumb\"},\"inLanguage\":\"fr-FR\",\"potentialAction\":[{\"@type\":\"ReadAction\",\"target\":[\"https:\/\/www.africa-press.net\/niger\/politique\/edition-2021-de-la-cure-salee-a-ingall-agadez-la-region-de-tahoua-se-prepare\"]}]},{\"@type\":\"ImageObject\",\"inLanguage\":\"fr-FR\",\"@id\":\"https:\/\/www.africa-press.net\/niger\/politique\/edition-2021-de-la-cure-salee-a-ingall-agadez-la-region-de-tahoua-se-prepare#primaryimage\",\"url\":\"https:\/\/static.africa-press.net\/niger\/sites\/40\/2021\/08\/img-6125025ee607d.jpg\",\"contentUrl\":\"https:\/\/static.africa-press.net\/niger\/sites\/40\/2021\/08\/img-6125025ee607d.jpg\",\"width\":1080,\"height\":810,\"caption\":\"Edition 2021 de la Cure sal\u00e9e \u00e0 Ingall (Agadez): La r\u00e9gion de Tahoua se pr\u00e9pare\"},{\"@type\":\"BreadcrumbList\",\"@id\":\"https:\/\/www.africa-press.net\/niger\/politique\/edition-2021-de-la-cure-salee-a-ingall-agadez-la-region-de-tahoua-se-prepare#breadcrumb\",\"itemListElement\":[{\"@type\":\"ListItem\",\"position\":1,\"name\":\"Accueil\",\"item\":\"https:\/\/www.africa-press.net\/niger\/\"},{\"@type\":\"ListItem\",\"position\":2,\"name\":\"Edition 2021 de la Cure sal\u00e9e \u00e0 Ingall (Agadez): La r\u00e9gion de Tahoua se pr\u00e9pare\"}]},{\"@type\":\"WebSite\",\"@id\":\"https:\/\/www.africa-press.net\/niger\/#website\",\"url\":\"https:\/\/www.africa-press.net\/niger\/\",\"name\":\"niger\",\"description\":\"Just another Africa News Agency Sites site\",\"potentialAction\":[{\"@type\":\"SearchAction\",\"target\":{\"@type\":\"EntryPoint\",\"urlTemplate\":\"https:\/\/www.africa-press.net\/niger\/?s={search_term_string}\"},\"query-input\":{\"@type\":\"PropertyValueSpecification\",\"valueRequired\":true,\"valueName\":\"search_term_string\"}}],\"inLanguage\":\"fr-FR\"},{\"@type\":\"Person\",\"@id\":\"https:\/\/www.africa-press.net\/niger\/#\/schema\/person\/2b1cf3cd81a31e3cd26889ca66d677f1\",\"name\":\"cfeditorfr\"}]}<\/script>\n<!-- \/ Yoast SEO Premium plugin. -->","yoast_head_json":{"title":"Edition 2021 de la Cure sal\u00e9e \u00e0 Ingall (Agadez): La r\u00e9gion de Tahoua se pr\u00e9pare - niger","description":"Le comit\u00e9 r\u00e9gional d'organisation de la Cure sal\u00e9e, \u00e9dition 2021, s'est r\u00e9uni dans le cadre d\u2019une rencontre pr\u00e9paratoire ...","robots":{"index":"index","follow":"follow","max-snippet":"max-snippet:-1","max-image-preview":"max-image-preview:large","max-video-preview":"max-video-preview:-1"},"canonical":"https:\/\/www.africa-press.net\/niger\/politique\/edition-2021-de-la-cure-salee-a-ingall-agadez-la-region-de-tahoua-se-prepare","og_locale":"fr_FR","og_type":"article","og_title":"Edition 2021 de la Cure sal\u00e9e \u00e0 Ingall (Agadez): La r\u00e9gion de Tahoua se pr\u00e9pare","og_description":"Le comit\u00e9 r\u00e9gional d'organisation de la Cure sal\u00e9e, \u00e9dition 2021, s'est r\u00e9uni dans le cadre d\u2019une rencontre pr\u00e9paratoire ...","og_url":"https:\/\/www.africa-press.net\/niger\/politique\/edition-2021-de-la-cure-salee-a-ingall-agadez-la-region-de-tahoua-se-prepare","og_site_name":"niger","article_published_time":"2021-08-24T14:47:14+00:00","article_modified_time":"2021-08-26T18:57:41+00:00","og_image":[{"width":1080,"height":810,"url":"https:\/\/static.africa-press.net\/niger\/sites\/40\/2021\/08\/img-6125025ee607d.jpg","type":"image\/jpeg"}],"author":"cfeditorfr","twitter_card":"summary_large_image","twitter_misc":{"\u00c9crit par":"cfeditorfr","Dur\u00e9e de lecture estim\u00e9e":"2 minutes"},"schema":{"@context":"https:\/\/schema.org","@graph":[{"@type":"Article","@id":"https:\/\/www.africa-press.net\/niger\/politique\/edition-2021-de-la-cure-salee-a-ingall-agadez-la-region-de-tahoua-se-prepare#article","isPartOf":{"@id":"https:\/\/www.africa-press.net\/niger\/politique\/edition-2021-de-la-cure-salee-a-ingall-agadez-la-region-de-tahoua-se-prepare"},"author":{"name":"cfeditorfr","@id":"https:\/\/www.africa-press.net\/niger\/#\/schema\/person\/2b1cf3cd81a31e3cd26889ca66d677f1"},"headline":"Edition 2021 de la Cure sal\u00e9e \u00e0 Ingall (Agadez): La r\u00e9gion de Tahoua se pr\u00e9pare","datePublished":"2021-08-24T14:47:14+00:00","dateModified":"2021-08-26T18:57:41+00:00","mainEntityOfPage":{"@id":"https:\/\/www.africa-press.net\/niger\/politique\/edition-2021-de-la-cure-salee-a-ingall-agadez-la-region-de-tahoua-se-prepare"},"wordCount":364,"commentCount":0,"image":{"@id":"https:\/\/www.africa-press.net\/niger\/politique\/edition-2021-de-la-cure-salee-a-ingall-agadez-la-region-de-tahoua-se-prepare#primaryimage"},"thumbnailUrl":"https:\/\/static.africa-press.net\/niger\/sites\/40\/2021\/08\/img-6125025ee607d.jpg","keywords":["Africa Press","Africa Press-Niger","Niger"],"articleSection":["homepage-french","Politique","Toutes les actualit\u00e9s"],"inLanguage":"fr-FR","potentialAction":[{"@type":"CommentAction","name":"Comment","target":["https:\/\/www.africa-press.net\/niger\/politique\/edition-2021-de-la-cure-salee-a-ingall-agadez-la-region-de-tahoua-se-prepare#respond"]}]},{"@type":"WebPage","@id":"https:\/\/www.africa-press.net\/niger\/politique\/edition-2021-de-la-cure-salee-a-ingall-agadez-la-region-de-tahoua-se-prepare","url":"https:\/\/www.africa-press.net\/niger\/politique\/edition-2021-de-la-cure-salee-a-ingall-agadez-la-region-de-tahoua-se-prepare","name":"Edition 2021 de la Cure sal\u00e9e \u00e0 Ingall (Agadez): La r\u00e9gion de Tahoua se pr\u00e9pare - niger","isPartOf":{"@id":"https:\/\/www.africa-press.net\/niger\/#website"},"primaryImageOfPage":{"@id":"https:\/\/www.africa-press.net\/niger\/politique\/edition-2021-de-la-cure-salee-a-ingall-agadez-la-region-de-tahoua-se-prepare#primaryimage"},"image":{"@id":"https:\/\/www.africa-press.net\/niger\/politique\/edition-2021-de-la-cure-salee-a-ingall-agadez-la-region-de-tahoua-se-prepare#primaryimage"},"thumbnailUrl":"https:\/\/static.africa-press.net\/niger\/sites\/40\/2021\/08\/img-6125025ee607d.jpg","datePublished":"2021-08-24T14:47:14+00:00","dateModified":"2021-08-26T18:57:41+00:00","author":{"@id":"https:\/\/www.africa-press.net\/niger\/#\/schema\/person\/2b1cf3cd81a31e3cd26889ca66d677f1"},"description":"Le comit\u00e9 r\u00e9gional d'organisation de la Cure sal\u00e9e, \u00e9dition 2021, s'est r\u00e9uni dans le cadre d\u2019une rencontre pr\u00e9paratoire ...","breadcrumb":{"@id":"https:\/\/www.africa-press.net\/niger\/politique\/edition-2021-de-la-cure-salee-a-ingall-agadez-la-region-de-tahoua-se-prepare#breadcrumb"},"inLanguage":"fr-FR","potentialAction":[{"@type":"ReadAction","target":["https:\/\/www.africa-press.net\/niger\/politique\/edition-2021-de-la-cure-salee-a-ingall-agadez-la-region-de-tahoua-se-prepare"]}]},{"@type":"ImageObject","inLanguage":"fr-FR","@id":"https:\/\/www.africa-press.net\/niger\/politique\/edition-2021-de-la-cure-salee-a-ingall-agadez-la-region-de-tahoua-se-prepare#primaryimage","url":"https:\/\/static.africa-press.net\/niger\/sites\/40\/2021\/08\/img-6125025ee607d.jpg","contentUrl":"https:\/\/static.africa-press.net\/niger\/sites\/40\/2021\/08\/img-6125025ee607d.jpg","width":1080,"height":810,"caption":"Edition 2021 de la Cure sal\u00e9e \u00e0 Ingall (Agadez): La r\u00e9gion de Tahoua se pr\u00e9pare"},{"@type":"BreadcrumbList","@id":"https:\/\/www.africa-press.net\/niger\/politique\/edition-2021-de-la-cure-salee-a-ingall-agadez-la-region-de-tahoua-se-prepare#breadcrumb","itemListElement":[{"@type":"ListItem","position":1,"name":"Accueil","item":"https:\/\/www.africa-press.net\/niger\/"},{"@type":"ListItem","position":2,"name":"Edition 2021 de la Cure sal\u00e9e \u00e0 Ingall (Agadez): La r\u00e9gion de Tahoua se pr\u00e9pare"}]},{"@type":"WebSite","@id":"https:\/\/www.africa-press.net\/niger\/#website","url":"https:\/\/www.africa-press.net\/niger\/","name":"niger","description":"Just another Africa News Agency Sites site","potentialAction":[{"@type":"SearchAction","target":{"@type":"EntryPoint","urlTemplate":"https:\/\/www.africa-press.net\/niger\/?s={search_term_string}"},"query-input":{"@type":"PropertyValueSpecification","valueRequired":true,"valueName":"search_term_string"}}],"inLanguage":"fr-FR"},{"@type":"Person","@id":"https:\/\/www.africa-press.net\/niger\/#\/schema\/person\/2b1cf3cd81a31e3cd26889ca66d677f1","name":"cfeditorfr"}]}},"_links":{"self":[{"href":"https:\/\/www.africa-press.net\/niger\/wp-json\/wp\/v2\/posts\/10616","targetHints":{"allow":["GET"]}}],"collection":[{"href":"https:\/\/www.africa-press.net\/niger\/wp-json\/wp\/v2\/posts"}],"about":[{"href":"https:\/\/www.africa-press.net\/niger\/wp-json\/wp\/v2\/types\/post"}],"author":[{"embeddable":true,"href":"https:\/\/www.africa-press.net\/niger\/wp-json\/wp\/v2\/users\/82"}],"replies":[{"embeddable":true,"href":"https:\/\/www.africa-press.net\/niger\/wp-json\/wp\/v2\/comments?post=10616"}],"version-history":[{"count":0,"href":"https:\/\/www.africa-press.net\/niger\/wp-json\/wp\/v2\/posts\/10616\/revisions"}],"wp:featuredmedia":[{"embeddable":true,"href":"https:\/\/www.africa-press.net\/niger\/wp-json\/wp\/v2\/media\/10615"}],"wp:attachment":[{"href":"https:\/\/www.africa-press.net\/niger\/wp-json\/wp\/v2\/media?parent=10616"}],"wp:term":[{"taxonomy":"category","embeddable":true,"href":"https:\/\/www.africa-press.net\/niger\/wp-json\/wp\/v2\/categories?post=10616"},{"taxonomy":"post_tag","embeddable":true,"href":"https:\/\/www.africa-press.net\/niger\/wp-json\/wp\/v2\/tags?post=10616"}],"curies":[{"name":"wp","href":"https:\/\/api.w.org\/{rel}","templated":true}]}}