{"id":10625,"date":"2021-08-24T15:12:20","date_gmt":"2021-08-24T15:12:20","guid":{"rendered":"https:\/\/www.africa-press.net\/niger\/?p=10625"},"modified":"2021-08-26T18:58:04","modified_gmt":"2021-08-26T18:58:04","slug":"commission-de-la-cedeao-m-mamadu-jao-le-nouveau-commissaire-de-la-cedeao-en-charge-de-leducation-de-la-science-et-de-la-culture-a-pris-fonction-ce-mois-a-abuja","status":"publish","type":"post","link":"https:\/\/www.africa-press.net\/niger\/culture-et-art\/commission-de-la-cedeao-m-mamadu-jao-le-nouveau-commissaire-de-la-cedeao-en-charge-de-leducation-de-la-science-et-de-la-culture-a-pris-fonction-ce-mois-a-abuja","title":{"rendered":"Commission de la CEDEAO : M. Mamad\u00fa JAO, le nouveau Commissaire de la CEDEAO en charge de l\u2019Education, de la Science et de la Culture a pris fonction ce mois \u00e0 Abuja"},"content":{"rendered":"<p><span style=\"color: #ff6600\"><strong><a href=\"https:\/\/www.africa-press.net\/\">Africa-Press<\/a> &#8211; <a href=\"https:\/\/www.africa-press.net\/niger\">Niger<\/a>. <\/strong><\/span>M. Mamad\u00fa JAO est le nouveau Commissaire de la CEDEAO en charge du D\u00e9partement de l\u2019Education, de la Science et de la Culture. Originaire de la Guin\u00e9e-Bissau, il a \u00e9t\u00e9 nomm\u00e9 \u00e0 ce poste apr\u00e8s le d\u00e9c\u00e8s \u00e0 Dakar au S\u00e9n\u00e9gal de l\u2019ex Commissaire, le Professeur Leopoldo Amado, le 24 janvier 2021. Avant sa nomination, M. Mamad\u00fa JAO \u00e9tait depuis 2013, le Repr\u00e9sentant Adjoint du Fonds des Nations Unies pour la Population (FNUAP) en Guin\u00e9e-Bissau.<\/p>\n<p>N\u00e9 le 12 Ao\u00fbt 1958 \u00e0 Buba en Guin\u00e9e-Bissau, le Commissaire Mamad\u00fa JAO a eu un riche parcours professionnel. Avant sa prise de fonction en Ao\u00fbt 2021 \u00e0 la CEDEAO, il \u00e9tait fonctionnaire des Nations Unies. En 2012, il fut professeur invit\u00e9 au d\u00e9partement d\u2019anthropologie de l\u2019Universit\u00e9 de Campinas au Br\u00e9sil et \u00e9galement professeur \u00e0 l\u2019Universit\u00e9 Jean Piaget de Guin\u00e9e-Bissau de 2011 \u00e0 2012.<\/p>\n<p>Il a \u00e9galement \u00e9t\u00e9 le Directeur du Programme de recherche et d\u2019action pour la consolidation de la paix en Guin\u00e9e Bissau (Voz di Paz), en partenariat avec Interpeace, Gen\u00e8ve, Suisse, de 2007 \u00e0 2010, puis membres du groupe de recherche \u00ab Strat\u00e9gies locales de gestion des conflits en Guin\u00e9e-Bissau \u00bb (INEP, en partenariat avec l\u2019Universit\u00e9 de Bayreuth \/<\/p>\n<p>Allemagne), ayant d\u00e9velopp\u00e9 des recherches sur les questions li\u00e9es aux conflits<\/p>\n<p>interethniques en Guin\u00e9e-Bissau, jusqu\u2019en 2012.<\/p>\n<p>La grande partie de sa carri\u00e8re professionnelle a \u00e9t\u00e9 faite \u00e0 l\u2019Institut National d\u2019Etudes et de Recherches de la Guin\u00e9e-Bissau (INEP), le plus grand centre de recherche en sciences sociales et sciences naturelles en Guin\u00e9e-Bissau, o\u00f9 il occupa divers postes depuis 1988, avant d\u2019\u00eatre Directeur de 1999 \u00e0 2012.<\/p>\n<p>En 2010, il a d\u00e9fendu avec succ\u00e8s une th\u00e8se de doctorat en \u00c9tudes Africaines Interdisciplinaires, sp\u00e9cialis\u00e9e en \u00ab Structures et Dynamiques Sociales en Afrique \u00bb sur le th\u00e8me \u00abStrat\u00e9gies de vie et de survie en contexte de crise : les Mancanhas de la ville de Bissau \u00bbqui a \u00e9galement \u00e9t\u00e9 publi\u00e9 en 2015. Il a \u00e9galement publi\u00e9 en 1999, un livre intitul\u00e9 \u00ab Intervention rurale int\u00e9gr\u00e9e: exp\u00e9rience du nord de la Guin\u00e9e-Bissau \u00bb. Il a \u00e9galement particip\u00e9 \u00e0 plusieurs conf\u00e9rences (nationales et internationales), dirig\u00e9 et coordonn\u00e9 plusieurs \u00e9tudes, et publi\u00e9 plusieurs articles dans plusieurs revues.<\/p>\n<p>Le Commissaire Mamad\u00fa JAO est mari\u00e9. Il parle le portugais, le fran\u00e7ais, l\u2019anglais (raisonnable), le russe, le cr\u00e9ole et le peulh.<\/p>\n<p><b>\u00a0<\/b><\/p>\n","protected":false},"excerpt":{"rendered":"<p>Africa-Press &#8211; Niger. M. Mamad\u00fa JAO est le nouveau Commissaire de la CEDEAO en charge du D\u00e9partement de l\u2019Education, de la Science et de la Culture. Originaire de la Guin\u00e9e-Bissau, il a \u00e9t\u00e9 nomm\u00e9 \u00e0 ce poste apr\u00e8s le d\u00e9c\u00e8s \u00e0 Dakar au S\u00e9n\u00e9gal de l\u2019ex Commissaire, le Professeur Leopoldo Amado, le 24 janvier 2021. [&hellip;]<\/p>\n","protected":false},"author":82,"featured_media":10624,"comment_status":"open","ping_status":"closed","sticky":false,"template":"","format":"standard","meta":{"footnotes":""},"categories":[5,11,10],"tags":[55,60,29],"class_list":["post-10625","post","type-post","status-publish","format-standard","has-post-thumbnail","hentry","category-culture-et-art","category-homepage-french","category-toutes-les-actualites","tag-africa-press","tag-africa-press-niger","tag-niger"],"yoast_head":"<!-- This site is optimized with the Yoast SEO Premium plugin v26.1 (Yoast SEO v27.0) - https:\/\/yoast.com\/product\/yoast-seo-premium-wordpress\/ -->\n<title>Commission de la CEDEAO : M. Mamad\u00fa JAO, le nouveau Commissaire de la CEDEAO en charge de l\u2019Education, de la Science et de la Culture a pris fonction ce mois \u00e0 Abuja - niger<\/title>\n<meta name=\"description\" content=\"\ufeffM. Mamad\u00fa JAO est le nouveau Commissaire de la CEDEAO en charge du D\u00e9partement de l\u2019Education, de la Science et de la C ...\" \/>\n<meta name=\"robots\" content=\"index, follow, max-snippet:-1, max-image-preview:large, max-video-preview:-1\" \/>\n<link rel=\"canonical\" href=\"https:\/\/www.africa-press.net\/niger\/culture-et-art\/commission-de-la-cedeao-m-mamadu-jao-le-nouveau-commissaire-de-la-cedeao-en-charge-de-leducation-de-la-science-et-de-la-culture-a-pris-fonction-ce-mois-a-abuja\" \/>\n<meta property=\"og:locale\" content=\"fr_FR\" \/>\n<meta property=\"og:type\" content=\"article\" \/>\n<meta property=\"og:title\" content=\"Commission de la CEDEAO : M. Mamad\u00fa JAO, le nouveau Commissaire de la CEDEAO en charge de l\u2019Education, de la Science et de la Culture a pris fonction ce mois \u00e0 Abuja\" \/>\n<meta property=\"og:description\" content=\"\ufeffM. Mamad\u00fa JAO est le nouveau Commissaire de la CEDEAO en charge du D\u00e9partement de l\u2019Education, de la Science et de la C ...\" \/>\n<meta property=\"og:url\" content=\"https:\/\/www.africa-press.net\/niger\/culture-et-art\/commission-de-la-cedeao-m-mamadu-jao-le-nouveau-commissaire-de-la-cedeao-en-charge-de-leducation-de-la-science-et-de-la-culture-a-pris-fonction-ce-mois-a-abuja\" \/>\n<meta property=\"og:site_name\" content=\"niger\" \/>\n<meta property=\"article:published_time\" content=\"2021-08-24T15:12:20+00:00\" \/>\n<meta property=\"article:modified_time\" content=\"2021-08-26T18:58:04+00:00\" \/>\n<meta property=\"og:image\" content=\"https:\/\/static.africa-press.net\/niger\/sites\/40\/2021\/08\/img-61250324e7db9.jpg\" \/>\n\t<meta property=\"og:image:width\" content=\"720\" \/>\n\t<meta property=\"og:image:height\" content=\"419\" \/>\n\t<meta property=\"og:image:type\" content=\"image\/jpeg\" \/>\n<meta name=\"author\" content=\"cfeditorfr\" \/>\n<meta name=\"twitter:card\" content=\"summary_large_image\" \/>\n<meta name=\"twitter:label1\" content=\"\u00c9crit par\" \/>\n\t<meta name=\"twitter:data1\" content=\"cfeditorfr\" \/>\n\t<meta name=\"twitter:label2\" content=\"Dur\u00e9e de lecture estim\u00e9e\" \/>\n\t<meta name=\"twitter:data2\" content=\"2 minutes\" \/>\n<script type=\"application\/ld+json\" class=\"yoast-schema-graph\">{\"@context\":\"https:\/\/schema.org\",\"@graph\":[{\"@type\":\"Article\",\"@id\":\"https:\/\/www.africa-press.net\/niger\/culture-et-art\/commission-de-la-cedeao-m-mamadu-jao-le-nouveau-commissaire-de-la-cedeao-en-charge-de-leducation-de-la-science-et-de-la-culture-a-pris-fonction-ce-mois-a-abuja#article\",\"isPartOf\":{\"@id\":\"https:\/\/www.africa-press.net\/niger\/culture-et-art\/commission-de-la-cedeao-m-mamadu-jao-le-nouveau-commissaire-de-la-cedeao-en-charge-de-leducation-de-la-science-et-de-la-culture-a-pris-fonction-ce-mois-a-abuja\"},\"author\":{\"name\":\"cfeditorfr\",\"@id\":\"https:\/\/www.africa-press.net\/niger\/#\/schema\/person\/2b1cf3cd81a31e3cd26889ca66d677f1\"},\"headline\":\"Commission de la CEDEAO : M. Mamad\u00fa JAO, le nouveau Commissaire de la CEDEAO en charge de l\u2019Education, de la Science et de la Culture a pris fonction ce mois \u00e0 Abuja\",\"datePublished\":\"2021-08-24T15:12:20+00:00\",\"dateModified\":\"2021-08-26T18:58:04+00:00\",\"mainEntityOfPage\":{\"@id\":\"https:\/\/www.africa-press.net\/niger\/culture-et-art\/commission-de-la-cedeao-m-mamadu-jao-le-nouveau-commissaire-de-la-cedeao-en-charge-de-leducation-de-la-science-et-de-la-culture-a-pris-fonction-ce-mois-a-abuja\"},\"wordCount\":427,\"commentCount\":0,\"image\":{\"@id\":\"https:\/\/www.africa-press.net\/niger\/culture-et-art\/commission-de-la-cedeao-m-mamadu-jao-le-nouveau-commissaire-de-la-cedeao-en-charge-de-leducation-de-la-science-et-de-la-culture-a-pris-fonction-ce-mois-a-abuja#primaryimage\"},\"thumbnailUrl\":\"https:\/\/static.africa-press.net\/niger\/sites\/40\/2021\/08\/img-61250324e7db9.jpg\",\"keywords\":[\"Africa Press\",\"Africa Press-Niger\",\"Niger\"],\"articleSection\":[\"Culture et Art\",\"homepage-french\",\"Toutes les actualit\u00e9s\"],\"inLanguage\":\"fr-FR\",\"potentialAction\":[{\"@type\":\"CommentAction\",\"name\":\"Comment\",\"target\":[\"https:\/\/www.africa-press.net\/niger\/culture-et-art\/commission-de-la-cedeao-m-mamadu-jao-le-nouveau-commissaire-de-la-cedeao-en-charge-de-leducation-de-la-science-et-de-la-culture-a-pris-fonction-ce-mois-a-abuja#respond\"]}]},{\"@type\":\"WebPage\",\"@id\":\"https:\/\/www.africa-press.net\/niger\/culture-et-art\/commission-de-la-cedeao-m-mamadu-jao-le-nouveau-commissaire-de-la-cedeao-en-charge-de-leducation-de-la-science-et-de-la-culture-a-pris-fonction-ce-mois-a-abuja\",\"url\":\"https:\/\/www.africa-press.net\/niger\/culture-et-art\/commission-de-la-cedeao-m-mamadu-jao-le-nouveau-commissaire-de-la-cedeao-en-charge-de-leducation-de-la-science-et-de-la-culture-a-pris-fonction-ce-mois-a-abuja\",\"name\":\"Commission de la CEDEAO : M. Mamad\u00fa JAO, le nouveau Commissaire de la CEDEAO en charge de l\u2019Education, de la Science et de la Culture a pris fonction ce mois \u00e0 Abuja - niger\",\"isPartOf\":{\"@id\":\"https:\/\/www.africa-press.net\/niger\/#website\"},\"primaryImageOfPage\":{\"@id\":\"https:\/\/www.africa-press.net\/niger\/culture-et-art\/commission-de-la-cedeao-m-mamadu-jao-le-nouveau-commissaire-de-la-cedeao-en-charge-de-leducation-de-la-science-et-de-la-culture-a-pris-fonction-ce-mois-a-abuja#primaryimage\"},\"image\":{\"@id\":\"https:\/\/www.africa-press.net\/niger\/culture-et-art\/commission-de-la-cedeao-m-mamadu-jao-le-nouveau-commissaire-de-la-cedeao-en-charge-de-leducation-de-la-science-et-de-la-culture-a-pris-fonction-ce-mois-a-abuja#primaryimage\"},\"thumbnailUrl\":\"https:\/\/static.africa-press.net\/niger\/sites\/40\/2021\/08\/img-61250324e7db9.jpg\",\"datePublished\":\"2021-08-24T15:12:20+00:00\",\"dateModified\":\"2021-08-26T18:58:04+00:00\",\"author\":{\"@id\":\"https:\/\/www.africa-press.net\/niger\/#\/schema\/person\/2b1cf3cd81a31e3cd26889ca66d677f1\"},\"description\":\"\ufeffM. Mamad\u00fa JAO est le nouveau Commissaire de la CEDEAO en charge du D\u00e9partement de l\u2019Education, de la Science et de la C ...\",\"breadcrumb\":{\"@id\":\"https:\/\/www.africa-press.net\/niger\/culture-et-art\/commission-de-la-cedeao-m-mamadu-jao-le-nouveau-commissaire-de-la-cedeao-en-charge-de-leducation-de-la-science-et-de-la-culture-a-pris-fonction-ce-mois-a-abuja#breadcrumb\"},\"inLanguage\":\"fr-FR\",\"potentialAction\":[{\"@type\":\"ReadAction\",\"target\":[\"https:\/\/www.africa-press.net\/niger\/culture-et-art\/commission-de-la-cedeao-m-mamadu-jao-le-nouveau-commissaire-de-la-cedeao-en-charge-de-leducation-de-la-science-et-de-la-culture-a-pris-fonction-ce-mois-a-abuja\"]}]},{\"@type\":\"ImageObject\",\"inLanguage\":\"fr-FR\",\"@id\":\"https:\/\/www.africa-press.net\/niger\/culture-et-art\/commission-de-la-cedeao-m-mamadu-jao-le-nouveau-commissaire-de-la-cedeao-en-charge-de-leducation-de-la-science-et-de-la-culture-a-pris-fonction-ce-mois-a-abuja#primaryimage\",\"url\":\"https:\/\/static.africa-press.net\/niger\/sites\/40\/2021\/08\/img-61250324e7db9.jpg\",\"contentUrl\":\"https:\/\/static.africa-press.net\/niger\/sites\/40\/2021\/08\/img-61250324e7db9.jpg\",\"width\":720,\"height\":419,\"caption\":\"Commission de la CEDEAO : M. Mamad\u00fa JAO, le nouveau Commissaire de la CEDEAO en charge de l\u2019Education, de la Science et de la Culture a pris fonction ce mois \u00e0 Abuja\"},{\"@type\":\"BreadcrumbList\",\"@id\":\"https:\/\/www.africa-press.net\/niger\/culture-et-art\/commission-de-la-cedeao-m-mamadu-jao-le-nouveau-commissaire-de-la-cedeao-en-charge-de-leducation-de-la-science-et-de-la-culture-a-pris-fonction-ce-mois-a-abuja#breadcrumb\",\"itemListElement\":[{\"@type\":\"ListItem\",\"position\":1,\"name\":\"Accueil\",\"item\":\"https:\/\/www.africa-press.net\/niger\/\"},{\"@type\":\"ListItem\",\"position\":2,\"name\":\"Commission de la CEDEAO : M. Mamad\u00fa JAO, le nouveau Commissaire de la CEDEAO en charge de l\u2019Education, de la Science et de la Culture a pris fonction ce mois \u00e0 Abuja\"}]},{\"@type\":\"WebSite\",\"@id\":\"https:\/\/www.africa-press.net\/niger\/#website\",\"url\":\"https:\/\/www.africa-press.net\/niger\/\",\"name\":\"niger\",\"description\":\"Just another Africa News Agency Sites site\",\"potentialAction\":[{\"@type\":\"SearchAction\",\"target\":{\"@type\":\"EntryPoint\",\"urlTemplate\":\"https:\/\/www.africa-press.net\/niger\/?s={search_term_string}\"},\"query-input\":{\"@type\":\"PropertyValueSpecification\",\"valueRequired\":true,\"valueName\":\"search_term_string\"}}],\"inLanguage\":\"fr-FR\"},{\"@type\":\"Person\",\"@id\":\"https:\/\/www.africa-press.net\/niger\/#\/schema\/person\/2b1cf3cd81a31e3cd26889ca66d677f1\",\"name\":\"cfeditorfr\"}]}<\/script>\n<!-- \/ Yoast SEO Premium plugin. -->","yoast_head_json":{"title":"Commission de la CEDEAO : M. Mamad\u00fa JAO, le nouveau Commissaire de la CEDEAO en charge de l\u2019Education, de la Science et de la Culture a pris fonction ce mois \u00e0 Abuja - niger","description":"\ufeffM. Mamad\u00fa JAO est le nouveau Commissaire de la CEDEAO en charge du D\u00e9partement de l\u2019Education, de la Science et de la C ...","robots":{"index":"index","follow":"follow","max-snippet":"max-snippet:-1","max-image-preview":"max-image-preview:large","max-video-preview":"max-video-preview:-1"},"canonical":"https:\/\/www.africa-press.net\/niger\/culture-et-art\/commission-de-la-cedeao-m-mamadu-jao-le-nouveau-commissaire-de-la-cedeao-en-charge-de-leducation-de-la-science-et-de-la-culture-a-pris-fonction-ce-mois-a-abuja","og_locale":"fr_FR","og_type":"article","og_title":"Commission de la CEDEAO : M. Mamad\u00fa JAO, le nouveau Commissaire de la CEDEAO en charge de l\u2019Education, de la Science et de la Culture a pris fonction ce mois \u00e0 Abuja","og_description":"\ufeffM. Mamad\u00fa JAO est le nouveau Commissaire de la CEDEAO en charge du D\u00e9partement de l\u2019Education, de la Science et de la C ...","og_url":"https:\/\/www.africa-press.net\/niger\/culture-et-art\/commission-de-la-cedeao-m-mamadu-jao-le-nouveau-commissaire-de-la-cedeao-en-charge-de-leducation-de-la-science-et-de-la-culture-a-pris-fonction-ce-mois-a-abuja","og_site_name":"niger","article_published_time":"2021-08-24T15:12:20+00:00","article_modified_time":"2021-08-26T18:58:04+00:00","og_image":[{"width":720,"height":419,"url":"https:\/\/static.africa-press.net\/niger\/sites\/40\/2021\/08\/img-61250324e7db9.jpg","type":"image\/jpeg"}],"author":"cfeditorfr","twitter_card":"summary_large_image","twitter_misc":{"\u00c9crit par":"cfeditorfr","Dur\u00e9e de lecture estim\u00e9e":"2 minutes"},"schema":{"@context":"https:\/\/schema.org","@graph":[{"@type":"Article","@id":"https:\/\/www.africa-press.net\/niger\/culture-et-art\/commission-de-la-cedeao-m-mamadu-jao-le-nouveau-commissaire-de-la-cedeao-en-charge-de-leducation-de-la-science-et-de-la-culture-a-pris-fonction-ce-mois-a-abuja#article","isPartOf":{"@id":"https:\/\/www.africa-press.net\/niger\/culture-et-art\/commission-de-la-cedeao-m-mamadu-jao-le-nouveau-commissaire-de-la-cedeao-en-charge-de-leducation-de-la-science-et-de-la-culture-a-pris-fonction-ce-mois-a-abuja"},"author":{"name":"cfeditorfr","@id":"https:\/\/www.africa-press.net\/niger\/#\/schema\/person\/2b1cf3cd81a31e3cd26889ca66d677f1"},"headline":"Commission de la CEDEAO : M. Mamad\u00fa JAO, le nouveau Commissaire de la CEDEAO en charge de l\u2019Education, de la Science et de la Culture a pris fonction ce mois \u00e0 Abuja","datePublished":"2021-08-24T15:12:20+00:00","dateModified":"2021-08-26T18:58:04+00:00","mainEntityOfPage":{"@id":"https:\/\/www.africa-press.net\/niger\/culture-et-art\/commission-de-la-cedeao-m-mamadu-jao-le-nouveau-commissaire-de-la-cedeao-en-charge-de-leducation-de-la-science-et-de-la-culture-a-pris-fonction-ce-mois-a-abuja"},"wordCount":427,"commentCount":0,"image":{"@id":"https:\/\/www.africa-press.net\/niger\/culture-et-art\/commission-de-la-cedeao-m-mamadu-jao-le-nouveau-commissaire-de-la-cedeao-en-charge-de-leducation-de-la-science-et-de-la-culture-a-pris-fonction-ce-mois-a-abuja#primaryimage"},"thumbnailUrl":"https:\/\/static.africa-press.net\/niger\/sites\/40\/2021\/08\/img-61250324e7db9.jpg","keywords":["Africa Press","Africa Press-Niger","Niger"],"articleSection":["Culture et Art","homepage-french","Toutes les actualit\u00e9s"],"inLanguage":"fr-FR","potentialAction":[{"@type":"CommentAction","name":"Comment","target":["https:\/\/www.africa-press.net\/niger\/culture-et-art\/commission-de-la-cedeao-m-mamadu-jao-le-nouveau-commissaire-de-la-cedeao-en-charge-de-leducation-de-la-science-et-de-la-culture-a-pris-fonction-ce-mois-a-abuja#respond"]}]},{"@type":"WebPage","@id":"https:\/\/www.africa-press.net\/niger\/culture-et-art\/commission-de-la-cedeao-m-mamadu-jao-le-nouveau-commissaire-de-la-cedeao-en-charge-de-leducation-de-la-science-et-de-la-culture-a-pris-fonction-ce-mois-a-abuja","url":"https:\/\/www.africa-press.net\/niger\/culture-et-art\/commission-de-la-cedeao-m-mamadu-jao-le-nouveau-commissaire-de-la-cedeao-en-charge-de-leducation-de-la-science-et-de-la-culture-a-pris-fonction-ce-mois-a-abuja","name":"Commission de la CEDEAO : M. Mamad\u00fa JAO, le nouveau Commissaire de la CEDEAO en charge de l\u2019Education, de la Science et de la Culture a pris fonction ce mois \u00e0 Abuja - niger","isPartOf":{"@id":"https:\/\/www.africa-press.net\/niger\/#website"},"primaryImageOfPage":{"@id":"https:\/\/www.africa-press.net\/niger\/culture-et-art\/commission-de-la-cedeao-m-mamadu-jao-le-nouveau-commissaire-de-la-cedeao-en-charge-de-leducation-de-la-science-et-de-la-culture-a-pris-fonction-ce-mois-a-abuja#primaryimage"},"image":{"@id":"https:\/\/www.africa-press.net\/niger\/culture-et-art\/commission-de-la-cedeao-m-mamadu-jao-le-nouveau-commissaire-de-la-cedeao-en-charge-de-leducation-de-la-science-et-de-la-culture-a-pris-fonction-ce-mois-a-abuja#primaryimage"},"thumbnailUrl":"https:\/\/static.africa-press.net\/niger\/sites\/40\/2021\/08\/img-61250324e7db9.jpg","datePublished":"2021-08-24T15:12:20+00:00","dateModified":"2021-08-26T18:58:04+00:00","author":{"@id":"https:\/\/www.africa-press.net\/niger\/#\/schema\/person\/2b1cf3cd81a31e3cd26889ca66d677f1"},"description":"\ufeffM. Mamad\u00fa JAO est le nouveau Commissaire de la CEDEAO en charge du D\u00e9partement de l\u2019Education, de la Science et de la C ...","breadcrumb":{"@id":"https:\/\/www.africa-press.net\/niger\/culture-et-art\/commission-de-la-cedeao-m-mamadu-jao-le-nouveau-commissaire-de-la-cedeao-en-charge-de-leducation-de-la-science-et-de-la-culture-a-pris-fonction-ce-mois-a-abuja#breadcrumb"},"inLanguage":"fr-FR","potentialAction":[{"@type":"ReadAction","target":["https:\/\/www.africa-press.net\/niger\/culture-et-art\/commission-de-la-cedeao-m-mamadu-jao-le-nouveau-commissaire-de-la-cedeao-en-charge-de-leducation-de-la-science-et-de-la-culture-a-pris-fonction-ce-mois-a-abuja"]}]},{"@type":"ImageObject","inLanguage":"fr-FR","@id":"https:\/\/www.africa-press.net\/niger\/culture-et-art\/commission-de-la-cedeao-m-mamadu-jao-le-nouveau-commissaire-de-la-cedeao-en-charge-de-leducation-de-la-science-et-de-la-culture-a-pris-fonction-ce-mois-a-abuja#primaryimage","url":"https:\/\/static.africa-press.net\/niger\/sites\/40\/2021\/08\/img-61250324e7db9.jpg","contentUrl":"https:\/\/static.africa-press.net\/niger\/sites\/40\/2021\/08\/img-61250324e7db9.jpg","width":720,"height":419,"caption":"Commission de la CEDEAO : M. Mamad\u00fa JAO, le nouveau Commissaire de la CEDEAO en charge de l\u2019Education, de la Science et de la Culture a pris fonction ce mois \u00e0 Abuja"},{"@type":"BreadcrumbList","@id":"https:\/\/www.africa-press.net\/niger\/culture-et-art\/commission-de-la-cedeao-m-mamadu-jao-le-nouveau-commissaire-de-la-cedeao-en-charge-de-leducation-de-la-science-et-de-la-culture-a-pris-fonction-ce-mois-a-abuja#breadcrumb","itemListElement":[{"@type":"ListItem","position":1,"name":"Accueil","item":"https:\/\/www.africa-press.net\/niger\/"},{"@type":"ListItem","position":2,"name":"Commission de la CEDEAO : M. Mamad\u00fa JAO, le nouveau Commissaire de la CEDEAO en charge de l\u2019Education, de la Science et de la Culture a pris fonction ce mois \u00e0 Abuja"}]},{"@type":"WebSite","@id":"https:\/\/www.africa-press.net\/niger\/#website","url":"https:\/\/www.africa-press.net\/niger\/","name":"niger","description":"Just another Africa News Agency Sites site","potentialAction":[{"@type":"SearchAction","target":{"@type":"EntryPoint","urlTemplate":"https:\/\/www.africa-press.net\/niger\/?s={search_term_string}"},"query-input":{"@type":"PropertyValueSpecification","valueRequired":true,"valueName":"search_term_string"}}],"inLanguage":"fr-FR"},{"@type":"Person","@id":"https:\/\/www.africa-press.net\/niger\/#\/schema\/person\/2b1cf3cd81a31e3cd26889ca66d677f1","name":"cfeditorfr"}]}},"_links":{"self":[{"href":"https:\/\/www.africa-press.net\/niger\/wp-json\/wp\/v2\/posts\/10625","targetHints":{"allow":["GET"]}}],"collection":[{"href":"https:\/\/www.africa-press.net\/niger\/wp-json\/wp\/v2\/posts"}],"about":[{"href":"https:\/\/www.africa-press.net\/niger\/wp-json\/wp\/v2\/types\/post"}],"author":[{"embeddable":true,"href":"https:\/\/www.africa-press.net\/niger\/wp-json\/wp\/v2\/users\/82"}],"replies":[{"embeddable":true,"href":"https:\/\/www.africa-press.net\/niger\/wp-json\/wp\/v2\/comments?post=10625"}],"version-history":[{"count":0,"href":"https:\/\/www.africa-press.net\/niger\/wp-json\/wp\/v2\/posts\/10625\/revisions"}],"wp:featuredmedia":[{"embeddable":true,"href":"https:\/\/www.africa-press.net\/niger\/wp-json\/wp\/v2\/media\/10624"}],"wp:attachment":[{"href":"https:\/\/www.africa-press.net\/niger\/wp-json\/wp\/v2\/media?parent=10625"}],"wp:term":[{"taxonomy":"category","embeddable":true,"href":"https:\/\/www.africa-press.net\/niger\/wp-json\/wp\/v2\/categories?post=10625"},{"taxonomy":"post_tag","embeddable":true,"href":"https:\/\/www.africa-press.net\/niger\/wp-json\/wp\/v2\/tags?post=10625"}],"curies":[{"name":"wp","href":"https:\/\/api.w.org\/{rel}","templated":true}]}}