{"id":10628,"date":"2021-08-24T15:18:53","date_gmt":"2021-08-24T15:18:53","guid":{"rendered":"https:\/\/www.africa-press.net\/niger\/?p=10628"},"modified":"2021-08-26T18:58:13","modified_gmt":"2021-08-26T18:58:13","slug":"lancement-de-travaux-de-pose-de-la-fibre-optique-par-airtel-niger-a-zinder-32-milliards-dinvestissement-ameliorer-lacces-au-haut-debit-et-la-connectivite-de-la-ville","status":"publish","type":"post","link":"https:\/\/www.africa-press.net\/niger\/culture-et-art\/lancement-de-travaux-de-pose-de-la-fibre-optique-par-airtel-niger-a-zinder-32-milliards-dinvestissement-ameliorer-lacces-au-haut-debit-et-la-connectivite-de-la-ville","title":{"rendered":"Lancement de travaux de pose de la fibre optique par Airtel Niger \u00e0 Zinder : 3,2 milliards d\u2019investissement am\u00e9liorer l\u2019acc\u00e8s au haut d\u00e9bit et la connectivit\u00e9 de la ville"},"content":{"rendered":"<p><span style=\"color: #ff6600\"><strong><a href=\"https:\/\/www.africa-press.net\/\">Africa-Press<\/a> &#8211; <a href=\"https:\/\/www.africa-press.net\/niger\">Niger<\/a>. <\/strong><\/span>Le gouverneur de Zinder, Issa Moussa a pr\u00e9sid\u00e9 le jeudi 20 ao\u00fbt dernier dans les locaux de l\u2019h\u00f4tel de Ville de Zinder, la c\u00e9r\u00e9monie de lancement des travaux de pose de la fibre optique \u00e0 Zinder Ville et Zinder \u2013Maimoujia (d\u00e9partement de Kantch\u00e9 \u2013 fronti\u00e8re Nigeria). Cette c\u00e9r\u00e9monie s\u2019est d\u00e9roul\u00e9e en pr\u00e9sence de plusieurs personnalit\u00e9s civiles et militaires, des cadres techniques r\u00e9gionaux et du Directeur du Marketing d\u2019Airtel Niger, repr\u00e9sentant le Directeur G\u00e9n\u00e9ral de ladite soci\u00e9t\u00e9.<\/p>\n<p>Ces travaux sont initi\u00e9s et r\u00e9alis\u00e9s par l\u2019op\u00e9rateur de t\u00e9l\u00e9phonie mobile Airtel Niger pour un co\u00fbt de 3,2 Milliards de Francs. Ils consisteront au d\u00e9ploiement de la fibre optique au niveau de cette agglom\u00e9ration, deuxi\u00e8me plus grande du Niger. Le projet comprend trois volets \u00e0 savoir la construction d\u2019un Data center \u00e0 Zinder, la construction d\u2019une liaison fibre optique de 123 KM -Zinder -Maimoujia \u00e0 la fronti\u00e8re du Nigeria et la construction d\u2019une liaison de fibre optique de 12 KM dans la Ville de Zinder.<\/p>\n<p>Pour le gouverneur Issa Moussa, la \u00bbmise en service prochain du r\u00e9seau de fibre optique d\u2019interconnexion entre la r\u00e9gion de Zinder et le Nigeria voisin, concr\u00e9tisera ainsi l\u2019une des volont\u00e9s du Pr\u00e9sident de la R\u00e9publique, M. Bazoum Mohamed. Cette volont\u00e9 consign\u00e9e dans son programme de Renaissance Acte 3 vise \u00e0 mailler le territoire en infrastructure de base en t\u00e9l\u00e9communication tr\u00e8s haut d\u00e9bit, ouverte \u00e0 la sous r\u00e9gion, pour faire acc\u00e9der largement le pays aux nouvelles technologies de l\u2019information et de la communication qui constituent aujourd\u2019hui des facteurs cl\u00e9s de la croissance, de d\u00e9veloppement socio-\u00e9conomique, de diversification de l\u2019\u00e9conomie et d\u2019am\u00e9nagement du territoire. \u00bb<\/p>\n<p>Cette liaison, a-t-il insist\u00e9 permettra \u00e0 la r\u00e9gion de Zinder de donner une impulsion au d\u00e9veloppement en milieu \u00e9ducatif et scolaire, de renforcer la participation des communaut\u00e9s rurales et des couches sociales vuln\u00e9rables dans la vie \u00e9conomique nationale et de r\u00e9duire la pauvret\u00e9 en cr\u00e9ant des opportunit\u00e9s d\u2019emplois qualifi\u00e9s dans les zones d\u00e9favoris\u00e9es. \u00bb M. Issa Moussa a enfin lanc\u00e9 un vibrant appel aux soci\u00e9t\u00e9s de t\u00e9l\u00e9communication op\u00e9rant dans la r\u00e9gion de Zinder \u00e0 \u00bbam\u00e9liorer davantage la qualit\u00e9 de leurs services et \u00e0 revoir \u00e0 la baisse les<\/p>\n<p>tarifs des t\u00e9l\u00e9communications comme l\u2019a d\u00e9j\u00e0 initi\u00e9 Airtel Niger \u00e0 travers 1F\/seconde vers tous les r\u00e9seaux du Niger pour permettre aux citoyens de b\u00e9n\u00e9ficier davantage de leurs services \u00bb.<\/p>\n<p>Dans son intervention, le Directeur Marketing d\u2019Airtel Niger, M. Abdel Kader Abdoulaye Babakodo a d\u00e9clar\u00e9 que depuis sa cr\u00e9ation, la soci\u00e9t\u00e9 Airtel a continuellement \u0153uvr\u00e9 en misant sur la qualit\u00e9 du r\u00e9seau, la couverture nationale, la satisfaction des clients et l\u2019innovation. Cette ambition, a-t-il expliqu\u00e9, s\u2019est traduite ces derni\u00e8res ann\u00e9es par l\u2019expansion du r\u00e9seau 4G d\u2019Airtel qui est aujourd\u2019hui le plus large du Niger contribuant ainsi au d\u00e9veloppement du haut d\u00e9bit et \u00e0 la r\u00e9duction significative de la fracture num\u00e9rique du pays.<\/p>\n<p>Le lancement des travaux de la fibre optique de Zinder, a-t-il poursuivi, s\u2019inscrit dans la volont\u00e9 d\u2019Airtel -Niger d\u2019 \u00ab\u2019accompagner les autorit\u00e9s pour l\u2019am\u00e9lioration de l\u2019acc\u00e8s aux services num\u00e9riques et \u00e0 l\u2019Internet \u00e0 tr\u00e8s haut d\u00e9bit pour toute la population\u00bb.<\/p>\n<p>\u00abAvec ce projet, Zinder devient un p\u00f4le strat\u00e9gique du plan d\u2019interconnexion sous r\u00e9gional qui sera \u00e0 terme un point de passage du trafic de certains pays limitrophes vers l\u2019International\u00bb, a fait remarquer le Directeur Marketing d\u2019Airtel Niger qui indique par<\/p>\n<p>ailleurs que la r\u00e9gion de Zinder deviendra compl\u00e8tement autonome pour le transport des appels et des donn\u00e9es Internet.<\/p>\n<p>En plus de la main d\u2019\u0153uvre locale qui sera utilis\u00e9e sur les cinq prochains mois, ce projet sera \u00e0 terme un moteur de d\u00e9veloppement pour la population et les entreprises qui auront une plate-forme solide qui contribuera \u00e0 r\u00e9duire la fracture num\u00e9rique et \u00e0 propulser la croissance \u00e9conomique de la r\u00e9gion, a-t-il dit en substance.<\/p>\n<p>Le Pr\u00e9sident du Conseil de Ville de Zinder a pour sa part d\u00e9clar\u00e9 que le \u00bbd\u00e9ploiement \u2018une fibre optique interurbaine et internationale en m\u00eame temps est une v\u00e9ritable prouesse technologique et une marque d\u2019attention \u00e0 l\u2019endroit de la population de la Ville. Ce projet connectera la ville au monde en g\u00e9n\u00e9ral. Abdoul Rahim Balarab\u00e9 a adress\u00e9 ses encouragements au Directeur G\u00e9n\u00e9ral d\u2019Airtel -Niger pour la concr\u00e9tisation de ce vaste chantier qui contribuera sans nul doute au d\u00e9veloppement \u00e9conomique et social de la Ville avec la cr\u00e9ation d\u2019emplois indirects, la fluidit\u00e9 du r\u00e9seau, la rapidit\u00e9 du syst\u00e8me et la modernisation des affaires.<\/p>\n<p><b>\u00a0<\/b><\/p>\n","protected":false},"excerpt":{"rendered":"<p>Africa-Press &#8211; Niger. Le gouverneur de Zinder, Issa Moussa a pr\u00e9sid\u00e9 le jeudi 20 ao\u00fbt dernier dans les locaux de l\u2019h\u00f4tel de Ville de Zinder, la c\u00e9r\u00e9monie de lancement des travaux de pose de la fibre optique \u00e0 Zinder Ville et Zinder \u2013Maimoujia (d\u00e9partement de Kantch\u00e9 \u2013 fronti\u00e8re Nigeria). Cette c\u00e9r\u00e9monie s\u2019est d\u00e9roul\u00e9e en pr\u00e9sence [&hellip;]<\/p>\n","protected":false},"author":82,"featured_media":10627,"comment_status":"open","ping_status":"closed","sticky":false,"template":"","format":"standard","meta":{"footnotes":""},"categories":[5,11,10],"tags":[55,60,29],"class_list":["post-10628","post","type-post","status-publish","format-standard","has-post-thumbnail","hentry","category-culture-et-art","category-homepage-french","category-toutes-les-actualites","tag-africa-press","tag-africa-press-niger","tag-niger"],"yoast_head":"<!-- This site is optimized with the Yoast SEO Premium plugin v26.1 (Yoast SEO v27.0) - https:\/\/yoast.com\/product\/yoast-seo-premium-wordpress\/ -->\n<title>Lancement de travaux de pose de la fibre optique par Airtel Niger \u00e0 Zinder : 3,2 milliards d\u2019investissement am\u00e9liorer l\u2019acc\u00e8s au haut d\u00e9bit et la connectivit\u00e9 de la ville - niger<\/title>\n<meta name=\"description\" content=\"\ufeffLe gouverneur de Zinder, Issa Moussa a pr\u00e9sid\u00e9 le jeudi 20 ao\u00fbt dernier dans les locaux de l\u2019h\u00f4tel de Ville de Zinder, ...\" \/>\n<meta name=\"robots\" content=\"index, follow, max-snippet:-1, max-image-preview:large, max-video-preview:-1\" \/>\n<link rel=\"canonical\" href=\"https:\/\/www.africa-press.net\/niger\/culture-et-art\/lancement-de-travaux-de-pose-de-la-fibre-optique-par-airtel-niger-a-zinder-32-milliards-dinvestissement-ameliorer-lacces-au-haut-debit-et-la-connectivite-de-la-ville\" \/>\n<meta property=\"og:locale\" content=\"fr_FR\" \/>\n<meta property=\"og:type\" content=\"article\" \/>\n<meta property=\"og:title\" content=\"Lancement de travaux de pose de la fibre optique par Airtel Niger \u00e0 Zinder : 3,2 milliards d\u2019investissement am\u00e9liorer l\u2019acc\u00e8s au haut d\u00e9bit et la connectivit\u00e9 de la ville\" \/>\n<meta property=\"og:description\" content=\"\ufeffLe gouverneur de Zinder, Issa Moussa a pr\u00e9sid\u00e9 le jeudi 20 ao\u00fbt dernier dans les locaux de l\u2019h\u00f4tel de Ville de Zinder, ...\" \/>\n<meta property=\"og:url\" content=\"https:\/\/www.africa-press.net\/niger\/culture-et-art\/lancement-de-travaux-de-pose-de-la-fibre-optique-par-airtel-niger-a-zinder-32-milliards-dinvestissement-ameliorer-lacces-au-haut-debit-et-la-connectivite-de-la-ville\" \/>\n<meta property=\"og:site_name\" content=\"niger\" \/>\n<meta property=\"article:published_time\" content=\"2021-08-24T15:18:53+00:00\" \/>\n<meta property=\"article:modified_time\" content=\"2021-08-26T18:58:13+00:00\" \/>\n<meta property=\"og:image\" content=\"https:\/\/static.africa-press.net\/niger\/sites\/40\/2021\/08\/img-6125034761d25.jpg\" \/>\n\t<meta property=\"og:image:width\" content=\"720\" \/>\n\t<meta property=\"og:image:height\" content=\"377\" \/>\n\t<meta property=\"og:image:type\" content=\"image\/jpeg\" \/>\n<meta name=\"author\" content=\"cfeditorfr\" \/>\n<meta name=\"twitter:card\" content=\"summary_large_image\" \/>\n<meta name=\"twitter:label1\" content=\"\u00c9crit par\" \/>\n\t<meta name=\"twitter:data1\" content=\"cfeditorfr\" \/>\n\t<meta name=\"twitter:label2\" content=\"Dur\u00e9e de lecture estim\u00e9e\" \/>\n\t<meta name=\"twitter:data2\" content=\"4 minutes\" \/>\n<script type=\"application\/ld+json\" class=\"yoast-schema-graph\">{\"@context\":\"https:\/\/schema.org\",\"@graph\":[{\"@type\":\"Article\",\"@id\":\"https:\/\/www.africa-press.net\/niger\/culture-et-art\/lancement-de-travaux-de-pose-de-la-fibre-optique-par-airtel-niger-a-zinder-32-milliards-dinvestissement-ameliorer-lacces-au-haut-debit-et-la-connectivite-de-la-ville#article\",\"isPartOf\":{\"@id\":\"https:\/\/www.africa-press.net\/niger\/culture-et-art\/lancement-de-travaux-de-pose-de-la-fibre-optique-par-airtel-niger-a-zinder-32-milliards-dinvestissement-ameliorer-lacces-au-haut-debit-et-la-connectivite-de-la-ville\"},\"author\":{\"name\":\"cfeditorfr\",\"@id\":\"https:\/\/www.africa-press.net\/niger\/#\/schema\/person\/2b1cf3cd81a31e3cd26889ca66d677f1\"},\"headline\":\"Lancement de travaux de pose de la fibre optique par Airtel Niger \u00e0 Zinder : 3,2 milliards d\u2019investissement am\u00e9liorer l\u2019acc\u00e8s au haut d\u00e9bit et la connectivit\u00e9 de la ville\",\"datePublished\":\"2021-08-24T15:18:53+00:00\",\"dateModified\":\"2021-08-26T18:58:13+00:00\",\"mainEntityOfPage\":{\"@id\":\"https:\/\/www.africa-press.net\/niger\/culture-et-art\/lancement-de-travaux-de-pose-de-la-fibre-optique-par-airtel-niger-a-zinder-32-milliards-dinvestissement-ameliorer-lacces-au-haut-debit-et-la-connectivite-de-la-ville\"},\"wordCount\":869,\"commentCount\":0,\"image\":{\"@id\":\"https:\/\/www.africa-press.net\/niger\/culture-et-art\/lancement-de-travaux-de-pose-de-la-fibre-optique-par-airtel-niger-a-zinder-32-milliards-dinvestissement-ameliorer-lacces-au-haut-debit-et-la-connectivite-de-la-ville#primaryimage\"},\"thumbnailUrl\":\"https:\/\/static.africa-press.net\/niger\/sites\/40\/2021\/08\/img-6125034761d25.jpg\",\"keywords\":[\"Africa Press\",\"Africa Press-Niger\",\"Niger\"],\"articleSection\":[\"Culture et Art\",\"homepage-french\",\"Toutes les actualit\u00e9s\"],\"inLanguage\":\"fr-FR\",\"potentialAction\":[{\"@type\":\"CommentAction\",\"name\":\"Comment\",\"target\":[\"https:\/\/www.africa-press.net\/niger\/culture-et-art\/lancement-de-travaux-de-pose-de-la-fibre-optique-par-airtel-niger-a-zinder-32-milliards-dinvestissement-ameliorer-lacces-au-haut-debit-et-la-connectivite-de-la-ville#respond\"]}]},{\"@type\":\"WebPage\",\"@id\":\"https:\/\/www.africa-press.net\/niger\/culture-et-art\/lancement-de-travaux-de-pose-de-la-fibre-optique-par-airtel-niger-a-zinder-32-milliards-dinvestissement-ameliorer-lacces-au-haut-debit-et-la-connectivite-de-la-ville\",\"url\":\"https:\/\/www.africa-press.net\/niger\/culture-et-art\/lancement-de-travaux-de-pose-de-la-fibre-optique-par-airtel-niger-a-zinder-32-milliards-dinvestissement-ameliorer-lacces-au-haut-debit-et-la-connectivite-de-la-ville\",\"name\":\"Lancement de travaux de pose de la fibre optique par Airtel Niger \u00e0 Zinder : 3,2 milliards d\u2019investissement am\u00e9liorer l\u2019acc\u00e8s au haut d\u00e9bit et la connectivit\u00e9 de la ville - niger\",\"isPartOf\":{\"@id\":\"https:\/\/www.africa-press.net\/niger\/#website\"},\"primaryImageOfPage\":{\"@id\":\"https:\/\/www.africa-press.net\/niger\/culture-et-art\/lancement-de-travaux-de-pose-de-la-fibre-optique-par-airtel-niger-a-zinder-32-milliards-dinvestissement-ameliorer-lacces-au-haut-debit-et-la-connectivite-de-la-ville#primaryimage\"},\"image\":{\"@id\":\"https:\/\/www.africa-press.net\/niger\/culture-et-art\/lancement-de-travaux-de-pose-de-la-fibre-optique-par-airtel-niger-a-zinder-32-milliards-dinvestissement-ameliorer-lacces-au-haut-debit-et-la-connectivite-de-la-ville#primaryimage\"},\"thumbnailUrl\":\"https:\/\/static.africa-press.net\/niger\/sites\/40\/2021\/08\/img-6125034761d25.jpg\",\"datePublished\":\"2021-08-24T15:18:53+00:00\",\"dateModified\":\"2021-08-26T18:58:13+00:00\",\"author\":{\"@id\":\"https:\/\/www.africa-press.net\/niger\/#\/schema\/person\/2b1cf3cd81a31e3cd26889ca66d677f1\"},\"description\":\"\ufeffLe gouverneur de Zinder, Issa Moussa a pr\u00e9sid\u00e9 le jeudi 20 ao\u00fbt dernier dans les locaux de l\u2019h\u00f4tel de Ville de Zinder, ...\",\"breadcrumb\":{\"@id\":\"https:\/\/www.africa-press.net\/niger\/culture-et-art\/lancement-de-travaux-de-pose-de-la-fibre-optique-par-airtel-niger-a-zinder-32-milliards-dinvestissement-ameliorer-lacces-au-haut-debit-et-la-connectivite-de-la-ville#breadcrumb\"},\"inLanguage\":\"fr-FR\",\"potentialAction\":[{\"@type\":\"ReadAction\",\"target\":[\"https:\/\/www.africa-press.net\/niger\/culture-et-art\/lancement-de-travaux-de-pose-de-la-fibre-optique-par-airtel-niger-a-zinder-32-milliards-dinvestissement-ameliorer-lacces-au-haut-debit-et-la-connectivite-de-la-ville\"]}]},{\"@type\":\"ImageObject\",\"inLanguage\":\"fr-FR\",\"@id\":\"https:\/\/www.africa-press.net\/niger\/culture-et-art\/lancement-de-travaux-de-pose-de-la-fibre-optique-par-airtel-niger-a-zinder-32-milliards-dinvestissement-ameliorer-lacces-au-haut-debit-et-la-connectivite-de-la-ville#primaryimage\",\"url\":\"https:\/\/static.africa-press.net\/niger\/sites\/40\/2021\/08\/img-6125034761d25.jpg\",\"contentUrl\":\"https:\/\/static.africa-press.net\/niger\/sites\/40\/2021\/08\/img-6125034761d25.jpg\",\"width\":720,\"height\":377,\"caption\":\"Lancement de travaux de pose de la fibre optique par Airtel Niger \u00e0 Zinder : 3,2 milliards d\u2019investissement am\u00e9liorer l\u2019acc\u00e8s au haut d\u00e9bit et la connectivit\u00e9 de la ville\"},{\"@type\":\"BreadcrumbList\",\"@id\":\"https:\/\/www.africa-press.net\/niger\/culture-et-art\/lancement-de-travaux-de-pose-de-la-fibre-optique-par-airtel-niger-a-zinder-32-milliards-dinvestissement-ameliorer-lacces-au-haut-debit-et-la-connectivite-de-la-ville#breadcrumb\",\"itemListElement\":[{\"@type\":\"ListItem\",\"position\":1,\"name\":\"Accueil\",\"item\":\"https:\/\/www.africa-press.net\/niger\/\"},{\"@type\":\"ListItem\",\"position\":2,\"name\":\"Lancement de travaux de pose de la fibre optique par Airtel Niger \u00e0 Zinder : 3,2 milliards d\u2019investissement am\u00e9liorer l\u2019acc\u00e8s au haut d\u00e9bit et la connectivit\u00e9 de la ville\"}]},{\"@type\":\"WebSite\",\"@id\":\"https:\/\/www.africa-press.net\/niger\/#website\",\"url\":\"https:\/\/www.africa-press.net\/niger\/\",\"name\":\"niger\",\"description\":\"Just another Africa News Agency Sites site\",\"potentialAction\":[{\"@type\":\"SearchAction\",\"target\":{\"@type\":\"EntryPoint\",\"urlTemplate\":\"https:\/\/www.africa-press.net\/niger\/?s={search_term_string}\"},\"query-input\":{\"@type\":\"PropertyValueSpecification\",\"valueRequired\":true,\"valueName\":\"search_term_string\"}}],\"inLanguage\":\"fr-FR\"},{\"@type\":\"Person\",\"@id\":\"https:\/\/www.africa-press.net\/niger\/#\/schema\/person\/2b1cf3cd81a31e3cd26889ca66d677f1\",\"name\":\"cfeditorfr\"}]}<\/script>\n<!-- \/ Yoast SEO Premium plugin. -->","yoast_head_json":{"title":"Lancement de travaux de pose de la fibre optique par Airtel Niger \u00e0 Zinder : 3,2 milliards d\u2019investissement am\u00e9liorer l\u2019acc\u00e8s au haut d\u00e9bit et la connectivit\u00e9 de la ville - niger","description":"\ufeffLe gouverneur de Zinder, Issa Moussa a pr\u00e9sid\u00e9 le jeudi 20 ao\u00fbt dernier dans les locaux de l\u2019h\u00f4tel de Ville de Zinder, ...","robots":{"index":"index","follow":"follow","max-snippet":"max-snippet:-1","max-image-preview":"max-image-preview:large","max-video-preview":"max-video-preview:-1"},"canonical":"https:\/\/www.africa-press.net\/niger\/culture-et-art\/lancement-de-travaux-de-pose-de-la-fibre-optique-par-airtel-niger-a-zinder-32-milliards-dinvestissement-ameliorer-lacces-au-haut-debit-et-la-connectivite-de-la-ville","og_locale":"fr_FR","og_type":"article","og_title":"Lancement de travaux de pose de la fibre optique par Airtel Niger \u00e0 Zinder : 3,2 milliards d\u2019investissement am\u00e9liorer l\u2019acc\u00e8s au haut d\u00e9bit et la connectivit\u00e9 de la ville","og_description":"\ufeffLe gouverneur de Zinder, Issa Moussa a pr\u00e9sid\u00e9 le jeudi 20 ao\u00fbt dernier dans les locaux de l\u2019h\u00f4tel de Ville de Zinder, ...","og_url":"https:\/\/www.africa-press.net\/niger\/culture-et-art\/lancement-de-travaux-de-pose-de-la-fibre-optique-par-airtel-niger-a-zinder-32-milliards-dinvestissement-ameliorer-lacces-au-haut-debit-et-la-connectivite-de-la-ville","og_site_name":"niger","article_published_time":"2021-08-24T15:18:53+00:00","article_modified_time":"2021-08-26T18:58:13+00:00","og_image":[{"width":720,"height":377,"url":"https:\/\/static.africa-press.net\/niger\/sites\/40\/2021\/08\/img-6125034761d25.jpg","type":"image\/jpeg"}],"author":"cfeditorfr","twitter_card":"summary_large_image","twitter_misc":{"\u00c9crit par":"cfeditorfr","Dur\u00e9e de lecture estim\u00e9e":"4 minutes"},"schema":{"@context":"https:\/\/schema.org","@graph":[{"@type":"Article","@id":"https:\/\/www.africa-press.net\/niger\/culture-et-art\/lancement-de-travaux-de-pose-de-la-fibre-optique-par-airtel-niger-a-zinder-32-milliards-dinvestissement-ameliorer-lacces-au-haut-debit-et-la-connectivite-de-la-ville#article","isPartOf":{"@id":"https:\/\/www.africa-press.net\/niger\/culture-et-art\/lancement-de-travaux-de-pose-de-la-fibre-optique-par-airtel-niger-a-zinder-32-milliards-dinvestissement-ameliorer-lacces-au-haut-debit-et-la-connectivite-de-la-ville"},"author":{"name":"cfeditorfr","@id":"https:\/\/www.africa-press.net\/niger\/#\/schema\/person\/2b1cf3cd81a31e3cd26889ca66d677f1"},"headline":"Lancement de travaux de pose de la fibre optique par Airtel Niger \u00e0 Zinder : 3,2 milliards d\u2019investissement am\u00e9liorer l\u2019acc\u00e8s au haut d\u00e9bit et la connectivit\u00e9 de la ville","datePublished":"2021-08-24T15:18:53+00:00","dateModified":"2021-08-26T18:58:13+00:00","mainEntityOfPage":{"@id":"https:\/\/www.africa-press.net\/niger\/culture-et-art\/lancement-de-travaux-de-pose-de-la-fibre-optique-par-airtel-niger-a-zinder-32-milliards-dinvestissement-ameliorer-lacces-au-haut-debit-et-la-connectivite-de-la-ville"},"wordCount":869,"commentCount":0,"image":{"@id":"https:\/\/www.africa-press.net\/niger\/culture-et-art\/lancement-de-travaux-de-pose-de-la-fibre-optique-par-airtel-niger-a-zinder-32-milliards-dinvestissement-ameliorer-lacces-au-haut-debit-et-la-connectivite-de-la-ville#primaryimage"},"thumbnailUrl":"https:\/\/static.africa-press.net\/niger\/sites\/40\/2021\/08\/img-6125034761d25.jpg","keywords":["Africa Press","Africa Press-Niger","Niger"],"articleSection":["Culture et Art","homepage-french","Toutes les actualit\u00e9s"],"inLanguage":"fr-FR","potentialAction":[{"@type":"CommentAction","name":"Comment","target":["https:\/\/www.africa-press.net\/niger\/culture-et-art\/lancement-de-travaux-de-pose-de-la-fibre-optique-par-airtel-niger-a-zinder-32-milliards-dinvestissement-ameliorer-lacces-au-haut-debit-et-la-connectivite-de-la-ville#respond"]}]},{"@type":"WebPage","@id":"https:\/\/www.africa-press.net\/niger\/culture-et-art\/lancement-de-travaux-de-pose-de-la-fibre-optique-par-airtel-niger-a-zinder-32-milliards-dinvestissement-ameliorer-lacces-au-haut-debit-et-la-connectivite-de-la-ville","url":"https:\/\/www.africa-press.net\/niger\/culture-et-art\/lancement-de-travaux-de-pose-de-la-fibre-optique-par-airtel-niger-a-zinder-32-milliards-dinvestissement-ameliorer-lacces-au-haut-debit-et-la-connectivite-de-la-ville","name":"Lancement de travaux de pose de la fibre optique par Airtel Niger \u00e0 Zinder : 3,2 milliards d\u2019investissement am\u00e9liorer l\u2019acc\u00e8s au haut d\u00e9bit et la connectivit\u00e9 de la ville - niger","isPartOf":{"@id":"https:\/\/www.africa-press.net\/niger\/#website"},"primaryImageOfPage":{"@id":"https:\/\/www.africa-press.net\/niger\/culture-et-art\/lancement-de-travaux-de-pose-de-la-fibre-optique-par-airtel-niger-a-zinder-32-milliards-dinvestissement-ameliorer-lacces-au-haut-debit-et-la-connectivite-de-la-ville#primaryimage"},"image":{"@id":"https:\/\/www.africa-press.net\/niger\/culture-et-art\/lancement-de-travaux-de-pose-de-la-fibre-optique-par-airtel-niger-a-zinder-32-milliards-dinvestissement-ameliorer-lacces-au-haut-debit-et-la-connectivite-de-la-ville#primaryimage"},"thumbnailUrl":"https:\/\/static.africa-press.net\/niger\/sites\/40\/2021\/08\/img-6125034761d25.jpg","datePublished":"2021-08-24T15:18:53+00:00","dateModified":"2021-08-26T18:58:13+00:00","author":{"@id":"https:\/\/www.africa-press.net\/niger\/#\/schema\/person\/2b1cf3cd81a31e3cd26889ca66d677f1"},"description":"\ufeffLe gouverneur de Zinder, Issa Moussa a pr\u00e9sid\u00e9 le jeudi 20 ao\u00fbt dernier dans les locaux de l\u2019h\u00f4tel de Ville de Zinder, ...","breadcrumb":{"@id":"https:\/\/www.africa-press.net\/niger\/culture-et-art\/lancement-de-travaux-de-pose-de-la-fibre-optique-par-airtel-niger-a-zinder-32-milliards-dinvestissement-ameliorer-lacces-au-haut-debit-et-la-connectivite-de-la-ville#breadcrumb"},"inLanguage":"fr-FR","potentialAction":[{"@type":"ReadAction","target":["https:\/\/www.africa-press.net\/niger\/culture-et-art\/lancement-de-travaux-de-pose-de-la-fibre-optique-par-airtel-niger-a-zinder-32-milliards-dinvestissement-ameliorer-lacces-au-haut-debit-et-la-connectivite-de-la-ville"]}]},{"@type":"ImageObject","inLanguage":"fr-FR","@id":"https:\/\/www.africa-press.net\/niger\/culture-et-art\/lancement-de-travaux-de-pose-de-la-fibre-optique-par-airtel-niger-a-zinder-32-milliards-dinvestissement-ameliorer-lacces-au-haut-debit-et-la-connectivite-de-la-ville#primaryimage","url":"https:\/\/static.africa-press.net\/niger\/sites\/40\/2021\/08\/img-6125034761d25.jpg","contentUrl":"https:\/\/static.africa-press.net\/niger\/sites\/40\/2021\/08\/img-6125034761d25.jpg","width":720,"height":377,"caption":"Lancement de travaux de pose de la fibre optique par Airtel Niger \u00e0 Zinder : 3,2 milliards d\u2019investissement am\u00e9liorer l\u2019acc\u00e8s au haut d\u00e9bit et la connectivit\u00e9 de la ville"},{"@type":"BreadcrumbList","@id":"https:\/\/www.africa-press.net\/niger\/culture-et-art\/lancement-de-travaux-de-pose-de-la-fibre-optique-par-airtel-niger-a-zinder-32-milliards-dinvestissement-ameliorer-lacces-au-haut-debit-et-la-connectivite-de-la-ville#breadcrumb","itemListElement":[{"@type":"ListItem","position":1,"name":"Accueil","item":"https:\/\/www.africa-press.net\/niger\/"},{"@type":"ListItem","position":2,"name":"Lancement de travaux de pose de la fibre optique par Airtel Niger \u00e0 Zinder : 3,2 milliards d\u2019investissement am\u00e9liorer l\u2019acc\u00e8s au haut d\u00e9bit et la connectivit\u00e9 de la ville"}]},{"@type":"WebSite","@id":"https:\/\/www.africa-press.net\/niger\/#website","url":"https:\/\/www.africa-press.net\/niger\/","name":"niger","description":"Just another Africa News Agency Sites site","potentialAction":[{"@type":"SearchAction","target":{"@type":"EntryPoint","urlTemplate":"https:\/\/www.africa-press.net\/niger\/?s={search_term_string}"},"query-input":{"@type":"PropertyValueSpecification","valueRequired":true,"valueName":"search_term_string"}}],"inLanguage":"fr-FR"},{"@type":"Person","@id":"https:\/\/www.africa-press.net\/niger\/#\/schema\/person\/2b1cf3cd81a31e3cd26889ca66d677f1","name":"cfeditorfr"}]}},"_links":{"self":[{"href":"https:\/\/www.africa-press.net\/niger\/wp-json\/wp\/v2\/posts\/10628","targetHints":{"allow":["GET"]}}],"collection":[{"href":"https:\/\/www.africa-press.net\/niger\/wp-json\/wp\/v2\/posts"}],"about":[{"href":"https:\/\/www.africa-press.net\/niger\/wp-json\/wp\/v2\/types\/post"}],"author":[{"embeddable":true,"href":"https:\/\/www.africa-press.net\/niger\/wp-json\/wp\/v2\/users\/82"}],"replies":[{"embeddable":true,"href":"https:\/\/www.africa-press.net\/niger\/wp-json\/wp\/v2\/comments?post=10628"}],"version-history":[{"count":0,"href":"https:\/\/www.africa-press.net\/niger\/wp-json\/wp\/v2\/posts\/10628\/revisions"}],"wp:featuredmedia":[{"embeddable":true,"href":"https:\/\/www.africa-press.net\/niger\/wp-json\/wp\/v2\/media\/10627"}],"wp:attachment":[{"href":"https:\/\/www.africa-press.net\/niger\/wp-json\/wp\/v2\/media?parent=10628"}],"wp:term":[{"taxonomy":"category","embeddable":true,"href":"https:\/\/www.africa-press.net\/niger\/wp-json\/wp\/v2\/categories?post=10628"},{"taxonomy":"post_tag","embeddable":true,"href":"https:\/\/www.africa-press.net\/niger\/wp-json\/wp\/v2\/tags?post=10628"}],"curies":[{"name":"wp","href":"https:\/\/api.w.org\/{rel}","templated":true}]}}