{"id":10631,"date":"2021-08-24T15:26:29","date_gmt":"2021-08-24T15:26:29","guid":{"rendered":"https:\/\/www.africa-press.net\/niger\/?p=10631"},"modified":"2021-08-26T18:58:19","modified_gmt":"2021-08-26T18:58:19","slug":"cloture-de-latelier-du-lancement-du-processus-de-la-mise-en-place-de-la-plateforme-digitale-interactive-la-voie-vers-lelaboration-de-la-cartographie-digital-du-marche-de-l","status":"publish","type":"post","link":"https:\/\/www.africa-press.net\/niger\/economie\/cloture-de-latelier-du-lancement-du-processus-de-la-mise-en-place-de-la-plateforme-digitale-interactive-la-voie-vers-lelaboration-de-la-cartographie-digital-du-marche-de-l","title":{"rendered":"Cl\u00f4ture de l\u2019atelier du lancement du processus de la mise en place de la plateforme digitale interactive : La voie vers l\u2019\u00e9laboration de la cartographie digital du march\u00e9 de l\u2019emploi"},"content":{"rendered":"<p><span style=\"color: #ff6600\"><strong><a href=\"https:\/\/www.africa-press.net\/\">Africa-Press<\/a> &#8211; <a href=\"https:\/\/www.africa-press.net\/niger\">Niger<\/a>. <\/strong><\/span>Sous le Co-parrainage du minist\u00e8re de l\u2019Emploi, du travail et de la protection sociale et du minist\u00e8re de l\u2019Enseignement technique de la formation professionnelle, s\u2019est tenue du 20 au 21 Ao\u00fbt, un atelier de lancement du processus de mise en place de la plateforme digitale interactive de collecte, de traitement, d\u2019analyse et de partage des donn\u00e9es sur l\u2019emploi et la formation professionnelle au Niger.<\/p>\n<p>Deux jours durant, les participants \u00e0 cet atelier notamment, les repr\u00e9sentants de l\u2019INS, l\u2019ONEF, l\u2019ANPE, du FAFPA, de la CNSS, la CARENI ont pass\u00e9 en revue la cartographie des acteurs du syst\u00e8me d\u2019information du march\u00e9 de travail, devant servir dans l\u2019animation de la plateforme inter active.<\/p>\n<p>A la fin de ces deux jours d\u2019intenses travaux, le secr\u00e9taire g\u00e9n\u00e9ral adjoint du minist\u00e8re de l\u2019Emploi, du travail et de la protection sociale, M. Dan Rani Abdoul-Razak a proc\u00e9d\u00e9 \u00e0 la cl\u00f4ture dudit atelier. \u00abLes jours \u00e0 venir, vous serez invit\u00e9s \u00e0 vous pencher sur les difficult\u00e9s que rencontrent ces structures (producteurs et utilisateurs) dans la collecte, le traitement, l\u2019analyse et la diffusion des donn\u00e9es sur l\u2019emploi et la formation professionnelle\u00bb, a-t-il dit dans son discours.<\/p>\n<p>Pour cela, M. Dan Rani Abdoul-Razak a exhort\u00e9 les participants \u00e0 prendre toutes les dispositions idoines afin d\u2019assurer la r\u00e9ussite des prochaines \u00e9tapes. Par ailleurs, il a indiqu\u00e9 que les r\u00e9sultats de cette plateforme digitale interactive permettront d\u00e9sormais de disposer d\u2019une cartographie \u00e0 jour des producteurs et des utilisateurs des donn\u00e9es sur l\u2019emploi et la formation professionnelle.<\/p>\n<p>Le secr\u00e9taire g\u00e9n\u00e9ral adjoint du minist\u00e8re de l\u2019Emploi, du travail et de la protection sociale a tenu \u00e0 remercier l\u2019Institut International de Planification de l\u2019Education (IIPE) de l\u2019UNESCO de Dakar pour son appui technique et financier dans la r\u00e9alisation de ce projet innovant, contribuant significativement au d\u00e9veloppement des comp\u00e9tences techniques et professionnelles et garantissant l\u2019employabilit\u00e9 de notre jeunesse. Ce qui, a soulign\u00e9 M. Dan Rani Abdoul-Razak, est tr\u00e8s important pour le Pr\u00e9sident de la R\u00e9publique, Chef de l\u2019Etat, S.E.M Mohamed Bazoum et M. Ouhoumoudou Mahamadou Premier Ministre, Chef du Gouvernement.<\/p>\n<p><b>\u00a0<\/b><\/p>\n","protected":false},"excerpt":{"rendered":"<p>Africa-Press &#8211; Niger. Sous le Co-parrainage du minist\u00e8re de l\u2019Emploi, du travail et de la protection sociale et du minist\u00e8re de l\u2019Enseignement technique de la formation professionnelle, s\u2019est tenue du 20 au 21 Ao\u00fbt, un atelier de lancement du processus de mise en place de la plateforme digitale interactive de collecte, de traitement, d\u2019analyse et [&hellip;]<\/p>\n","protected":false},"author":82,"featured_media":10630,"comment_status":"open","ping_status":"closed","sticky":false,"template":"","format":"standard","meta":{"footnotes":""},"categories":[3,11,20,10],"tags":[55,60,29],"class_list":["post-10631","post","type-post","status-publish","format-standard","has-post-thumbnail","hentry","category-economie","category-homepage-french","category-top-nouvelles","category-toutes-les-actualites","tag-africa-press","tag-africa-press-niger","tag-niger"],"yoast_head":"<!-- This site is optimized with the Yoast SEO Premium plugin v26.1 (Yoast SEO v27.0) - https:\/\/yoast.com\/product\/yoast-seo-premium-wordpress\/ -->\n<title>Cl\u00f4ture de l\u2019atelier du lancement du processus de la mise en place de la plateforme digitale interactive : La voie vers l\u2019\u00e9laboration de la cartographie digital du march\u00e9 de l\u2019emploi - niger<\/title>\n<meta name=\"description\" content=\"\ufeffSous le Co-parrainage du minist\u00e8re de l\u2019Emploi, du travail et de la protection sociale et du minist\u00e8re de l\u2019Enseignemen ...\" \/>\n<meta name=\"robots\" content=\"index, follow, max-snippet:-1, max-image-preview:large, max-video-preview:-1\" \/>\n<link rel=\"canonical\" href=\"https:\/\/www.africa-press.net\/niger\/economie\/cloture-de-latelier-du-lancement-du-processus-de-la-mise-en-place-de-la-plateforme-digitale-interactive-la-voie-vers-lelaboration-de-la-cartographie-digital-du-marche-de-l\" \/>\n<meta property=\"og:locale\" content=\"fr_FR\" \/>\n<meta property=\"og:type\" content=\"article\" \/>\n<meta property=\"og:title\" content=\"Cl\u00f4ture de l\u2019atelier du lancement du processus de la mise en place de la plateforme digitale interactive : La voie vers l\u2019\u00e9laboration de la cartographie digital du march\u00e9 de l\u2019emploi\" \/>\n<meta property=\"og:description\" content=\"\ufeffSous le Co-parrainage du minist\u00e8re de l\u2019Emploi, du travail et de la protection sociale et du minist\u00e8re de l\u2019Enseignemen ...\" \/>\n<meta property=\"og:url\" content=\"https:\/\/www.africa-press.net\/niger\/economie\/cloture-de-latelier-du-lancement-du-processus-de-la-mise-en-place-de-la-plateforme-digitale-interactive-la-voie-vers-lelaboration-de-la-cartographie-digital-du-marche-de-l\" \/>\n<meta property=\"og:site_name\" content=\"niger\" \/>\n<meta property=\"article:published_time\" content=\"2021-08-24T15:26:29+00:00\" \/>\n<meta property=\"article:modified_time\" content=\"2021-08-26T18:58:19+00:00\" \/>\n<meta property=\"og:image\" content=\"https:\/\/static.africa-press.net\/niger\/sites\/40\/2021\/08\/img-6125036b66a1d.jpg\" \/>\n\t<meta property=\"og:image:width\" content=\"720\" \/>\n\t<meta property=\"og:image:height\" content=\"430\" \/>\n\t<meta property=\"og:image:type\" content=\"image\/jpeg\" \/>\n<meta name=\"author\" content=\"cfeditorfr\" \/>\n<meta name=\"twitter:card\" content=\"summary_large_image\" \/>\n<meta name=\"twitter:label1\" content=\"\u00c9crit par\" \/>\n\t<meta name=\"twitter:data1\" content=\"cfeditorfr\" \/>\n\t<meta name=\"twitter:label2\" content=\"Dur\u00e9e de lecture estim\u00e9e\" \/>\n\t<meta name=\"twitter:data2\" content=\"2 minutes\" \/>\n<script type=\"application\/ld+json\" class=\"yoast-schema-graph\">{\"@context\":\"https:\/\/schema.org\",\"@graph\":[{\"@type\":\"Article\",\"@id\":\"https:\/\/www.africa-press.net\/niger\/economie\/cloture-de-latelier-du-lancement-du-processus-de-la-mise-en-place-de-la-plateforme-digitale-interactive-la-voie-vers-lelaboration-de-la-cartographie-digital-du-marche-de-l#article\",\"isPartOf\":{\"@id\":\"https:\/\/www.africa-press.net\/niger\/economie\/cloture-de-latelier-du-lancement-du-processus-de-la-mise-en-place-de-la-plateforme-digitale-interactive-la-voie-vers-lelaboration-de-la-cartographie-digital-du-marche-de-l\"},\"author\":{\"name\":\"cfeditorfr\",\"@id\":\"https:\/\/www.africa-press.net\/niger\/#\/schema\/person\/2b1cf3cd81a31e3cd26889ca66d677f1\"},\"headline\":\"Cl\u00f4ture de l\u2019atelier du lancement du processus de la mise en place de la plateforme digitale interactive : La voie vers l\u2019\u00e9laboration de la cartographie digital du march\u00e9 de l\u2019emploi\",\"datePublished\":\"2021-08-24T15:26:29+00:00\",\"dateModified\":\"2021-08-26T18:58:19+00:00\",\"mainEntityOfPage\":{\"@id\":\"https:\/\/www.africa-press.net\/niger\/economie\/cloture-de-latelier-du-lancement-du-processus-de-la-mise-en-place-de-la-plateforme-digitale-interactive-la-voie-vers-lelaboration-de-la-cartographie-digital-du-marche-de-l\"},\"wordCount\":415,\"commentCount\":0,\"image\":{\"@id\":\"https:\/\/www.africa-press.net\/niger\/economie\/cloture-de-latelier-du-lancement-du-processus-de-la-mise-en-place-de-la-plateforme-digitale-interactive-la-voie-vers-lelaboration-de-la-cartographie-digital-du-marche-de-l#primaryimage\"},\"thumbnailUrl\":\"https:\/\/static.africa-press.net\/niger\/sites\/40\/2021\/08\/img-6125036b66a1d.jpg\",\"keywords\":[\"Africa Press\",\"Africa Press-Niger\",\"Niger\"],\"articleSection\":[\"\u00c9conomie\",\"homepage-french\",\"Top Nouvelles\",\"Toutes les actualit\u00e9s\"],\"inLanguage\":\"fr-FR\",\"potentialAction\":[{\"@type\":\"CommentAction\",\"name\":\"Comment\",\"target\":[\"https:\/\/www.africa-press.net\/niger\/economie\/cloture-de-latelier-du-lancement-du-processus-de-la-mise-en-place-de-la-plateforme-digitale-interactive-la-voie-vers-lelaboration-de-la-cartographie-digital-du-marche-de-l#respond\"]}]},{\"@type\":\"WebPage\",\"@id\":\"https:\/\/www.africa-press.net\/niger\/economie\/cloture-de-latelier-du-lancement-du-processus-de-la-mise-en-place-de-la-plateforme-digitale-interactive-la-voie-vers-lelaboration-de-la-cartographie-digital-du-marche-de-l\",\"url\":\"https:\/\/www.africa-press.net\/niger\/economie\/cloture-de-latelier-du-lancement-du-processus-de-la-mise-en-place-de-la-plateforme-digitale-interactive-la-voie-vers-lelaboration-de-la-cartographie-digital-du-marche-de-l\",\"name\":\"Cl\u00f4ture de l\u2019atelier du lancement du processus de la mise en place de la plateforme digitale interactive : La voie vers l\u2019\u00e9laboration de la cartographie digital du march\u00e9 de l\u2019emploi - niger\",\"isPartOf\":{\"@id\":\"https:\/\/www.africa-press.net\/niger\/#website\"},\"primaryImageOfPage\":{\"@id\":\"https:\/\/www.africa-press.net\/niger\/economie\/cloture-de-latelier-du-lancement-du-processus-de-la-mise-en-place-de-la-plateforme-digitale-interactive-la-voie-vers-lelaboration-de-la-cartographie-digital-du-marche-de-l#primaryimage\"},\"image\":{\"@id\":\"https:\/\/www.africa-press.net\/niger\/economie\/cloture-de-latelier-du-lancement-du-processus-de-la-mise-en-place-de-la-plateforme-digitale-interactive-la-voie-vers-lelaboration-de-la-cartographie-digital-du-marche-de-l#primaryimage\"},\"thumbnailUrl\":\"https:\/\/static.africa-press.net\/niger\/sites\/40\/2021\/08\/img-6125036b66a1d.jpg\",\"datePublished\":\"2021-08-24T15:26:29+00:00\",\"dateModified\":\"2021-08-26T18:58:19+00:00\",\"author\":{\"@id\":\"https:\/\/www.africa-press.net\/niger\/#\/schema\/person\/2b1cf3cd81a31e3cd26889ca66d677f1\"},\"description\":\"\ufeffSous le Co-parrainage du minist\u00e8re de l\u2019Emploi, du travail et de la protection sociale et du minist\u00e8re de l\u2019Enseignemen ...\",\"breadcrumb\":{\"@id\":\"https:\/\/www.africa-press.net\/niger\/economie\/cloture-de-latelier-du-lancement-du-processus-de-la-mise-en-place-de-la-plateforme-digitale-interactive-la-voie-vers-lelaboration-de-la-cartographie-digital-du-marche-de-l#breadcrumb\"},\"inLanguage\":\"fr-FR\",\"potentialAction\":[{\"@type\":\"ReadAction\",\"target\":[\"https:\/\/www.africa-press.net\/niger\/economie\/cloture-de-latelier-du-lancement-du-processus-de-la-mise-en-place-de-la-plateforme-digitale-interactive-la-voie-vers-lelaboration-de-la-cartographie-digital-du-marche-de-l\"]}]},{\"@type\":\"ImageObject\",\"inLanguage\":\"fr-FR\",\"@id\":\"https:\/\/www.africa-press.net\/niger\/economie\/cloture-de-latelier-du-lancement-du-processus-de-la-mise-en-place-de-la-plateforme-digitale-interactive-la-voie-vers-lelaboration-de-la-cartographie-digital-du-marche-de-l#primaryimage\",\"url\":\"https:\/\/static.africa-press.net\/niger\/sites\/40\/2021\/08\/img-6125036b66a1d.jpg\",\"contentUrl\":\"https:\/\/static.africa-press.net\/niger\/sites\/40\/2021\/08\/img-6125036b66a1d.jpg\",\"width\":720,\"height\":430,\"caption\":\"Cl\u00f4ture de l\u2019atelier du lancement du processus de la mise en place de la plateforme digitale interactive : La voie vers l\u2019\u00e9laboration de la cartographie digital du march\u00e9 de l\u2019emploi\"},{\"@type\":\"BreadcrumbList\",\"@id\":\"https:\/\/www.africa-press.net\/niger\/economie\/cloture-de-latelier-du-lancement-du-processus-de-la-mise-en-place-de-la-plateforme-digitale-interactive-la-voie-vers-lelaboration-de-la-cartographie-digital-du-marche-de-l#breadcrumb\",\"itemListElement\":[{\"@type\":\"ListItem\",\"position\":1,\"name\":\"Accueil\",\"item\":\"https:\/\/www.africa-press.net\/niger\/\"},{\"@type\":\"ListItem\",\"position\":2,\"name\":\"Cl\u00f4ture de l\u2019atelier du lancement du processus de la mise en place de la plateforme digitale interactive : La voie vers l\u2019\u00e9laboration de la cartographie digital du march\u00e9 de l\u2019emploi\"}]},{\"@type\":\"WebSite\",\"@id\":\"https:\/\/www.africa-press.net\/niger\/#website\",\"url\":\"https:\/\/www.africa-press.net\/niger\/\",\"name\":\"niger\",\"description\":\"Just another Africa News Agency Sites site\",\"potentialAction\":[{\"@type\":\"SearchAction\",\"target\":{\"@type\":\"EntryPoint\",\"urlTemplate\":\"https:\/\/www.africa-press.net\/niger\/?s={search_term_string}\"},\"query-input\":{\"@type\":\"PropertyValueSpecification\",\"valueRequired\":true,\"valueName\":\"search_term_string\"}}],\"inLanguage\":\"fr-FR\"},{\"@type\":\"Person\",\"@id\":\"https:\/\/www.africa-press.net\/niger\/#\/schema\/person\/2b1cf3cd81a31e3cd26889ca66d677f1\",\"name\":\"cfeditorfr\"}]}<\/script>\n<!-- \/ Yoast SEO Premium plugin. -->","yoast_head_json":{"title":"Cl\u00f4ture de l\u2019atelier du lancement du processus de la mise en place de la plateforme digitale interactive : La voie vers l\u2019\u00e9laboration de la cartographie digital du march\u00e9 de l\u2019emploi - niger","description":"\ufeffSous le Co-parrainage du minist\u00e8re de l\u2019Emploi, du travail et de la protection sociale et du minist\u00e8re de l\u2019Enseignemen ...","robots":{"index":"index","follow":"follow","max-snippet":"max-snippet:-1","max-image-preview":"max-image-preview:large","max-video-preview":"max-video-preview:-1"},"canonical":"https:\/\/www.africa-press.net\/niger\/economie\/cloture-de-latelier-du-lancement-du-processus-de-la-mise-en-place-de-la-plateforme-digitale-interactive-la-voie-vers-lelaboration-de-la-cartographie-digital-du-marche-de-l","og_locale":"fr_FR","og_type":"article","og_title":"Cl\u00f4ture de l\u2019atelier du lancement du processus de la mise en place de la plateforme digitale interactive : La voie vers l\u2019\u00e9laboration de la cartographie digital du march\u00e9 de l\u2019emploi","og_description":"\ufeffSous le Co-parrainage du minist\u00e8re de l\u2019Emploi, du travail et de la protection sociale et du minist\u00e8re de l\u2019Enseignemen ...","og_url":"https:\/\/www.africa-press.net\/niger\/economie\/cloture-de-latelier-du-lancement-du-processus-de-la-mise-en-place-de-la-plateforme-digitale-interactive-la-voie-vers-lelaboration-de-la-cartographie-digital-du-marche-de-l","og_site_name":"niger","article_published_time":"2021-08-24T15:26:29+00:00","article_modified_time":"2021-08-26T18:58:19+00:00","og_image":[{"width":720,"height":430,"url":"https:\/\/static.africa-press.net\/niger\/sites\/40\/2021\/08\/img-6125036b66a1d.jpg","type":"image\/jpeg"}],"author":"cfeditorfr","twitter_card":"summary_large_image","twitter_misc":{"\u00c9crit par":"cfeditorfr","Dur\u00e9e de lecture estim\u00e9e":"2 minutes"},"schema":{"@context":"https:\/\/schema.org","@graph":[{"@type":"Article","@id":"https:\/\/www.africa-press.net\/niger\/economie\/cloture-de-latelier-du-lancement-du-processus-de-la-mise-en-place-de-la-plateforme-digitale-interactive-la-voie-vers-lelaboration-de-la-cartographie-digital-du-marche-de-l#article","isPartOf":{"@id":"https:\/\/www.africa-press.net\/niger\/economie\/cloture-de-latelier-du-lancement-du-processus-de-la-mise-en-place-de-la-plateforme-digitale-interactive-la-voie-vers-lelaboration-de-la-cartographie-digital-du-marche-de-l"},"author":{"name":"cfeditorfr","@id":"https:\/\/www.africa-press.net\/niger\/#\/schema\/person\/2b1cf3cd81a31e3cd26889ca66d677f1"},"headline":"Cl\u00f4ture de l\u2019atelier du lancement du processus de la mise en place de la plateforme digitale interactive : La voie vers l\u2019\u00e9laboration de la cartographie digital du march\u00e9 de l\u2019emploi","datePublished":"2021-08-24T15:26:29+00:00","dateModified":"2021-08-26T18:58:19+00:00","mainEntityOfPage":{"@id":"https:\/\/www.africa-press.net\/niger\/economie\/cloture-de-latelier-du-lancement-du-processus-de-la-mise-en-place-de-la-plateforme-digitale-interactive-la-voie-vers-lelaboration-de-la-cartographie-digital-du-marche-de-l"},"wordCount":415,"commentCount":0,"image":{"@id":"https:\/\/www.africa-press.net\/niger\/economie\/cloture-de-latelier-du-lancement-du-processus-de-la-mise-en-place-de-la-plateforme-digitale-interactive-la-voie-vers-lelaboration-de-la-cartographie-digital-du-marche-de-l#primaryimage"},"thumbnailUrl":"https:\/\/static.africa-press.net\/niger\/sites\/40\/2021\/08\/img-6125036b66a1d.jpg","keywords":["Africa Press","Africa Press-Niger","Niger"],"articleSection":["\u00c9conomie","homepage-french","Top Nouvelles","Toutes les actualit\u00e9s"],"inLanguage":"fr-FR","potentialAction":[{"@type":"CommentAction","name":"Comment","target":["https:\/\/www.africa-press.net\/niger\/economie\/cloture-de-latelier-du-lancement-du-processus-de-la-mise-en-place-de-la-plateforme-digitale-interactive-la-voie-vers-lelaboration-de-la-cartographie-digital-du-marche-de-l#respond"]}]},{"@type":"WebPage","@id":"https:\/\/www.africa-press.net\/niger\/economie\/cloture-de-latelier-du-lancement-du-processus-de-la-mise-en-place-de-la-plateforme-digitale-interactive-la-voie-vers-lelaboration-de-la-cartographie-digital-du-marche-de-l","url":"https:\/\/www.africa-press.net\/niger\/economie\/cloture-de-latelier-du-lancement-du-processus-de-la-mise-en-place-de-la-plateforme-digitale-interactive-la-voie-vers-lelaboration-de-la-cartographie-digital-du-marche-de-l","name":"Cl\u00f4ture de l\u2019atelier du lancement du processus de la mise en place de la plateforme digitale interactive : La voie vers l\u2019\u00e9laboration de la cartographie digital du march\u00e9 de l\u2019emploi - niger","isPartOf":{"@id":"https:\/\/www.africa-press.net\/niger\/#website"},"primaryImageOfPage":{"@id":"https:\/\/www.africa-press.net\/niger\/economie\/cloture-de-latelier-du-lancement-du-processus-de-la-mise-en-place-de-la-plateforme-digitale-interactive-la-voie-vers-lelaboration-de-la-cartographie-digital-du-marche-de-l#primaryimage"},"image":{"@id":"https:\/\/www.africa-press.net\/niger\/economie\/cloture-de-latelier-du-lancement-du-processus-de-la-mise-en-place-de-la-plateforme-digitale-interactive-la-voie-vers-lelaboration-de-la-cartographie-digital-du-marche-de-l#primaryimage"},"thumbnailUrl":"https:\/\/static.africa-press.net\/niger\/sites\/40\/2021\/08\/img-6125036b66a1d.jpg","datePublished":"2021-08-24T15:26:29+00:00","dateModified":"2021-08-26T18:58:19+00:00","author":{"@id":"https:\/\/www.africa-press.net\/niger\/#\/schema\/person\/2b1cf3cd81a31e3cd26889ca66d677f1"},"description":"\ufeffSous le Co-parrainage du minist\u00e8re de l\u2019Emploi, du travail et de la protection sociale et du minist\u00e8re de l\u2019Enseignemen ...","breadcrumb":{"@id":"https:\/\/www.africa-press.net\/niger\/economie\/cloture-de-latelier-du-lancement-du-processus-de-la-mise-en-place-de-la-plateforme-digitale-interactive-la-voie-vers-lelaboration-de-la-cartographie-digital-du-marche-de-l#breadcrumb"},"inLanguage":"fr-FR","potentialAction":[{"@type":"ReadAction","target":["https:\/\/www.africa-press.net\/niger\/economie\/cloture-de-latelier-du-lancement-du-processus-de-la-mise-en-place-de-la-plateforme-digitale-interactive-la-voie-vers-lelaboration-de-la-cartographie-digital-du-marche-de-l"]}]},{"@type":"ImageObject","inLanguage":"fr-FR","@id":"https:\/\/www.africa-press.net\/niger\/economie\/cloture-de-latelier-du-lancement-du-processus-de-la-mise-en-place-de-la-plateforme-digitale-interactive-la-voie-vers-lelaboration-de-la-cartographie-digital-du-marche-de-l#primaryimage","url":"https:\/\/static.africa-press.net\/niger\/sites\/40\/2021\/08\/img-6125036b66a1d.jpg","contentUrl":"https:\/\/static.africa-press.net\/niger\/sites\/40\/2021\/08\/img-6125036b66a1d.jpg","width":720,"height":430,"caption":"Cl\u00f4ture de l\u2019atelier du lancement du processus de la mise en place de la plateforme digitale interactive : La voie vers l\u2019\u00e9laboration de la cartographie digital du march\u00e9 de l\u2019emploi"},{"@type":"BreadcrumbList","@id":"https:\/\/www.africa-press.net\/niger\/economie\/cloture-de-latelier-du-lancement-du-processus-de-la-mise-en-place-de-la-plateforme-digitale-interactive-la-voie-vers-lelaboration-de-la-cartographie-digital-du-marche-de-l#breadcrumb","itemListElement":[{"@type":"ListItem","position":1,"name":"Accueil","item":"https:\/\/www.africa-press.net\/niger\/"},{"@type":"ListItem","position":2,"name":"Cl\u00f4ture de l\u2019atelier du lancement du processus de la mise en place de la plateforme digitale interactive : La voie vers l\u2019\u00e9laboration de la cartographie digital du march\u00e9 de l\u2019emploi"}]},{"@type":"WebSite","@id":"https:\/\/www.africa-press.net\/niger\/#website","url":"https:\/\/www.africa-press.net\/niger\/","name":"niger","description":"Just another Africa News Agency Sites site","potentialAction":[{"@type":"SearchAction","target":{"@type":"EntryPoint","urlTemplate":"https:\/\/www.africa-press.net\/niger\/?s={search_term_string}"},"query-input":{"@type":"PropertyValueSpecification","valueRequired":true,"valueName":"search_term_string"}}],"inLanguage":"fr-FR"},{"@type":"Person","@id":"https:\/\/www.africa-press.net\/niger\/#\/schema\/person\/2b1cf3cd81a31e3cd26889ca66d677f1","name":"cfeditorfr"}]}},"_links":{"self":[{"href":"https:\/\/www.africa-press.net\/niger\/wp-json\/wp\/v2\/posts\/10631","targetHints":{"allow":["GET"]}}],"collection":[{"href":"https:\/\/www.africa-press.net\/niger\/wp-json\/wp\/v2\/posts"}],"about":[{"href":"https:\/\/www.africa-press.net\/niger\/wp-json\/wp\/v2\/types\/post"}],"author":[{"embeddable":true,"href":"https:\/\/www.africa-press.net\/niger\/wp-json\/wp\/v2\/users\/82"}],"replies":[{"embeddable":true,"href":"https:\/\/www.africa-press.net\/niger\/wp-json\/wp\/v2\/comments?post=10631"}],"version-history":[{"count":0,"href":"https:\/\/www.africa-press.net\/niger\/wp-json\/wp\/v2\/posts\/10631\/revisions"}],"wp:featuredmedia":[{"embeddable":true,"href":"https:\/\/www.africa-press.net\/niger\/wp-json\/wp\/v2\/media\/10630"}],"wp:attachment":[{"href":"https:\/\/www.africa-press.net\/niger\/wp-json\/wp\/v2\/media?parent=10631"}],"wp:term":[{"taxonomy":"category","embeddable":true,"href":"https:\/\/www.africa-press.net\/niger\/wp-json\/wp\/v2\/categories?post=10631"},{"taxonomy":"post_tag","embeddable":true,"href":"https:\/\/www.africa-press.net\/niger\/wp-json\/wp\/v2\/tags?post=10631"}],"curies":[{"name":"wp","href":"https:\/\/api.w.org\/{rel}","templated":true}]}}