{"id":10643,"date":"2021-08-24T15:57:39","date_gmt":"2021-08-24T15:57:39","guid":{"rendered":"https:\/\/www.africa-press.net\/niger\/?p=10643"},"modified":"2021-08-26T18:58:50","modified_gmt":"2021-08-26T18:58:50","slug":"rencontre-entre-le-president-du-cesoc-et-le-directeur-general-de-la-brvm-des-echanges-edifiants-et-une-convergence-de-vue-sur-des-sujets-dinteret-commun","status":"publish","type":"post","link":"https:\/\/www.africa-press.net\/niger\/economie\/rencontre-entre-le-president-du-cesoc-et-le-directeur-general-de-la-brvm-des-echanges-edifiants-et-une-convergence-de-vue-sur-des-sujets-dinteret-commun","title":{"rendered":"Rencontre entre le pr\u00e9sident du CESOC et le directeur g\u00e9n\u00e9ral de la BRVM : Des \u00e9changes \u00e9difiants et une convergence de vue sur des sujets d\u2019int\u00e9r\u00eat commun"},"content":{"rendered":"<p><span style=\"color: #ff6600\"><strong><a href=\"https:\/\/www.africa-press.net\/\">Africa-Press<\/a> &#8211; <a href=\"https:\/\/www.africa-press.net\/niger\">Niger<\/a>. <\/strong><\/span>Le pr\u00e9sident du Conseil Economique, Social et Culturel (CESOC), M. Mairou Malam Ligari a rencontr\u00e9, hier \u00e0 son cabinet, le Directeur g\u00e9n\u00e9ral de la Bourse R\u00e9gionale des Valeurs Mobili\u00e8res (BRVM) de l\u2019UEMOA, M. EDOH Kossi Amenounv\u00e9. Au sortir de la rencontre le Directeur g\u00e9n\u00e9ral de la BRVM a confi\u00e9 que cette rencontre a \u00e9t\u00e9 l\u2019occasion pour lui de s\u2019informer sur la mission et les objectifs du CESOC ainsi que les enjeux auxquels l\u2019institution fait face actuellement pour accomplir cette mission \u00e0 elle confi\u00e9e par les plus hautes autorit\u00e9s du Niger. Et pour la BRVM, il s\u2019est agi de pr\u00e9senter au pr\u00e9sident du CESOC l\u2019\u00e9volution du march\u00e9 financier r\u00e9gional, l\u2019\u00e9volution des activit\u00e9s de la BRVM au Niger \u00e0 travers la protection d\u2019entreprises et aussi les \u00e9missions obligataires que l\u2019Etat du Niger a eu \u00e0 faire sur leur march\u00e9.<\/p>\n<p>\u00abNous avons particuli\u00e8rement parl\u00e9 de la derni\u00e8re \u00e9mission de l\u2019Etat du Niger qui a permis de lever 165 milliards de FCFA pour le financement des projets de d\u00e9veloppement du Niger\u00bb, a confi\u00e9 le directeur g\u00e9n\u00e9ral de la BRVM, M. EDOH Kossi Amenounv\u00e9. \u00abL\u2019audience a \u00e9t\u00e9 \u00e9galement l\u2019occasion pour nous d\u2019avoir une convergence de vue sur des sujets d\u2019int\u00e9r\u00eat commun qui pr\u00e9occupent \u00e0 la fois le CESOC et la BRVM. Il s\u2019agit particuli\u00e8rement de la question de l\u2019actionnariat populaire au Niger et de la r\u00e9partition des richesses dans les communes nig\u00e9riennes. Nous avons pens\u00e9 que nous pourrions unir nos efforts pour travailler sur cette th\u00e9matique pour permettre et favoriser le d\u00e9veloppement de l\u2019actionnariat populaire au Niger mais \u00e9galement l\u2019ouverture du capital des entreprises du secteur priv\u00e9 par la Bourse\u00bb, a fait savoir M. EDOH Kossi Amenounv\u00e9. Cet actionnariat populaire va, a-t-il indiqu\u00e9, permettre aux Nig\u00e9riens d\u2019\u00eatre partie prenante \u00e0 la chose \u00e9conomique, mais \u00e9galement de b\u00e9n\u00e9ficier du fruit de la croissance qui est actuellement en cours au Niger, c\u2019est un sujet important sur lequel les deux parties vont continuer d\u2019\u00e9changer.<\/p>\n<p>Un autre point abord\u00e9 au cours de ces \u00e9changes est celui du financement de l\u2019industrie culturelle. Il s\u2019agit d\u2019\u0153uvrer \u00e0 ce que la culture du Niger soit non seulement visible mais aussi qu\u2019elle participe au d\u00e9veloppement social et \u00e9conomique. \u00abNous avons not\u00e9 qu\u2019il y a effectivement un d\u00e9ficit de financement de cette culture et nous avons saisi l\u2019occasion pour pr\u00e9senter au pr\u00e9sident les instruments que l\u2019on voit \u00e0 travers le monde qui permettent de financer l\u2019industrie culturelle. Et je crois que sur ce sujet encore une fois, nous avons une convergence de vue pour qu\u2019ensemble nous puissions r\u00e9fl\u00e9chir sur cette question et voir comment la Bourse peut participer au financement de l\u2019industrie culturelle au Niger\u00bb, a soulign\u00e9 le directeur g\u00e9n\u00e9ral de la BRVM.<\/p>\n<p>M. EDOH Kossi Amenounv\u00e9 a aussi fait part d\u2019un autre sujet qu\u2019il juge extr\u00eamement important soulev\u00e9 par le pr\u00e9sident du CESOC. Il s\u2019agit de la question de la retraite des gens qui travaillent dans le domaine culturel et qui font la fiert\u00e9 du Niger. Sur ce sujet, M. EDOH Kossi Amenounv\u00e9 a promis de trouver ensemble avec le CESOC, le moyen de faire en sorte que ces derniers, une fois en cessation d\u2019activit\u00e9s, ne soient plus des n\u00e9cessiteux, qu\u2019ils puissent \u00eatre en mesure d\u2019avoir des ressources pour vivre jusqu\u2019\u00e0 la fin de leur vie. Un sujet de pr\u00e9occupation majeur pour le pr\u00e9sident Mairou Malam Ligari. \u00abNous avons rassur\u00e9 le pr\u00e9sident que la Bourse peut trouver avec le CESOC le moyen de d\u00e9velopper des instruments de collecte d\u2019\u00e9pargne et de d\u00e9veloppement de cette \u00e9pargne pour cette cat\u00e9gorie de personnes qui sont aujourd\u2019hui les acteurs importants et la vitrine qui v\u00e9hicule l\u2019image de nos pays\u00bb, a dit M. EDOH Kossi Amenounv\u00e9.<\/p>\n<p><b>\u00a0<\/b><\/p>\n","protected":false},"excerpt":{"rendered":"<p>Africa-Press &#8211; Niger. Le pr\u00e9sident du Conseil Economique, Social et Culturel (CESOC), M. Mairou Malam Ligari a rencontr\u00e9, hier \u00e0 son cabinet, le Directeur g\u00e9n\u00e9ral de la Bourse R\u00e9gionale des Valeurs Mobili\u00e8res (BRVM) de l\u2019UEMOA, M. EDOH Kossi Amenounv\u00e9. Au sortir de la rencontre le Directeur g\u00e9n\u00e9ral de la BRVM a confi\u00e9 que cette rencontre [&hellip;]<\/p>\n","protected":false},"author":82,"featured_media":10642,"comment_status":"open","ping_status":"closed","sticky":false,"template":"","format":"standard","meta":{"footnotes":""},"categories":[3,11,20,10],"tags":[55,60,29],"class_list":["post-10643","post","type-post","status-publish","format-standard","has-post-thumbnail","hentry","category-economie","category-homepage-french","category-top-nouvelles","category-toutes-les-actualites","tag-africa-press","tag-africa-press-niger","tag-niger"],"yoast_head":"<!-- This site is optimized with the Yoast SEO Premium plugin v26.1 (Yoast SEO v27.0) - https:\/\/yoast.com\/product\/yoast-seo-premium-wordpress\/ -->\n<title>Rencontre entre le pr\u00e9sident du CESOC et le directeur g\u00e9n\u00e9ral de la BRVM : Des \u00e9changes \u00e9difiants et une convergence de vue sur des sujets d\u2019int\u00e9r\u00eat commun - niger<\/title>\n<meta name=\"description\" content=\"\ufeffLe pr\u00e9sident du Conseil Economique, Social et Culturel (CESOC), M. Mairou Malam Ligari a rencontr\u00e9, hier \u00e0 son cabinet, ...\" \/>\n<meta name=\"robots\" content=\"index, follow, max-snippet:-1, max-image-preview:large, max-video-preview:-1\" \/>\n<link rel=\"canonical\" href=\"https:\/\/www.africa-press.net\/niger\/economie\/rencontre-entre-le-president-du-cesoc-et-le-directeur-general-de-la-brvm-des-echanges-edifiants-et-une-convergence-de-vue-sur-des-sujets-dinteret-commun\" \/>\n<meta property=\"og:locale\" content=\"fr_FR\" \/>\n<meta property=\"og:type\" content=\"article\" \/>\n<meta property=\"og:title\" content=\"Rencontre entre le pr\u00e9sident du CESOC et le directeur g\u00e9n\u00e9ral de la BRVM : Des \u00e9changes \u00e9difiants et une convergence de vue sur des sujets d\u2019int\u00e9r\u00eat commun\" \/>\n<meta property=\"og:description\" content=\"\ufeffLe pr\u00e9sident du Conseil Economique, Social et Culturel (CESOC), M. Mairou Malam Ligari a rencontr\u00e9, hier \u00e0 son cabinet, ...\" \/>\n<meta property=\"og:url\" content=\"https:\/\/www.africa-press.net\/niger\/economie\/rencontre-entre-le-president-du-cesoc-et-le-directeur-general-de-la-brvm-des-echanges-edifiants-et-une-convergence-de-vue-sur-des-sujets-dinteret-commun\" \/>\n<meta property=\"og:site_name\" content=\"niger\" \/>\n<meta property=\"article:published_time\" content=\"2021-08-24T15:57:39+00:00\" \/>\n<meta property=\"article:modified_time\" content=\"2021-08-26T18:58:50+00:00\" \/>\n<meta property=\"og:image\" content=\"https:\/\/static.africa-press.net\/niger\/sites\/40\/2021\/08\/img-612503ed012e3.jpg\" \/>\n\t<meta property=\"og:image:width\" content=\"720\" \/>\n\t<meta property=\"og:image:height\" content=\"464\" \/>\n\t<meta property=\"og:image:type\" content=\"image\/jpeg\" \/>\n<meta name=\"author\" content=\"cfeditorfr\" \/>\n<meta name=\"twitter:card\" content=\"summary_large_image\" \/>\n<meta name=\"twitter:label1\" content=\"\u00c9crit par\" \/>\n\t<meta name=\"twitter:data1\" content=\"cfeditorfr\" \/>\n\t<meta name=\"twitter:label2\" content=\"Dur\u00e9e de lecture estim\u00e9e\" \/>\n\t<meta name=\"twitter:data2\" content=\"3 minutes\" \/>\n<script type=\"application\/ld+json\" class=\"yoast-schema-graph\">{\"@context\":\"https:\/\/schema.org\",\"@graph\":[{\"@type\":\"Article\",\"@id\":\"https:\/\/www.africa-press.net\/niger\/economie\/rencontre-entre-le-president-du-cesoc-et-le-directeur-general-de-la-brvm-des-echanges-edifiants-et-une-convergence-de-vue-sur-des-sujets-dinteret-commun#article\",\"isPartOf\":{\"@id\":\"https:\/\/www.africa-press.net\/niger\/economie\/rencontre-entre-le-president-du-cesoc-et-le-directeur-general-de-la-brvm-des-echanges-edifiants-et-une-convergence-de-vue-sur-des-sujets-dinteret-commun\"},\"author\":{\"name\":\"cfeditorfr\",\"@id\":\"https:\/\/www.africa-press.net\/niger\/#\/schema\/person\/2b1cf3cd81a31e3cd26889ca66d677f1\"},\"headline\":\"Rencontre entre le pr\u00e9sident du CESOC et le directeur g\u00e9n\u00e9ral de la BRVM : Des \u00e9changes \u00e9difiants et une convergence de vue sur des sujets d\u2019int\u00e9r\u00eat commun\",\"datePublished\":\"2021-08-24T15:57:39+00:00\",\"dateModified\":\"2021-08-26T18:58:50+00:00\",\"mainEntityOfPage\":{\"@id\":\"https:\/\/www.africa-press.net\/niger\/economie\/rencontre-entre-le-president-du-cesoc-et-le-directeur-general-de-la-brvm-des-echanges-edifiants-et-une-convergence-de-vue-sur-des-sujets-dinteret-commun\"},\"wordCount\":712,\"commentCount\":0,\"image\":{\"@id\":\"https:\/\/www.africa-press.net\/niger\/economie\/rencontre-entre-le-president-du-cesoc-et-le-directeur-general-de-la-brvm-des-echanges-edifiants-et-une-convergence-de-vue-sur-des-sujets-dinteret-commun#primaryimage\"},\"thumbnailUrl\":\"https:\/\/static.africa-press.net\/niger\/sites\/40\/2021\/08\/img-612503ed012e3.jpg\",\"keywords\":[\"Africa Press\",\"Africa Press-Niger\",\"Niger\"],\"articleSection\":[\"\u00c9conomie\",\"homepage-french\",\"Top Nouvelles\",\"Toutes les actualit\u00e9s\"],\"inLanguage\":\"fr-FR\",\"potentialAction\":[{\"@type\":\"CommentAction\",\"name\":\"Comment\",\"target\":[\"https:\/\/www.africa-press.net\/niger\/economie\/rencontre-entre-le-president-du-cesoc-et-le-directeur-general-de-la-brvm-des-echanges-edifiants-et-une-convergence-de-vue-sur-des-sujets-dinteret-commun#respond\"]}]},{\"@type\":\"WebPage\",\"@id\":\"https:\/\/www.africa-press.net\/niger\/economie\/rencontre-entre-le-president-du-cesoc-et-le-directeur-general-de-la-brvm-des-echanges-edifiants-et-une-convergence-de-vue-sur-des-sujets-dinteret-commun\",\"url\":\"https:\/\/www.africa-press.net\/niger\/economie\/rencontre-entre-le-president-du-cesoc-et-le-directeur-general-de-la-brvm-des-echanges-edifiants-et-une-convergence-de-vue-sur-des-sujets-dinteret-commun\",\"name\":\"Rencontre entre le pr\u00e9sident du CESOC et le directeur g\u00e9n\u00e9ral de la BRVM : Des \u00e9changes \u00e9difiants et une convergence de vue sur des sujets d\u2019int\u00e9r\u00eat commun - niger\",\"isPartOf\":{\"@id\":\"https:\/\/www.africa-press.net\/niger\/#website\"},\"primaryImageOfPage\":{\"@id\":\"https:\/\/www.africa-press.net\/niger\/economie\/rencontre-entre-le-president-du-cesoc-et-le-directeur-general-de-la-brvm-des-echanges-edifiants-et-une-convergence-de-vue-sur-des-sujets-dinteret-commun#primaryimage\"},\"image\":{\"@id\":\"https:\/\/www.africa-press.net\/niger\/economie\/rencontre-entre-le-president-du-cesoc-et-le-directeur-general-de-la-brvm-des-echanges-edifiants-et-une-convergence-de-vue-sur-des-sujets-dinteret-commun#primaryimage\"},\"thumbnailUrl\":\"https:\/\/static.africa-press.net\/niger\/sites\/40\/2021\/08\/img-612503ed012e3.jpg\",\"datePublished\":\"2021-08-24T15:57:39+00:00\",\"dateModified\":\"2021-08-26T18:58:50+00:00\",\"author\":{\"@id\":\"https:\/\/www.africa-press.net\/niger\/#\/schema\/person\/2b1cf3cd81a31e3cd26889ca66d677f1\"},\"description\":\"\ufeffLe pr\u00e9sident du Conseil Economique, Social et Culturel (CESOC), M. Mairou Malam Ligari a rencontr\u00e9, hier \u00e0 son cabinet, ...\",\"breadcrumb\":{\"@id\":\"https:\/\/www.africa-press.net\/niger\/economie\/rencontre-entre-le-president-du-cesoc-et-le-directeur-general-de-la-brvm-des-echanges-edifiants-et-une-convergence-de-vue-sur-des-sujets-dinteret-commun#breadcrumb\"},\"inLanguage\":\"fr-FR\",\"potentialAction\":[{\"@type\":\"ReadAction\",\"target\":[\"https:\/\/www.africa-press.net\/niger\/economie\/rencontre-entre-le-president-du-cesoc-et-le-directeur-general-de-la-brvm-des-echanges-edifiants-et-une-convergence-de-vue-sur-des-sujets-dinteret-commun\"]}]},{\"@type\":\"ImageObject\",\"inLanguage\":\"fr-FR\",\"@id\":\"https:\/\/www.africa-press.net\/niger\/economie\/rencontre-entre-le-president-du-cesoc-et-le-directeur-general-de-la-brvm-des-echanges-edifiants-et-une-convergence-de-vue-sur-des-sujets-dinteret-commun#primaryimage\",\"url\":\"https:\/\/static.africa-press.net\/niger\/sites\/40\/2021\/08\/img-612503ed012e3.jpg\",\"contentUrl\":\"https:\/\/static.africa-press.net\/niger\/sites\/40\/2021\/08\/img-612503ed012e3.jpg\",\"width\":720,\"height\":464,\"caption\":\"Rencontre entre le pr\u00e9sident du CESOC et le directeur g\u00e9n\u00e9ral de la BRVM : Des \u00e9changes \u00e9difiants et une convergence de vue sur des sujets d\u2019int\u00e9r\u00eat commun\"},{\"@type\":\"BreadcrumbList\",\"@id\":\"https:\/\/www.africa-press.net\/niger\/economie\/rencontre-entre-le-president-du-cesoc-et-le-directeur-general-de-la-brvm-des-echanges-edifiants-et-une-convergence-de-vue-sur-des-sujets-dinteret-commun#breadcrumb\",\"itemListElement\":[{\"@type\":\"ListItem\",\"position\":1,\"name\":\"Accueil\",\"item\":\"https:\/\/www.africa-press.net\/niger\/\"},{\"@type\":\"ListItem\",\"position\":2,\"name\":\"Rencontre entre le pr\u00e9sident du CESOC et le directeur g\u00e9n\u00e9ral de la BRVM : Des \u00e9changes \u00e9difiants et une convergence de vue sur des sujets d\u2019int\u00e9r\u00eat commun\"}]},{\"@type\":\"WebSite\",\"@id\":\"https:\/\/www.africa-press.net\/niger\/#website\",\"url\":\"https:\/\/www.africa-press.net\/niger\/\",\"name\":\"niger\",\"description\":\"Just another Africa News Agency Sites site\",\"potentialAction\":[{\"@type\":\"SearchAction\",\"target\":{\"@type\":\"EntryPoint\",\"urlTemplate\":\"https:\/\/www.africa-press.net\/niger\/?s={search_term_string}\"},\"query-input\":{\"@type\":\"PropertyValueSpecification\",\"valueRequired\":true,\"valueName\":\"search_term_string\"}}],\"inLanguage\":\"fr-FR\"},{\"@type\":\"Person\",\"@id\":\"https:\/\/www.africa-press.net\/niger\/#\/schema\/person\/2b1cf3cd81a31e3cd26889ca66d677f1\",\"name\":\"cfeditorfr\"}]}<\/script>\n<!-- \/ Yoast SEO Premium plugin. -->","yoast_head_json":{"title":"Rencontre entre le pr\u00e9sident du CESOC et le directeur g\u00e9n\u00e9ral de la BRVM : Des \u00e9changes \u00e9difiants et une convergence de vue sur des sujets d\u2019int\u00e9r\u00eat commun - niger","description":"\ufeffLe pr\u00e9sident du Conseil Economique, Social et Culturel (CESOC), M. Mairou Malam Ligari a rencontr\u00e9, hier \u00e0 son cabinet, ...","robots":{"index":"index","follow":"follow","max-snippet":"max-snippet:-1","max-image-preview":"max-image-preview:large","max-video-preview":"max-video-preview:-1"},"canonical":"https:\/\/www.africa-press.net\/niger\/economie\/rencontre-entre-le-president-du-cesoc-et-le-directeur-general-de-la-brvm-des-echanges-edifiants-et-une-convergence-de-vue-sur-des-sujets-dinteret-commun","og_locale":"fr_FR","og_type":"article","og_title":"Rencontre entre le pr\u00e9sident du CESOC et le directeur g\u00e9n\u00e9ral de la BRVM : Des \u00e9changes \u00e9difiants et une convergence de vue sur des sujets d\u2019int\u00e9r\u00eat commun","og_description":"\ufeffLe pr\u00e9sident du Conseil Economique, Social et Culturel (CESOC), M. Mairou Malam Ligari a rencontr\u00e9, hier \u00e0 son cabinet, ...","og_url":"https:\/\/www.africa-press.net\/niger\/economie\/rencontre-entre-le-president-du-cesoc-et-le-directeur-general-de-la-brvm-des-echanges-edifiants-et-une-convergence-de-vue-sur-des-sujets-dinteret-commun","og_site_name":"niger","article_published_time":"2021-08-24T15:57:39+00:00","article_modified_time":"2021-08-26T18:58:50+00:00","og_image":[{"width":720,"height":464,"url":"https:\/\/static.africa-press.net\/niger\/sites\/40\/2021\/08\/img-612503ed012e3.jpg","type":"image\/jpeg"}],"author":"cfeditorfr","twitter_card":"summary_large_image","twitter_misc":{"\u00c9crit par":"cfeditorfr","Dur\u00e9e de lecture estim\u00e9e":"3 minutes"},"schema":{"@context":"https:\/\/schema.org","@graph":[{"@type":"Article","@id":"https:\/\/www.africa-press.net\/niger\/economie\/rencontre-entre-le-president-du-cesoc-et-le-directeur-general-de-la-brvm-des-echanges-edifiants-et-une-convergence-de-vue-sur-des-sujets-dinteret-commun#article","isPartOf":{"@id":"https:\/\/www.africa-press.net\/niger\/economie\/rencontre-entre-le-president-du-cesoc-et-le-directeur-general-de-la-brvm-des-echanges-edifiants-et-une-convergence-de-vue-sur-des-sujets-dinteret-commun"},"author":{"name":"cfeditorfr","@id":"https:\/\/www.africa-press.net\/niger\/#\/schema\/person\/2b1cf3cd81a31e3cd26889ca66d677f1"},"headline":"Rencontre entre le pr\u00e9sident du CESOC et le directeur g\u00e9n\u00e9ral de la BRVM : Des \u00e9changes \u00e9difiants et une convergence de vue sur des sujets d\u2019int\u00e9r\u00eat commun","datePublished":"2021-08-24T15:57:39+00:00","dateModified":"2021-08-26T18:58:50+00:00","mainEntityOfPage":{"@id":"https:\/\/www.africa-press.net\/niger\/economie\/rencontre-entre-le-president-du-cesoc-et-le-directeur-general-de-la-brvm-des-echanges-edifiants-et-une-convergence-de-vue-sur-des-sujets-dinteret-commun"},"wordCount":712,"commentCount":0,"image":{"@id":"https:\/\/www.africa-press.net\/niger\/economie\/rencontre-entre-le-president-du-cesoc-et-le-directeur-general-de-la-brvm-des-echanges-edifiants-et-une-convergence-de-vue-sur-des-sujets-dinteret-commun#primaryimage"},"thumbnailUrl":"https:\/\/static.africa-press.net\/niger\/sites\/40\/2021\/08\/img-612503ed012e3.jpg","keywords":["Africa Press","Africa Press-Niger","Niger"],"articleSection":["\u00c9conomie","homepage-french","Top Nouvelles","Toutes les actualit\u00e9s"],"inLanguage":"fr-FR","potentialAction":[{"@type":"CommentAction","name":"Comment","target":["https:\/\/www.africa-press.net\/niger\/economie\/rencontre-entre-le-president-du-cesoc-et-le-directeur-general-de-la-brvm-des-echanges-edifiants-et-une-convergence-de-vue-sur-des-sujets-dinteret-commun#respond"]}]},{"@type":"WebPage","@id":"https:\/\/www.africa-press.net\/niger\/economie\/rencontre-entre-le-president-du-cesoc-et-le-directeur-general-de-la-brvm-des-echanges-edifiants-et-une-convergence-de-vue-sur-des-sujets-dinteret-commun","url":"https:\/\/www.africa-press.net\/niger\/economie\/rencontre-entre-le-president-du-cesoc-et-le-directeur-general-de-la-brvm-des-echanges-edifiants-et-une-convergence-de-vue-sur-des-sujets-dinteret-commun","name":"Rencontre entre le pr\u00e9sident du CESOC et le directeur g\u00e9n\u00e9ral de la BRVM : Des \u00e9changes \u00e9difiants et une convergence de vue sur des sujets d\u2019int\u00e9r\u00eat commun - niger","isPartOf":{"@id":"https:\/\/www.africa-press.net\/niger\/#website"},"primaryImageOfPage":{"@id":"https:\/\/www.africa-press.net\/niger\/economie\/rencontre-entre-le-president-du-cesoc-et-le-directeur-general-de-la-brvm-des-echanges-edifiants-et-une-convergence-de-vue-sur-des-sujets-dinteret-commun#primaryimage"},"image":{"@id":"https:\/\/www.africa-press.net\/niger\/economie\/rencontre-entre-le-president-du-cesoc-et-le-directeur-general-de-la-brvm-des-echanges-edifiants-et-une-convergence-de-vue-sur-des-sujets-dinteret-commun#primaryimage"},"thumbnailUrl":"https:\/\/static.africa-press.net\/niger\/sites\/40\/2021\/08\/img-612503ed012e3.jpg","datePublished":"2021-08-24T15:57:39+00:00","dateModified":"2021-08-26T18:58:50+00:00","author":{"@id":"https:\/\/www.africa-press.net\/niger\/#\/schema\/person\/2b1cf3cd81a31e3cd26889ca66d677f1"},"description":"\ufeffLe pr\u00e9sident du Conseil Economique, Social et Culturel (CESOC), M. Mairou Malam Ligari a rencontr\u00e9, hier \u00e0 son cabinet, ...","breadcrumb":{"@id":"https:\/\/www.africa-press.net\/niger\/economie\/rencontre-entre-le-president-du-cesoc-et-le-directeur-general-de-la-brvm-des-echanges-edifiants-et-une-convergence-de-vue-sur-des-sujets-dinteret-commun#breadcrumb"},"inLanguage":"fr-FR","potentialAction":[{"@type":"ReadAction","target":["https:\/\/www.africa-press.net\/niger\/economie\/rencontre-entre-le-president-du-cesoc-et-le-directeur-general-de-la-brvm-des-echanges-edifiants-et-une-convergence-de-vue-sur-des-sujets-dinteret-commun"]}]},{"@type":"ImageObject","inLanguage":"fr-FR","@id":"https:\/\/www.africa-press.net\/niger\/economie\/rencontre-entre-le-president-du-cesoc-et-le-directeur-general-de-la-brvm-des-echanges-edifiants-et-une-convergence-de-vue-sur-des-sujets-dinteret-commun#primaryimage","url":"https:\/\/static.africa-press.net\/niger\/sites\/40\/2021\/08\/img-612503ed012e3.jpg","contentUrl":"https:\/\/static.africa-press.net\/niger\/sites\/40\/2021\/08\/img-612503ed012e3.jpg","width":720,"height":464,"caption":"Rencontre entre le pr\u00e9sident du CESOC et le directeur g\u00e9n\u00e9ral de la BRVM : Des \u00e9changes \u00e9difiants et une convergence de vue sur des sujets d\u2019int\u00e9r\u00eat commun"},{"@type":"BreadcrumbList","@id":"https:\/\/www.africa-press.net\/niger\/economie\/rencontre-entre-le-president-du-cesoc-et-le-directeur-general-de-la-brvm-des-echanges-edifiants-et-une-convergence-de-vue-sur-des-sujets-dinteret-commun#breadcrumb","itemListElement":[{"@type":"ListItem","position":1,"name":"Accueil","item":"https:\/\/www.africa-press.net\/niger\/"},{"@type":"ListItem","position":2,"name":"Rencontre entre le pr\u00e9sident du CESOC et le directeur g\u00e9n\u00e9ral de la BRVM : Des \u00e9changes \u00e9difiants et une convergence de vue sur des sujets d\u2019int\u00e9r\u00eat commun"}]},{"@type":"WebSite","@id":"https:\/\/www.africa-press.net\/niger\/#website","url":"https:\/\/www.africa-press.net\/niger\/","name":"niger","description":"Just another Africa News Agency Sites site","potentialAction":[{"@type":"SearchAction","target":{"@type":"EntryPoint","urlTemplate":"https:\/\/www.africa-press.net\/niger\/?s={search_term_string}"},"query-input":{"@type":"PropertyValueSpecification","valueRequired":true,"valueName":"search_term_string"}}],"inLanguage":"fr-FR"},{"@type":"Person","@id":"https:\/\/www.africa-press.net\/niger\/#\/schema\/person\/2b1cf3cd81a31e3cd26889ca66d677f1","name":"cfeditorfr"}]}},"_links":{"self":[{"href":"https:\/\/www.africa-press.net\/niger\/wp-json\/wp\/v2\/posts\/10643","targetHints":{"allow":["GET"]}}],"collection":[{"href":"https:\/\/www.africa-press.net\/niger\/wp-json\/wp\/v2\/posts"}],"about":[{"href":"https:\/\/www.africa-press.net\/niger\/wp-json\/wp\/v2\/types\/post"}],"author":[{"embeddable":true,"href":"https:\/\/www.africa-press.net\/niger\/wp-json\/wp\/v2\/users\/82"}],"replies":[{"embeddable":true,"href":"https:\/\/www.africa-press.net\/niger\/wp-json\/wp\/v2\/comments?post=10643"}],"version-history":[{"count":0,"href":"https:\/\/www.africa-press.net\/niger\/wp-json\/wp\/v2\/posts\/10643\/revisions"}],"wp:featuredmedia":[{"embeddable":true,"href":"https:\/\/www.africa-press.net\/niger\/wp-json\/wp\/v2\/media\/10642"}],"wp:attachment":[{"href":"https:\/\/www.africa-press.net\/niger\/wp-json\/wp\/v2\/media?parent=10643"}],"wp:term":[{"taxonomy":"category","embeddable":true,"href":"https:\/\/www.africa-press.net\/niger\/wp-json\/wp\/v2\/categories?post=10643"},{"taxonomy":"post_tag","embeddable":true,"href":"https:\/\/www.africa-press.net\/niger\/wp-json\/wp\/v2\/tags?post=10643"}],"curies":[{"name":"wp","href":"https:\/\/api.w.org\/{rel}","templated":true}]}}