{"id":10649,"date":"2021-08-24T16:13:49","date_gmt":"2021-08-24T16:13:49","guid":{"rendered":"https:\/\/www.africa-press.net\/niger\/?p=10649"},"modified":"2021-08-26T18:59:03","modified_gmt":"2021-08-26T18:59:03","slug":"ouest-du-niger-levee-de-linterdiction-de-circuler-a-moto-le-1er-septembre","status":"publish","type":"post","link":"https:\/\/www.africa-press.net\/niger\/toutes-les-actualites\/ouest-du-niger-levee-de-linterdiction-de-circuler-a-moto-le-1er-septembre","title":{"rendered":"Ouest du Niger: lev\u00e9e de l&rsquo;interdiction de circuler \u00e0 moto le 1er septembre"},"content":{"rendered":"<p><span style=\"color: #ff6600\"><strong><a href=\"https:\/\/www.africa-press.net\/\">Africa-Press<\/a> &#8211; <a href=\"https:\/\/www.africa-press.net\/niger\">Niger<\/a>. <\/strong><\/span>L&rsquo;interdiction de circuler \u00e0 moto impos\u00e9e depuis 2020 dans la r\u00e9gion de Tillab\u00e9ri, dans l&rsquo;ouest du Niger, pour lutter contre les attaques sanglantes de jihadistes pr\u00e9sum\u00e9s, sera lev\u00e9e le 1er septembre, ont annonc\u00e9 mardi les autorit\u00e9s.<\/p>\n<p>\u00ab\u00a0L&rsquo;interdiction de la circulation pour les motos est lev\u00e9e \u00e0 compter du 1er septembre\u00a0\u00bb, a indiqu\u00e9 \u00e0 l&rsquo;AFP Tidjani Ibrahim Katiella, gouverneur de Tillab\u00e9ri, situ\u00e9e dans la zone des \u00ab\u00a0trois fronti\u00e8res\u00a0\u00bb entre Mali, Niger et Burkina Faso.<\/p>\n<p>Cette zone est depuis plusieurs ann\u00e9es le th\u00e9\u00e2tre d&rsquo;attaques sanglantes et r\u00e9guli\u00e8res de groupes jihadistes affili\u00e9s \u00e0 Al-Qa\u00efda ou \u00e0 l&rsquo;Etat islamique au grand Sahara (EIGS) dont les membres utilisaient des motos pour leurs attaques.<\/p>\n<p>Cette d\u00e9cision d&rsquo;autoriser \u00e0 nouveau les motos \u00e0 circuler, a \u00e9t\u00e9 prise lundi \u00e0 Tillab\u00e9ri, capitale r\u00e9gionale, lors d&rsquo;une r\u00e9union pr\u00e9sid\u00e9e par Alkassoum Indatou, ministre nig\u00e9rien de la D\u00e9fense, selon la t\u00e9l\u00e9vision publique T\u00e9l\u00e9 Sahel.<\/p>\n<p>\u00ab\u00a0Beaucoup d&rsquo;avanc\u00e9es ont \u00e9t\u00e9 enregistr\u00e9es sur le plan s\u00e9curitaire, ce qui a d&rsquo;ailleurs motiv\u00e9 les populations \u00e0 demander la lev\u00e9e de l&rsquo;interdiction de la circulation des motos\u00a0\u00bb et le gouvernement y a donc \u00ab\u00a0favorablement r\u00e9pondu\u00a0\u00bb, selon T\u00e9l\u00e9 Sahel.<\/p>\n<p>La moto est le principal moyen de d\u00e9placement des populations dans la r\u00e9gion de Tillab\u00e9ri, vaste zone enclav\u00e9e de 100.000 km2, o\u00f9 cohabitent plusieurs ethnies, djerma, peule, touareg et haoussa.<\/p>\n<p>Pour tenter d&rsquo;enrayer les violences en cours depuis 2017 dans cette r\u00e9gion, les autorit\u00e9s ont d\u00e9cr\u00e9t\u00e9 l&rsquo;\u00e9tat d&rsquo;urgence, interdit depuis janvier 2020 la circulation des motos de jour comme de nuit, r\u00e9glement\u00e9 la vente du carburant et ferm\u00e9 des march\u00e9s soup\u00e7onn\u00e9s de ravitailler les groupes arm\u00e9s et d&rsquo;abriter \u00ab\u00a0leurs informateurs\u00a0\u00bb. Ce durcissement des mesures s\u00e9curitaires avait entra\u00een\u00e9 des mouvements de protestation parfois violents des habitants.<\/p>\n<p>Ces mesures \u00ab\u00a0ont eu des r\u00e9percussions \u00e9conomiques difficilement supportables par les populations\u00a0\u00bb, ont d\u00e9nonc\u00e9 la semaine semaine derni\u00e8re des d\u00e9put\u00e9s de Tillab\u00e9ri. \u00ab\u00a0L&rsquo;\u00e9conomie de la r\u00e9gion tourne au ralenti\u00a0\u00bb en \u00ab\u00a0entra\u00eenant de facto le d\u00e9part en exode des bras valides\u00a0\u00bb, ainsi que \u00ab\u00a0le ch\u00f4mage des jeunes et leur enr\u00f4lement par les terroristes\u00a0\u00bb, ont-ils affirm\u00e9.<\/p>\n<p>Pour contourner l&rsquo;interdiction des motos, les assaillants \u00ab\u00a0op\u00e8rent\u00a0\u00bb d\u00e9sormais \u00ab\u00a0\u00e0 dos de chameau et \u00e0 v\u00e9lo\u00a0\u00bb puis \u00ab\u00a0disparaissent tr\u00e8s rapidement dans la nature\u00a0\u00bb, selon ces d\u00e9put\u00e9s.<\/p>\n<p>Le dernier massacre de civils a \u00e9t\u00e9 perp\u00e9tr\u00e9 vendredi dernier dans le village de Theim par \u00ab\u00a0des individus arm\u00e9s venus \u00e0 pied, tuant 19 personnes qui priaient dans une mosqu\u00e9e\u00a0\u00bb, selon le minist\u00e8re de l&rsquo;Int\u00e9rieur.<\/p>\n","protected":false},"excerpt":{"rendered":"<p>Africa-Press &#8211; Niger. L&rsquo;interdiction de circuler \u00e0 moto impos\u00e9e depuis 2020 dans la r\u00e9gion de Tillab\u00e9ri, dans l&rsquo;ouest du Niger, pour lutter contre les attaques sanglantes de jihadistes pr\u00e9sum\u00e9s, sera lev\u00e9e le 1er septembre, ont annonc\u00e9 mardi les autorit\u00e9s. \u00ab\u00a0L&rsquo;interdiction de la circulation pour les motos est lev\u00e9e \u00e0 compter du 1er septembre\u00a0\u00bb, a indiqu\u00e9 [&hellip;]<\/p>\n","protected":false},"author":82,"featured_media":10648,"comment_status":"open","ping_status":"closed","sticky":false,"template":"","format":"standard","meta":{"footnotes":""},"categories":[21,11,20,10],"tags":[55,60,29],"class_list":["post-10649","post","type-post","status-publish","format-standard","has-post-thumbnail","hentry","category-communaute","category-homepage-french","category-top-nouvelles","category-toutes-les-actualites","tag-africa-press","tag-africa-press-niger","tag-niger"],"yoast_head":"<!-- This site is optimized with the Yoast SEO Premium plugin v26.1 (Yoast SEO v27.0) - https:\/\/yoast.com\/product\/yoast-seo-premium-wordpress\/ -->\n<title>Ouest du Niger: lev\u00e9e de l&#039;interdiction de circuler \u00e0 moto le 1er septembre - niger<\/title>\n<meta name=\"description\" content=\"L&#039;interdiction de circuler \u00e0 moto impos\u00e9e depuis 2020 dans la r\u00e9gion de Tillab\u00e9ri, dans l&#039;ouest du Niger, pour lutter co ...\" \/>\n<meta name=\"robots\" content=\"index, follow, max-snippet:-1, max-image-preview:large, max-video-preview:-1\" \/>\n<link rel=\"canonical\" href=\"https:\/\/www.africa-press.net\/niger\/toutes-les-actualites\/ouest-du-niger-levee-de-linterdiction-de-circuler-a-moto-le-1er-septembre\" \/>\n<meta property=\"og:locale\" content=\"fr_FR\" \/>\n<meta property=\"og:type\" content=\"article\" \/>\n<meta property=\"og:title\" content=\"Ouest du Niger: lev\u00e9e de l&#039;interdiction de circuler \u00e0 moto le 1er septembre\" \/>\n<meta property=\"og:description\" content=\"L&#039;interdiction de circuler \u00e0 moto impos\u00e9e depuis 2020 dans la r\u00e9gion de Tillab\u00e9ri, dans l&#039;ouest du Niger, pour lutter co ...\" \/>\n<meta property=\"og:url\" content=\"https:\/\/www.africa-press.net\/niger\/toutes-les-actualites\/ouest-du-niger-levee-de-linterdiction-de-circuler-a-moto-le-1er-septembre\" \/>\n<meta property=\"og:site_name\" content=\"niger\" \/>\n<meta property=\"article:published_time\" content=\"2021-08-24T16:13:49+00:00\" \/>\n<meta property=\"article:modified_time\" content=\"2021-08-26T18:59:03+00:00\" \/>\n<meta property=\"og:image\" content=\"https:\/\/static.africa-press.net\/niger\/sites\/40\/2021\/08\/img-6125042d4ec63.jpg\" \/>\n\t<meta property=\"og:image:width\" content=\"768\" \/>\n\t<meta property=\"og:image:height\" content=\"512\" \/>\n\t<meta property=\"og:image:type\" content=\"image\/jpeg\" \/>\n<meta name=\"author\" content=\"cfeditorfr\" \/>\n<meta name=\"twitter:card\" content=\"summary_large_image\" \/>\n<meta name=\"twitter:label1\" content=\"\u00c9crit par\" \/>\n\t<meta name=\"twitter:data1\" content=\"cfeditorfr\" \/>\n\t<meta name=\"twitter:label2\" content=\"Dur\u00e9e de lecture estim\u00e9e\" \/>\n\t<meta name=\"twitter:data2\" content=\"2 minutes\" \/>\n<script type=\"application\/ld+json\" class=\"yoast-schema-graph\">{\"@context\":\"https:\/\/schema.org\",\"@graph\":[{\"@type\":\"Article\",\"@id\":\"https:\/\/www.africa-press.net\/niger\/toutes-les-actualites\/ouest-du-niger-levee-de-linterdiction-de-circuler-a-moto-le-1er-septembre#article\",\"isPartOf\":{\"@id\":\"https:\/\/www.africa-press.net\/niger\/toutes-les-actualites\/ouest-du-niger-levee-de-linterdiction-de-circuler-a-moto-le-1er-septembre\"},\"author\":{\"name\":\"cfeditorfr\",\"@id\":\"https:\/\/www.africa-press.net\/niger\/#\/schema\/person\/2b1cf3cd81a31e3cd26889ca66d677f1\"},\"headline\":\"Ouest du Niger: lev\u00e9e de l&rsquo;interdiction de circuler \u00e0 moto le 1er septembre\",\"datePublished\":\"2021-08-24T16:13:49+00:00\",\"dateModified\":\"2021-08-26T18:59:03+00:00\",\"mainEntityOfPage\":{\"@id\":\"https:\/\/www.africa-press.net\/niger\/toutes-les-actualites\/ouest-du-niger-levee-de-linterdiction-de-circuler-a-moto-le-1er-septembre\"},\"wordCount\":480,\"commentCount\":0,\"image\":{\"@id\":\"https:\/\/www.africa-press.net\/niger\/toutes-les-actualites\/ouest-du-niger-levee-de-linterdiction-de-circuler-a-moto-le-1er-septembre#primaryimage\"},\"thumbnailUrl\":\"https:\/\/static.africa-press.net\/niger\/sites\/40\/2021\/08\/img-6125042d4ec63.jpg\",\"keywords\":[\"Africa Press\",\"Africa Press-Niger\",\"Niger\"],\"articleSection\":[\"Communaut\u00e9\",\"homepage-french\",\"Top Nouvelles\",\"Toutes les actualit\u00e9s\"],\"inLanguage\":\"fr-FR\",\"potentialAction\":[{\"@type\":\"CommentAction\",\"name\":\"Comment\",\"target\":[\"https:\/\/www.africa-press.net\/niger\/toutes-les-actualites\/ouest-du-niger-levee-de-linterdiction-de-circuler-a-moto-le-1er-septembre#respond\"]}]},{\"@type\":\"WebPage\",\"@id\":\"https:\/\/www.africa-press.net\/niger\/toutes-les-actualites\/ouest-du-niger-levee-de-linterdiction-de-circuler-a-moto-le-1er-septembre\",\"url\":\"https:\/\/www.africa-press.net\/niger\/toutes-les-actualites\/ouest-du-niger-levee-de-linterdiction-de-circuler-a-moto-le-1er-septembre\",\"name\":\"Ouest du Niger: lev\u00e9e de l'interdiction de circuler \u00e0 moto le 1er septembre - niger\",\"isPartOf\":{\"@id\":\"https:\/\/www.africa-press.net\/niger\/#website\"},\"primaryImageOfPage\":{\"@id\":\"https:\/\/www.africa-press.net\/niger\/toutes-les-actualites\/ouest-du-niger-levee-de-linterdiction-de-circuler-a-moto-le-1er-septembre#primaryimage\"},\"image\":{\"@id\":\"https:\/\/www.africa-press.net\/niger\/toutes-les-actualites\/ouest-du-niger-levee-de-linterdiction-de-circuler-a-moto-le-1er-septembre#primaryimage\"},\"thumbnailUrl\":\"https:\/\/static.africa-press.net\/niger\/sites\/40\/2021\/08\/img-6125042d4ec63.jpg\",\"datePublished\":\"2021-08-24T16:13:49+00:00\",\"dateModified\":\"2021-08-26T18:59:03+00:00\",\"author\":{\"@id\":\"https:\/\/www.africa-press.net\/niger\/#\/schema\/person\/2b1cf3cd81a31e3cd26889ca66d677f1\"},\"description\":\"L'interdiction de circuler \u00e0 moto impos\u00e9e depuis 2020 dans la r\u00e9gion de Tillab\u00e9ri, dans l'ouest du Niger, pour lutter co ...\",\"breadcrumb\":{\"@id\":\"https:\/\/www.africa-press.net\/niger\/toutes-les-actualites\/ouest-du-niger-levee-de-linterdiction-de-circuler-a-moto-le-1er-septembre#breadcrumb\"},\"inLanguage\":\"fr-FR\",\"potentialAction\":[{\"@type\":\"ReadAction\",\"target\":[\"https:\/\/www.africa-press.net\/niger\/toutes-les-actualites\/ouest-du-niger-levee-de-linterdiction-de-circuler-a-moto-le-1er-septembre\"]}]},{\"@type\":\"ImageObject\",\"inLanguage\":\"fr-FR\",\"@id\":\"https:\/\/www.africa-press.net\/niger\/toutes-les-actualites\/ouest-du-niger-levee-de-linterdiction-de-circuler-a-moto-le-1er-septembre#primaryimage\",\"url\":\"https:\/\/static.africa-press.net\/niger\/sites\/40\/2021\/08\/img-6125042d4ec63.jpg\",\"contentUrl\":\"https:\/\/static.africa-press.net\/niger\/sites\/40\/2021\/08\/img-6125042d4ec63.jpg\",\"width\":768,\"height\":512,\"caption\":\"Ouest du Niger: lev\u00e9e de l'interdiction de circuler \u00e0 moto le 1er septembre\"},{\"@type\":\"BreadcrumbList\",\"@id\":\"https:\/\/www.africa-press.net\/niger\/toutes-les-actualites\/ouest-du-niger-levee-de-linterdiction-de-circuler-a-moto-le-1er-septembre#breadcrumb\",\"itemListElement\":[{\"@type\":\"ListItem\",\"position\":1,\"name\":\"Accueil\",\"item\":\"https:\/\/www.africa-press.net\/niger\/\"},{\"@type\":\"ListItem\",\"position\":2,\"name\":\"Ouest du Niger: lev\u00e9e de l&#8217;interdiction de circuler \u00e0 moto le 1er septembre\"}]},{\"@type\":\"WebSite\",\"@id\":\"https:\/\/www.africa-press.net\/niger\/#website\",\"url\":\"https:\/\/www.africa-press.net\/niger\/\",\"name\":\"niger\",\"description\":\"Just another Africa News Agency Sites site\",\"potentialAction\":[{\"@type\":\"SearchAction\",\"target\":{\"@type\":\"EntryPoint\",\"urlTemplate\":\"https:\/\/www.africa-press.net\/niger\/?s={search_term_string}\"},\"query-input\":{\"@type\":\"PropertyValueSpecification\",\"valueRequired\":true,\"valueName\":\"search_term_string\"}}],\"inLanguage\":\"fr-FR\"},{\"@type\":\"Person\",\"@id\":\"https:\/\/www.africa-press.net\/niger\/#\/schema\/person\/2b1cf3cd81a31e3cd26889ca66d677f1\",\"name\":\"cfeditorfr\"}]}<\/script>\n<!-- \/ Yoast SEO Premium plugin. -->","yoast_head_json":{"title":"Ouest du Niger: lev\u00e9e de l'interdiction de circuler \u00e0 moto le 1er septembre - niger","description":"L'interdiction de circuler \u00e0 moto impos\u00e9e depuis 2020 dans la r\u00e9gion de Tillab\u00e9ri, dans l'ouest du Niger, pour lutter co ...","robots":{"index":"index","follow":"follow","max-snippet":"max-snippet:-1","max-image-preview":"max-image-preview:large","max-video-preview":"max-video-preview:-1"},"canonical":"https:\/\/www.africa-press.net\/niger\/toutes-les-actualites\/ouest-du-niger-levee-de-linterdiction-de-circuler-a-moto-le-1er-septembre","og_locale":"fr_FR","og_type":"article","og_title":"Ouest du Niger: lev\u00e9e de l'interdiction de circuler \u00e0 moto le 1er septembre","og_description":"L'interdiction de circuler \u00e0 moto impos\u00e9e depuis 2020 dans la r\u00e9gion de Tillab\u00e9ri, dans l'ouest du Niger, pour lutter co ...","og_url":"https:\/\/www.africa-press.net\/niger\/toutes-les-actualites\/ouest-du-niger-levee-de-linterdiction-de-circuler-a-moto-le-1er-septembre","og_site_name":"niger","article_published_time":"2021-08-24T16:13:49+00:00","article_modified_time":"2021-08-26T18:59:03+00:00","og_image":[{"width":768,"height":512,"url":"https:\/\/static.africa-press.net\/niger\/sites\/40\/2021\/08\/img-6125042d4ec63.jpg","type":"image\/jpeg"}],"author":"cfeditorfr","twitter_card":"summary_large_image","twitter_misc":{"\u00c9crit par":"cfeditorfr","Dur\u00e9e de lecture estim\u00e9e":"2 minutes"},"schema":{"@context":"https:\/\/schema.org","@graph":[{"@type":"Article","@id":"https:\/\/www.africa-press.net\/niger\/toutes-les-actualites\/ouest-du-niger-levee-de-linterdiction-de-circuler-a-moto-le-1er-septembre#article","isPartOf":{"@id":"https:\/\/www.africa-press.net\/niger\/toutes-les-actualites\/ouest-du-niger-levee-de-linterdiction-de-circuler-a-moto-le-1er-septembre"},"author":{"name":"cfeditorfr","@id":"https:\/\/www.africa-press.net\/niger\/#\/schema\/person\/2b1cf3cd81a31e3cd26889ca66d677f1"},"headline":"Ouest du Niger: lev\u00e9e de l&rsquo;interdiction de circuler \u00e0 moto le 1er septembre","datePublished":"2021-08-24T16:13:49+00:00","dateModified":"2021-08-26T18:59:03+00:00","mainEntityOfPage":{"@id":"https:\/\/www.africa-press.net\/niger\/toutes-les-actualites\/ouest-du-niger-levee-de-linterdiction-de-circuler-a-moto-le-1er-septembre"},"wordCount":480,"commentCount":0,"image":{"@id":"https:\/\/www.africa-press.net\/niger\/toutes-les-actualites\/ouest-du-niger-levee-de-linterdiction-de-circuler-a-moto-le-1er-septembre#primaryimage"},"thumbnailUrl":"https:\/\/static.africa-press.net\/niger\/sites\/40\/2021\/08\/img-6125042d4ec63.jpg","keywords":["Africa Press","Africa Press-Niger","Niger"],"articleSection":["Communaut\u00e9","homepage-french","Top Nouvelles","Toutes les actualit\u00e9s"],"inLanguage":"fr-FR","potentialAction":[{"@type":"CommentAction","name":"Comment","target":["https:\/\/www.africa-press.net\/niger\/toutes-les-actualites\/ouest-du-niger-levee-de-linterdiction-de-circuler-a-moto-le-1er-septembre#respond"]}]},{"@type":"WebPage","@id":"https:\/\/www.africa-press.net\/niger\/toutes-les-actualites\/ouest-du-niger-levee-de-linterdiction-de-circuler-a-moto-le-1er-septembre","url":"https:\/\/www.africa-press.net\/niger\/toutes-les-actualites\/ouest-du-niger-levee-de-linterdiction-de-circuler-a-moto-le-1er-septembre","name":"Ouest du Niger: lev\u00e9e de l'interdiction de circuler \u00e0 moto le 1er septembre - niger","isPartOf":{"@id":"https:\/\/www.africa-press.net\/niger\/#website"},"primaryImageOfPage":{"@id":"https:\/\/www.africa-press.net\/niger\/toutes-les-actualites\/ouest-du-niger-levee-de-linterdiction-de-circuler-a-moto-le-1er-septembre#primaryimage"},"image":{"@id":"https:\/\/www.africa-press.net\/niger\/toutes-les-actualites\/ouest-du-niger-levee-de-linterdiction-de-circuler-a-moto-le-1er-septembre#primaryimage"},"thumbnailUrl":"https:\/\/static.africa-press.net\/niger\/sites\/40\/2021\/08\/img-6125042d4ec63.jpg","datePublished":"2021-08-24T16:13:49+00:00","dateModified":"2021-08-26T18:59:03+00:00","author":{"@id":"https:\/\/www.africa-press.net\/niger\/#\/schema\/person\/2b1cf3cd81a31e3cd26889ca66d677f1"},"description":"L'interdiction de circuler \u00e0 moto impos\u00e9e depuis 2020 dans la r\u00e9gion de Tillab\u00e9ri, dans l'ouest du Niger, pour lutter co ...","breadcrumb":{"@id":"https:\/\/www.africa-press.net\/niger\/toutes-les-actualites\/ouest-du-niger-levee-de-linterdiction-de-circuler-a-moto-le-1er-septembre#breadcrumb"},"inLanguage":"fr-FR","potentialAction":[{"@type":"ReadAction","target":["https:\/\/www.africa-press.net\/niger\/toutes-les-actualites\/ouest-du-niger-levee-de-linterdiction-de-circuler-a-moto-le-1er-septembre"]}]},{"@type":"ImageObject","inLanguage":"fr-FR","@id":"https:\/\/www.africa-press.net\/niger\/toutes-les-actualites\/ouest-du-niger-levee-de-linterdiction-de-circuler-a-moto-le-1er-septembre#primaryimage","url":"https:\/\/static.africa-press.net\/niger\/sites\/40\/2021\/08\/img-6125042d4ec63.jpg","contentUrl":"https:\/\/static.africa-press.net\/niger\/sites\/40\/2021\/08\/img-6125042d4ec63.jpg","width":768,"height":512,"caption":"Ouest du Niger: lev\u00e9e de l'interdiction de circuler \u00e0 moto le 1er septembre"},{"@type":"BreadcrumbList","@id":"https:\/\/www.africa-press.net\/niger\/toutes-les-actualites\/ouest-du-niger-levee-de-linterdiction-de-circuler-a-moto-le-1er-septembre#breadcrumb","itemListElement":[{"@type":"ListItem","position":1,"name":"Accueil","item":"https:\/\/www.africa-press.net\/niger\/"},{"@type":"ListItem","position":2,"name":"Ouest du Niger: lev\u00e9e de l&#8217;interdiction de circuler \u00e0 moto le 1er septembre"}]},{"@type":"WebSite","@id":"https:\/\/www.africa-press.net\/niger\/#website","url":"https:\/\/www.africa-press.net\/niger\/","name":"niger","description":"Just another Africa News Agency Sites site","potentialAction":[{"@type":"SearchAction","target":{"@type":"EntryPoint","urlTemplate":"https:\/\/www.africa-press.net\/niger\/?s={search_term_string}"},"query-input":{"@type":"PropertyValueSpecification","valueRequired":true,"valueName":"search_term_string"}}],"inLanguage":"fr-FR"},{"@type":"Person","@id":"https:\/\/www.africa-press.net\/niger\/#\/schema\/person\/2b1cf3cd81a31e3cd26889ca66d677f1","name":"cfeditorfr"}]}},"_links":{"self":[{"href":"https:\/\/www.africa-press.net\/niger\/wp-json\/wp\/v2\/posts\/10649","targetHints":{"allow":["GET"]}}],"collection":[{"href":"https:\/\/www.africa-press.net\/niger\/wp-json\/wp\/v2\/posts"}],"about":[{"href":"https:\/\/www.africa-press.net\/niger\/wp-json\/wp\/v2\/types\/post"}],"author":[{"embeddable":true,"href":"https:\/\/www.africa-press.net\/niger\/wp-json\/wp\/v2\/users\/82"}],"replies":[{"embeddable":true,"href":"https:\/\/www.africa-press.net\/niger\/wp-json\/wp\/v2\/comments?post=10649"}],"version-history":[{"count":0,"href":"https:\/\/www.africa-press.net\/niger\/wp-json\/wp\/v2\/posts\/10649\/revisions"}],"wp:featuredmedia":[{"embeddable":true,"href":"https:\/\/www.africa-press.net\/niger\/wp-json\/wp\/v2\/media\/10648"}],"wp:attachment":[{"href":"https:\/\/www.africa-press.net\/niger\/wp-json\/wp\/v2\/media?parent=10649"}],"wp:term":[{"taxonomy":"category","embeddable":true,"href":"https:\/\/www.africa-press.net\/niger\/wp-json\/wp\/v2\/categories?post=10649"},{"taxonomy":"post_tag","embeddable":true,"href":"https:\/\/www.africa-press.net\/niger\/wp-json\/wp\/v2\/tags?post=10649"}],"curies":[{"name":"wp","href":"https:\/\/api.w.org\/{rel}","templated":true}]}}