{"id":10672,"date":"2021-08-26T06:00:26","date_gmt":"2021-08-26T06:00:26","guid":{"rendered":"https:\/\/www.africa-press.net\/niger\/?p=10672"},"modified":"2021-08-26T19:00:28","modified_gmt":"2021-08-26T19:00:28","slug":"le-directeur-general-de-la-brvm-discute-de-ses-operations-au-niger-avec-le-premier-ministre-ouhoumoudou","status":"publish","type":"post","link":"https:\/\/www.africa-press.net\/niger\/economie\/le-directeur-general-de-la-brvm-discute-de-ses-operations-au-niger-avec-le-premier-ministre-ouhoumoudou","title":{"rendered":"Le Directeur G\u00e9n\u00e9ral de la BRVM discute de ses op\u00e9rations au Niger avec le Premier Ministre Ouhoumoudou"},"content":{"rendered":"<p><span style=\"color: #ff6600\"><strong><a href=\"https:\/\/www.africa-press.net\/\">Africa-Press<\/a> &#8211; <a href=\"https:\/\/www.africa-press.net\/niger\">Niger<\/a>. <\/strong><\/span>Le Premier Ministre nig\u00e9rien Ouhoumoudou Mahamadou s\u2019est entretenu, dans l\u2019apr\u00e8s-midi de ce mardi 24 Ao\u00fbt 2021, avec le Directeur G\u00e9n\u00e9ral de la Bourse R\u00e9gionale des Valeurs Mobili\u00e8res (BRVM) de l\u2019UEMOA, M. Edoh Kossi Amenouve.<\/p>\n<p>\u00ab Nous sommes venus voir le Premier Ministre pour lui faire le point des activit\u00e9s de la Bourse R\u00e9gionale des Valeurs Mobili\u00e8res au cours des derni\u00e8res ann\u00e9es, notamment les interventions des Etats pour les \u00e9missions obligataires mais \u00e9galement l\u2019\u00e9volution de la situation des soci\u00e9t\u00e9s cot\u00e9es \u00e0 la BRVM \u00bb, a d\u00e9clar\u00e9 \u00e0 la presse le Directeur G\u00e9n\u00e9ral de la BRVM \u00e0 sa sortie d\u2019audience.<\/p>\n<p>M. Edoh Kossi a ensuite soulign\u00e9 qu\u2019il a saisi cette occasion pour t\u00e9moigner d\u00e8s \u00e0 profonde gratitude au Pr\u00e9sident nig\u00e9rien pour sa vision et au Gouvernement du Niger \u00ab pour son engagement \u00e0 accompagner le d\u00e9veloppement du march\u00e9 financier de l\u2019UEMOA comme en t\u00e9moigne la derni\u00e8re op\u00e9ration qui vient d\u2019\u00eatre r\u00e9alis\u00e9e avec un grand succ\u00e8s sur un montant de 165 milliards de Franc Cfa \u00bb.<\/p>\n<p>Le Directeur G\u00e9n\u00e9ral de la BRVM de faire savoir qu\u2019ils ont \u00e9galement \u00e9chang\u00e9 avec le Premier Ministre Ouhoumoudou sur les questions de financement des petites et moyennes entreprises (PME), particuli\u00e8rement sur la fa\u00e7on de voir comment l\u2019Etat du Niger peut accompagner ces PME dans le cadre de leurs op\u00e9rations, leurs financements et leurs d\u00e9veloppement.<\/p>\n<p>\u00ab Nous avons \u00e9galement parl\u00e9 sur la question des mines et du secteur minier, \u00e0 savoir le financement de ce sous-secteur qui nous semble aujourd\u2019hui \u00eatre le secteur d\u2019avenir pour le Niger et nous avons exprim\u00e9 notre souhait, en tant que Bourse, d\u2019accompagner les actions du Gouvernement en mati\u00e8re de financement \u00e0 long terme des industries extractives au Niger \u00bb, a conclu M.<\/p>\n","protected":false},"excerpt":{"rendered":"<p>Africa-Press &#8211; Niger. Le Premier Ministre nig\u00e9rien Ouhoumoudou Mahamadou s\u2019est entretenu, dans l\u2019apr\u00e8s-midi de ce mardi 24 Ao\u00fbt 2021, avec le Directeur G\u00e9n\u00e9ral de la Bourse R\u00e9gionale des Valeurs Mobili\u00e8res (BRVM) de l\u2019UEMOA, M. Edoh Kossi Amenouve. \u00ab Nous sommes venus voir le Premier Ministre pour lui faire le point des activit\u00e9s de la Bourse [&hellip;]<\/p>\n","protected":false},"author":82,"featured_media":10671,"comment_status":"open","ping_status":"closed","sticky":false,"template":"","format":"standard","meta":{"footnotes":""},"categories":[3,11,20,10],"tags":[55,60,29],"class_list":["post-10672","post","type-post","status-publish","format-standard","has-post-thumbnail","hentry","category-economie","category-homepage-french","category-top-nouvelles","category-toutes-les-actualites","tag-africa-press","tag-africa-press-niger","tag-niger"],"yoast_head":"<!-- This site is optimized with the Yoast SEO Premium plugin v26.1 (Yoast SEO v27.0) - https:\/\/yoast.com\/product\/yoast-seo-premium-wordpress\/ -->\n<title>Le Directeur G\u00e9n\u00e9ral de la BRVM discute de ses op\u00e9rations au Niger avec le Premier Ministre Ouhoumoudou - niger<\/title>\n<meta name=\"description\" content=\", 24 Ao\u00fbt (ANP) - Le Premier Ministre nig\u00e9rien Ouhoumoudou Mahamadou s\u2019est entretenu, dans l\u2019apr\u00e8s-midi de ce mardi 24 A ...\" \/>\n<meta name=\"robots\" content=\"index, follow, max-snippet:-1, max-image-preview:large, max-video-preview:-1\" \/>\n<link rel=\"canonical\" href=\"https:\/\/www.africa-press.net\/niger\/economie\/le-directeur-general-de-la-brvm-discute-de-ses-operations-au-niger-avec-le-premier-ministre-ouhoumoudou\" \/>\n<meta property=\"og:locale\" content=\"fr_FR\" \/>\n<meta property=\"og:type\" content=\"article\" \/>\n<meta property=\"og:title\" content=\"Le Directeur G\u00e9n\u00e9ral de la BRVM discute de ses op\u00e9rations au Niger avec le Premier Ministre Ouhoumoudou\" \/>\n<meta property=\"og:description\" content=\", 24 Ao\u00fbt (ANP) - Le Premier Ministre nig\u00e9rien Ouhoumoudou Mahamadou s\u2019est entretenu, dans l\u2019apr\u00e8s-midi de ce mardi 24 A ...\" \/>\n<meta property=\"og:url\" content=\"https:\/\/www.africa-press.net\/niger\/economie\/le-directeur-general-de-la-brvm-discute-de-ses-operations-au-niger-avec-le-premier-ministre-ouhoumoudou\" \/>\n<meta property=\"og:site_name\" content=\"niger\" \/>\n<meta property=\"article:published_time\" content=\"2021-08-26T06:00:26+00:00\" \/>\n<meta property=\"article:modified_time\" content=\"2021-08-26T19:00:28+00:00\" \/>\n<meta property=\"og:image\" content=\"https:\/\/static.africa-press.net\/niger\/sites\/40\/2021\/08\/img-61272a6ab95c5.jpg\" \/>\n\t<meta property=\"og:image:width\" content=\"1080\" \/>\n\t<meta property=\"og:image:height\" content=\"720\" \/>\n\t<meta property=\"og:image:type\" content=\"image\/jpeg\" \/>\n<meta name=\"author\" content=\"cfeditorfr\" \/>\n<meta name=\"twitter:card\" content=\"summary_large_image\" \/>\n<meta name=\"twitter:label1\" content=\"\u00c9crit par\" \/>\n\t<meta name=\"twitter:data1\" content=\"cfeditorfr\" \/>\n\t<meta name=\"twitter:label2\" content=\"Dur\u00e9e de lecture estim\u00e9e\" \/>\n\t<meta name=\"twitter:data2\" content=\"2 minutes\" \/>\n<script type=\"application\/ld+json\" class=\"yoast-schema-graph\">{\"@context\":\"https:\/\/schema.org\",\"@graph\":[{\"@type\":\"Article\",\"@id\":\"https:\/\/www.africa-press.net\/niger\/economie\/le-directeur-general-de-la-brvm-discute-de-ses-operations-au-niger-avec-le-premier-ministre-ouhoumoudou#article\",\"isPartOf\":{\"@id\":\"https:\/\/www.africa-press.net\/niger\/economie\/le-directeur-general-de-la-brvm-discute-de-ses-operations-au-niger-avec-le-premier-ministre-ouhoumoudou\"},\"author\":{\"name\":\"cfeditorfr\",\"@id\":\"https:\/\/www.africa-press.net\/niger\/#\/schema\/person\/2b1cf3cd81a31e3cd26889ca66d677f1\"},\"headline\":\"Le Directeur G\u00e9n\u00e9ral de la BRVM discute de ses op\u00e9rations au Niger avec le Premier Ministre Ouhoumoudou\",\"datePublished\":\"2021-08-26T06:00:26+00:00\",\"dateModified\":\"2021-08-26T19:00:28+00:00\",\"mainEntityOfPage\":{\"@id\":\"https:\/\/www.africa-press.net\/niger\/economie\/le-directeur-general-de-la-brvm-discute-de-ses-operations-au-niger-avec-le-premier-ministre-ouhoumoudou\"},\"wordCount\":336,\"commentCount\":0,\"image\":{\"@id\":\"https:\/\/www.africa-press.net\/niger\/economie\/le-directeur-general-de-la-brvm-discute-de-ses-operations-au-niger-avec-le-premier-ministre-ouhoumoudou#primaryimage\"},\"thumbnailUrl\":\"https:\/\/static.africa-press.net\/niger\/sites\/40\/2021\/08\/img-61272a6ab95c5.jpg\",\"keywords\":[\"Africa Press\",\"Africa Press-Niger\",\"Niger\"],\"articleSection\":[\"\u00c9conomie\",\"homepage-french\",\"Top Nouvelles\",\"Toutes les actualit\u00e9s\"],\"inLanguage\":\"fr-FR\",\"potentialAction\":[{\"@type\":\"CommentAction\",\"name\":\"Comment\",\"target\":[\"https:\/\/www.africa-press.net\/niger\/economie\/le-directeur-general-de-la-brvm-discute-de-ses-operations-au-niger-avec-le-premier-ministre-ouhoumoudou#respond\"]}]},{\"@type\":\"WebPage\",\"@id\":\"https:\/\/www.africa-press.net\/niger\/economie\/le-directeur-general-de-la-brvm-discute-de-ses-operations-au-niger-avec-le-premier-ministre-ouhoumoudou\",\"url\":\"https:\/\/www.africa-press.net\/niger\/economie\/le-directeur-general-de-la-brvm-discute-de-ses-operations-au-niger-avec-le-premier-ministre-ouhoumoudou\",\"name\":\"Le Directeur G\u00e9n\u00e9ral de la BRVM discute de ses op\u00e9rations au Niger avec le Premier Ministre Ouhoumoudou - niger\",\"isPartOf\":{\"@id\":\"https:\/\/www.africa-press.net\/niger\/#website\"},\"primaryImageOfPage\":{\"@id\":\"https:\/\/www.africa-press.net\/niger\/economie\/le-directeur-general-de-la-brvm-discute-de-ses-operations-au-niger-avec-le-premier-ministre-ouhoumoudou#primaryimage\"},\"image\":{\"@id\":\"https:\/\/www.africa-press.net\/niger\/economie\/le-directeur-general-de-la-brvm-discute-de-ses-operations-au-niger-avec-le-premier-ministre-ouhoumoudou#primaryimage\"},\"thumbnailUrl\":\"https:\/\/static.africa-press.net\/niger\/sites\/40\/2021\/08\/img-61272a6ab95c5.jpg\",\"datePublished\":\"2021-08-26T06:00:26+00:00\",\"dateModified\":\"2021-08-26T19:00:28+00:00\",\"author\":{\"@id\":\"https:\/\/www.africa-press.net\/niger\/#\/schema\/person\/2b1cf3cd81a31e3cd26889ca66d677f1\"},\"description\":\", 24 Ao\u00fbt (ANP) - Le Premier Ministre nig\u00e9rien Ouhoumoudou Mahamadou s\u2019est entretenu, dans l\u2019apr\u00e8s-midi de ce mardi 24 A ...\",\"breadcrumb\":{\"@id\":\"https:\/\/www.africa-press.net\/niger\/economie\/le-directeur-general-de-la-brvm-discute-de-ses-operations-au-niger-avec-le-premier-ministre-ouhoumoudou#breadcrumb\"},\"inLanguage\":\"fr-FR\",\"potentialAction\":[{\"@type\":\"ReadAction\",\"target\":[\"https:\/\/www.africa-press.net\/niger\/economie\/le-directeur-general-de-la-brvm-discute-de-ses-operations-au-niger-avec-le-premier-ministre-ouhoumoudou\"]}]},{\"@type\":\"ImageObject\",\"inLanguage\":\"fr-FR\",\"@id\":\"https:\/\/www.africa-press.net\/niger\/economie\/le-directeur-general-de-la-brvm-discute-de-ses-operations-au-niger-avec-le-premier-ministre-ouhoumoudou#primaryimage\",\"url\":\"https:\/\/static.africa-press.net\/niger\/sites\/40\/2021\/08\/img-61272a6ab95c5.jpg\",\"contentUrl\":\"https:\/\/static.africa-press.net\/niger\/sites\/40\/2021\/08\/img-61272a6ab95c5.jpg\",\"width\":1080,\"height\":720,\"caption\":\"Le Directeur G\u00e9n\u00e9ral de la BRVM discute de ses op\u00e9rations au Niger avec le Premier Ministre Ouhoumoudou\"},{\"@type\":\"BreadcrumbList\",\"@id\":\"https:\/\/www.africa-press.net\/niger\/economie\/le-directeur-general-de-la-brvm-discute-de-ses-operations-au-niger-avec-le-premier-ministre-ouhoumoudou#breadcrumb\",\"itemListElement\":[{\"@type\":\"ListItem\",\"position\":1,\"name\":\"Accueil\",\"item\":\"https:\/\/www.africa-press.net\/niger\/\"},{\"@type\":\"ListItem\",\"position\":2,\"name\":\"Le Directeur G\u00e9n\u00e9ral de la BRVM discute de ses op\u00e9rations au Niger avec le Premier Ministre Ouhoumoudou\"}]},{\"@type\":\"WebSite\",\"@id\":\"https:\/\/www.africa-press.net\/niger\/#website\",\"url\":\"https:\/\/www.africa-press.net\/niger\/\",\"name\":\"niger\",\"description\":\"Just another Africa News Agency Sites site\",\"potentialAction\":[{\"@type\":\"SearchAction\",\"target\":{\"@type\":\"EntryPoint\",\"urlTemplate\":\"https:\/\/www.africa-press.net\/niger\/?s={search_term_string}\"},\"query-input\":{\"@type\":\"PropertyValueSpecification\",\"valueRequired\":true,\"valueName\":\"search_term_string\"}}],\"inLanguage\":\"fr-FR\"},{\"@type\":\"Person\",\"@id\":\"https:\/\/www.africa-press.net\/niger\/#\/schema\/person\/2b1cf3cd81a31e3cd26889ca66d677f1\",\"name\":\"cfeditorfr\"}]}<\/script>\n<!-- \/ Yoast SEO Premium plugin. -->","yoast_head_json":{"title":"Le Directeur G\u00e9n\u00e9ral de la BRVM discute de ses op\u00e9rations au Niger avec le Premier Ministre Ouhoumoudou - niger","description":", 24 Ao\u00fbt (ANP) - Le Premier Ministre nig\u00e9rien Ouhoumoudou Mahamadou s\u2019est entretenu, dans l\u2019apr\u00e8s-midi de ce mardi 24 A ...","robots":{"index":"index","follow":"follow","max-snippet":"max-snippet:-1","max-image-preview":"max-image-preview:large","max-video-preview":"max-video-preview:-1"},"canonical":"https:\/\/www.africa-press.net\/niger\/economie\/le-directeur-general-de-la-brvm-discute-de-ses-operations-au-niger-avec-le-premier-ministre-ouhoumoudou","og_locale":"fr_FR","og_type":"article","og_title":"Le Directeur G\u00e9n\u00e9ral de la BRVM discute de ses op\u00e9rations au Niger avec le Premier Ministre Ouhoumoudou","og_description":", 24 Ao\u00fbt (ANP) - Le Premier Ministre nig\u00e9rien Ouhoumoudou Mahamadou s\u2019est entretenu, dans l\u2019apr\u00e8s-midi de ce mardi 24 A ...","og_url":"https:\/\/www.africa-press.net\/niger\/economie\/le-directeur-general-de-la-brvm-discute-de-ses-operations-au-niger-avec-le-premier-ministre-ouhoumoudou","og_site_name":"niger","article_published_time":"2021-08-26T06:00:26+00:00","article_modified_time":"2021-08-26T19:00:28+00:00","og_image":[{"width":1080,"height":720,"url":"https:\/\/static.africa-press.net\/niger\/sites\/40\/2021\/08\/img-61272a6ab95c5.jpg","type":"image\/jpeg"}],"author":"cfeditorfr","twitter_card":"summary_large_image","twitter_misc":{"\u00c9crit par":"cfeditorfr","Dur\u00e9e de lecture estim\u00e9e":"2 minutes"},"schema":{"@context":"https:\/\/schema.org","@graph":[{"@type":"Article","@id":"https:\/\/www.africa-press.net\/niger\/economie\/le-directeur-general-de-la-brvm-discute-de-ses-operations-au-niger-avec-le-premier-ministre-ouhoumoudou#article","isPartOf":{"@id":"https:\/\/www.africa-press.net\/niger\/economie\/le-directeur-general-de-la-brvm-discute-de-ses-operations-au-niger-avec-le-premier-ministre-ouhoumoudou"},"author":{"name":"cfeditorfr","@id":"https:\/\/www.africa-press.net\/niger\/#\/schema\/person\/2b1cf3cd81a31e3cd26889ca66d677f1"},"headline":"Le Directeur G\u00e9n\u00e9ral de la BRVM discute de ses op\u00e9rations au Niger avec le Premier Ministre Ouhoumoudou","datePublished":"2021-08-26T06:00:26+00:00","dateModified":"2021-08-26T19:00:28+00:00","mainEntityOfPage":{"@id":"https:\/\/www.africa-press.net\/niger\/economie\/le-directeur-general-de-la-brvm-discute-de-ses-operations-au-niger-avec-le-premier-ministre-ouhoumoudou"},"wordCount":336,"commentCount":0,"image":{"@id":"https:\/\/www.africa-press.net\/niger\/economie\/le-directeur-general-de-la-brvm-discute-de-ses-operations-au-niger-avec-le-premier-ministre-ouhoumoudou#primaryimage"},"thumbnailUrl":"https:\/\/static.africa-press.net\/niger\/sites\/40\/2021\/08\/img-61272a6ab95c5.jpg","keywords":["Africa Press","Africa Press-Niger","Niger"],"articleSection":["\u00c9conomie","homepage-french","Top Nouvelles","Toutes les actualit\u00e9s"],"inLanguage":"fr-FR","potentialAction":[{"@type":"CommentAction","name":"Comment","target":["https:\/\/www.africa-press.net\/niger\/economie\/le-directeur-general-de-la-brvm-discute-de-ses-operations-au-niger-avec-le-premier-ministre-ouhoumoudou#respond"]}]},{"@type":"WebPage","@id":"https:\/\/www.africa-press.net\/niger\/economie\/le-directeur-general-de-la-brvm-discute-de-ses-operations-au-niger-avec-le-premier-ministre-ouhoumoudou","url":"https:\/\/www.africa-press.net\/niger\/economie\/le-directeur-general-de-la-brvm-discute-de-ses-operations-au-niger-avec-le-premier-ministre-ouhoumoudou","name":"Le Directeur G\u00e9n\u00e9ral de la BRVM discute de ses op\u00e9rations au Niger avec le Premier Ministre Ouhoumoudou - niger","isPartOf":{"@id":"https:\/\/www.africa-press.net\/niger\/#website"},"primaryImageOfPage":{"@id":"https:\/\/www.africa-press.net\/niger\/economie\/le-directeur-general-de-la-brvm-discute-de-ses-operations-au-niger-avec-le-premier-ministre-ouhoumoudou#primaryimage"},"image":{"@id":"https:\/\/www.africa-press.net\/niger\/economie\/le-directeur-general-de-la-brvm-discute-de-ses-operations-au-niger-avec-le-premier-ministre-ouhoumoudou#primaryimage"},"thumbnailUrl":"https:\/\/static.africa-press.net\/niger\/sites\/40\/2021\/08\/img-61272a6ab95c5.jpg","datePublished":"2021-08-26T06:00:26+00:00","dateModified":"2021-08-26T19:00:28+00:00","author":{"@id":"https:\/\/www.africa-press.net\/niger\/#\/schema\/person\/2b1cf3cd81a31e3cd26889ca66d677f1"},"description":", 24 Ao\u00fbt (ANP) - Le Premier Ministre nig\u00e9rien Ouhoumoudou Mahamadou s\u2019est entretenu, dans l\u2019apr\u00e8s-midi de ce mardi 24 A ...","breadcrumb":{"@id":"https:\/\/www.africa-press.net\/niger\/economie\/le-directeur-general-de-la-brvm-discute-de-ses-operations-au-niger-avec-le-premier-ministre-ouhoumoudou#breadcrumb"},"inLanguage":"fr-FR","potentialAction":[{"@type":"ReadAction","target":["https:\/\/www.africa-press.net\/niger\/economie\/le-directeur-general-de-la-brvm-discute-de-ses-operations-au-niger-avec-le-premier-ministre-ouhoumoudou"]}]},{"@type":"ImageObject","inLanguage":"fr-FR","@id":"https:\/\/www.africa-press.net\/niger\/economie\/le-directeur-general-de-la-brvm-discute-de-ses-operations-au-niger-avec-le-premier-ministre-ouhoumoudou#primaryimage","url":"https:\/\/static.africa-press.net\/niger\/sites\/40\/2021\/08\/img-61272a6ab95c5.jpg","contentUrl":"https:\/\/static.africa-press.net\/niger\/sites\/40\/2021\/08\/img-61272a6ab95c5.jpg","width":1080,"height":720,"caption":"Le Directeur G\u00e9n\u00e9ral de la BRVM discute de ses op\u00e9rations au Niger avec le Premier Ministre Ouhoumoudou"},{"@type":"BreadcrumbList","@id":"https:\/\/www.africa-press.net\/niger\/economie\/le-directeur-general-de-la-brvm-discute-de-ses-operations-au-niger-avec-le-premier-ministre-ouhoumoudou#breadcrumb","itemListElement":[{"@type":"ListItem","position":1,"name":"Accueil","item":"https:\/\/www.africa-press.net\/niger\/"},{"@type":"ListItem","position":2,"name":"Le Directeur G\u00e9n\u00e9ral de la BRVM discute de ses op\u00e9rations au Niger avec le Premier Ministre Ouhoumoudou"}]},{"@type":"WebSite","@id":"https:\/\/www.africa-press.net\/niger\/#website","url":"https:\/\/www.africa-press.net\/niger\/","name":"niger","description":"Just another Africa News Agency Sites site","potentialAction":[{"@type":"SearchAction","target":{"@type":"EntryPoint","urlTemplate":"https:\/\/www.africa-press.net\/niger\/?s={search_term_string}"},"query-input":{"@type":"PropertyValueSpecification","valueRequired":true,"valueName":"search_term_string"}}],"inLanguage":"fr-FR"},{"@type":"Person","@id":"https:\/\/www.africa-press.net\/niger\/#\/schema\/person\/2b1cf3cd81a31e3cd26889ca66d677f1","name":"cfeditorfr"}]}},"_links":{"self":[{"href":"https:\/\/www.africa-press.net\/niger\/wp-json\/wp\/v2\/posts\/10672","targetHints":{"allow":["GET"]}}],"collection":[{"href":"https:\/\/www.africa-press.net\/niger\/wp-json\/wp\/v2\/posts"}],"about":[{"href":"https:\/\/www.africa-press.net\/niger\/wp-json\/wp\/v2\/types\/post"}],"author":[{"embeddable":true,"href":"https:\/\/www.africa-press.net\/niger\/wp-json\/wp\/v2\/users\/82"}],"replies":[{"embeddable":true,"href":"https:\/\/www.africa-press.net\/niger\/wp-json\/wp\/v2\/comments?post=10672"}],"version-history":[{"count":0,"href":"https:\/\/www.africa-press.net\/niger\/wp-json\/wp\/v2\/posts\/10672\/revisions"}],"wp:featuredmedia":[{"embeddable":true,"href":"https:\/\/www.africa-press.net\/niger\/wp-json\/wp\/v2\/media\/10671"}],"wp:attachment":[{"href":"https:\/\/www.africa-press.net\/niger\/wp-json\/wp\/v2\/media?parent=10672"}],"wp:term":[{"taxonomy":"category","embeddable":true,"href":"https:\/\/www.africa-press.net\/niger\/wp-json\/wp\/v2\/categories?post=10672"},{"taxonomy":"post_tag","embeddable":true,"href":"https:\/\/www.africa-press.net\/niger\/wp-json\/wp\/v2\/tags?post=10672"}],"curies":[{"name":"wp","href":"https:\/\/api.w.org\/{rel}","templated":true}]}}