{"id":10678,"date":"2021-08-26T06:15:39","date_gmt":"2021-08-26T06:15:39","guid":{"rendered":"https:\/\/www.africa-press.net\/niger\/?p=10678"},"modified":"2021-08-26T18:57:14","modified_gmt":"2021-08-26T18:57:14","slug":"niger-le-gouvernement-demande-aux-ecoles-privees-de-surseoir-a-toute-forme-daugmentation-ou-de-reduction-des-frais-de-scolarite","status":"publish","type":"post","link":"https:\/\/www.africa-press.net\/niger\/culture-et-art\/niger-le-gouvernement-demande-aux-ecoles-privees-de-surseoir-a-toute-forme-daugmentation-ou-de-reduction-des-frais-de-scolarite","title":{"rendered":"Le gouvernement demande aux \u00e9coles priv\u00e9es de surseoir \u00e0 toute forme d\u2019augmentation ou de r\u00e9duction des frais de scolarit\u00e9"},"content":{"rendered":"<p><span style=\"color: #ff6600\"><strong><a href=\"https:\/\/www.africa-press.net\/\">Africa-Press<\/a> &#8211; <a href=\"https:\/\/www.africa-press.net\/niger\">Niger<\/a>. <\/strong><\/span>Le Ministre de l\u2019\u00e9ducation nationale du Niger, Dr Rabiou Ousman a, par lettre circulaire du 24 ao\u00fbt2021 conjointement sign\u00e9e avec le Ministre du commerce, Monsieur Gado Sabo Moctar, demand\u00e9 aux \u00e9tablissements scolaires priv\u00e9s de surseoir \u00e0 toute forme d\u2019augmentation ou de r\u00e9duction des frais de scolarit\u00e9.<\/p>\n<p>Selon cette lettre, depuis le 5 juillet dernier le gouvernement a mis en place un comit\u00e9 technique charg\u00e9 de r\u00e9fl\u00e9chir sur les frais de scolarit\u00e9 des \u00e9tablissements priv\u00e9s de l\u2019enseignement g\u00e9n\u00e9ral.<\/p>\n<p>En attendant donc les r\u00e9sultats qui seront issus des r\u00e9flexions de ce comit\u00e9, le Ministre de l\u2019\u00e9ducation nationale demande aux \u00e9tablissements priv\u00e9s d\u2019enseignement g\u00e9n\u00e9ral de \u2018\u2019surseoir \u00e0 toute augmentation ou r\u00e9duction des frais de scolarit\u00e9\u2019\u2019.<\/p>\n<p>Le gouvernement a d\u00e9cid\u00e9 d\u2019harmoniser les frais de scolarit\u00e9 au niveau des \u00e9coles du pr\u00e9scolaire, du primaire, des coll\u00e8ges, des lyc\u00e9es et des complexes d\u2019enseignement g\u00e9n\u00e9ral.<\/p>\n<p>Cette volont\u00e9 du gouvernement de r\u00e9guler le secteur des \u00e9tablissements priv\u00e9s du Niger, notamment en ce qui concerne les frais de scolarit\u00e9, entre dans le cadre de la politique nationale de l\u2019\u00e9ducation que le pr\u00e9sident de la R\u00e9publique entend mettre en \u0153uvre pour redorer le blason de l\u2019\u00e9cole nig\u00e9rienne.<\/p>\n","protected":false},"excerpt":{"rendered":"<p>Africa-Press &#8211; Niger. Le Ministre de l\u2019\u00e9ducation nationale du Niger, Dr Rabiou Ousman a, par lettre circulaire du 24 ao\u00fbt2021 conjointement sign\u00e9e avec le Ministre du commerce, Monsieur Gado Sabo Moctar, demand\u00e9 aux \u00e9tablissements scolaires priv\u00e9s de surseoir \u00e0 toute forme d\u2019augmentation ou de r\u00e9duction des frais de scolarit\u00e9. Selon cette lettre, depuis le 5 [&hellip;]<\/p>\n","protected":false},"author":82,"featured_media":10677,"comment_status":"open","ping_status":"closed","sticky":false,"template":"","format":"standard","meta":{"footnotes":""},"categories":[5,11,10],"tags":[55,60,29],"class_list":["post-10678","post","type-post","status-publish","format-standard","has-post-thumbnail","hentry","category-culture-et-art","category-homepage-french","category-toutes-les-actualites","tag-africa-press","tag-africa-press-niger","tag-niger"],"yoast_head":"<!-- This site is optimized with the Yoast SEO Premium plugin v26.1 (Yoast SEO v27.0) - https:\/\/yoast.com\/product\/yoast-seo-premium-wordpress\/ -->\n<title>Le gouvernement demande aux \u00e9coles priv\u00e9es de surseoir \u00e0 toute forme d\u2019augmentation ou de r\u00e9duction des frais de scolarit\u00e9 - niger<\/title>\n<meta name=\"description\" content=\"Le Ministre de l\u2019\u00e9ducation nationale du Niger, Dr Rabiou Ousman a, par lettre circulaire du 24 ao\u00fbt2021 conjointement si ...\" \/>\n<meta name=\"robots\" content=\"index, follow, max-snippet:-1, max-image-preview:large, max-video-preview:-1\" \/>\n<link rel=\"canonical\" href=\"https:\/\/www.africa-press.net\/niger\/culture-et-art\/niger-le-gouvernement-demande-aux-ecoles-privees-de-surseoir-a-toute-forme-daugmentation-ou-de-reduction-des-frais-de-scolarite\" \/>\n<meta property=\"og:locale\" content=\"fr_FR\" \/>\n<meta property=\"og:type\" content=\"article\" \/>\n<meta property=\"og:title\" content=\"Le gouvernement demande aux \u00e9coles priv\u00e9es de surseoir \u00e0 toute forme d\u2019augmentation ou de r\u00e9duction des frais de scolarit\u00e9\" \/>\n<meta property=\"og:description\" content=\"Le Ministre de l\u2019\u00e9ducation nationale du Niger, Dr Rabiou Ousman a, par lettre circulaire du 24 ao\u00fbt2021 conjointement si ...\" \/>\n<meta property=\"og:url\" content=\"https:\/\/www.africa-press.net\/niger\/culture-et-art\/niger-le-gouvernement-demande-aux-ecoles-privees-de-surseoir-a-toute-forme-daugmentation-ou-de-reduction-des-frais-de-scolarite\" \/>\n<meta property=\"og:site_name\" content=\"niger\" \/>\n<meta property=\"article:published_time\" content=\"2021-08-26T06:15:39+00:00\" \/>\n<meta property=\"article:modified_time\" content=\"2021-08-26T18:57:14+00:00\" \/>\n<meta property=\"og:image\" content=\"https:\/\/static.africa-press.net\/niger\/sites\/40\/2021\/08\/img-61272ab281061.jpg\" \/>\n\t<meta property=\"og:image:width\" content=\"720\" \/>\n\t<meta property=\"og:image:height\" content=\"368\" \/>\n\t<meta property=\"og:image:type\" content=\"image\/jpeg\" \/>\n<meta name=\"author\" content=\"cfeditorfr\" \/>\n<meta name=\"twitter:card\" content=\"summary_large_image\" \/>\n<meta name=\"twitter:label1\" content=\"\u00c9crit par\" \/>\n\t<meta name=\"twitter:data1\" content=\"cfeditorfr\" \/>\n\t<meta name=\"twitter:label2\" content=\"Dur\u00e9e de lecture estim\u00e9e\" \/>\n\t<meta name=\"twitter:data2\" content=\"1 minute\" \/>\n<script type=\"application\/ld+json\" class=\"yoast-schema-graph\">{\"@context\":\"https:\/\/schema.org\",\"@graph\":[{\"@type\":\"Article\",\"@id\":\"https:\/\/www.africa-press.net\/niger\/culture-et-art\/niger-le-gouvernement-demande-aux-ecoles-privees-de-surseoir-a-toute-forme-daugmentation-ou-de-reduction-des-frais-de-scolarite#article\",\"isPartOf\":{\"@id\":\"https:\/\/www.africa-press.net\/niger\/culture-et-art\/niger-le-gouvernement-demande-aux-ecoles-privees-de-surseoir-a-toute-forme-daugmentation-ou-de-reduction-des-frais-de-scolarite\"},\"author\":{\"name\":\"cfeditorfr\",\"@id\":\"https:\/\/www.africa-press.net\/niger\/#\/schema\/person\/2b1cf3cd81a31e3cd26889ca66d677f1\"},\"headline\":\"Le gouvernement demande aux \u00e9coles priv\u00e9es de surseoir \u00e0 toute forme d\u2019augmentation ou de r\u00e9duction des frais de scolarit\u00e9\",\"datePublished\":\"2021-08-26T06:15:39+00:00\",\"dateModified\":\"2021-08-26T18:57:14+00:00\",\"mainEntityOfPage\":{\"@id\":\"https:\/\/www.africa-press.net\/niger\/culture-et-art\/niger-le-gouvernement-demande-aux-ecoles-privees-de-surseoir-a-toute-forme-daugmentation-ou-de-reduction-des-frais-de-scolarite\"},\"wordCount\":242,\"commentCount\":0,\"image\":{\"@id\":\"https:\/\/www.africa-press.net\/niger\/culture-et-art\/niger-le-gouvernement-demande-aux-ecoles-privees-de-surseoir-a-toute-forme-daugmentation-ou-de-reduction-des-frais-de-scolarite#primaryimage\"},\"thumbnailUrl\":\"https:\/\/static.africa-press.net\/niger\/sites\/40\/2021\/08\/img-61272ab281061.jpg\",\"keywords\":[\"Africa Press\",\"Africa Press-Niger\",\"Niger\"],\"articleSection\":[\"Culture et Art\",\"homepage-french\",\"Toutes les actualit\u00e9s\"],\"inLanguage\":\"fr-FR\",\"potentialAction\":[{\"@type\":\"CommentAction\",\"name\":\"Comment\",\"target\":[\"https:\/\/www.africa-press.net\/niger\/culture-et-art\/niger-le-gouvernement-demande-aux-ecoles-privees-de-surseoir-a-toute-forme-daugmentation-ou-de-reduction-des-frais-de-scolarite#respond\"]}]},{\"@type\":\"WebPage\",\"@id\":\"https:\/\/www.africa-press.net\/niger\/culture-et-art\/niger-le-gouvernement-demande-aux-ecoles-privees-de-surseoir-a-toute-forme-daugmentation-ou-de-reduction-des-frais-de-scolarite\",\"url\":\"https:\/\/www.africa-press.net\/niger\/culture-et-art\/niger-le-gouvernement-demande-aux-ecoles-privees-de-surseoir-a-toute-forme-daugmentation-ou-de-reduction-des-frais-de-scolarite\",\"name\":\"Le gouvernement demande aux \u00e9coles priv\u00e9es de surseoir \u00e0 toute forme d\u2019augmentation ou de r\u00e9duction des frais de scolarit\u00e9 - niger\",\"isPartOf\":{\"@id\":\"https:\/\/www.africa-press.net\/niger\/#website\"},\"primaryImageOfPage\":{\"@id\":\"https:\/\/www.africa-press.net\/niger\/culture-et-art\/niger-le-gouvernement-demande-aux-ecoles-privees-de-surseoir-a-toute-forme-daugmentation-ou-de-reduction-des-frais-de-scolarite#primaryimage\"},\"image\":{\"@id\":\"https:\/\/www.africa-press.net\/niger\/culture-et-art\/niger-le-gouvernement-demande-aux-ecoles-privees-de-surseoir-a-toute-forme-daugmentation-ou-de-reduction-des-frais-de-scolarite#primaryimage\"},\"thumbnailUrl\":\"https:\/\/static.africa-press.net\/niger\/sites\/40\/2021\/08\/img-61272ab281061.jpg\",\"datePublished\":\"2021-08-26T06:15:39+00:00\",\"dateModified\":\"2021-08-26T18:57:14+00:00\",\"author\":{\"@id\":\"https:\/\/www.africa-press.net\/niger\/#\/schema\/person\/2b1cf3cd81a31e3cd26889ca66d677f1\"},\"description\":\"Le Ministre de l\u2019\u00e9ducation nationale du Niger, Dr Rabiou Ousman a, par lettre circulaire du 24 ao\u00fbt2021 conjointement si ...\",\"breadcrumb\":{\"@id\":\"https:\/\/www.africa-press.net\/niger\/culture-et-art\/niger-le-gouvernement-demande-aux-ecoles-privees-de-surseoir-a-toute-forme-daugmentation-ou-de-reduction-des-frais-de-scolarite#breadcrumb\"},\"inLanguage\":\"fr-FR\",\"potentialAction\":[{\"@type\":\"ReadAction\",\"target\":[\"https:\/\/www.africa-press.net\/niger\/culture-et-art\/niger-le-gouvernement-demande-aux-ecoles-privees-de-surseoir-a-toute-forme-daugmentation-ou-de-reduction-des-frais-de-scolarite\"]}]},{\"@type\":\"ImageObject\",\"inLanguage\":\"fr-FR\",\"@id\":\"https:\/\/www.africa-press.net\/niger\/culture-et-art\/niger-le-gouvernement-demande-aux-ecoles-privees-de-surseoir-a-toute-forme-daugmentation-ou-de-reduction-des-frais-de-scolarite#primaryimage\",\"url\":\"https:\/\/static.africa-press.net\/niger\/sites\/40\/2021\/08\/img-61272ab281061.jpg\",\"contentUrl\":\"https:\/\/static.africa-press.net\/niger\/sites\/40\/2021\/08\/img-61272ab281061.jpg\",\"width\":720,\"height\":368,\"caption\":\"Niger : Le gouvernement demande aux \u00e9coles priv\u00e9es de surseoir \u00e0 toute forme d\u2019augmentation ou de r\u00e9duction des frais de scolarit\u00e9\"},{\"@type\":\"BreadcrumbList\",\"@id\":\"https:\/\/www.africa-press.net\/niger\/culture-et-art\/niger-le-gouvernement-demande-aux-ecoles-privees-de-surseoir-a-toute-forme-daugmentation-ou-de-reduction-des-frais-de-scolarite#breadcrumb\",\"itemListElement\":[{\"@type\":\"ListItem\",\"position\":1,\"name\":\"Accueil\",\"item\":\"https:\/\/www.africa-press.net\/niger\/\"},{\"@type\":\"ListItem\",\"position\":2,\"name\":\"Le gouvernement demande aux \u00e9coles priv\u00e9es de surseoir \u00e0 toute forme d\u2019augmentation ou de r\u00e9duction des frais de scolarit\u00e9\"}]},{\"@type\":\"WebSite\",\"@id\":\"https:\/\/www.africa-press.net\/niger\/#website\",\"url\":\"https:\/\/www.africa-press.net\/niger\/\",\"name\":\"niger\",\"description\":\"Just another Africa News Agency Sites site\",\"potentialAction\":[{\"@type\":\"SearchAction\",\"target\":{\"@type\":\"EntryPoint\",\"urlTemplate\":\"https:\/\/www.africa-press.net\/niger\/?s={search_term_string}\"},\"query-input\":{\"@type\":\"PropertyValueSpecification\",\"valueRequired\":true,\"valueName\":\"search_term_string\"}}],\"inLanguage\":\"fr-FR\"},{\"@type\":\"Person\",\"@id\":\"https:\/\/www.africa-press.net\/niger\/#\/schema\/person\/2b1cf3cd81a31e3cd26889ca66d677f1\",\"name\":\"cfeditorfr\"}]}<\/script>\n<!-- \/ Yoast SEO Premium plugin. -->","yoast_head_json":{"title":"Le gouvernement demande aux \u00e9coles priv\u00e9es de surseoir \u00e0 toute forme d\u2019augmentation ou de r\u00e9duction des frais de scolarit\u00e9 - niger","description":"Le Ministre de l\u2019\u00e9ducation nationale du Niger, Dr Rabiou Ousman a, par lettre circulaire du 24 ao\u00fbt2021 conjointement si ...","robots":{"index":"index","follow":"follow","max-snippet":"max-snippet:-1","max-image-preview":"max-image-preview:large","max-video-preview":"max-video-preview:-1"},"canonical":"https:\/\/www.africa-press.net\/niger\/culture-et-art\/niger-le-gouvernement-demande-aux-ecoles-privees-de-surseoir-a-toute-forme-daugmentation-ou-de-reduction-des-frais-de-scolarite","og_locale":"fr_FR","og_type":"article","og_title":"Le gouvernement demande aux \u00e9coles priv\u00e9es de surseoir \u00e0 toute forme d\u2019augmentation ou de r\u00e9duction des frais de scolarit\u00e9","og_description":"Le Ministre de l\u2019\u00e9ducation nationale du Niger, Dr Rabiou Ousman a, par lettre circulaire du 24 ao\u00fbt2021 conjointement si ...","og_url":"https:\/\/www.africa-press.net\/niger\/culture-et-art\/niger-le-gouvernement-demande-aux-ecoles-privees-de-surseoir-a-toute-forme-daugmentation-ou-de-reduction-des-frais-de-scolarite","og_site_name":"niger","article_published_time":"2021-08-26T06:15:39+00:00","article_modified_time":"2021-08-26T18:57:14+00:00","og_image":[{"width":720,"height":368,"url":"https:\/\/static.africa-press.net\/niger\/sites\/40\/2021\/08\/img-61272ab281061.jpg","type":"image\/jpeg"}],"author":"cfeditorfr","twitter_card":"summary_large_image","twitter_misc":{"\u00c9crit par":"cfeditorfr","Dur\u00e9e de lecture estim\u00e9e":"1 minute"},"schema":{"@context":"https:\/\/schema.org","@graph":[{"@type":"Article","@id":"https:\/\/www.africa-press.net\/niger\/culture-et-art\/niger-le-gouvernement-demande-aux-ecoles-privees-de-surseoir-a-toute-forme-daugmentation-ou-de-reduction-des-frais-de-scolarite#article","isPartOf":{"@id":"https:\/\/www.africa-press.net\/niger\/culture-et-art\/niger-le-gouvernement-demande-aux-ecoles-privees-de-surseoir-a-toute-forme-daugmentation-ou-de-reduction-des-frais-de-scolarite"},"author":{"name":"cfeditorfr","@id":"https:\/\/www.africa-press.net\/niger\/#\/schema\/person\/2b1cf3cd81a31e3cd26889ca66d677f1"},"headline":"Le gouvernement demande aux \u00e9coles priv\u00e9es de surseoir \u00e0 toute forme d\u2019augmentation ou de r\u00e9duction des frais de scolarit\u00e9","datePublished":"2021-08-26T06:15:39+00:00","dateModified":"2021-08-26T18:57:14+00:00","mainEntityOfPage":{"@id":"https:\/\/www.africa-press.net\/niger\/culture-et-art\/niger-le-gouvernement-demande-aux-ecoles-privees-de-surseoir-a-toute-forme-daugmentation-ou-de-reduction-des-frais-de-scolarite"},"wordCount":242,"commentCount":0,"image":{"@id":"https:\/\/www.africa-press.net\/niger\/culture-et-art\/niger-le-gouvernement-demande-aux-ecoles-privees-de-surseoir-a-toute-forme-daugmentation-ou-de-reduction-des-frais-de-scolarite#primaryimage"},"thumbnailUrl":"https:\/\/static.africa-press.net\/niger\/sites\/40\/2021\/08\/img-61272ab281061.jpg","keywords":["Africa Press","Africa Press-Niger","Niger"],"articleSection":["Culture et Art","homepage-french","Toutes les actualit\u00e9s"],"inLanguage":"fr-FR","potentialAction":[{"@type":"CommentAction","name":"Comment","target":["https:\/\/www.africa-press.net\/niger\/culture-et-art\/niger-le-gouvernement-demande-aux-ecoles-privees-de-surseoir-a-toute-forme-daugmentation-ou-de-reduction-des-frais-de-scolarite#respond"]}]},{"@type":"WebPage","@id":"https:\/\/www.africa-press.net\/niger\/culture-et-art\/niger-le-gouvernement-demande-aux-ecoles-privees-de-surseoir-a-toute-forme-daugmentation-ou-de-reduction-des-frais-de-scolarite","url":"https:\/\/www.africa-press.net\/niger\/culture-et-art\/niger-le-gouvernement-demande-aux-ecoles-privees-de-surseoir-a-toute-forme-daugmentation-ou-de-reduction-des-frais-de-scolarite","name":"Le gouvernement demande aux \u00e9coles priv\u00e9es de surseoir \u00e0 toute forme d\u2019augmentation ou de r\u00e9duction des frais de scolarit\u00e9 - niger","isPartOf":{"@id":"https:\/\/www.africa-press.net\/niger\/#website"},"primaryImageOfPage":{"@id":"https:\/\/www.africa-press.net\/niger\/culture-et-art\/niger-le-gouvernement-demande-aux-ecoles-privees-de-surseoir-a-toute-forme-daugmentation-ou-de-reduction-des-frais-de-scolarite#primaryimage"},"image":{"@id":"https:\/\/www.africa-press.net\/niger\/culture-et-art\/niger-le-gouvernement-demande-aux-ecoles-privees-de-surseoir-a-toute-forme-daugmentation-ou-de-reduction-des-frais-de-scolarite#primaryimage"},"thumbnailUrl":"https:\/\/static.africa-press.net\/niger\/sites\/40\/2021\/08\/img-61272ab281061.jpg","datePublished":"2021-08-26T06:15:39+00:00","dateModified":"2021-08-26T18:57:14+00:00","author":{"@id":"https:\/\/www.africa-press.net\/niger\/#\/schema\/person\/2b1cf3cd81a31e3cd26889ca66d677f1"},"description":"Le Ministre de l\u2019\u00e9ducation nationale du Niger, Dr Rabiou Ousman a, par lettre circulaire du 24 ao\u00fbt2021 conjointement si ...","breadcrumb":{"@id":"https:\/\/www.africa-press.net\/niger\/culture-et-art\/niger-le-gouvernement-demande-aux-ecoles-privees-de-surseoir-a-toute-forme-daugmentation-ou-de-reduction-des-frais-de-scolarite#breadcrumb"},"inLanguage":"fr-FR","potentialAction":[{"@type":"ReadAction","target":["https:\/\/www.africa-press.net\/niger\/culture-et-art\/niger-le-gouvernement-demande-aux-ecoles-privees-de-surseoir-a-toute-forme-daugmentation-ou-de-reduction-des-frais-de-scolarite"]}]},{"@type":"ImageObject","inLanguage":"fr-FR","@id":"https:\/\/www.africa-press.net\/niger\/culture-et-art\/niger-le-gouvernement-demande-aux-ecoles-privees-de-surseoir-a-toute-forme-daugmentation-ou-de-reduction-des-frais-de-scolarite#primaryimage","url":"https:\/\/static.africa-press.net\/niger\/sites\/40\/2021\/08\/img-61272ab281061.jpg","contentUrl":"https:\/\/static.africa-press.net\/niger\/sites\/40\/2021\/08\/img-61272ab281061.jpg","width":720,"height":368,"caption":"Niger : Le gouvernement demande aux \u00e9coles priv\u00e9es de surseoir \u00e0 toute forme d\u2019augmentation ou de r\u00e9duction des frais de scolarit\u00e9"},{"@type":"BreadcrumbList","@id":"https:\/\/www.africa-press.net\/niger\/culture-et-art\/niger-le-gouvernement-demande-aux-ecoles-privees-de-surseoir-a-toute-forme-daugmentation-ou-de-reduction-des-frais-de-scolarite#breadcrumb","itemListElement":[{"@type":"ListItem","position":1,"name":"Accueil","item":"https:\/\/www.africa-press.net\/niger\/"},{"@type":"ListItem","position":2,"name":"Le gouvernement demande aux \u00e9coles priv\u00e9es de surseoir \u00e0 toute forme d\u2019augmentation ou de r\u00e9duction des frais de scolarit\u00e9"}]},{"@type":"WebSite","@id":"https:\/\/www.africa-press.net\/niger\/#website","url":"https:\/\/www.africa-press.net\/niger\/","name":"niger","description":"Just another Africa News Agency Sites site","potentialAction":[{"@type":"SearchAction","target":{"@type":"EntryPoint","urlTemplate":"https:\/\/www.africa-press.net\/niger\/?s={search_term_string}"},"query-input":{"@type":"PropertyValueSpecification","valueRequired":true,"valueName":"search_term_string"}}],"inLanguage":"fr-FR"},{"@type":"Person","@id":"https:\/\/www.africa-press.net\/niger\/#\/schema\/person\/2b1cf3cd81a31e3cd26889ca66d677f1","name":"cfeditorfr"}]}},"_links":{"self":[{"href":"https:\/\/www.africa-press.net\/niger\/wp-json\/wp\/v2\/posts\/10678","targetHints":{"allow":["GET"]}}],"collection":[{"href":"https:\/\/www.africa-press.net\/niger\/wp-json\/wp\/v2\/posts"}],"about":[{"href":"https:\/\/www.africa-press.net\/niger\/wp-json\/wp\/v2\/types\/post"}],"author":[{"embeddable":true,"href":"https:\/\/www.africa-press.net\/niger\/wp-json\/wp\/v2\/users\/82"}],"replies":[{"embeddable":true,"href":"https:\/\/www.africa-press.net\/niger\/wp-json\/wp\/v2\/comments?post=10678"}],"version-history":[{"count":0,"href":"https:\/\/www.africa-press.net\/niger\/wp-json\/wp\/v2\/posts\/10678\/revisions"}],"wp:featuredmedia":[{"embeddable":true,"href":"https:\/\/www.africa-press.net\/niger\/wp-json\/wp\/v2\/media\/10677"}],"wp:attachment":[{"href":"https:\/\/www.africa-press.net\/niger\/wp-json\/wp\/v2\/media?parent=10678"}],"wp:term":[{"taxonomy":"category","embeddable":true,"href":"https:\/\/www.africa-press.net\/niger\/wp-json\/wp\/v2\/categories?post=10678"},{"taxonomy":"post_tag","embeddable":true,"href":"https:\/\/www.africa-press.net\/niger\/wp-json\/wp\/v2\/tags?post=10678"}],"curies":[{"name":"wp","href":"https:\/\/api.w.org\/{rel}","templated":true}]}}