{"id":10687,"date":"2021-08-26T09:28:37","date_gmt":"2021-08-26T09:28:37","guid":{"rendered":"https:\/\/www.africa-press.net\/niger\/?p=10687"},"modified":"2021-08-26T18:56:48","modified_gmt":"2021-08-26T18:56:48","slug":"education-et-protection-en-faveur-des-mineurs-demandeurs-dasile-lunicef-et-intersos-renforcent-la-resilience-et-lintegration-des-mineurs-demandeurs-dasile-en-tran","status":"publish","type":"post","link":"https:\/\/www.africa-press.net\/niger\/toutes-les-actualites\/education-et-protection-en-faveur-des-mineurs-demandeurs-dasile-lunicef-et-intersos-renforcent-la-resilience-et-lintegration-des-mineurs-demandeurs-dasile-en-tran","title":{"rendered":"Education et protection en faveur des mineurs demandeurs d\u2019asile : L\u2019Unicef et INTERSOS renforcent la r\u00e9silience et l\u2019int\u00e9gration des mineurs demandeurs d\u2019asile en transit \u00e0 Agadez"},"content":{"rendered":"<p><span style=\"color: #ff6600\"><strong><a href=\"https:\/\/www.africa-press.net\/\">Africa-Press<\/a> &#8211; <a href=\"https:\/\/www.africa-press.net\/niger\">Niger<\/a>. <\/strong><\/span>La ville d\u2019Agadez est un point strat\u00e9gique sur le trajet des demandeurs d\u2019asiles qui esp\u00e8rent gagner l\u2019Europe en passant par les c\u00f4tes Alg\u00e9riennes et Libyennes. Pour assurer la protection et l\u2019\u00e9ducation des enfants et adolescents demandeurs d\u2019asile dans la ville de transit, l\u2019ONG INTERSOS, sur financement de l\u2019Unicef, met en \u0153uvre un projet pour faciliter leur insertion au sein de la communaut\u00e9 locale. Aujourd\u2019hui, gr\u00e2ce aux actions cibl\u00e9es men\u00e9es en faveur des demandeurs d\u2019asiles et de la communaut\u00e9 d\u2019Agadez, l\u2019offre de l\u2019\u00e9ducation a \u00e9t\u00e9 renforc\u00e9e en qualit\u00e9 et en infrastructures. Les instruments de protection ont pu \u00eatre vulgaris\u00e9s et un comit\u00e9 de gestion des plaintes mis en place.<\/p>\n<p>Le projet \u00abAcc\u00e8s \u00e0 l\u2019\u00e9ducation et \u00e0 la formation professionnelle pour renforcer la r\u00e9silience et l\u2019int\u00e9gration des enfants et adolescents demandeurs d\u2019asile \u00e0 Agadez\u00bb financ\u00e9 par l\u2019Unicef, est aujourd\u2019hui salu\u00e9 en mati\u00e8re d\u2019accueil de demandeurs d\u2019asile en g\u00e9n\u00e9ral, et des mineurs et adolescents de la communaut\u00e9 en particulier. Pour la base INTERSOS d\u2019Agadez charg\u00e9e de sa mise en \u0153uvre, les impacts multiformes du projet ont largement contribu\u00e9 au d\u00e9veloppement de l\u2019enfant \u00e0 travers des activit\u00e9s culturelles, sportives et professionnelles qui leur sont destin\u00e9es, mais aussi la r\u00e9insertion dans la vie \u00e9conomique des autres membres plus \u00e2g\u00e9s de la communaut\u00e9 des demandeurs d\u2019asile. Ce qui donne encore plus de succ\u00e8s au projet, ce sont les \u00e9changes instaur\u00e9s entre les deux communaut\u00e9s : les demandeurs d\u2019asiles, principalement des soudanais, apprennent la culture du Niger et des Nig\u00e9riens apprennent leurs cultures.<\/p>\n<p>Mme Delphine Aurore Essa, officier de protection et cheffe de base INTERSOS \u00e0 Agadez, explique que le succ\u00e8s du projet d\u00e9coule de la pertinence et de l\u2019ad\u00e9quation des actions qu\u2019il r\u00e9alise en mati\u00e8re de pr\u00e9vention, de protection et de r\u00e9insertion des demandeurs d\u2019asile, en particulier des enfants et adolescents. INTERSOS, poursuit-elle, leur apporte un appui en kits d\u2019articles non alimentaires (kits NFI) et en \u00e9ducation, en plus des efforts que fournissent l\u2019ONG et ses partenaires pour am\u00e9liorer les conditions des enfants. \u00abNous menons des activit\u00e9s psychosociales qui visent \u00e0 am\u00e9liorer le bien-\u00eatre psychosocial des enfants demandeurs d\u2019asile et ceux de la communaut\u00e9 h\u00f4te. Nous faisons aussi la gestion des camps\u00bb. Toutes ces activit\u00e9s permettent de pr\u00e9venir les abus dont sont parfois victimes les enfants dans les pays d\u2019origine, de transit et d\u2019accueil.<\/p>\n<p>Le bailleur qu\u2019est l\u2019UNICEF et l\u2019ONG de mise en \u0153uvre si\u00e8gent p\u00e9riodiquement avec l\u2019ensemble des acteurs, pr\u00e9cise Mme Delphine Aurore Essa, pour passer en revue les r\u00e9alisations faites sur le terrain et apporter des am\u00e9liorations \u00e0 d\u2019\u00e9ventuels manquements constat\u00e9s. Ce panel permet de proposer des d\u00e9cisions qui permettent d\u2019am\u00e9liorer les conditions de vie de l\u2019enfant, aussi bien \u00e0 Agadez au Niger, qu\u2019\u00e0 l\u2019ext\u00e9rieur de cette ville et du pays parce que \u00abce panel a pour r\u00f4le de si\u00e9ger sur les solutions durables pour l\u2019enfant, notamment la r\u00e9installation qui peut \u00eatre \u00e0 l\u2019\u00e9tranger, la r\u00e9int\u00e9gration locale ou la r\u00e9unification familiale transfrontali\u00e8re\u00bb, indique-t-elle. Mme Delphine Aurore Essa plaide ainsi pour la poursuite de ce partenariat qu\u2019elle estime ad\u00e9quat au regard de son impact durable chez les enfants et les autorit\u00e9s r\u00e9gionales d\u2019Agadez.<\/p>\n<p>Le chef du service communal du d\u00e9veloppement et de l\u2019am\u00e9nagement du territoire, point focal communal du projet, abonde dans le m\u00eame sens que la cheffe de base d\u2019INTERSOS \u00e0 Agadez. Selon M. Abdoul-Razak Mamane Issaka, cette ONG, d\u00e8s son arriv\u00e9e, a opt\u00e9 pour une approche participative. \u00abElle travaille avec le maximum d\u2019acteurs de la commune et nous en tant que chef de service d\u00e9veloppement communautaire avons en charge l\u2019accompagnement des ONG dans ce qu\u2019elles font sur le terrain\u00bb, affirme-t-il, tout en se r\u00e9jouissant de la signature par INTERSOS d\u2019un protocole de mise en \u0153uvre du projet avant de d\u00e9marrer ses activit\u00e9s dans la r\u00e9gion d\u2019Agadez.<\/p>\n<p>Les \u00e9changes transversaux entre l\u2019Unicef, l\u2019ONG de mise en \u0153uvre et les services techniques r\u00e9gionaux de l\u2019Etat, reconnaissent l\u2019ensemble des acteurs, assurent une mise en \u0153uvre judicieuse des activit\u00e9s du projet d\u2019acc\u00e8s \u00e0 l\u2019\u00e9ducation et \u00e0 la formation professionnelle qui vise \u00e0 renforcer la r\u00e9silience et l\u2019int\u00e9gration des enfants et adolescents demandeurs d\u2019asile \u00e0 Agadez. \u00abOn a mis en place un comit\u00e9 de suivi au niveau de la commune, pr\u00e9sid\u00e9 par le maire et dont je suis le rapporteur. C\u2019est un comit\u00e9 qui tient des r\u00e9unions p\u00e9riodiques, qui fait la situation des activit\u00e9s qui sont r\u00e9alis\u00e9es sur le terrain. Ses membres effectuent \u00e9galement, de temps en temps, des missions de supervision pour constater de visu les r\u00e9alisations de l\u2019ONG sur le terrain\u00bb, r\u00e9v\u00e8le M. Abdoul-Razak Mamane Issaka, chef du service communal du d\u00e9veloppement et de l\u2019am\u00e9nagement du territoire et point focal communal du projet.<\/p>\n<p>Eduquer pour redonner confiance et mieux pr\u00e9parer l\u2019avenir<\/p>\n<p>Depuis le d\u00e9but de l\u2019insertion des enfants et adolescents demandeurs d\u2019asile qui a commenc\u00e9 \u00e0 partir de l\u2019ann\u00e9e 2019, une demi-douzaine d\u2019\u00e9coles de la ville d\u2019Agadez accueille les enfants de cette communaut\u00e9. La strat\u00e9gie adopt\u00e9e est de cr\u00e9er des classes passerelles pour mieux r\u00e9pondre aux besoins sp\u00e9cifiques des enfants demandeurs d\u2019asile et de les pr\u00e9parer \u00e0 int\u00e9grer des classes traditionnelles, en fonction de leurs connaissances. Il y\u2019a aussi la dotation des \u00e9coles partenaires en fournitures scolaires, en plus de la construction de nouvelles classes et la r\u00e9habilitation des anciennes. Toutes ces r\u00e9alisations ont permis d\u2019atteindre des r\u00e9sultats satisfaisants par le projet.<\/p>\n<p>Moussa Ousmane Moutassim et Boubacar Diakit\u00e9 sont deux (2) preuves vivantes du succ\u00e8s du projet \u00abAcc\u00e8s \u00e0 l\u2019\u00e9ducation et \u00e0 la formation professionnelle pour renforcer la r\u00e9silience et l\u2019int\u00e9gration des enfants et adolescents demandeurs d\u2019asile \u00e0 Agadez\u00bb financ\u00e9 par l\u2019Unicef. Le premier est un jeune soudanais de 11 ans qui \u00e9tudie \u00e0 l\u2019\u00e9cole Sabon Gari, en classe de CE1, alors que le second est un adolescent guin\u00e9en qui \u00e9tudie en 2\u00e8me ann\u00e9e de m\u00e9canique automobile au Centre de formation professionnelle (CFP) d\u2019Agadez. Cet enfant et cet adolescent, bien int\u00e9gr\u00e9s dans la communaut\u00e9 locale, sont cat\u00e9goriques : il n\u2019est point question, nous disent-ils, de retourner dans leurs pays et de revivre les horreurs qu\u2019ils ont v\u00e9cues.<\/p>\n<p>\u00abJe me sens en s\u00e9curit\u00e9 et j\u2019apprends des choses ici, comme la langue fran\u00e7aise. Je d\u00e9sire devenir m\u00e9decin ou magistrat apr\u00e8s mes \u00e9tudes\u00bb, confie Moussa Ousmane Moutassim, qui se montre particuli\u00e8rement reconnaissant envers ses bienfaiteurs, l\u2019Unicef et INTERSOS. Boubacar Diakit\u00e9 insiste lui sur son choix pour la formation en m\u00e9canique automobile. \u00abJ\u2019ai choisi ce m\u00e9tier parce que c\u2019est un m\u00e9tier qui me plait beaucoup et qui est porteur. Je l\u2019ai choisi personnellement. Personne ne m\u2019a impos\u00e9 de le faire\u00bb, d\u00e9clare-t-il fi\u00e8rement. Le r\u00eave de cet adolescent guin\u00e9en venu \u00e0 Agadez en 2020 est, une fois sa formation termin\u00e9e, d\u2019ouvrir son propre atelier de r\u00e9paration de v\u00e9hicules afin de gagner honn\u00eatement sa vie.<\/p>\n<p>Pour \u00e9quilibrer les chances, favoriser la coexistence pacifique et contribuer efficacement \u00e0 l\u2019int\u00e9gration des demandeurs d\u2019asile, le projet soutient \u00e9galement la scolarisation des enfants de la communaut\u00e9 h\u00f4te. Zaliha Ibrahim, une \u00e9tudiante en \u00e9lectricit\u00e9 de 20 ans qui a quitt\u00e9 le syst\u00e8me \u00e9ducatif traditionnel en classe de 5\u00e8me, fait partie du groupe des autochtones choisis pour b\u00e9n\u00e9ficier des avantages li\u00e9es \u00e0 la mise en \u0153uvre du projet, au m\u00eame titre que les demandeurs d\u2019asile. \u00abJe suis reconnaissante d\u2019apprendre l\u2019\u00e9lectricit\u00e9 ici, en tant que membre de la communaut\u00e9 locale. Je souhaite que quelques-uns de mes camarades de classe et moi-m\u00eame s\u2019associent pour cr\u00e9er quelque chose de durable dans le futur\u00bb, dit-elle. Les camarades de classe auxquels elle fait r\u00e9f\u00e9rence sont tous des gar\u00e7ons demandeurs d\u2019asile. Ce qui ne l\u2019emp\u00eache pas de faire un plaidoyer pour plus de filles dans le m\u00e9tier d\u2019\u00e9lectricien.<\/p>\n<p>Face \u00e0 de tels succ\u00e8s obtenus en si peu de temps, l\u2019inspecteur communal de l\u2019enseignement primaire d\u2019Agadez 1, M. Mahaman Ali, se dit satisfait de l\u2019intervention de l\u2019ONG INTERSOS au niveau de la communaut\u00e9 urbaine d\u2019Agadez. L\u2019exemple qui l\u2019a le plus marqu\u00e9, relate-t-il, est l\u2019int\u00e9gration des enfants demandeurs d\u2019asile qui fr\u00e9quentent l\u2019\u00e9cole Katanga de l\u2019inspection Agadez 1. Timides au d\u00e9but, ces enfants se sont rapidement adapt\u00e9s et \u00abont fini par avoir des relations tr\u00e8s \u00e9troites, non seulement avec les \u00e9l\u00e8ves, mais \u00e9galement avec les enseignants\u00bb, affirme-t-il, avec comme r\u00e9sultat final une 1\u00e8re de classe en CM1 issue de la communaut\u00e9 des demandeurs d\u2019asile. M. Mahaman Ali \u00e9num\u00e8re \u00e9galement les appuis multiformes apport\u00e9s dans le cadre du renforcement des capacit\u00e9s des enseignants et de l\u2019encadrement des conseillers p\u00e9dagogiques.<\/p>\n<p>Prot\u00e9ger les enfants et adolescents demandeurs d\u2019asile<\/p>\n<p>Pour mieux prot\u00e9ger les enfants, INTERSOS a mis en place, dans le cadre de l\u2019ex\u00e9cution du projet \u00abAcc\u00e8s \u00e0 l\u2019\u00e9ducation et \u00e0 la formation professionnelle pour renforcer la r\u00e9silience et l\u2019int\u00e9gration des enfants et adolescents demandeurs d\u2019asile \u00e0 Agadez\u00bb, un m\u00e9canisme complet de gestion et de prise en charge des plaintes des enfants \u00e2g\u00e9s de z\u00e9ro (0) \u00e0 dix-sept (17) ans. En plus des espaces de protection log\u00e9s \u00e0 l\u2019int\u00e9rieur du centre humanitaire et dans la ville, le projet financ\u00e9 par l\u2019Unicef a permis de mettre \u00e0 la disposition des enfants, un autre espace de protection d\u00e9nomm\u00e9 \u00abCase de protection\u00bb.<\/p>\n<p>Dans le processus de protection des enfants qui pr\u00e9sentent plus de vuln\u00e9rabilit\u00e9 par rapport \u00e0 leur camarade, la case de protection permet de fournir un logement ad\u00e9quat et de suivre le groupe cible, \u00e0 l\u2019\u00e9gard de toute influence n\u00e9gative. Le processus de relogement de ces enfants est assujetti \u00e0 l\u2019obtention d\u2019une ordonnance de placement d\u00e9livr\u00e9e par le juge des mineurs du tribunal de grande instance d\u2019Agadez. Ces enfants avec des conditions psychosociales ou sanitaires sp\u00e9cifiques gardent toujours leur libre arbitre une fois relog\u00e9s. Le personnel d\u2019encadrement \u00e9coute attentivement leurs avis, dans ce cas pr\u00e9cis, conform\u00e9ment aux r\u00e8gles de protection qui mettent l\u2019enfant au centre de toute prise de d\u00e9cision le concernant.<\/p>\n<p>A l\u2019int\u00e9rieur de l\u2019espace s\u00e9curis\u00e9 de la case de protection, une \u00e9quipe compl\u00e8te form\u00e9e de travailleurs sociaux, de formateurs et d\u2019un personnel domestique, veille \u00e0 ce que les enfants retrouvent confiance et surmontent leurs difficult\u00e9s personnelles. Pour y parvenir, les enfants de la case ont acc\u00e8s \u00e0 des jeux, des cours de langue fran\u00e7aise et de formation professionnelle, de m\u00eame qu\u2019a des sorties r\u00e9cr\u00e9atives. Ils y resteront dans cet espace douillet, s\u2019ils le d\u00e9sirent, jusqu\u2019\u00e0 ce que le psychologue pose un diagnostic favorable \u00e0 leur d\u00e9part vers les autres centres mis \u00e0 disposition des enfants et adolescents demandeurs d\u2019asile de la ville d\u2019Agadez.<\/p>\n<p>Mme Delphine Aurore Essa, cheffe de base INTERSOS \u00e0 Agadez, explique que la protection est entendue comme l\u2019ensemble des activit\u00e9s qui visent la pr\u00e9vention et la protection de toute exploitation ou abus sexuel \u00e0 l\u2019endroit des enfants. C\u2019est pourquoi, dans l\u2019int\u00e9r\u00eat sup\u00e9rieur de l\u2019enfant, un panel d\u2019outils a \u00e9t\u00e9 mis en place \u00e0 Agadez. Ce panel qui si\u00e8ge r\u00e9guli\u00e8rement en comit\u00e9, regroupe la brigade des mineurs, le juge des mineurs, les officiers de protection de l\u2019enfance de l\u2019Etat du Niger et les partenaires humanitaires que sont INTERSOS et l\u2019Unicef. Ce panel d\u00e9lib\u00e8re sur les dossiers des enfants qui n\u00e9cessitent une prise en charge sp\u00e9cifique.<\/p>\n<p>Ce m\u00e9canisme, pr\u00e9cise Mme Atti Tamari, travailleuse sociale au guichet unique d\u2019Agadez et point focal de la gestion des plaintes \u00e0 la direction r\u00e9gionale de protection des enfants, est une innovation mise enti\u00e8rement en \u0153uvre par l\u2019ONG INTERSOS, avec la participation de l\u2019Etat du Niger. Ce dernier, poursuit-elle, voudrait s\u2019assurer de la p\u00e9rennit\u00e9 d\u2019un tel m\u00e9canisme qui am\u00e9liore significativement la protection des enfants \u00e2g\u00e9s de 0 \u00e0 17ans. \u00abCe partenariat avec l\u2019ONG a renforc\u00e9 nos capacit\u00e9s. De m\u00eame, on est aussi outill\u00e9 en mat\u00e9riels de communication, ce qui nous permet de rapidement faire suivre les plaintes des enfants au comit\u00e9 mis en place\u00bb, dit-elle.<\/p>\n<p>La cheffe de base INTERSOS \u00e0 Agadez, se r\u00e9jouit ainsi que ce comit\u00e9 soit devenu un outil important utilis\u00e9 pour am\u00e9lioration les conditions de vie de l\u2019enfant dans la r\u00e9gion. \u00abComme nous l\u2019avons dit, les enfants font souvent l\u2019objet de probl\u00e8mes de violence bas\u00e9e sur le genre. Ils font aussi parfois l\u2019objet de maltraitance bas\u00e9e sur le genre. Ce comit\u00e9 permet de prendre des d\u00e9cisions qui ont pour impact d\u2019am\u00e9liorer les conditions de vie de l\u2019enfant\u00bb, d\u00e9clare Mme Delphine Aurore Essa. Elle fonde l\u2019espoir que le soutien de l\u2019Unicef sera maintenu pour continuer et p\u00e9renniser les acquis obtenus gr\u00e2ce au projet \u00abAcc\u00e8s \u00e0 l\u2019\u00e9ducation et \u00e0 la formation professionnelle pour renforcer la r\u00e9silience et l\u2019int\u00e9gration des enfants et adolescents demandeurs d\u2019asile \u00e0 Agadez\u00bb.<\/p>\n<p><b>\u00a0<\/b><\/p>\n","protected":false},"excerpt":{"rendered":"<p>Africa-Press &#8211; Niger. La ville d\u2019Agadez est un point strat\u00e9gique sur le trajet des demandeurs d\u2019asiles qui esp\u00e8rent gagner l\u2019Europe en passant par les c\u00f4tes Alg\u00e9riennes et Libyennes. Pour assurer la protection et l\u2019\u00e9ducation des enfants et adolescents demandeurs d\u2019asile dans la ville de transit, l\u2019ONG INTERSOS, sur financement de l\u2019Unicef, met en \u0153uvre un [&hellip;]<\/p>\n","protected":false},"author":82,"featured_media":10686,"comment_status":"open","ping_status":"closed","sticky":false,"template":"","format":"standard","meta":{"footnotes":""},"categories":[21,11,10],"tags":[55,60,29],"class_list":["post-10687","post","type-post","status-publish","format-standard","has-post-thumbnail","hentry","category-communaute","category-homepage-french","category-toutes-les-actualites","tag-africa-press","tag-africa-press-niger","tag-niger"],"yoast_head":"<!-- This site is optimized with the Yoast SEO Premium plugin v26.1 (Yoast SEO v27.0) - https:\/\/yoast.com\/product\/yoast-seo-premium-wordpress\/ -->\n<title>Education et protection en faveur des mineurs demandeurs d\u2019asile : L\u2019Unicef et INTERSOS renforcent la r\u00e9silience et l\u2019int\u00e9gration des mineurs demandeurs d\u2019asile en transit \u00e0 Agadez - niger<\/title>\n<meta name=\"description\" content=\"\ufeffLa ville d\u2019Agadez est un point strat\u00e9gique sur le trajet des demandeurs d\u2019asiles qui esp\u00e8rent gagner l\u2019Europe en passan ...\" \/>\n<meta name=\"robots\" content=\"index, follow, max-snippet:-1, max-image-preview:large, max-video-preview:-1\" \/>\n<link rel=\"canonical\" href=\"https:\/\/www.africa-press.net\/niger\/toutes-les-actualites\/education-et-protection-en-faveur-des-mineurs-demandeurs-dasile-lunicef-et-intersos-renforcent-la-resilience-et-lintegration-des-mineurs-demandeurs-dasile-en-tran\" \/>\n<meta property=\"og:locale\" content=\"fr_FR\" \/>\n<meta property=\"og:type\" content=\"article\" \/>\n<meta property=\"og:title\" content=\"Education et protection en faveur des mineurs demandeurs d\u2019asile : L\u2019Unicef et INTERSOS renforcent la r\u00e9silience et l\u2019int\u00e9gration des mineurs demandeurs d\u2019asile en transit \u00e0 Agadez\" \/>\n<meta property=\"og:description\" content=\"\ufeffLa ville d\u2019Agadez est un point strat\u00e9gique sur le trajet des demandeurs d\u2019asiles qui esp\u00e8rent gagner l\u2019Europe en passan ...\" \/>\n<meta property=\"og:url\" content=\"https:\/\/www.africa-press.net\/niger\/toutes-les-actualites\/education-et-protection-en-faveur-des-mineurs-demandeurs-dasile-lunicef-et-intersos-renforcent-la-resilience-et-lintegration-des-mineurs-demandeurs-dasile-en-tran\" \/>\n<meta property=\"og:site_name\" content=\"niger\" \/>\n<meta property=\"article:published_time\" content=\"2021-08-26T09:28:37+00:00\" \/>\n<meta property=\"article:modified_time\" content=\"2021-08-26T18:56:48+00:00\" \/>\n<meta property=\"og:image\" content=\"https:\/\/static.africa-press.net\/niger\/sites\/40\/2021\/08\/img-61275d8ed0d65.jpg\" \/>\n\t<meta property=\"og:image:width\" content=\"720\" \/>\n\t<meta property=\"og:image:height\" content=\"433\" \/>\n\t<meta property=\"og:image:type\" content=\"image\/jpeg\" \/>\n<meta name=\"author\" content=\"cfeditorfr\" \/>\n<meta name=\"twitter:card\" content=\"summary_large_image\" \/>\n<meta name=\"twitter:label1\" content=\"\u00c9crit par\" \/>\n\t<meta name=\"twitter:data1\" content=\"cfeditorfr\" \/>\n\t<meta name=\"twitter:label2\" content=\"Dur\u00e9e de lecture estim\u00e9e\" \/>\n\t<meta name=\"twitter:data2\" content=\"12 minutes\" \/>\n<script type=\"application\/ld+json\" class=\"yoast-schema-graph\">{\"@context\":\"https:\/\/schema.org\",\"@graph\":[{\"@type\":\"Article\",\"@id\":\"https:\/\/www.africa-press.net\/niger\/toutes-les-actualites\/education-et-protection-en-faveur-des-mineurs-demandeurs-dasile-lunicef-et-intersos-renforcent-la-resilience-et-lintegration-des-mineurs-demandeurs-dasile-en-tran#article\",\"isPartOf\":{\"@id\":\"https:\/\/www.africa-press.net\/niger\/toutes-les-actualites\/education-et-protection-en-faveur-des-mineurs-demandeurs-dasile-lunicef-et-intersos-renforcent-la-resilience-et-lintegration-des-mineurs-demandeurs-dasile-en-tran\"},\"author\":{\"name\":\"cfeditorfr\",\"@id\":\"https:\/\/www.africa-press.net\/niger\/#\/schema\/person\/2b1cf3cd81a31e3cd26889ca66d677f1\"},\"headline\":\"Education et protection en faveur des mineurs demandeurs d\u2019asile : L\u2019Unicef et INTERSOS renforcent la r\u00e9silience et l\u2019int\u00e9gration des mineurs demandeurs d\u2019asile en transit \u00e0 Agadez\",\"datePublished\":\"2021-08-26T09:28:37+00:00\",\"dateModified\":\"2021-08-26T18:56:48+00:00\",\"mainEntityOfPage\":{\"@id\":\"https:\/\/www.africa-press.net\/niger\/toutes-les-actualites\/education-et-protection-en-faveur-des-mineurs-demandeurs-dasile-lunicef-et-intersos-renforcent-la-resilience-et-lintegration-des-mineurs-demandeurs-dasile-en-tran\"},\"wordCount\":2366,\"commentCount\":0,\"image\":{\"@id\":\"https:\/\/www.africa-press.net\/niger\/toutes-les-actualites\/education-et-protection-en-faveur-des-mineurs-demandeurs-dasile-lunicef-et-intersos-renforcent-la-resilience-et-lintegration-des-mineurs-demandeurs-dasile-en-tran#primaryimage\"},\"thumbnailUrl\":\"https:\/\/static.africa-press.net\/niger\/sites\/40\/2021\/08\/img-61275d8ed0d65.jpg\",\"keywords\":[\"Africa Press\",\"Africa Press-Niger\",\"Niger\"],\"articleSection\":[\"Communaut\u00e9\",\"homepage-french\",\"Toutes les actualit\u00e9s\"],\"inLanguage\":\"fr-FR\",\"potentialAction\":[{\"@type\":\"CommentAction\",\"name\":\"Comment\",\"target\":[\"https:\/\/www.africa-press.net\/niger\/toutes-les-actualites\/education-et-protection-en-faveur-des-mineurs-demandeurs-dasile-lunicef-et-intersos-renforcent-la-resilience-et-lintegration-des-mineurs-demandeurs-dasile-en-tran#respond\"]}]},{\"@type\":\"WebPage\",\"@id\":\"https:\/\/www.africa-press.net\/niger\/toutes-les-actualites\/education-et-protection-en-faveur-des-mineurs-demandeurs-dasile-lunicef-et-intersos-renforcent-la-resilience-et-lintegration-des-mineurs-demandeurs-dasile-en-tran\",\"url\":\"https:\/\/www.africa-press.net\/niger\/toutes-les-actualites\/education-et-protection-en-faveur-des-mineurs-demandeurs-dasile-lunicef-et-intersos-renforcent-la-resilience-et-lintegration-des-mineurs-demandeurs-dasile-en-tran\",\"name\":\"Education et protection en faveur des mineurs demandeurs d\u2019asile : L\u2019Unicef et INTERSOS renforcent la r\u00e9silience et l\u2019int\u00e9gration des mineurs demandeurs d\u2019asile en transit \u00e0 Agadez - niger\",\"isPartOf\":{\"@id\":\"https:\/\/www.africa-press.net\/niger\/#website\"},\"primaryImageOfPage\":{\"@id\":\"https:\/\/www.africa-press.net\/niger\/toutes-les-actualites\/education-et-protection-en-faveur-des-mineurs-demandeurs-dasile-lunicef-et-intersos-renforcent-la-resilience-et-lintegration-des-mineurs-demandeurs-dasile-en-tran#primaryimage\"},\"image\":{\"@id\":\"https:\/\/www.africa-press.net\/niger\/toutes-les-actualites\/education-et-protection-en-faveur-des-mineurs-demandeurs-dasile-lunicef-et-intersos-renforcent-la-resilience-et-lintegration-des-mineurs-demandeurs-dasile-en-tran#primaryimage\"},\"thumbnailUrl\":\"https:\/\/static.africa-press.net\/niger\/sites\/40\/2021\/08\/img-61275d8ed0d65.jpg\",\"datePublished\":\"2021-08-26T09:28:37+00:00\",\"dateModified\":\"2021-08-26T18:56:48+00:00\",\"author\":{\"@id\":\"https:\/\/www.africa-press.net\/niger\/#\/schema\/person\/2b1cf3cd81a31e3cd26889ca66d677f1\"},\"description\":\"\ufeffLa ville d\u2019Agadez est un point strat\u00e9gique sur le trajet des demandeurs d\u2019asiles qui esp\u00e8rent gagner l\u2019Europe en passan ...\",\"breadcrumb\":{\"@id\":\"https:\/\/www.africa-press.net\/niger\/toutes-les-actualites\/education-et-protection-en-faveur-des-mineurs-demandeurs-dasile-lunicef-et-intersos-renforcent-la-resilience-et-lintegration-des-mineurs-demandeurs-dasile-en-tran#breadcrumb\"},\"inLanguage\":\"fr-FR\",\"potentialAction\":[{\"@type\":\"ReadAction\",\"target\":[\"https:\/\/www.africa-press.net\/niger\/toutes-les-actualites\/education-et-protection-en-faveur-des-mineurs-demandeurs-dasile-lunicef-et-intersos-renforcent-la-resilience-et-lintegration-des-mineurs-demandeurs-dasile-en-tran\"]}]},{\"@type\":\"ImageObject\",\"inLanguage\":\"fr-FR\",\"@id\":\"https:\/\/www.africa-press.net\/niger\/toutes-les-actualites\/education-et-protection-en-faveur-des-mineurs-demandeurs-dasile-lunicef-et-intersos-renforcent-la-resilience-et-lintegration-des-mineurs-demandeurs-dasile-en-tran#primaryimage\",\"url\":\"https:\/\/static.africa-press.net\/niger\/sites\/40\/2021\/08\/img-61275d8ed0d65.jpg\",\"contentUrl\":\"https:\/\/static.africa-press.net\/niger\/sites\/40\/2021\/08\/img-61275d8ed0d65.jpg\",\"width\":720,\"height\":433,\"caption\":\"Education et protection en faveur des mineurs demandeurs d\u2019asile : L\u2019Unicef et INTERSOS renforcent la r\u00e9silience et l\u2019int\u00e9gration des mineurs demandeurs d\u2019asile en transit \u00e0 Agadez\"},{\"@type\":\"BreadcrumbList\",\"@id\":\"https:\/\/www.africa-press.net\/niger\/toutes-les-actualites\/education-et-protection-en-faveur-des-mineurs-demandeurs-dasile-lunicef-et-intersos-renforcent-la-resilience-et-lintegration-des-mineurs-demandeurs-dasile-en-tran#breadcrumb\",\"itemListElement\":[{\"@type\":\"ListItem\",\"position\":1,\"name\":\"Accueil\",\"item\":\"https:\/\/www.africa-press.net\/niger\/\"},{\"@type\":\"ListItem\",\"position\":2,\"name\":\"Education et protection en faveur des mineurs demandeurs d\u2019asile : L\u2019Unicef et INTERSOS renforcent la r\u00e9silience et l\u2019int\u00e9gration des mineurs demandeurs d\u2019asile en transit \u00e0 Agadez\"}]},{\"@type\":\"WebSite\",\"@id\":\"https:\/\/www.africa-press.net\/niger\/#website\",\"url\":\"https:\/\/www.africa-press.net\/niger\/\",\"name\":\"niger\",\"description\":\"Just another Africa News Agency Sites site\",\"potentialAction\":[{\"@type\":\"SearchAction\",\"target\":{\"@type\":\"EntryPoint\",\"urlTemplate\":\"https:\/\/www.africa-press.net\/niger\/?s={search_term_string}\"},\"query-input\":{\"@type\":\"PropertyValueSpecification\",\"valueRequired\":true,\"valueName\":\"search_term_string\"}}],\"inLanguage\":\"fr-FR\"},{\"@type\":\"Person\",\"@id\":\"https:\/\/www.africa-press.net\/niger\/#\/schema\/person\/2b1cf3cd81a31e3cd26889ca66d677f1\",\"name\":\"cfeditorfr\"}]}<\/script>\n<!-- \/ Yoast SEO Premium plugin. -->","yoast_head_json":{"title":"Education et protection en faveur des mineurs demandeurs d\u2019asile : L\u2019Unicef et INTERSOS renforcent la r\u00e9silience et l\u2019int\u00e9gration des mineurs demandeurs d\u2019asile en transit \u00e0 Agadez - niger","description":"\ufeffLa ville d\u2019Agadez est un point strat\u00e9gique sur le trajet des demandeurs d\u2019asiles qui esp\u00e8rent gagner l\u2019Europe en passan ...","robots":{"index":"index","follow":"follow","max-snippet":"max-snippet:-1","max-image-preview":"max-image-preview:large","max-video-preview":"max-video-preview:-1"},"canonical":"https:\/\/www.africa-press.net\/niger\/toutes-les-actualites\/education-et-protection-en-faveur-des-mineurs-demandeurs-dasile-lunicef-et-intersos-renforcent-la-resilience-et-lintegration-des-mineurs-demandeurs-dasile-en-tran","og_locale":"fr_FR","og_type":"article","og_title":"Education et protection en faveur des mineurs demandeurs d\u2019asile : L\u2019Unicef et INTERSOS renforcent la r\u00e9silience et l\u2019int\u00e9gration des mineurs demandeurs d\u2019asile en transit \u00e0 Agadez","og_description":"\ufeffLa ville d\u2019Agadez est un point strat\u00e9gique sur le trajet des demandeurs d\u2019asiles qui esp\u00e8rent gagner l\u2019Europe en passan ...","og_url":"https:\/\/www.africa-press.net\/niger\/toutes-les-actualites\/education-et-protection-en-faveur-des-mineurs-demandeurs-dasile-lunicef-et-intersos-renforcent-la-resilience-et-lintegration-des-mineurs-demandeurs-dasile-en-tran","og_site_name":"niger","article_published_time":"2021-08-26T09:28:37+00:00","article_modified_time":"2021-08-26T18:56:48+00:00","og_image":[{"width":720,"height":433,"url":"https:\/\/static.africa-press.net\/niger\/sites\/40\/2021\/08\/img-61275d8ed0d65.jpg","type":"image\/jpeg"}],"author":"cfeditorfr","twitter_card":"summary_large_image","twitter_misc":{"\u00c9crit par":"cfeditorfr","Dur\u00e9e de lecture estim\u00e9e":"12 minutes"},"schema":{"@context":"https:\/\/schema.org","@graph":[{"@type":"Article","@id":"https:\/\/www.africa-press.net\/niger\/toutes-les-actualites\/education-et-protection-en-faveur-des-mineurs-demandeurs-dasile-lunicef-et-intersos-renforcent-la-resilience-et-lintegration-des-mineurs-demandeurs-dasile-en-tran#article","isPartOf":{"@id":"https:\/\/www.africa-press.net\/niger\/toutes-les-actualites\/education-et-protection-en-faveur-des-mineurs-demandeurs-dasile-lunicef-et-intersos-renforcent-la-resilience-et-lintegration-des-mineurs-demandeurs-dasile-en-tran"},"author":{"name":"cfeditorfr","@id":"https:\/\/www.africa-press.net\/niger\/#\/schema\/person\/2b1cf3cd81a31e3cd26889ca66d677f1"},"headline":"Education et protection en faveur des mineurs demandeurs d\u2019asile : L\u2019Unicef et INTERSOS renforcent la r\u00e9silience et l\u2019int\u00e9gration des mineurs demandeurs d\u2019asile en transit \u00e0 Agadez","datePublished":"2021-08-26T09:28:37+00:00","dateModified":"2021-08-26T18:56:48+00:00","mainEntityOfPage":{"@id":"https:\/\/www.africa-press.net\/niger\/toutes-les-actualites\/education-et-protection-en-faveur-des-mineurs-demandeurs-dasile-lunicef-et-intersos-renforcent-la-resilience-et-lintegration-des-mineurs-demandeurs-dasile-en-tran"},"wordCount":2366,"commentCount":0,"image":{"@id":"https:\/\/www.africa-press.net\/niger\/toutes-les-actualites\/education-et-protection-en-faveur-des-mineurs-demandeurs-dasile-lunicef-et-intersos-renforcent-la-resilience-et-lintegration-des-mineurs-demandeurs-dasile-en-tran#primaryimage"},"thumbnailUrl":"https:\/\/static.africa-press.net\/niger\/sites\/40\/2021\/08\/img-61275d8ed0d65.jpg","keywords":["Africa Press","Africa Press-Niger","Niger"],"articleSection":["Communaut\u00e9","homepage-french","Toutes les actualit\u00e9s"],"inLanguage":"fr-FR","potentialAction":[{"@type":"CommentAction","name":"Comment","target":["https:\/\/www.africa-press.net\/niger\/toutes-les-actualites\/education-et-protection-en-faveur-des-mineurs-demandeurs-dasile-lunicef-et-intersos-renforcent-la-resilience-et-lintegration-des-mineurs-demandeurs-dasile-en-tran#respond"]}]},{"@type":"WebPage","@id":"https:\/\/www.africa-press.net\/niger\/toutes-les-actualites\/education-et-protection-en-faveur-des-mineurs-demandeurs-dasile-lunicef-et-intersos-renforcent-la-resilience-et-lintegration-des-mineurs-demandeurs-dasile-en-tran","url":"https:\/\/www.africa-press.net\/niger\/toutes-les-actualites\/education-et-protection-en-faveur-des-mineurs-demandeurs-dasile-lunicef-et-intersos-renforcent-la-resilience-et-lintegration-des-mineurs-demandeurs-dasile-en-tran","name":"Education et protection en faveur des mineurs demandeurs d\u2019asile : L\u2019Unicef et INTERSOS renforcent la r\u00e9silience et l\u2019int\u00e9gration des mineurs demandeurs d\u2019asile en transit \u00e0 Agadez - niger","isPartOf":{"@id":"https:\/\/www.africa-press.net\/niger\/#website"},"primaryImageOfPage":{"@id":"https:\/\/www.africa-press.net\/niger\/toutes-les-actualites\/education-et-protection-en-faveur-des-mineurs-demandeurs-dasile-lunicef-et-intersos-renforcent-la-resilience-et-lintegration-des-mineurs-demandeurs-dasile-en-tran#primaryimage"},"image":{"@id":"https:\/\/www.africa-press.net\/niger\/toutes-les-actualites\/education-et-protection-en-faveur-des-mineurs-demandeurs-dasile-lunicef-et-intersos-renforcent-la-resilience-et-lintegration-des-mineurs-demandeurs-dasile-en-tran#primaryimage"},"thumbnailUrl":"https:\/\/static.africa-press.net\/niger\/sites\/40\/2021\/08\/img-61275d8ed0d65.jpg","datePublished":"2021-08-26T09:28:37+00:00","dateModified":"2021-08-26T18:56:48+00:00","author":{"@id":"https:\/\/www.africa-press.net\/niger\/#\/schema\/person\/2b1cf3cd81a31e3cd26889ca66d677f1"},"description":"\ufeffLa ville d\u2019Agadez est un point strat\u00e9gique sur le trajet des demandeurs d\u2019asiles qui esp\u00e8rent gagner l\u2019Europe en passan ...","breadcrumb":{"@id":"https:\/\/www.africa-press.net\/niger\/toutes-les-actualites\/education-et-protection-en-faveur-des-mineurs-demandeurs-dasile-lunicef-et-intersos-renforcent-la-resilience-et-lintegration-des-mineurs-demandeurs-dasile-en-tran#breadcrumb"},"inLanguage":"fr-FR","potentialAction":[{"@type":"ReadAction","target":["https:\/\/www.africa-press.net\/niger\/toutes-les-actualites\/education-et-protection-en-faveur-des-mineurs-demandeurs-dasile-lunicef-et-intersos-renforcent-la-resilience-et-lintegration-des-mineurs-demandeurs-dasile-en-tran"]}]},{"@type":"ImageObject","inLanguage":"fr-FR","@id":"https:\/\/www.africa-press.net\/niger\/toutes-les-actualites\/education-et-protection-en-faveur-des-mineurs-demandeurs-dasile-lunicef-et-intersos-renforcent-la-resilience-et-lintegration-des-mineurs-demandeurs-dasile-en-tran#primaryimage","url":"https:\/\/static.africa-press.net\/niger\/sites\/40\/2021\/08\/img-61275d8ed0d65.jpg","contentUrl":"https:\/\/static.africa-press.net\/niger\/sites\/40\/2021\/08\/img-61275d8ed0d65.jpg","width":720,"height":433,"caption":"Education et protection en faveur des mineurs demandeurs d\u2019asile : L\u2019Unicef et INTERSOS renforcent la r\u00e9silience et l\u2019int\u00e9gration des mineurs demandeurs d\u2019asile en transit \u00e0 Agadez"},{"@type":"BreadcrumbList","@id":"https:\/\/www.africa-press.net\/niger\/toutes-les-actualites\/education-et-protection-en-faveur-des-mineurs-demandeurs-dasile-lunicef-et-intersos-renforcent-la-resilience-et-lintegration-des-mineurs-demandeurs-dasile-en-tran#breadcrumb","itemListElement":[{"@type":"ListItem","position":1,"name":"Accueil","item":"https:\/\/www.africa-press.net\/niger\/"},{"@type":"ListItem","position":2,"name":"Education et protection en faveur des mineurs demandeurs d\u2019asile : L\u2019Unicef et INTERSOS renforcent la r\u00e9silience et l\u2019int\u00e9gration des mineurs demandeurs d\u2019asile en transit \u00e0 Agadez"}]},{"@type":"WebSite","@id":"https:\/\/www.africa-press.net\/niger\/#website","url":"https:\/\/www.africa-press.net\/niger\/","name":"niger","description":"Just another Africa News Agency Sites site","potentialAction":[{"@type":"SearchAction","target":{"@type":"EntryPoint","urlTemplate":"https:\/\/www.africa-press.net\/niger\/?s={search_term_string}"},"query-input":{"@type":"PropertyValueSpecification","valueRequired":true,"valueName":"search_term_string"}}],"inLanguage":"fr-FR"},{"@type":"Person","@id":"https:\/\/www.africa-press.net\/niger\/#\/schema\/person\/2b1cf3cd81a31e3cd26889ca66d677f1","name":"cfeditorfr"}]}},"_links":{"self":[{"href":"https:\/\/www.africa-press.net\/niger\/wp-json\/wp\/v2\/posts\/10687","targetHints":{"allow":["GET"]}}],"collection":[{"href":"https:\/\/www.africa-press.net\/niger\/wp-json\/wp\/v2\/posts"}],"about":[{"href":"https:\/\/www.africa-press.net\/niger\/wp-json\/wp\/v2\/types\/post"}],"author":[{"embeddable":true,"href":"https:\/\/www.africa-press.net\/niger\/wp-json\/wp\/v2\/users\/82"}],"replies":[{"embeddable":true,"href":"https:\/\/www.africa-press.net\/niger\/wp-json\/wp\/v2\/comments?post=10687"}],"version-history":[{"count":0,"href":"https:\/\/www.africa-press.net\/niger\/wp-json\/wp\/v2\/posts\/10687\/revisions"}],"wp:featuredmedia":[{"embeddable":true,"href":"https:\/\/www.africa-press.net\/niger\/wp-json\/wp\/v2\/media\/10686"}],"wp:attachment":[{"href":"https:\/\/www.africa-press.net\/niger\/wp-json\/wp\/v2\/media?parent=10687"}],"wp:term":[{"taxonomy":"category","embeddable":true,"href":"https:\/\/www.africa-press.net\/niger\/wp-json\/wp\/v2\/categories?post=10687"},{"taxonomy":"post_tag","embeddable":true,"href":"https:\/\/www.africa-press.net\/niger\/wp-json\/wp\/v2\/tags?post=10687"}],"curies":[{"name":"wp","href":"https:\/\/api.w.org\/{rel}","templated":true}]}}