{"id":10690,"date":"2021-08-26T09:32:18","date_gmt":"2021-08-26T09:32:18","guid":{"rendered":"https:\/\/www.africa-press.net\/niger\/?p=10690"},"modified":"2021-08-26T18:56:34","modified_gmt":"2021-08-26T18:56:34","slug":"visite-des-parlementaires-a-balleyara-les-femmes-deputees-au-chevet-de-deux-personnes-agees-victimes-dincendie","status":"publish","type":"post","link":"https:\/\/www.africa-press.net\/niger\/toutes-les-actualites\/visite-des-parlementaires-a-balleyara-les-femmes-deputees-au-chevet-de-deux-personnes-agees-victimes-dincendie","title":{"rendered":"Visite des parlementaires \u00e0 Ball\u00e9yara : Les femmes d\u00e9put\u00e9es au chevet de deux personnes \u00e2g\u00e9es victimes d\u2019incendie"},"content":{"rendered":"<p><span style=\"color: #ff6600\"><strong><a href=\"https:\/\/www.africa-press.net\/\">Africa-Press<\/a> &#8211; <a href=\"https:\/\/www.africa-press.net\/niger\">Niger<\/a>. <\/strong><\/span>La 2\u00e8me vice-pr\u00e9sidente de l\u2019Assembl\u00e9e Nationale, pr\u00e9sidente d\u2019honneur du r\u00e9seau des femmes parlementaires du Niger, honorable Hadiza Seyni Zarmakoye a conduit hier une mission d\u2019assistance, compos\u00e9e des membres dudit r\u00e9seau dans la commune de Tagazar \u00e0 Balleyara. L\u2019objectif du d\u00e9placement est d\u2019aller apporter leur soutien aux deux vieilles dames victimes d\u2019incendie dont une vid\u00e9o circulait sur les r\u00e9seaux sociaux sugg\u00e9rant que les deux dames \u00e2g\u00e9es auraient \u00e9t\u00e9 abandonn\u00e9es \u00e0 leur sort par leurs familles et la soci\u00e9t\u00e9. La d\u00e9l\u00e9gation des femmes d\u00e9put\u00e9es compos\u00e9e de la pr\u00e9sidente du r\u00e9seau des femmes parlementaires du Niger, Dr. Rabi Ma\u00eftournam Moustapha et de plusieurs membres, est all\u00e9e constater de visu la situation des victimes.<\/p>\n<p>Sur place, le pr\u00e9fet du d\u00e9partement de Balleyara a expliqu\u00e9 que, les derni\u00e8res pluies diluviennes ont occasionn\u00e9 l\u2019inondation ayant affect\u00e9 53 m\u00e9nages dont les maisons de ses deux femmes victimes. Les deux personnes \u00e2g\u00e9es en question se sont install\u00e9es dans un quartier de la ville de Balleyara dans des cases en paillottes o\u00f9 un incendie a ravag\u00e9 leur hutte. \u00abElles n\u2019ont jamais \u00e9t\u00e9 abandonn\u00e9es par l\u2019administration. Elles ont toujours \u00e9t\u00e9 prises en compte dans les aides et appuis aux sinistr\u00e9s, d\u00e9p\u00each\u00e9es par le Minist\u00e8re charg\u00e9 de l\u2019Action humanitaire\u00bb, a pr\u00e9cis\u00e9 M. Amadou Amidou, pr\u00e9fet du d\u00e9partement de Balleyara avant de qualifier de \u2018\u2019sensationnelle\u2019\u2019 la vid\u00e9o qui circule sur les r\u00e9seaux sociaux.<\/p>\n<p>Selon lui, il y avait un garde national qui apportait depuis 4 ans une assistance \u00e0 Adama Siddo et Zeynabou Alkache, les deux victimes en question qui \u00e9taient des amies depuis leur jeunesse et sans enfants. \u00ab En suivant la vid\u00e9o, on constate que l\u2019interview a \u00e9t\u00e9 bien guid\u00e9e. Pr\u00e9sentement nous avons vu leurs parents. Certains vivent ici \u00e0 Balleyara et d\u2019autres sont \u00e0 Niamey. Apr\u00e8s la diffusion de la vid\u00e9o, nous avions convoqu\u00e9 leurs parents pour assister les vieilles dames. M\u00eame s\u2019il y a un probl\u00e8me socioculturel, on n\u2019abandonne pas un \u00eatre humain, comme ces femmes \u00e2g\u00e9es\u00bb, a-t-il d\u00e9clar\u00e9.<\/p>\n<p>Les femmes parlementaires touch\u00e9es par la vid\u00e9o qui circule sur les r\u00e9seaux sociaux ont agi en tant que filles et m\u00e8res pour apporter de l\u2019assistance \u00e0 ces victimes. Selon la d\u00e9put\u00e9e Hadiza Seyni Zarmakoye, il existe une nette diff\u00e9rence d\u2019information sur cette situation par rapport \u00e0 la r\u00e9alit\u00e9. \u00abEn tant que, responsables, nous sommes venues r\u00e9tablir les faits en visitant les deux vieilles dames, qui se portent tr\u00e8s bien d\u2019ailleurs et ont trouv\u00e9 de l\u2019aide partout\u00bb, a-t-elle d\u00e9clar\u00e9.<\/p>\n<p>Elle a ensuite expliqu\u00e9 que ces vieilles femmes sont assist\u00e9es par un garde r\u00e9publicain pour des raisons sociales depuis quatre ans. C\u2019est lui qui a soign\u00e9 les plaies d\u2019une des vieilles dames bless\u00e9e dans l\u2019incendie. \u00abDans les kits, les coll\u00e8gues m\u00e9decins ont mis des produits m\u00e9dicaux pour le traitement des plaies qui, selon elle, sont d\u00e9j\u00e0 cicatris\u00e9es\u00bb, a-t-elle ajout\u00e9. Enfin la 2\u00e8me vice-pr\u00e9sidente a r\u00e9uni les parents des deux femmes pour leur prodiguer des conseils afin de bien entretenir ces femmes presque abandonn\u00e9es par leurs familles.<\/p>\n<p><b>\u00a0<\/b><\/p>\n","protected":false},"excerpt":{"rendered":"<p>Africa-Press &#8211; Niger. La 2\u00e8me vice-pr\u00e9sidente de l\u2019Assembl\u00e9e Nationale, pr\u00e9sidente d\u2019honneur du r\u00e9seau des femmes parlementaires du Niger, honorable Hadiza Seyni Zarmakoye a conduit hier une mission d\u2019assistance, compos\u00e9e des membres dudit r\u00e9seau dans la commune de Tagazar \u00e0 Balleyara. L\u2019objectif du d\u00e9placement est d\u2019aller apporter leur soutien aux deux vieilles dames victimes d\u2019incendie dont [&hellip;]<\/p>\n","protected":false},"author":82,"featured_media":10689,"comment_status":"open","ping_status":"closed","sticky":false,"template":"","format":"standard","meta":{"footnotes":""},"categories":[21,11,10],"tags":[55,60,29],"class_list":["post-10690","post","type-post","status-publish","format-standard","has-post-thumbnail","hentry","category-communaute","category-homepage-french","category-toutes-les-actualites","tag-africa-press","tag-africa-press-niger","tag-niger"],"yoast_head":"<!-- This site is optimized with the Yoast SEO Premium plugin v26.1 (Yoast SEO v27.0) - https:\/\/yoast.com\/product\/yoast-seo-premium-wordpress\/ -->\n<title>Visite des parlementaires \u00e0 Ball\u00e9yara : Les femmes d\u00e9put\u00e9es au chevet de deux personnes \u00e2g\u00e9es victimes d\u2019incendie - niger<\/title>\n<meta name=\"description\" content=\"\ufeffLa 2\u00e8me vice-pr\u00e9sidente de l\u2019Assembl\u00e9e Nationale, pr\u00e9sidente d\u2019honneur du r\u00e9seau des femmes parlementaires du Niger, ho ...\" \/>\n<meta name=\"robots\" content=\"index, follow, max-snippet:-1, max-image-preview:large, max-video-preview:-1\" \/>\n<link rel=\"canonical\" href=\"https:\/\/www.africa-press.net\/niger\/toutes-les-actualites\/visite-des-parlementaires-a-balleyara-les-femmes-deputees-au-chevet-de-deux-personnes-agees-victimes-dincendie\" \/>\n<meta property=\"og:locale\" content=\"fr_FR\" \/>\n<meta property=\"og:type\" content=\"article\" \/>\n<meta property=\"og:title\" content=\"Visite des parlementaires \u00e0 Ball\u00e9yara : Les femmes d\u00e9put\u00e9es au chevet de deux personnes \u00e2g\u00e9es victimes d\u2019incendie\" \/>\n<meta property=\"og:description\" content=\"\ufeffLa 2\u00e8me vice-pr\u00e9sidente de l\u2019Assembl\u00e9e Nationale, pr\u00e9sidente d\u2019honneur du r\u00e9seau des femmes parlementaires du Niger, ho ...\" \/>\n<meta property=\"og:url\" content=\"https:\/\/www.africa-press.net\/niger\/toutes-les-actualites\/visite-des-parlementaires-a-balleyara-les-femmes-deputees-au-chevet-de-deux-personnes-agees-victimes-dincendie\" \/>\n<meta property=\"og:site_name\" content=\"niger\" \/>\n<meta property=\"article:published_time\" content=\"2021-08-26T09:32:18+00:00\" \/>\n<meta property=\"article:modified_time\" content=\"2021-08-26T18:56:34+00:00\" \/>\n<meta property=\"og:image\" content=\"https:\/\/static.africa-press.net\/niger\/sites\/40\/2021\/08\/img-61275db498899.jpg\" \/>\n\t<meta property=\"og:image:width\" content=\"720\" \/>\n\t<meta property=\"og:image:height\" content=\"419\" \/>\n\t<meta property=\"og:image:type\" content=\"image\/jpeg\" \/>\n<meta name=\"author\" content=\"cfeditorfr\" \/>\n<meta name=\"twitter:card\" content=\"summary_large_image\" \/>\n<meta name=\"twitter:label1\" content=\"\u00c9crit par\" \/>\n\t<meta name=\"twitter:data1\" content=\"cfeditorfr\" \/>\n\t<meta name=\"twitter:label2\" content=\"Dur\u00e9e de lecture estim\u00e9e\" \/>\n\t<meta name=\"twitter:data2\" content=\"3 minutes\" \/>\n<script type=\"application\/ld+json\" class=\"yoast-schema-graph\">{\"@context\":\"https:\/\/schema.org\",\"@graph\":[{\"@type\":\"Article\",\"@id\":\"https:\/\/www.africa-press.net\/niger\/toutes-les-actualites\/visite-des-parlementaires-a-balleyara-les-femmes-deputees-au-chevet-de-deux-personnes-agees-victimes-dincendie#article\",\"isPartOf\":{\"@id\":\"https:\/\/www.africa-press.net\/niger\/toutes-les-actualites\/visite-des-parlementaires-a-balleyara-les-femmes-deputees-au-chevet-de-deux-personnes-agees-victimes-dincendie\"},\"author\":{\"name\":\"cfeditorfr\",\"@id\":\"https:\/\/www.africa-press.net\/niger\/#\/schema\/person\/2b1cf3cd81a31e3cd26889ca66d677f1\"},\"headline\":\"Visite des parlementaires \u00e0 Ball\u00e9yara : Les femmes d\u00e9put\u00e9es au chevet de deux personnes \u00e2g\u00e9es victimes d\u2019incendie\",\"datePublished\":\"2021-08-26T09:32:18+00:00\",\"dateModified\":\"2021-08-26T18:56:34+00:00\",\"mainEntityOfPage\":{\"@id\":\"https:\/\/www.africa-press.net\/niger\/toutes-les-actualites\/visite-des-parlementaires-a-balleyara-les-femmes-deputees-au-chevet-de-deux-personnes-agees-victimes-dincendie\"},\"wordCount\":589,\"commentCount\":0,\"image\":{\"@id\":\"https:\/\/www.africa-press.net\/niger\/toutes-les-actualites\/visite-des-parlementaires-a-balleyara-les-femmes-deputees-au-chevet-de-deux-personnes-agees-victimes-dincendie#primaryimage\"},\"thumbnailUrl\":\"https:\/\/static.africa-press.net\/niger\/sites\/40\/2021\/08\/img-61275db498899.jpg\",\"keywords\":[\"Africa Press\",\"Africa Press-Niger\",\"Niger\"],\"articleSection\":[\"Communaut\u00e9\",\"homepage-french\",\"Toutes les actualit\u00e9s\"],\"inLanguage\":\"fr-FR\",\"potentialAction\":[{\"@type\":\"CommentAction\",\"name\":\"Comment\",\"target\":[\"https:\/\/www.africa-press.net\/niger\/toutes-les-actualites\/visite-des-parlementaires-a-balleyara-les-femmes-deputees-au-chevet-de-deux-personnes-agees-victimes-dincendie#respond\"]}]},{\"@type\":\"WebPage\",\"@id\":\"https:\/\/www.africa-press.net\/niger\/toutes-les-actualites\/visite-des-parlementaires-a-balleyara-les-femmes-deputees-au-chevet-de-deux-personnes-agees-victimes-dincendie\",\"url\":\"https:\/\/www.africa-press.net\/niger\/toutes-les-actualites\/visite-des-parlementaires-a-balleyara-les-femmes-deputees-au-chevet-de-deux-personnes-agees-victimes-dincendie\",\"name\":\"Visite des parlementaires \u00e0 Ball\u00e9yara : Les femmes d\u00e9put\u00e9es au chevet de deux personnes \u00e2g\u00e9es victimes d\u2019incendie - niger\",\"isPartOf\":{\"@id\":\"https:\/\/www.africa-press.net\/niger\/#website\"},\"primaryImageOfPage\":{\"@id\":\"https:\/\/www.africa-press.net\/niger\/toutes-les-actualites\/visite-des-parlementaires-a-balleyara-les-femmes-deputees-au-chevet-de-deux-personnes-agees-victimes-dincendie#primaryimage\"},\"image\":{\"@id\":\"https:\/\/www.africa-press.net\/niger\/toutes-les-actualites\/visite-des-parlementaires-a-balleyara-les-femmes-deputees-au-chevet-de-deux-personnes-agees-victimes-dincendie#primaryimage\"},\"thumbnailUrl\":\"https:\/\/static.africa-press.net\/niger\/sites\/40\/2021\/08\/img-61275db498899.jpg\",\"datePublished\":\"2021-08-26T09:32:18+00:00\",\"dateModified\":\"2021-08-26T18:56:34+00:00\",\"author\":{\"@id\":\"https:\/\/www.africa-press.net\/niger\/#\/schema\/person\/2b1cf3cd81a31e3cd26889ca66d677f1\"},\"description\":\"\ufeffLa 2\u00e8me vice-pr\u00e9sidente de l\u2019Assembl\u00e9e Nationale, pr\u00e9sidente d\u2019honneur du r\u00e9seau des femmes parlementaires du Niger, ho ...\",\"breadcrumb\":{\"@id\":\"https:\/\/www.africa-press.net\/niger\/toutes-les-actualites\/visite-des-parlementaires-a-balleyara-les-femmes-deputees-au-chevet-de-deux-personnes-agees-victimes-dincendie#breadcrumb\"},\"inLanguage\":\"fr-FR\",\"potentialAction\":[{\"@type\":\"ReadAction\",\"target\":[\"https:\/\/www.africa-press.net\/niger\/toutes-les-actualites\/visite-des-parlementaires-a-balleyara-les-femmes-deputees-au-chevet-de-deux-personnes-agees-victimes-dincendie\"]}]},{\"@type\":\"ImageObject\",\"inLanguage\":\"fr-FR\",\"@id\":\"https:\/\/www.africa-press.net\/niger\/toutes-les-actualites\/visite-des-parlementaires-a-balleyara-les-femmes-deputees-au-chevet-de-deux-personnes-agees-victimes-dincendie#primaryimage\",\"url\":\"https:\/\/static.africa-press.net\/niger\/sites\/40\/2021\/08\/img-61275db498899.jpg\",\"contentUrl\":\"https:\/\/static.africa-press.net\/niger\/sites\/40\/2021\/08\/img-61275db498899.jpg\",\"width\":720,\"height\":419,\"caption\":\"Visite des parlementaires \u00e0 Ball\u00e9yara : Les femmes d\u00e9put\u00e9es au chevet de deux personnes \u00e2g\u00e9es victimes d\u2019incendie\"},{\"@type\":\"BreadcrumbList\",\"@id\":\"https:\/\/www.africa-press.net\/niger\/toutes-les-actualites\/visite-des-parlementaires-a-balleyara-les-femmes-deputees-au-chevet-de-deux-personnes-agees-victimes-dincendie#breadcrumb\",\"itemListElement\":[{\"@type\":\"ListItem\",\"position\":1,\"name\":\"Accueil\",\"item\":\"https:\/\/www.africa-press.net\/niger\/\"},{\"@type\":\"ListItem\",\"position\":2,\"name\":\"Visite des parlementaires \u00e0 Ball\u00e9yara : Les femmes d\u00e9put\u00e9es au chevet de deux personnes \u00e2g\u00e9es victimes d\u2019incendie\"}]},{\"@type\":\"WebSite\",\"@id\":\"https:\/\/www.africa-press.net\/niger\/#website\",\"url\":\"https:\/\/www.africa-press.net\/niger\/\",\"name\":\"niger\",\"description\":\"Just another Africa News Agency Sites site\",\"potentialAction\":[{\"@type\":\"SearchAction\",\"target\":{\"@type\":\"EntryPoint\",\"urlTemplate\":\"https:\/\/www.africa-press.net\/niger\/?s={search_term_string}\"},\"query-input\":{\"@type\":\"PropertyValueSpecification\",\"valueRequired\":true,\"valueName\":\"search_term_string\"}}],\"inLanguage\":\"fr-FR\"},{\"@type\":\"Person\",\"@id\":\"https:\/\/www.africa-press.net\/niger\/#\/schema\/person\/2b1cf3cd81a31e3cd26889ca66d677f1\",\"name\":\"cfeditorfr\"}]}<\/script>\n<!-- \/ Yoast SEO Premium plugin. -->","yoast_head_json":{"title":"Visite des parlementaires \u00e0 Ball\u00e9yara : Les femmes d\u00e9put\u00e9es au chevet de deux personnes \u00e2g\u00e9es victimes d\u2019incendie - niger","description":"\ufeffLa 2\u00e8me vice-pr\u00e9sidente de l\u2019Assembl\u00e9e Nationale, pr\u00e9sidente d\u2019honneur du r\u00e9seau des femmes parlementaires du Niger, ho ...","robots":{"index":"index","follow":"follow","max-snippet":"max-snippet:-1","max-image-preview":"max-image-preview:large","max-video-preview":"max-video-preview:-1"},"canonical":"https:\/\/www.africa-press.net\/niger\/toutes-les-actualites\/visite-des-parlementaires-a-balleyara-les-femmes-deputees-au-chevet-de-deux-personnes-agees-victimes-dincendie","og_locale":"fr_FR","og_type":"article","og_title":"Visite des parlementaires \u00e0 Ball\u00e9yara : Les femmes d\u00e9put\u00e9es au chevet de deux personnes \u00e2g\u00e9es victimes d\u2019incendie","og_description":"\ufeffLa 2\u00e8me vice-pr\u00e9sidente de l\u2019Assembl\u00e9e Nationale, pr\u00e9sidente d\u2019honneur du r\u00e9seau des femmes parlementaires du Niger, ho ...","og_url":"https:\/\/www.africa-press.net\/niger\/toutes-les-actualites\/visite-des-parlementaires-a-balleyara-les-femmes-deputees-au-chevet-de-deux-personnes-agees-victimes-dincendie","og_site_name":"niger","article_published_time":"2021-08-26T09:32:18+00:00","article_modified_time":"2021-08-26T18:56:34+00:00","og_image":[{"width":720,"height":419,"url":"https:\/\/static.africa-press.net\/niger\/sites\/40\/2021\/08\/img-61275db498899.jpg","type":"image\/jpeg"}],"author":"cfeditorfr","twitter_card":"summary_large_image","twitter_misc":{"\u00c9crit par":"cfeditorfr","Dur\u00e9e de lecture estim\u00e9e":"3 minutes"},"schema":{"@context":"https:\/\/schema.org","@graph":[{"@type":"Article","@id":"https:\/\/www.africa-press.net\/niger\/toutes-les-actualites\/visite-des-parlementaires-a-balleyara-les-femmes-deputees-au-chevet-de-deux-personnes-agees-victimes-dincendie#article","isPartOf":{"@id":"https:\/\/www.africa-press.net\/niger\/toutes-les-actualites\/visite-des-parlementaires-a-balleyara-les-femmes-deputees-au-chevet-de-deux-personnes-agees-victimes-dincendie"},"author":{"name":"cfeditorfr","@id":"https:\/\/www.africa-press.net\/niger\/#\/schema\/person\/2b1cf3cd81a31e3cd26889ca66d677f1"},"headline":"Visite des parlementaires \u00e0 Ball\u00e9yara : Les femmes d\u00e9put\u00e9es au chevet de deux personnes \u00e2g\u00e9es victimes d\u2019incendie","datePublished":"2021-08-26T09:32:18+00:00","dateModified":"2021-08-26T18:56:34+00:00","mainEntityOfPage":{"@id":"https:\/\/www.africa-press.net\/niger\/toutes-les-actualites\/visite-des-parlementaires-a-balleyara-les-femmes-deputees-au-chevet-de-deux-personnes-agees-victimes-dincendie"},"wordCount":589,"commentCount":0,"image":{"@id":"https:\/\/www.africa-press.net\/niger\/toutes-les-actualites\/visite-des-parlementaires-a-balleyara-les-femmes-deputees-au-chevet-de-deux-personnes-agees-victimes-dincendie#primaryimage"},"thumbnailUrl":"https:\/\/static.africa-press.net\/niger\/sites\/40\/2021\/08\/img-61275db498899.jpg","keywords":["Africa Press","Africa Press-Niger","Niger"],"articleSection":["Communaut\u00e9","homepage-french","Toutes les actualit\u00e9s"],"inLanguage":"fr-FR","potentialAction":[{"@type":"CommentAction","name":"Comment","target":["https:\/\/www.africa-press.net\/niger\/toutes-les-actualites\/visite-des-parlementaires-a-balleyara-les-femmes-deputees-au-chevet-de-deux-personnes-agees-victimes-dincendie#respond"]}]},{"@type":"WebPage","@id":"https:\/\/www.africa-press.net\/niger\/toutes-les-actualites\/visite-des-parlementaires-a-balleyara-les-femmes-deputees-au-chevet-de-deux-personnes-agees-victimes-dincendie","url":"https:\/\/www.africa-press.net\/niger\/toutes-les-actualites\/visite-des-parlementaires-a-balleyara-les-femmes-deputees-au-chevet-de-deux-personnes-agees-victimes-dincendie","name":"Visite des parlementaires \u00e0 Ball\u00e9yara : Les femmes d\u00e9put\u00e9es au chevet de deux personnes \u00e2g\u00e9es victimes d\u2019incendie - niger","isPartOf":{"@id":"https:\/\/www.africa-press.net\/niger\/#website"},"primaryImageOfPage":{"@id":"https:\/\/www.africa-press.net\/niger\/toutes-les-actualites\/visite-des-parlementaires-a-balleyara-les-femmes-deputees-au-chevet-de-deux-personnes-agees-victimes-dincendie#primaryimage"},"image":{"@id":"https:\/\/www.africa-press.net\/niger\/toutes-les-actualites\/visite-des-parlementaires-a-balleyara-les-femmes-deputees-au-chevet-de-deux-personnes-agees-victimes-dincendie#primaryimage"},"thumbnailUrl":"https:\/\/static.africa-press.net\/niger\/sites\/40\/2021\/08\/img-61275db498899.jpg","datePublished":"2021-08-26T09:32:18+00:00","dateModified":"2021-08-26T18:56:34+00:00","author":{"@id":"https:\/\/www.africa-press.net\/niger\/#\/schema\/person\/2b1cf3cd81a31e3cd26889ca66d677f1"},"description":"\ufeffLa 2\u00e8me vice-pr\u00e9sidente de l\u2019Assembl\u00e9e Nationale, pr\u00e9sidente d\u2019honneur du r\u00e9seau des femmes parlementaires du Niger, ho ...","breadcrumb":{"@id":"https:\/\/www.africa-press.net\/niger\/toutes-les-actualites\/visite-des-parlementaires-a-balleyara-les-femmes-deputees-au-chevet-de-deux-personnes-agees-victimes-dincendie#breadcrumb"},"inLanguage":"fr-FR","potentialAction":[{"@type":"ReadAction","target":["https:\/\/www.africa-press.net\/niger\/toutes-les-actualites\/visite-des-parlementaires-a-balleyara-les-femmes-deputees-au-chevet-de-deux-personnes-agees-victimes-dincendie"]}]},{"@type":"ImageObject","inLanguage":"fr-FR","@id":"https:\/\/www.africa-press.net\/niger\/toutes-les-actualites\/visite-des-parlementaires-a-balleyara-les-femmes-deputees-au-chevet-de-deux-personnes-agees-victimes-dincendie#primaryimage","url":"https:\/\/static.africa-press.net\/niger\/sites\/40\/2021\/08\/img-61275db498899.jpg","contentUrl":"https:\/\/static.africa-press.net\/niger\/sites\/40\/2021\/08\/img-61275db498899.jpg","width":720,"height":419,"caption":"Visite des parlementaires \u00e0 Ball\u00e9yara : Les femmes d\u00e9put\u00e9es au chevet de deux personnes \u00e2g\u00e9es victimes d\u2019incendie"},{"@type":"BreadcrumbList","@id":"https:\/\/www.africa-press.net\/niger\/toutes-les-actualites\/visite-des-parlementaires-a-balleyara-les-femmes-deputees-au-chevet-de-deux-personnes-agees-victimes-dincendie#breadcrumb","itemListElement":[{"@type":"ListItem","position":1,"name":"Accueil","item":"https:\/\/www.africa-press.net\/niger\/"},{"@type":"ListItem","position":2,"name":"Visite des parlementaires \u00e0 Ball\u00e9yara : Les femmes d\u00e9put\u00e9es au chevet de deux personnes \u00e2g\u00e9es victimes d\u2019incendie"}]},{"@type":"WebSite","@id":"https:\/\/www.africa-press.net\/niger\/#website","url":"https:\/\/www.africa-press.net\/niger\/","name":"niger","description":"Just another Africa News Agency Sites site","potentialAction":[{"@type":"SearchAction","target":{"@type":"EntryPoint","urlTemplate":"https:\/\/www.africa-press.net\/niger\/?s={search_term_string}"},"query-input":{"@type":"PropertyValueSpecification","valueRequired":true,"valueName":"search_term_string"}}],"inLanguage":"fr-FR"},{"@type":"Person","@id":"https:\/\/www.africa-press.net\/niger\/#\/schema\/person\/2b1cf3cd81a31e3cd26889ca66d677f1","name":"cfeditorfr"}]}},"_links":{"self":[{"href":"https:\/\/www.africa-press.net\/niger\/wp-json\/wp\/v2\/posts\/10690","targetHints":{"allow":["GET"]}}],"collection":[{"href":"https:\/\/www.africa-press.net\/niger\/wp-json\/wp\/v2\/posts"}],"about":[{"href":"https:\/\/www.africa-press.net\/niger\/wp-json\/wp\/v2\/types\/post"}],"author":[{"embeddable":true,"href":"https:\/\/www.africa-press.net\/niger\/wp-json\/wp\/v2\/users\/82"}],"replies":[{"embeddable":true,"href":"https:\/\/www.africa-press.net\/niger\/wp-json\/wp\/v2\/comments?post=10690"}],"version-history":[{"count":0,"href":"https:\/\/www.africa-press.net\/niger\/wp-json\/wp\/v2\/posts\/10690\/revisions"}],"wp:featuredmedia":[{"embeddable":true,"href":"https:\/\/www.africa-press.net\/niger\/wp-json\/wp\/v2\/media\/10689"}],"wp:attachment":[{"href":"https:\/\/www.africa-press.net\/niger\/wp-json\/wp\/v2\/media?parent=10690"}],"wp:term":[{"taxonomy":"category","embeddable":true,"href":"https:\/\/www.africa-press.net\/niger\/wp-json\/wp\/v2\/categories?post=10690"},{"taxonomy":"post_tag","embeddable":true,"href":"https:\/\/www.africa-press.net\/niger\/wp-json\/wp\/v2\/tags?post=10690"}],"curies":[{"name":"wp","href":"https:\/\/api.w.org\/{rel}","templated":true}]}}