{"id":10696,"date":"2021-08-26T09:48:25","date_gmt":"2021-08-26T09:48:25","guid":{"rendered":"https:\/\/www.africa-press.net\/niger\/?p=10696"},"modified":"2021-08-26T18:56:19","modified_gmt":"2021-08-26T18:56:19","slug":"conference-debat-sur-le-changement-climatique-limpact-du-changement-climatique-sur-les-communautes-au-niger-au-centre-du-debat","status":"publish","type":"post","link":"https:\/\/www.africa-press.net\/niger\/toutes-les-actualites\/conference-debat-sur-le-changement-climatique-limpact-du-changement-climatique-sur-les-communautes-au-niger-au-centre-du-debat","title":{"rendered":"Conf\u00e9rence-d\u00e9bat sur le changement climatique : L\u2019impact du changement climatique sur les communaut\u00e9s au Niger au centre du d\u00e9bat"},"content":{"rendered":"<p><span style=\"color: #ff6600\"><strong><a href=\"https:\/\/www.africa-press.net\/\">Africa-Press<\/a> &#8211; <a href=\"https:\/\/www.africa-press.net\/niger\">Niger<\/a>. <\/strong><\/span>La Jeune chambre internationale (JCI) universitaire baobab, en collaboration avec l\u2019organisation non gouvernementale World Vision, a organis\u00e9 le 24 ao\u00fbt dernier \u00e0 Niamey, une conf\u00e9rence sur le th\u00e8me \u00abLe changement climatique, quel impact pour notre communaut\u00e9 : cas du Niger\u00bb. Ces \u00e9changes destin\u00e9s \u00e0 la jeunesse ont r\u00e9uni plusieurs invit\u00e9s issus des rangs de la JCI, de World vision, de clubs amis et d\u2019autres organisations humanitaires. La conf\u00e9rence entre dans le cadre de la c\u00e9l\u00e9bration de la journ\u00e9e mondiale de l\u2019aide humanitaire qui se tient le 19 ao\u00fbt de chaque ann\u00e9e.<\/p>\n<p>Peu avant la conf\u00e9rence, le pr\u00e9sident ex\u00e9cutif 2021 de la JCI universitaire baobab, M. Alou Bankami Sanoussi, a indiqu\u00e9 que son association r\u00e9alise diverses activit\u00e9s en faveur de la jeunesse, de la femme et de la communaut\u00e9 toute enti\u00e8re. Il indique qu\u2019avec l\u2019exp\u00e9rience, elle s\u2019est b\u00e2tie aupr\u00e8s de la communaut\u00e9, la r\u00e9putation \u00abd\u2019une organisation s\u00e9rieuse et dynamique \u00e0 m\u00eame de relever les nombreux d\u00e9fis qui assaillent actuellement les communaut\u00e9s au Niger\u00bb.<\/p>\n<p>Les objectifs vis\u00e9s par la conf\u00e9rence, poursuit M. Alou Bankami Sanoussi, sont une partie int\u00e9grante des pr\u00e9occupations de JCI universitaire baobab. Il s\u2019agit, dit-il, d\u2019inspirer, de motiver et d\u2019inciter \u00e0 une prise de conscience de ses membres afin qu\u2019ils continuent de venir en aide \u00e0 leurs communaut\u00e9s. Il rappelle que chaque ann\u00e9e, son association organise plusieurs conf\u00e9rences qui vont dans ce sens et qui sont \u00e9largies \u00e0 la participation de nombreuses structures de jeunes au Niger.<\/p>\n<p>L\u2019organisatrice de la conf\u00e9rence, Mlle Salima Issoufou, cheffe de projet \u00e0 JCI universitaire baobab, s\u2019est r\u00e9jouie de la contribution qu\u2019apportera la conf\u00e9rence sur les causes, cons\u00e9quences et les solutions probables. Des mises \u00e0 jour, dit-elle, qui permettront de mieux outiller la jeunesse sur les m\u00e9thodes de pr\u00e9vention des catastrophes, surtout en cette saison des pluies. \u00abLa JCI a toujours \u00e9t\u00e9 pr\u00e9sente, rappelle-telle, lors des actions b\u00e9n\u00e9voles, en atteste l\u2019aide qu\u2019elle a apport\u00e9e aux victimes des inondations de l\u2019ann\u00e9e pass\u00e9e\u00bb, dit-elle. Mlle Salima Issoufou a rendu un hommage appuy\u00e9 \u00e0 l\u2019ensemble des personnes qui \u00e9voluent dans le domaine humanitaire.<\/p>\n<p>Plus tard apr\u00e8s la conf\u00e9rence, M. Yves Habumugisha, directeur pays de World Vision au Niger, a indiqu\u00e9 que la vision de son organisation l\u2019enjoint \u00e0 travailler avec toute organisation d\u00e9sireuse de contribuer, de mani\u00e8re significative, au d\u00e9veloppement socio-\u00e9conomique des communaut\u00e9s et du pays. \u00abLe changement durable passe par des initiatives au niveau local, r\u00e9gional et national. En soutenant la tenue de cette conf\u00e9rence, nous restons dans la ligne de l\u2019organisation de travailler avec les autres pour accro\u00eetre l\u2019impact\u00bb, explique M. Yves Habumugisha. Il fonde l\u2019espoir que cet effort collectif donnera des r\u00e9sultats et permettra de contribuer \u00e0 l\u2019atteinte des objectifs de d\u00e9veloppement durable.<\/p>\n<p>Le repr\u00e9sentant pays de World Vision au Niger dit reconnaitre ainsi le s\u00e9rieux, la cr\u00e9dibilit\u00e9 et l\u2019apport de JCI pour un d\u00e9veloppement positif, tout en ajoutant que ces synergies d\u2019actions vont \u00e9galement dans le sens de la coh\u00e9sion sociale et de l\u2019enracinement du d\u00e9veloppement durable. \u00abEn soutenant ces actions, World Vision veut s\u2019assurer que le bien-\u00eatre de l\u2019enfant et de sa famille reste au centre des pr\u00e9occupations des humanitaires. Notre organisation apporte son assistance \u00e0 plus de 465.000 personnes dont 320.000 enfants et soutient dans son programme d\u2019\u00e9ducation d\u2019urgence 23.000 enfants\u00bb, a-t-il soulign\u00e9.<\/p>\n<p>M. Yves Habumugisha rappelle que World Vision au Niger m\u00e8ne des activit\u00e9s de r\u00e9ponses aux crises et urgences humanitaires et de d\u00e9veloppement. Dans le cadre de la r\u00e9ponse humanitaire, elle apporte son assistance aux personnes d\u00e9plac\u00e9es internes et r\u00e9fugi\u00e9es, notamment dans les r\u00e9gions de Maradi et Tillaberi. \u00abNotre action se concentre sp\u00e9cialement sur les volets de l\u2019eau, hygi\u00e8ne et assainissement, de l\u2019assistance alimentaire, de la protection de l\u2019enfant, de la nutrition ainsi que des moyens de subsistances, en plus de la r\u00e9ponse humanitaire apport\u00e9e suite aux inondations et dans le cadre de la riposte contre la pand\u00e9mie de COVID-19\u00bb, a pr\u00e9cis\u00e9 M Yves Habumugisha.<\/p>\n<p><b>\u00a0<\/b><\/p>\n","protected":false},"excerpt":{"rendered":"<p>Africa-Press &#8211; Niger. La Jeune chambre internationale (JCI) universitaire baobab, en collaboration avec l\u2019organisation non gouvernementale World Vision, a organis\u00e9 le 24 ao\u00fbt dernier \u00e0 Niamey, une conf\u00e9rence sur le th\u00e8me \u00abLe changement climatique, quel impact pour notre communaut\u00e9 : cas du Niger\u00bb. Ces \u00e9changes destin\u00e9s \u00e0 la jeunesse ont r\u00e9uni plusieurs invit\u00e9s issus des [&hellip;]<\/p>\n","protected":false},"author":82,"featured_media":10695,"comment_status":"open","ping_status":"closed","sticky":false,"template":"","format":"standard","meta":{"footnotes":""},"categories":[21,11,10],"tags":[55,60,29],"class_list":["post-10696","post","type-post","status-publish","format-standard","has-post-thumbnail","hentry","category-communaute","category-homepage-french","category-toutes-les-actualites","tag-africa-press","tag-africa-press-niger","tag-niger"],"yoast_head":"<!-- This site is optimized with the Yoast SEO Premium plugin v26.1 (Yoast SEO v27.0) - https:\/\/yoast.com\/product\/yoast-seo-premium-wordpress\/ -->\n<title>Conf\u00e9rence-d\u00e9bat sur le changement climatique : L\u2019impact du changement climatique sur les communaut\u00e9s au Niger au centre du d\u00e9bat - niger<\/title>\n<meta name=\"description\" content=\"\ufeffLa Jeune chambre internationale (JCI) universitaire baobab, en collaboration avec l\u2019organisation non gouvernementale Wo ...\" \/>\n<meta name=\"robots\" content=\"index, follow, max-snippet:-1, max-image-preview:large, max-video-preview:-1\" \/>\n<link rel=\"canonical\" href=\"https:\/\/www.africa-press.net\/niger\/toutes-les-actualites\/conference-debat-sur-le-changement-climatique-limpact-du-changement-climatique-sur-les-communautes-au-niger-au-centre-du-debat\" \/>\n<meta property=\"og:locale\" content=\"fr_FR\" \/>\n<meta property=\"og:type\" content=\"article\" \/>\n<meta property=\"og:title\" content=\"Conf\u00e9rence-d\u00e9bat sur le changement climatique : L\u2019impact du changement climatique sur les communaut\u00e9s au Niger au centre du d\u00e9bat\" \/>\n<meta property=\"og:description\" content=\"\ufeffLa Jeune chambre internationale (JCI) universitaire baobab, en collaboration avec l\u2019organisation non gouvernementale Wo ...\" \/>\n<meta property=\"og:url\" content=\"https:\/\/www.africa-press.net\/niger\/toutes-les-actualites\/conference-debat-sur-le-changement-climatique-limpact-du-changement-climatique-sur-les-communautes-au-niger-au-centre-du-debat\" \/>\n<meta property=\"og:site_name\" content=\"niger\" \/>\n<meta property=\"article:published_time\" content=\"2021-08-26T09:48:25+00:00\" \/>\n<meta property=\"article:modified_time\" content=\"2021-08-26T18:56:19+00:00\" \/>\n<meta property=\"og:image\" content=\"https:\/\/static.africa-press.net\/niger\/sites\/40\/2021\/08\/img-61275dfb03fa9.jpg\" \/>\n\t<meta property=\"og:image:width\" content=\"720\" \/>\n\t<meta property=\"og:image:height\" content=\"396\" \/>\n\t<meta property=\"og:image:type\" content=\"image\/jpeg\" \/>\n<meta name=\"author\" content=\"cfeditorfr\" \/>\n<meta name=\"twitter:card\" content=\"summary_large_image\" \/>\n<meta name=\"twitter:label1\" content=\"\u00c9crit par\" \/>\n\t<meta name=\"twitter:data1\" content=\"cfeditorfr\" \/>\n\t<meta name=\"twitter:label2\" content=\"Dur\u00e9e de lecture estim\u00e9e\" \/>\n\t<meta name=\"twitter:data2\" content=\"4 minutes\" \/>\n<script type=\"application\/ld+json\" class=\"yoast-schema-graph\">{\"@context\":\"https:\/\/schema.org\",\"@graph\":[{\"@type\":\"Article\",\"@id\":\"https:\/\/www.africa-press.net\/niger\/toutes-les-actualites\/conference-debat-sur-le-changement-climatique-limpact-du-changement-climatique-sur-les-communautes-au-niger-au-centre-du-debat#article\",\"isPartOf\":{\"@id\":\"https:\/\/www.africa-press.net\/niger\/toutes-les-actualites\/conference-debat-sur-le-changement-climatique-limpact-du-changement-climatique-sur-les-communautes-au-niger-au-centre-du-debat\"},\"author\":{\"name\":\"cfeditorfr\",\"@id\":\"https:\/\/www.africa-press.net\/niger\/#\/schema\/person\/2b1cf3cd81a31e3cd26889ca66d677f1\"},\"headline\":\"Conf\u00e9rence-d\u00e9bat sur le changement climatique : L\u2019impact du changement climatique sur les communaut\u00e9s au Niger au centre du d\u00e9bat\",\"datePublished\":\"2021-08-26T09:48:25+00:00\",\"dateModified\":\"2021-08-26T18:56:19+00:00\",\"mainEntityOfPage\":{\"@id\":\"https:\/\/www.africa-press.net\/niger\/toutes-les-actualites\/conference-debat-sur-le-changement-climatique-limpact-du-changement-climatique-sur-les-communautes-au-niger-au-centre-du-debat\"},\"wordCount\":757,\"commentCount\":0,\"image\":{\"@id\":\"https:\/\/www.africa-press.net\/niger\/toutes-les-actualites\/conference-debat-sur-le-changement-climatique-limpact-du-changement-climatique-sur-les-communautes-au-niger-au-centre-du-debat#primaryimage\"},\"thumbnailUrl\":\"https:\/\/static.africa-press.net\/niger\/sites\/40\/2021\/08\/img-61275dfb03fa9.jpg\",\"keywords\":[\"Africa Press\",\"Africa Press-Niger\",\"Niger\"],\"articleSection\":[\"Communaut\u00e9\",\"homepage-french\",\"Toutes les actualit\u00e9s\"],\"inLanguage\":\"fr-FR\",\"potentialAction\":[{\"@type\":\"CommentAction\",\"name\":\"Comment\",\"target\":[\"https:\/\/www.africa-press.net\/niger\/toutes-les-actualites\/conference-debat-sur-le-changement-climatique-limpact-du-changement-climatique-sur-les-communautes-au-niger-au-centre-du-debat#respond\"]}]},{\"@type\":\"WebPage\",\"@id\":\"https:\/\/www.africa-press.net\/niger\/toutes-les-actualites\/conference-debat-sur-le-changement-climatique-limpact-du-changement-climatique-sur-les-communautes-au-niger-au-centre-du-debat\",\"url\":\"https:\/\/www.africa-press.net\/niger\/toutes-les-actualites\/conference-debat-sur-le-changement-climatique-limpact-du-changement-climatique-sur-les-communautes-au-niger-au-centre-du-debat\",\"name\":\"Conf\u00e9rence-d\u00e9bat sur le changement climatique : L\u2019impact du changement climatique sur les communaut\u00e9s au Niger au centre du d\u00e9bat - niger\",\"isPartOf\":{\"@id\":\"https:\/\/www.africa-press.net\/niger\/#website\"},\"primaryImageOfPage\":{\"@id\":\"https:\/\/www.africa-press.net\/niger\/toutes-les-actualites\/conference-debat-sur-le-changement-climatique-limpact-du-changement-climatique-sur-les-communautes-au-niger-au-centre-du-debat#primaryimage\"},\"image\":{\"@id\":\"https:\/\/www.africa-press.net\/niger\/toutes-les-actualites\/conference-debat-sur-le-changement-climatique-limpact-du-changement-climatique-sur-les-communautes-au-niger-au-centre-du-debat#primaryimage\"},\"thumbnailUrl\":\"https:\/\/static.africa-press.net\/niger\/sites\/40\/2021\/08\/img-61275dfb03fa9.jpg\",\"datePublished\":\"2021-08-26T09:48:25+00:00\",\"dateModified\":\"2021-08-26T18:56:19+00:00\",\"author\":{\"@id\":\"https:\/\/www.africa-press.net\/niger\/#\/schema\/person\/2b1cf3cd81a31e3cd26889ca66d677f1\"},\"description\":\"\ufeffLa Jeune chambre internationale (JCI) universitaire baobab, en collaboration avec l\u2019organisation non gouvernementale Wo ...\",\"breadcrumb\":{\"@id\":\"https:\/\/www.africa-press.net\/niger\/toutes-les-actualites\/conference-debat-sur-le-changement-climatique-limpact-du-changement-climatique-sur-les-communautes-au-niger-au-centre-du-debat#breadcrumb\"},\"inLanguage\":\"fr-FR\",\"potentialAction\":[{\"@type\":\"ReadAction\",\"target\":[\"https:\/\/www.africa-press.net\/niger\/toutes-les-actualites\/conference-debat-sur-le-changement-climatique-limpact-du-changement-climatique-sur-les-communautes-au-niger-au-centre-du-debat\"]}]},{\"@type\":\"ImageObject\",\"inLanguage\":\"fr-FR\",\"@id\":\"https:\/\/www.africa-press.net\/niger\/toutes-les-actualites\/conference-debat-sur-le-changement-climatique-limpact-du-changement-climatique-sur-les-communautes-au-niger-au-centre-du-debat#primaryimage\",\"url\":\"https:\/\/static.africa-press.net\/niger\/sites\/40\/2021\/08\/img-61275dfb03fa9.jpg\",\"contentUrl\":\"https:\/\/static.africa-press.net\/niger\/sites\/40\/2021\/08\/img-61275dfb03fa9.jpg\",\"width\":720,\"height\":396,\"caption\":\"Conf\u00e9rence-d\u00e9bat sur le changement climatique : L\u2019impact du changement climatique sur les communaut\u00e9s au Niger au centre du d\u00e9bat\"},{\"@type\":\"BreadcrumbList\",\"@id\":\"https:\/\/www.africa-press.net\/niger\/toutes-les-actualites\/conference-debat-sur-le-changement-climatique-limpact-du-changement-climatique-sur-les-communautes-au-niger-au-centre-du-debat#breadcrumb\",\"itemListElement\":[{\"@type\":\"ListItem\",\"position\":1,\"name\":\"Accueil\",\"item\":\"https:\/\/www.africa-press.net\/niger\/\"},{\"@type\":\"ListItem\",\"position\":2,\"name\":\"Conf\u00e9rence-d\u00e9bat sur le changement climatique : L\u2019impact du changement climatique sur les communaut\u00e9s au Niger au centre du d\u00e9bat\"}]},{\"@type\":\"WebSite\",\"@id\":\"https:\/\/www.africa-press.net\/niger\/#website\",\"url\":\"https:\/\/www.africa-press.net\/niger\/\",\"name\":\"niger\",\"description\":\"Just another Africa News Agency Sites site\",\"potentialAction\":[{\"@type\":\"SearchAction\",\"target\":{\"@type\":\"EntryPoint\",\"urlTemplate\":\"https:\/\/www.africa-press.net\/niger\/?s={search_term_string}\"},\"query-input\":{\"@type\":\"PropertyValueSpecification\",\"valueRequired\":true,\"valueName\":\"search_term_string\"}}],\"inLanguage\":\"fr-FR\"},{\"@type\":\"Person\",\"@id\":\"https:\/\/www.africa-press.net\/niger\/#\/schema\/person\/2b1cf3cd81a31e3cd26889ca66d677f1\",\"name\":\"cfeditorfr\"}]}<\/script>\n<!-- \/ Yoast SEO Premium plugin. -->","yoast_head_json":{"title":"Conf\u00e9rence-d\u00e9bat sur le changement climatique : L\u2019impact du changement climatique sur les communaut\u00e9s au Niger au centre du d\u00e9bat - niger","description":"\ufeffLa Jeune chambre internationale (JCI) universitaire baobab, en collaboration avec l\u2019organisation non gouvernementale Wo ...","robots":{"index":"index","follow":"follow","max-snippet":"max-snippet:-1","max-image-preview":"max-image-preview:large","max-video-preview":"max-video-preview:-1"},"canonical":"https:\/\/www.africa-press.net\/niger\/toutes-les-actualites\/conference-debat-sur-le-changement-climatique-limpact-du-changement-climatique-sur-les-communautes-au-niger-au-centre-du-debat","og_locale":"fr_FR","og_type":"article","og_title":"Conf\u00e9rence-d\u00e9bat sur le changement climatique : L\u2019impact du changement climatique sur les communaut\u00e9s au Niger au centre du d\u00e9bat","og_description":"\ufeffLa Jeune chambre internationale (JCI) universitaire baobab, en collaboration avec l\u2019organisation non gouvernementale Wo ...","og_url":"https:\/\/www.africa-press.net\/niger\/toutes-les-actualites\/conference-debat-sur-le-changement-climatique-limpact-du-changement-climatique-sur-les-communautes-au-niger-au-centre-du-debat","og_site_name":"niger","article_published_time":"2021-08-26T09:48:25+00:00","article_modified_time":"2021-08-26T18:56:19+00:00","og_image":[{"width":720,"height":396,"url":"https:\/\/static.africa-press.net\/niger\/sites\/40\/2021\/08\/img-61275dfb03fa9.jpg","type":"image\/jpeg"}],"author":"cfeditorfr","twitter_card":"summary_large_image","twitter_misc":{"\u00c9crit par":"cfeditorfr","Dur\u00e9e de lecture estim\u00e9e":"4 minutes"},"schema":{"@context":"https:\/\/schema.org","@graph":[{"@type":"Article","@id":"https:\/\/www.africa-press.net\/niger\/toutes-les-actualites\/conference-debat-sur-le-changement-climatique-limpact-du-changement-climatique-sur-les-communautes-au-niger-au-centre-du-debat#article","isPartOf":{"@id":"https:\/\/www.africa-press.net\/niger\/toutes-les-actualites\/conference-debat-sur-le-changement-climatique-limpact-du-changement-climatique-sur-les-communautes-au-niger-au-centre-du-debat"},"author":{"name":"cfeditorfr","@id":"https:\/\/www.africa-press.net\/niger\/#\/schema\/person\/2b1cf3cd81a31e3cd26889ca66d677f1"},"headline":"Conf\u00e9rence-d\u00e9bat sur le changement climatique : L\u2019impact du changement climatique sur les communaut\u00e9s au Niger au centre du d\u00e9bat","datePublished":"2021-08-26T09:48:25+00:00","dateModified":"2021-08-26T18:56:19+00:00","mainEntityOfPage":{"@id":"https:\/\/www.africa-press.net\/niger\/toutes-les-actualites\/conference-debat-sur-le-changement-climatique-limpact-du-changement-climatique-sur-les-communautes-au-niger-au-centre-du-debat"},"wordCount":757,"commentCount":0,"image":{"@id":"https:\/\/www.africa-press.net\/niger\/toutes-les-actualites\/conference-debat-sur-le-changement-climatique-limpact-du-changement-climatique-sur-les-communautes-au-niger-au-centre-du-debat#primaryimage"},"thumbnailUrl":"https:\/\/static.africa-press.net\/niger\/sites\/40\/2021\/08\/img-61275dfb03fa9.jpg","keywords":["Africa Press","Africa Press-Niger","Niger"],"articleSection":["Communaut\u00e9","homepage-french","Toutes les actualit\u00e9s"],"inLanguage":"fr-FR","potentialAction":[{"@type":"CommentAction","name":"Comment","target":["https:\/\/www.africa-press.net\/niger\/toutes-les-actualites\/conference-debat-sur-le-changement-climatique-limpact-du-changement-climatique-sur-les-communautes-au-niger-au-centre-du-debat#respond"]}]},{"@type":"WebPage","@id":"https:\/\/www.africa-press.net\/niger\/toutes-les-actualites\/conference-debat-sur-le-changement-climatique-limpact-du-changement-climatique-sur-les-communautes-au-niger-au-centre-du-debat","url":"https:\/\/www.africa-press.net\/niger\/toutes-les-actualites\/conference-debat-sur-le-changement-climatique-limpact-du-changement-climatique-sur-les-communautes-au-niger-au-centre-du-debat","name":"Conf\u00e9rence-d\u00e9bat sur le changement climatique : L\u2019impact du changement climatique sur les communaut\u00e9s au Niger au centre du d\u00e9bat - niger","isPartOf":{"@id":"https:\/\/www.africa-press.net\/niger\/#website"},"primaryImageOfPage":{"@id":"https:\/\/www.africa-press.net\/niger\/toutes-les-actualites\/conference-debat-sur-le-changement-climatique-limpact-du-changement-climatique-sur-les-communautes-au-niger-au-centre-du-debat#primaryimage"},"image":{"@id":"https:\/\/www.africa-press.net\/niger\/toutes-les-actualites\/conference-debat-sur-le-changement-climatique-limpact-du-changement-climatique-sur-les-communautes-au-niger-au-centre-du-debat#primaryimage"},"thumbnailUrl":"https:\/\/static.africa-press.net\/niger\/sites\/40\/2021\/08\/img-61275dfb03fa9.jpg","datePublished":"2021-08-26T09:48:25+00:00","dateModified":"2021-08-26T18:56:19+00:00","author":{"@id":"https:\/\/www.africa-press.net\/niger\/#\/schema\/person\/2b1cf3cd81a31e3cd26889ca66d677f1"},"description":"\ufeffLa Jeune chambre internationale (JCI) universitaire baobab, en collaboration avec l\u2019organisation non gouvernementale Wo ...","breadcrumb":{"@id":"https:\/\/www.africa-press.net\/niger\/toutes-les-actualites\/conference-debat-sur-le-changement-climatique-limpact-du-changement-climatique-sur-les-communautes-au-niger-au-centre-du-debat#breadcrumb"},"inLanguage":"fr-FR","potentialAction":[{"@type":"ReadAction","target":["https:\/\/www.africa-press.net\/niger\/toutes-les-actualites\/conference-debat-sur-le-changement-climatique-limpact-du-changement-climatique-sur-les-communautes-au-niger-au-centre-du-debat"]}]},{"@type":"ImageObject","inLanguage":"fr-FR","@id":"https:\/\/www.africa-press.net\/niger\/toutes-les-actualites\/conference-debat-sur-le-changement-climatique-limpact-du-changement-climatique-sur-les-communautes-au-niger-au-centre-du-debat#primaryimage","url":"https:\/\/static.africa-press.net\/niger\/sites\/40\/2021\/08\/img-61275dfb03fa9.jpg","contentUrl":"https:\/\/static.africa-press.net\/niger\/sites\/40\/2021\/08\/img-61275dfb03fa9.jpg","width":720,"height":396,"caption":"Conf\u00e9rence-d\u00e9bat sur le changement climatique : L\u2019impact du changement climatique sur les communaut\u00e9s au Niger au centre du d\u00e9bat"},{"@type":"BreadcrumbList","@id":"https:\/\/www.africa-press.net\/niger\/toutes-les-actualites\/conference-debat-sur-le-changement-climatique-limpact-du-changement-climatique-sur-les-communautes-au-niger-au-centre-du-debat#breadcrumb","itemListElement":[{"@type":"ListItem","position":1,"name":"Accueil","item":"https:\/\/www.africa-press.net\/niger\/"},{"@type":"ListItem","position":2,"name":"Conf\u00e9rence-d\u00e9bat sur le changement climatique : L\u2019impact du changement climatique sur les communaut\u00e9s au Niger au centre du d\u00e9bat"}]},{"@type":"WebSite","@id":"https:\/\/www.africa-press.net\/niger\/#website","url":"https:\/\/www.africa-press.net\/niger\/","name":"niger","description":"Just another Africa News Agency Sites site","potentialAction":[{"@type":"SearchAction","target":{"@type":"EntryPoint","urlTemplate":"https:\/\/www.africa-press.net\/niger\/?s={search_term_string}"},"query-input":{"@type":"PropertyValueSpecification","valueRequired":true,"valueName":"search_term_string"}}],"inLanguage":"fr-FR"},{"@type":"Person","@id":"https:\/\/www.africa-press.net\/niger\/#\/schema\/person\/2b1cf3cd81a31e3cd26889ca66d677f1","name":"cfeditorfr"}]}},"_links":{"self":[{"href":"https:\/\/www.africa-press.net\/niger\/wp-json\/wp\/v2\/posts\/10696","targetHints":{"allow":["GET"]}}],"collection":[{"href":"https:\/\/www.africa-press.net\/niger\/wp-json\/wp\/v2\/posts"}],"about":[{"href":"https:\/\/www.africa-press.net\/niger\/wp-json\/wp\/v2\/types\/post"}],"author":[{"embeddable":true,"href":"https:\/\/www.africa-press.net\/niger\/wp-json\/wp\/v2\/users\/82"}],"replies":[{"embeddable":true,"href":"https:\/\/www.africa-press.net\/niger\/wp-json\/wp\/v2\/comments?post=10696"}],"version-history":[{"count":0,"href":"https:\/\/www.africa-press.net\/niger\/wp-json\/wp\/v2\/posts\/10696\/revisions"}],"wp:featuredmedia":[{"embeddable":true,"href":"https:\/\/www.africa-press.net\/niger\/wp-json\/wp\/v2\/media\/10695"}],"wp:attachment":[{"href":"https:\/\/www.africa-press.net\/niger\/wp-json\/wp\/v2\/media?parent=10696"}],"wp:term":[{"taxonomy":"category","embeddable":true,"href":"https:\/\/www.africa-press.net\/niger\/wp-json\/wp\/v2\/categories?post=10696"},{"taxonomy":"post_tag","embeddable":true,"href":"https:\/\/www.africa-press.net\/niger\/wp-json\/wp\/v2\/tags?post=10696"}],"curies":[{"name":"wp","href":"https:\/\/api.w.org\/{rel}","templated":true}]}}