{"id":10699,"date":"2021-08-26T09:57:59","date_gmt":"2021-08-26T09:57:59","guid":{"rendered":"https:\/\/www.africa-press.net\/niger\/?p=10699"},"modified":"2021-08-26T18:56:12","modified_gmt":"2021-08-26T18:56:12","slug":"13eme-edition-du-fima-les-organisateurs-sactivent-pour-la-reussite-de-levenement","status":"publish","type":"post","link":"https:\/\/www.africa-press.net\/niger\/culture-et-art\/13eme-edition-du-fima-les-organisateurs-sactivent-pour-la-reussite-de-levenement","title":{"rendered":"13\u00e8me \u00e9dition du FIMA : Les organisateurs s\u2019activent pour la r\u00e9ussite de l\u2019\u00e9v\u00e9nement"},"content":{"rendered":"<p><span style=\"color: #ff6600\"><strong><a href=\"https:\/\/www.africa-press.net\/\">Africa-Press<\/a> &#8211; <a href=\"https:\/\/www.africa-press.net\/niger\">Niger<\/a>. <\/strong><\/span>En pr\u00e9lude \u00e0 la 13\u00e8me \u00e9dition du FIMA (Festival International de la Mode en Afrique), les organisateurs ont anim\u00e9 le mercredi 25 ao\u00fbt dernier une conf\u00e9rence de presse \u00e0 Niamey. La 13\u00e8me \u00e9dition du FIMA dont le th\u00e8me est : \u00abLa Mode, Dynamique de paix vers l\u2019Int\u00e9gration Touristique et Culturelle de l\u2019Afrique\u00bb, se tiendra du 1er au 5 d\u00e9cembre \u00e0 Niamey. Cette conf\u00e9rence de presse a \u00e9t\u00e9 rehauss\u00e9e par la pr\u00e9sence du ministre de la Culture, du Tourisme et de l\u2019Artisanat M. Mohamed Hamid, du pr\u00e9sident du Conseil Economique, Social et Culturel (CESOC), M. Mairou Malam Ligari ainsi de plusieurs personnalit\u00e9s et acteurs culturels.<\/p>\n<p>Dans ses propos introductifs, le promoteur du FIMA, M. Seidnaly Sidhamed Alphadi s\u2019est appesanti sur le contenu de l\u2019\u00e9dition de cette ann\u00e9e. Selon lui, en 23 ans d\u2019existence le FIMA a initi\u00e9 et p\u00e9rennis\u00e9 plusieurs projets de promotion artistique et culturelle dont entre autres les concours jeunes stylistes, Top model et le concours de \u00abmeilleur artisan maroquinier bijoutier\u00bb. Ainsi, M. Seidnaly Sidhamed Alphadi a ajout\u00e9 que ces concours ont contribu\u00e9 \u00e0 valoriser le travail des artisans locaux en les incitant \u00e0 cultiver l\u2019excellence. \u00abTout au long des diff\u00e9rentes \u00e9ditions, plusieurs jeunes talents ont b\u00e9n\u00e9fici\u00e9 d\u2019une plateforme d\u2019expression de leur savoir-faire ainsi que d\u2019une opportunit\u00e9 de carri\u00e8re prometteuse pour les diff\u00e9rents laur\u00e9ats. Ces activit\u00e9s sont partie int\u00e9grante du festival \u00e0 chaque \u00e9dition. Le succ\u00e8s enregistr\u00e9 \u00e0 toutes les occasions nous a encourag\u00e9s \u00e0 nous engager davantage dans la culture de l\u2019excellence en initiant la cr\u00e9ation d\u2019une Ecole Sup\u00e9rieure de la Mode et des Arts, pour une formation professionnelle dans le secteur. Cette \u00e9cole dont le chantier est en cours est con\u00e7ue pour \u00eatre une r\u00e9f\u00e9rence de premier ordre sur le continent. A ce propos, je tiens \u00e0 remercier le gouvernement du Niger pour son soutien constant et tous les partenaires du projet qui sont \u00e0 nos c\u00f4t\u00e9s afin de le traduire dans le concret car, cela contribuera \u00e0 une int\u00e9gration africaine \u00e0 travers la mode et les arts\u00bb, a notifi\u00e9 le promoteur du FIMA.<\/p>\n<p>Pour sa part, le ministre de la Culture, du Tourisme et de l\u2019Artisanat, M. Mohamed Hamid a pr\u00e9cis\u00e9 que le FIMA constitue aujourd\u2019hui \u00e0 la fois une fiert\u00e9 nationale, un march\u00e9 culturel d\u2019envergure internationale et un cadre d\u2019\u00e9changes regroupant, \u00e0 chaque \u00e9dition et pendant plusieurs jours, des partenaires et personnalit\u00e9s du monde de la Culture et des Arts.<\/p>\n<p>Ainsi, le ministre en charge de la culture a d\u00e9clar\u00e9 que l\u2019\u00e9dition 2021 du FIMA dont la devise est \u2018\u2019Culture, Paix et D\u00e9veloppement\u2019\u2019, cadre parfaitement avec les orientations de la politique culturelle nationale. Cette \u00e9dition comprend plusieurs manifestations culturelles avec comme axe central, le d\u00e9fil\u00e9 de mode r\u00e9unissant de grands cr\u00e9ateurs Africains, Am\u00e9ricains, Asiatiques et Europ\u00e9ens de la haute couture. \u00abLa 13\u00e8me \u00e9dition du FIMA co\u00efncide-t-elle avec la vision de l\u2019Union Africaine en faveur du d\u00e9veloppement culturel pour l\u2019ann\u00e9e 2021 sous la th\u00e9matique \u2018\u2019Arts, culture et patrimoine : un levier pour construire l\u2019Afrique que nous voulons\u2019\u2019. C\u2019est pour toutes ces raisons que mon d\u00e9partement minist\u00e9riel fait de la promotion du FIMA son cheval de bataille. Il est bien vrai que de sa premi\u00e8re \u00e9dition \u00e0 ce jour, l\u2019Etat a toujours fortement soutenu son organisation. Pour l\u2019\u00e9dition 2021, l\u2019Etat ne d\u00e9rogera pas \u00e0 la r\u00e8gle\u00bb, a assur\u00e9 le ministre de la Culture, du Tourisme et de l\u2019Artisanat M. Mohamed Hamid.<\/p>\n<p>Notons qu\u2019au cours de cette conf\u00e9rence de presse, plusieurs questions relativement au FIMA ont \u00e9t\u00e9 \u00e9voqu\u00e9es. Cette phase de question-r\u00e9ponse a permis aux organisateurs d\u2019aborder en profondeur les contours de la 13\u00e8me \u00e9dition du FIMA.<\/p>\n<p><b>\u00a0<\/b><\/p>\n","protected":false},"excerpt":{"rendered":"<p>Africa-Press &#8211; Niger. En pr\u00e9lude \u00e0 la 13\u00e8me \u00e9dition du FIMA (Festival International de la Mode en Afrique), les organisateurs ont anim\u00e9 le mercredi 25 ao\u00fbt dernier une conf\u00e9rence de presse \u00e0 Niamey. La 13\u00e8me \u00e9dition du FIMA dont le th\u00e8me est : \u00abLa Mode, Dynamique de paix vers l\u2019Int\u00e9gration Touristique et Culturelle de l\u2019Afrique\u00bb, [&hellip;]<\/p>\n","protected":false},"author":82,"featured_media":10698,"comment_status":"open","ping_status":"closed","sticky":false,"template":"","format":"standard","meta":{"footnotes":""},"categories":[5,11,10],"tags":[55,60,29],"class_list":["post-10699","post","type-post","status-publish","format-standard","has-post-thumbnail","hentry","category-culture-et-art","category-homepage-french","category-toutes-les-actualites","tag-africa-press","tag-africa-press-niger","tag-niger"],"yoast_head":"<!-- This site is optimized with the Yoast SEO Premium plugin v26.1 (Yoast SEO v27.0) - https:\/\/yoast.com\/product\/yoast-seo-premium-wordpress\/ -->\n<title>13\u00e8me \u00e9dition du FIMA : Les organisateurs s\u2019activent pour la r\u00e9ussite de l\u2019\u00e9v\u00e9nement - niger<\/title>\n<meta name=\"description\" content=\"\ufeffEn pr\u00e9lude \u00e0 la 13\u00e8me \u00e9dition du FIMA (Festival International de la Mode en Afrique), les organisateurs ont anim\u00e9 le me ...\" \/>\n<meta name=\"robots\" content=\"index, follow, max-snippet:-1, max-image-preview:large, max-video-preview:-1\" \/>\n<link rel=\"canonical\" href=\"https:\/\/www.africa-press.net\/niger\/culture-et-art\/13eme-edition-du-fima-les-organisateurs-sactivent-pour-la-reussite-de-levenement\" \/>\n<meta property=\"og:locale\" content=\"fr_FR\" \/>\n<meta property=\"og:type\" content=\"article\" \/>\n<meta property=\"og:title\" content=\"13\u00e8me \u00e9dition du FIMA : Les organisateurs s\u2019activent pour la r\u00e9ussite de l\u2019\u00e9v\u00e9nement\" \/>\n<meta property=\"og:description\" content=\"\ufeffEn pr\u00e9lude \u00e0 la 13\u00e8me \u00e9dition du FIMA (Festival International de la Mode en Afrique), les organisateurs ont anim\u00e9 le me ...\" \/>\n<meta property=\"og:url\" content=\"https:\/\/www.africa-press.net\/niger\/culture-et-art\/13eme-edition-du-fima-les-organisateurs-sactivent-pour-la-reussite-de-levenement\" \/>\n<meta property=\"og:site_name\" content=\"niger\" \/>\n<meta property=\"article:published_time\" content=\"2021-08-26T09:57:59+00:00\" \/>\n<meta property=\"article:modified_time\" content=\"2021-08-26T18:56:12+00:00\" \/>\n<meta property=\"og:image\" content=\"https:\/\/static.africa-press.net\/niger\/sites\/40\/2021\/08\/img-61275e1d5f42a.jpg\" \/>\n\t<meta property=\"og:image:width\" content=\"720\" \/>\n\t<meta property=\"og:image:height\" content=\"416\" \/>\n\t<meta property=\"og:image:type\" content=\"image\/jpeg\" \/>\n<meta name=\"author\" content=\"cfeditorfr\" \/>\n<meta name=\"twitter:card\" content=\"summary_large_image\" \/>\n<meta name=\"twitter:label1\" content=\"\u00c9crit par\" \/>\n\t<meta name=\"twitter:data1\" content=\"cfeditorfr\" \/>\n\t<meta name=\"twitter:label2\" content=\"Dur\u00e9e de lecture estim\u00e9e\" \/>\n\t<meta name=\"twitter:data2\" content=\"3 minutes\" \/>\n<script type=\"application\/ld+json\" class=\"yoast-schema-graph\">{\"@context\":\"https:\/\/schema.org\",\"@graph\":[{\"@type\":\"Article\",\"@id\":\"https:\/\/www.africa-press.net\/niger\/culture-et-art\/13eme-edition-du-fima-les-organisateurs-sactivent-pour-la-reussite-de-levenement#article\",\"isPartOf\":{\"@id\":\"https:\/\/www.africa-press.net\/niger\/culture-et-art\/13eme-edition-du-fima-les-organisateurs-sactivent-pour-la-reussite-de-levenement\"},\"author\":{\"name\":\"cfeditorfr\",\"@id\":\"https:\/\/www.africa-press.net\/niger\/#\/schema\/person\/2b1cf3cd81a31e3cd26889ca66d677f1\"},\"headline\":\"13\u00e8me \u00e9dition du FIMA : Les organisateurs s\u2019activent pour la r\u00e9ussite de l\u2019\u00e9v\u00e9nement\",\"datePublished\":\"2021-08-26T09:57:59+00:00\",\"dateModified\":\"2021-08-26T18:56:12+00:00\",\"mainEntityOfPage\":{\"@id\":\"https:\/\/www.africa-press.net\/niger\/culture-et-art\/13eme-edition-du-fima-les-organisateurs-sactivent-pour-la-reussite-de-levenement\"},\"wordCount\":663,\"commentCount\":0,\"image\":{\"@id\":\"https:\/\/www.africa-press.net\/niger\/culture-et-art\/13eme-edition-du-fima-les-organisateurs-sactivent-pour-la-reussite-de-levenement#primaryimage\"},\"thumbnailUrl\":\"https:\/\/static.africa-press.net\/niger\/sites\/40\/2021\/08\/img-61275e1d5f42a.jpg\",\"keywords\":[\"Africa Press\",\"Africa Press-Niger\",\"Niger\"],\"articleSection\":[\"Culture et Art\",\"homepage-french\",\"Toutes les actualit\u00e9s\"],\"inLanguage\":\"fr-FR\",\"potentialAction\":[{\"@type\":\"CommentAction\",\"name\":\"Comment\",\"target\":[\"https:\/\/www.africa-press.net\/niger\/culture-et-art\/13eme-edition-du-fima-les-organisateurs-sactivent-pour-la-reussite-de-levenement#respond\"]}]},{\"@type\":\"WebPage\",\"@id\":\"https:\/\/www.africa-press.net\/niger\/culture-et-art\/13eme-edition-du-fima-les-organisateurs-sactivent-pour-la-reussite-de-levenement\",\"url\":\"https:\/\/www.africa-press.net\/niger\/culture-et-art\/13eme-edition-du-fima-les-organisateurs-sactivent-pour-la-reussite-de-levenement\",\"name\":\"13\u00e8me \u00e9dition du FIMA : Les organisateurs s\u2019activent pour la r\u00e9ussite de l\u2019\u00e9v\u00e9nement - niger\",\"isPartOf\":{\"@id\":\"https:\/\/www.africa-press.net\/niger\/#website\"},\"primaryImageOfPage\":{\"@id\":\"https:\/\/www.africa-press.net\/niger\/culture-et-art\/13eme-edition-du-fima-les-organisateurs-sactivent-pour-la-reussite-de-levenement#primaryimage\"},\"image\":{\"@id\":\"https:\/\/www.africa-press.net\/niger\/culture-et-art\/13eme-edition-du-fima-les-organisateurs-sactivent-pour-la-reussite-de-levenement#primaryimage\"},\"thumbnailUrl\":\"https:\/\/static.africa-press.net\/niger\/sites\/40\/2021\/08\/img-61275e1d5f42a.jpg\",\"datePublished\":\"2021-08-26T09:57:59+00:00\",\"dateModified\":\"2021-08-26T18:56:12+00:00\",\"author\":{\"@id\":\"https:\/\/www.africa-press.net\/niger\/#\/schema\/person\/2b1cf3cd81a31e3cd26889ca66d677f1\"},\"description\":\"\ufeffEn pr\u00e9lude \u00e0 la 13\u00e8me \u00e9dition du FIMA (Festival International de la Mode en Afrique), les organisateurs ont anim\u00e9 le me ...\",\"breadcrumb\":{\"@id\":\"https:\/\/www.africa-press.net\/niger\/culture-et-art\/13eme-edition-du-fima-les-organisateurs-sactivent-pour-la-reussite-de-levenement#breadcrumb\"},\"inLanguage\":\"fr-FR\",\"potentialAction\":[{\"@type\":\"ReadAction\",\"target\":[\"https:\/\/www.africa-press.net\/niger\/culture-et-art\/13eme-edition-du-fima-les-organisateurs-sactivent-pour-la-reussite-de-levenement\"]}]},{\"@type\":\"ImageObject\",\"inLanguage\":\"fr-FR\",\"@id\":\"https:\/\/www.africa-press.net\/niger\/culture-et-art\/13eme-edition-du-fima-les-organisateurs-sactivent-pour-la-reussite-de-levenement#primaryimage\",\"url\":\"https:\/\/static.africa-press.net\/niger\/sites\/40\/2021\/08\/img-61275e1d5f42a.jpg\",\"contentUrl\":\"https:\/\/static.africa-press.net\/niger\/sites\/40\/2021\/08\/img-61275e1d5f42a.jpg\",\"width\":720,\"height\":416,\"caption\":\"13\u00e8me \u00e9dition du FIMA : Les organisateurs s\u2019activent pour la r\u00e9ussite de l\u2019\u00e9v\u00e9nement\"},{\"@type\":\"BreadcrumbList\",\"@id\":\"https:\/\/www.africa-press.net\/niger\/culture-et-art\/13eme-edition-du-fima-les-organisateurs-sactivent-pour-la-reussite-de-levenement#breadcrumb\",\"itemListElement\":[{\"@type\":\"ListItem\",\"position\":1,\"name\":\"Accueil\",\"item\":\"https:\/\/www.africa-press.net\/niger\/\"},{\"@type\":\"ListItem\",\"position\":2,\"name\":\"13\u00e8me \u00e9dition du FIMA : Les organisateurs s\u2019activent pour la r\u00e9ussite de l\u2019\u00e9v\u00e9nement\"}]},{\"@type\":\"WebSite\",\"@id\":\"https:\/\/www.africa-press.net\/niger\/#website\",\"url\":\"https:\/\/www.africa-press.net\/niger\/\",\"name\":\"niger\",\"description\":\"Just another Africa News Agency Sites site\",\"potentialAction\":[{\"@type\":\"SearchAction\",\"target\":{\"@type\":\"EntryPoint\",\"urlTemplate\":\"https:\/\/www.africa-press.net\/niger\/?s={search_term_string}\"},\"query-input\":{\"@type\":\"PropertyValueSpecification\",\"valueRequired\":true,\"valueName\":\"search_term_string\"}}],\"inLanguage\":\"fr-FR\"},{\"@type\":\"Person\",\"@id\":\"https:\/\/www.africa-press.net\/niger\/#\/schema\/person\/2b1cf3cd81a31e3cd26889ca66d677f1\",\"name\":\"cfeditorfr\"}]}<\/script>\n<!-- \/ Yoast SEO Premium plugin. -->","yoast_head_json":{"title":"13\u00e8me \u00e9dition du FIMA : Les organisateurs s\u2019activent pour la r\u00e9ussite de l\u2019\u00e9v\u00e9nement - niger","description":"\ufeffEn pr\u00e9lude \u00e0 la 13\u00e8me \u00e9dition du FIMA (Festival International de la Mode en Afrique), les organisateurs ont anim\u00e9 le me ...","robots":{"index":"index","follow":"follow","max-snippet":"max-snippet:-1","max-image-preview":"max-image-preview:large","max-video-preview":"max-video-preview:-1"},"canonical":"https:\/\/www.africa-press.net\/niger\/culture-et-art\/13eme-edition-du-fima-les-organisateurs-sactivent-pour-la-reussite-de-levenement","og_locale":"fr_FR","og_type":"article","og_title":"13\u00e8me \u00e9dition du FIMA : Les organisateurs s\u2019activent pour la r\u00e9ussite de l\u2019\u00e9v\u00e9nement","og_description":"\ufeffEn pr\u00e9lude \u00e0 la 13\u00e8me \u00e9dition du FIMA (Festival International de la Mode en Afrique), les organisateurs ont anim\u00e9 le me ...","og_url":"https:\/\/www.africa-press.net\/niger\/culture-et-art\/13eme-edition-du-fima-les-organisateurs-sactivent-pour-la-reussite-de-levenement","og_site_name":"niger","article_published_time":"2021-08-26T09:57:59+00:00","article_modified_time":"2021-08-26T18:56:12+00:00","og_image":[{"width":720,"height":416,"url":"https:\/\/static.africa-press.net\/niger\/sites\/40\/2021\/08\/img-61275e1d5f42a.jpg","type":"image\/jpeg"}],"author":"cfeditorfr","twitter_card":"summary_large_image","twitter_misc":{"\u00c9crit par":"cfeditorfr","Dur\u00e9e de lecture estim\u00e9e":"3 minutes"},"schema":{"@context":"https:\/\/schema.org","@graph":[{"@type":"Article","@id":"https:\/\/www.africa-press.net\/niger\/culture-et-art\/13eme-edition-du-fima-les-organisateurs-sactivent-pour-la-reussite-de-levenement#article","isPartOf":{"@id":"https:\/\/www.africa-press.net\/niger\/culture-et-art\/13eme-edition-du-fima-les-organisateurs-sactivent-pour-la-reussite-de-levenement"},"author":{"name":"cfeditorfr","@id":"https:\/\/www.africa-press.net\/niger\/#\/schema\/person\/2b1cf3cd81a31e3cd26889ca66d677f1"},"headline":"13\u00e8me \u00e9dition du FIMA : Les organisateurs s\u2019activent pour la r\u00e9ussite de l\u2019\u00e9v\u00e9nement","datePublished":"2021-08-26T09:57:59+00:00","dateModified":"2021-08-26T18:56:12+00:00","mainEntityOfPage":{"@id":"https:\/\/www.africa-press.net\/niger\/culture-et-art\/13eme-edition-du-fima-les-organisateurs-sactivent-pour-la-reussite-de-levenement"},"wordCount":663,"commentCount":0,"image":{"@id":"https:\/\/www.africa-press.net\/niger\/culture-et-art\/13eme-edition-du-fima-les-organisateurs-sactivent-pour-la-reussite-de-levenement#primaryimage"},"thumbnailUrl":"https:\/\/static.africa-press.net\/niger\/sites\/40\/2021\/08\/img-61275e1d5f42a.jpg","keywords":["Africa Press","Africa Press-Niger","Niger"],"articleSection":["Culture et Art","homepage-french","Toutes les actualit\u00e9s"],"inLanguage":"fr-FR","potentialAction":[{"@type":"CommentAction","name":"Comment","target":["https:\/\/www.africa-press.net\/niger\/culture-et-art\/13eme-edition-du-fima-les-organisateurs-sactivent-pour-la-reussite-de-levenement#respond"]}]},{"@type":"WebPage","@id":"https:\/\/www.africa-press.net\/niger\/culture-et-art\/13eme-edition-du-fima-les-organisateurs-sactivent-pour-la-reussite-de-levenement","url":"https:\/\/www.africa-press.net\/niger\/culture-et-art\/13eme-edition-du-fima-les-organisateurs-sactivent-pour-la-reussite-de-levenement","name":"13\u00e8me \u00e9dition du FIMA : Les organisateurs s\u2019activent pour la r\u00e9ussite de l\u2019\u00e9v\u00e9nement - niger","isPartOf":{"@id":"https:\/\/www.africa-press.net\/niger\/#website"},"primaryImageOfPage":{"@id":"https:\/\/www.africa-press.net\/niger\/culture-et-art\/13eme-edition-du-fima-les-organisateurs-sactivent-pour-la-reussite-de-levenement#primaryimage"},"image":{"@id":"https:\/\/www.africa-press.net\/niger\/culture-et-art\/13eme-edition-du-fima-les-organisateurs-sactivent-pour-la-reussite-de-levenement#primaryimage"},"thumbnailUrl":"https:\/\/static.africa-press.net\/niger\/sites\/40\/2021\/08\/img-61275e1d5f42a.jpg","datePublished":"2021-08-26T09:57:59+00:00","dateModified":"2021-08-26T18:56:12+00:00","author":{"@id":"https:\/\/www.africa-press.net\/niger\/#\/schema\/person\/2b1cf3cd81a31e3cd26889ca66d677f1"},"description":"\ufeffEn pr\u00e9lude \u00e0 la 13\u00e8me \u00e9dition du FIMA (Festival International de la Mode en Afrique), les organisateurs ont anim\u00e9 le me ...","breadcrumb":{"@id":"https:\/\/www.africa-press.net\/niger\/culture-et-art\/13eme-edition-du-fima-les-organisateurs-sactivent-pour-la-reussite-de-levenement#breadcrumb"},"inLanguage":"fr-FR","potentialAction":[{"@type":"ReadAction","target":["https:\/\/www.africa-press.net\/niger\/culture-et-art\/13eme-edition-du-fima-les-organisateurs-sactivent-pour-la-reussite-de-levenement"]}]},{"@type":"ImageObject","inLanguage":"fr-FR","@id":"https:\/\/www.africa-press.net\/niger\/culture-et-art\/13eme-edition-du-fima-les-organisateurs-sactivent-pour-la-reussite-de-levenement#primaryimage","url":"https:\/\/static.africa-press.net\/niger\/sites\/40\/2021\/08\/img-61275e1d5f42a.jpg","contentUrl":"https:\/\/static.africa-press.net\/niger\/sites\/40\/2021\/08\/img-61275e1d5f42a.jpg","width":720,"height":416,"caption":"13\u00e8me \u00e9dition du FIMA : Les organisateurs s\u2019activent pour la r\u00e9ussite de l\u2019\u00e9v\u00e9nement"},{"@type":"BreadcrumbList","@id":"https:\/\/www.africa-press.net\/niger\/culture-et-art\/13eme-edition-du-fima-les-organisateurs-sactivent-pour-la-reussite-de-levenement#breadcrumb","itemListElement":[{"@type":"ListItem","position":1,"name":"Accueil","item":"https:\/\/www.africa-press.net\/niger\/"},{"@type":"ListItem","position":2,"name":"13\u00e8me \u00e9dition du FIMA : Les organisateurs s\u2019activent pour la r\u00e9ussite de l\u2019\u00e9v\u00e9nement"}]},{"@type":"WebSite","@id":"https:\/\/www.africa-press.net\/niger\/#website","url":"https:\/\/www.africa-press.net\/niger\/","name":"niger","description":"Just another Africa News Agency Sites site","potentialAction":[{"@type":"SearchAction","target":{"@type":"EntryPoint","urlTemplate":"https:\/\/www.africa-press.net\/niger\/?s={search_term_string}"},"query-input":{"@type":"PropertyValueSpecification","valueRequired":true,"valueName":"search_term_string"}}],"inLanguage":"fr-FR"},{"@type":"Person","@id":"https:\/\/www.africa-press.net\/niger\/#\/schema\/person\/2b1cf3cd81a31e3cd26889ca66d677f1","name":"cfeditorfr"}]}},"_links":{"self":[{"href":"https:\/\/www.africa-press.net\/niger\/wp-json\/wp\/v2\/posts\/10699","targetHints":{"allow":["GET"]}}],"collection":[{"href":"https:\/\/www.africa-press.net\/niger\/wp-json\/wp\/v2\/posts"}],"about":[{"href":"https:\/\/www.africa-press.net\/niger\/wp-json\/wp\/v2\/types\/post"}],"author":[{"embeddable":true,"href":"https:\/\/www.africa-press.net\/niger\/wp-json\/wp\/v2\/users\/82"}],"replies":[{"embeddable":true,"href":"https:\/\/www.africa-press.net\/niger\/wp-json\/wp\/v2\/comments?post=10699"}],"version-history":[{"count":0,"href":"https:\/\/www.africa-press.net\/niger\/wp-json\/wp\/v2\/posts\/10699\/revisions"}],"wp:featuredmedia":[{"embeddable":true,"href":"https:\/\/www.africa-press.net\/niger\/wp-json\/wp\/v2\/media\/10698"}],"wp:attachment":[{"href":"https:\/\/www.africa-press.net\/niger\/wp-json\/wp\/v2\/media?parent=10699"}],"wp:term":[{"taxonomy":"category","embeddable":true,"href":"https:\/\/www.africa-press.net\/niger\/wp-json\/wp\/v2\/categories?post=10699"},{"taxonomy":"post_tag","embeddable":true,"href":"https:\/\/www.africa-press.net\/niger\/wp-json\/wp\/v2\/tags?post=10699"}],"curies":[{"name":"wp","href":"https:\/\/api.w.org\/{rel}","templated":true}]}}